{"id":7220,"date":"2025-07-20T22:49:57","date_gmt":"2025-07-20T20:49:57","guid":{"rendered":"https:\/\/nordnesrepublikken.no\/index.php\/2025\/07\/20\/hva-som-skjedde-i-1816-og-konsekvensene\/"},"modified":"2025-07-20T22:49:58","modified_gmt":"2025-07-20T20:49:58","slug":"hva-som-skjedde-i-1816-og-konsekvensene","status":"publish","type":"post","link":"https:\/\/nordnesrepublikken.no\/index.php\/2025\/07\/20\/hva-som-skjedde-i-1816-og-konsekvensene\/","title":{"rendered":"Hva som skjedde i 1816 og konsekvensene"},"content":{"rendered":"<div>\n<div class=\"cp_wrapper cp_wrapper--fw mb-30 mb-20@tablet\">\n<figure class=\"mm\"><picture class=\"img\" style=\"padding-top:56.25%\"><source  media=\"(min-width: 1024px)\"><source  media=\"(min-width: 768px)\"><\/source><\/source><\/picture><\/figure>\n<\/p><\/div>\n<p>DE&#8217;<strong>Utbrudd av vulkanen Tambora<\/strong>i Indonesia, gjort 1816 til et &laquo;\u00e5r uten sommer&raquo; p\u00e5 grunn av de store mengdene av partikler som ble frigjort i atmosf\u00e6ren, som absorberte sollyset og fortsatte kulden selv i sommerm\u00e5nedene, spesielt p\u00e5 den boreale halvkule, hvor selv i august frosset og sn\u00f8fall skjedde i lave h\u00f8yder. De <strong>Sosiale konsekvenser<\/strong> Av disse klimatiske anomaliene var de tunge: de tok karoster, adressert for mat, migrasjoner. If\u00f8lge noen l\u00e6rde, til og med fenomener som kolonisering av USAs vest og spredningen av den f\u00f8rste <strong>kolera pandemi<\/strong> De stammer fra temperaturfallet. Disse hypotesene er ikke verifiserbare og er sannsynligvis overdrevet, men det er uaktuelt at konsekvensene av klimatiske anomalier var veldig betydelige. For \u00f8yeblikket forsto ingen \u00e5rsakene til kulden.<\/p>\n<h2>Hva skjedde f\u00f8r 1816: Utbruddet av vulkanen Tambora<\/h2>\n<p>\u00c5ret uten sommer, det vil si den klimatiske krisen som p\u00e5virket den nordlige halvkule i 1816, stammet fra utbruddet av Tambora -vulkanen, som ligger i Indonesia, p\u00e5 \u00f8ya Sumbawa. Eksplosjonen skjedde <strong>Mellom 5. og 15. april 1815<\/strong>men den erptive aktiviteten fortsatte til juli. Det var mest <strong>kraftig utbrudd som skjedde i den historiske tidsalderen<\/strong>. Vulkanen frigjorde en skremmende mengde energi, lik i henhold til noen estimater, til omtrent 33 gigatoner (dvs. to millioner ganger bomben som \u00f8dela Hiroshima, eller forskjellige titalls ganger utbruddet av Vesuvius i 1979) og frigjorde enorme mengder svovel i atmosf\u00e6ren.<\/p>\n<div class=\"cp_wrapper cp_wrapper--fw mb-50\">\n<figure class=\"mm\"><picture class=\"img\" style=\"padding-top:44.75%\"><source  media=\"(min-width: 1024px)\"><source  media=\"(min-width: 768px)\"><img decoding=\"async\" loading=\"lazy\" src=\"https:\/\/nordnesrepublikken.no\/wp-content\/uploads\/2025\/07\/1753044597_540_Hva-som-skjedde-i-1816-og-konsekvensene.jpg\" alt=\"Spredningen av asken i 1815 (kreditt meg selv via Wikimedia Commons)\" width=\"1200\" height=\"537\"><\/source><\/source><\/picture><\/figure>\n<\/p><\/div>\n<p>I Indonesia for\u00e5rsaket utbruddet enorme omveltninger: <strong>Pyroklastiske str\u00f8mmer og tsunami<\/strong> De \u00f8dela byen og landsbyene, og for\u00e5rsaket mer enn 100 000 ofre, delvis direkte og delvis for de p\u00e5f\u00f8lgende \u00f8konomiske og helsemessige konsekvenser.<\/p>\n<p>I Europa var det imidlertid ingen som la merke til utbruddet: folket p\u00e5 det gamle kontinentet slet med de &laquo;hundre dagene&raquo; i Napoleon, som hadde gjenvunnet den franske tronen, og hadde ingen anelse om at et vulkanutbrudd skjedde i en helt annen del av verden kan oppr\u00f8re deres eksistens.<\/p>\n<h2>Fordi 1816 var et \u00e5r uten sommer: klimaavvik<\/h2>\n<p>Utbruddet av Tambora gjorde at effektene hans f\u00f8lte i 1816 p\u00e5 grunn av spredning av aske i atmosf\u00e6ren. Lage <strong>Passasje av sollys<\/strong>Utbruddet for\u00e5rsaket kraftig klima -omveltning, ogs\u00e5 tilrettelagt av andre faktorer: utbruddet av andre vulkaner i tidligere \u00e5r, fortsettelsen av den lille glacialtiden, det vil si den gjennomsnittlige senking av temperaturene som begynte p\u00e5 1500 -tallet og fortsatte til midten av ninete \u00e5rhundre, og reduksjonen av solaktiviteten som skjedde mellom det sentraltet mellom solaktiviteten som skjedde mellom solaraktiviteten mellom solaktiviteten mellom solaktiviteten mellom solaktiviteten mellom solaktiviteten mellom det \u00e5 se p\u00e5 det \u00e5 stenge mellom det \u00e5 stenge, og den ninete \u00e5rhundre fortsatte mellom det \u00e5ttende \u00e5rhundre, og reduksjonen av solaktiviteten og den ninete \u00e5rhundre og den ninete \u00e5rhundre og den ninete \u00e5rhundre og den ninete \u00e5rhundre og den ninete \u00e5rhundre og den ninete \u00e5rhundre og den ninete \u00e5rhundre, og den ble redusert p\u00e5 det 15. \u00e5rhundre, og ble det som startet p\u00e5 det 16. \u00e5rhundre, og den lette. -kalt <strong>Minimum Dalton<\/strong>).<\/p>\n<p>Utbruddet av Tambora, lagt til de andre faktorene, for\u00e5rsaket <strong>Klimatiske anomalier<\/strong>. Kulden omsluttet hele den vestlige halvkule; V\u00e5ren 1816 var det kraftig regn, som for\u00e5rsaket flom av elvene, og i sommerm\u00e5nedene skjedde de <strong>frosset og sn\u00f8fall<\/strong> I Canada, i Storbritannia, i Frankrike. P\u00e5 himmelen dukket opp <strong>PulViscolo skyer<\/strong>forskjellig fra de normale. Temperaturene begynte \u00e5 spore i 1817, men noen f\u00e5 \u00e5r var n\u00f8dvendige for at klimaet skulle komme tilbake til det normale.<\/p>\n<h2><strong>De \u00f8konomiske, sosiale og kulturelle effektene<\/strong><\/h2>\n<p>Det er ikke lett \u00e5 definere <strong>\u00d8konomiske og sosiale effekter av kulden<\/strong>som absolutt var veldig viktige. Den mest umiddelbare konsekvensen var \u00f8konomisk kj\u00f8nn: <strong>Landbruksproduksjon<\/strong> redusert, og gi opphav til en <strong>hungersn\u00f8d<\/strong> som i noen land for\u00e5rsaket tusenvis og tusenvis av ofre. Prisene p\u00e5 landbruksprodukter \u00f8kte dramatisk og i forskjellige stater, inkludert Frankrike, fant de sted <strong>oppr\u00f8rt for br\u00f8d<\/strong>.<\/p>\n<div class=\"cp_wrapper cp_wrapper--fw mb-50\">\n<figure class=\"mm\"><picture class=\"img\" style=\"padding-top:46.653734238603%\"><source  media=\"(min-width: 1024px)\"><source  media=\"(min-width: 768px)\"><img decoding=\"async\" loading=\"lazy\" src=\"https:\/\/nordnesrepublikken.no\/wp-content\/uploads\/2025\/07\/Hva-som-skjedde-i-1816-og-konsekvensene.jpeg\" alt=\"Registrering p\u00e5 en vegg i Tyskland, til minne om hungersn\u00f8den\" width=\"1031\" height=\"481\" class=\"js-seedtag-img\"><\/source><\/source><\/picture><\/figure>\n<\/p><\/div>\n<p>Hungersn\u00f8den favoriserte <strong>migrasjon<\/strong>: Folk flyttet p\u00e5 jakt etter steder der de lettere kunne finne mat. I USA &#8211; som nylig hadde gjort seg uavhengige og bare okkupert den \u00f8stlige delen av det n\u00e5v\u00e6rende territoriet &#8211; s\u00f8kte noen innbyggere fruktbare land som beveget seg vestover. Derfor, if\u00f8lge noen l\u00e6rde, favoriserte \u00e5ret uten sommer starten p\u00e5 koloniseringen av territoriene i Vesten (men det er imidlertid usannsynlig at det var den eneste \u00e5rsaken).<\/p>\n<p>I f\u00f8lge noen rekonstruksjoner for\u00e5rsaket kulden ogs\u00e5 <strong>F\u00f8rste pandemi di kolera<\/strong>som skjedde i de p\u00e5f\u00f8lgende \u00e5rene, fordi det betydde at sykdommen, til stede til da bare i India, spredte seg i resten av verden. Indirekte foretok fallet i temperaturer ogs\u00e5 f\u00f8dselen av en <strong>Nye transportmidler<\/strong>. Mangelen p\u00e5 grovf\u00f4r for hester presset en tysk aristokrat, Karl Christian Ludwig Drais von Sauerbronn, for \u00e5 designe en slags <strong>Velocipede uten pedaler<\/strong>i dag vet jeg hvordan <strong>Draisin<\/strong>: Kj\u00f8ret\u00f8yet hadde ingen utbredt, men regnes som sykkelens pretesignano, f\u00f8dt noen ti\u00e5r senere.<\/p>\n<div class=\"cp_wrapper cp_wrapper--fw mb-50\">\n<figure class=\"mm\"><picture class=\"img\" style=\"padding-top:142.1875%\"><source  media=\"(min-width: 1024px)\"><source  media=\"(min-width: 768px)\"><img decoding=\"async\" loading=\"lazy\" src=\"https:\/\/nordnesrepublikken.no\/wp-content\/uploads\/2025\/07\/1753044597_914_Hva-som-skjedde-i-1816-og-konsekvensene.jpg\" alt=\"Tegning av en drasin (Wikimedia Commons)\" width=\"1024\" height=\"1456\"><\/source><\/source><\/picture><\/figure>\n<\/p><\/div>\n<p>\u00c5ret uten sommer har reist <strong>Tegn i kunst<\/strong>for eksempel i de r\u00f8de solnedgangene malt av William Turner, og til og med i litteratur. En gruppe engelske venner p\u00e5 ferie i Sveits, inkludert <strong>Mary Shelley<\/strong> Og <strong>John Polidori<\/strong>P\u00e5 grunn av kulden bestemte han seg for \u00e5 tilbringe tid hjemme og utfordre hverandre til de som hadde skrevet den mest skremmende historien. S\u00e5 noen ble f\u00f8dt <strong>Mesterverk av skrekklitteratur<\/strong>: Mary Shelley skrev &laquo;Frankenstein&raquo;, utgitt i 1818; Polidori laget &laquo;il Vampiro&raquo;, en av de f\u00f8rste historiene om moderne litteratur som inneholder denne figuren som hovedperson.<\/p>\n<div class=\"cp_wrapper  mb-50\">\n<div class=\"cbx\">\n<div class=\"cbx__collection\">\n<p>Kilder<\/p>\n<div class=\"cbx__sources\">\n<p>Brian Fagan, The Climate Revolution &#8211; Hvordan klimatiske variasjoner har p\u00e5virket historien., Milano, Sperling &#038; Kupfer, 2001, ISBN 8820031833.<\/p>\n<p>Massimo Minella, 1816 \u00c5ret uten sommer, De Ferrari, 2016<\/p>\n<p>                                                                                 William Klingaman, Nicholas Klingaman, \u00e5ret uten sommer: 1816 og vulkanen som m\u00f8rknet verden og forandret historie. St. Martin&#8217;s Press, 2013,                                                 <\/p><\/div>\n<\/p><\/div>\n<\/p><\/div>\n<\/p><\/div>\n<\/p><\/div>\n","protected":false},"excerpt":{"rendered":"<p>DE&#8217;Utbrudd av vulkanen Tamborai Indonesia, gjort 1816 til et &laquo;\u00e5r uten sommer&raquo; p\u00e5 grunn av<\/p>\n","protected":false},"author":1,"featured_media":7221,"comment_status":"closed","ping_status":"open","sticky":false,"template":"","format":"standard","meta":{"footnotes":""},"categories":[104],"tags":[144,203,325,31],"class_list":["post-7220","post","type-post","status-publish","format-standard","has-post-thumbnail","hentry","category-samfunn","tag-hva","tag-konsekvensene","tag-skjedde","tag-som","generate-columns","tablet-grid-50","mobile-grid-100","grid-parent","grid-33","resize-featured-image"],"yoast_head":"<!-- This site is optimized with the Yoast SEO plugin v24.4 - https:\/\/yoast.com\/wordpress\/plugins\/seo\/ -->\n<title>Hva som skjedde i 1816 og konsekvensene - Nordnesrepublikken<\/title>\n<meta name=\"robots\" content=\"index, follow, max-snippet:-1, max-image-preview:large, max-video-preview:-1\" \/>\n<link rel=\"canonical\" href=\"https:\/\/nordnesrepublikken.no\/index.php\/2025\/07\/20\/hva-som-skjedde-i-1816-og-konsekvensene\/\" \/>\n<meta property=\"og:locale\" content=\"nb_NO\" \/>\n<meta property=\"og:type\" content=\"article\" \/>\n<meta property=\"og:title\" content=\"Hva som skjedde i 1816 og konsekvensene - Nordnesrepublikken\" \/>\n<meta property=\"og:description\" content=\"DE&#8217;Utbrudd av vulkanen Tamborai Indonesia, gjort 1816 til et &laquo;\u00e5r uten sommer&raquo; p\u00e5 grunn av\" \/>\n<meta property=\"og:url\" content=\"https:\/\/nordnesrepublikken.no\/index.php\/2025\/07\/20\/hva-som-skjedde-i-1816-og-konsekvensene\/\" \/>\n<meta property=\"og:site_name\" content=\"Nordnesrepublikken\" \/>\n<meta property=\"article:published_time\" content=\"2025-07-20T20:49:57+00:00\" \/>\n<meta property=\"article:modified_time\" content=\"2025-07-20T20:49:58+00:00\" \/>\n<meta property=\"og:image\" content=\"https:\/\/nordnesrepublikken.no\/wp-content\/uploads\/2025\/07\/1753044598_Hva-som-skjedde-i-1816-og-konsekvensene.jpg\" \/>\n\t<meta property=\"og:image:width\" content=\"640\" \/>\n\t<meta property=\"og:image:height\" content=\"484\" \/>\n\t<meta property=\"og:image:type\" content=\"image\/jpeg\" \/>\n<meta name=\"author\" content=\"Ole Andersen\" \/>\n<meta name=\"twitter:card\" content=\"summary_large_image\" \/>\n<meta name=\"twitter:label1\" content=\"Skrevet av\" \/>\n\t<meta name=\"twitter:data1\" content=\"Ole Andersen\" \/>\n\t<meta name=\"twitter:label2\" content=\"Ansl. lesetid\" \/>\n\t<meta name=\"twitter:data2\" content=\"5 minutter\" \/>\n<script type=\"application\/ld+json\" class=\"yoast-schema-graph\">{\"@context\":\"https:\/\/schema.org\",\"@graph\":[{\"@type\":\"Article\",\"@id\":\"https:\/\/nordnesrepublikken.no\/index.php\/2025\/07\/20\/hva-som-skjedde-i-1816-og-konsekvensene\/#article\",\"isPartOf\":{\"@id\":\"https:\/\/nordnesrepublikken.no\/index.php\/2025\/07\/20\/hva-som-skjedde-i-1816-og-konsekvensene\/\"},\"author\":{\"name\":\"Ole Andersen\",\"@id\":\"https:\/\/nordnesrepublikken.no\/#\/schema\/person\/2e7e81935bab77882fffb79296240ff1\"},\"headline\":\"Hva som skjedde i 1816 og konsekvensene\",\"datePublished\":\"2025-07-20T20:49:57+00:00\",\"dateModified\":\"2025-07-20T20:49:58+00:00\",\"mainEntityOfPage\":{\"@id\":\"https:\/\/nordnesrepublikken.no\/index.php\/2025\/07\/20\/hva-som-skjedde-i-1816-og-konsekvensene\/\"},\"wordCount\":934,\"publisher\":{\"@id\":\"https:\/\/nordnesrepublikken.no\/#organization\"},\"image\":{\"@id\":\"https:\/\/nordnesrepublikken.no\/index.php\/2025\/07\/20\/hva-som-skjedde-i-1816-og-konsekvensene\/#primaryimage\"},\"thumbnailUrl\":\"https:\/\/nordnesrepublikken.no\/wp-content\/uploads\/2025\/07\/1753044598_Hva-som-skjedde-i-1816-og-konsekvensene.jpg\",\"keywords\":[\"Hva\",\"konsekvensene\",\"skjedde\",\"som\"],\"articleSection\":[\"Samfunn\"],\"inLanguage\":\"nb-NO\"},{\"@type\":\"WebPage\",\"@id\":\"https:\/\/nordnesrepublikken.no\/index.php\/2025\/07\/20\/hva-som-skjedde-i-1816-og-konsekvensene\/\",\"url\":\"https:\/\/nordnesrepublikken.no\/index.php\/2025\/07\/20\/hva-som-skjedde-i-1816-og-konsekvensene\/\",\"name\":\"Hva som skjedde i 1816 og konsekvensene - Nordnesrepublikken\",\"isPartOf\":{\"@id\":\"https:\/\/nordnesrepublikken.no\/#website\"},\"primaryImageOfPage\":{\"@id\":\"https:\/\/nordnesrepublikken.no\/index.php\/2025\/07\/20\/hva-som-skjedde-i-1816-og-konsekvensene\/#primaryimage\"},\"image\":{\"@id\":\"https:\/\/nordnesrepublikken.no\/index.php\/2025\/07\/20\/hva-som-skjedde-i-1816-og-konsekvensene\/#primaryimage\"},\"thumbnailUrl\":\"https:\/\/nordnesrepublikken.no\/wp-content\/uploads\/2025\/07\/1753044598_Hva-som-skjedde-i-1816-og-konsekvensene.jpg\",\"datePublished\":\"2025-07-20T20:49:57+00:00\",\"dateModified\":\"2025-07-20T20:49:58+00:00\",\"breadcrumb\":{\"@id\":\"https:\/\/nordnesrepublikken.no\/index.php\/2025\/07\/20\/hva-som-skjedde-i-1816-og-konsekvensene\/#breadcrumb\"},\"inLanguage\":\"nb-NO\",\"potentialAction\":[{\"@type\":\"ReadAction\",\"target\":[\"https:\/\/nordnesrepublikken.no\/index.php\/2025\/07\/20\/hva-som-skjedde-i-1816-og-konsekvensene\/\"]}]},{\"@type\":\"ImageObject\",\"inLanguage\":\"nb-NO\",\"@id\":\"https:\/\/nordnesrepublikken.no\/index.php\/2025\/07\/20\/hva-som-skjedde-i-1816-og-konsekvensene\/#primaryimage\",\"url\":\"https:\/\/nordnesrepublikken.no\/wp-content\/uploads\/2025\/07\/1753044598_Hva-som-skjedde-i-1816-og-konsekvensene.jpg\",\"contentUrl\":\"https:\/\/nordnesrepublikken.no\/wp-content\/uploads\/2025\/07\/1753044598_Hva-som-skjedde-i-1816-og-konsekvensene.jpg\",\"width\":640,\"height\":484,\"caption\":\"1816 estate\"},{\"@type\":\"BreadcrumbList\",\"@id\":\"https:\/\/nordnesrepublikken.no\/index.php\/2025\/07\/20\/hva-som-skjedde-i-1816-og-konsekvensene\/#breadcrumb\",\"itemListElement\":[{\"@type\":\"ListItem\",\"position\":1,\"name\":\"Home\",\"item\":\"https:\/\/nordnesrepublikken.no\/\"},{\"@type\":\"ListItem\",\"position\":2,\"name\":\"Hva som skjedde i 1816 og konsekvensene\"}]},{\"@type\":\"WebSite\",\"@id\":\"https:\/\/nordnesrepublikken.no\/#website\",\"url\":\"https:\/\/nordnesrepublikken.no\/\",\"name\":\"Nordnesrepublikken\",\"description\":\"Stemmer og Visjoner fra Republikkens Hjerte\",\"publisher\":{\"@id\":\"https:\/\/nordnesrepublikken.no\/#organization\"},\"potentialAction\":[{\"@type\":\"SearchAction\",\"target\":{\"@type\":\"EntryPoint\",\"urlTemplate\":\"https:\/\/nordnesrepublikken.no\/?s={search_term_string}\"},\"query-input\":{\"@type\":\"PropertyValueSpecification\",\"valueRequired\":true,\"valueName\":\"search_term_string\"}}],\"inLanguage\":\"nb-NO\"},{\"@type\":\"Organization\",\"@id\":\"https:\/\/nordnesrepublikken.no\/#organization\",\"name\":\"Nordnesrepublikken\",\"url\":\"https:\/\/nordnesrepublikken.no\/\",\"logo\":{\"@type\":\"ImageObject\",\"inLanguage\":\"nb-NO\",\"@id\":\"https:\/\/nordnesrepublikken.no\/#\/schema\/logo\/image\/\",\"url\":\"https:\/\/nordnesrepublikken.no\/wp-content\/uploads\/2025\/02\/cropped-nordnesrepublikken-2.png\",\"contentUrl\":\"https:\/\/nordnesrepublikken.no\/wp-content\/uploads\/2025\/02\/cropped-nordnesrepublikken-2.png\",\"width\":1248,\"height\":362,\"caption\":\"Nordnesrepublikken\"},\"image\":{\"@id\":\"https:\/\/nordnesrepublikken.no\/#\/schema\/logo\/image\/\"}},{\"@type\":\"Person\",\"@id\":\"https:\/\/nordnesrepublikken.no\/#\/schema\/person\/2e7e81935bab77882fffb79296240ff1\",\"name\":\"Ole Andersen\",\"image\":{\"@type\":\"ImageObject\",\"inLanguage\":\"nb-NO\",\"@id\":\"https:\/\/nordnesrepublikken.no\/#\/schema\/person\/image\/\",\"url\":\"https:\/\/nordnesrepublikken.no\/wp-content\/uploads\/2025\/02\/nordnesrepublikken-2-2-150x150.jpg\",\"contentUrl\":\"https:\/\/nordnesrepublikken.no\/wp-content\/uploads\/2025\/02\/nordnesrepublikken-2-2-150x150.jpg\",\"caption\":\"Ole Andersen\"},\"description\":\"Ettersom jeg vokste opp i Oslo, har jeg alltid v\u00e6rt fascinert av ordenes kraft og deres evne til \u00e5 skape endringer. Etter \u00e5 ha fullf\u00f8rt min utdannelse i kommunikasjon ved Universitetet i Bergen, fikk jeg muligheten til \u00e5 jobbe innen ulike medier, der jeg har s\u00f8kt \u00e5 belyse viktige samfunnssp\u00f8rsm\u00e5l. I dag, som redakt\u00f8r for Nordnesrepublikken, pr\u00f8ver jeg \u00e5 forene min kj\u00e6rlighet for journalistikk med min lidenskap for innovasjon og eventyr.\",\"sameAs\":[\"https:\/\/nordnesrepublikken.no\/\"]}]}<\/script>\n<!-- \/ Yoast SEO plugin. -->","yoast_head_json":{"title":"Hva som skjedde i 1816 og konsekvensene - Nordnesrepublikken","robots":{"index":"index","follow":"follow","max-snippet":"max-snippet:-1","max-image-preview":"max-image-preview:large","max-video-preview":"max-video-preview:-1"},"canonical":"https:\/\/nordnesrepublikken.no\/index.php\/2025\/07\/20\/hva-som-skjedde-i-1816-og-konsekvensene\/","og_locale":"nb_NO","og_type":"article","og_title":"Hva som skjedde i 1816 og konsekvensene - Nordnesrepublikken","og_description":"DE&#8217;Utbrudd av vulkanen Tamborai Indonesia, gjort 1816 til et &laquo;\u00e5r uten sommer&raquo; p\u00e5 grunn av","og_url":"https:\/\/nordnesrepublikken.no\/index.php\/2025\/07\/20\/hva-som-skjedde-i-1816-og-konsekvensene\/","og_site_name":"Nordnesrepublikken","article_published_time":"2025-07-20T20:49:57+00:00","article_modified_time":"2025-07-20T20:49:58+00:00","og_image":[{"width":640,"height":484,"url":"https:\/\/nordnesrepublikken.no\/wp-content\/uploads\/2025\/07\/1753044598_Hva-som-skjedde-i-1816-og-konsekvensene.jpg","type":"image\/jpeg"}],"author":"Ole Andersen","twitter_card":"summary_large_image","twitter_misc":{"Skrevet av":"Ole Andersen","Ansl. lesetid":"5 minutter"},"schema":{"@context":"https:\/\/schema.org","@graph":[{"@type":"Article","@id":"https:\/\/nordnesrepublikken.no\/index.php\/2025\/07\/20\/hva-som-skjedde-i-1816-og-konsekvensene\/#article","isPartOf":{"@id":"https:\/\/nordnesrepublikken.no\/index.php\/2025\/07\/20\/hva-som-skjedde-i-1816-og-konsekvensene\/"},"author":{"name":"Ole Andersen","@id":"https:\/\/nordnesrepublikken.no\/#\/schema\/person\/2e7e81935bab77882fffb79296240ff1"},"headline":"Hva som skjedde i 1816 og konsekvensene","datePublished":"2025-07-20T20:49:57+00:00","dateModified":"2025-07-20T20:49:58+00:00","mainEntityOfPage":{"@id":"https:\/\/nordnesrepublikken.no\/index.php\/2025\/07\/20\/hva-som-skjedde-i-1816-og-konsekvensene\/"},"wordCount":934,"publisher":{"@id":"https:\/\/nordnesrepublikken.no\/#organization"},"image":{"@id":"https:\/\/nordnesrepublikken.no\/index.php\/2025\/07\/20\/hva-som-skjedde-i-1816-og-konsekvensene\/#primaryimage"},"thumbnailUrl":"https:\/\/nordnesrepublikken.no\/wp-content\/uploads\/2025\/07\/1753044598_Hva-som-skjedde-i-1816-og-konsekvensene.jpg","keywords":["Hva","konsekvensene","skjedde","som"],"articleSection":["Samfunn"],"inLanguage":"nb-NO"},{"@type":"WebPage","@id":"https:\/\/nordnesrepublikken.no\/index.php\/2025\/07\/20\/hva-som-skjedde-i-1816-og-konsekvensene\/","url":"https:\/\/nordnesrepublikken.no\/index.php\/2025\/07\/20\/hva-som-skjedde-i-1816-og-konsekvensene\/","name":"Hva som skjedde i 1816 og konsekvensene - Nordnesrepublikken","isPartOf":{"@id":"https:\/\/nordnesrepublikken.no\/#website"},"primaryImageOfPage":{"@id":"https:\/\/nordnesrepublikken.no\/index.php\/2025\/07\/20\/hva-som-skjedde-i-1816-og-konsekvensene\/#primaryimage"},"image":{"@id":"https:\/\/nordnesrepublikken.no\/index.php\/2025\/07\/20\/hva-som-skjedde-i-1816-og-konsekvensene\/#primaryimage"},"thumbnailUrl":"https:\/\/nordnesrepublikken.no\/wp-content\/uploads\/2025\/07\/1753044598_Hva-som-skjedde-i-1816-og-konsekvensene.jpg","datePublished":"2025-07-20T20:49:57+00:00","dateModified":"2025-07-20T20:49:58+00:00","breadcrumb":{"@id":"https:\/\/nordnesrepublikken.no\/index.php\/2025\/07\/20\/hva-som-skjedde-i-1816-og-konsekvensene\/#breadcrumb"},"inLanguage":"nb-NO","potentialAction":[{"@type":"ReadAction","target":["https:\/\/nordnesrepublikken.no\/index.php\/2025\/07\/20\/hva-som-skjedde-i-1816-og-konsekvensene\/"]}]},{"@type":"ImageObject","inLanguage":"nb-NO","@id":"https:\/\/nordnesrepublikken.no\/index.php\/2025\/07\/20\/hva-som-skjedde-i-1816-og-konsekvensene\/#primaryimage","url":"https:\/\/nordnesrepublikken.no\/wp-content\/uploads\/2025\/07\/1753044598_Hva-som-skjedde-i-1816-og-konsekvensene.jpg","contentUrl":"https:\/\/nordnesrepublikken.no\/wp-content\/uploads\/2025\/07\/1753044598_Hva-som-skjedde-i-1816-og-konsekvensene.jpg","width":640,"height":484,"caption":"1816 estate"},{"@type":"BreadcrumbList","@id":"https:\/\/nordnesrepublikken.no\/index.php\/2025\/07\/20\/hva-som-skjedde-i-1816-og-konsekvensene\/#breadcrumb","itemListElement":[{"@type":"ListItem","position":1,"name":"Home","item":"https:\/\/nordnesrepublikken.no\/"},{"@type":"ListItem","position":2,"name":"Hva som skjedde i 1816 og konsekvensene"}]},{"@type":"WebSite","@id":"https:\/\/nordnesrepublikken.no\/#website","url":"https:\/\/nordnesrepublikken.no\/","name":"Nordnesrepublikken","description":"Stemmer og Visjoner fra Republikkens Hjerte","publisher":{"@id":"https:\/\/nordnesrepublikken.no\/#organization"},"potentialAction":[{"@type":"SearchAction","target":{"@type":"EntryPoint","urlTemplate":"https:\/\/nordnesrepublikken.no\/?s={search_term_string}"},"query-input":{"@type":"PropertyValueSpecification","valueRequired":true,"valueName":"search_term_string"}}],"inLanguage":"nb-NO"},{"@type":"Organization","@id":"https:\/\/nordnesrepublikken.no\/#organization","name":"Nordnesrepublikken","url":"https:\/\/nordnesrepublikken.no\/","logo":{"@type":"ImageObject","inLanguage":"nb-NO","@id":"https:\/\/nordnesrepublikken.no\/#\/schema\/logo\/image\/","url":"https:\/\/nordnesrepublikken.no\/wp-content\/uploads\/2025\/02\/cropped-nordnesrepublikken-2.png","contentUrl":"https:\/\/nordnesrepublikken.no\/wp-content\/uploads\/2025\/02\/cropped-nordnesrepublikken-2.png","width":1248,"height":362,"caption":"Nordnesrepublikken"},"image":{"@id":"https:\/\/nordnesrepublikken.no\/#\/schema\/logo\/image\/"}},{"@type":"Person","@id":"https:\/\/nordnesrepublikken.no\/#\/schema\/person\/2e7e81935bab77882fffb79296240ff1","name":"Ole Andersen","image":{"@type":"ImageObject","inLanguage":"nb-NO","@id":"https:\/\/nordnesrepublikken.no\/#\/schema\/person\/image\/","url":"https:\/\/nordnesrepublikken.no\/wp-content\/uploads\/2025\/02\/nordnesrepublikken-2-2-150x150.jpg","contentUrl":"https:\/\/nordnesrepublikken.no\/wp-content\/uploads\/2025\/02\/nordnesrepublikken-2-2-150x150.jpg","caption":"Ole Andersen"},"description":"Ettersom jeg vokste opp i Oslo, har jeg alltid v\u00e6rt fascinert av ordenes kraft og deres evne til \u00e5 skape endringer. Etter \u00e5 ha fullf\u00f8rt min utdannelse i kommunikasjon ved Universitetet i Bergen, fikk jeg muligheten til \u00e5 jobbe innen ulike medier, der jeg har s\u00f8kt \u00e5 belyse viktige samfunnssp\u00f8rsm\u00e5l. I dag, som redakt\u00f8r for Nordnesrepublikken, pr\u00f8ver jeg \u00e5 forene min kj\u00e6rlighet for journalistikk med min lidenskap for innovasjon og eventyr.","sameAs":["https:\/\/nordnesrepublikken.no\/"]}]}},"_links":{"self":[{"href":"https:\/\/nordnesrepublikken.no\/index.php\/wp-json\/wp\/v2\/posts\/7220","targetHints":{"allow":["GET"]}}],"collection":[{"href":"https:\/\/nordnesrepublikken.no\/index.php\/wp-json\/wp\/v2\/posts"}],"about":[{"href":"https:\/\/nordnesrepublikken.no\/index.php\/wp-json\/wp\/v2\/types\/post"}],"author":[{"embeddable":true,"href":"https:\/\/nordnesrepublikken.no\/index.php\/wp-json\/wp\/v2\/users\/1"}],"replies":[{"embeddable":true,"href":"https:\/\/nordnesrepublikken.no\/index.php\/wp-json\/wp\/v2\/comments?post=7220"}],"version-history":[{"count":1,"href":"https:\/\/nordnesrepublikken.no\/index.php\/wp-json\/wp\/v2\/posts\/7220\/revisions"}],"predecessor-version":[{"id":7222,"href":"https:\/\/nordnesrepublikken.no\/index.php\/wp-json\/wp\/v2\/posts\/7220\/revisions\/7222"}],"wp:featuredmedia":[{"embeddable":true,"href":"https:\/\/nordnesrepublikken.no\/index.php\/wp-json\/wp\/v2\/media\/7221"}],"wp:attachment":[{"href":"https:\/\/nordnesrepublikken.no\/index.php\/wp-json\/wp\/v2\/media?parent=7220"}],"wp:term":[{"taxonomy":"category","embeddable":true,"href":"https:\/\/nordnesrepublikken.no\/index.php\/wp-json\/wp\/v2\/categories?post=7220"},{"taxonomy":"post_tag","embeddable":true,"href":"https:\/\/nordnesrepublikken.no\/index.php\/wp-json\/wp\/v2\/tags?post=7220"}],"curies":[{"name":"wp","href":"https:\/\/api.w.org\/{rel}","templated":true}]}}