{"id":7217,"date":"2025-07-20T21:49:40","date_gmt":"2025-07-20T19:49:40","guid":{"rendered":"https:\/\/nordnesrepublikken.no\/index.php\/2025\/07\/20\/store-endringer-som-kommer-til-whatsapp-i-august\/"},"modified":"2025-07-20T21:49:42","modified_gmt":"2025-07-20T19:49:42","slug":"store-endringer-som-kommer-til-whatsapp-i-august","status":"publish","type":"post","link":"https:\/\/nordnesrepublikken.no\/index.php\/2025\/07\/20\/store-endringer-som-kommer-til-whatsapp-i-august\/","title":{"rendered":"Store endringer som kommer til WhatsApp i august"},"content":{"rendered":"<p><\/p>\n<div class=\"wordpress-content\">\n                    <!-- Article Start --><\/p>\n<p><strong>Hvis du trodde WhatsApp var gjort med overraskelser, tenk p\u00e5 nytt. Metas meldingsgigant er klar for en ny runde med oppdateringer i august, og som vanlig handler det ikke bare om feilrettinger &#8211; det er en rekke virkelig nyttige nye funksjoner i r\u00f8rledningen.<\/strong><\/p>\n<p>Takket v\u00e6re teamet p\u00e5 Wabetainfo og de \u00f8rn\u00f8yde betatestere, har vi hatt et sniktitt p\u00e5 hva som er i ferd med \u00e5 slippe p\u00e5 telefonen din.<\/p>\n<h2>En jevnere m\u00e5te \u00e5 dele: skanne, sende og statusoppdateringer<\/h2>\n<p>En av de mest praktiske tilleggene er en ny m\u00e5te \u00e5 dele dokumenter p\u00e5. Til n\u00e5 betydde det \u00e5 dele et dokument enten \u00e5 laste det ned til enheten din og feste det manuelt eller knipse et bilde og sende det fra galleriet ditt. F\u00f8rstnevnte er perfekt hvis du har store filer (opptil 2 GB), men begge alternativene er litt av en faff. I august finner du et tredje valg: bare skann dokumentet ditt rett fra WhatsApp og ping det som en PDF. Ikke mer stokking mellom apper, ikke flere fotosonier-det er s\u00e5 n\u00e6rt problemfritt som du f\u00e5r.<\/p>\n<div class=\"sra_unit\"><link rel=\"stylesheet\" id=\"block-sra\" href=\"https:\/\/euroweeklynews.com\/wp-content\/plugins\/snack-related-articles\/dist\/css\/snack-related.min.css?250312-193541\" type=\"text\/css\" media=\"all\">\n<\/div>\n<p>Men oppdateringen handler ikke bare om arbeid. \u00c5 dele sommer -snaps blir ogs\u00e5 lettere. Snart vil du kunne legge ut et bilde eller en video direkte til WhatsApp -status fra kamerarullen, uten de ekstra trinnene. Enten det er en solfylt strand-selfie eller et gruppeskudd i siste \u00f8yeblikk, kan du n\u00e5 f\u00e5 det opp for alle kontaktene dine \u00e5 se-komplett med vanlige redigeringer, emojier og doodles, selvf\u00f8lgelig.<\/p>\n<h2>AI ber\u00f8rer ned: Smartere bakgrunnsbilder og samtalestartere<\/h2>\n<p>Metas AI -verkt\u00f8y kommer endelig til iPhone -brukere og henter sine Android -kolleger. Hvis du har lyst p\u00e5 en endring av natur for chatsene dine, vil du snart finne muligheten til \u00e5 generere et tilpasset tapet med Meta AI, rett fra tema -menyen p\u00e5 iOS. Systemet vil tilby foresl\u00e5tte design, men du kan ogs\u00e5 gi din egen sp\u00f8rsm\u00e5l om \u00e5 skape noe unikt &#8211; ideelt hvis du er lei av standardbakgrunnen.<\/p>\n<p>Dessuten er Meta i ferd med \u00e5 gi deg en hjelpende h\u00e5nd med samtalestartere. Hvis du noen gang har \u00e5pnet en prat med Meta AI og ikke kjent hva du skal si, er du ikke alene. N\u00e5 vil WhatsApp tilby noen f\u00e5 milde nudges med auto-suggestions, og hjelper deg \u00e5 bryte isen og pr\u00f8ve ut chatbot-funksjonene. Ikke bekymre deg, sp\u00f8rsm\u00e5lene vil fortsette \u00e5 endre seg, s\u00e5 ting blir aldri foreldet.<\/p>\n<h2>Gruppechatter, hjelp og levende aktivitet: Alle f\u00e5r en oppgradering<\/h2>\n<p>Gruppechatter er satt til en praktisk finjustering. P\u00e5 Android (versjon 2.25.20.17) forbedrer WhatsApp skriveindikatoren, s\u00e5 du vil faktisk se hvor mange som skriver n\u00e5r som helst. I stedet for bare ett navn, vil du f\u00e5 et antall aktive gruppemedlemmer &#8211; noe som b\u00f8r gj\u00f8re de hektiske gruppechatter litt mindre mystiske.<\/p>\n<p>P\u00e5 iOS er det \u00e5 f\u00e5 hjelp til \u00e5 bli mye enklere. Til n\u00e5 var \u00e5 finne st\u00f8tte litt av en labyrint, men snart kan du starte en prat med WhatsApps supportteam rett fra appens hjelpesenter. I stedet for \u00e5 skrive ut problemet ditt for \u00e5 f\u00e5 ballen til \u00e5 rulle, vil samtalen n\u00e5 begynne automatisk, noe som gj\u00f8r det mye lettere \u00e5 f\u00e5 hjelp uten \u00e5 forklare alt fra bunnen av.<\/p>\n<p><!--StartFragment --><\/p>\n<h2 class=\"pf0\"><span class=\"cf0\">Whatsapp august 2025: Hvorfor de siste endringene er en stor sak<\/span><\/h2>\n<p><!--EndFragment --><\/p>\n<p>Hva er poenget med alle disse justeringene? Kort sagt, Meta gj\u00f8r WhatsApp raskere, smartere og mer intuitivt-enten du skanner et arbeidsdokument, oppdaterer statusen din eller pr\u00f8ver ut det siste innen AI-drevet personalisering. Og med enklere tilgang til st\u00f8tte og tydeligere gruppeaktivitet, er hele opplevelsen innstilt p\u00e5 \u00e5 f\u00f8les mer koblet og \u00e6rlig talt, litt mindre stressende.<\/p>\n<p>F\u00f8lg med p\u00e5 oppdateringene dine i august &#8211; disse endringene ruller ut snart, og de kan bare f\u00e5 dine daglige WhatsApp -chatter til \u00e5 f\u00f8les friskere enn noen gang.<\/p>\n<p>                    <!-- Article End -->\n                <\/div>\n","protected":false},"excerpt":{"rendered":"<p>Hvis du trodde WhatsApp var gjort med overraskelser, tenk p\u00e5 nytt. Metas meldingsgigant er klar<\/p>\n","protected":false},"author":1,"featured_media":7218,"comment_status":"closed","ping_status":"open","sticky":false,"template":"","format":"standard","meta":{"footnotes":""},"categories":[105],"tags":[1335,785,1046,31,1045,117,899],"class_list":["post-7217","post","type-post","status-publish","format-standard","has-post-thumbnail","hentry","category-livsstil","tag-august","tag-endringer","tag-kommer","tag-som","tag-store","tag-til","tag-whatsapp","generate-columns","tablet-grid-50","mobile-grid-100","grid-parent","grid-33","resize-featured-image"],"yoast_head":"<!-- This site is optimized with the Yoast SEO plugin v24.4 - https:\/\/yoast.com\/wordpress\/plugins\/seo\/ -->\n<title>Store endringer som kommer til WhatsApp i august - Nordnesrepublikken<\/title>\n<meta name=\"robots\" content=\"index, follow, max-snippet:-1, max-image-preview:large, max-video-preview:-1\" \/>\n<link rel=\"canonical\" href=\"https:\/\/nordnesrepublikken.no\/index.php\/2025\/07\/20\/store-endringer-som-kommer-til-whatsapp-i-august\/\" \/>\n<meta property=\"og:locale\" content=\"nb_NO\" \/>\n<meta property=\"og:type\" content=\"article\" \/>\n<meta property=\"og:title\" content=\"Store endringer som kommer til WhatsApp i august - Nordnesrepublikken\" \/>\n<meta property=\"og:description\" content=\"Hvis du trodde WhatsApp var gjort med overraskelser, tenk p\u00e5 nytt. Metas meldingsgigant er klar\" \/>\n<meta property=\"og:url\" content=\"https:\/\/nordnesrepublikken.no\/index.php\/2025\/07\/20\/store-endringer-som-kommer-til-whatsapp-i-august\/\" \/>\n<meta property=\"og:site_name\" content=\"Nordnesrepublikken\" \/>\n<meta property=\"article:published_time\" content=\"2025-07-20T19:49:40+00:00\" \/>\n<meta property=\"article:modified_time\" content=\"2025-07-20T19:49:42+00:00\" \/>\n<meta property=\"og:image\" content=\"https:\/\/nordnesrepublikken.no\/wp-content\/uploads\/2025\/07\/1753040981_Store-endringer-som-kommer-til-WhatsApp-i-august.jpg\" \/>\n\t<meta property=\"og:image:width\" content=\"1200\" \/>\n\t<meta property=\"og:image:height\" content=\"800\" \/>\n\t<meta property=\"og:image:type\" content=\"image\/jpeg\" \/>\n<meta name=\"author\" content=\"Ole Andersen\" \/>\n<meta name=\"twitter:card\" content=\"summary_large_image\" \/>\n<meta name=\"twitter:label1\" content=\"Skrevet av\" \/>\n\t<meta name=\"twitter:data1\" content=\"Ole Andersen\" \/>\n\t<meta name=\"twitter:label2\" content=\"Ansl. lesetid\" \/>\n\t<meta name=\"twitter:data2\" content=\"3 minutter\" \/>\n<script type=\"application\/ld+json\" class=\"yoast-schema-graph\">{\"@context\":\"https:\/\/schema.org\",\"@graph\":[{\"@type\":\"Article\",\"@id\":\"https:\/\/nordnesrepublikken.no\/index.php\/2025\/07\/20\/store-endringer-som-kommer-til-whatsapp-i-august\/#article\",\"isPartOf\":{\"@id\":\"https:\/\/nordnesrepublikken.no\/index.php\/2025\/07\/20\/store-endringer-som-kommer-til-whatsapp-i-august\/\"},\"author\":{\"name\":\"Ole Andersen\",\"@id\":\"https:\/\/nordnesrepublikken.no\/#\/schema\/person\/2e7e81935bab77882fffb79296240ff1\"},\"headline\":\"Store endringer som kommer til WhatsApp i august\",\"datePublished\":\"2025-07-20T19:49:40+00:00\",\"dateModified\":\"2025-07-20T19:49:42+00:00\",\"mainEntityOfPage\":{\"@id\":\"https:\/\/nordnesrepublikken.no\/index.php\/2025\/07\/20\/store-endringer-som-kommer-til-whatsapp-i-august\/\"},\"wordCount\":630,\"publisher\":{\"@id\":\"https:\/\/nordnesrepublikken.no\/#organization\"},\"image\":{\"@id\":\"https:\/\/nordnesrepublikken.no\/index.php\/2025\/07\/20\/store-endringer-som-kommer-til-whatsapp-i-august\/#primaryimage\"},\"thumbnailUrl\":\"https:\/\/nordnesrepublikken.no\/wp-content\/uploads\/2025\/07\/1753040981_Store-endringer-som-kommer-til-WhatsApp-i-august.jpg\",\"keywords\":[\"august\",\"endringer\",\"kommer\",\"som\",\"Store\",\"til\",\"WhatsApp\"],\"articleSection\":[\"Livsstil\"],\"inLanguage\":\"nb-NO\"},{\"@type\":\"WebPage\",\"@id\":\"https:\/\/nordnesrepublikken.no\/index.php\/2025\/07\/20\/store-endringer-som-kommer-til-whatsapp-i-august\/\",\"url\":\"https:\/\/nordnesrepublikken.no\/index.php\/2025\/07\/20\/store-endringer-som-kommer-til-whatsapp-i-august\/\",\"name\":\"Store endringer som kommer til WhatsApp i august - Nordnesrepublikken\",\"isPartOf\":{\"@id\":\"https:\/\/nordnesrepublikken.no\/#website\"},\"primaryImageOfPage\":{\"@id\":\"https:\/\/nordnesrepublikken.no\/index.php\/2025\/07\/20\/store-endringer-som-kommer-til-whatsapp-i-august\/#primaryimage\"},\"image\":{\"@id\":\"https:\/\/nordnesrepublikken.no\/index.php\/2025\/07\/20\/store-endringer-som-kommer-til-whatsapp-i-august\/#primaryimage\"},\"thumbnailUrl\":\"https:\/\/nordnesrepublikken.no\/wp-content\/uploads\/2025\/07\/1753040981_Store-endringer-som-kommer-til-WhatsApp-i-august.jpg\",\"datePublished\":\"2025-07-20T19:49:40+00:00\",\"dateModified\":\"2025-07-20T19:49:42+00:00\",\"breadcrumb\":{\"@id\":\"https:\/\/nordnesrepublikken.no\/index.php\/2025\/07\/20\/store-endringer-som-kommer-til-whatsapp-i-august\/#breadcrumb\"},\"inLanguage\":\"nb-NO\",\"potentialAction\":[{\"@type\":\"ReadAction\",\"target\":[\"https:\/\/nordnesrepublikken.no\/index.php\/2025\/07\/20\/store-endringer-som-kommer-til-whatsapp-i-august\/\"]}]},{\"@type\":\"ImageObject\",\"inLanguage\":\"nb-NO\",\"@id\":\"https:\/\/nordnesrepublikken.no\/index.php\/2025\/07\/20\/store-endringer-som-kommer-til-whatsapp-i-august\/#primaryimage\",\"url\":\"https:\/\/nordnesrepublikken.no\/wp-content\/uploads\/2025\/07\/1753040981_Store-endringer-som-kommer-til-WhatsApp-i-august.jpg\",\"contentUrl\":\"https:\/\/nordnesrepublikken.no\/wp-content\/uploads\/2025\/07\/1753040981_Store-endringer-som-kommer-til-WhatsApp-i-august.jpg\",\"width\":1200,\"height\":800,\"caption\":\"Store endringer som kommer til WhatsApp i august\"},{\"@type\":\"BreadcrumbList\",\"@id\":\"https:\/\/nordnesrepublikken.no\/index.php\/2025\/07\/20\/store-endringer-som-kommer-til-whatsapp-i-august\/#breadcrumb\",\"itemListElement\":[{\"@type\":\"ListItem\",\"position\":1,\"name\":\"Home\",\"item\":\"https:\/\/nordnesrepublikken.no\/\"},{\"@type\":\"ListItem\",\"position\":2,\"name\":\"Store endringer som kommer til WhatsApp i august\"}]},{\"@type\":\"WebSite\",\"@id\":\"https:\/\/nordnesrepublikken.no\/#website\",\"url\":\"https:\/\/nordnesrepublikken.no\/\",\"name\":\"Nordnesrepublikken\",\"description\":\"Stemmer og Visjoner fra Republikkens Hjerte\",\"publisher\":{\"@id\":\"https:\/\/nordnesrepublikken.no\/#organization\"},\"potentialAction\":[{\"@type\":\"SearchAction\",\"target\":{\"@type\":\"EntryPoint\",\"urlTemplate\":\"https:\/\/nordnesrepublikken.no\/?s={search_term_string}\"},\"query-input\":{\"@type\":\"PropertyValueSpecification\",\"valueRequired\":true,\"valueName\":\"search_term_string\"}}],\"inLanguage\":\"nb-NO\"},{\"@type\":\"Organization\",\"@id\":\"https:\/\/nordnesrepublikken.no\/#organization\",\"name\":\"Nordnesrepublikken\",\"url\":\"https:\/\/nordnesrepublikken.no\/\",\"logo\":{\"@type\":\"ImageObject\",\"inLanguage\":\"nb-NO\",\"@id\":\"https:\/\/nordnesrepublikken.no\/#\/schema\/logo\/image\/\",\"url\":\"https:\/\/nordnesrepublikken.no\/wp-content\/uploads\/2025\/02\/cropped-nordnesrepublikken-2.png\",\"contentUrl\":\"https:\/\/nordnesrepublikken.no\/wp-content\/uploads\/2025\/02\/cropped-nordnesrepublikken-2.png\",\"width\":1248,\"height\":362,\"caption\":\"Nordnesrepublikken\"},\"image\":{\"@id\":\"https:\/\/nordnesrepublikken.no\/#\/schema\/logo\/image\/\"}},{\"@type\":\"Person\",\"@id\":\"https:\/\/nordnesrepublikken.no\/#\/schema\/person\/2e7e81935bab77882fffb79296240ff1\",\"name\":\"Ole Andersen\",\"image\":{\"@type\":\"ImageObject\",\"inLanguage\":\"nb-NO\",\"@id\":\"https:\/\/nordnesrepublikken.no\/#\/schema\/person\/image\/\",\"url\":\"https:\/\/nordnesrepublikken.no\/wp-content\/uploads\/2025\/02\/nordnesrepublikken-2-2-150x150.jpg\",\"contentUrl\":\"https:\/\/nordnesrepublikken.no\/wp-content\/uploads\/2025\/02\/nordnesrepublikken-2-2-150x150.jpg\",\"caption\":\"Ole Andersen\"},\"description\":\"Ettersom jeg vokste opp i Oslo, har jeg alltid v\u00e6rt fascinert av ordenes kraft og deres evne til \u00e5 skape endringer. Etter \u00e5 ha fullf\u00f8rt min utdannelse i kommunikasjon ved Universitetet i Bergen, fikk jeg muligheten til \u00e5 jobbe innen ulike medier, der jeg har s\u00f8kt \u00e5 belyse viktige samfunnssp\u00f8rsm\u00e5l. I dag, som redakt\u00f8r for Nordnesrepublikken, pr\u00f8ver jeg \u00e5 forene min kj\u00e6rlighet for journalistikk med min lidenskap for innovasjon og eventyr.\",\"sameAs\":[\"https:\/\/nordnesrepublikken.no\/\"]}]}<\/script>\n<!-- \/ Yoast SEO plugin. -->","yoast_head_json":{"title":"Store endringer som kommer til WhatsApp i august - Nordnesrepublikken","robots":{"index":"index","follow":"follow","max-snippet":"max-snippet:-1","max-image-preview":"max-image-preview:large","max-video-preview":"max-video-preview:-1"},"canonical":"https:\/\/nordnesrepublikken.no\/index.php\/2025\/07\/20\/store-endringer-som-kommer-til-whatsapp-i-august\/","og_locale":"nb_NO","og_type":"article","og_title":"Store endringer som kommer til WhatsApp i august - Nordnesrepublikken","og_description":"Hvis du trodde WhatsApp var gjort med overraskelser, tenk p\u00e5 nytt. Metas meldingsgigant er klar","og_url":"https:\/\/nordnesrepublikken.no\/index.php\/2025\/07\/20\/store-endringer-som-kommer-til-whatsapp-i-august\/","og_site_name":"Nordnesrepublikken","article_published_time":"2025-07-20T19:49:40+00:00","article_modified_time":"2025-07-20T19:49:42+00:00","og_image":[{"width":1200,"height":800,"url":"https:\/\/nordnesrepublikken.no\/wp-content\/uploads\/2025\/07\/1753040981_Store-endringer-som-kommer-til-WhatsApp-i-august.jpg","type":"image\/jpeg"}],"author":"Ole Andersen","twitter_card":"summary_large_image","twitter_misc":{"Skrevet av":"Ole Andersen","Ansl. lesetid":"3 minutter"},"schema":{"@context":"https:\/\/schema.org","@graph":[{"@type":"Article","@id":"https:\/\/nordnesrepublikken.no\/index.php\/2025\/07\/20\/store-endringer-som-kommer-til-whatsapp-i-august\/#article","isPartOf":{"@id":"https:\/\/nordnesrepublikken.no\/index.php\/2025\/07\/20\/store-endringer-som-kommer-til-whatsapp-i-august\/"},"author":{"name":"Ole Andersen","@id":"https:\/\/nordnesrepublikken.no\/#\/schema\/person\/2e7e81935bab77882fffb79296240ff1"},"headline":"Store endringer som kommer til WhatsApp i august","datePublished":"2025-07-20T19:49:40+00:00","dateModified":"2025-07-20T19:49:42+00:00","mainEntityOfPage":{"@id":"https:\/\/nordnesrepublikken.no\/index.php\/2025\/07\/20\/store-endringer-som-kommer-til-whatsapp-i-august\/"},"wordCount":630,"publisher":{"@id":"https:\/\/nordnesrepublikken.no\/#organization"},"image":{"@id":"https:\/\/nordnesrepublikken.no\/index.php\/2025\/07\/20\/store-endringer-som-kommer-til-whatsapp-i-august\/#primaryimage"},"thumbnailUrl":"https:\/\/nordnesrepublikken.no\/wp-content\/uploads\/2025\/07\/1753040981_Store-endringer-som-kommer-til-WhatsApp-i-august.jpg","keywords":["august","endringer","kommer","som","Store","til","WhatsApp"],"articleSection":["Livsstil"],"inLanguage":"nb-NO"},{"@type":"WebPage","@id":"https:\/\/nordnesrepublikken.no\/index.php\/2025\/07\/20\/store-endringer-som-kommer-til-whatsapp-i-august\/","url":"https:\/\/nordnesrepublikken.no\/index.php\/2025\/07\/20\/store-endringer-som-kommer-til-whatsapp-i-august\/","name":"Store endringer som kommer til WhatsApp i august - Nordnesrepublikken","isPartOf":{"@id":"https:\/\/nordnesrepublikken.no\/#website"},"primaryImageOfPage":{"@id":"https:\/\/nordnesrepublikken.no\/index.php\/2025\/07\/20\/store-endringer-som-kommer-til-whatsapp-i-august\/#primaryimage"},"image":{"@id":"https:\/\/nordnesrepublikken.no\/index.php\/2025\/07\/20\/store-endringer-som-kommer-til-whatsapp-i-august\/#primaryimage"},"thumbnailUrl":"https:\/\/nordnesrepublikken.no\/wp-content\/uploads\/2025\/07\/1753040981_Store-endringer-som-kommer-til-WhatsApp-i-august.jpg","datePublished":"2025-07-20T19:49:40+00:00","dateModified":"2025-07-20T19:49:42+00:00","breadcrumb":{"@id":"https:\/\/nordnesrepublikken.no\/index.php\/2025\/07\/20\/store-endringer-som-kommer-til-whatsapp-i-august\/#breadcrumb"},"inLanguage":"nb-NO","potentialAction":[{"@type":"ReadAction","target":["https:\/\/nordnesrepublikken.no\/index.php\/2025\/07\/20\/store-endringer-som-kommer-til-whatsapp-i-august\/"]}]},{"@type":"ImageObject","inLanguage":"nb-NO","@id":"https:\/\/nordnesrepublikken.no\/index.php\/2025\/07\/20\/store-endringer-som-kommer-til-whatsapp-i-august\/#primaryimage","url":"https:\/\/nordnesrepublikken.no\/wp-content\/uploads\/2025\/07\/1753040981_Store-endringer-som-kommer-til-WhatsApp-i-august.jpg","contentUrl":"https:\/\/nordnesrepublikken.no\/wp-content\/uploads\/2025\/07\/1753040981_Store-endringer-som-kommer-til-WhatsApp-i-august.jpg","width":1200,"height":800,"caption":"Store endringer som kommer til WhatsApp i august"},{"@type":"BreadcrumbList","@id":"https:\/\/nordnesrepublikken.no\/index.php\/2025\/07\/20\/store-endringer-som-kommer-til-whatsapp-i-august\/#breadcrumb","itemListElement":[{"@type":"ListItem","position":1,"name":"Home","item":"https:\/\/nordnesrepublikken.no\/"},{"@type":"ListItem","position":2,"name":"Store endringer som kommer til WhatsApp i august"}]},{"@type":"WebSite","@id":"https:\/\/nordnesrepublikken.no\/#website","url":"https:\/\/nordnesrepublikken.no\/","name":"Nordnesrepublikken","description":"Stemmer og Visjoner fra Republikkens Hjerte","publisher":{"@id":"https:\/\/nordnesrepublikken.no\/#organization"},"potentialAction":[{"@type":"SearchAction","target":{"@type":"EntryPoint","urlTemplate":"https:\/\/nordnesrepublikken.no\/?s={search_term_string}"},"query-input":{"@type":"PropertyValueSpecification","valueRequired":true,"valueName":"search_term_string"}}],"inLanguage":"nb-NO"},{"@type":"Organization","@id":"https:\/\/nordnesrepublikken.no\/#organization","name":"Nordnesrepublikken","url":"https:\/\/nordnesrepublikken.no\/","logo":{"@type":"ImageObject","inLanguage":"nb-NO","@id":"https:\/\/nordnesrepublikken.no\/#\/schema\/logo\/image\/","url":"https:\/\/nordnesrepublikken.no\/wp-content\/uploads\/2025\/02\/cropped-nordnesrepublikken-2.png","contentUrl":"https:\/\/nordnesrepublikken.no\/wp-content\/uploads\/2025\/02\/cropped-nordnesrepublikken-2.png","width":1248,"height":362,"caption":"Nordnesrepublikken"},"image":{"@id":"https:\/\/nordnesrepublikken.no\/#\/schema\/logo\/image\/"}},{"@type":"Person","@id":"https:\/\/nordnesrepublikken.no\/#\/schema\/person\/2e7e81935bab77882fffb79296240ff1","name":"Ole Andersen","image":{"@type":"ImageObject","inLanguage":"nb-NO","@id":"https:\/\/nordnesrepublikken.no\/#\/schema\/person\/image\/","url":"https:\/\/nordnesrepublikken.no\/wp-content\/uploads\/2025\/02\/nordnesrepublikken-2-2-150x150.jpg","contentUrl":"https:\/\/nordnesrepublikken.no\/wp-content\/uploads\/2025\/02\/nordnesrepublikken-2-2-150x150.jpg","caption":"Ole Andersen"},"description":"Ettersom jeg vokste opp i Oslo, har jeg alltid v\u00e6rt fascinert av ordenes kraft og deres evne til \u00e5 skape endringer. Etter \u00e5 ha fullf\u00f8rt min utdannelse i kommunikasjon ved Universitetet i Bergen, fikk jeg muligheten til \u00e5 jobbe innen ulike medier, der jeg har s\u00f8kt \u00e5 belyse viktige samfunnssp\u00f8rsm\u00e5l. I dag, som redakt\u00f8r for Nordnesrepublikken, pr\u00f8ver jeg \u00e5 forene min kj\u00e6rlighet for journalistikk med min lidenskap for innovasjon og eventyr.","sameAs":["https:\/\/nordnesrepublikken.no\/"]}]}},"_links":{"self":[{"href":"https:\/\/nordnesrepublikken.no\/index.php\/wp-json\/wp\/v2\/posts\/7217","targetHints":{"allow":["GET"]}}],"collection":[{"href":"https:\/\/nordnesrepublikken.no\/index.php\/wp-json\/wp\/v2\/posts"}],"about":[{"href":"https:\/\/nordnesrepublikken.no\/index.php\/wp-json\/wp\/v2\/types\/post"}],"author":[{"embeddable":true,"href":"https:\/\/nordnesrepublikken.no\/index.php\/wp-json\/wp\/v2\/users\/1"}],"replies":[{"embeddable":true,"href":"https:\/\/nordnesrepublikken.no\/index.php\/wp-json\/wp\/v2\/comments?post=7217"}],"version-history":[{"count":1,"href":"https:\/\/nordnesrepublikken.no\/index.php\/wp-json\/wp\/v2\/posts\/7217\/revisions"}],"predecessor-version":[{"id":7219,"href":"https:\/\/nordnesrepublikken.no\/index.php\/wp-json\/wp\/v2\/posts\/7217\/revisions\/7219"}],"wp:featuredmedia":[{"embeddable":true,"href":"https:\/\/nordnesrepublikken.no\/index.php\/wp-json\/wp\/v2\/media\/7218"}],"wp:attachment":[{"href":"https:\/\/nordnesrepublikken.no\/index.php\/wp-json\/wp\/v2\/media?parent=7217"}],"wp:term":[{"taxonomy":"category","embeddable":true,"href":"https:\/\/nordnesrepublikken.no\/index.php\/wp-json\/wp\/v2\/categories?post=7217"},{"taxonomy":"post_tag","embeddable":true,"href":"https:\/\/nordnesrepublikken.no\/index.php\/wp-json\/wp\/v2\/tags?post=7217"}],"curies":[{"name":"wp","href":"https:\/\/api.w.org\/{rel}","templated":true}]}}