{"id":7214,"date":"2025-07-20T19:49:32","date_gmt":"2025-07-20T17:49:32","guid":{"rendered":"https:\/\/nordnesrepublikken.no\/index.php\/2025\/07\/20\/castle-of-neuschwanstein-historien-til-ludovico-ii-fairytale-refuge-of-bayern\/"},"modified":"2025-07-20T19:49:34","modified_gmt":"2025-07-20T17:49:34","slug":"castle-of-neuschwanstein-historien-til-ludovico-ii-fairytale-refuge-of-bayern","status":"publish","type":"post","link":"https:\/\/nordnesrepublikken.no\/index.php\/2025\/07\/20\/castle-of-neuschwanstein-historien-til-ludovico-ii-fairytale-refuge-of-bayern\/","title":{"rendered":"Castle of Neuschwanstein, historien til Ludovico II Fairytale Refuge of Bayern"},"content":{"rendered":"<div>\n<div class=\"cp_wrapper cp_wrapper--fw mb-30 mb-20@tablet\">\n<figure class=\"mm\"><picture class=\"img\" style=\"padding-top:56.25%\"><source  media=\"(min-width: 1024px)\"><source  media=\"(min-width: 768px)\"><\/source><\/source><\/picture><\/figure>\n<\/p><\/div>\n<p>De <strong>Neuschwanstein Castle<\/strong>ligger ved foten av <strong>Bavariske alper<\/strong>i Tyskland, er en av de mest ikoniske og suggererende bygningene i verden, kjent for sin <strong>eventyrstruktur<\/strong>. Han ble bygget mellom 1869 og 1886 etter anledning av kong Ludovico II av Bayern, og gjenspeiler kj\u00e6rligheten til monarken til middelalderske legender og verkene til <strong>Richard Wagner<\/strong>. Selv om det ble unnfanget som <strong>Personlig tilflukt<\/strong>ble aldri fullf\u00f8rt, men ble en av Tysklands viktigste turistattraksjoner, og inspirerte ogs\u00e5 til det ber\u00f8mte slottet <strong>Disney<\/strong>.<\/p>\n<p>Castle of Neuschwanstein (som p\u00e5 italiensk betyr &laquo;New Swan Stone&raquo;) kan bare vekke <strong>lure<\/strong> Hos de som observerer det. Med ethvert lys og i enhver sesong er effekten nettopp den av et postkort: den hvite sentrale kroppen og de mange t\u00e5rnene som lener seg p\u00e5 den, bokstavelig talt dukker opp fra en steinete spur omgitt av kl\u00f8fter og m\u00f8rke skoger, if\u00f8lge en estetikk som overlater lite til sjansen.<br \/>Avhengig av observat\u00f8rens synspunkt, kan de dyrkede feltene og speilene til vann som f\u00f8lger en sided i horisonten i en pastoral ramme verdig et nittende \u00e5rhundre lerret eller de suggererende alpine unders\u00f8kelsene.<\/p>\n<div class=\"cp_wrapper cp_wrapper--fw mb-50\">\n<figure class=\"mm\"><picture class=\"img\" style=\"padding-top:66.666666666667%\"><source  media=\"(min-width: 1024px)\"><source  media=\"(min-width: 768px)\"><img decoding=\"async\" loading=\"lazy\" src=\"https:\/\/nordnesrepublikken.no\/wp-content\/uploads\/2025\/07\/1753033772_793_Castle-of-Neuschwanstein-historien-til-Ludovico-II-Fairytale-Refuge-of.jpg\" alt=\"Neuschwanstein Castle\" width=\"1254\" height=\"836\"><\/source><\/source><\/picture><\/figure>\n<\/p><\/div>\n<p>Konstruksjonen av slottet begynte i 1869 p\u00e5 initiativet til kongen <strong>Ludovico II av Bayern<\/strong>ogs\u00e5 kjent som &laquo;The Crazy King&raquo; eller &laquo;The King of Fairy Tales&raquo;. Ludovico II, som d\u00f8de f\u00f8r han s\u00e5 det ferdige slottet, var en kulturell og reservert monark, ikke veldig interessert i politikk og mye mer tiltrukket av kunst, musikk og middelalderske myter. Spesielt elsket han de germanske legendene, verkene til den tyske komponisten <strong>Richard<\/strong> <strong>Wagner<\/strong> Og ideen om en romantisk dimensjon som d\u00e5rlig forsonet seg med dens institusjonelle forpliktelser. Faktisk ble Neuschwanstein designet for \u00e5 v\u00e6re den personlige tilflukten til Ludovico II, et sted hvor du kan isolere seg fra verden og flykte fra hverdagen i hverdagen og offisielle forpliktelser i rettslivet. Navnet i seg selv, &laquo;Neuschwanstein&raquo;, betyr &laquo;New Swan Rocca&raquo;, i hyllest til symbolet p\u00e5 <strong>Svan<\/strong>gjentagende element i Wagners verk og koblet til naboens territorielle identitet <strong>County of<\/strong> <strong>Schwangau<\/strong>Bokstavelig talt &laquo;Swan County&raquo;.<\/p>\n<div class=\"cp_wrapper cp_wrapper--fw mb-50\">\n<figure class=\"mm\"><picture class=\"img\" style=\"padding-top:52.418096723869%\"><source  media=\"(min-width: 1024px)\"><source  media=\"(min-width: 768px)\"><img decoding=\"async\" loading=\"lazy\" src=\"https:\/\/nordnesrepublikken.no\/wp-content\/uploads\/2025\/07\/1753033772_241_Castle-of-Neuschwanstein-historien-til-Ludovico-II-Fairytale-Refuge-of.jpg\" alt=\"Ludovico II\" width=\"641\" height=\"336\" class=\"js-seedtag-img\"><\/source><\/source><\/picture><\/figure>\n<\/p><\/div>\n<p>Selv om det h\u00f8yt refererer til den middelalderske fantasien, m\u00e5 vi minne oss p\u00e5 at Neuschwanstein Castle er et verk p\u00e5 1800 -tallet, derfor laget med bruk av heller teknikker og teknologier <strong>moderne<\/strong>som for eksempel et sentralt varmluftvarmesystem og elektriske klokker for \u00e5 ringe innenlandske og tjenere.<br \/>P\u00e5 innsiden er hvert rom en hyllest til Wagners legender og verk. Tronrommet, aldri fullf\u00f8rt, er dekorert med <strong>grunner<\/strong> <strong>Bysantin<\/strong>; Sala dei cantori husker <strong>Saga del Grail<\/strong> Og tre karakterer vises tilbakevendende: dikteren Tannh\u00e4user, Swan Knight Lohengrin og hans far, kongen av Grail Parsifal. Elementet av <strong>Svan<\/strong> Han befinner seg i mange bilder av slottet og er et symbol p\u00e5 renhet s\u00e5 vel som faktisk av Schwangau County.<\/p>\n<p>Til tross for ambisjonene og enorme investeringene fra Ludovico II, slottet<strong> det kom ikke fullf\u00f8rt<\/strong>Ato f\u00f8r <strong>d\u00f8d<\/strong> Av monarken, som fant sted under mystiske omstendigheter i 1886, selv i dag, er det ikke klart om Ludovico II virkelig hadde alvorlige psykologiske lidelser eller bare var offer for en verden som ikke forsto, og som p\u00e5 sin side ikke forsto hans synspunkt. If\u00f8lge noen var Ludovico helt ute av kontroll og ikke i stand til \u00e5 styre kongeriket riktig, if\u00f8lge andre pr\u00f8vde han ganske enkelt \u00e5 leve i sin verden av fantasi og ridderlige legender.<\/p>\n<p>Siden 1886 har derfor Neuschwanstein Castle v\u00e6rt \u00e5pen for publikum og har blitt bes\u00f8kt av rundt 60 millioner mennesker. Dette stedet, opprinnelig designet som et tilfluktssted, ble dermed en av de mest bes\u00f8kte turistm\u00e5lene i Tyskland, med mange hundretusener av bes\u00f8kende per \u00e5r. Over tid har det blitt et ekte ikon, til og med fascinerende <strong>Walt<\/strong> <strong>Disney<\/strong>som var inspirert av det for slottene til de mange verkene.<\/p>\n<\/p><\/div>\n","protected":false},"excerpt":{"rendered":"<p>De Neuschwanstein Castleligger ved foten av Bavariske alperi Tyskland, er en av de mest ikoniske<\/p>\n","protected":false},"author":1,"featured_media":7215,"comment_status":"closed","ping_status":"open","sticky":false,"template":"","format":"standard","meta":{"footnotes":""},"categories":[26],"tags":[4700,4695,4698,521,4697,4696,4699,117],"class_list":["post-7214","post","type-post","status-publish","format-standard","has-post-thumbnail","hentry","category-miljo","tag-bayern","tag-castle","tag-fairytale","tag-historien","tag-ludovico","tag-neuschwanstein","tag-refuge","tag-til","generate-columns","tablet-grid-50","mobile-grid-100","grid-parent","grid-33","resize-featured-image"],"yoast_head":"<!-- This site is optimized with the Yoast SEO plugin v24.4 - https:\/\/yoast.com\/wordpress\/plugins\/seo\/ -->\n<title>Castle of Neuschwanstein, historien til Ludovico II Fairytale Refuge of Bayern - Nordnesrepublikken<\/title>\n<meta name=\"robots\" content=\"index, follow, max-snippet:-1, max-image-preview:large, max-video-preview:-1\" \/>\n<link rel=\"canonical\" href=\"https:\/\/nordnesrepublikken.no\/index.php\/2025\/07\/20\/castle-of-neuschwanstein-historien-til-ludovico-ii-fairytale-refuge-of-bayern\/\" \/>\n<meta property=\"og:locale\" content=\"nb_NO\" \/>\n<meta property=\"og:type\" content=\"article\" \/>\n<meta property=\"og:title\" content=\"Castle of Neuschwanstein, historien til Ludovico II Fairytale Refuge of Bayern - Nordnesrepublikken\" \/>\n<meta property=\"og:description\" content=\"De Neuschwanstein Castleligger ved foten av Bavariske alperi Tyskland, er en av de mest ikoniske\" \/>\n<meta property=\"og:url\" content=\"https:\/\/nordnesrepublikken.no\/index.php\/2025\/07\/20\/castle-of-neuschwanstein-historien-til-ludovico-ii-fairytale-refuge-of-bayern\/\" \/>\n<meta property=\"og:site_name\" content=\"Nordnesrepublikken\" \/>\n<meta property=\"article:published_time\" content=\"2025-07-20T17:49:32+00:00\" \/>\n<meta property=\"article:modified_time\" content=\"2025-07-20T17:49:34+00:00\" \/>\n<meta property=\"og:image\" content=\"https:\/\/nordnesrepublikken.no\/wp-content\/uploads\/2025\/07\/1753033773_Castle-of-Neuschwanstein-historien-til-Ludovico-II-Fairytale-Refuge-of.jpg\" \/>\n\t<meta property=\"og:image:width\" content=\"1254\" \/>\n\t<meta property=\"og:image:height\" content=\"836\" \/>\n\t<meta property=\"og:image:type\" content=\"image\/jpeg\" \/>\n<meta name=\"author\" content=\"Ole Andersen\" \/>\n<meta name=\"twitter:card\" content=\"summary_large_image\" \/>\n<meta name=\"twitter:label1\" content=\"Skrevet av\" \/>\n\t<meta name=\"twitter:data1\" content=\"Ole Andersen\" \/>\n\t<meta name=\"twitter:label2\" content=\"Ansl. lesetid\" \/>\n\t<meta name=\"twitter:data2\" content=\"3 minutter\" \/>\n<script type=\"application\/ld+json\" class=\"yoast-schema-graph\">{\"@context\":\"https:\/\/schema.org\",\"@graph\":[{\"@type\":\"Article\",\"@id\":\"https:\/\/nordnesrepublikken.no\/index.php\/2025\/07\/20\/castle-of-neuschwanstein-historien-til-ludovico-ii-fairytale-refuge-of-bayern\/#article\",\"isPartOf\":{\"@id\":\"https:\/\/nordnesrepublikken.no\/index.php\/2025\/07\/20\/castle-of-neuschwanstein-historien-til-ludovico-ii-fairytale-refuge-of-bayern\/\"},\"author\":{\"name\":\"Ole Andersen\",\"@id\":\"https:\/\/nordnesrepublikken.no\/#\/schema\/person\/2e7e81935bab77882fffb79296240ff1\"},\"headline\":\"Castle of Neuschwanstein, historien til Ludovico II Fairytale Refuge of Bayern\",\"datePublished\":\"2025-07-20T17:49:32+00:00\",\"dateModified\":\"2025-07-20T17:49:34+00:00\",\"mainEntityOfPage\":{\"@id\":\"https:\/\/nordnesrepublikken.no\/index.php\/2025\/07\/20\/castle-of-neuschwanstein-historien-til-ludovico-ii-fairytale-refuge-of-bayern\/\"},\"wordCount\":628,\"publisher\":{\"@id\":\"https:\/\/nordnesrepublikken.no\/#organization\"},\"image\":{\"@id\":\"https:\/\/nordnesrepublikken.no\/index.php\/2025\/07\/20\/castle-of-neuschwanstein-historien-til-ludovico-ii-fairytale-refuge-of-bayern\/#primaryimage\"},\"thumbnailUrl\":\"https:\/\/nordnesrepublikken.no\/wp-content\/uploads\/2025\/07\/1753033773_Castle-of-Neuschwanstein-historien-til-Ludovico-II-Fairytale-Refuge-of.jpg\",\"keywords\":[\"Bayern\",\"Castle\",\"Fairytale\",\"Historien\",\"Ludovico\",\"Neuschwanstein\",\"Refuge\",\"til\"],\"articleSection\":[\"Milj\u00f8\"],\"inLanguage\":\"nb-NO\"},{\"@type\":\"WebPage\",\"@id\":\"https:\/\/nordnesrepublikken.no\/index.php\/2025\/07\/20\/castle-of-neuschwanstein-historien-til-ludovico-ii-fairytale-refuge-of-bayern\/\",\"url\":\"https:\/\/nordnesrepublikken.no\/index.php\/2025\/07\/20\/castle-of-neuschwanstein-historien-til-ludovico-ii-fairytale-refuge-of-bayern\/\",\"name\":\"Castle of Neuschwanstein, historien til Ludovico II Fairytale Refuge of Bayern - Nordnesrepublikken\",\"isPartOf\":{\"@id\":\"https:\/\/nordnesrepublikken.no\/#website\"},\"primaryImageOfPage\":{\"@id\":\"https:\/\/nordnesrepublikken.no\/index.php\/2025\/07\/20\/castle-of-neuschwanstein-historien-til-ludovico-ii-fairytale-refuge-of-bayern\/#primaryimage\"},\"image\":{\"@id\":\"https:\/\/nordnesrepublikken.no\/index.php\/2025\/07\/20\/castle-of-neuschwanstein-historien-til-ludovico-ii-fairytale-refuge-of-bayern\/#primaryimage\"},\"thumbnailUrl\":\"https:\/\/nordnesrepublikken.no\/wp-content\/uploads\/2025\/07\/1753033773_Castle-of-Neuschwanstein-historien-til-Ludovico-II-Fairytale-Refuge-of.jpg\",\"datePublished\":\"2025-07-20T17:49:32+00:00\",\"dateModified\":\"2025-07-20T17:49:34+00:00\",\"breadcrumb\":{\"@id\":\"https:\/\/nordnesrepublikken.no\/index.php\/2025\/07\/20\/castle-of-neuschwanstein-historien-til-ludovico-ii-fairytale-refuge-of-bayern\/#breadcrumb\"},\"inLanguage\":\"nb-NO\",\"potentialAction\":[{\"@type\":\"ReadAction\",\"target\":[\"https:\/\/nordnesrepublikken.no\/index.php\/2025\/07\/20\/castle-of-neuschwanstein-historien-til-ludovico-ii-fairytale-refuge-of-bayern\/\"]}]},{\"@type\":\"ImageObject\",\"inLanguage\":\"nb-NO\",\"@id\":\"https:\/\/nordnesrepublikken.no\/index.php\/2025\/07\/20\/castle-of-neuschwanstein-historien-til-ludovico-ii-fairytale-refuge-of-bayern\/#primaryimage\",\"url\":\"https:\/\/nordnesrepublikken.no\/wp-content\/uploads\/2025\/07\/1753033773_Castle-of-Neuschwanstein-historien-til-Ludovico-II-Fairytale-Refuge-of.jpg\",\"contentUrl\":\"https:\/\/nordnesrepublikken.no\/wp-content\/uploads\/2025\/07\/1753033773_Castle-of-Neuschwanstein-historien-til-Ludovico-II-Fairytale-Refuge-of.jpg\",\"width\":1254,\"height\":836,\"caption\":\"Il Castello di Neuschwanstein in Germania.\"},{\"@type\":\"BreadcrumbList\",\"@id\":\"https:\/\/nordnesrepublikken.no\/index.php\/2025\/07\/20\/castle-of-neuschwanstein-historien-til-ludovico-ii-fairytale-refuge-of-bayern\/#breadcrumb\",\"itemListElement\":[{\"@type\":\"ListItem\",\"position\":1,\"name\":\"Home\",\"item\":\"https:\/\/nordnesrepublikken.no\/\"},{\"@type\":\"ListItem\",\"position\":2,\"name\":\"Castle of Neuschwanstein, historien til Ludovico II Fairytale Refuge of Bayern\"}]},{\"@type\":\"WebSite\",\"@id\":\"https:\/\/nordnesrepublikken.no\/#website\",\"url\":\"https:\/\/nordnesrepublikken.no\/\",\"name\":\"Nordnesrepublikken\",\"description\":\"Stemmer og Visjoner fra Republikkens Hjerte\",\"publisher\":{\"@id\":\"https:\/\/nordnesrepublikken.no\/#organization\"},\"potentialAction\":[{\"@type\":\"SearchAction\",\"target\":{\"@type\":\"EntryPoint\",\"urlTemplate\":\"https:\/\/nordnesrepublikken.no\/?s={search_term_string}\"},\"query-input\":{\"@type\":\"PropertyValueSpecification\",\"valueRequired\":true,\"valueName\":\"search_term_string\"}}],\"inLanguage\":\"nb-NO\"},{\"@type\":\"Organization\",\"@id\":\"https:\/\/nordnesrepublikken.no\/#organization\",\"name\":\"Nordnesrepublikken\",\"url\":\"https:\/\/nordnesrepublikken.no\/\",\"logo\":{\"@type\":\"ImageObject\",\"inLanguage\":\"nb-NO\",\"@id\":\"https:\/\/nordnesrepublikken.no\/#\/schema\/logo\/image\/\",\"url\":\"https:\/\/nordnesrepublikken.no\/wp-content\/uploads\/2025\/02\/cropped-nordnesrepublikken-2.png\",\"contentUrl\":\"https:\/\/nordnesrepublikken.no\/wp-content\/uploads\/2025\/02\/cropped-nordnesrepublikken-2.png\",\"width\":1248,\"height\":362,\"caption\":\"Nordnesrepublikken\"},\"image\":{\"@id\":\"https:\/\/nordnesrepublikken.no\/#\/schema\/logo\/image\/\"}},{\"@type\":\"Person\",\"@id\":\"https:\/\/nordnesrepublikken.no\/#\/schema\/person\/2e7e81935bab77882fffb79296240ff1\",\"name\":\"Ole Andersen\",\"image\":{\"@type\":\"ImageObject\",\"inLanguage\":\"nb-NO\",\"@id\":\"https:\/\/nordnesrepublikken.no\/#\/schema\/person\/image\/\",\"url\":\"https:\/\/nordnesrepublikken.no\/wp-content\/uploads\/2025\/02\/nordnesrepublikken-2-2-150x150.jpg\",\"contentUrl\":\"https:\/\/nordnesrepublikken.no\/wp-content\/uploads\/2025\/02\/nordnesrepublikken-2-2-150x150.jpg\",\"caption\":\"Ole Andersen\"},\"description\":\"Ettersom jeg vokste opp i Oslo, har jeg alltid v\u00e6rt fascinert av ordenes kraft og deres evne til \u00e5 skape endringer. Etter \u00e5 ha fullf\u00f8rt min utdannelse i kommunikasjon ved Universitetet i Bergen, fikk jeg muligheten til \u00e5 jobbe innen ulike medier, der jeg har s\u00f8kt \u00e5 belyse viktige samfunnssp\u00f8rsm\u00e5l. I dag, som redakt\u00f8r for Nordnesrepublikken, pr\u00f8ver jeg \u00e5 forene min kj\u00e6rlighet for journalistikk med min lidenskap for innovasjon og eventyr.\",\"sameAs\":[\"https:\/\/nordnesrepublikken.no\/\"]}]}<\/script>\n<!-- \/ Yoast SEO plugin. -->","yoast_head_json":{"title":"Castle of Neuschwanstein, historien til Ludovico II Fairytale Refuge of Bayern - Nordnesrepublikken","robots":{"index":"index","follow":"follow","max-snippet":"max-snippet:-1","max-image-preview":"max-image-preview:large","max-video-preview":"max-video-preview:-1"},"canonical":"https:\/\/nordnesrepublikken.no\/index.php\/2025\/07\/20\/castle-of-neuschwanstein-historien-til-ludovico-ii-fairytale-refuge-of-bayern\/","og_locale":"nb_NO","og_type":"article","og_title":"Castle of Neuschwanstein, historien til Ludovico II Fairytale Refuge of Bayern - Nordnesrepublikken","og_description":"De Neuschwanstein Castleligger ved foten av Bavariske alperi Tyskland, er en av de mest ikoniske","og_url":"https:\/\/nordnesrepublikken.no\/index.php\/2025\/07\/20\/castle-of-neuschwanstein-historien-til-ludovico-ii-fairytale-refuge-of-bayern\/","og_site_name":"Nordnesrepublikken","article_published_time":"2025-07-20T17:49:32+00:00","article_modified_time":"2025-07-20T17:49:34+00:00","og_image":[{"width":1254,"height":836,"url":"https:\/\/nordnesrepublikken.no\/wp-content\/uploads\/2025\/07\/1753033773_Castle-of-Neuschwanstein-historien-til-Ludovico-II-Fairytale-Refuge-of.jpg","type":"image\/jpeg"}],"author":"Ole Andersen","twitter_card":"summary_large_image","twitter_misc":{"Skrevet av":"Ole Andersen","Ansl. lesetid":"3 minutter"},"schema":{"@context":"https:\/\/schema.org","@graph":[{"@type":"Article","@id":"https:\/\/nordnesrepublikken.no\/index.php\/2025\/07\/20\/castle-of-neuschwanstein-historien-til-ludovico-ii-fairytale-refuge-of-bayern\/#article","isPartOf":{"@id":"https:\/\/nordnesrepublikken.no\/index.php\/2025\/07\/20\/castle-of-neuschwanstein-historien-til-ludovico-ii-fairytale-refuge-of-bayern\/"},"author":{"name":"Ole Andersen","@id":"https:\/\/nordnesrepublikken.no\/#\/schema\/person\/2e7e81935bab77882fffb79296240ff1"},"headline":"Castle of Neuschwanstein, historien til Ludovico II Fairytale Refuge of Bayern","datePublished":"2025-07-20T17:49:32+00:00","dateModified":"2025-07-20T17:49:34+00:00","mainEntityOfPage":{"@id":"https:\/\/nordnesrepublikken.no\/index.php\/2025\/07\/20\/castle-of-neuschwanstein-historien-til-ludovico-ii-fairytale-refuge-of-bayern\/"},"wordCount":628,"publisher":{"@id":"https:\/\/nordnesrepublikken.no\/#organization"},"image":{"@id":"https:\/\/nordnesrepublikken.no\/index.php\/2025\/07\/20\/castle-of-neuschwanstein-historien-til-ludovico-ii-fairytale-refuge-of-bayern\/#primaryimage"},"thumbnailUrl":"https:\/\/nordnesrepublikken.no\/wp-content\/uploads\/2025\/07\/1753033773_Castle-of-Neuschwanstein-historien-til-Ludovico-II-Fairytale-Refuge-of.jpg","keywords":["Bayern","Castle","Fairytale","Historien","Ludovico","Neuschwanstein","Refuge","til"],"articleSection":["Milj\u00f8"],"inLanguage":"nb-NO"},{"@type":"WebPage","@id":"https:\/\/nordnesrepublikken.no\/index.php\/2025\/07\/20\/castle-of-neuschwanstein-historien-til-ludovico-ii-fairytale-refuge-of-bayern\/","url":"https:\/\/nordnesrepublikken.no\/index.php\/2025\/07\/20\/castle-of-neuschwanstein-historien-til-ludovico-ii-fairytale-refuge-of-bayern\/","name":"Castle of Neuschwanstein, historien til Ludovico II Fairytale Refuge of Bayern - Nordnesrepublikken","isPartOf":{"@id":"https:\/\/nordnesrepublikken.no\/#website"},"primaryImageOfPage":{"@id":"https:\/\/nordnesrepublikken.no\/index.php\/2025\/07\/20\/castle-of-neuschwanstein-historien-til-ludovico-ii-fairytale-refuge-of-bayern\/#primaryimage"},"image":{"@id":"https:\/\/nordnesrepublikken.no\/index.php\/2025\/07\/20\/castle-of-neuschwanstein-historien-til-ludovico-ii-fairytale-refuge-of-bayern\/#primaryimage"},"thumbnailUrl":"https:\/\/nordnesrepublikken.no\/wp-content\/uploads\/2025\/07\/1753033773_Castle-of-Neuschwanstein-historien-til-Ludovico-II-Fairytale-Refuge-of.jpg","datePublished":"2025-07-20T17:49:32+00:00","dateModified":"2025-07-20T17:49:34+00:00","breadcrumb":{"@id":"https:\/\/nordnesrepublikken.no\/index.php\/2025\/07\/20\/castle-of-neuschwanstein-historien-til-ludovico-ii-fairytale-refuge-of-bayern\/#breadcrumb"},"inLanguage":"nb-NO","potentialAction":[{"@type":"ReadAction","target":["https:\/\/nordnesrepublikken.no\/index.php\/2025\/07\/20\/castle-of-neuschwanstein-historien-til-ludovico-ii-fairytale-refuge-of-bayern\/"]}]},{"@type":"ImageObject","inLanguage":"nb-NO","@id":"https:\/\/nordnesrepublikken.no\/index.php\/2025\/07\/20\/castle-of-neuschwanstein-historien-til-ludovico-ii-fairytale-refuge-of-bayern\/#primaryimage","url":"https:\/\/nordnesrepublikken.no\/wp-content\/uploads\/2025\/07\/1753033773_Castle-of-Neuschwanstein-historien-til-Ludovico-II-Fairytale-Refuge-of.jpg","contentUrl":"https:\/\/nordnesrepublikken.no\/wp-content\/uploads\/2025\/07\/1753033773_Castle-of-Neuschwanstein-historien-til-Ludovico-II-Fairytale-Refuge-of.jpg","width":1254,"height":836,"caption":"Il Castello di Neuschwanstein in Germania."},{"@type":"BreadcrumbList","@id":"https:\/\/nordnesrepublikken.no\/index.php\/2025\/07\/20\/castle-of-neuschwanstein-historien-til-ludovico-ii-fairytale-refuge-of-bayern\/#breadcrumb","itemListElement":[{"@type":"ListItem","position":1,"name":"Home","item":"https:\/\/nordnesrepublikken.no\/"},{"@type":"ListItem","position":2,"name":"Castle of Neuschwanstein, historien til Ludovico II Fairytale Refuge of Bayern"}]},{"@type":"WebSite","@id":"https:\/\/nordnesrepublikken.no\/#website","url":"https:\/\/nordnesrepublikken.no\/","name":"Nordnesrepublikken","description":"Stemmer og Visjoner fra Republikkens Hjerte","publisher":{"@id":"https:\/\/nordnesrepublikken.no\/#organization"},"potentialAction":[{"@type":"SearchAction","target":{"@type":"EntryPoint","urlTemplate":"https:\/\/nordnesrepublikken.no\/?s={search_term_string}"},"query-input":{"@type":"PropertyValueSpecification","valueRequired":true,"valueName":"search_term_string"}}],"inLanguage":"nb-NO"},{"@type":"Organization","@id":"https:\/\/nordnesrepublikken.no\/#organization","name":"Nordnesrepublikken","url":"https:\/\/nordnesrepublikken.no\/","logo":{"@type":"ImageObject","inLanguage":"nb-NO","@id":"https:\/\/nordnesrepublikken.no\/#\/schema\/logo\/image\/","url":"https:\/\/nordnesrepublikken.no\/wp-content\/uploads\/2025\/02\/cropped-nordnesrepublikken-2.png","contentUrl":"https:\/\/nordnesrepublikken.no\/wp-content\/uploads\/2025\/02\/cropped-nordnesrepublikken-2.png","width":1248,"height":362,"caption":"Nordnesrepublikken"},"image":{"@id":"https:\/\/nordnesrepublikken.no\/#\/schema\/logo\/image\/"}},{"@type":"Person","@id":"https:\/\/nordnesrepublikken.no\/#\/schema\/person\/2e7e81935bab77882fffb79296240ff1","name":"Ole Andersen","image":{"@type":"ImageObject","inLanguage":"nb-NO","@id":"https:\/\/nordnesrepublikken.no\/#\/schema\/person\/image\/","url":"https:\/\/nordnesrepublikken.no\/wp-content\/uploads\/2025\/02\/nordnesrepublikken-2-2-150x150.jpg","contentUrl":"https:\/\/nordnesrepublikken.no\/wp-content\/uploads\/2025\/02\/nordnesrepublikken-2-2-150x150.jpg","caption":"Ole Andersen"},"description":"Ettersom jeg vokste opp i Oslo, har jeg alltid v\u00e6rt fascinert av ordenes kraft og deres evne til \u00e5 skape endringer. Etter \u00e5 ha fullf\u00f8rt min utdannelse i kommunikasjon ved Universitetet i Bergen, fikk jeg muligheten til \u00e5 jobbe innen ulike medier, der jeg har s\u00f8kt \u00e5 belyse viktige samfunnssp\u00f8rsm\u00e5l. I dag, som redakt\u00f8r for Nordnesrepublikken, pr\u00f8ver jeg \u00e5 forene min kj\u00e6rlighet for journalistikk med min lidenskap for innovasjon og eventyr.","sameAs":["https:\/\/nordnesrepublikken.no\/"]}]}},"_links":{"self":[{"href":"https:\/\/nordnesrepublikken.no\/index.php\/wp-json\/wp\/v2\/posts\/7214","targetHints":{"allow":["GET"]}}],"collection":[{"href":"https:\/\/nordnesrepublikken.no\/index.php\/wp-json\/wp\/v2\/posts"}],"about":[{"href":"https:\/\/nordnesrepublikken.no\/index.php\/wp-json\/wp\/v2\/types\/post"}],"author":[{"embeddable":true,"href":"https:\/\/nordnesrepublikken.no\/index.php\/wp-json\/wp\/v2\/users\/1"}],"replies":[{"embeddable":true,"href":"https:\/\/nordnesrepublikken.no\/index.php\/wp-json\/wp\/v2\/comments?post=7214"}],"version-history":[{"count":1,"href":"https:\/\/nordnesrepublikken.no\/index.php\/wp-json\/wp\/v2\/posts\/7214\/revisions"}],"predecessor-version":[{"id":7216,"href":"https:\/\/nordnesrepublikken.no\/index.php\/wp-json\/wp\/v2\/posts\/7214\/revisions\/7216"}],"wp:featuredmedia":[{"embeddable":true,"href":"https:\/\/nordnesrepublikken.no\/index.php\/wp-json\/wp\/v2\/media\/7215"}],"wp:attachment":[{"href":"https:\/\/nordnesrepublikken.no\/index.php\/wp-json\/wp\/v2\/media?parent=7214"}],"wp:term":[{"taxonomy":"category","embeddable":true,"href":"https:\/\/nordnesrepublikken.no\/index.php\/wp-json\/wp\/v2\/categories?post=7214"},{"taxonomy":"post_tag","embeddable":true,"href":"https:\/\/nordnesrepublikken.no\/index.php\/wp-json\/wp\/v2\/tags?post=7214"}],"curies":[{"name":"wp","href":"https:\/\/api.w.org\/{rel}","templated":true}]}}