{"id":7202,"date":"2025-07-20T11:49:36","date_gmt":"2025-07-20T09:49:36","guid":{"rendered":"https:\/\/nordnesrepublikken.no\/index.php\/2025\/07\/20\/kan-vi-se-dens-fotavtrykk-fra-jorden-ja-men-ikke-med-hjem-teleskoper\/"},"modified":"2025-07-20T11:49:55","modified_gmt":"2025-07-20T09:49:55","slug":"kan-vi-se-dens-fotavtrykk-fra-jorden-ja-men-ikke-med-hjem-teleskoper","status":"publish","type":"post","link":"https:\/\/nordnesrepublikken.no\/index.php\/2025\/07\/20\/kan-vi-se-dens-fotavtrykk-fra-jorden-ja-men-ikke-med-hjem-teleskoper\/","title":{"rendered":"Kan vi se dens fotavtrykk fra jorden? Ja, men ikke med &laquo;hjem&raquo; -teleskoper"},"content":{"rendered":"<div>\n<div class=\"cp_wrapper cp_wrapper--fw mb-30 mb-20@tablet\">\n<figure class=\"mm\"><picture class=\"img\" style=\"padding-top:56.25%\"><source  media=\"(min-width: 1024px)\"><source  media=\"(min-width: 768px)\"><\/source><\/source><\/picture><\/figure>\n<\/p><\/div>\n<p>De <strong>20. juli 1969<\/strong> Det amerikanske mannskapet til<strong>Apollo 11<\/strong> <strong>Han landet p\u00e5 m\u00e5nen:<\/strong> Et historisk \u00f8yeblikk som fremdeles i dag blir avh\u00f8rt av utallige <strong>Konspirasjonsteorier<\/strong>. Heldigvis lar arten av satellitten din deg holde <strong>Spor av menneskelig landinger og verkt\u00f8y<\/strong> p\u00e5 overflaten, med utgangspunkt i <strong>F\u00f8rste menneskelige objekt<\/strong> \u00c5 ber\u00f8re jorda, den russiske sonden <strong>Moon-2<\/strong>.<\/p>\n<p>En av de viktigste sporene ved disse landingene er nevnt i episode 23 av den tredje sesongen av <strong>Big Bang Theory,<\/strong> Den ber\u00f8mte TV -serien som f\u00f8lger en gruppe nerdvenner. Replikere et eksperiment som er i stand til \u00e5 m\u00e5le m\u00e5nestasjonsavstanden (en gjennomsnittlig avstand p\u00e5 384.400 km), hovedpersonene Point<strong> En laser mot bestemte speil<\/strong> Plassert rett i anledning den f\u00f8rste vingen. De <strong>Retur av signalet<\/strong> det er videre <strong>bevis p\u00e5 tilstedev\u00e6relsen av menneskelige gjenstander p\u00e5 m\u00e5nen<\/strong>. Dessverre er det imidlertid ikke mulig \u00e5 gj\u00f8re det med &laquo;hjemme&raquo; -verkt\u00f8y, men det trengs spesifikke laser og instrumenter som ogs\u00e5 n\u00e5r 3,5 meter! Er det andre m\u00e5ter \u00e5 &laquo;se&raquo; sporene til landingene p\u00e5 m\u00e5nen? Ja, for eksempel, takket v\u00e6re satellitter i bane, kan vi se tegnene til roveren p\u00e5 m\u00e5njorda.<\/p>\n<h2>Landingen av Apollo 11 og Retriatorectors<\/h2>\n<p>Apollo 11 -oppdraget brakte to menn til m\u00e5nens overflate, <strong>Neil Armstrong<\/strong> Og <strong>Buzz Aldrin<\/strong>ansvarlig for <strong>Samle pr\u00f8ver av m\u00e5njord<\/strong> \u00e5 bli brakt tilbake til jorden. Oppdraget deres besto ogs\u00e5 av <strong>Sett inn noen ryggreflektorer<\/strong>spesielle speil (ordnet som de indre veggene i hj\u00f8rnet av en kube, deretter med <strong>3 reflekterende overflater ved 90 \u00b0<\/strong>) i stand til<strong> Send ulykke lys nettopp i avgangsretningen<\/strong>.<\/p>\n<div class=\"cp_wrapper cp_wrapper--fw mb-50\">\n<figure class=\"mm\"><picture class=\"img\" style=\"padding-top:102.49759846302%\"><source  media=\"(min-width: 1024px)\"><source  media=\"(min-width: 768px)\"><img decoding=\"async\" loading=\"lazy\" src=\"https:\/\/nordnesrepublikken.no\/wp-content\/uploads\/2025\/07\/1753004975_45_Kan-vi-se-dens-fotavtrykk-fra-jorden-Ja-men-ikke.jpg\" alt=\"Bilde\" width=\"1041\" height=\"1067\"><\/source><\/source><\/picture><\/figure>\n<\/p><\/div>\n<p>\u00c5 vite lysets hastighet, gjennom<strong>Bruk av laser<\/strong> Og av disse speilene kan du faktisk <strong>M\u00e5l m\u00e5nelengdeavstanden <\/strong>og dens variasjoner i bane: den f\u00f8rste laserimpulsen som n\u00e5dde speilene ble lansert av <strong>Lick Observatory i California 1. august 1969<\/strong>to uker etter vingen, e<strong> Det ble oppdaget etter omtrent 2,5 sekunder<\/strong>tillater \u00e5 m\u00e5le avstanden som ble tilbakelagt av impulsen: <strong>384.400 km,<\/strong> Med en presisjon p\u00e5 +\/- 25 cm.<\/p>\n<p>Med <strong>Moderne laseromr\u00e5det teknologier<\/strong>presisjonen til tiltaket er for \u00f8yeblikket <strong>omtrent 0,1 mm<\/strong>og takket v\u00e6re eksperimentene som fortsatt var i gang, var det mulig \u00e5 beregne at m\u00e5nen sakte beveger seg bort fra jorden.<\/p>\n<p>De som er igjen av Apollo-oppdraget, er ikke de eneste retroreporterne: <strong>Sovjetunionen sendte ogs\u00e5 sonder med speil<\/strong> lignende, som i tilfelle av <strong>Lunokhod 1<\/strong>og mer nylig en<strong> Indian Mission (Chandrayaan-3)<\/strong> Han landet p\u00e5 m\u00e5nen med samme m\u00e5l.<\/p>\n<h2>Hvor vanskelig er det \u00e5 identifisere ryggreflektorer?<\/h2>\n<p>Men det er virkelig mulig \u00e5 treffe disse speilene med en &laquo;b\u00e6rbar&raquo; laser fra taket i ditt eget hjem, som vist i episoden av <strong>Big Bang Theory<\/strong>? Svaret er, forutsigbart, <strong>Ingen<\/strong>.<\/p>\n<p>Moderne laserteleskoper som vanligvis brukes til disse eksperimentene, for eksempel Apache Point Observatory i New Mexico (USA) har <strong>str\u00e5ler<\/strong> <strong>p\u00e5 3,5 meter eller mer<\/strong>for \u00e5 fange retursignalet. De<strong> interferens <\/strong>til stede i atmosf\u00e6ren, faktisk, <strong>&laquo;Widen&raquo; laserbunten <\/strong>sendt med teleskoper opp til omtrent 1,8 km p\u00e5 m\u00e5nens overflate, derfor bare en <strong>veldig liten del av lyset p\u00e5virker speilene<\/strong> \u00c5 g\u00e5 tilbake: \u00e5 v\u00e6re presis, <strong>1 Photon<\/strong> (&laquo;Pakke&raquo; med energi) <strong>av 30 millioner <\/strong>(3 x 10<sup>6<\/sup>).<\/p>\n<div class=\"cp_wrapper cp_wrapper--fw mb-50\">\n<figure class=\"mm\"><picture class=\"img\" style=\"padding-top:101.025390625%\"><source  media=\"(min-width: 1024px)\"><source  media=\"(min-width: 768px)\"><img decoding=\"async\" loading=\"lazy\" src=\"https:\/\/nordnesrepublikken.no\/wp-content\/uploads\/2025\/07\/1753004976_309_Kan-vi-se-dens-fotavtrykk-fra-jorden-Ja-men-ikke.jpg\" alt=\"Apollo_11_lunar_laser_ranging_experiment\" width=\"2048\" height=\"2069\" class=\"js-seedtag-img\"><\/source><\/source><\/picture><\/figure>\n<\/p><\/div>\n<p>P\u00e5 sin side, denne lille delen, <strong>P\u00e5 hjemturen<\/strong> Mot planeten v\u00e5r kommer den <strong>spredt<\/strong> til det dekker <strong>En overflate p\u00e5 15 km <\/strong>P\u00e5 jordens overflate: Ogs\u00e5 her er rapporten bare 1 foton avsl\u00f8rt av teleskopet p\u00e5 30 millioner reflektert av speilene.<\/p>\n<p>Sjansene for at et foton utstedes kan gjenspeiles av speilene og fanget p\u00e5 bakken blir derfor<strong> 1 av 10<sup>24<\/sup> <\/strong>(<strong>en kvadrilion<\/strong>). Heldigvis kan moderne laser <strong>Send opp til 300 firkantet av pulsfotoner<\/strong>skaffe<strong> Retur p\u00e5 rundt 1200 fotoner per minutt<\/strong>: Et umulig resultat for enklere utstyr, for eksempel de som brukes i TV -serien.<\/p>\n<h2>Er det mulig \u00e5 se i fotsporene til astronautene med et normalt teleskop?<\/h2>\n<p>Hva om vi \u00f8nsket \u00e5 identifisere fotavtrykkene til astronauter? Ogs\u00e5 i dette tilfellet er det dessverre lite som kan gj\u00f8res fra jorden. Der <strong>oppl\u00f8sning <\/strong>av observat\u00f8rer og <strong>interferens <\/strong>Atmosf\u00e6risk merke <strong>Umulig \u00e5 se detaljer s\u00e5 minutter<\/strong>og ogs\u00e5 for \u00e5 kunne identifisere de st\u00f8rste strukturer som landingsformen det er n\u00f8dvendig \u00e5 ha <strong>Verkt\u00f8y i Lunar Orbit<\/strong>som <strong>Lunar Reconnaissance Orbital Camera<\/strong>.<\/p>\n<div class=\"cp_wrapper cp_wrapper--fw mb-50\">\n<figure class=\"mm\"><picture class=\"img\" style=\"padding-top:101.025390625%\"><source  media=\"(min-width: 1024px)\"><source  media=\"(min-width: 768px)\"><img decoding=\"async\" loading=\"lazy\" src=\"https:\/\/nordnesrepublikken.no\/wp-content\/uploads\/2025\/07\/1753004976_535_Kan-vi-se-dens-fotavtrykk-fra-jorden-Ja-men-ikke.jpg\" alt=\"Bilde\" width=\"2048\" height=\"2069\"><\/source><\/source><\/picture><\/figure>\n<\/p><\/div>\n<p>Denne satellitten, <strong>kretser rundt 33 km fra overflaten<\/strong> Lunar, er i stand til \u00e5 gi oss bilder med en oppl\u00f8sning p\u00e5 omtrent <strong>50 cm for piksler<\/strong>som i tilfelle av dette bildet av havet av ro, Apollo 11 -landingsstedet. En tilstrekkelig oppl\u00f8sning for \u00e5 identifisere sporene til Lunar Rover og hovedobjektene, men <strong>Ikke nok til \u00e5 se de individuelle fotavtrykkene<\/strong>Dessverre.<\/p>\n<div class=\"cp_wrapper  mb-50\">\n<div class=\"cbx\">\n<div class=\"cbx__collection\">\n<p>Kilder:<\/p>\n<div class=\"cbx__sources\">                                                                                                                          &laquo;Laser Ranging RetoreFlector&raquo;, NSSDC, NASA &laquo;RetoreFlektorer: Fra Apollo til Mars&raquo;, NASA.gov &laquo;Luna 2&raquo;, NSSDCA, NASA &laquo;Apollo&raquo;, Lunar Resecures &laquo;, NASA.Gov&raquo; til M\u00e5nen og tilbake &#8230; i 2.5 sekunders &laquo;, nist.gggov&raquo; til Moon og tilbake &#8230; i 2.5 sekunders &laquo;, nist.gov&raquo;, Lunar Surface &laquo;, Nasa.gov&raquo; til Moon og tilbake &#8230; i 2.5 sekunders journales &laquo;, Lunar Surface&raquo;. Orbiter Chamber (NASA) &laquo;Chandrayaan-3&raquo;, Indian Space Research Organization (ISRO) &laquo;Perseverance&#8217;s Laser RetoreFlector&raquo;, NASA &laquo;The Basics of Lunar Ranging&raquo;, University of California San Diego &laquo;Hvor langt unna er m\u00e5nen?&raquo; Royal Museum of Greenwich                                                 <\/div>\n<\/p><\/div>\n<\/p><\/div>\n<\/p><\/div>\n<\/p><\/div>\n","protected":false},"excerpt":{"rendered":"<p>De 20. juli 1969 Det amerikanske mannskapet tilApollo 11 Han landet p\u00e5 m\u00e5nen: Et historisk<\/p>\n","protected":false},"author":1,"featured_media":7203,"comment_status":"closed","ping_status":"open","sticky":false,"template":"","format":"standard","meta":{"footnotes":""},"categories":[24],"tags":[1244,310,125,1334,187,1597,339,79,355,4686],"class_list":["post-7202","post","type-post","status-publish","format-standard","has-post-thumbnail","hentry","category-vitenskap","tag-dens","tag-fotavtrykk","tag-fra","tag-hjem","tag-ikke","tag-jorden","tag-kan","tag-med","tag-men","tag-teleskoper","generate-columns","tablet-grid-50","mobile-grid-100","grid-parent","grid-33","resize-featured-image"],"yoast_head":"<!-- This site is optimized with the Yoast SEO plugin v24.4 - https:\/\/yoast.com\/wordpress\/plugins\/seo\/ -->\n<title>Kan vi se dens fotavtrykk fra jorden? Ja, men ikke med &quot;hjem&quot; -teleskoper - Nordnesrepublikken<\/title>\n<meta name=\"robots\" content=\"index, follow, max-snippet:-1, max-image-preview:large, max-video-preview:-1\" \/>\n<link rel=\"canonical\" href=\"https:\/\/nordnesrepublikken.no\/index.php\/2025\/07\/20\/kan-vi-se-dens-fotavtrykk-fra-jorden-ja-men-ikke-med-hjem-teleskoper\/\" \/>\n<meta property=\"og:locale\" content=\"nb_NO\" \/>\n<meta property=\"og:type\" content=\"article\" \/>\n<meta property=\"og:title\" content=\"Kan vi se dens fotavtrykk fra jorden? Ja, men ikke med &quot;hjem&quot; -teleskoper - Nordnesrepublikken\" \/>\n<meta property=\"og:description\" content=\"De 20. juli 1969 Det amerikanske mannskapet tilApollo 11 Han landet p\u00e5 m\u00e5nen: Et historisk\" \/>\n<meta property=\"og:url\" content=\"https:\/\/nordnesrepublikken.no\/index.php\/2025\/07\/20\/kan-vi-se-dens-fotavtrykk-fra-jorden-ja-men-ikke-med-hjem-teleskoper\/\" \/>\n<meta property=\"og:site_name\" content=\"Nordnesrepublikken\" \/>\n<meta property=\"article:published_time\" content=\"2025-07-20T09:49:36+00:00\" \/>\n<meta property=\"article:modified_time\" content=\"2025-07-20T09:49:55+00:00\" \/>\n<meta property=\"og:image\" content=\"https:\/\/nordnesrepublikken.no\/wp-content\/uploads\/2025\/07\/1753004977_Kan-vi-se-dens-fotavtrykk-fra-jorden-Ja-men-ikke-scaled.jpg\" \/>\n\t<meta property=\"og:image:width\" content=\"2560\" \/>\n\t<meta property=\"og:image:height\" content=\"2560\" \/>\n\t<meta property=\"og:image:type\" content=\"image\/jpeg\" \/>\n<meta name=\"author\" content=\"Ole Andersen\" \/>\n<meta name=\"twitter:card\" content=\"summary_large_image\" \/>\n<meta name=\"twitter:label1\" content=\"Skrevet av\" \/>\n\t<meta name=\"twitter:data1\" content=\"Ole Andersen\" \/>\n\t<meta name=\"twitter:label2\" content=\"Ansl. lesetid\" \/>\n\t<meta name=\"twitter:data2\" content=\"4 minutter\" \/>\n<script type=\"application\/ld+json\" class=\"yoast-schema-graph\">{\"@context\":\"https:\/\/schema.org\",\"@graph\":[{\"@type\":\"Article\",\"@id\":\"https:\/\/nordnesrepublikken.no\/index.php\/2025\/07\/20\/kan-vi-se-dens-fotavtrykk-fra-jorden-ja-men-ikke-med-hjem-teleskoper\/#article\",\"isPartOf\":{\"@id\":\"https:\/\/nordnesrepublikken.no\/index.php\/2025\/07\/20\/kan-vi-se-dens-fotavtrykk-fra-jorden-ja-men-ikke-med-hjem-teleskoper\/\"},\"author\":{\"name\":\"Ole Andersen\",\"@id\":\"https:\/\/nordnesrepublikken.no\/#\/schema\/person\/2e7e81935bab77882fffb79296240ff1\"},\"headline\":\"Kan vi se dens fotavtrykk fra jorden? Ja, men ikke med &laquo;hjem&raquo; -teleskoper\",\"datePublished\":\"2025-07-20T09:49:36+00:00\",\"dateModified\":\"2025-07-20T09:49:55+00:00\",\"mainEntityOfPage\":{\"@id\":\"https:\/\/nordnesrepublikken.no\/index.php\/2025\/07\/20\/kan-vi-se-dens-fotavtrykk-fra-jorden-ja-men-ikke-med-hjem-teleskoper\/\"},\"wordCount\":816,\"publisher\":{\"@id\":\"https:\/\/nordnesrepublikken.no\/#organization\"},\"image\":{\"@id\":\"https:\/\/nordnesrepublikken.no\/index.php\/2025\/07\/20\/kan-vi-se-dens-fotavtrykk-fra-jorden-ja-men-ikke-med-hjem-teleskoper\/#primaryimage\"},\"thumbnailUrl\":\"https:\/\/nordnesrepublikken.no\/wp-content\/uploads\/2025\/07\/1753004977_Kan-vi-se-dens-fotavtrykk-fra-jorden-Ja-men-ikke-scaled.jpg\",\"keywords\":[\"dens\",\"fotavtrykk\",\"fra\",\"hjem\",\"ikke\",\"jorden\",\"kan\",\"med\",\"men\",\"teleskoper\"],\"articleSection\":[\"Vitenskap\"],\"inLanguage\":\"nb-NO\"},{\"@type\":\"WebPage\",\"@id\":\"https:\/\/nordnesrepublikken.no\/index.php\/2025\/07\/20\/kan-vi-se-dens-fotavtrykk-fra-jorden-ja-men-ikke-med-hjem-teleskoper\/\",\"url\":\"https:\/\/nordnesrepublikken.no\/index.php\/2025\/07\/20\/kan-vi-se-dens-fotavtrykk-fra-jorden-ja-men-ikke-med-hjem-teleskoper\/\",\"name\":\"Kan vi se dens fotavtrykk fra jorden? Ja, men ikke med \\\"hjem\\\" -teleskoper - Nordnesrepublikken\",\"isPartOf\":{\"@id\":\"https:\/\/nordnesrepublikken.no\/#website\"},\"primaryImageOfPage\":{\"@id\":\"https:\/\/nordnesrepublikken.no\/index.php\/2025\/07\/20\/kan-vi-se-dens-fotavtrykk-fra-jorden-ja-men-ikke-med-hjem-teleskoper\/#primaryimage\"},\"image\":{\"@id\":\"https:\/\/nordnesrepublikken.no\/index.php\/2025\/07\/20\/kan-vi-se-dens-fotavtrykk-fra-jorden-ja-men-ikke-med-hjem-teleskoper\/#primaryimage\"},\"thumbnailUrl\":\"https:\/\/nordnesrepublikken.no\/wp-content\/uploads\/2025\/07\/1753004977_Kan-vi-se-dens-fotavtrykk-fra-jorden-Ja-men-ikke-scaled.jpg\",\"datePublished\":\"2025-07-20T09:49:36+00:00\",\"dateModified\":\"2025-07-20T09:49:55+00:00\",\"breadcrumb\":{\"@id\":\"https:\/\/nordnesrepublikken.no\/index.php\/2025\/07\/20\/kan-vi-se-dens-fotavtrykk-fra-jorden-ja-men-ikke-med-hjem-teleskoper\/#breadcrumb\"},\"inLanguage\":\"nb-NO\",\"potentialAction\":[{\"@type\":\"ReadAction\",\"target\":[\"https:\/\/nordnesrepublikken.no\/index.php\/2025\/07\/20\/kan-vi-se-dens-fotavtrykk-fra-jorden-ja-men-ikke-med-hjem-teleskoper\/\"]}]},{\"@type\":\"ImageObject\",\"inLanguage\":\"nb-NO\",\"@id\":\"https:\/\/nordnesrepublikken.no\/index.php\/2025\/07\/20\/kan-vi-se-dens-fotavtrykk-fra-jorden-ja-men-ikke-med-hjem-teleskoper\/#primaryimage\",\"url\":\"https:\/\/nordnesrepublikken.no\/wp-content\/uploads\/2025\/07\/1753004977_Kan-vi-se-dens-fotavtrykk-fra-jorden-Ja-men-ikke-scaled.jpg\",\"contentUrl\":\"https:\/\/nordnesrepublikken.no\/wp-content\/uploads\/2025\/07\/1753004977_Kan-vi-se-dens-fotavtrykk-fra-jorden-Ja-men-ikke-scaled.jpg\",\"width\":2560,\"height\":2560,\"caption\":\"Atterraggio sulla luna segni\"},{\"@type\":\"BreadcrumbList\",\"@id\":\"https:\/\/nordnesrepublikken.no\/index.php\/2025\/07\/20\/kan-vi-se-dens-fotavtrykk-fra-jorden-ja-men-ikke-med-hjem-teleskoper\/#breadcrumb\",\"itemListElement\":[{\"@type\":\"ListItem\",\"position\":1,\"name\":\"Home\",\"item\":\"https:\/\/nordnesrepublikken.no\/\"},{\"@type\":\"ListItem\",\"position\":2,\"name\":\"Kan vi se dens fotavtrykk fra jorden? Ja, men ikke med &laquo;hjem&raquo; -teleskoper\"}]},{\"@type\":\"WebSite\",\"@id\":\"https:\/\/nordnesrepublikken.no\/#website\",\"url\":\"https:\/\/nordnesrepublikken.no\/\",\"name\":\"Nordnesrepublikken\",\"description\":\"Stemmer og Visjoner fra Republikkens Hjerte\",\"publisher\":{\"@id\":\"https:\/\/nordnesrepublikken.no\/#organization\"},\"potentialAction\":[{\"@type\":\"SearchAction\",\"target\":{\"@type\":\"EntryPoint\",\"urlTemplate\":\"https:\/\/nordnesrepublikken.no\/?s={search_term_string}\"},\"query-input\":{\"@type\":\"PropertyValueSpecification\",\"valueRequired\":true,\"valueName\":\"search_term_string\"}}],\"inLanguage\":\"nb-NO\"},{\"@type\":\"Organization\",\"@id\":\"https:\/\/nordnesrepublikken.no\/#organization\",\"name\":\"Nordnesrepublikken\",\"url\":\"https:\/\/nordnesrepublikken.no\/\",\"logo\":{\"@type\":\"ImageObject\",\"inLanguage\":\"nb-NO\",\"@id\":\"https:\/\/nordnesrepublikken.no\/#\/schema\/logo\/image\/\",\"url\":\"https:\/\/nordnesrepublikken.no\/wp-content\/uploads\/2025\/02\/cropped-nordnesrepublikken-2.png\",\"contentUrl\":\"https:\/\/nordnesrepublikken.no\/wp-content\/uploads\/2025\/02\/cropped-nordnesrepublikken-2.png\",\"width\":1248,\"height\":362,\"caption\":\"Nordnesrepublikken\"},\"image\":{\"@id\":\"https:\/\/nordnesrepublikken.no\/#\/schema\/logo\/image\/\"}},{\"@type\":\"Person\",\"@id\":\"https:\/\/nordnesrepublikken.no\/#\/schema\/person\/2e7e81935bab77882fffb79296240ff1\",\"name\":\"Ole Andersen\",\"image\":{\"@type\":\"ImageObject\",\"inLanguage\":\"nb-NO\",\"@id\":\"https:\/\/nordnesrepublikken.no\/#\/schema\/person\/image\/\",\"url\":\"https:\/\/nordnesrepublikken.no\/wp-content\/uploads\/2025\/02\/nordnesrepublikken-2-2-150x150.jpg\",\"contentUrl\":\"https:\/\/nordnesrepublikken.no\/wp-content\/uploads\/2025\/02\/nordnesrepublikken-2-2-150x150.jpg\",\"caption\":\"Ole Andersen\"},\"description\":\"Ettersom jeg vokste opp i Oslo, har jeg alltid v\u00e6rt fascinert av ordenes kraft og deres evne til \u00e5 skape endringer. Etter \u00e5 ha fullf\u00f8rt min utdannelse i kommunikasjon ved Universitetet i Bergen, fikk jeg muligheten til \u00e5 jobbe innen ulike medier, der jeg har s\u00f8kt \u00e5 belyse viktige samfunnssp\u00f8rsm\u00e5l. I dag, som redakt\u00f8r for Nordnesrepublikken, pr\u00f8ver jeg \u00e5 forene min kj\u00e6rlighet for journalistikk med min lidenskap for innovasjon og eventyr.\",\"sameAs\":[\"https:\/\/nordnesrepublikken.no\/\"]}]}<\/script>\n<!-- \/ Yoast SEO plugin. -->","yoast_head_json":{"title":"Kan vi se dens fotavtrykk fra jorden? Ja, men ikke med \"hjem\" -teleskoper - Nordnesrepublikken","robots":{"index":"index","follow":"follow","max-snippet":"max-snippet:-1","max-image-preview":"max-image-preview:large","max-video-preview":"max-video-preview:-1"},"canonical":"https:\/\/nordnesrepublikken.no\/index.php\/2025\/07\/20\/kan-vi-se-dens-fotavtrykk-fra-jorden-ja-men-ikke-med-hjem-teleskoper\/","og_locale":"nb_NO","og_type":"article","og_title":"Kan vi se dens fotavtrykk fra jorden? Ja, men ikke med \"hjem\" -teleskoper - Nordnesrepublikken","og_description":"De 20. juli 1969 Det amerikanske mannskapet tilApollo 11 Han landet p\u00e5 m\u00e5nen: Et historisk","og_url":"https:\/\/nordnesrepublikken.no\/index.php\/2025\/07\/20\/kan-vi-se-dens-fotavtrykk-fra-jorden-ja-men-ikke-med-hjem-teleskoper\/","og_site_name":"Nordnesrepublikken","article_published_time":"2025-07-20T09:49:36+00:00","article_modified_time":"2025-07-20T09:49:55+00:00","og_image":[{"width":2560,"height":2560,"url":"https:\/\/nordnesrepublikken.no\/wp-content\/uploads\/2025\/07\/1753004977_Kan-vi-se-dens-fotavtrykk-fra-jorden-Ja-men-ikke-scaled.jpg","type":"image\/jpeg"}],"author":"Ole Andersen","twitter_card":"summary_large_image","twitter_misc":{"Skrevet av":"Ole Andersen","Ansl. lesetid":"4 minutter"},"schema":{"@context":"https:\/\/schema.org","@graph":[{"@type":"Article","@id":"https:\/\/nordnesrepublikken.no\/index.php\/2025\/07\/20\/kan-vi-se-dens-fotavtrykk-fra-jorden-ja-men-ikke-med-hjem-teleskoper\/#article","isPartOf":{"@id":"https:\/\/nordnesrepublikken.no\/index.php\/2025\/07\/20\/kan-vi-se-dens-fotavtrykk-fra-jorden-ja-men-ikke-med-hjem-teleskoper\/"},"author":{"name":"Ole Andersen","@id":"https:\/\/nordnesrepublikken.no\/#\/schema\/person\/2e7e81935bab77882fffb79296240ff1"},"headline":"Kan vi se dens fotavtrykk fra jorden? Ja, men ikke med &laquo;hjem&raquo; -teleskoper","datePublished":"2025-07-20T09:49:36+00:00","dateModified":"2025-07-20T09:49:55+00:00","mainEntityOfPage":{"@id":"https:\/\/nordnesrepublikken.no\/index.php\/2025\/07\/20\/kan-vi-se-dens-fotavtrykk-fra-jorden-ja-men-ikke-med-hjem-teleskoper\/"},"wordCount":816,"publisher":{"@id":"https:\/\/nordnesrepublikken.no\/#organization"},"image":{"@id":"https:\/\/nordnesrepublikken.no\/index.php\/2025\/07\/20\/kan-vi-se-dens-fotavtrykk-fra-jorden-ja-men-ikke-med-hjem-teleskoper\/#primaryimage"},"thumbnailUrl":"https:\/\/nordnesrepublikken.no\/wp-content\/uploads\/2025\/07\/1753004977_Kan-vi-se-dens-fotavtrykk-fra-jorden-Ja-men-ikke-scaled.jpg","keywords":["dens","fotavtrykk","fra","hjem","ikke","jorden","kan","med","men","teleskoper"],"articleSection":["Vitenskap"],"inLanguage":"nb-NO"},{"@type":"WebPage","@id":"https:\/\/nordnesrepublikken.no\/index.php\/2025\/07\/20\/kan-vi-se-dens-fotavtrykk-fra-jorden-ja-men-ikke-med-hjem-teleskoper\/","url":"https:\/\/nordnesrepublikken.no\/index.php\/2025\/07\/20\/kan-vi-se-dens-fotavtrykk-fra-jorden-ja-men-ikke-med-hjem-teleskoper\/","name":"Kan vi se dens fotavtrykk fra jorden? Ja, men ikke med \"hjem\" -teleskoper - Nordnesrepublikken","isPartOf":{"@id":"https:\/\/nordnesrepublikken.no\/#website"},"primaryImageOfPage":{"@id":"https:\/\/nordnesrepublikken.no\/index.php\/2025\/07\/20\/kan-vi-se-dens-fotavtrykk-fra-jorden-ja-men-ikke-med-hjem-teleskoper\/#primaryimage"},"image":{"@id":"https:\/\/nordnesrepublikken.no\/index.php\/2025\/07\/20\/kan-vi-se-dens-fotavtrykk-fra-jorden-ja-men-ikke-med-hjem-teleskoper\/#primaryimage"},"thumbnailUrl":"https:\/\/nordnesrepublikken.no\/wp-content\/uploads\/2025\/07\/1753004977_Kan-vi-se-dens-fotavtrykk-fra-jorden-Ja-men-ikke-scaled.jpg","datePublished":"2025-07-20T09:49:36+00:00","dateModified":"2025-07-20T09:49:55+00:00","breadcrumb":{"@id":"https:\/\/nordnesrepublikken.no\/index.php\/2025\/07\/20\/kan-vi-se-dens-fotavtrykk-fra-jorden-ja-men-ikke-med-hjem-teleskoper\/#breadcrumb"},"inLanguage":"nb-NO","potentialAction":[{"@type":"ReadAction","target":["https:\/\/nordnesrepublikken.no\/index.php\/2025\/07\/20\/kan-vi-se-dens-fotavtrykk-fra-jorden-ja-men-ikke-med-hjem-teleskoper\/"]}]},{"@type":"ImageObject","inLanguage":"nb-NO","@id":"https:\/\/nordnesrepublikken.no\/index.php\/2025\/07\/20\/kan-vi-se-dens-fotavtrykk-fra-jorden-ja-men-ikke-med-hjem-teleskoper\/#primaryimage","url":"https:\/\/nordnesrepublikken.no\/wp-content\/uploads\/2025\/07\/1753004977_Kan-vi-se-dens-fotavtrykk-fra-jorden-Ja-men-ikke-scaled.jpg","contentUrl":"https:\/\/nordnesrepublikken.no\/wp-content\/uploads\/2025\/07\/1753004977_Kan-vi-se-dens-fotavtrykk-fra-jorden-Ja-men-ikke-scaled.jpg","width":2560,"height":2560,"caption":"Atterraggio sulla luna segni"},{"@type":"BreadcrumbList","@id":"https:\/\/nordnesrepublikken.no\/index.php\/2025\/07\/20\/kan-vi-se-dens-fotavtrykk-fra-jorden-ja-men-ikke-med-hjem-teleskoper\/#breadcrumb","itemListElement":[{"@type":"ListItem","position":1,"name":"Home","item":"https:\/\/nordnesrepublikken.no\/"},{"@type":"ListItem","position":2,"name":"Kan vi se dens fotavtrykk fra jorden? Ja, men ikke med &laquo;hjem&raquo; -teleskoper"}]},{"@type":"WebSite","@id":"https:\/\/nordnesrepublikken.no\/#website","url":"https:\/\/nordnesrepublikken.no\/","name":"Nordnesrepublikken","description":"Stemmer og Visjoner fra Republikkens Hjerte","publisher":{"@id":"https:\/\/nordnesrepublikken.no\/#organization"},"potentialAction":[{"@type":"SearchAction","target":{"@type":"EntryPoint","urlTemplate":"https:\/\/nordnesrepublikken.no\/?s={search_term_string}"},"query-input":{"@type":"PropertyValueSpecification","valueRequired":true,"valueName":"search_term_string"}}],"inLanguage":"nb-NO"},{"@type":"Organization","@id":"https:\/\/nordnesrepublikken.no\/#organization","name":"Nordnesrepublikken","url":"https:\/\/nordnesrepublikken.no\/","logo":{"@type":"ImageObject","inLanguage":"nb-NO","@id":"https:\/\/nordnesrepublikken.no\/#\/schema\/logo\/image\/","url":"https:\/\/nordnesrepublikken.no\/wp-content\/uploads\/2025\/02\/cropped-nordnesrepublikken-2.png","contentUrl":"https:\/\/nordnesrepublikken.no\/wp-content\/uploads\/2025\/02\/cropped-nordnesrepublikken-2.png","width":1248,"height":362,"caption":"Nordnesrepublikken"},"image":{"@id":"https:\/\/nordnesrepublikken.no\/#\/schema\/logo\/image\/"}},{"@type":"Person","@id":"https:\/\/nordnesrepublikken.no\/#\/schema\/person\/2e7e81935bab77882fffb79296240ff1","name":"Ole Andersen","image":{"@type":"ImageObject","inLanguage":"nb-NO","@id":"https:\/\/nordnesrepublikken.no\/#\/schema\/person\/image\/","url":"https:\/\/nordnesrepublikken.no\/wp-content\/uploads\/2025\/02\/nordnesrepublikken-2-2-150x150.jpg","contentUrl":"https:\/\/nordnesrepublikken.no\/wp-content\/uploads\/2025\/02\/nordnesrepublikken-2-2-150x150.jpg","caption":"Ole Andersen"},"description":"Ettersom jeg vokste opp i Oslo, har jeg alltid v\u00e6rt fascinert av ordenes kraft og deres evne til \u00e5 skape endringer. Etter \u00e5 ha fullf\u00f8rt min utdannelse i kommunikasjon ved Universitetet i Bergen, fikk jeg muligheten til \u00e5 jobbe innen ulike medier, der jeg har s\u00f8kt \u00e5 belyse viktige samfunnssp\u00f8rsm\u00e5l. I dag, som redakt\u00f8r for Nordnesrepublikken, pr\u00f8ver jeg \u00e5 forene min kj\u00e6rlighet for journalistikk med min lidenskap for innovasjon og eventyr.","sameAs":["https:\/\/nordnesrepublikken.no\/"]}]}},"_links":{"self":[{"href":"https:\/\/nordnesrepublikken.no\/index.php\/wp-json\/wp\/v2\/posts\/7202","targetHints":{"allow":["GET"]}}],"collection":[{"href":"https:\/\/nordnesrepublikken.no\/index.php\/wp-json\/wp\/v2\/posts"}],"about":[{"href":"https:\/\/nordnesrepublikken.no\/index.php\/wp-json\/wp\/v2\/types\/post"}],"author":[{"embeddable":true,"href":"https:\/\/nordnesrepublikken.no\/index.php\/wp-json\/wp\/v2\/users\/1"}],"replies":[{"embeddable":true,"href":"https:\/\/nordnesrepublikken.no\/index.php\/wp-json\/wp\/v2\/comments?post=7202"}],"version-history":[{"count":1,"href":"https:\/\/nordnesrepublikken.no\/index.php\/wp-json\/wp\/v2\/posts\/7202\/revisions"}],"predecessor-version":[{"id":7204,"href":"https:\/\/nordnesrepublikken.no\/index.php\/wp-json\/wp\/v2\/posts\/7202\/revisions\/7204"}],"wp:featuredmedia":[{"embeddable":true,"href":"https:\/\/nordnesrepublikken.no\/index.php\/wp-json\/wp\/v2\/media\/7203"}],"wp:attachment":[{"href":"https:\/\/nordnesrepublikken.no\/index.php\/wp-json\/wp\/v2\/media?parent=7202"}],"wp:term":[{"taxonomy":"category","embeddable":true,"href":"https:\/\/nordnesrepublikken.no\/index.php\/wp-json\/wp\/v2\/categories?post=7202"},{"taxonomy":"post_tag","embeddable":true,"href":"https:\/\/nordnesrepublikken.no\/index.php\/wp-json\/wp\/v2\/tags?post=7202"}],"curies":[{"name":"wp","href":"https:\/\/api.w.org\/{rel}","templated":true}]}}