{"id":7187,"date":"2025-07-20T01:51:23","date_gmt":"2025-07-19T23:51:23","guid":{"rendered":"https:\/\/nordnesrepublikken.no\/index.php\/2025\/07\/20\/som-var-paolo-borsellino-sorenskriveren-som-slo-mot-cosa-nostra-drept-i-massakren-av-via-damelio\/"},"modified":"2025-07-20T01:51:26","modified_gmt":"2025-07-19T23:51:26","slug":"som-var-paolo-borsellino-sorenskriveren-som-slo-mot-cosa-nostra-drept-i-massakren-av-via-damelio","status":"publish","type":"post","link":"https:\/\/nordnesrepublikken.no\/index.php\/2025\/07\/20\/som-var-paolo-borsellino-sorenskriveren-som-slo-mot-cosa-nostra-drept-i-massakren-av-via-damelio\/","title":{"rendered":"Som var Paolo Borsellino, sorenskriveren som slo mot Cosa Nostra drept i massakren av Via D&#8217;Amelio"},"content":{"rendered":"<div>\n<div class=\"cp_wrapper cp_wrapper--fw mb-30 mb-20@tablet\">\n<figure class=\"mm\"><picture class=\"img\" style=\"padding-top:56.25%\"><source  media=\"(min-width: 1024px)\"><source  media=\"(min-width: 768px)\"><\/source><\/source><\/picture><\/figure>\n<\/p><\/div>\n<p><strong>Paolo Borsellino<\/strong>f\u00f8dt i Palermo i 1940 og drept i 1992, var et sorenskriversymbol p\u00e5<strong> Kjemp mot organisert kriminalitet,<\/strong> engasjert i spissen for unders\u00f8kelser p\u00e5 <strong>Cosa Nostra<\/strong> Han kom inn veldig ung i rettsvesenet, og begynte \u00e5 h\u00e5ndtere organisert kriminalitet p\u00e5 80 -tallet og var en del av <strong>Anti -mafia basseng<\/strong> Sammen, blant andre kolleger, til Giovanni Falcone som han ogs\u00e5 skrev ordren om tiltale om dommen fra <strong>Maxi-Process<\/strong>. Selv om han var involvert i noen kontroverser, b\u00e5de i pressen og med andre sorenskrivere, n\u00f8lte han aldri med \u00e5 uttrykke ideene sine og gjennomf\u00f8rte unders\u00f8kelser ogs\u00e5 p\u00e5 <strong>b\u00e5nd mellom mafia og politikk<\/strong>. 19. juli 1992 var <strong>myrdet av et selvbombing<\/strong>mindre enn to m\u00e5neder etter Falcones drap, i det s\u00e5 -kalt <strong>Massakre av Via D&#8217;Amelio<\/strong>hvorav det mistenkes at mafiaen handlet p\u00e5 <strong>impuls av &laquo;eksterne rektorer&raquo;<\/strong>.<\/p>\n<h2><strong>Paolo Borsellinos ungdom<\/strong><\/h2>\n<p>Paolo Borsellino ble f\u00f8dt i Palermo, i <strong>Kalsa District<\/strong>19. januar 1940 av en velst\u00e5ende familie. Som ten\u00e5ring, delta p\u00e5 fotballbanene i Conoo -distriktet <strong>Giovanni Falcone<\/strong>som i fremtiden vil v\u00e6re hans kollega og venn.<\/p>\n<div class=\"cp_wrapper cp_wrapper--fw mb-50\">\n<figure class=\"mm\"><picture class=\"img\" style=\"padding-top:175.375%\"><source  media=\"(min-width: 1024px)\"><source  media=\"(min-width: 768px)\"><img decoding=\"async\" loading=\"lazy\" src=\"https:\/\/nordnesrepublikken.no\/wp-content\/uploads\/2025\/07\/1752969080_662_Som-var-Paolo-Borsellino-sorenskriveren-som-slo-mot-Cosa-Nostra.jpg\" alt=\"Borsellino som barn\" width=\"800\" height=\"1403\"><\/source><\/source><\/picture><\/figure>\n<\/p><\/div>\n<p>Fullf\u00f8rte skolene, Borsellino meldte seg inn i <strong>Lovfakultet<\/strong> av University of Palermo og inngitt i noen \u00e5r i &laquo;University of National Action&raquo; (Fuan), Right -Wing Student Association. Han ble uteksaminert i 1962 og \u00e5ret etter, til tross for de \u00f8konomiske grensene som familien hadde funnet seg selv for farens d\u00f8d, lyktes han i <strong>overvinne konkurransen i rettsvesenet<\/strong>: P\u00e5 bare 23 \u00e5r gammel ble han <strong>Den yngste sorenskriveren i Italia<\/strong>.<\/p>\n<h2><strong>De f\u00f8rste erfaringene fra sorenskriver og ekteskap<\/strong><\/h2>\n<p>Etter \u00e5 ha avsluttet praksisplassen, begynte Borsellino sin karriere til den sivile delen av <strong>Domstol for Enna<\/strong>hvor han ble igjen fra 1965 til 1967. Senere ble han utnevnt <strong>Praetor of Mazara del Vallo<\/strong> (Trapani). I 1968  <strong>Han giftet seg med et bryllup med Agnese Pirano Leto<\/strong>fra hvem han vil f\u00e5 tre barn; \u00c5ret etter ble han utnevnt til Praetor of Monreale (Palermo) og begynte \u00e5 samarbeide med <strong>Kaptein Emanuele Basile<\/strong>sjef for den lokale Carabinieri -stasjonen. I 1975 ble han overf\u00f8rt til <strong>Palermo domstol<\/strong> til utdanningskontoret (kontoret som har ansvaret for \u00e5 &laquo;instruere&raquo; prosessene, ikke lenger eksisterer etter inntreden i kraft av straffeprosesskoden fra 1989).<\/p>\n<div class=\"cp_wrapper cp_wrapper--fw mb-50\">\n<figure class=\"mm\"><picture class=\"img\" style=\"padding-top:84.625%\"><source  media=\"(min-width: 1024px)\"><source  media=\"(min-width: 768px)\"><img decoding=\"async\" loading=\"lazy\" src=\"https:\/\/nordnesrepublikken.no\/wp-content\/uploads\/2025\/07\/1752969081_683_Som-var-Paolo-Borsellino-sorenskriveren-som-slo-mot-Cosa-Nostra.jpg\" alt=\"Med familien p\u00e5 70 -tallet\" width=\"800\" height=\"677\" class=\"js-seedtag-img\"><\/source><\/source><\/picture><\/figure>\n<\/p><\/div>\n<h2><strong>Borsellino mot mafiaen: Fra Basiles d\u00f8d til maxiprocess mot Cosa Nostra<\/strong><\/h2>\n<p>Borsellino begynte \u00e5 h\u00e5ndtere mafiaen i 1980, og arbeidet med etterforskningene startet av kommiss\u00e6ren <strong>Boris Giuliano<\/strong>drept i 1979. 4. mai 1980 <strong>Cosa Nostra<\/strong> <strong>Han myrdet ogs\u00e5 kaptein Basile<\/strong>som Borsellino hadde fortsatt \u00e5 samarbeide med. Magistraten hadde ansvaret for etterforskning av drapet og oppn\u00e5dde tildelingen av eskorten for f\u00f8rste gang. I samme periode bandt han seg til <strong>Rocco Chinnici<\/strong>sjef for utdanningskontoret, som i 1983 fremmet grunnlaget for <strong>Anti -mafia basseng<\/strong>som utgj\u00f8r et team av dommere som bare behandlet Cosa Nostra: Borsellino, Falcone og Giuseppe di Lello, som vil bli lagt til Leonardo Guarnotta. Chinnici ble drept kort tid etter, og kj\u00f8ringen av bassenget gikk til <strong>Antonino Caponnetto<\/strong>.<\/p>\n<p>Mafiaen var p\u00e5 den tiden i en fase med sterk utvidelse: i 1981 &laquo;Corleonese&raquo; -fraksjonen, ledet av <strong>Tot\u00f2 Riina og Bernardo Provenzano<\/strong>hadde sluppet l\u00f8s og vunnet en krig mot &laquo;Palermo&raquo; -gjengene og for\u00e5rsaket hundrevis av ofre. Cosa Nostra hadde blitt kraftigere, men fant seg i vanskeligheter fordi noen medlemmer av nederlaget, inkludert Tommaso Buscetta, bestemte seg for <strong>Samarbeid med rettferdighet:<\/strong> Takket v\u00e6re avsl\u00f8ringene fra omvendte, utf\u00f8rte de lovh\u00e5ndhevende offiserene mange arrestasjoner og i 1986 den <strong>Maxiprocess<\/strong>der mer enn 400 mafia ble siktet. Borsellino skrev ordinans-nentans av tiltale sammen med Falcone, og beveget seg i en periode p\u00e5 et beskyttet sted, Asinara.<\/p>\n<h2><strong>Overf\u00f8ringen til Marsala og &laquo;sesongen av gift&raquo;<\/strong><\/h2>\n<p>Maxiprocess, ferdig med mange setninger, markerte et vendepunkt i kampen mot mafiaen. Magistratene som hadde gjort ham mulig ble popul\u00e6re skikkelser, men ogs\u00e5 tiltrakk seg selv <strong>Kritikk og fiendtlighet<\/strong>. I 1986 ble Borsellino aktor for Marsala, og i januar p\u00e5f\u00f8lgende p\u00e5dro han seg et journalistisk angrep fra <strong>Leonardo Sciascia<\/strong>hvor mafia -prosessene tjente sorenskrivere for \u00e5 lage en karriere (de to mennene vil forene seg etter noen m\u00e5neder).<\/p>\n<div class=\"cp_wrapper cp_wrapper--fw mb-50\">\n<figure class=\"mm\"><picture class=\"img\" style=\"padding-top:74.516129032258%\"><source  media=\"(min-width: 1024px)\"><source  media=\"(min-width: 768px)\"><img decoding=\"async\" loading=\"lazy\" src=\"https:\/\/nordnesrepublikken.no\/wp-content\/uploads\/2025\/07\/1752969082_785_Som-var-Paolo-Borsellino-sorenskriveren-som-slo-mot-Cosa-Nostra.jpg\" alt=\"Med Sciascia i 1988, etter forsoning\" width=\"1550\" height=\"1155\"><\/source><\/source><\/picture><\/figure>\n<\/p><\/div>\n<p>Etter mangelen p\u00e5 utnevnelse av Falcone i spissen for<strong>Utdanningskontor<\/strong>til fordel for Antonino Caponnetto, n\u00f8lte Borsellino ikke med \u00e5 kritisere \u00e5pent <strong>Overlegen r\u00e5d for rettsvesenet<\/strong> Og noen kolleger, som tiltrekker nye kontroverser om seg selv. Til tross for spenningene, fortsatte Falcone \u00e5 unders\u00f8ke Cosa Nostra, og ogs\u00e5 utdype koblingene mellom mafiaen og politikken.<\/p>\n<h2><strong>Det &laquo;skjulte intervjuet&raquo; og Falcones d\u00f8d<\/strong><\/h2>\n<p>I mars 1992 ble Borsellino overf\u00f8rt til retten til Palermo som en ekstra aktor. 21. mai l\u00f8slatte han <strong>et intervju<\/strong> <strong>til<\/strong> <strong>To journalister fra det franske nettverkskanalen+<\/strong>snakker om koblingene mellom siciliansk kriminalitet og industrimenn i Nord -Italia. Han sa mafiaen <strong>Vittorio Mangano<\/strong>tidligere stall av Silvio Berlusconi i Arcore, var et &laquo;brohode&raquo; av Cosa Nostra i Nord -Italia, men erkl\u00e6rte at han ikke mente noe om gr\u00fcnderen fordi han personlig ikke fulgte etterforskningene. Intervjuet, til tross for mange foresp\u00f8rsler om lufting, var ikke <strong>aldri sendt av rai<\/strong> i full versjon.<\/p>\n<div class=\"cp_wrapper cp_wrapper--fw mb-50\">\n<figure class=\"mm\"><picture class=\"img\" style=\"padding-top:65.833333333333%\"><source  media=\"(min-width: 1024px)\"><source  media=\"(min-width: 768px)\"><img decoding=\"async\" loading=\"lazy\" src=\"https:\/\/nordnesrepublikken.no\/wp-content\/uploads\/2025\/07\/1752969082_210_Som-var-Paolo-Borsellino-sorenskriveren-som-slo-mot-Cosa-Nostra.jpg\" alt=\"Det skjulte intervjuet fra 1992\" width=\"480\" height=\"316\" class=\"js-seedtag-img\"><\/source><\/source><\/picture><\/figure>\n<\/p><\/div>\n<p>23. mai brydde mafiaen seg om livet til Falcone som, skadet i eksplosjonen av Capaci, d\u00f8de p\u00e5 sykehuset mens Borsellino var ved siden av ham.<\/p>\n<h2>Borsellinos d\u00f8d: Massakren p\u00e5 Via D&#8217;Amelio<\/h2>\n<p>Etter Falcones d\u00f8d, <strong>Borsellino fortsatte arbeidet sitt<\/strong>foresl\u00e5r ogs\u00e5 \u00e5 unders\u00f8ke Capaci -massakren. Imidlertid var han klar over, ogs\u00e5 takket v\u00e6re informasjon mottatt av samarbeidspartnere av rettferdighet, at <strong>Mafia hadde til hensikt \u00e5 eliminere det<\/strong>. Angrepet skjedde <strong>19. juli<\/strong> <strong>1992<\/strong>bare 57 dager etter Falcones d\u00f8d: <strong>En Carboard eksploderte i Palermo i Via Mariano D&#8217;Amelio<\/strong>der dommerens mor bodde og drepte Borsellino og fem eskorteagenter p\u00e5 slag.<\/p>\n<div class=\"cp_wrapper cp_wrapper--fw mb-50\">\n<figure class=\"mm\"><picture class=\"img\" style=\"padding-top:68.230277185501%\"><source  media=\"(min-width: 1024px)\"><source  media=\"(min-width: 768px)\"><img decoding=\"async\" loading=\"lazy\" src=\"https:\/\/nordnesrepublikken.no\/wp-content\/uploads\/2025\/07\/1752969083_687_Som-var-Paolo-Borsellino-sorenskriveren-som-slo-mot-Cosa-Nostra.jpg\" alt=\"Bomben i Via D'Amelio\" width=\"938\" height=\"640\"><\/source><\/source><\/picture><\/figure>\n<\/p><\/div>\n<p>Etter massakren avanserte sorenskriverens familiemedlemmer og noen journalister mistanken, aldri konstaterte at angrepet hadde v\u00e6rt <strong>dekket, <\/strong>Hvis ikke \u00f8nsket, <strong>av statlige apparater<\/strong>fordi Borsellino hadde blitt klar over <strong>Statsmafia-forhandlinger<\/strong> (dvs. fors\u00f8ket p\u00e5 \u00e5 avtale med Cosa Nostra utf\u00f8rt av statlige sektorer for \u00e5 avslutte massakrene i bytte mot fordeler fra mafiaen). Blant annet, i via d&#8217;melio den<strong>r\u00f8d<\/strong>som sorenskriveren tok viktige sedler for sine unders\u00f8kelser, og den som tok den har aldri blitt konstatert.<\/p>\n<\/p><\/div>\n","protected":false},"excerpt":{"rendered":"<p>Paolo Borsellinof\u00f8dt i Palermo i 1940 og drept i 1992, var et sorenskriversymbol p\u00e5 Kjemp<\/p>\n","protected":false},"author":1,"featured_media":7188,"comment_status":"closed","ping_status":"open","sticky":false,"template":"","format":"standard","meta":{"footnotes":""},"categories":[104],"tags":[3680,4675,4677,2275,2824,152,4676,3759,4674,31,2822,100],"class_list":["post-7187","post","type-post","status-publish","format-standard","has-post-thumbnail","hentry","category-samfunn","tag-borsellino","tag-cosa","tag-damelio","tag-drept","tag-massakren","tag-mot","tag-nostra","tag-paolo","tag-slo","tag-som","tag-sorenskriveren","tag-var","generate-columns","tablet-grid-50","mobile-grid-100","grid-parent","grid-33","resize-featured-image"],"yoast_head":"<!-- This site is optimized with the Yoast SEO plugin v24.4 - https:\/\/yoast.com\/wordpress\/plugins\/seo\/ -->\n<title>Som var Paolo Borsellino, sorenskriveren som slo mot Cosa Nostra drept i massakren av Via D&#039;Amelio - Nordnesrepublikken<\/title>\n<meta name=\"robots\" content=\"index, follow, max-snippet:-1, max-image-preview:large, max-video-preview:-1\" \/>\n<link rel=\"canonical\" href=\"https:\/\/nordnesrepublikken.no\/index.php\/2025\/07\/20\/som-var-paolo-borsellino-sorenskriveren-som-slo-mot-cosa-nostra-drept-i-massakren-av-via-damelio\/\" \/>\n<meta property=\"og:locale\" content=\"nb_NO\" \/>\n<meta property=\"og:type\" content=\"article\" \/>\n<meta property=\"og:title\" content=\"Som var Paolo Borsellino, sorenskriveren som slo mot Cosa Nostra drept i massakren av Via D&#039;Amelio - Nordnesrepublikken\" \/>\n<meta property=\"og:description\" content=\"Paolo Borsellinof\u00f8dt i Palermo i 1940 og drept i 1992, var et sorenskriversymbol p\u00e5 Kjemp\" \/>\n<meta property=\"og:url\" content=\"https:\/\/nordnesrepublikken.no\/index.php\/2025\/07\/20\/som-var-paolo-borsellino-sorenskriveren-som-slo-mot-cosa-nostra-drept-i-massakren-av-via-damelio\/\" \/>\n<meta property=\"og:site_name\" content=\"Nordnesrepublikken\" \/>\n<meta property=\"article:published_time\" content=\"2025-07-19T23:51:23+00:00\" \/>\n<meta property=\"article:modified_time\" content=\"2025-07-19T23:51:26+00:00\" \/>\n<meta property=\"og:image\" content=\"https:\/\/nordnesrepublikken.no\/wp-content\/uploads\/2025\/07\/1752969084_Som-var-Paolo-Borsellino-sorenskriveren-som-slo-mot-Cosa-Nostra.jpg\" \/>\n\t<meta property=\"og:image:width\" content=\"1125\" \/>\n\t<meta property=\"og:image:height\" content=\"913\" \/>\n\t<meta property=\"og:image:type\" content=\"image\/jpeg\" \/>\n<meta name=\"author\" content=\"Ole Andersen\" \/>\n<meta name=\"twitter:card\" content=\"summary_large_image\" \/>\n<meta name=\"twitter:label1\" content=\"Skrevet av\" \/>\n\t<meta name=\"twitter:data1\" content=\"Ole Andersen\" \/>\n\t<meta name=\"twitter:label2\" content=\"Ansl. lesetid\" \/>\n\t<meta name=\"twitter:data2\" content=\"5 minutter\" \/>\n<script type=\"application\/ld+json\" class=\"yoast-schema-graph\">{\"@context\":\"https:\/\/schema.org\",\"@graph\":[{\"@type\":\"Article\",\"@id\":\"https:\/\/nordnesrepublikken.no\/index.php\/2025\/07\/20\/som-var-paolo-borsellino-sorenskriveren-som-slo-mot-cosa-nostra-drept-i-massakren-av-via-damelio\/#article\",\"isPartOf\":{\"@id\":\"https:\/\/nordnesrepublikken.no\/index.php\/2025\/07\/20\/som-var-paolo-borsellino-sorenskriveren-som-slo-mot-cosa-nostra-drept-i-massakren-av-via-damelio\/\"},\"author\":{\"name\":\"Ole Andersen\",\"@id\":\"https:\/\/nordnesrepublikken.no\/#\/schema\/person\/2e7e81935bab77882fffb79296240ff1\"},\"headline\":\"Som var Paolo Borsellino, sorenskriveren som slo mot Cosa Nostra drept i massakren av Via D&#8217;Amelio\",\"datePublished\":\"2025-07-19T23:51:23+00:00\",\"dateModified\":\"2025-07-19T23:51:26+00:00\",\"mainEntityOfPage\":{\"@id\":\"https:\/\/nordnesrepublikken.no\/index.php\/2025\/07\/20\/som-var-paolo-borsellino-sorenskriveren-som-slo-mot-cosa-nostra-drept-i-massakren-av-via-damelio\/\"},\"wordCount\":993,\"publisher\":{\"@id\":\"https:\/\/nordnesrepublikken.no\/#organization\"},\"image\":{\"@id\":\"https:\/\/nordnesrepublikken.no\/index.php\/2025\/07\/20\/som-var-paolo-borsellino-sorenskriveren-som-slo-mot-cosa-nostra-drept-i-massakren-av-via-damelio\/#primaryimage\"},\"thumbnailUrl\":\"https:\/\/nordnesrepublikken.no\/wp-content\/uploads\/2025\/07\/1752969084_Som-var-Paolo-Borsellino-sorenskriveren-som-slo-mot-Cosa-Nostra.jpg\",\"keywords\":[\"Borsellino\",\"Cosa\",\"DAmelio\",\"drept\",\"massakren\",\"mot\",\"Nostra\",\"Paolo\",\"slo\",\"som\",\"sorenskriveren\",\"var\"],\"articleSection\":[\"Samfunn\"],\"inLanguage\":\"nb-NO\"},{\"@type\":\"WebPage\",\"@id\":\"https:\/\/nordnesrepublikken.no\/index.php\/2025\/07\/20\/som-var-paolo-borsellino-sorenskriveren-som-slo-mot-cosa-nostra-drept-i-massakren-av-via-damelio\/\",\"url\":\"https:\/\/nordnesrepublikken.no\/index.php\/2025\/07\/20\/som-var-paolo-borsellino-sorenskriveren-som-slo-mot-cosa-nostra-drept-i-massakren-av-via-damelio\/\",\"name\":\"Som var Paolo Borsellino, sorenskriveren som slo mot Cosa Nostra drept i massakren av Via D'Amelio - Nordnesrepublikken\",\"isPartOf\":{\"@id\":\"https:\/\/nordnesrepublikken.no\/#website\"},\"primaryImageOfPage\":{\"@id\":\"https:\/\/nordnesrepublikken.no\/index.php\/2025\/07\/20\/som-var-paolo-borsellino-sorenskriveren-som-slo-mot-cosa-nostra-drept-i-massakren-av-via-damelio\/#primaryimage\"},\"image\":{\"@id\":\"https:\/\/nordnesrepublikken.no\/index.php\/2025\/07\/20\/som-var-paolo-borsellino-sorenskriveren-som-slo-mot-cosa-nostra-drept-i-massakren-av-via-damelio\/#primaryimage\"},\"thumbnailUrl\":\"https:\/\/nordnesrepublikken.no\/wp-content\/uploads\/2025\/07\/1752969084_Som-var-Paolo-Borsellino-sorenskriveren-som-slo-mot-Cosa-Nostra.jpg\",\"datePublished\":\"2025-07-19T23:51:23+00:00\",\"dateModified\":\"2025-07-19T23:51:26+00:00\",\"breadcrumb\":{\"@id\":\"https:\/\/nordnesrepublikken.no\/index.php\/2025\/07\/20\/som-var-paolo-borsellino-sorenskriveren-som-slo-mot-cosa-nostra-drept-i-massakren-av-via-damelio\/#breadcrumb\"},\"inLanguage\":\"nb-NO\",\"potentialAction\":[{\"@type\":\"ReadAction\",\"target\":[\"https:\/\/nordnesrepublikken.no\/index.php\/2025\/07\/20\/som-var-paolo-borsellino-sorenskriveren-som-slo-mot-cosa-nostra-drept-i-massakren-av-via-damelio\/\"]}]},{\"@type\":\"ImageObject\",\"inLanguage\":\"nb-NO\",\"@id\":\"https:\/\/nordnesrepublikken.no\/index.php\/2025\/07\/20\/som-var-paolo-borsellino-sorenskriveren-som-slo-mot-cosa-nostra-drept-i-massakren-av-via-damelio\/#primaryimage\",\"url\":\"https:\/\/nordnesrepublikken.no\/wp-content\/uploads\/2025\/07\/1752969084_Som-var-Paolo-Borsellino-sorenskriveren-som-slo-mot-Cosa-Nostra.jpg\",\"contentUrl\":\"https:\/\/nordnesrepublikken.no\/wp-content\/uploads\/2025\/07\/1752969084_Som-var-Paolo-Borsellino-sorenskriveren-som-slo-mot-Cosa-Nostra.jpg\",\"width\":1125,\"height\":913,\"caption\":\"Borsellino copertina\"},{\"@type\":\"BreadcrumbList\",\"@id\":\"https:\/\/nordnesrepublikken.no\/index.php\/2025\/07\/20\/som-var-paolo-borsellino-sorenskriveren-som-slo-mot-cosa-nostra-drept-i-massakren-av-via-damelio\/#breadcrumb\",\"itemListElement\":[{\"@type\":\"ListItem\",\"position\":1,\"name\":\"Home\",\"item\":\"https:\/\/nordnesrepublikken.no\/\"},{\"@type\":\"ListItem\",\"position\":2,\"name\":\"Som var Paolo Borsellino, sorenskriveren som slo mot Cosa Nostra drept i massakren av Via D&#8217;Amelio\"}]},{\"@type\":\"WebSite\",\"@id\":\"https:\/\/nordnesrepublikken.no\/#website\",\"url\":\"https:\/\/nordnesrepublikken.no\/\",\"name\":\"Nordnesrepublikken\",\"description\":\"Stemmer og Visjoner fra Republikkens Hjerte\",\"publisher\":{\"@id\":\"https:\/\/nordnesrepublikken.no\/#organization\"},\"potentialAction\":[{\"@type\":\"SearchAction\",\"target\":{\"@type\":\"EntryPoint\",\"urlTemplate\":\"https:\/\/nordnesrepublikken.no\/?s={search_term_string}\"},\"query-input\":{\"@type\":\"PropertyValueSpecification\",\"valueRequired\":true,\"valueName\":\"search_term_string\"}}],\"inLanguage\":\"nb-NO\"},{\"@type\":\"Organization\",\"@id\":\"https:\/\/nordnesrepublikken.no\/#organization\",\"name\":\"Nordnesrepublikken\",\"url\":\"https:\/\/nordnesrepublikken.no\/\",\"logo\":{\"@type\":\"ImageObject\",\"inLanguage\":\"nb-NO\",\"@id\":\"https:\/\/nordnesrepublikken.no\/#\/schema\/logo\/image\/\",\"url\":\"https:\/\/nordnesrepublikken.no\/wp-content\/uploads\/2025\/02\/cropped-nordnesrepublikken-2.png\",\"contentUrl\":\"https:\/\/nordnesrepublikken.no\/wp-content\/uploads\/2025\/02\/cropped-nordnesrepublikken-2.png\",\"width\":1248,\"height\":362,\"caption\":\"Nordnesrepublikken\"},\"image\":{\"@id\":\"https:\/\/nordnesrepublikken.no\/#\/schema\/logo\/image\/\"}},{\"@type\":\"Person\",\"@id\":\"https:\/\/nordnesrepublikken.no\/#\/schema\/person\/2e7e81935bab77882fffb79296240ff1\",\"name\":\"Ole Andersen\",\"image\":{\"@type\":\"ImageObject\",\"inLanguage\":\"nb-NO\",\"@id\":\"https:\/\/nordnesrepublikken.no\/#\/schema\/person\/image\/\",\"url\":\"https:\/\/nordnesrepublikken.no\/wp-content\/uploads\/2025\/02\/nordnesrepublikken-2-2-150x150.jpg\",\"contentUrl\":\"https:\/\/nordnesrepublikken.no\/wp-content\/uploads\/2025\/02\/nordnesrepublikken-2-2-150x150.jpg\",\"caption\":\"Ole Andersen\"},\"description\":\"Ettersom jeg vokste opp i Oslo, har jeg alltid v\u00e6rt fascinert av ordenes kraft og deres evne til \u00e5 skape endringer. Etter \u00e5 ha fullf\u00f8rt min utdannelse i kommunikasjon ved Universitetet i Bergen, fikk jeg muligheten til \u00e5 jobbe innen ulike medier, der jeg har s\u00f8kt \u00e5 belyse viktige samfunnssp\u00f8rsm\u00e5l. I dag, som redakt\u00f8r for Nordnesrepublikken, pr\u00f8ver jeg \u00e5 forene min kj\u00e6rlighet for journalistikk med min lidenskap for innovasjon og eventyr.\",\"sameAs\":[\"https:\/\/nordnesrepublikken.no\/\"]}]}<\/script>\n<!-- \/ Yoast SEO plugin. -->","yoast_head_json":{"title":"Som var Paolo Borsellino, sorenskriveren som slo mot Cosa Nostra drept i massakren av Via D'Amelio - Nordnesrepublikken","robots":{"index":"index","follow":"follow","max-snippet":"max-snippet:-1","max-image-preview":"max-image-preview:large","max-video-preview":"max-video-preview:-1"},"canonical":"https:\/\/nordnesrepublikken.no\/index.php\/2025\/07\/20\/som-var-paolo-borsellino-sorenskriveren-som-slo-mot-cosa-nostra-drept-i-massakren-av-via-damelio\/","og_locale":"nb_NO","og_type":"article","og_title":"Som var Paolo Borsellino, sorenskriveren som slo mot Cosa Nostra drept i massakren av Via D'Amelio - Nordnesrepublikken","og_description":"Paolo Borsellinof\u00f8dt i Palermo i 1940 og drept i 1992, var et sorenskriversymbol p\u00e5 Kjemp","og_url":"https:\/\/nordnesrepublikken.no\/index.php\/2025\/07\/20\/som-var-paolo-borsellino-sorenskriveren-som-slo-mot-cosa-nostra-drept-i-massakren-av-via-damelio\/","og_site_name":"Nordnesrepublikken","article_published_time":"2025-07-19T23:51:23+00:00","article_modified_time":"2025-07-19T23:51:26+00:00","og_image":[{"width":1125,"height":913,"url":"https:\/\/nordnesrepublikken.no\/wp-content\/uploads\/2025\/07\/1752969084_Som-var-Paolo-Borsellino-sorenskriveren-som-slo-mot-Cosa-Nostra.jpg","type":"image\/jpeg"}],"author":"Ole Andersen","twitter_card":"summary_large_image","twitter_misc":{"Skrevet av":"Ole Andersen","Ansl. lesetid":"5 minutter"},"schema":{"@context":"https:\/\/schema.org","@graph":[{"@type":"Article","@id":"https:\/\/nordnesrepublikken.no\/index.php\/2025\/07\/20\/som-var-paolo-borsellino-sorenskriveren-som-slo-mot-cosa-nostra-drept-i-massakren-av-via-damelio\/#article","isPartOf":{"@id":"https:\/\/nordnesrepublikken.no\/index.php\/2025\/07\/20\/som-var-paolo-borsellino-sorenskriveren-som-slo-mot-cosa-nostra-drept-i-massakren-av-via-damelio\/"},"author":{"name":"Ole Andersen","@id":"https:\/\/nordnesrepublikken.no\/#\/schema\/person\/2e7e81935bab77882fffb79296240ff1"},"headline":"Som var Paolo Borsellino, sorenskriveren som slo mot Cosa Nostra drept i massakren av Via D&#8217;Amelio","datePublished":"2025-07-19T23:51:23+00:00","dateModified":"2025-07-19T23:51:26+00:00","mainEntityOfPage":{"@id":"https:\/\/nordnesrepublikken.no\/index.php\/2025\/07\/20\/som-var-paolo-borsellino-sorenskriveren-som-slo-mot-cosa-nostra-drept-i-massakren-av-via-damelio\/"},"wordCount":993,"publisher":{"@id":"https:\/\/nordnesrepublikken.no\/#organization"},"image":{"@id":"https:\/\/nordnesrepublikken.no\/index.php\/2025\/07\/20\/som-var-paolo-borsellino-sorenskriveren-som-slo-mot-cosa-nostra-drept-i-massakren-av-via-damelio\/#primaryimage"},"thumbnailUrl":"https:\/\/nordnesrepublikken.no\/wp-content\/uploads\/2025\/07\/1752969084_Som-var-Paolo-Borsellino-sorenskriveren-som-slo-mot-Cosa-Nostra.jpg","keywords":["Borsellino","Cosa","DAmelio","drept","massakren","mot","Nostra","Paolo","slo","som","sorenskriveren","var"],"articleSection":["Samfunn"],"inLanguage":"nb-NO"},{"@type":"WebPage","@id":"https:\/\/nordnesrepublikken.no\/index.php\/2025\/07\/20\/som-var-paolo-borsellino-sorenskriveren-som-slo-mot-cosa-nostra-drept-i-massakren-av-via-damelio\/","url":"https:\/\/nordnesrepublikken.no\/index.php\/2025\/07\/20\/som-var-paolo-borsellino-sorenskriveren-som-slo-mot-cosa-nostra-drept-i-massakren-av-via-damelio\/","name":"Som var Paolo Borsellino, sorenskriveren som slo mot Cosa Nostra drept i massakren av Via D'Amelio - Nordnesrepublikken","isPartOf":{"@id":"https:\/\/nordnesrepublikken.no\/#website"},"primaryImageOfPage":{"@id":"https:\/\/nordnesrepublikken.no\/index.php\/2025\/07\/20\/som-var-paolo-borsellino-sorenskriveren-som-slo-mot-cosa-nostra-drept-i-massakren-av-via-damelio\/#primaryimage"},"image":{"@id":"https:\/\/nordnesrepublikken.no\/index.php\/2025\/07\/20\/som-var-paolo-borsellino-sorenskriveren-som-slo-mot-cosa-nostra-drept-i-massakren-av-via-damelio\/#primaryimage"},"thumbnailUrl":"https:\/\/nordnesrepublikken.no\/wp-content\/uploads\/2025\/07\/1752969084_Som-var-Paolo-Borsellino-sorenskriveren-som-slo-mot-Cosa-Nostra.jpg","datePublished":"2025-07-19T23:51:23+00:00","dateModified":"2025-07-19T23:51:26+00:00","breadcrumb":{"@id":"https:\/\/nordnesrepublikken.no\/index.php\/2025\/07\/20\/som-var-paolo-borsellino-sorenskriveren-som-slo-mot-cosa-nostra-drept-i-massakren-av-via-damelio\/#breadcrumb"},"inLanguage":"nb-NO","potentialAction":[{"@type":"ReadAction","target":["https:\/\/nordnesrepublikken.no\/index.php\/2025\/07\/20\/som-var-paolo-borsellino-sorenskriveren-som-slo-mot-cosa-nostra-drept-i-massakren-av-via-damelio\/"]}]},{"@type":"ImageObject","inLanguage":"nb-NO","@id":"https:\/\/nordnesrepublikken.no\/index.php\/2025\/07\/20\/som-var-paolo-borsellino-sorenskriveren-som-slo-mot-cosa-nostra-drept-i-massakren-av-via-damelio\/#primaryimage","url":"https:\/\/nordnesrepublikken.no\/wp-content\/uploads\/2025\/07\/1752969084_Som-var-Paolo-Borsellino-sorenskriveren-som-slo-mot-Cosa-Nostra.jpg","contentUrl":"https:\/\/nordnesrepublikken.no\/wp-content\/uploads\/2025\/07\/1752969084_Som-var-Paolo-Borsellino-sorenskriveren-som-slo-mot-Cosa-Nostra.jpg","width":1125,"height":913,"caption":"Borsellino copertina"},{"@type":"BreadcrumbList","@id":"https:\/\/nordnesrepublikken.no\/index.php\/2025\/07\/20\/som-var-paolo-borsellino-sorenskriveren-som-slo-mot-cosa-nostra-drept-i-massakren-av-via-damelio\/#breadcrumb","itemListElement":[{"@type":"ListItem","position":1,"name":"Home","item":"https:\/\/nordnesrepublikken.no\/"},{"@type":"ListItem","position":2,"name":"Som var Paolo Borsellino, sorenskriveren som slo mot Cosa Nostra drept i massakren av Via D&#8217;Amelio"}]},{"@type":"WebSite","@id":"https:\/\/nordnesrepublikken.no\/#website","url":"https:\/\/nordnesrepublikken.no\/","name":"Nordnesrepublikken","description":"Stemmer og Visjoner fra Republikkens Hjerte","publisher":{"@id":"https:\/\/nordnesrepublikken.no\/#organization"},"potentialAction":[{"@type":"SearchAction","target":{"@type":"EntryPoint","urlTemplate":"https:\/\/nordnesrepublikken.no\/?s={search_term_string}"},"query-input":{"@type":"PropertyValueSpecification","valueRequired":true,"valueName":"search_term_string"}}],"inLanguage":"nb-NO"},{"@type":"Organization","@id":"https:\/\/nordnesrepublikken.no\/#organization","name":"Nordnesrepublikken","url":"https:\/\/nordnesrepublikken.no\/","logo":{"@type":"ImageObject","inLanguage":"nb-NO","@id":"https:\/\/nordnesrepublikken.no\/#\/schema\/logo\/image\/","url":"https:\/\/nordnesrepublikken.no\/wp-content\/uploads\/2025\/02\/cropped-nordnesrepublikken-2.png","contentUrl":"https:\/\/nordnesrepublikken.no\/wp-content\/uploads\/2025\/02\/cropped-nordnesrepublikken-2.png","width":1248,"height":362,"caption":"Nordnesrepublikken"},"image":{"@id":"https:\/\/nordnesrepublikken.no\/#\/schema\/logo\/image\/"}},{"@type":"Person","@id":"https:\/\/nordnesrepublikken.no\/#\/schema\/person\/2e7e81935bab77882fffb79296240ff1","name":"Ole Andersen","image":{"@type":"ImageObject","inLanguage":"nb-NO","@id":"https:\/\/nordnesrepublikken.no\/#\/schema\/person\/image\/","url":"https:\/\/nordnesrepublikken.no\/wp-content\/uploads\/2025\/02\/nordnesrepublikken-2-2-150x150.jpg","contentUrl":"https:\/\/nordnesrepublikken.no\/wp-content\/uploads\/2025\/02\/nordnesrepublikken-2-2-150x150.jpg","caption":"Ole Andersen"},"description":"Ettersom jeg vokste opp i Oslo, har jeg alltid v\u00e6rt fascinert av ordenes kraft og deres evne til \u00e5 skape endringer. Etter \u00e5 ha fullf\u00f8rt min utdannelse i kommunikasjon ved Universitetet i Bergen, fikk jeg muligheten til \u00e5 jobbe innen ulike medier, der jeg har s\u00f8kt \u00e5 belyse viktige samfunnssp\u00f8rsm\u00e5l. I dag, som redakt\u00f8r for Nordnesrepublikken, pr\u00f8ver jeg \u00e5 forene min kj\u00e6rlighet for journalistikk med min lidenskap for innovasjon og eventyr.","sameAs":["https:\/\/nordnesrepublikken.no\/"]}]}},"_links":{"self":[{"href":"https:\/\/nordnesrepublikken.no\/index.php\/wp-json\/wp\/v2\/posts\/7187","targetHints":{"allow":["GET"]}}],"collection":[{"href":"https:\/\/nordnesrepublikken.no\/index.php\/wp-json\/wp\/v2\/posts"}],"about":[{"href":"https:\/\/nordnesrepublikken.no\/index.php\/wp-json\/wp\/v2\/types\/post"}],"author":[{"embeddable":true,"href":"https:\/\/nordnesrepublikken.no\/index.php\/wp-json\/wp\/v2\/users\/1"}],"replies":[{"embeddable":true,"href":"https:\/\/nordnesrepublikken.no\/index.php\/wp-json\/wp\/v2\/comments?post=7187"}],"version-history":[{"count":1,"href":"https:\/\/nordnesrepublikken.no\/index.php\/wp-json\/wp\/v2\/posts\/7187\/revisions"}],"predecessor-version":[{"id":7189,"href":"https:\/\/nordnesrepublikken.no\/index.php\/wp-json\/wp\/v2\/posts\/7187\/revisions\/7189"}],"wp:featuredmedia":[{"embeddable":true,"href":"https:\/\/nordnesrepublikken.no\/index.php\/wp-json\/wp\/v2\/media\/7188"}],"wp:attachment":[{"href":"https:\/\/nordnesrepublikken.no\/index.php\/wp-json\/wp\/v2\/media?parent=7187"}],"wp:term":[{"taxonomy":"category","embeddable":true,"href":"https:\/\/nordnesrepublikken.no\/index.php\/wp-json\/wp\/v2\/categories?post=7187"},{"taxonomy":"post_tag","embeddable":true,"href":"https:\/\/nordnesrepublikken.no\/index.php\/wp-json\/wp\/v2\/tags?post=7187"}],"curies":[{"name":"wp","href":"https:\/\/api.w.org\/{rel}","templated":true}]}}