{"id":7178,"date":"2025-07-19T18:49:34","date_gmt":"2025-07-19T16:49:34","guid":{"rendered":"https:\/\/nordnesrepublikken.no\/index.php\/2025\/07\/19\/hvorfor-klarer-italienere-sa-mye-hvordan-bevegelsene-vare-oppfattes-av-utlendinger\/"},"modified":"2025-07-19T18:49:36","modified_gmt":"2025-07-19T16:49:36","slug":"hvorfor-klarer-italienere-sa-mye-hvordan-bevegelsene-vare-oppfattes-av-utlendinger","status":"publish","type":"post","link":"https:\/\/nordnesrepublikken.no\/index.php\/2025\/07\/19\/hvorfor-klarer-italienere-sa-mye-hvordan-bevegelsene-vare-oppfattes-av-utlendinger\/","title":{"rendered":"Hvorfor klarer italienere s\u00e5 mye? Hvordan bevegelsene v\u00e5re oppfattes av utlendinger"},"content":{"rendered":"<div>\n<div class=\"cp_wrapper cp_wrapper--fw mb-30 mb-20@tablet\">\n<figure class=\"mm\"><picture class=\"img\" style=\"padding-top:56.25%\"><source  media=\"(min-width: 1024px)\"><source  media=\"(min-width: 768px)\"><\/source><\/source><\/picture><\/figure>\n<\/div>\n<p>Der <strong>Italienske gester<\/strong> Det er ofte gjenstand for nysgjerrighet og har gitt liv til henvisning av stereotypier av utlendinger, for eksempel den hyppige bruken av hendene under samtalene er kjent, tolket som et tegn p\u00e5 lidenskap og uttrykksevne. Imidlertid, s\u00e5 vel som ikke -verbal kommunikasjon er en essensiell komponent i menneskelig interaksjon, kan betydningen knyttet til noen gester generere misforst\u00e5elser.<\/p>\n<h2><strong>Italienske gester: en kulturell egenskap <\/strong><\/h2>\n<p>Ikke -verbal kommunikasjon fungerer som et supplement til verbalt spr\u00e5k, berikende kommunikasjon med nyanser som de eneste ordene kanskje ikke overf\u00f8rer og italienske gester er en av de mest kjente. I f\u00f8lge &laquo;Dictionary of the Gestures of the Italianer&raquo; redigert av Isabella Poggi, I <strong>Italienske gester<\/strong> kan klassifiseres i forskjellige funksjonelle kategorier, inkludert:<\/p>\n<ul>\n<li><strong>Personlige gester<\/strong>: De uttrykker individuelle stemninger eller f\u00f8lelser.<\/li>\n<li><strong>Mellommenneskelige gester<\/strong>: regulere sosiale interaksjoner mellom individer.<\/li>\n<li><strong>Reguleringsbevegelser<\/strong>: De dirigerer eller modulerer str\u00f8mmen av samtalen.<\/li>\n<li><strong>Referansebevegelser<\/strong>: Se spesifikke objekter, mennesker eller konsepter.<\/li>\n<\/ul>\n<p>Denne klassifiseringen belyser kompleksiteten og rikdommen til det italienske gesturalrepertoaret, som har utviklet seg gjennom \u00e5rhundrene som et svar p\u00e5 spesifikke kommunikasjonsbehov i v\u00e5rt selskap.<\/p>\n<h2><strong>Italienere og rumenere sammenlignet: eksemplene<\/strong><\/h2>\n<p>EN <strong>studere<\/strong> dirigert av<strong>Universitet for utlendinger i Perugia <\/strong>Han analyserte tolkningen av italienske gester av rumenske borgere, og fremhevet hvordan gester, ansiktsuttrykk og visuelle kontakter tolkes annerledes enn de to samfunnene, og hvordan dette kan generere misforst\u00e5elser eller misforst\u00e5elser i forskjellige sammenhenger (f.eks. Skole, arbeid, daglige interaksjoner). Denne studien fremhevet at det er noen <strong>Kulturelle forskjeller i gestkoder<\/strong> og ikke verbale mellom italienere og rumenere og at noen italienske gester (spesielt de veldig eksplisitte og vektlegges) kan oppfattes av rumenere som som som som <strong>overdreven, invasiv eller forvirrende,<\/strong> Hvis de ikke er kontekstualisert.<\/p>\n<p>Noen eksempler:<\/p>\n<div class=\"cp_wrapper--table\">\n<table>\n<thead>\n<tr>\n<th><strong>Italiensk gest<\/strong><\/th>\n<th><strong>Betydning i Italia<\/strong><\/th>\n<th><strong>Tolkning av rumenerne<\/strong><\/th>\n<\/tr>\n<\/thead>\n<tbody>\n<tr>\n<td data-label=\"Gesto italiano\">\u270b &laquo;Jeg sverger!&raquo; (h\u00e5nd p\u00e5 brystet)<\/td>\n<td data-label=\"Significato in Italia\">Oppriktig l\u00f8fte, h\u00f8ytidelig engasjement &laquo;<\/td>\n<td data-label=\"Interpretazione dei romeni\">Lykke til &laquo;,&raquo; Hold kjeft &laquo;,&raquo; Jeg sier ikke &laquo;,&raquo; at alt g\u00e5r bra &laquo;<\/td>\n<\/tr>\n<tr>\n<td data-label=\"Gesto italiano\">\ud83d\udc49 &laquo;Jeg vil gi deg en s\u00e5nn rumpe!&raquo; (\u00e5pen h\u00e5nd for \u00e5 indikere st\u00f8rrelse)<\/td>\n<td data-label=\"Significato in Italia\">Trussel \/ overdrivelse<\/td>\n<td data-label=\"Interpretazione dei romeni\">&laquo;Mye&raquo;, &laquo;veldig&raquo;, &laquo;stor&raquo; (ikke alltid st\u00f8tende)<\/td>\n<\/tr>\n<tr>\n<td data-label=\"Gesto italiano\">\ud83e\udd0c &laquo;Han vet hvordan han skal komme seg bort!&raquo; (Fingre samlet, svingning)<\/td>\n<td data-label=\"Significato in Italia\">Evne, utspekulert<\/td>\n<td data-label=\"Interpretazione dei romeni\">&laquo;Curve Road&raquo;, &laquo;var komplisert&raquo;, &laquo;Craximate&raquo;<\/td>\n<\/tr>\n<tr>\n<td data-label=\"Gesto italiano\">\u271d &laquo;Sett et kors over&raquo;<\/td>\n<td data-label=\"Significato in Italia\">Lukk med en person\/situasjon<\/td>\n<td data-label=\"Interpretazione dei romeni\">&laquo;Velsignelse&raquo;, &laquo;du satte ut&raquo;, &laquo;du er d\u00f8d&raquo;<\/td>\n<\/tr>\n<tr>\n<td data-label=\"Gesto italiano\">\ud83c\udf77 &laquo;Han l\u00f8ftet albuen&raquo;<\/td>\n<td data-label=\"Significato in Italia\">Beruselse<\/td>\n<td data-label=\"Interpretazione dei romeni\">Ikke forst\u00e5tt, ingen tolkning gitt<\/td>\n<\/tr>\n<\/tbody>\n<\/table>\n<\/div>\n<ul>P\u00e5 samme m\u00e5te hadde italienere ogs\u00e5 vanskeligheter med \u00e5 tolke noen gester av rumenske folk:<\/ul>\n<h2><strong>Implikasjoner i interkulturell kommunikasjon<\/strong><\/h2>\n<p>Studien beskrev nettopp konkret viser hvor mye den italienske gesticular m\u00e5ten ikke alltid er &laquo;gjennomsiktig&raquo; for de med en annen kulturell bakgrunn fra v\u00e5r, og gir oss empiriske bevis p\u00e5 at det faktum at <strong>Det er ikke bare spr\u00e5ket som m\u00e5 &laquo;oversatte&raquo;<\/strong>men ogs\u00e5 kroppsspr\u00e5k og at gester ikke er universell verken i sin manifestasjon eller i dens betydning. Forskjellen i ikke -verbal kommunikasjon mellom kulturer <strong>Det kan representere b\u00e5de en barriere og en mulighet<\/strong>. \u00c5 forst\u00e5 og tilpasse til de forskjellige gesturalkodene er avgj\u00f8rende for \u00e5 lette samhandling og forhindre misforst\u00e5elser. For eksempel, mens direkte visuell kontakt i Italia ofte er et tegn p\u00e5 oppmerksomhet og oppriktighet, kan det i andre kulturer oppfattes som p\u00e5trengende eller respektl\u00f8s. Derfor er bevissthet om ens kommunikasjonsvaner og f\u00f8lsomhet for andre avgj\u00f8rende for \u00e5 fremme effektiv og respektfull kommunikasjon.<\/p>\n<div class=\"cp_wrapper  mb-50\">\n<div class=\"cbx\">\n<div class=\"cbx__collection\">\n<p>Kilder<\/p>\n<div class=\"cbx__sources\">\n<p>Poggi, I. (2007). Diksjonen til italiensk gester. Roma: Laterza Publisher.<\/p>\n<p>Universitetet for utlendinger i Perugia. (2016). &laquo;Ikke -verbalt spr\u00e5k i interkulturell kommunikasjon: italienere og rumenere&raquo;.<\/p>\n<p>Vitale, I. (2018). &laquo;Ikke -verbal kommunikasjon i forskjellige kulturer&raquo;.<\/p>\n<\/p><\/div>\n<\/p><\/div>\n<\/p><\/div>\n<\/p><\/div>\n<\/p><\/div>\n","protected":false},"excerpt":{"rendered":"<p>Der Italienske gester Det er ofte gjenstand for nysgjerrighet og har gitt liv til henvisning<\/p>\n","protected":false},"author":1,"featured_media":7179,"comment_status":"closed","ping_status":"open","sticky":false,"template":"","format":"standard","meta":{"footnotes":""},"categories":[104],"tags":[4664,112,101,4073,1139,535,4665,1472,2033,3824],"class_list":["post-7178","post","type-post","status-publish","format-standard","has-post-thumbnail","hentry","category-samfunn","tag-bevegelsene","tag-hvordan","tag-hvorfor","tag-italienere","tag-klarer","tag-mye","tag-oppfattes","tag-sa","tag-utlendinger","tag-vare","generate-columns","tablet-grid-50","mobile-grid-100","grid-parent","grid-33","resize-featured-image"],"yoast_head":"<!-- This site is optimized with the Yoast SEO plugin v24.4 - https:\/\/yoast.com\/wordpress\/plugins\/seo\/ -->\n<title>Hvorfor klarer italienere s\u00e5 mye? Hvordan bevegelsene v\u00e5re oppfattes av utlendinger - Nordnesrepublikken<\/title>\n<meta name=\"robots\" content=\"index, follow, max-snippet:-1, max-image-preview:large, max-video-preview:-1\" \/>\n<link rel=\"canonical\" href=\"https:\/\/nordnesrepublikken.no\/index.php\/2025\/07\/19\/hvorfor-klarer-italienere-sa-mye-hvordan-bevegelsene-vare-oppfattes-av-utlendinger\/\" \/>\n<meta property=\"og:locale\" content=\"nb_NO\" \/>\n<meta property=\"og:type\" content=\"article\" \/>\n<meta property=\"og:title\" content=\"Hvorfor klarer italienere s\u00e5 mye? Hvordan bevegelsene v\u00e5re oppfattes av utlendinger - Nordnesrepublikken\" \/>\n<meta property=\"og:description\" content=\"Der Italienske gester Det er ofte gjenstand for nysgjerrighet og har gitt liv til henvisning\" \/>\n<meta property=\"og:url\" content=\"https:\/\/nordnesrepublikken.no\/index.php\/2025\/07\/19\/hvorfor-klarer-italienere-sa-mye-hvordan-bevegelsene-vare-oppfattes-av-utlendinger\/\" \/>\n<meta property=\"og:site_name\" content=\"Nordnesrepublikken\" \/>\n<meta property=\"article:published_time\" content=\"2025-07-19T16:49:34+00:00\" \/>\n<meta property=\"article:modified_time\" content=\"2025-07-19T16:49:36+00:00\" \/>\n<meta property=\"og:image\" content=\"https:\/\/nordnesrepublikken.no\/wp-content\/uploads\/2025\/07\/1752943775_Hvorfor-klarer-italienere-sa-mye-Hvordan-bevegelsene-vare-oppfattes-av.jpg\" \/>\n\t<meta property=\"og:image:width\" content=\"1254\" \/>\n\t<meta property=\"og:image:height\" content=\"836\" \/>\n\t<meta property=\"og:image:type\" content=\"image\/jpeg\" \/>\n<meta name=\"author\" content=\"Ole Andersen\" \/>\n<meta name=\"twitter:card\" content=\"summary_large_image\" \/>\n<meta name=\"twitter:label1\" content=\"Skrevet av\" \/>\n\t<meta name=\"twitter:data1\" content=\"Ole Andersen\" \/>\n\t<meta name=\"twitter:label2\" content=\"Ansl. lesetid\" \/>\n\t<meta name=\"twitter:data2\" content=\"3 minutter\" \/>\n<script type=\"application\/ld+json\" class=\"yoast-schema-graph\">{\"@context\":\"https:\/\/schema.org\",\"@graph\":[{\"@type\":\"Article\",\"@id\":\"https:\/\/nordnesrepublikken.no\/index.php\/2025\/07\/19\/hvorfor-klarer-italienere-sa-mye-hvordan-bevegelsene-vare-oppfattes-av-utlendinger\/#article\",\"isPartOf\":{\"@id\":\"https:\/\/nordnesrepublikken.no\/index.php\/2025\/07\/19\/hvorfor-klarer-italienere-sa-mye-hvordan-bevegelsene-vare-oppfattes-av-utlendinger\/\"},\"author\":{\"name\":\"Ole Andersen\",\"@id\":\"https:\/\/nordnesrepublikken.no\/#\/schema\/person\/2e7e81935bab77882fffb79296240ff1\"},\"headline\":\"Hvorfor klarer italienere s\u00e5 mye? Hvordan bevegelsene v\u00e5re oppfattes av utlendinger\",\"datePublished\":\"2025-07-19T16:49:34+00:00\",\"dateModified\":\"2025-07-19T16:49:36+00:00\",\"mainEntityOfPage\":{\"@id\":\"https:\/\/nordnesrepublikken.no\/index.php\/2025\/07\/19\/hvorfor-klarer-italienere-sa-mye-hvordan-bevegelsene-vare-oppfattes-av-utlendinger\/\"},\"wordCount\":593,\"publisher\":{\"@id\":\"https:\/\/nordnesrepublikken.no\/#organization\"},\"image\":{\"@id\":\"https:\/\/nordnesrepublikken.no\/index.php\/2025\/07\/19\/hvorfor-klarer-italienere-sa-mye-hvordan-bevegelsene-vare-oppfattes-av-utlendinger\/#primaryimage\"},\"thumbnailUrl\":\"https:\/\/nordnesrepublikken.no\/wp-content\/uploads\/2025\/07\/1752943775_Hvorfor-klarer-italienere-sa-mye-Hvordan-bevegelsene-vare-oppfattes-av.jpg\",\"keywords\":[\"bevegelsene\",\"Hvordan\",\"hvorfor\",\"italienere\",\"klarer\",\"mye\",\"oppfattes\",\"s\u00e5\",\"utlendinger\",\"v\u00e5re\"],\"articleSection\":[\"Samfunn\"],\"inLanguage\":\"nb-NO\"},{\"@type\":\"WebPage\",\"@id\":\"https:\/\/nordnesrepublikken.no\/index.php\/2025\/07\/19\/hvorfor-klarer-italienere-sa-mye-hvordan-bevegelsene-vare-oppfattes-av-utlendinger\/\",\"url\":\"https:\/\/nordnesrepublikken.no\/index.php\/2025\/07\/19\/hvorfor-klarer-italienere-sa-mye-hvordan-bevegelsene-vare-oppfattes-av-utlendinger\/\",\"name\":\"Hvorfor klarer italienere s\u00e5 mye? Hvordan bevegelsene v\u00e5re oppfattes av utlendinger - Nordnesrepublikken\",\"isPartOf\":{\"@id\":\"https:\/\/nordnesrepublikken.no\/#website\"},\"primaryImageOfPage\":{\"@id\":\"https:\/\/nordnesrepublikken.no\/index.php\/2025\/07\/19\/hvorfor-klarer-italienere-sa-mye-hvordan-bevegelsene-vare-oppfattes-av-utlendinger\/#primaryimage\"},\"image\":{\"@id\":\"https:\/\/nordnesrepublikken.no\/index.php\/2025\/07\/19\/hvorfor-klarer-italienere-sa-mye-hvordan-bevegelsene-vare-oppfattes-av-utlendinger\/#primaryimage\"},\"thumbnailUrl\":\"https:\/\/nordnesrepublikken.no\/wp-content\/uploads\/2025\/07\/1752943775_Hvorfor-klarer-italienere-sa-mye-Hvordan-bevegelsene-vare-oppfattes-av.jpg\",\"datePublished\":\"2025-07-19T16:49:34+00:00\",\"dateModified\":\"2025-07-19T16:49:36+00:00\",\"breadcrumb\":{\"@id\":\"https:\/\/nordnesrepublikken.no\/index.php\/2025\/07\/19\/hvorfor-klarer-italienere-sa-mye-hvordan-bevegelsene-vare-oppfattes-av-utlendinger\/#breadcrumb\"},\"inLanguage\":\"nb-NO\",\"potentialAction\":[{\"@type\":\"ReadAction\",\"target\":[\"https:\/\/nordnesrepublikken.no\/index.php\/2025\/07\/19\/hvorfor-klarer-italienere-sa-mye-hvordan-bevegelsene-vare-oppfattes-av-utlendinger\/\"]}]},{\"@type\":\"ImageObject\",\"inLanguage\":\"nb-NO\",\"@id\":\"https:\/\/nordnesrepublikken.no\/index.php\/2025\/07\/19\/hvorfor-klarer-italienere-sa-mye-hvordan-bevegelsene-vare-oppfattes-av-utlendinger\/#primaryimage\",\"url\":\"https:\/\/nordnesrepublikken.no\/wp-content\/uploads\/2025\/07\/1752943775_Hvorfor-klarer-italienere-sa-mye-Hvordan-bevegelsene-vare-oppfattes-av.jpg\",\"contentUrl\":\"https:\/\/nordnesrepublikken.no\/wp-content\/uploads\/2025\/07\/1752943775_Hvorfor-klarer-italienere-sa-mye-Hvordan-bevegelsene-vare-oppfattes-av.jpg\",\"width\":1254,\"height\":836,\"caption\":\"gesti italiani\"},{\"@type\":\"BreadcrumbList\",\"@id\":\"https:\/\/nordnesrepublikken.no\/index.php\/2025\/07\/19\/hvorfor-klarer-italienere-sa-mye-hvordan-bevegelsene-vare-oppfattes-av-utlendinger\/#breadcrumb\",\"itemListElement\":[{\"@type\":\"ListItem\",\"position\":1,\"name\":\"Home\",\"item\":\"https:\/\/nordnesrepublikken.no\/\"},{\"@type\":\"ListItem\",\"position\":2,\"name\":\"Hvorfor klarer italienere s\u00e5 mye? Hvordan bevegelsene v\u00e5re oppfattes av utlendinger\"}]},{\"@type\":\"WebSite\",\"@id\":\"https:\/\/nordnesrepublikken.no\/#website\",\"url\":\"https:\/\/nordnesrepublikken.no\/\",\"name\":\"Nordnesrepublikken\",\"description\":\"Stemmer og Visjoner fra Republikkens Hjerte\",\"publisher\":{\"@id\":\"https:\/\/nordnesrepublikken.no\/#organization\"},\"potentialAction\":[{\"@type\":\"SearchAction\",\"target\":{\"@type\":\"EntryPoint\",\"urlTemplate\":\"https:\/\/nordnesrepublikken.no\/?s={search_term_string}\"},\"query-input\":{\"@type\":\"PropertyValueSpecification\",\"valueRequired\":true,\"valueName\":\"search_term_string\"}}],\"inLanguage\":\"nb-NO\"},{\"@type\":\"Organization\",\"@id\":\"https:\/\/nordnesrepublikken.no\/#organization\",\"name\":\"Nordnesrepublikken\",\"url\":\"https:\/\/nordnesrepublikken.no\/\",\"logo\":{\"@type\":\"ImageObject\",\"inLanguage\":\"nb-NO\",\"@id\":\"https:\/\/nordnesrepublikken.no\/#\/schema\/logo\/image\/\",\"url\":\"https:\/\/nordnesrepublikken.no\/wp-content\/uploads\/2025\/02\/cropped-nordnesrepublikken-2.png\",\"contentUrl\":\"https:\/\/nordnesrepublikken.no\/wp-content\/uploads\/2025\/02\/cropped-nordnesrepublikken-2.png\",\"width\":1248,\"height\":362,\"caption\":\"Nordnesrepublikken\"},\"image\":{\"@id\":\"https:\/\/nordnesrepublikken.no\/#\/schema\/logo\/image\/\"}},{\"@type\":\"Person\",\"@id\":\"https:\/\/nordnesrepublikken.no\/#\/schema\/person\/2e7e81935bab77882fffb79296240ff1\",\"name\":\"Ole Andersen\",\"image\":{\"@type\":\"ImageObject\",\"inLanguage\":\"nb-NO\",\"@id\":\"https:\/\/nordnesrepublikken.no\/#\/schema\/person\/image\/\",\"url\":\"https:\/\/nordnesrepublikken.no\/wp-content\/uploads\/2025\/02\/nordnesrepublikken-2-2-150x150.jpg\",\"contentUrl\":\"https:\/\/nordnesrepublikken.no\/wp-content\/uploads\/2025\/02\/nordnesrepublikken-2-2-150x150.jpg\",\"caption\":\"Ole Andersen\"},\"description\":\"Ettersom jeg vokste opp i Oslo, har jeg alltid v\u00e6rt fascinert av ordenes kraft og deres evne til \u00e5 skape endringer. Etter \u00e5 ha fullf\u00f8rt min utdannelse i kommunikasjon ved Universitetet i Bergen, fikk jeg muligheten til \u00e5 jobbe innen ulike medier, der jeg har s\u00f8kt \u00e5 belyse viktige samfunnssp\u00f8rsm\u00e5l. I dag, som redakt\u00f8r for Nordnesrepublikken, pr\u00f8ver jeg \u00e5 forene min kj\u00e6rlighet for journalistikk med min lidenskap for innovasjon og eventyr.\",\"sameAs\":[\"https:\/\/nordnesrepublikken.no\/\"]}]}<\/script>\n<!-- \/ Yoast SEO plugin. -->","yoast_head_json":{"title":"Hvorfor klarer italienere s\u00e5 mye? Hvordan bevegelsene v\u00e5re oppfattes av utlendinger - Nordnesrepublikken","robots":{"index":"index","follow":"follow","max-snippet":"max-snippet:-1","max-image-preview":"max-image-preview:large","max-video-preview":"max-video-preview:-1"},"canonical":"https:\/\/nordnesrepublikken.no\/index.php\/2025\/07\/19\/hvorfor-klarer-italienere-sa-mye-hvordan-bevegelsene-vare-oppfattes-av-utlendinger\/","og_locale":"nb_NO","og_type":"article","og_title":"Hvorfor klarer italienere s\u00e5 mye? Hvordan bevegelsene v\u00e5re oppfattes av utlendinger - Nordnesrepublikken","og_description":"Der Italienske gester Det er ofte gjenstand for nysgjerrighet og har gitt liv til henvisning","og_url":"https:\/\/nordnesrepublikken.no\/index.php\/2025\/07\/19\/hvorfor-klarer-italienere-sa-mye-hvordan-bevegelsene-vare-oppfattes-av-utlendinger\/","og_site_name":"Nordnesrepublikken","article_published_time":"2025-07-19T16:49:34+00:00","article_modified_time":"2025-07-19T16:49:36+00:00","og_image":[{"width":1254,"height":836,"url":"https:\/\/nordnesrepublikken.no\/wp-content\/uploads\/2025\/07\/1752943775_Hvorfor-klarer-italienere-sa-mye-Hvordan-bevegelsene-vare-oppfattes-av.jpg","type":"image\/jpeg"}],"author":"Ole Andersen","twitter_card":"summary_large_image","twitter_misc":{"Skrevet av":"Ole Andersen","Ansl. lesetid":"3 minutter"},"schema":{"@context":"https:\/\/schema.org","@graph":[{"@type":"Article","@id":"https:\/\/nordnesrepublikken.no\/index.php\/2025\/07\/19\/hvorfor-klarer-italienere-sa-mye-hvordan-bevegelsene-vare-oppfattes-av-utlendinger\/#article","isPartOf":{"@id":"https:\/\/nordnesrepublikken.no\/index.php\/2025\/07\/19\/hvorfor-klarer-italienere-sa-mye-hvordan-bevegelsene-vare-oppfattes-av-utlendinger\/"},"author":{"name":"Ole Andersen","@id":"https:\/\/nordnesrepublikken.no\/#\/schema\/person\/2e7e81935bab77882fffb79296240ff1"},"headline":"Hvorfor klarer italienere s\u00e5 mye? Hvordan bevegelsene v\u00e5re oppfattes av utlendinger","datePublished":"2025-07-19T16:49:34+00:00","dateModified":"2025-07-19T16:49:36+00:00","mainEntityOfPage":{"@id":"https:\/\/nordnesrepublikken.no\/index.php\/2025\/07\/19\/hvorfor-klarer-italienere-sa-mye-hvordan-bevegelsene-vare-oppfattes-av-utlendinger\/"},"wordCount":593,"publisher":{"@id":"https:\/\/nordnesrepublikken.no\/#organization"},"image":{"@id":"https:\/\/nordnesrepublikken.no\/index.php\/2025\/07\/19\/hvorfor-klarer-italienere-sa-mye-hvordan-bevegelsene-vare-oppfattes-av-utlendinger\/#primaryimage"},"thumbnailUrl":"https:\/\/nordnesrepublikken.no\/wp-content\/uploads\/2025\/07\/1752943775_Hvorfor-klarer-italienere-sa-mye-Hvordan-bevegelsene-vare-oppfattes-av.jpg","keywords":["bevegelsene","Hvordan","hvorfor","italienere","klarer","mye","oppfattes","s\u00e5","utlendinger","v\u00e5re"],"articleSection":["Samfunn"],"inLanguage":"nb-NO"},{"@type":"WebPage","@id":"https:\/\/nordnesrepublikken.no\/index.php\/2025\/07\/19\/hvorfor-klarer-italienere-sa-mye-hvordan-bevegelsene-vare-oppfattes-av-utlendinger\/","url":"https:\/\/nordnesrepublikken.no\/index.php\/2025\/07\/19\/hvorfor-klarer-italienere-sa-mye-hvordan-bevegelsene-vare-oppfattes-av-utlendinger\/","name":"Hvorfor klarer italienere s\u00e5 mye? Hvordan bevegelsene v\u00e5re oppfattes av utlendinger - Nordnesrepublikken","isPartOf":{"@id":"https:\/\/nordnesrepublikken.no\/#website"},"primaryImageOfPage":{"@id":"https:\/\/nordnesrepublikken.no\/index.php\/2025\/07\/19\/hvorfor-klarer-italienere-sa-mye-hvordan-bevegelsene-vare-oppfattes-av-utlendinger\/#primaryimage"},"image":{"@id":"https:\/\/nordnesrepublikken.no\/index.php\/2025\/07\/19\/hvorfor-klarer-italienere-sa-mye-hvordan-bevegelsene-vare-oppfattes-av-utlendinger\/#primaryimage"},"thumbnailUrl":"https:\/\/nordnesrepublikken.no\/wp-content\/uploads\/2025\/07\/1752943775_Hvorfor-klarer-italienere-sa-mye-Hvordan-bevegelsene-vare-oppfattes-av.jpg","datePublished":"2025-07-19T16:49:34+00:00","dateModified":"2025-07-19T16:49:36+00:00","breadcrumb":{"@id":"https:\/\/nordnesrepublikken.no\/index.php\/2025\/07\/19\/hvorfor-klarer-italienere-sa-mye-hvordan-bevegelsene-vare-oppfattes-av-utlendinger\/#breadcrumb"},"inLanguage":"nb-NO","potentialAction":[{"@type":"ReadAction","target":["https:\/\/nordnesrepublikken.no\/index.php\/2025\/07\/19\/hvorfor-klarer-italienere-sa-mye-hvordan-bevegelsene-vare-oppfattes-av-utlendinger\/"]}]},{"@type":"ImageObject","inLanguage":"nb-NO","@id":"https:\/\/nordnesrepublikken.no\/index.php\/2025\/07\/19\/hvorfor-klarer-italienere-sa-mye-hvordan-bevegelsene-vare-oppfattes-av-utlendinger\/#primaryimage","url":"https:\/\/nordnesrepublikken.no\/wp-content\/uploads\/2025\/07\/1752943775_Hvorfor-klarer-italienere-sa-mye-Hvordan-bevegelsene-vare-oppfattes-av.jpg","contentUrl":"https:\/\/nordnesrepublikken.no\/wp-content\/uploads\/2025\/07\/1752943775_Hvorfor-klarer-italienere-sa-mye-Hvordan-bevegelsene-vare-oppfattes-av.jpg","width":1254,"height":836,"caption":"gesti italiani"},{"@type":"BreadcrumbList","@id":"https:\/\/nordnesrepublikken.no\/index.php\/2025\/07\/19\/hvorfor-klarer-italienere-sa-mye-hvordan-bevegelsene-vare-oppfattes-av-utlendinger\/#breadcrumb","itemListElement":[{"@type":"ListItem","position":1,"name":"Home","item":"https:\/\/nordnesrepublikken.no\/"},{"@type":"ListItem","position":2,"name":"Hvorfor klarer italienere s\u00e5 mye? Hvordan bevegelsene v\u00e5re oppfattes av utlendinger"}]},{"@type":"WebSite","@id":"https:\/\/nordnesrepublikken.no\/#website","url":"https:\/\/nordnesrepublikken.no\/","name":"Nordnesrepublikken","description":"Stemmer og Visjoner fra Republikkens Hjerte","publisher":{"@id":"https:\/\/nordnesrepublikken.no\/#organization"},"potentialAction":[{"@type":"SearchAction","target":{"@type":"EntryPoint","urlTemplate":"https:\/\/nordnesrepublikken.no\/?s={search_term_string}"},"query-input":{"@type":"PropertyValueSpecification","valueRequired":true,"valueName":"search_term_string"}}],"inLanguage":"nb-NO"},{"@type":"Organization","@id":"https:\/\/nordnesrepublikken.no\/#organization","name":"Nordnesrepublikken","url":"https:\/\/nordnesrepublikken.no\/","logo":{"@type":"ImageObject","inLanguage":"nb-NO","@id":"https:\/\/nordnesrepublikken.no\/#\/schema\/logo\/image\/","url":"https:\/\/nordnesrepublikken.no\/wp-content\/uploads\/2025\/02\/cropped-nordnesrepublikken-2.png","contentUrl":"https:\/\/nordnesrepublikken.no\/wp-content\/uploads\/2025\/02\/cropped-nordnesrepublikken-2.png","width":1248,"height":362,"caption":"Nordnesrepublikken"},"image":{"@id":"https:\/\/nordnesrepublikken.no\/#\/schema\/logo\/image\/"}},{"@type":"Person","@id":"https:\/\/nordnesrepublikken.no\/#\/schema\/person\/2e7e81935bab77882fffb79296240ff1","name":"Ole Andersen","image":{"@type":"ImageObject","inLanguage":"nb-NO","@id":"https:\/\/nordnesrepublikken.no\/#\/schema\/person\/image\/","url":"https:\/\/nordnesrepublikken.no\/wp-content\/uploads\/2025\/02\/nordnesrepublikken-2-2-150x150.jpg","contentUrl":"https:\/\/nordnesrepublikken.no\/wp-content\/uploads\/2025\/02\/nordnesrepublikken-2-2-150x150.jpg","caption":"Ole Andersen"},"description":"Ettersom jeg vokste opp i Oslo, har jeg alltid v\u00e6rt fascinert av ordenes kraft og deres evne til \u00e5 skape endringer. Etter \u00e5 ha fullf\u00f8rt min utdannelse i kommunikasjon ved Universitetet i Bergen, fikk jeg muligheten til \u00e5 jobbe innen ulike medier, der jeg har s\u00f8kt \u00e5 belyse viktige samfunnssp\u00f8rsm\u00e5l. I dag, som redakt\u00f8r for Nordnesrepublikken, pr\u00f8ver jeg \u00e5 forene min kj\u00e6rlighet for journalistikk med min lidenskap for innovasjon og eventyr.","sameAs":["https:\/\/nordnesrepublikken.no\/"]}]}},"_links":{"self":[{"href":"https:\/\/nordnesrepublikken.no\/index.php\/wp-json\/wp\/v2\/posts\/7178","targetHints":{"allow":["GET"]}}],"collection":[{"href":"https:\/\/nordnesrepublikken.no\/index.php\/wp-json\/wp\/v2\/posts"}],"about":[{"href":"https:\/\/nordnesrepublikken.no\/index.php\/wp-json\/wp\/v2\/types\/post"}],"author":[{"embeddable":true,"href":"https:\/\/nordnesrepublikken.no\/index.php\/wp-json\/wp\/v2\/users\/1"}],"replies":[{"embeddable":true,"href":"https:\/\/nordnesrepublikken.no\/index.php\/wp-json\/wp\/v2\/comments?post=7178"}],"version-history":[{"count":1,"href":"https:\/\/nordnesrepublikken.no\/index.php\/wp-json\/wp\/v2\/posts\/7178\/revisions"}],"predecessor-version":[{"id":7180,"href":"https:\/\/nordnesrepublikken.no\/index.php\/wp-json\/wp\/v2\/posts\/7178\/revisions\/7180"}],"wp:featuredmedia":[{"embeddable":true,"href":"https:\/\/nordnesrepublikken.no\/index.php\/wp-json\/wp\/v2\/media\/7179"}],"wp:attachment":[{"href":"https:\/\/nordnesrepublikken.no\/index.php\/wp-json\/wp\/v2\/media?parent=7178"}],"wp:term":[{"taxonomy":"category","embeddable":true,"href":"https:\/\/nordnesrepublikken.no\/index.php\/wp-json\/wp\/v2\/categories?post=7178"},{"taxonomy":"post_tag","embeddable":true,"href":"https:\/\/nordnesrepublikken.no\/index.php\/wp-json\/wp\/v2\/tags?post=7178"}],"curies":[{"name":"wp","href":"https:\/\/api.w.org\/{rel}","templated":true}]}}