{"id":7175,"date":"2025-07-19T17:50:39","date_gmt":"2025-07-19T15:50:39","guid":{"rendered":"https:\/\/nordnesrepublikken.no\/index.php\/2025\/07\/19\/schengen-jordskjelv-reisende-ma-vite-sannheten-eus-grensekontroller-fortsetter-a-pavirke-reisende\/"},"modified":"2025-07-19T17:50:41","modified_gmt":"2025-07-19T15:50:41","slug":"schengen-jordskjelv-reisende-ma-vite-sannheten-eus-grensekontroller-fortsetter-a-pavirke-reisende","status":"publish","type":"post","link":"https:\/\/nordnesrepublikken.no\/index.php\/2025\/07\/19\/schengen-jordskjelv-reisende-ma-vite-sannheten-eus-grensekontroller-fortsetter-a-pavirke-reisende\/","title":{"rendered":"Schengen jordskjelv: &#8216;Reisende m\u00e5 vite sannheten&#8217; &#8211; EUs grensekontroller fortsetter \u00e5 p\u00e5virke reisende"},"content":{"rendered":"<p><\/p>\n<div class=\"wordpress-content\">\n                    <!-- Article Start --><\/p>\n<p data-start=\"727\" data-end=\"1053\"><strong data-start=\"727\" data-end=\"859\">Flere europeiske land har utvidet grensekontroller i sommer, med henvisning til terrorisme, migrasjonspress og organisert kriminalitet.<\/strong> <strong>Og mens mange av disse tiltakene ble kunngjort i juni og juli, er de ikke over. Faktisk begynner reisende &#8211; inkludert briter &#8211; n\u00e5 \u00e5 f\u00f8le innvirkningen p\u00e5 ferger, tog og til og med flyreiser.<\/strong><\/p>\n<h3 data-start=\"1055\" data-end=\"1079\"><strong data-start=\"1059\" data-end=\"1079\">Hva skjer?<\/strong><\/h3>\n<p>Grensekontroller er tilbake over hele Europa da Schengen st\u00e5r overfor sin st\u00f8rste rystelse p\u00e5 flere ti\u00e5r. Her er hva reisende trenger \u00e5 vite.<\/p>\n<p><span data-preserver-spaces=\"true\">Schengen under press: EU -land introduserer grensekontroller midt i terrorfrykt, migrasjonsb\u00f8lger og \u00f8kende sikkerhetstrusler.<\/span><\/p>\n<div class=\"sra_unit\"><link rel=\"stylesheet\" id=\"block-sra\" href=\"https:\/\/euroweeklynews.com\/wp-content\/plugins\/snack-related-articles\/dist\/css\/snack-related.min.css?250312-193541\" type=\"text\/css\" media=\"all\">\n<\/div>\n<p><span data-preserver-spaces=\"true\">Dr\u00f8mmen om friksjonsfri europeisk reiser er truet &#8211; og for millioner av reisende betyr det k\u00f8er, sjekker og kansellerte forutsetninger. <\/span><span data-preserver-spaces=\"true\">Det en gang grensel\u00f8se Schengen -omr\u00e5det, lenge hyllet som en triumf av enhet og mobilitet, er n\u00e5 <\/span><span data-preserver-spaces=\"true\">Ratt med<\/span><span data-preserver-spaces=\"true\">  Grensekontroller, patruljer og \u00f8kende politiske spenninger.<\/span><\/p>\n<p><span data-preserver-spaces=\"true\">Fra fergehavner i Frankrike til jernbanestasjoner i \u00d8sterrike, er indre grenser stille &#8211; og lovlig &#8211; som kommer tilbake over kontinentet.<\/span><\/p>\n<p><span data-preserver-spaces=\"true\">S\u00e5 hva i all verden skjer?<\/span><\/p>\n<h2><span data-preserver-spaces=\"true\">Slutten p\u00e5 Border Bliss?<\/span><\/h2>\n<p><span data-preserver-spaces=\"true\">I 1985 samlet en gruppe europeiske ledere seg p\u00e5 en b\u00e5t som drev gjennom Moselle -elven, n\u00e6r landsbyen Schengen, for \u00e5 erkl\u00e6re en dristig ny visjon: et Europa uten indre grenser. Det som fulgte ble en av kontinentets stolteste prestasjoner &#8211; Schengen -omr\u00e5det.<\/span><\/p>\n<p><span data-preserver-spaces=\"true\">EU fremdeles <\/span><span data-preserver-spaces=\"true\">samtaler<\/span><span data-preserver-spaces=\"true\">  Det &laquo;en grunnleggende del av den europeiske identiteten.&raquo;<\/span><span data-preserver-spaces=\"true\">  Men fire ti\u00e5r senere er den identiteten under belastning. Land trekker opp trekkbroene &#8211; sakte, stille, men umiskjennelig.<\/span><\/p>\n<p><span data-preserver-spaces=\"true\">Fra og med i sommer, flere EU -medlemsland<\/span><span data-preserver-spaces=\"true\">  &#8211; <\/span><span data-preserver-spaces=\"true\">inkludert Frankrike, Tyskland, Nederland, Italia, Sverige og \u00d8sterrike<\/span><span data-preserver-spaces=\"true\">  &#8211; <\/span><span data-preserver-spaces=\"true\">har gjeninnf\u00f8rt interne grensekontroller.<\/span> <span data-preserver-spaces=\"true\">Til og med ikke-EU-medlemmer <\/span><span data-preserver-spaces=\"true\">like<\/span><span data-preserver-spaces=\"true\">  Norge og Sveits har fulgt etter.<\/span><\/p>\n<p><span data-preserver-spaces=\"true\">Og denne gangen er det ikke midlertidig &#8211; det er strategisk.<\/span><\/p>\n<h2><span data-preserver-spaces=\"true\">Hvorfor er grensekontrollene tilbake?<\/span><\/h2>\n<p><span data-preserver-spaces=\"true\">Regjeringer siterer en rekke alvorlige bekymringer:<\/span><\/p>\n<ul>\n<li><span data-preserver-spaces=\"true\">Frankrike beskylder vedvarende jihadistiske trusler, en \u00f8kning i antisemittisk vold og voksende kriminelle nettverk i kystregioner som Dunkirk og Calais.<\/span><\/li>\n<li><span data-preserver-spaces=\"true\">Tyskland peker p\u00e5 <\/span><span data-preserver-spaces=\"true\">\u00f8kt<\/span><span data-preserver-spaces=\"true\">  Migrantsmugling og press p\u00e5 asylmottakssystemet.<\/span><\/li>\n<li><span data-preserver-spaces=\"true\">Italia og Slovenia siterer frykt for terrorinfiltrasjon via Balkan -ruten og ustabilitet knyttet til konfliktene i Ukraina og Midt -\u00d8sten.<\/span><\/li>\n<li><span data-preserver-spaces=\"true\">Sverige og Danmark er bekymret for organisert kriminalitet og statsst\u00f8ttet sabotasje.<\/span><\/li>\n<li><span data-preserver-spaces=\"true\">Nederland er overveldet av asylapplikasjoner og sier migrasjonssystemet er <\/span><span data-preserver-spaces=\"true\">strukket til<\/span><span data-preserver-spaces=\"true\">  begrense.<\/span><\/li>\n<\/ul>\n<p><span data-preserver-spaces=\"true\">Dette er ikke bare unnskyldninger. <\/span><span data-preserver-spaces=\"true\">I 2023, <\/span><span data-preserver-spaces=\"true\">EU<\/span><span data-preserver-spaces=\"true\">  Byr\u00e5et Frontex rapporterte millioner av intern grense <\/span><span data-preserver-spaces=\"true\">inspeksjoner<\/span><span data-preserver-spaces=\"true\">,<\/span> <span data-preserver-spaces=\"true\">med en svimlende \u00f8kning <\/span><span data-preserver-spaces=\"true\">p\u00e5<\/span><span data-preserver-spaces=\"true\">  \u00e5ret f\u00f8r.<\/span><\/p>\n<h2><span data-preserver-spaces=\"true\">Hvem stenger <\/span><span data-preserver-spaces=\"true\">Hva &#8211;<\/span><span data-preserver-spaces=\"true\">  Og hvorfor<\/span><\/h2>\n<p><span data-preserver-spaces=\"true\">EU -kommisjonen har offisielt bekreftet at minst 12 Schengen -land aktivt h\u00e5ndhever interne kontroller i \u00e5r. Disse inkluderer:<\/span><\/p>\n<ul>\n<li><strong><span data-preserver-spaces=\"true\">Frankrike<\/span><\/strong><span data-preserver-spaces=\"true\">: Fram til 31. oktober, med henvisning til jihadistiske trusler og migrasjonsrelatert vold. Alle indre grenser <\/span><span data-preserver-spaces=\"true\">er ber\u00f8rt<\/span><span data-preserver-spaces=\"true\">.<\/span><\/li>\n<li><strong><span data-preserver-spaces=\"true\">Tyskland<\/span><\/strong><span data-preserver-spaces=\"true\">: Fram til 15. september, med henvisning til h\u00f8y uregelmessig migrasjon og smugling. Grenser med ni <\/span><span data-preserver-spaces=\"true\">nabolandet<\/span><span data-preserver-spaces=\"true\">  land.<\/span><\/li>\n<li><strong><span data-preserver-spaces=\"true\">Italia<\/span><\/strong><span data-preserver-spaces=\"true\">: Fram til 18. desember, med henvisning til terrorinfiltrasjon og store hendelser som Universal Jubilee.<\/span><\/li>\n<li><strong><span data-preserver-spaces=\"true\">\u00d8sterrike<\/span><\/strong><span data-preserver-spaces=\"true\">: Grensekontroller p\u00e5 plass til 11. november, rettet mot migrasjon over s\u00f8rlige og \u00f8stlige grenser.<\/span><\/li>\n<li><strong><span data-preserver-spaces=\"true\">Nederland<\/span><\/strong><span data-preserver-spaces=\"true\">: Kontroller <\/span><span data-preserver-spaces=\"true\">til<\/span><span data-preserver-spaces=\"true\">  8. desember, p\u00e5 grunn av montering av press p\u00e5 offentlige tjenester og migrasjonsstr\u00f8mmer.<\/span><\/li>\n<li><strong><span data-preserver-spaces=\"true\">Slovenia, Polen, Sverige, Danmark, Norge<\/span><\/strong><span data-preserver-spaces=\"true\">: Alle h\u00e5ndheving av kontroller knyttet til spesifikke sikkerhetsproblemer, inkludert utenlandsk sabotasje og kriminalitet over landegrensene.<\/span><\/li>\n<\/ul>\n<p><span data-preserver-spaces=\"true\">Enda mindre kryssinger, for eksempel fergekoblinger mellom Slovakia og Ungarn, blir stengt helt for \u00e5 trakte folk gjennom st\u00f8rre, mer kontrollerte punkter.<\/span><\/p>\n<p><span data-preserver-spaces=\"true\">Dette er ikke bare grensekontroller &#8211; de er koordinert lockdowns kledd i lovlig sjargong. Og de skjer akkurat n\u00e5, i henhold til EU-lovbestemmelser artikkel 25-29 i Schengen Borders-koden.<\/span><\/p>\n<h2><span data-preserver-spaces=\"true\">Hvordan <\/span><span data-preserver-spaces=\"true\">gj\u00f8r det<\/span> <span data-preserver-spaces=\"true\">affekt<\/span><span data-preserver-spaces=\"true\">  reisende?<\/span><\/h2>\n<p><span data-preserver-spaces=\"true\">Enten du reiser for virksomhet, turisme eller familie, kan disse nye sjekkene alvorlig endre planene dine.<\/span><\/p>\n<p><span data-preserver-spaces=\"true\">Kj\u00f8rer du over grensene? Forvent at trafikken blir traktet gjennom inspeksjonsbaner, med mulige forsinkelser og dokumentkontroller.<\/span><\/p>\n<p><span data-preserver-spaces=\"true\">  Reiser med tog? Grensepolitiet kan g\u00e5 ombord p\u00e5 store grensestasjoner for \u00e5 bekrefte pass <\/span><span data-preserver-spaces=\"true\">Midt-Journey<\/span><span data-preserver-spaces=\"true\">.<\/span><\/p>\n<p><span data-preserver-spaces=\"true\">  Tar du en ferge? Selv intra-Schengen-ruter involverer n\u00e5 inspeksjoner ved ankomst eller avgang.<\/span><\/p>\n<p><span data-preserver-spaces=\"true\">  Fly i Europa? Du vil sannsynligvis bli bedt om \u00e5 vise ID to ganger &#8211; en gang n\u00e5r du g\u00e5r ombord og igjen ved ankomst &#8211; spesielt hvis du er utenfor EU.<\/span><\/p>\n<p><span data-preserver-spaces=\"true\">Dette gjelder om du er p\u00e5 vei fra Wien til Bratislava, Amsterdam til K\u00f6ln eller Paris til Gen\u00e8ve. Dagene med \u00e5 bare hoppe over grensen ubemerket glir bort.<\/span><\/p>\n<h2><span data-preserver-spaces=\"true\">Midlertidig? Ikke helt<\/span><\/h2>\n<p><span data-preserver-spaces=\"true\">I henhold til EU -loven er interne grensekontroller ment \u00e5 v\u00e6re &laquo;midlertidig&raquo; &#8211; som varer 30 dager av gangen og utvides i opptil seks m\u00e5neder i henhold til artikkel 25 i Schengen Borders -koden. Men virkeligheten ser veldig annerledes ut.<\/span><\/p>\n<p><span data-preserver-spaces=\"true\">Tyskland har for eksempel opprettholdt interne grensekontroller med \u00d8sterrike <\/span><span data-preserver-spaces=\"true\">av og p\u00e5<\/span><span data-preserver-spaces=\"true\">  Siden 2015. Noen andre land sykler n\u00e5 varslene sine \u00e5r etter \u00e5r, og skaper en nesten permanent tilstand av grensev\u00e5pen.<\/span><\/p>\n<p><span data-preserver-spaces=\"true\">Og inn<\/span><span data-preserver-spaces=\"true\">  tilfeller av eksepsjonelle <\/span><span data-preserver-spaces=\"true\">trusler,<\/span><span data-preserver-spaces=\"true\">  slik som massemigrasjon, terrorisme eller trusler mot <\/span><span data-preserver-spaces=\"true\">infrastruktur,<\/span><span data-preserver-spaces=\"true\">  Kontroller kan lovlig <\/span><span data-preserver-spaces=\"true\">forlenge<\/span><span data-preserver-spaces=\"true\">  Enda lenger.<\/span><\/p>\n<h2><span data-preserver-spaces=\"true\">Hva <\/span><span data-preserver-spaces=\"true\">dette<\/span> <span data-preserver-spaces=\"true\">bety<\/span><span data-preserver-spaces=\"true\">s<\/span><span data-preserver-spaces=\"true\">  for fremtiden<\/span><\/h2>\n<p><span data-preserver-spaces=\"true\">Schengen er ikke d\u00f8d &#8211; men den er s\u00e5ret. Den langsomme, lovlige gjeninnf\u00f8ringen av interne grenser signaliserer et skifte i Europas prioriteringer, fra idealisme til sikkerhet.<\/span><\/p>\n<p><span data-preserver-spaces=\"true\">I praksis betyr dette at reisende b\u00f8r forberede seg p\u00e5 flere kontroller, flere dokumenter og lengre reiser &#8211; selv i EU.<\/span><\/p>\n<p><span data-preserver-spaces=\"true\">Meldingen fra Europas hovedsteder er tydelig: fri bevegelse er ikke over, men den er ikke lenger garantert.<\/span><\/p>\n<p><span data-preserver-spaces=\"true\">S\u00e5 uansett om du er p\u00e5 vei til en festival i Berlin, en konferanse i Brussel eller en familieferie i Alpene, sjekk f\u00f8r du drar &#8211; og ikke glem passet ditt.<\/span><\/p>\n<p><span data-preserver-spaces=\"true\">Flere <\/span><span data-preserver-spaces=\"true\">t<\/span><span data-preserver-spaces=\"true\">Rave<\/span><span data-preserver-spaces=\"true\">Jeg nyheter fra <\/span><span data-preserver-spaces=\"true\">ar<\/span><span data-preserver-spaces=\"true\">ou<\/span><span data-preserver-spaces=\"true\">nd den <\/span><span data-preserver-spaces=\"true\">Worl<\/span><span data-preserver-spaces=\"true\">d<\/span><span data-preserver-spaces=\"true\">.<\/span><\/p>\n<p><span data-preserver-spaces=\"true\">Flere <\/span><span data-preserver-spaces=\"true\">Nyheter p\u00e5 engelsk fra hele Spania<\/span><span data-preserver-spaces=\"true\">. <\/span><\/p>\n<p>                    <!-- Article End -->\n                <\/div>\n","protected":false},"excerpt":{"rendered":"<p>Flere europeiske land har utvidet grensekontroller i sommer, med henvisning til terrorisme, migrasjonspress og organisert<\/p>\n","protected":false},"author":1,"featured_media":7176,"comment_status":"closed","ping_status":"open","sticky":false,"template":"","format":"standard","meta":{"footnotes":""},"categories":[105],"tags":[759,305,4663,137,517,3826,3092,2403,3144,1479],"class_list":["post-7175","post","type-post","status-publish","format-standard","has-post-thumbnail","hentry","category-livsstil","tag-eus","tag-fortsetter","tag-grensekontroller","tag-jordskjelv","tag-ma","tag-pavirke","tag-reisende","tag-sannheten","tag-schengen","tag-vite","generate-columns","tablet-grid-50","mobile-grid-100","grid-parent","grid-33","resize-featured-image"],"yoast_head":"<!-- This site is optimized with the Yoast SEO plugin v24.4 - https:\/\/yoast.com\/wordpress\/plugins\/seo\/ -->\n<title>Schengen jordskjelv: &#039;Reisende m\u00e5 vite sannheten&#039; - EUs grensekontroller fortsetter \u00e5 p\u00e5virke reisende - Nordnesrepublikken<\/title>\n<meta name=\"robots\" content=\"index, follow, max-snippet:-1, max-image-preview:large, max-video-preview:-1\" \/>\n<link rel=\"canonical\" href=\"https:\/\/nordnesrepublikken.no\/index.php\/2025\/07\/19\/schengen-jordskjelv-reisende-ma-vite-sannheten-eus-grensekontroller-fortsetter-a-pavirke-reisende\/\" \/>\n<meta property=\"og:locale\" content=\"nb_NO\" \/>\n<meta property=\"og:type\" content=\"article\" \/>\n<meta property=\"og:title\" content=\"Schengen jordskjelv: &#039;Reisende m\u00e5 vite sannheten&#039; - EUs grensekontroller fortsetter \u00e5 p\u00e5virke reisende - Nordnesrepublikken\" \/>\n<meta property=\"og:description\" content=\"Flere europeiske land har utvidet grensekontroller i sommer, med henvisning til terrorisme, migrasjonspress og organisert\" \/>\n<meta property=\"og:url\" content=\"https:\/\/nordnesrepublikken.no\/index.php\/2025\/07\/19\/schengen-jordskjelv-reisende-ma-vite-sannheten-eus-grensekontroller-fortsetter-a-pavirke-reisende\/\" \/>\n<meta property=\"og:site_name\" content=\"Nordnesrepublikken\" \/>\n<meta property=\"article:published_time\" content=\"2025-07-19T15:50:39+00:00\" \/>\n<meta property=\"article:modified_time\" content=\"2025-07-19T15:50:41+00:00\" \/>\n<meta property=\"og:image\" content=\"https:\/\/nordnesrepublikken.no\/wp-content\/uploads\/2025\/07\/1752940239_Schengen-jordskjelv-Reisende-ma-vite-sannheten-EUs-grensekontroller-fortsetter.jpg\" \/>\n\t<meta property=\"og:image:width\" content=\"1200\" \/>\n\t<meta property=\"og:image:height\" content=\"799\" \/>\n\t<meta property=\"og:image:type\" content=\"image\/jpeg\" \/>\n<meta name=\"author\" content=\"Ole Andersen\" \/>\n<meta name=\"twitter:card\" content=\"summary_large_image\" \/>\n<meta name=\"twitter:label1\" content=\"Skrevet av\" \/>\n\t<meta name=\"twitter:data1\" content=\"Ole Andersen\" \/>\n\t<meta name=\"twitter:label2\" content=\"Ansl. lesetid\" \/>\n\t<meta name=\"twitter:data2\" content=\"5 minutter\" \/>\n<script type=\"application\/ld+json\" class=\"yoast-schema-graph\">{\"@context\":\"https:\/\/schema.org\",\"@graph\":[{\"@type\":\"Article\",\"@id\":\"https:\/\/nordnesrepublikken.no\/index.php\/2025\/07\/19\/schengen-jordskjelv-reisende-ma-vite-sannheten-eus-grensekontroller-fortsetter-a-pavirke-reisende\/#article\",\"isPartOf\":{\"@id\":\"https:\/\/nordnesrepublikken.no\/index.php\/2025\/07\/19\/schengen-jordskjelv-reisende-ma-vite-sannheten-eus-grensekontroller-fortsetter-a-pavirke-reisende\/\"},\"author\":{\"name\":\"Ole Andersen\",\"@id\":\"https:\/\/nordnesrepublikken.no\/#\/schema\/person\/2e7e81935bab77882fffb79296240ff1\"},\"headline\":\"Schengen jordskjelv: &#8216;Reisende m\u00e5 vite sannheten&#8217; &#8211; EUs grensekontroller fortsetter \u00e5 p\u00e5virke reisende\",\"datePublished\":\"2025-07-19T15:50:39+00:00\",\"dateModified\":\"2025-07-19T15:50:41+00:00\",\"mainEntityOfPage\":{\"@id\":\"https:\/\/nordnesrepublikken.no\/index.php\/2025\/07\/19\/schengen-jordskjelv-reisende-ma-vite-sannheten-eus-grensekontroller-fortsetter-a-pavirke-reisende\/\"},\"wordCount\":937,\"publisher\":{\"@id\":\"https:\/\/nordnesrepublikken.no\/#organization\"},\"image\":{\"@id\":\"https:\/\/nordnesrepublikken.no\/index.php\/2025\/07\/19\/schengen-jordskjelv-reisende-ma-vite-sannheten-eus-grensekontroller-fortsetter-a-pavirke-reisende\/#primaryimage\"},\"thumbnailUrl\":\"https:\/\/nordnesrepublikken.no\/wp-content\/uploads\/2025\/07\/1752940239_Schengen-jordskjelv-Reisende-ma-vite-sannheten-EUs-grensekontroller-fortsetter.jpg\",\"keywords\":[\"EUs\",\"fortsetter\",\"grensekontroller\",\"Jordskjelv\",\"m\u00e5\",\"p\u00e5virke\",\"reisende\",\"Sannheten\",\"Schengen\",\"vite\"],\"articleSection\":[\"Livsstil\"],\"inLanguage\":\"nb-NO\"},{\"@type\":\"WebPage\",\"@id\":\"https:\/\/nordnesrepublikken.no\/index.php\/2025\/07\/19\/schengen-jordskjelv-reisende-ma-vite-sannheten-eus-grensekontroller-fortsetter-a-pavirke-reisende\/\",\"url\":\"https:\/\/nordnesrepublikken.no\/index.php\/2025\/07\/19\/schengen-jordskjelv-reisende-ma-vite-sannheten-eus-grensekontroller-fortsetter-a-pavirke-reisende\/\",\"name\":\"Schengen jordskjelv: 'Reisende m\u00e5 vite sannheten' - EUs grensekontroller fortsetter \u00e5 p\u00e5virke reisende - Nordnesrepublikken\",\"isPartOf\":{\"@id\":\"https:\/\/nordnesrepublikken.no\/#website\"},\"primaryImageOfPage\":{\"@id\":\"https:\/\/nordnesrepublikken.no\/index.php\/2025\/07\/19\/schengen-jordskjelv-reisende-ma-vite-sannheten-eus-grensekontroller-fortsetter-a-pavirke-reisende\/#primaryimage\"},\"image\":{\"@id\":\"https:\/\/nordnesrepublikken.no\/index.php\/2025\/07\/19\/schengen-jordskjelv-reisende-ma-vite-sannheten-eus-grensekontroller-fortsetter-a-pavirke-reisende\/#primaryimage\"},\"thumbnailUrl\":\"https:\/\/nordnesrepublikken.no\/wp-content\/uploads\/2025\/07\/1752940239_Schengen-jordskjelv-Reisende-ma-vite-sannheten-EUs-grensekontroller-fortsetter.jpg\",\"datePublished\":\"2025-07-19T15:50:39+00:00\",\"dateModified\":\"2025-07-19T15:50:41+00:00\",\"breadcrumb\":{\"@id\":\"https:\/\/nordnesrepublikken.no\/index.php\/2025\/07\/19\/schengen-jordskjelv-reisende-ma-vite-sannheten-eus-grensekontroller-fortsetter-a-pavirke-reisende\/#breadcrumb\"},\"inLanguage\":\"nb-NO\",\"potentialAction\":[{\"@type\":\"ReadAction\",\"target\":[\"https:\/\/nordnesrepublikken.no\/index.php\/2025\/07\/19\/schengen-jordskjelv-reisende-ma-vite-sannheten-eus-grensekontroller-fortsetter-a-pavirke-reisende\/\"]}]},{\"@type\":\"ImageObject\",\"inLanguage\":\"nb-NO\",\"@id\":\"https:\/\/nordnesrepublikken.no\/index.php\/2025\/07\/19\/schengen-jordskjelv-reisende-ma-vite-sannheten-eus-grensekontroller-fortsetter-a-pavirke-reisende\/#primaryimage\",\"url\":\"https:\/\/nordnesrepublikken.no\/wp-content\/uploads\/2025\/07\/1752940239_Schengen-jordskjelv-Reisende-ma-vite-sannheten-EUs-grensekontroller-fortsetter.jpg\",\"contentUrl\":\"https:\/\/nordnesrepublikken.no\/wp-content\/uploads\/2025\/07\/1752940239_Schengen-jordskjelv-Reisende-ma-vite-sannheten-EUs-grensekontroller-fortsetter.jpg\",\"width\":1200,\"height\":799,\"caption\":\"Schengen jordskjelv: 'Reisende m\u00e5 vite sannheten' - EUs grensekontroller fortsetter \u00e5 p\u00e5virke reisende\"},{\"@type\":\"BreadcrumbList\",\"@id\":\"https:\/\/nordnesrepublikken.no\/index.php\/2025\/07\/19\/schengen-jordskjelv-reisende-ma-vite-sannheten-eus-grensekontroller-fortsetter-a-pavirke-reisende\/#breadcrumb\",\"itemListElement\":[{\"@type\":\"ListItem\",\"position\":1,\"name\":\"Home\",\"item\":\"https:\/\/nordnesrepublikken.no\/\"},{\"@type\":\"ListItem\",\"position\":2,\"name\":\"Schengen jordskjelv: &#8216;Reisende m\u00e5 vite sannheten&#8217; &#8211; EUs grensekontroller fortsetter \u00e5 p\u00e5virke reisende\"}]},{\"@type\":\"WebSite\",\"@id\":\"https:\/\/nordnesrepublikken.no\/#website\",\"url\":\"https:\/\/nordnesrepublikken.no\/\",\"name\":\"Nordnesrepublikken\",\"description\":\"Stemmer og Visjoner fra Republikkens Hjerte\",\"publisher\":{\"@id\":\"https:\/\/nordnesrepublikken.no\/#organization\"},\"potentialAction\":[{\"@type\":\"SearchAction\",\"target\":{\"@type\":\"EntryPoint\",\"urlTemplate\":\"https:\/\/nordnesrepublikken.no\/?s={search_term_string}\"},\"query-input\":{\"@type\":\"PropertyValueSpecification\",\"valueRequired\":true,\"valueName\":\"search_term_string\"}}],\"inLanguage\":\"nb-NO\"},{\"@type\":\"Organization\",\"@id\":\"https:\/\/nordnesrepublikken.no\/#organization\",\"name\":\"Nordnesrepublikken\",\"url\":\"https:\/\/nordnesrepublikken.no\/\",\"logo\":{\"@type\":\"ImageObject\",\"inLanguage\":\"nb-NO\",\"@id\":\"https:\/\/nordnesrepublikken.no\/#\/schema\/logo\/image\/\",\"url\":\"https:\/\/nordnesrepublikken.no\/wp-content\/uploads\/2025\/02\/cropped-nordnesrepublikken-2.png\",\"contentUrl\":\"https:\/\/nordnesrepublikken.no\/wp-content\/uploads\/2025\/02\/cropped-nordnesrepublikken-2.png\",\"width\":1248,\"height\":362,\"caption\":\"Nordnesrepublikken\"},\"image\":{\"@id\":\"https:\/\/nordnesrepublikken.no\/#\/schema\/logo\/image\/\"}},{\"@type\":\"Person\",\"@id\":\"https:\/\/nordnesrepublikken.no\/#\/schema\/person\/2e7e81935bab77882fffb79296240ff1\",\"name\":\"Ole Andersen\",\"image\":{\"@type\":\"ImageObject\",\"inLanguage\":\"nb-NO\",\"@id\":\"https:\/\/nordnesrepublikken.no\/#\/schema\/person\/image\/\",\"url\":\"https:\/\/nordnesrepublikken.no\/wp-content\/uploads\/2025\/02\/nordnesrepublikken-2-2-150x150.jpg\",\"contentUrl\":\"https:\/\/nordnesrepublikken.no\/wp-content\/uploads\/2025\/02\/nordnesrepublikken-2-2-150x150.jpg\",\"caption\":\"Ole Andersen\"},\"description\":\"Ettersom jeg vokste opp i Oslo, har jeg alltid v\u00e6rt fascinert av ordenes kraft og deres evne til \u00e5 skape endringer. Etter \u00e5 ha fullf\u00f8rt min utdannelse i kommunikasjon ved Universitetet i Bergen, fikk jeg muligheten til \u00e5 jobbe innen ulike medier, der jeg har s\u00f8kt \u00e5 belyse viktige samfunnssp\u00f8rsm\u00e5l. I dag, som redakt\u00f8r for Nordnesrepublikken, pr\u00f8ver jeg \u00e5 forene min kj\u00e6rlighet for journalistikk med min lidenskap for innovasjon og eventyr.\",\"sameAs\":[\"https:\/\/nordnesrepublikken.no\/\"]}]}<\/script>\n<!-- \/ Yoast SEO plugin. -->","yoast_head_json":{"title":"Schengen jordskjelv: 'Reisende m\u00e5 vite sannheten' - EUs grensekontroller fortsetter \u00e5 p\u00e5virke reisende - Nordnesrepublikken","robots":{"index":"index","follow":"follow","max-snippet":"max-snippet:-1","max-image-preview":"max-image-preview:large","max-video-preview":"max-video-preview:-1"},"canonical":"https:\/\/nordnesrepublikken.no\/index.php\/2025\/07\/19\/schengen-jordskjelv-reisende-ma-vite-sannheten-eus-grensekontroller-fortsetter-a-pavirke-reisende\/","og_locale":"nb_NO","og_type":"article","og_title":"Schengen jordskjelv: 'Reisende m\u00e5 vite sannheten' - EUs grensekontroller fortsetter \u00e5 p\u00e5virke reisende - Nordnesrepublikken","og_description":"Flere europeiske land har utvidet grensekontroller i sommer, med henvisning til terrorisme, migrasjonspress og organisert","og_url":"https:\/\/nordnesrepublikken.no\/index.php\/2025\/07\/19\/schengen-jordskjelv-reisende-ma-vite-sannheten-eus-grensekontroller-fortsetter-a-pavirke-reisende\/","og_site_name":"Nordnesrepublikken","article_published_time":"2025-07-19T15:50:39+00:00","article_modified_time":"2025-07-19T15:50:41+00:00","og_image":[{"width":1200,"height":799,"url":"https:\/\/nordnesrepublikken.no\/wp-content\/uploads\/2025\/07\/1752940239_Schengen-jordskjelv-Reisende-ma-vite-sannheten-EUs-grensekontroller-fortsetter.jpg","type":"image\/jpeg"}],"author":"Ole Andersen","twitter_card":"summary_large_image","twitter_misc":{"Skrevet av":"Ole Andersen","Ansl. lesetid":"5 minutter"},"schema":{"@context":"https:\/\/schema.org","@graph":[{"@type":"Article","@id":"https:\/\/nordnesrepublikken.no\/index.php\/2025\/07\/19\/schengen-jordskjelv-reisende-ma-vite-sannheten-eus-grensekontroller-fortsetter-a-pavirke-reisende\/#article","isPartOf":{"@id":"https:\/\/nordnesrepublikken.no\/index.php\/2025\/07\/19\/schengen-jordskjelv-reisende-ma-vite-sannheten-eus-grensekontroller-fortsetter-a-pavirke-reisende\/"},"author":{"name":"Ole Andersen","@id":"https:\/\/nordnesrepublikken.no\/#\/schema\/person\/2e7e81935bab77882fffb79296240ff1"},"headline":"Schengen jordskjelv: &#8216;Reisende m\u00e5 vite sannheten&#8217; &#8211; EUs grensekontroller fortsetter \u00e5 p\u00e5virke reisende","datePublished":"2025-07-19T15:50:39+00:00","dateModified":"2025-07-19T15:50:41+00:00","mainEntityOfPage":{"@id":"https:\/\/nordnesrepublikken.no\/index.php\/2025\/07\/19\/schengen-jordskjelv-reisende-ma-vite-sannheten-eus-grensekontroller-fortsetter-a-pavirke-reisende\/"},"wordCount":937,"publisher":{"@id":"https:\/\/nordnesrepublikken.no\/#organization"},"image":{"@id":"https:\/\/nordnesrepublikken.no\/index.php\/2025\/07\/19\/schengen-jordskjelv-reisende-ma-vite-sannheten-eus-grensekontroller-fortsetter-a-pavirke-reisende\/#primaryimage"},"thumbnailUrl":"https:\/\/nordnesrepublikken.no\/wp-content\/uploads\/2025\/07\/1752940239_Schengen-jordskjelv-Reisende-ma-vite-sannheten-EUs-grensekontroller-fortsetter.jpg","keywords":["EUs","fortsetter","grensekontroller","Jordskjelv","m\u00e5","p\u00e5virke","reisende","Sannheten","Schengen","vite"],"articleSection":["Livsstil"],"inLanguage":"nb-NO"},{"@type":"WebPage","@id":"https:\/\/nordnesrepublikken.no\/index.php\/2025\/07\/19\/schengen-jordskjelv-reisende-ma-vite-sannheten-eus-grensekontroller-fortsetter-a-pavirke-reisende\/","url":"https:\/\/nordnesrepublikken.no\/index.php\/2025\/07\/19\/schengen-jordskjelv-reisende-ma-vite-sannheten-eus-grensekontroller-fortsetter-a-pavirke-reisende\/","name":"Schengen jordskjelv: 'Reisende m\u00e5 vite sannheten' - EUs grensekontroller fortsetter \u00e5 p\u00e5virke reisende - Nordnesrepublikken","isPartOf":{"@id":"https:\/\/nordnesrepublikken.no\/#website"},"primaryImageOfPage":{"@id":"https:\/\/nordnesrepublikken.no\/index.php\/2025\/07\/19\/schengen-jordskjelv-reisende-ma-vite-sannheten-eus-grensekontroller-fortsetter-a-pavirke-reisende\/#primaryimage"},"image":{"@id":"https:\/\/nordnesrepublikken.no\/index.php\/2025\/07\/19\/schengen-jordskjelv-reisende-ma-vite-sannheten-eus-grensekontroller-fortsetter-a-pavirke-reisende\/#primaryimage"},"thumbnailUrl":"https:\/\/nordnesrepublikken.no\/wp-content\/uploads\/2025\/07\/1752940239_Schengen-jordskjelv-Reisende-ma-vite-sannheten-EUs-grensekontroller-fortsetter.jpg","datePublished":"2025-07-19T15:50:39+00:00","dateModified":"2025-07-19T15:50:41+00:00","breadcrumb":{"@id":"https:\/\/nordnesrepublikken.no\/index.php\/2025\/07\/19\/schengen-jordskjelv-reisende-ma-vite-sannheten-eus-grensekontroller-fortsetter-a-pavirke-reisende\/#breadcrumb"},"inLanguage":"nb-NO","potentialAction":[{"@type":"ReadAction","target":["https:\/\/nordnesrepublikken.no\/index.php\/2025\/07\/19\/schengen-jordskjelv-reisende-ma-vite-sannheten-eus-grensekontroller-fortsetter-a-pavirke-reisende\/"]}]},{"@type":"ImageObject","inLanguage":"nb-NO","@id":"https:\/\/nordnesrepublikken.no\/index.php\/2025\/07\/19\/schengen-jordskjelv-reisende-ma-vite-sannheten-eus-grensekontroller-fortsetter-a-pavirke-reisende\/#primaryimage","url":"https:\/\/nordnesrepublikken.no\/wp-content\/uploads\/2025\/07\/1752940239_Schengen-jordskjelv-Reisende-ma-vite-sannheten-EUs-grensekontroller-fortsetter.jpg","contentUrl":"https:\/\/nordnesrepublikken.no\/wp-content\/uploads\/2025\/07\/1752940239_Schengen-jordskjelv-Reisende-ma-vite-sannheten-EUs-grensekontroller-fortsetter.jpg","width":1200,"height":799,"caption":"Schengen jordskjelv: 'Reisende m\u00e5 vite sannheten' - EUs grensekontroller fortsetter \u00e5 p\u00e5virke reisende"},{"@type":"BreadcrumbList","@id":"https:\/\/nordnesrepublikken.no\/index.php\/2025\/07\/19\/schengen-jordskjelv-reisende-ma-vite-sannheten-eus-grensekontroller-fortsetter-a-pavirke-reisende\/#breadcrumb","itemListElement":[{"@type":"ListItem","position":1,"name":"Home","item":"https:\/\/nordnesrepublikken.no\/"},{"@type":"ListItem","position":2,"name":"Schengen jordskjelv: &#8216;Reisende m\u00e5 vite sannheten&#8217; &#8211; EUs grensekontroller fortsetter \u00e5 p\u00e5virke reisende"}]},{"@type":"WebSite","@id":"https:\/\/nordnesrepublikken.no\/#website","url":"https:\/\/nordnesrepublikken.no\/","name":"Nordnesrepublikken","description":"Stemmer og Visjoner fra Republikkens Hjerte","publisher":{"@id":"https:\/\/nordnesrepublikken.no\/#organization"},"potentialAction":[{"@type":"SearchAction","target":{"@type":"EntryPoint","urlTemplate":"https:\/\/nordnesrepublikken.no\/?s={search_term_string}"},"query-input":{"@type":"PropertyValueSpecification","valueRequired":true,"valueName":"search_term_string"}}],"inLanguage":"nb-NO"},{"@type":"Organization","@id":"https:\/\/nordnesrepublikken.no\/#organization","name":"Nordnesrepublikken","url":"https:\/\/nordnesrepublikken.no\/","logo":{"@type":"ImageObject","inLanguage":"nb-NO","@id":"https:\/\/nordnesrepublikken.no\/#\/schema\/logo\/image\/","url":"https:\/\/nordnesrepublikken.no\/wp-content\/uploads\/2025\/02\/cropped-nordnesrepublikken-2.png","contentUrl":"https:\/\/nordnesrepublikken.no\/wp-content\/uploads\/2025\/02\/cropped-nordnesrepublikken-2.png","width":1248,"height":362,"caption":"Nordnesrepublikken"},"image":{"@id":"https:\/\/nordnesrepublikken.no\/#\/schema\/logo\/image\/"}},{"@type":"Person","@id":"https:\/\/nordnesrepublikken.no\/#\/schema\/person\/2e7e81935bab77882fffb79296240ff1","name":"Ole Andersen","image":{"@type":"ImageObject","inLanguage":"nb-NO","@id":"https:\/\/nordnesrepublikken.no\/#\/schema\/person\/image\/","url":"https:\/\/nordnesrepublikken.no\/wp-content\/uploads\/2025\/02\/nordnesrepublikken-2-2-150x150.jpg","contentUrl":"https:\/\/nordnesrepublikken.no\/wp-content\/uploads\/2025\/02\/nordnesrepublikken-2-2-150x150.jpg","caption":"Ole Andersen"},"description":"Ettersom jeg vokste opp i Oslo, har jeg alltid v\u00e6rt fascinert av ordenes kraft og deres evne til \u00e5 skape endringer. Etter \u00e5 ha fullf\u00f8rt min utdannelse i kommunikasjon ved Universitetet i Bergen, fikk jeg muligheten til \u00e5 jobbe innen ulike medier, der jeg har s\u00f8kt \u00e5 belyse viktige samfunnssp\u00f8rsm\u00e5l. I dag, som redakt\u00f8r for Nordnesrepublikken, pr\u00f8ver jeg \u00e5 forene min kj\u00e6rlighet for journalistikk med min lidenskap for innovasjon og eventyr.","sameAs":["https:\/\/nordnesrepublikken.no\/"]}]}},"_links":{"self":[{"href":"https:\/\/nordnesrepublikken.no\/index.php\/wp-json\/wp\/v2\/posts\/7175","targetHints":{"allow":["GET"]}}],"collection":[{"href":"https:\/\/nordnesrepublikken.no\/index.php\/wp-json\/wp\/v2\/posts"}],"about":[{"href":"https:\/\/nordnesrepublikken.no\/index.php\/wp-json\/wp\/v2\/types\/post"}],"author":[{"embeddable":true,"href":"https:\/\/nordnesrepublikken.no\/index.php\/wp-json\/wp\/v2\/users\/1"}],"replies":[{"embeddable":true,"href":"https:\/\/nordnesrepublikken.no\/index.php\/wp-json\/wp\/v2\/comments?post=7175"}],"version-history":[{"count":1,"href":"https:\/\/nordnesrepublikken.no\/index.php\/wp-json\/wp\/v2\/posts\/7175\/revisions"}],"predecessor-version":[{"id":7177,"href":"https:\/\/nordnesrepublikken.no\/index.php\/wp-json\/wp\/v2\/posts\/7175\/revisions\/7177"}],"wp:featuredmedia":[{"embeddable":true,"href":"https:\/\/nordnesrepublikken.no\/index.php\/wp-json\/wp\/v2\/media\/7176"}],"wp:attachment":[{"href":"https:\/\/nordnesrepublikken.no\/index.php\/wp-json\/wp\/v2\/media?parent=7175"}],"wp:term":[{"taxonomy":"category","embeddable":true,"href":"https:\/\/nordnesrepublikken.no\/index.php\/wp-json\/wp\/v2\/categories?post=7175"},{"taxonomy":"post_tag","embeddable":true,"href":"https:\/\/nordnesrepublikken.no\/index.php\/wp-json\/wp\/v2\/tags?post=7175"}],"curies":[{"name":"wp","href":"https:\/\/api.w.org\/{rel}","templated":true}]}}