{"id":7151,"date":"2025-07-18T21:50:12","date_gmt":"2025-07-18T19:50:12","guid":{"rendered":"https:\/\/nordnesrepublikken.no\/index.php\/2025\/07\/18\/summer-holiday-statistics-2025\/"},"modified":"2025-07-18T21:50:14","modified_gmt":"2025-07-18T19:50:14","slug":"summer-holiday-statistics-2025","status":"publish","type":"post","link":"https:\/\/nordnesrepublikken.no\/index.php\/2025\/07\/18\/summer-holiday-statistics-2025\/","title":{"rendered":"Summer Holiday Statistics 2025"},"content":{"rendered":"<div>\n<div class=\"cp_wrapper cp_wrapper--fw mb-30 mb-20@tablet\">\n<figure class=\"mm\"><picture class=\"img\" style=\"padding-top:56.25%\"><source  media=\"(min-width: 1024px)\"><source  media=\"(min-width: 768px)\"><\/source><\/source><\/picture><\/figure>\n<\/p><\/div>\n<p>Dagene fra <strong>Svart klistremerke<\/strong> gitt for<strong>Sommeren 2025<\/strong> I Italia er det bare 2: <strong>L\u00f8rdag 2. og l\u00f8rdag 9. august<\/strong>i forbindelse med sommerens utvandring mot de viktigste sommerferien. Avgangene til sommerferien vil faktisk fokusere nettopp i l\u00f8pet av de to dagene. Resten av sommerhelgene faller fremdeles innenfor kalenderen til <strong>mer kritiske dager<\/strong> \u00c5 reise p\u00e5 motorveien, men uten risiko for det svarte klistremerket.<\/p>\n<p>S\u00e5 la oss se hva som er de verste \u00f8yeblikkene \u00e5 reise i sommer, og n\u00e5r det anbefales \u00e5 gj\u00f8re det.<\/p>\n<h2><strong>Hva betyr det svarte klistremerket for veitrafikk p\u00e5 motorveien<\/strong><\/h2>\n<p>Italiensk turisme f\u00f8lger sykliske rytmer, ogs\u00e5 knyttet til de avsluttende periodene for selskaper og skoler. Spesielt i <strong>Helgen juli og august<\/strong> Dette er en tid hvor millioner av italienere reiser: h\u00f8ytider, turer, helg ut av byen. For bedre \u00e5 administrere str\u00f8mmer p\u00e5 nettverket av infrastruktur, har autostrade per L&#8217;Italia gjort offisielt et system av <strong>Fargede frimerker<\/strong> (Gr\u00f8nn, oransje, r\u00f8d og svart) som rapporterer om graden av kritiske problemer p\u00e5 sommerdager, delt inn i tre tidsluker:<\/p>\n<ul>\n<li><strong>Morgen<\/strong> 7.00-13.00<\/li>\n<li><strong>Ettermiddag<\/strong> 13.00-19.00<\/li>\n<li><strong>Kveld<\/strong> 19.00-21.00<\/li>\n<\/ul>\n<p>Spesifikt bestemmes fargen p\u00e5 stempelet mellom prognosealgoritmer basert p\u00e5 historiske og sanntidsdata fra overv\u00e5kningssystemer (kameraer, flytdetektorer, tilkoblede kj\u00f8ret\u00f8yer, apper) og har denne betydningen:<\/p>\n<ul>\n<li>klistremerke <strong>gr\u00f8nn:<\/strong> trafikk<strong> region<\/strong><\/li>\n<li>klistremerke <strong>oransje:<\/strong> trafikk<strong> intens<\/strong><\/li>\n<li>klistremerke <strong>r\u00f8d:<\/strong> trafikk<strong> Kritiker<\/strong><\/li>\n<li>klistremerke <strong>Svart: Maksimal konsentrasjon av trafikk<\/strong><\/li>\n<\/ul>\n<p>De <strong>Svart klistremerke <\/strong>Det representerer derfor <strong>Maksimal varsel<\/strong>: Massiv trafikk, omfattende filer, i mange tilfeller avmatning opp til kj\u00f8relengde k\u00f8er. Faktisk representerer det et system for forventning om trafikken som brukes til \u00e5 rapportere dagene som er mest utsatt for nedgang og til og med kilometer p\u00e5 spesifikke motorveiseksjoner.<\/p>\n<p>Kjenn p\u00e5 forh\u00e5nd at de potensielt mer p\u00e5 risikodagene ikke bare tillater de som m\u00e5 reise for \u00e5 kunne planlegge hvilke tidspunkter og dager \u00e5 flytte, men ogs\u00e5 til lederne av motorveiene for \u00e5 felt forskjellige tiltak som for eksempel blokken med tunge kj\u00f8ret\u00f8yer, <strong>Fjerning eller suspensjon av byggeplasser<\/strong> I l\u00f8pet av helgen, den <strong>Personalforbedring<\/strong> (Trafikkpoliti, Anas, Fire Brigade, R\u00f8de Kors) og dynamiske konfigurasjoner av bompengene, spesielt til de mest innvirkningsmotorveibarrierer, for eksempel Brenner.<\/p>\n<h2>Trafikken om sommeren 2025: De svarte klistremerkedagene for \u00e5 unng\u00e5 \u00e5 dra p\u00e5 ferie<\/h2>\n<p>Autostrade per l&#8217;Italia har gitt det <strong>Hver helg <\/strong>Mellom<strong> Midt -juli og begynnelsen av september 2025 <\/strong>vil v\u00e6re fra<strong> R\u00f8dt stempel<\/strong>. Imidlertid de to f\u00f8rste helgene i august, <strong>1\u20133 august<\/strong> Og <strong>8. &#8211; 10. august<\/strong>Imidlertid vil det v\u00e6re <strong>Den mest kritiske <\/strong>av hele sesongen, med<strong> Svart klistremerke<\/strong>. Faktisk vil de mest massive avgangene i disse dager konsentrere seg om de som feirer midt -August p\u00e5 ferie. Spesielt de to <strong>verre \u00f8yeblikk<\/strong> \u00c5 g\u00e5 p\u00e5 veien vil de v\u00e6re morgenen til <strong>L\u00f8rdag 2. august<\/strong> og b\u00e5de morgenen og ettermiddagen med <strong>L\u00f8rdag 9. august<\/strong>der det forventes en metning av motorveienettverket spesielt mot kyststedene og de viktigste sommerferiedestinasjonene.<\/p>\n<div class=\"cp_wrapper cp_wrapper--fw mb-50\">\n<figure class=\"mm\"><picture class=\"img\" style=\"padding-top:50.371155885472%\"><source  media=\"(min-width: 1024px)\"><source  media=\"(min-width: 768px)\"><img decoding=\"async\" loading=\"lazy\" src=\"https:\/\/nordnesrepublikken.no\/wp-content\/uploads\/2025\/07\/1752868212_83_Summer-Holiday-Statistics-2025.jpg\" alt=\"Bilde\" width=\"943\" height=\"475\"><\/source><\/source><\/picture><\/figure>\n<\/p><\/div>\n<p>I tillegg til de to dagene med svart klistremerke, vil dagene med kritisk trafikk, det vil si fra et r\u00f8dt klistremerke, fortsatt v\u00e6re flere. DE <strong>verste dager<\/strong> \u00c5 reise <strong>mot turiststeder<\/strong> vil v\u00e6re:<\/p>\n<ul>\n<li>Fredag 18. juli (mellom 13 og 19)<\/li>\n<li>L\u00f8rdag 19. juli (mellom 7 og 13)<\/li>\n<li>Fredag 25. juli (mellom 13 og 19)<\/li>\n<li>L\u00f8rdag 26. juli (mellom 7 og 19)<\/li>\n<li>Fredag 1. august (mellom 7 og 19)<\/li>\n<li>L\u00f8rdag 2. august (mellom 7 og 13 fra svart klistremerke, og mellom 13 og 19 fra r\u00f8dt klistremerke)<\/li>\n<li>S\u00f8ndag 3. august (mellom 7 og 13)<\/li>\n<li>Torsdag 7. august (mellom 13 og 19)<\/li>\n<li>Fredag 8. august (mellom kl. 07.00 og 21.00)<\/li>\n<li>L\u00f8rdag 9. august (mellom 7 og 19 fra svart klistremerke, og mellom 19:00 og 21:00 fra det r\u00f8de klistremerket)<\/li>\n<li>S\u00f8ndag 10. august (mellom 7 og 13)<\/li>\n<li>L\u00f8rdag 16. august (mellom 7 og 13)<\/li>\n<li>L\u00f8rdag 23. august (mellom 7 og 13)<\/li>\n<li>L\u00f8rdag 30. august (mellom 7 og 13)<\/li>\n<\/ul>\n<p>Mens <strong>De mest kritiske \u00f8yeblikkene for returen<\/strong> Mot de store byene vil v\u00e6re:<\/p>\n<ul>\n<li>S\u00f8ndag 27. juli (mellom 13 og 19)<\/li>\n<li>S\u00f8ndag 3. august (mellom 16 og 19)<\/li>\n<li>Mandag 4. august (mellom 7 og 13)<\/li>\n<li>L\u00f8rdag 9. august (mellom 7 og 19)<\/li>\n<li>S\u00f8ndag 10. august (mellom 7 og 13)<\/li>\n<li>L\u00f8rdag 16. august (mellom 7 og 19)<\/li>\n<li>S\u00f8ndag 17. august (mellom 7 og 19)<\/li>\n<li>Mandag 18. august (mellom 7 og 19)<\/li>\n<li>L\u00f8rdag 23. august (mellom 7 og 19)<\/li>\n<li>S\u00f8ndag 24. august (mellom 7 og 19)<\/li>\n<li>Mandag 25. august (mellom 7 og 13)<\/li>\n<li>L\u00f8rdag 30. august (mellom 7 og 19)<\/li>\n<li>S\u00f8ndag 31. august (mellom 7 og 19)<\/li>\n<li>Mandag 1. september (mellom 7 og 13)<\/li>\n<li>S\u00f8ndag 7. september (mellom 13 og 19)<\/li>\n<\/ul>\n<p>Dataene levert av <strong>Autobrennero (A22)<\/strong> De planla da mellom juli og august 2025 fem dager med en <strong>Dobbelt kritikk<\/strong>eller med veldig intens trafikk forventet i begge sanser (nord til \u00d8sterrike og s\u00f8r til Modena):<\/p>\n<ul>\n<li><strong>S\u00f8ndag 13. juli<\/strong><\/li>\n<li><strong>L\u00f8rdag 26. juli<\/strong><\/li>\n<li><strong>Onsdag 6. august<\/strong><\/li>\n<li><strong>L\u00f8rdag 16. august<\/strong><\/li>\n<li><strong>L\u00f8rdag 23. august<\/strong><\/li>\n<\/ul>\n<p>Resten av sommerhelgene faller fremdeles innenfor kalenderen av de mest kritiske dagene for \u00e5 reise p\u00e5 denne motorveiseksjonen.<\/p>\n<h2><strong>De beste dagene og tidene \u00e5 flytte til motorveien i august<\/strong><\/h2>\n<p>Til tross for de forskjellige dagene fra et r\u00f8dt og svart klistremerke, er det fortsatt mulig \u00e5 flytte i august uten \u00e5 l\u00f8pe inn i kj\u00f8relengde k\u00f8er. <strong>Flytt i l\u00f8pet av uken<\/strong>\u00c5 unng\u00e5 helger, hjelper til med \u00e5 redusere sannsynligheten for \u00e5 bli blokkert i trafikken. Spesielt er det faktisk noen vinduer (som jeg <strong>Tirsdag 5., 12., 13. august<\/strong> og perioden <strong>18\u201321 og 25. &#8211; 28. august<\/strong>) der trafikken er definert regelmessig, det vil si med gr\u00f8nt klistremerke. Fargen p\u00e5 frimerkene kan verifiseres b\u00e5de p\u00e5 Autostrade per L&#8217;Italia nettsted og p\u00e5 apper som Lievedy Italy, CCISS, Green Wave og Isoradio. I tillegg reduseres trafikken betydelig <strong>om natten eller i de tidlige timene av morgenen<\/strong>. \u00c5 velge \u00e5 reise mellom 21:00 og 7 lar deg ogs\u00e5 dra nytte av friskere temperaturer.<\/p>\n<\/p><\/div>\n","protected":false},"excerpt":{"rendered":"<p>Dagene fra Svart klistremerke gitt forSommeren 2025 I Italia er det bare 2: L\u00f8rdag 2.<\/p>\n","protected":false},"author":1,"featured_media":7152,"comment_status":"closed","ping_status":"open","sticky":false,"template":"","format":"standard","meta":{"footnotes":""},"categories":[104],"tags":[4645,4646,4431],"class_list":["post-7151","post","type-post","status-publish","format-standard","has-post-thumbnail","hentry","category-samfunn","tag-holiday","tag-statistics","tag-summer","generate-columns","tablet-grid-50","mobile-grid-100","grid-parent","grid-33","resize-featured-image"],"yoast_head":"<!-- This site is optimized with the Yoast SEO plugin v24.4 - https:\/\/yoast.com\/wordpress\/plugins\/seo\/ -->\n<title>Summer Holiday Statistics 2025 - Nordnesrepublikken<\/title>\n<meta name=\"robots\" content=\"index, follow, max-snippet:-1, max-image-preview:large, max-video-preview:-1\" \/>\n<link rel=\"canonical\" href=\"https:\/\/nordnesrepublikken.no\/index.php\/2025\/07\/18\/summer-holiday-statistics-2025\/\" \/>\n<meta property=\"og:locale\" content=\"nb_NO\" \/>\n<meta property=\"og:type\" content=\"article\" \/>\n<meta property=\"og:title\" content=\"Summer Holiday Statistics 2025 - Nordnesrepublikken\" \/>\n<meta property=\"og:description\" content=\"Dagene fra Svart klistremerke gitt forSommeren 2025 I Italia er det bare 2: L\u00f8rdag 2.\" \/>\n<meta property=\"og:url\" content=\"https:\/\/nordnesrepublikken.no\/index.php\/2025\/07\/18\/summer-holiday-statistics-2025\/\" \/>\n<meta property=\"og:site_name\" content=\"Nordnesrepublikken\" \/>\n<meta property=\"article:published_time\" content=\"2025-07-18T19:50:12+00:00\" \/>\n<meta property=\"article:modified_time\" content=\"2025-07-18T19:50:14+00:00\" \/>\n<meta property=\"og:image\" content=\"https:\/\/nordnesrepublikken.no\/wp-content\/uploads\/2025\/07\/1752868213_Summer-Holiday-Statistics-2025.jpg\" \/>\n\t<meta property=\"og:image:width\" content=\"1359\" \/>\n\t<meta property=\"og:image:height\" content=\"771\" \/>\n\t<meta property=\"og:image:type\" content=\"image\/jpeg\" \/>\n<meta name=\"author\" content=\"Ole Andersen\" \/>\n<meta name=\"twitter:card\" content=\"summary_large_image\" \/>\n<meta name=\"twitter:label1\" content=\"Skrevet av\" \/>\n\t<meta name=\"twitter:data1\" content=\"Ole Andersen\" \/>\n\t<meta name=\"twitter:label2\" content=\"Ansl. lesetid\" \/>\n\t<meta name=\"twitter:data2\" content=\"4 minutter\" \/>\n<script type=\"application\/ld+json\" class=\"yoast-schema-graph\">{\"@context\":\"https:\/\/schema.org\",\"@graph\":[{\"@type\":\"Article\",\"@id\":\"https:\/\/nordnesrepublikken.no\/index.php\/2025\/07\/18\/summer-holiday-statistics-2025\/#article\",\"isPartOf\":{\"@id\":\"https:\/\/nordnesrepublikken.no\/index.php\/2025\/07\/18\/summer-holiday-statistics-2025\/\"},\"author\":{\"name\":\"Ole Andersen\",\"@id\":\"https:\/\/nordnesrepublikken.no\/#\/schema\/person\/2e7e81935bab77882fffb79296240ff1\"},\"headline\":\"Summer Holiday Statistics 2025\",\"datePublished\":\"2025-07-18T19:50:12+00:00\",\"dateModified\":\"2025-07-18T19:50:14+00:00\",\"mainEntityOfPage\":{\"@id\":\"https:\/\/nordnesrepublikken.no\/index.php\/2025\/07\/18\/summer-holiday-statistics-2025\/\"},\"wordCount\":875,\"publisher\":{\"@id\":\"https:\/\/nordnesrepublikken.no\/#organization\"},\"image\":{\"@id\":\"https:\/\/nordnesrepublikken.no\/index.php\/2025\/07\/18\/summer-holiday-statistics-2025\/#primaryimage\"},\"thumbnailUrl\":\"https:\/\/nordnesrepublikken.no\/wp-content\/uploads\/2025\/07\/1752868213_Summer-Holiday-Statistics-2025.jpg\",\"keywords\":[\"Holiday\",\"Statistics\",\"Summer\"],\"articleSection\":[\"Samfunn\"],\"inLanguage\":\"nb-NO\"},{\"@type\":\"WebPage\",\"@id\":\"https:\/\/nordnesrepublikken.no\/index.php\/2025\/07\/18\/summer-holiday-statistics-2025\/\",\"url\":\"https:\/\/nordnesrepublikken.no\/index.php\/2025\/07\/18\/summer-holiday-statistics-2025\/\",\"name\":\"Summer Holiday Statistics 2025 - Nordnesrepublikken\",\"isPartOf\":{\"@id\":\"https:\/\/nordnesrepublikken.no\/#website\"},\"primaryImageOfPage\":{\"@id\":\"https:\/\/nordnesrepublikken.no\/index.php\/2025\/07\/18\/summer-holiday-statistics-2025\/#primaryimage\"},\"image\":{\"@id\":\"https:\/\/nordnesrepublikken.no\/index.php\/2025\/07\/18\/summer-holiday-statistics-2025\/#primaryimage\"},\"thumbnailUrl\":\"https:\/\/nordnesrepublikken.no\/wp-content\/uploads\/2025\/07\/1752868213_Summer-Holiday-Statistics-2025.jpg\",\"datePublished\":\"2025-07-18T19:50:12+00:00\",\"dateModified\":\"2025-07-18T19:50:14+00:00\",\"breadcrumb\":{\"@id\":\"https:\/\/nordnesrepublikken.no\/index.php\/2025\/07\/18\/summer-holiday-statistics-2025\/#breadcrumb\"},\"inLanguage\":\"nb-NO\",\"potentialAction\":[{\"@type\":\"ReadAction\",\"target\":[\"https:\/\/nordnesrepublikken.no\/index.php\/2025\/07\/18\/summer-holiday-statistics-2025\/\"]}]},{\"@type\":\"ImageObject\",\"inLanguage\":\"nb-NO\",\"@id\":\"https:\/\/nordnesrepublikken.no\/index.php\/2025\/07\/18\/summer-holiday-statistics-2025\/#primaryimage\",\"url\":\"https:\/\/nordnesrepublikken.no\/wp-content\/uploads\/2025\/07\/1752868213_Summer-Holiday-Statistics-2025.jpg\",\"contentUrl\":\"https:\/\/nordnesrepublikken.no\/wp-content\/uploads\/2025\/07\/1752868213_Summer-Holiday-Statistics-2025.jpg\",\"width\":1359,\"height\":771,\"caption\":\"giornate da bollino nero estate italia\"},{\"@type\":\"BreadcrumbList\",\"@id\":\"https:\/\/nordnesrepublikken.no\/index.php\/2025\/07\/18\/summer-holiday-statistics-2025\/#breadcrumb\",\"itemListElement\":[{\"@type\":\"ListItem\",\"position\":1,\"name\":\"Home\",\"item\":\"https:\/\/nordnesrepublikken.no\/\"},{\"@type\":\"ListItem\",\"position\":2,\"name\":\"Summer Holiday Statistics 2025\"}]},{\"@type\":\"WebSite\",\"@id\":\"https:\/\/nordnesrepublikken.no\/#website\",\"url\":\"https:\/\/nordnesrepublikken.no\/\",\"name\":\"Nordnesrepublikken\",\"description\":\"Stemmer og Visjoner fra Republikkens Hjerte\",\"publisher\":{\"@id\":\"https:\/\/nordnesrepublikken.no\/#organization\"},\"potentialAction\":[{\"@type\":\"SearchAction\",\"target\":{\"@type\":\"EntryPoint\",\"urlTemplate\":\"https:\/\/nordnesrepublikken.no\/?s={search_term_string}\"},\"query-input\":{\"@type\":\"PropertyValueSpecification\",\"valueRequired\":true,\"valueName\":\"search_term_string\"}}],\"inLanguage\":\"nb-NO\"},{\"@type\":\"Organization\",\"@id\":\"https:\/\/nordnesrepublikken.no\/#organization\",\"name\":\"Nordnesrepublikken\",\"url\":\"https:\/\/nordnesrepublikken.no\/\",\"logo\":{\"@type\":\"ImageObject\",\"inLanguage\":\"nb-NO\",\"@id\":\"https:\/\/nordnesrepublikken.no\/#\/schema\/logo\/image\/\",\"url\":\"https:\/\/nordnesrepublikken.no\/wp-content\/uploads\/2025\/02\/cropped-nordnesrepublikken-2.png\",\"contentUrl\":\"https:\/\/nordnesrepublikken.no\/wp-content\/uploads\/2025\/02\/cropped-nordnesrepublikken-2.png\",\"width\":1248,\"height\":362,\"caption\":\"Nordnesrepublikken\"},\"image\":{\"@id\":\"https:\/\/nordnesrepublikken.no\/#\/schema\/logo\/image\/\"}},{\"@type\":\"Person\",\"@id\":\"https:\/\/nordnesrepublikken.no\/#\/schema\/person\/2e7e81935bab77882fffb79296240ff1\",\"name\":\"Ole Andersen\",\"image\":{\"@type\":\"ImageObject\",\"inLanguage\":\"nb-NO\",\"@id\":\"https:\/\/nordnesrepublikken.no\/#\/schema\/person\/image\/\",\"url\":\"https:\/\/nordnesrepublikken.no\/wp-content\/uploads\/2025\/02\/nordnesrepublikken-2-2-150x150.jpg\",\"contentUrl\":\"https:\/\/nordnesrepublikken.no\/wp-content\/uploads\/2025\/02\/nordnesrepublikken-2-2-150x150.jpg\",\"caption\":\"Ole Andersen\"},\"description\":\"Ettersom jeg vokste opp i Oslo, har jeg alltid v\u00e6rt fascinert av ordenes kraft og deres evne til \u00e5 skape endringer. Etter \u00e5 ha fullf\u00f8rt min utdannelse i kommunikasjon ved Universitetet i Bergen, fikk jeg muligheten til \u00e5 jobbe innen ulike medier, der jeg har s\u00f8kt \u00e5 belyse viktige samfunnssp\u00f8rsm\u00e5l. I dag, som redakt\u00f8r for Nordnesrepublikken, pr\u00f8ver jeg \u00e5 forene min kj\u00e6rlighet for journalistikk med min lidenskap for innovasjon og eventyr.\",\"sameAs\":[\"https:\/\/nordnesrepublikken.no\/\"]}]}<\/script>\n<!-- \/ Yoast SEO plugin. -->","yoast_head_json":{"title":"Summer Holiday Statistics 2025 - Nordnesrepublikken","robots":{"index":"index","follow":"follow","max-snippet":"max-snippet:-1","max-image-preview":"max-image-preview:large","max-video-preview":"max-video-preview:-1"},"canonical":"https:\/\/nordnesrepublikken.no\/index.php\/2025\/07\/18\/summer-holiday-statistics-2025\/","og_locale":"nb_NO","og_type":"article","og_title":"Summer Holiday Statistics 2025 - Nordnesrepublikken","og_description":"Dagene fra Svart klistremerke gitt forSommeren 2025 I Italia er det bare 2: L\u00f8rdag 2.","og_url":"https:\/\/nordnesrepublikken.no\/index.php\/2025\/07\/18\/summer-holiday-statistics-2025\/","og_site_name":"Nordnesrepublikken","article_published_time":"2025-07-18T19:50:12+00:00","article_modified_time":"2025-07-18T19:50:14+00:00","og_image":[{"width":1359,"height":771,"url":"https:\/\/nordnesrepublikken.no\/wp-content\/uploads\/2025\/07\/1752868213_Summer-Holiday-Statistics-2025.jpg","type":"image\/jpeg"}],"author":"Ole Andersen","twitter_card":"summary_large_image","twitter_misc":{"Skrevet av":"Ole Andersen","Ansl. lesetid":"4 minutter"},"schema":{"@context":"https:\/\/schema.org","@graph":[{"@type":"Article","@id":"https:\/\/nordnesrepublikken.no\/index.php\/2025\/07\/18\/summer-holiday-statistics-2025\/#article","isPartOf":{"@id":"https:\/\/nordnesrepublikken.no\/index.php\/2025\/07\/18\/summer-holiday-statistics-2025\/"},"author":{"name":"Ole Andersen","@id":"https:\/\/nordnesrepublikken.no\/#\/schema\/person\/2e7e81935bab77882fffb79296240ff1"},"headline":"Summer Holiday Statistics 2025","datePublished":"2025-07-18T19:50:12+00:00","dateModified":"2025-07-18T19:50:14+00:00","mainEntityOfPage":{"@id":"https:\/\/nordnesrepublikken.no\/index.php\/2025\/07\/18\/summer-holiday-statistics-2025\/"},"wordCount":875,"publisher":{"@id":"https:\/\/nordnesrepublikken.no\/#organization"},"image":{"@id":"https:\/\/nordnesrepublikken.no\/index.php\/2025\/07\/18\/summer-holiday-statistics-2025\/#primaryimage"},"thumbnailUrl":"https:\/\/nordnesrepublikken.no\/wp-content\/uploads\/2025\/07\/1752868213_Summer-Holiday-Statistics-2025.jpg","keywords":["Holiday","Statistics","Summer"],"articleSection":["Samfunn"],"inLanguage":"nb-NO"},{"@type":"WebPage","@id":"https:\/\/nordnesrepublikken.no\/index.php\/2025\/07\/18\/summer-holiday-statistics-2025\/","url":"https:\/\/nordnesrepublikken.no\/index.php\/2025\/07\/18\/summer-holiday-statistics-2025\/","name":"Summer Holiday Statistics 2025 - Nordnesrepublikken","isPartOf":{"@id":"https:\/\/nordnesrepublikken.no\/#website"},"primaryImageOfPage":{"@id":"https:\/\/nordnesrepublikken.no\/index.php\/2025\/07\/18\/summer-holiday-statistics-2025\/#primaryimage"},"image":{"@id":"https:\/\/nordnesrepublikken.no\/index.php\/2025\/07\/18\/summer-holiday-statistics-2025\/#primaryimage"},"thumbnailUrl":"https:\/\/nordnesrepublikken.no\/wp-content\/uploads\/2025\/07\/1752868213_Summer-Holiday-Statistics-2025.jpg","datePublished":"2025-07-18T19:50:12+00:00","dateModified":"2025-07-18T19:50:14+00:00","breadcrumb":{"@id":"https:\/\/nordnesrepublikken.no\/index.php\/2025\/07\/18\/summer-holiday-statistics-2025\/#breadcrumb"},"inLanguage":"nb-NO","potentialAction":[{"@type":"ReadAction","target":["https:\/\/nordnesrepublikken.no\/index.php\/2025\/07\/18\/summer-holiday-statistics-2025\/"]}]},{"@type":"ImageObject","inLanguage":"nb-NO","@id":"https:\/\/nordnesrepublikken.no\/index.php\/2025\/07\/18\/summer-holiday-statistics-2025\/#primaryimage","url":"https:\/\/nordnesrepublikken.no\/wp-content\/uploads\/2025\/07\/1752868213_Summer-Holiday-Statistics-2025.jpg","contentUrl":"https:\/\/nordnesrepublikken.no\/wp-content\/uploads\/2025\/07\/1752868213_Summer-Holiday-Statistics-2025.jpg","width":1359,"height":771,"caption":"giornate da bollino nero estate italia"},{"@type":"BreadcrumbList","@id":"https:\/\/nordnesrepublikken.no\/index.php\/2025\/07\/18\/summer-holiday-statistics-2025\/#breadcrumb","itemListElement":[{"@type":"ListItem","position":1,"name":"Home","item":"https:\/\/nordnesrepublikken.no\/"},{"@type":"ListItem","position":2,"name":"Summer Holiday Statistics 2025"}]},{"@type":"WebSite","@id":"https:\/\/nordnesrepublikken.no\/#website","url":"https:\/\/nordnesrepublikken.no\/","name":"Nordnesrepublikken","description":"Stemmer og Visjoner fra Republikkens Hjerte","publisher":{"@id":"https:\/\/nordnesrepublikken.no\/#organization"},"potentialAction":[{"@type":"SearchAction","target":{"@type":"EntryPoint","urlTemplate":"https:\/\/nordnesrepublikken.no\/?s={search_term_string}"},"query-input":{"@type":"PropertyValueSpecification","valueRequired":true,"valueName":"search_term_string"}}],"inLanguage":"nb-NO"},{"@type":"Organization","@id":"https:\/\/nordnesrepublikken.no\/#organization","name":"Nordnesrepublikken","url":"https:\/\/nordnesrepublikken.no\/","logo":{"@type":"ImageObject","inLanguage":"nb-NO","@id":"https:\/\/nordnesrepublikken.no\/#\/schema\/logo\/image\/","url":"https:\/\/nordnesrepublikken.no\/wp-content\/uploads\/2025\/02\/cropped-nordnesrepublikken-2.png","contentUrl":"https:\/\/nordnesrepublikken.no\/wp-content\/uploads\/2025\/02\/cropped-nordnesrepublikken-2.png","width":1248,"height":362,"caption":"Nordnesrepublikken"},"image":{"@id":"https:\/\/nordnesrepublikken.no\/#\/schema\/logo\/image\/"}},{"@type":"Person","@id":"https:\/\/nordnesrepublikken.no\/#\/schema\/person\/2e7e81935bab77882fffb79296240ff1","name":"Ole Andersen","image":{"@type":"ImageObject","inLanguage":"nb-NO","@id":"https:\/\/nordnesrepublikken.no\/#\/schema\/person\/image\/","url":"https:\/\/nordnesrepublikken.no\/wp-content\/uploads\/2025\/02\/nordnesrepublikken-2-2-150x150.jpg","contentUrl":"https:\/\/nordnesrepublikken.no\/wp-content\/uploads\/2025\/02\/nordnesrepublikken-2-2-150x150.jpg","caption":"Ole Andersen"},"description":"Ettersom jeg vokste opp i Oslo, har jeg alltid v\u00e6rt fascinert av ordenes kraft og deres evne til \u00e5 skape endringer. Etter \u00e5 ha fullf\u00f8rt min utdannelse i kommunikasjon ved Universitetet i Bergen, fikk jeg muligheten til \u00e5 jobbe innen ulike medier, der jeg har s\u00f8kt \u00e5 belyse viktige samfunnssp\u00f8rsm\u00e5l. I dag, som redakt\u00f8r for Nordnesrepublikken, pr\u00f8ver jeg \u00e5 forene min kj\u00e6rlighet for journalistikk med min lidenskap for innovasjon og eventyr.","sameAs":["https:\/\/nordnesrepublikken.no\/"]}]}},"_links":{"self":[{"href":"https:\/\/nordnesrepublikken.no\/index.php\/wp-json\/wp\/v2\/posts\/7151","targetHints":{"allow":["GET"]}}],"collection":[{"href":"https:\/\/nordnesrepublikken.no\/index.php\/wp-json\/wp\/v2\/posts"}],"about":[{"href":"https:\/\/nordnesrepublikken.no\/index.php\/wp-json\/wp\/v2\/types\/post"}],"author":[{"embeddable":true,"href":"https:\/\/nordnesrepublikken.no\/index.php\/wp-json\/wp\/v2\/users\/1"}],"replies":[{"embeddable":true,"href":"https:\/\/nordnesrepublikken.no\/index.php\/wp-json\/wp\/v2\/comments?post=7151"}],"version-history":[{"count":1,"href":"https:\/\/nordnesrepublikken.no\/index.php\/wp-json\/wp\/v2\/posts\/7151\/revisions"}],"predecessor-version":[{"id":7153,"href":"https:\/\/nordnesrepublikken.no\/index.php\/wp-json\/wp\/v2\/posts\/7151\/revisions\/7153"}],"wp:featuredmedia":[{"embeddable":true,"href":"https:\/\/nordnesrepublikken.no\/index.php\/wp-json\/wp\/v2\/media\/7152"}],"wp:attachment":[{"href":"https:\/\/nordnesrepublikken.no\/index.php\/wp-json\/wp\/v2\/media?parent=7151"}],"wp:term":[{"taxonomy":"category","embeddable":true,"href":"https:\/\/nordnesrepublikken.no\/index.php\/wp-json\/wp\/v2\/categories?post=7151"},{"taxonomy":"post_tag","embeddable":true,"href":"https:\/\/nordnesrepublikken.no\/index.php\/wp-json\/wp\/v2\/tags?post=7151"}],"curies":[{"name":"wp","href":"https:\/\/api.w.org\/{rel}","templated":true}]}}