{"id":7101,"date":"2025-07-19T08:00:00","date_gmt":"2025-07-19T06:00:00","guid":{"rendered":"https:\/\/nordnesrepublikken.no\/?p=7101"},"modified":"2025-07-17T15:01:26","modified_gmt":"2025-07-17T13:01:26","slug":"ravner-skal-ha-en-evne-man-trodde-var-utelukkende-menneskelig","status":"publish","type":"post","link":"https:\/\/nordnesrepublikken.no\/index.php\/2025\/07\/19\/ravner-skal-ha-en-evne-man-trodde-var-utelukkende-menneskelig\/","title":{"rendered":"Ravner skal ha en evne man trodde var utelukkende menneskelig"},"content":{"rendered":"\n<p><strong><em>Oppdag at ravnene mestrer rekursivitet, en kognitiv milep\u00e6l som \u00e5pner for hierarkisk tenkning og kan v\u00e6re n\u00f8kkelen til \u00e5 forst\u00e5 deres sosiale relasjoner!<\/em><\/strong><\/p>\n\n\n\n<!--more-->\n\n\n\n<h2 class=\"wp-block-heading\">En evne ogs\u00e5 hos ikke-menneskelige primater<\/h2>\n\n\n\n<p>Mennesker har lenge trodd at <strong>rekursivitet<\/strong> \u2013 evnen til \u00e5 bygge inn strukturer i hverandre med tydelig hierarki \u2013 var unikt for v\u00e5rt spr\u00e5k. I eksperimenter med aper, der fors\u00f8ksdeltakerne ble l\u00e6rt opp til \u00e5 ordne tegnpar som ( ) og { } i sekvenser som { ( ) }, viste apene evne til \u00e5 f\u00f8lge modellen helt p\u00e5 linje med barn i tre\u2013fire\u00e5rsalderen (Ferrigno et al., 2020). De trengte riktignok \u00e9n ekstra treningsrunde f\u00f8r de mestret oppgaven, men demonstrerte tydelig en grunnleggende forst\u00e5else for innflettede strukturer.<\/p>\n\n\n<div class=\"wp-block-image\">\n<figure class=\"aligncenter size-large\"><img loading=\"lazy\" decoding=\"async\" width=\"873\" height=\"1024\" src=\"https:\/\/nordnesrepublikken.no\/wp-content\/uploads\/2025\/07\/1-873x1024.jpg\" alt=\"\" class=\"wp-image-7103\" srcset=\"https:\/\/nordnesrepublikken.no\/wp-content\/uploads\/2025\/07\/1-873x1024.jpg 873w, https:\/\/nordnesrepublikken.no\/wp-content\/uploads\/2025\/07\/1-256x300.jpg 256w, https:\/\/nordnesrepublikken.no\/wp-content\/uploads\/2025\/07\/1-768x901.jpg 768w, https:\/\/nordnesrepublikken.no\/wp-content\/uploads\/2025\/07\/1.jpg 1200w\" sizes=\"auto, (max-width: 873px) 100vw, 873px\" \/><figcaption class=\"wp-element-caption\">A) Treningsprosedyre. (B) Symbolpar brukt i trening. (C) Hovedresponstyper fremkalt. (D) Andel responstyper produsert av kr\u00e5ker (i mettede farger) sammenlignet med amerikanske voksne, Tsimane-voksne, amerikanske barn og aper som rapportert av Ferrigno et al., Science Advances (2020). \u00a9 D. Liao et al.<\/figcaption><\/figure><\/div>\n\n\n<h2 class=\"wp-block-heading\">Ytelse tilsvarende menneskebarn<\/h2>\n\n\n\n<p>Forskere ved Universitetet i T\u00fcbingen har n\u00e5 gjentatt en lignende test p\u00e5 ravner, kjent for sin <strong><a href=\"https:\/\/nordnesrepublikken.no\/index.php\/2025\/07\/02\/slik-pavirker-kjaeledyr-barns-fysiske-og-kognitive-utvikling\/\">kognitive<\/a> kompleksitet<\/strong> og avanserte verkt\u00f8ybruk. Fuglene ble bel\u00f8nnet for \u00e5 nippe p\u00e5 symboler i riktig rekkef\u00f8lge, f\u00f8rst med kjente par som { ( ) } og { [ ] }. Da de ble stilt overfor nye kombinasjoner \u2013 for eksempel ( ) sammen med [ ] \u2013 laget ravnene rekursive sekvenser rundt 40 prosent av gangene. Dette er betydelig bedre enn tilfeldigheter og p\u00e5 niv\u00e5 med det man ser hos sm\u00e5 barn, uten at ravnene trengte ekstra trening (Liao et al., 2025).<\/p>\n\n\n\n<h2 class=\"wp-block-heading\">F\u00f8lsomhet for hierarkisk struktur<\/h2>\n\n\n\n<p>For \u00e5 utelukke at fuglene bare kopierte posisjoner, ble en tredje runde med tre tegnpar introdusert. Selv da responderte de med sentralt innflettede strukturer i over 40 prosent av fors\u00f8kene, noe som tyder p\u00e5 en ekte forst\u00e5else av hierarki og <strong>strukturbevissthet<\/strong>. Eksperter mener at denne evnen ikke bare er en kuriositet, men kan spille en rolle i hvordan ravner organiserer flokkrelasjoner og kommuniserer sosiale b\u00e5nd (Vallortigara, 2025).<\/p>\n\n\n<div class=\"wp-block-image\">\n<figure class=\"aligncenter size-large\"><img loading=\"lazy\" decoding=\"async\" width=\"1024\" height=\"407\" src=\"https:\/\/nordnesrepublikken.no\/wp-content\/uploads\/2025\/07\/2-1024x407.jpg\" alt=\"\" class=\"wp-image-7104\" srcset=\"https:\/\/nordnesrepublikken.no\/wp-content\/uploads\/2025\/07\/2-1024x407.jpg 1024w, https:\/\/nordnesrepublikken.no\/wp-content\/uploads\/2025\/07\/2-300x119.jpg 300w, https:\/\/nordnesrepublikken.no\/wp-content\/uploads\/2025\/07\/2-768x305.jpg 768w, https:\/\/nordnesrepublikken.no\/wp-content\/uploads\/2025\/07\/2.jpg 1200w\" sizes=\"auto, (max-width: 1024px) 100vw, 1024px\" \/><figcaption class=\"wp-element-caption\">Generering av rekursive sekvenser fra tre symbolpar. \u00a9 D. Liao et al.<\/figcaption><\/figure><\/div>\n\n\n<h2 class=\"wp-block-heading\">Hva betyr dette for oss?<\/h2>\n\n\n\n<p>Oppdagelsen utfordrer det vi trodde om spr\u00e5klige s\u00e6rtrekk og antyder at avanserte kognitive verkt\u00f8y kan ha utviklet seg uavhengig i ulike dyregrupper. For biologer og nevrovitenskapsfolk \u00e5pner det nye d\u00f8rer: kanskje ravnens <strong><a href=\"https:\/\/nordnesrepublikken.no\/index.php\/2025\/06\/17\/europol-hvor-dypfakes-pavirker-rettshandhevelse\/\">sosiale representasjon<\/a><\/strong> og probleml\u00f8sning bygger p\u00e5 samme prinsipp som v\u00e5r evne til \u00e5 forme komplekse setninger. I tillegg minner det oss om at intelligens tar mange former \u2013 ikke bare i speilet p\u00e5 to ben.<\/p>\n","protected":false},"excerpt":{"rendered":"<p>Oppdag at ravnene mestrer rekursivitet, en kognitiv milep\u00e6l som \u00e5pner for hierarkisk tenkning og kan<\/p>\n","protected":false},"author":3,"featured_media":7102,"comment_status":"closed","ping_status":"open","sticky":false,"template":"","format":"standard","meta":{"footnotes":""},"categories":[1287],"tags":[],"class_list":["post-7101","post","type-post","status-publish","format-standard","has-post-thumbnail","hentry","category-nyheter","generate-columns","tablet-grid-50","mobile-grid-100","grid-parent","grid-33","resize-featured-image"],"yoast_head":"<!-- This site is optimized with the Yoast SEO plugin v24.4 - https:\/\/yoast.com\/wordpress\/plugins\/seo\/ -->\n<title>Ravner skal ha en evne man trodde var utelukkende menneskelig - Nordnesrepublikken<\/title>\n<meta name=\"robots\" content=\"index, follow, max-snippet:-1, max-image-preview:large, max-video-preview:-1\" \/>\n<link rel=\"canonical\" href=\"https:\/\/nordnesrepublikken.no\/index.php\/2025\/07\/19\/ravner-skal-ha-en-evne-man-trodde-var-utelukkende-menneskelig\/\" \/>\n<meta property=\"og:locale\" content=\"nb_NO\" \/>\n<meta property=\"og:type\" content=\"article\" \/>\n<meta property=\"og:title\" content=\"Ravner skal ha en evne man trodde var utelukkende menneskelig - Nordnesrepublikken\" \/>\n<meta property=\"og:description\" content=\"Oppdag at ravnene mestrer rekursivitet, en kognitiv milep\u00e6l som \u00e5pner for hierarkisk tenkning og kan\" \/>\n<meta property=\"og:url\" content=\"https:\/\/nordnesrepublikken.no\/index.php\/2025\/07\/19\/ravner-skal-ha-en-evne-man-trodde-var-utelukkende-menneskelig\/\" \/>\n<meta property=\"og:site_name\" content=\"Nordnesrepublikken\" \/>\n<meta property=\"article:published_time\" content=\"2025-07-19T06:00:00+00:00\" \/>\n<meta property=\"og:image\" content=\"https:\/\/nordnesrepublikken.no\/wp-content\/uploads\/2025\/07\/Ravner.jpg\" \/>\n\t<meta property=\"og:image:width\" content=\"1200\" \/>\n\t<meta property=\"og:image:height\" content=\"800\" \/>\n\t<meta property=\"og:image:type\" content=\"image\/jpeg\" \/>\n<meta name=\"author\" content=\"Veronika Andersen\" \/>\n<meta name=\"twitter:card\" content=\"summary_large_image\" \/>\n<meta name=\"twitter:label1\" content=\"Skrevet av\" \/>\n\t<meta name=\"twitter:data1\" content=\"Veronika Andersen\" \/>\n\t<meta name=\"twitter:label2\" content=\"Ansl. lesetid\" \/>\n\t<meta name=\"twitter:data2\" content=\"3 minutter\" \/>\n<script type=\"application\/ld+json\" class=\"yoast-schema-graph\">{\"@context\":\"https:\/\/schema.org\",\"@graph\":[{\"@type\":\"Article\",\"@id\":\"https:\/\/nordnesrepublikken.no\/index.php\/2025\/07\/19\/ravner-skal-ha-en-evne-man-trodde-var-utelukkende-menneskelig\/#article\",\"isPartOf\":{\"@id\":\"https:\/\/nordnesrepublikken.no\/index.php\/2025\/07\/19\/ravner-skal-ha-en-evne-man-trodde-var-utelukkende-menneskelig\/\"},\"author\":{\"name\":\"Veronika Andersen\",\"@id\":\"https:\/\/nordnesrepublikken.no\/#\/schema\/person\/abc03aa5515ba36093b3017e37d518c8\"},\"headline\":\"Ravner skal ha en evne man trodde var utelukkende menneskelig\",\"datePublished\":\"2025-07-19T06:00:00+00:00\",\"mainEntityOfPage\":{\"@id\":\"https:\/\/nordnesrepublikken.no\/index.php\/2025\/07\/19\/ravner-skal-ha-en-evne-man-trodde-var-utelukkende-menneskelig\/\"},\"wordCount\":412,\"publisher\":{\"@id\":\"https:\/\/nordnesrepublikken.no\/#organization\"},\"image\":{\"@id\":\"https:\/\/nordnesrepublikken.no\/index.php\/2025\/07\/19\/ravner-skal-ha-en-evne-man-trodde-var-utelukkende-menneskelig\/#primaryimage\"},\"thumbnailUrl\":\"https:\/\/nordnesrepublikken.no\/wp-content\/uploads\/2025\/07\/Ravner.jpg\",\"articleSection\":[\"Nyheter\"],\"inLanguage\":\"nb-NO\"},{\"@type\":\"WebPage\",\"@id\":\"https:\/\/nordnesrepublikken.no\/index.php\/2025\/07\/19\/ravner-skal-ha-en-evne-man-trodde-var-utelukkende-menneskelig\/\",\"url\":\"https:\/\/nordnesrepublikken.no\/index.php\/2025\/07\/19\/ravner-skal-ha-en-evne-man-trodde-var-utelukkende-menneskelig\/\",\"name\":\"Ravner skal ha en evne man trodde var utelukkende menneskelig - Nordnesrepublikken\",\"isPartOf\":{\"@id\":\"https:\/\/nordnesrepublikken.no\/#website\"},\"primaryImageOfPage\":{\"@id\":\"https:\/\/nordnesrepublikken.no\/index.php\/2025\/07\/19\/ravner-skal-ha-en-evne-man-trodde-var-utelukkende-menneskelig\/#primaryimage\"},\"image\":{\"@id\":\"https:\/\/nordnesrepublikken.no\/index.php\/2025\/07\/19\/ravner-skal-ha-en-evne-man-trodde-var-utelukkende-menneskelig\/#primaryimage\"},\"thumbnailUrl\":\"https:\/\/nordnesrepublikken.no\/wp-content\/uploads\/2025\/07\/Ravner.jpg\",\"datePublished\":\"2025-07-19T06:00:00+00:00\",\"breadcrumb\":{\"@id\":\"https:\/\/nordnesrepublikken.no\/index.php\/2025\/07\/19\/ravner-skal-ha-en-evne-man-trodde-var-utelukkende-menneskelig\/#breadcrumb\"},\"inLanguage\":\"nb-NO\",\"potentialAction\":[{\"@type\":\"ReadAction\",\"target\":[\"https:\/\/nordnesrepublikken.no\/index.php\/2025\/07\/19\/ravner-skal-ha-en-evne-man-trodde-var-utelukkende-menneskelig\/\"]}]},{\"@type\":\"ImageObject\",\"inLanguage\":\"nb-NO\",\"@id\":\"https:\/\/nordnesrepublikken.no\/index.php\/2025\/07\/19\/ravner-skal-ha-en-evne-man-trodde-var-utelukkende-menneskelig\/#primaryimage\",\"url\":\"https:\/\/nordnesrepublikken.no\/wp-content\/uploads\/2025\/07\/Ravner.jpg\",\"contentUrl\":\"https:\/\/nordnesrepublikken.no\/wp-content\/uploads\/2025\/07\/Ravner.jpg\",\"width\":1200,\"height\":800,\"caption\":\"Ravner skal ha en evne man trodde var utelukkende menneskelig\"},{\"@type\":\"BreadcrumbList\",\"@id\":\"https:\/\/nordnesrepublikken.no\/index.php\/2025\/07\/19\/ravner-skal-ha-en-evne-man-trodde-var-utelukkende-menneskelig\/#breadcrumb\",\"itemListElement\":[{\"@type\":\"ListItem\",\"position\":1,\"name\":\"Home\",\"item\":\"https:\/\/nordnesrepublikken.no\/\"},{\"@type\":\"ListItem\",\"position\":2,\"name\":\"Ravner skal ha en evne man trodde var utelukkende menneskelig\"}]},{\"@type\":\"WebSite\",\"@id\":\"https:\/\/nordnesrepublikken.no\/#website\",\"url\":\"https:\/\/nordnesrepublikken.no\/\",\"name\":\"Nordnesrepublikken\",\"description\":\"Stemmer og Visjoner fra Republikkens Hjerte\",\"publisher\":{\"@id\":\"https:\/\/nordnesrepublikken.no\/#organization\"},\"potentialAction\":[{\"@type\":\"SearchAction\",\"target\":{\"@type\":\"EntryPoint\",\"urlTemplate\":\"https:\/\/nordnesrepublikken.no\/?s={search_term_string}\"},\"query-input\":{\"@type\":\"PropertyValueSpecification\",\"valueRequired\":true,\"valueName\":\"search_term_string\"}}],\"inLanguage\":\"nb-NO\"},{\"@type\":\"Organization\",\"@id\":\"https:\/\/nordnesrepublikken.no\/#organization\",\"name\":\"Nordnesrepublikken\",\"url\":\"https:\/\/nordnesrepublikken.no\/\",\"logo\":{\"@type\":\"ImageObject\",\"inLanguage\":\"nb-NO\",\"@id\":\"https:\/\/nordnesrepublikken.no\/#\/schema\/logo\/image\/\",\"url\":\"https:\/\/nordnesrepublikken.no\/wp-content\/uploads\/2025\/02\/cropped-nordnesrepublikken-2.png\",\"contentUrl\":\"https:\/\/nordnesrepublikken.no\/wp-content\/uploads\/2025\/02\/cropped-nordnesrepublikken-2.png\",\"width\":1248,\"height\":362,\"caption\":\"Nordnesrepublikken\"},\"image\":{\"@id\":\"https:\/\/nordnesrepublikken.no\/#\/schema\/logo\/image\/\"}},{\"@type\":\"Person\",\"@id\":\"https:\/\/nordnesrepublikken.no\/#\/schema\/person\/abc03aa5515ba36093b3017e37d518c8\",\"name\":\"Veronika Andersen\",\"image\":{\"@type\":\"ImageObject\",\"inLanguage\":\"nb-NO\",\"@id\":\"https:\/\/nordnesrepublikken.no\/#\/schema\/person\/image\/\",\"url\":\"https:\/\/secure.gravatar.com\/avatar\/d1f3c7e776e49a5853ff59ce440b9546c800cd0512bce7cc678bde63dec47a39?s=96&d=mm&r=g\",\"contentUrl\":\"https:\/\/secure.gravatar.com\/avatar\/d1f3c7e776e49a5853ff59ce440b9546c800cd0512bce7cc678bde63dec47a39?s=96&d=mm&r=g\",\"caption\":\"Veronika Andersen\"},\"sameAs\":[\"https:\/\/nordnesrepublikken.no\/\"]}]}<\/script>\n<!-- \/ Yoast SEO plugin. -->","yoast_head_json":{"title":"Ravner skal ha en evne man trodde var utelukkende menneskelig - Nordnesrepublikken","robots":{"index":"index","follow":"follow","max-snippet":"max-snippet:-1","max-image-preview":"max-image-preview:large","max-video-preview":"max-video-preview:-1"},"canonical":"https:\/\/nordnesrepublikken.no\/index.php\/2025\/07\/19\/ravner-skal-ha-en-evne-man-trodde-var-utelukkende-menneskelig\/","og_locale":"nb_NO","og_type":"article","og_title":"Ravner skal ha en evne man trodde var utelukkende menneskelig - Nordnesrepublikken","og_description":"Oppdag at ravnene mestrer rekursivitet, en kognitiv milep\u00e6l som \u00e5pner for hierarkisk tenkning og kan","og_url":"https:\/\/nordnesrepublikken.no\/index.php\/2025\/07\/19\/ravner-skal-ha-en-evne-man-trodde-var-utelukkende-menneskelig\/","og_site_name":"Nordnesrepublikken","article_published_time":"2025-07-19T06:00:00+00:00","og_image":[{"width":1200,"height":800,"url":"https:\/\/nordnesrepublikken.no\/wp-content\/uploads\/2025\/07\/Ravner.jpg","type":"image\/jpeg"}],"author":"Veronika Andersen","twitter_card":"summary_large_image","twitter_misc":{"Skrevet av":"Veronika Andersen","Ansl. lesetid":"3 minutter"},"schema":{"@context":"https:\/\/schema.org","@graph":[{"@type":"Article","@id":"https:\/\/nordnesrepublikken.no\/index.php\/2025\/07\/19\/ravner-skal-ha-en-evne-man-trodde-var-utelukkende-menneskelig\/#article","isPartOf":{"@id":"https:\/\/nordnesrepublikken.no\/index.php\/2025\/07\/19\/ravner-skal-ha-en-evne-man-trodde-var-utelukkende-menneskelig\/"},"author":{"name":"Veronika Andersen","@id":"https:\/\/nordnesrepublikken.no\/#\/schema\/person\/abc03aa5515ba36093b3017e37d518c8"},"headline":"Ravner skal ha en evne man trodde var utelukkende menneskelig","datePublished":"2025-07-19T06:00:00+00:00","mainEntityOfPage":{"@id":"https:\/\/nordnesrepublikken.no\/index.php\/2025\/07\/19\/ravner-skal-ha-en-evne-man-trodde-var-utelukkende-menneskelig\/"},"wordCount":412,"publisher":{"@id":"https:\/\/nordnesrepublikken.no\/#organization"},"image":{"@id":"https:\/\/nordnesrepublikken.no\/index.php\/2025\/07\/19\/ravner-skal-ha-en-evne-man-trodde-var-utelukkende-menneskelig\/#primaryimage"},"thumbnailUrl":"https:\/\/nordnesrepublikken.no\/wp-content\/uploads\/2025\/07\/Ravner.jpg","articleSection":["Nyheter"],"inLanguage":"nb-NO"},{"@type":"WebPage","@id":"https:\/\/nordnesrepublikken.no\/index.php\/2025\/07\/19\/ravner-skal-ha-en-evne-man-trodde-var-utelukkende-menneskelig\/","url":"https:\/\/nordnesrepublikken.no\/index.php\/2025\/07\/19\/ravner-skal-ha-en-evne-man-trodde-var-utelukkende-menneskelig\/","name":"Ravner skal ha en evne man trodde var utelukkende menneskelig - Nordnesrepublikken","isPartOf":{"@id":"https:\/\/nordnesrepublikken.no\/#website"},"primaryImageOfPage":{"@id":"https:\/\/nordnesrepublikken.no\/index.php\/2025\/07\/19\/ravner-skal-ha-en-evne-man-trodde-var-utelukkende-menneskelig\/#primaryimage"},"image":{"@id":"https:\/\/nordnesrepublikken.no\/index.php\/2025\/07\/19\/ravner-skal-ha-en-evne-man-trodde-var-utelukkende-menneskelig\/#primaryimage"},"thumbnailUrl":"https:\/\/nordnesrepublikken.no\/wp-content\/uploads\/2025\/07\/Ravner.jpg","datePublished":"2025-07-19T06:00:00+00:00","breadcrumb":{"@id":"https:\/\/nordnesrepublikken.no\/index.php\/2025\/07\/19\/ravner-skal-ha-en-evne-man-trodde-var-utelukkende-menneskelig\/#breadcrumb"},"inLanguage":"nb-NO","potentialAction":[{"@type":"ReadAction","target":["https:\/\/nordnesrepublikken.no\/index.php\/2025\/07\/19\/ravner-skal-ha-en-evne-man-trodde-var-utelukkende-menneskelig\/"]}]},{"@type":"ImageObject","inLanguage":"nb-NO","@id":"https:\/\/nordnesrepublikken.no\/index.php\/2025\/07\/19\/ravner-skal-ha-en-evne-man-trodde-var-utelukkende-menneskelig\/#primaryimage","url":"https:\/\/nordnesrepublikken.no\/wp-content\/uploads\/2025\/07\/Ravner.jpg","contentUrl":"https:\/\/nordnesrepublikken.no\/wp-content\/uploads\/2025\/07\/Ravner.jpg","width":1200,"height":800,"caption":"Ravner skal ha en evne man trodde var utelukkende menneskelig"},{"@type":"BreadcrumbList","@id":"https:\/\/nordnesrepublikken.no\/index.php\/2025\/07\/19\/ravner-skal-ha-en-evne-man-trodde-var-utelukkende-menneskelig\/#breadcrumb","itemListElement":[{"@type":"ListItem","position":1,"name":"Home","item":"https:\/\/nordnesrepublikken.no\/"},{"@type":"ListItem","position":2,"name":"Ravner skal ha en evne man trodde var utelukkende menneskelig"}]},{"@type":"WebSite","@id":"https:\/\/nordnesrepublikken.no\/#website","url":"https:\/\/nordnesrepublikken.no\/","name":"Nordnesrepublikken","description":"Stemmer og Visjoner fra Republikkens Hjerte","publisher":{"@id":"https:\/\/nordnesrepublikken.no\/#organization"},"potentialAction":[{"@type":"SearchAction","target":{"@type":"EntryPoint","urlTemplate":"https:\/\/nordnesrepublikken.no\/?s={search_term_string}"},"query-input":{"@type":"PropertyValueSpecification","valueRequired":true,"valueName":"search_term_string"}}],"inLanguage":"nb-NO"},{"@type":"Organization","@id":"https:\/\/nordnesrepublikken.no\/#organization","name":"Nordnesrepublikken","url":"https:\/\/nordnesrepublikken.no\/","logo":{"@type":"ImageObject","inLanguage":"nb-NO","@id":"https:\/\/nordnesrepublikken.no\/#\/schema\/logo\/image\/","url":"https:\/\/nordnesrepublikken.no\/wp-content\/uploads\/2025\/02\/cropped-nordnesrepublikken-2.png","contentUrl":"https:\/\/nordnesrepublikken.no\/wp-content\/uploads\/2025\/02\/cropped-nordnesrepublikken-2.png","width":1248,"height":362,"caption":"Nordnesrepublikken"},"image":{"@id":"https:\/\/nordnesrepublikken.no\/#\/schema\/logo\/image\/"}},{"@type":"Person","@id":"https:\/\/nordnesrepublikken.no\/#\/schema\/person\/abc03aa5515ba36093b3017e37d518c8","name":"Veronika Andersen","image":{"@type":"ImageObject","inLanguage":"nb-NO","@id":"https:\/\/nordnesrepublikken.no\/#\/schema\/person\/image\/","url":"https:\/\/secure.gravatar.com\/avatar\/d1f3c7e776e49a5853ff59ce440b9546c800cd0512bce7cc678bde63dec47a39?s=96&d=mm&r=g","contentUrl":"https:\/\/secure.gravatar.com\/avatar\/d1f3c7e776e49a5853ff59ce440b9546c800cd0512bce7cc678bde63dec47a39?s=96&d=mm&r=g","caption":"Veronika Andersen"},"sameAs":["https:\/\/nordnesrepublikken.no\/"]}]}},"_links":{"self":[{"href":"https:\/\/nordnesrepublikken.no\/index.php\/wp-json\/wp\/v2\/posts\/7101","targetHints":{"allow":["GET"]}}],"collection":[{"href":"https:\/\/nordnesrepublikken.no\/index.php\/wp-json\/wp\/v2\/posts"}],"about":[{"href":"https:\/\/nordnesrepublikken.no\/index.php\/wp-json\/wp\/v2\/types\/post"}],"author":[{"embeddable":true,"href":"https:\/\/nordnesrepublikken.no\/index.php\/wp-json\/wp\/v2\/users\/3"}],"replies":[{"embeddable":true,"href":"https:\/\/nordnesrepublikken.no\/index.php\/wp-json\/wp\/v2\/comments?post=7101"}],"version-history":[{"count":1,"href":"https:\/\/nordnesrepublikken.no\/index.php\/wp-json\/wp\/v2\/posts\/7101\/revisions"}],"predecessor-version":[{"id":7105,"href":"https:\/\/nordnesrepublikken.no\/index.php\/wp-json\/wp\/v2\/posts\/7101\/revisions\/7105"}],"wp:featuredmedia":[{"embeddable":true,"href":"https:\/\/nordnesrepublikken.no\/index.php\/wp-json\/wp\/v2\/media\/7102"}],"wp:attachment":[{"href":"https:\/\/nordnesrepublikken.no\/index.php\/wp-json\/wp\/v2\/media?parent=7101"}],"wp:term":[{"taxonomy":"category","embeddable":true,"href":"https:\/\/nordnesrepublikken.no\/index.php\/wp-json\/wp\/v2\/categories?post=7101"},{"taxonomy":"post_tag","embeddable":true,"href":"https:\/\/nordnesrepublikken.no\/index.php\/wp-json\/wp\/v2\/tags?post=7101"}],"curies":[{"name":"wp","href":"https:\/\/api.w.org\/{rel}","templated":true}]}}