{"id":7086,"date":"2025-07-17T07:49:37","date_gmt":"2025-07-17T05:49:37","guid":{"rendered":"https:\/\/nordnesrepublikken.no\/index.php\/2025\/07\/17\/hvor-er-det-mest-isolerte-huset-i-verden-og-hva-er-inne\/"},"modified":"2025-07-17T07:49:40","modified_gmt":"2025-07-17T05:49:40","slug":"hvor-er-det-mest-isolerte-huset-i-verden-og-hva-er-inne","status":"publish","type":"post","link":"https:\/\/nordnesrepublikken.no\/index.php\/2025\/07\/17\/hvor-er-det-mest-isolerte-huset-i-verden-og-hva-er-inne\/","title":{"rendered":"Hvor er det &laquo;mest isolerte huset i verden&raquo; og hva er inne?"},"content":{"rendered":"<div>\n<div class=\"cp_wrapper cp_wrapper--fw mb-30 mb-20@tablet\">\n<figure class=\"mm\"><picture class=\"img\" style=\"padding-top:56.25%\"><source  media=\"(min-width: 1024px)\"><source  media=\"(min-width: 768px)\"><\/source><\/source><\/picture><\/figure>\n<\/p><\/div>\n<p>Periodisk online bildet av en sirkulerer <strong>liten<\/strong> Hvitt hjem tapt p\u00e5 en \u00f8y omgitt av bratte klipper, ofte definert som &laquo;<em><strong>Det mest isolerte huset i verden<\/strong><\/em>&laquo;. Mange ensomme reisende dr\u00f8mmer om \u00e5 kunne tilbringe litt tid der, og selv om det sannsynligvis ikke er det <em>Absolutt<\/em> Av det mest isolerte huset i verden gjenst\u00e5r faktum at den bygningen faktisk er<strong>Den eneste av den vulkanske \u00f8ya Elli\u00f0aey<\/strong>en del av den islandske skj\u00e6rg\u00e5rden til <strong>Vestmannnaejyar<\/strong>. Men det vi ser er ikke et privat hjem som vi kunne forvente, men en <strong>Jakt tilflukt <\/strong>Fri for vann og str\u00f8m, selv om det er en badstue (drevet av regnvannet som er samlet).<\/p>\n<p>Den to -etasjers tilflukt st\u00e5r ved foten av <strong>H\u00e1bar\u00f0<\/strong>den h\u00f8yeste toppen av \u00f8ya, og ble laget i <strong>1996<\/strong>. Posisjonen er ikke tilfeldig: faktisk stiger den p\u00e5 samme punkt for forrige skur, laget i 1953 for \u00e5 jakte lundefuglene og deretter revet p\u00e5 grunn av nedbrytning. Arbeidene for den nye konstruksjonen har startet i <strong>1987,<\/strong> mens <strong>badstue<\/strong> tilst\u00f8tende ble gjort <strong>Mellom 2000 og 2001<\/strong>.<br \/>Selv om dette er en nylig struktur, er det godt \u00e5 huske at det verken er str\u00f8m eller rennende vann inni.<\/p>\n<p>For \u00e5 n\u00e5 \u00f8ya er det n\u00f8dvendig \u00e5 utf\u00f8re en <strong>Ferjetur p\u00e5 et par timer<\/strong> Fra \u00f8ya Heimaey, det eneste bebodde omr\u00e5det i hele skj\u00e6rg\u00e5rden. N\u00e5r det er landet p\u00e5 kysten, er det n\u00f8dvendig \u00e5 gj\u00f8re <strong>Mer to timer<\/strong> <strong>Av<\/strong> <strong>sti<\/strong> For \u00e5 n\u00e5 tilflukt &#8230; men v\u00e6r forsiktig! Det er en privat eiendom av <em>Society of the Ellidagrim Islands<\/em> Og derfor er tilgang til \u00f8ya bare mulig etter \u00e5 ha mottatt tillatelse fra eierne. For de nysgjerrige, her er en video som viser det indre av tilflukt:<\/p>\n<p><a href=\"https:\/\/www.youtube.com\/watch?v=Taxdbwlowg8\">https:\/\/www.youtube.com\/watch?v=Taxdbwlowg8<\/a><\/p>\n<p><strong>Liten nysgjerrighet<\/strong>: Over tid har ryktene begynt \u00e5 sirkulere om den p\u00e5st\u00e5tte donasjonen av \u00f8ya av den islandske regjeringen til den ber\u00f8mte sangeren -longwriter <strong>Bj\u00f6rk<\/strong>. Denne misforst\u00e5elsen oppst\u00e5r fra det faktum at regjeringen faktisk foreslo for sangeren \u00e5 gi henne \u00f8ya <strong>Elli\u00f0aey<\/strong>&#8230; Men ikke denne \u00f8ya Elli\u00f0aey, men en homonym som ligger utenfor vestkysten av Island. I alle fall nektet sangeren gaven og til dags dato eies ingen av de to Elli\u00f0aey av Bj\u00f6rk.<\/p>\n<div class=\"cp_wrapper cp_wrapper--fw mb-50\">\n<figure class=\"mm\"><picture class=\"img\" style=\"padding-top:102.7149321267%\"><source  media=\"(min-width: 1024px)\"><source  media=\"(min-width: 768px)\"><img decoding=\"async\" loading=\"lazy\" src=\"https:\/\/nordnesrepublikken.no\/wp-content\/uploads\/2025\/07\/1752731377_444_Hvor-er-det-mest-isolerte-huset-i-verden-og-hva.jpg\" alt=\"Bilde\" width=\"884\" height=\"908\"><\/source><\/source><\/picture><\/figure>\n<\/p><\/div>\n<\/p><\/div>\n","protected":false},"excerpt":{"rendered":"<p>Periodisk online bildet av en sirkulerer liten Hvitt hjem tapt p\u00e5 en \u00f8y omgitt av<\/p>\n","protected":false},"author":1,"featured_media":7087,"comment_status":"closed","ping_status":"open","sticky":false,"template":"","format":"standard","meta":{"footnotes":""},"categories":[26],"tags":[66,2616,144,449,4612,4309,167,598],"class_list":["post-7086","post","type-post","status-publish","format-standard","has-post-thumbnail","hentry","category-miljo","tag-det","tag-huset","tag-hva","tag-hvor","tag-inne","tag-isolerte","tag-mest","tag-verden","generate-columns","tablet-grid-50","mobile-grid-100","grid-parent","grid-33","resize-featured-image"],"yoast_head":"<!-- This site is optimized with the Yoast SEO plugin v24.4 - https:\/\/yoast.com\/wordpress\/plugins\/seo\/ -->\n<title>Hvor er det &quot;mest isolerte huset i verden&quot; og hva er inne? - Nordnesrepublikken<\/title>\n<meta name=\"robots\" content=\"index, follow, max-snippet:-1, max-image-preview:large, max-video-preview:-1\" \/>\n<link rel=\"canonical\" href=\"https:\/\/nordnesrepublikken.no\/index.php\/2025\/07\/17\/hvor-er-det-mest-isolerte-huset-i-verden-og-hva-er-inne\/\" \/>\n<meta property=\"og:locale\" content=\"nb_NO\" \/>\n<meta property=\"og:type\" content=\"article\" \/>\n<meta property=\"og:title\" content=\"Hvor er det &quot;mest isolerte huset i verden&quot; og hva er inne? - Nordnesrepublikken\" \/>\n<meta property=\"og:description\" content=\"Periodisk online bildet av en sirkulerer liten Hvitt hjem tapt p\u00e5 en \u00f8y omgitt av\" \/>\n<meta property=\"og:url\" content=\"https:\/\/nordnesrepublikken.no\/index.php\/2025\/07\/17\/hvor-er-det-mest-isolerte-huset-i-verden-og-hva-er-inne\/\" \/>\n<meta property=\"og:site_name\" content=\"Nordnesrepublikken\" \/>\n<meta property=\"article:published_time\" content=\"2025-07-17T05:49:37+00:00\" \/>\n<meta property=\"article:modified_time\" content=\"2025-07-17T05:49:40+00:00\" \/>\n<meta property=\"og:image\" content=\"https:\/\/nordnesrepublikken.no\/wp-content\/uploads\/2025\/07\/1752731377_Hvor-er-det-mest-isolerte-huset-i-verden-og-hva.jpg\" \/>\n\t<meta property=\"og:image:width\" content=\"2549\" \/>\n\t<meta property=\"og:image:height\" content=\"1491\" \/>\n\t<meta property=\"og:image:type\" content=\"image\/jpeg\" \/>\n<meta name=\"author\" content=\"Ole Andersen\" \/>\n<meta name=\"twitter:card\" content=\"summary_large_image\" \/>\n<meta name=\"twitter:label1\" content=\"Skrevet av\" \/>\n\t<meta name=\"twitter:data1\" content=\"Ole Andersen\" \/>\n\t<meta name=\"twitter:label2\" content=\"Ansl. lesetid\" \/>\n\t<meta name=\"twitter:data2\" content=\"2 minutter\" \/>\n<script type=\"application\/ld+json\" class=\"yoast-schema-graph\">{\"@context\":\"https:\/\/schema.org\",\"@graph\":[{\"@type\":\"Article\",\"@id\":\"https:\/\/nordnesrepublikken.no\/index.php\/2025\/07\/17\/hvor-er-det-mest-isolerte-huset-i-verden-og-hva-er-inne\/#article\",\"isPartOf\":{\"@id\":\"https:\/\/nordnesrepublikken.no\/index.php\/2025\/07\/17\/hvor-er-det-mest-isolerte-huset-i-verden-og-hva-er-inne\/\"},\"author\":{\"name\":\"Ole Andersen\",\"@id\":\"https:\/\/nordnesrepublikken.no\/#\/schema\/person\/2e7e81935bab77882fffb79296240ff1\"},\"headline\":\"Hvor er det &laquo;mest isolerte huset i verden&raquo; og hva er inne?\",\"datePublished\":\"2025-07-17T05:49:37+00:00\",\"dateModified\":\"2025-07-17T05:49:40+00:00\",\"mainEntityOfPage\":{\"@id\":\"https:\/\/nordnesrepublikken.no\/index.php\/2025\/07\/17\/hvor-er-det-mest-isolerte-huset-i-verden-og-hva-er-inne\/\"},\"wordCount\":389,\"publisher\":{\"@id\":\"https:\/\/nordnesrepublikken.no\/#organization\"},\"image\":{\"@id\":\"https:\/\/nordnesrepublikken.no\/index.php\/2025\/07\/17\/hvor-er-det-mest-isolerte-huset-i-verden-og-hva-er-inne\/#primaryimage\"},\"thumbnailUrl\":\"https:\/\/nordnesrepublikken.no\/wp-content\/uploads\/2025\/07\/1752731377_Hvor-er-det-mest-isolerte-huset-i-verden-og-hva.jpg\",\"keywords\":[\"Det\",\"huset\",\"Hva\",\"hvor\",\"inne\",\"isolerte\",\"mest\",\"verden\"],\"articleSection\":[\"Milj\u00f8\"],\"inLanguage\":\"nb-NO\"},{\"@type\":\"WebPage\",\"@id\":\"https:\/\/nordnesrepublikken.no\/index.php\/2025\/07\/17\/hvor-er-det-mest-isolerte-huset-i-verden-og-hva-er-inne\/\",\"url\":\"https:\/\/nordnesrepublikken.no\/index.php\/2025\/07\/17\/hvor-er-det-mest-isolerte-huset-i-verden-og-hva-er-inne\/\",\"name\":\"Hvor er det \\\"mest isolerte huset i verden\\\" og hva er inne? - Nordnesrepublikken\",\"isPartOf\":{\"@id\":\"https:\/\/nordnesrepublikken.no\/#website\"},\"primaryImageOfPage\":{\"@id\":\"https:\/\/nordnesrepublikken.no\/index.php\/2025\/07\/17\/hvor-er-det-mest-isolerte-huset-i-verden-og-hva-er-inne\/#primaryimage\"},\"image\":{\"@id\":\"https:\/\/nordnesrepublikken.no\/index.php\/2025\/07\/17\/hvor-er-det-mest-isolerte-huset-i-verden-og-hva-er-inne\/#primaryimage\"},\"thumbnailUrl\":\"https:\/\/nordnesrepublikken.no\/wp-content\/uploads\/2025\/07\/1752731377_Hvor-er-det-mest-isolerte-huset-i-verden-og-hva.jpg\",\"datePublished\":\"2025-07-17T05:49:37+00:00\",\"dateModified\":\"2025-07-17T05:49:40+00:00\",\"breadcrumb\":{\"@id\":\"https:\/\/nordnesrepublikken.no\/index.php\/2025\/07\/17\/hvor-er-det-mest-isolerte-huset-i-verden-og-hva-er-inne\/#breadcrumb\"},\"inLanguage\":\"nb-NO\",\"potentialAction\":[{\"@type\":\"ReadAction\",\"target\":[\"https:\/\/nordnesrepublikken.no\/index.php\/2025\/07\/17\/hvor-er-det-mest-isolerte-huset-i-verden-og-hva-er-inne\/\"]}]},{\"@type\":\"ImageObject\",\"inLanguage\":\"nb-NO\",\"@id\":\"https:\/\/nordnesrepublikken.no\/index.php\/2025\/07\/17\/hvor-er-det-mest-isolerte-huset-i-verden-og-hva-er-inne\/#primaryimage\",\"url\":\"https:\/\/nordnesrepublikken.no\/wp-content\/uploads\/2025\/07\/1752731377_Hvor-er-det-mest-isolerte-huset-i-verden-og-hva.jpg\",\"contentUrl\":\"https:\/\/nordnesrepublikken.no\/wp-content\/uploads\/2025\/07\/1752731377_Hvor-er-det-mest-isolerte-huset-i-verden-og-hva.jpg\",\"width\":2549,\"height\":1491,\"caption\":\"Immagine\"},{\"@type\":\"BreadcrumbList\",\"@id\":\"https:\/\/nordnesrepublikken.no\/index.php\/2025\/07\/17\/hvor-er-det-mest-isolerte-huset-i-verden-og-hva-er-inne\/#breadcrumb\",\"itemListElement\":[{\"@type\":\"ListItem\",\"position\":1,\"name\":\"Home\",\"item\":\"https:\/\/nordnesrepublikken.no\/\"},{\"@type\":\"ListItem\",\"position\":2,\"name\":\"Hvor er det &laquo;mest isolerte huset i verden&raquo; og hva er inne?\"}]},{\"@type\":\"WebSite\",\"@id\":\"https:\/\/nordnesrepublikken.no\/#website\",\"url\":\"https:\/\/nordnesrepublikken.no\/\",\"name\":\"Nordnesrepublikken\",\"description\":\"Stemmer og Visjoner fra Republikkens Hjerte\",\"publisher\":{\"@id\":\"https:\/\/nordnesrepublikken.no\/#organization\"},\"potentialAction\":[{\"@type\":\"SearchAction\",\"target\":{\"@type\":\"EntryPoint\",\"urlTemplate\":\"https:\/\/nordnesrepublikken.no\/?s={search_term_string}\"},\"query-input\":{\"@type\":\"PropertyValueSpecification\",\"valueRequired\":true,\"valueName\":\"search_term_string\"}}],\"inLanguage\":\"nb-NO\"},{\"@type\":\"Organization\",\"@id\":\"https:\/\/nordnesrepublikken.no\/#organization\",\"name\":\"Nordnesrepublikken\",\"url\":\"https:\/\/nordnesrepublikken.no\/\",\"logo\":{\"@type\":\"ImageObject\",\"inLanguage\":\"nb-NO\",\"@id\":\"https:\/\/nordnesrepublikken.no\/#\/schema\/logo\/image\/\",\"url\":\"https:\/\/nordnesrepublikken.no\/wp-content\/uploads\/2025\/02\/cropped-nordnesrepublikken-2.png\",\"contentUrl\":\"https:\/\/nordnesrepublikken.no\/wp-content\/uploads\/2025\/02\/cropped-nordnesrepublikken-2.png\",\"width\":1248,\"height\":362,\"caption\":\"Nordnesrepublikken\"},\"image\":{\"@id\":\"https:\/\/nordnesrepublikken.no\/#\/schema\/logo\/image\/\"}},{\"@type\":\"Person\",\"@id\":\"https:\/\/nordnesrepublikken.no\/#\/schema\/person\/2e7e81935bab77882fffb79296240ff1\",\"name\":\"Ole Andersen\",\"image\":{\"@type\":\"ImageObject\",\"inLanguage\":\"nb-NO\",\"@id\":\"https:\/\/nordnesrepublikken.no\/#\/schema\/person\/image\/\",\"url\":\"https:\/\/nordnesrepublikken.no\/wp-content\/uploads\/2025\/02\/nordnesrepublikken-2-2-150x150.jpg\",\"contentUrl\":\"https:\/\/nordnesrepublikken.no\/wp-content\/uploads\/2025\/02\/nordnesrepublikken-2-2-150x150.jpg\",\"caption\":\"Ole Andersen\"},\"description\":\"Ettersom jeg vokste opp i Oslo, har jeg alltid v\u00e6rt fascinert av ordenes kraft og deres evne til \u00e5 skape endringer. Etter \u00e5 ha fullf\u00f8rt min utdannelse i kommunikasjon ved Universitetet i Bergen, fikk jeg muligheten til \u00e5 jobbe innen ulike medier, der jeg har s\u00f8kt \u00e5 belyse viktige samfunnssp\u00f8rsm\u00e5l. I dag, som redakt\u00f8r for Nordnesrepublikken, pr\u00f8ver jeg \u00e5 forene min kj\u00e6rlighet for journalistikk med min lidenskap for innovasjon og eventyr.\",\"sameAs\":[\"https:\/\/nordnesrepublikken.no\/\"]}]}<\/script>\n<!-- \/ Yoast SEO plugin. -->","yoast_head_json":{"title":"Hvor er det \"mest isolerte huset i verden\" og hva er inne? - Nordnesrepublikken","robots":{"index":"index","follow":"follow","max-snippet":"max-snippet:-1","max-image-preview":"max-image-preview:large","max-video-preview":"max-video-preview:-1"},"canonical":"https:\/\/nordnesrepublikken.no\/index.php\/2025\/07\/17\/hvor-er-det-mest-isolerte-huset-i-verden-og-hva-er-inne\/","og_locale":"nb_NO","og_type":"article","og_title":"Hvor er det \"mest isolerte huset i verden\" og hva er inne? - Nordnesrepublikken","og_description":"Periodisk online bildet av en sirkulerer liten Hvitt hjem tapt p\u00e5 en \u00f8y omgitt av","og_url":"https:\/\/nordnesrepublikken.no\/index.php\/2025\/07\/17\/hvor-er-det-mest-isolerte-huset-i-verden-og-hva-er-inne\/","og_site_name":"Nordnesrepublikken","article_published_time":"2025-07-17T05:49:37+00:00","article_modified_time":"2025-07-17T05:49:40+00:00","og_image":[{"width":2549,"height":1491,"url":"https:\/\/nordnesrepublikken.no\/wp-content\/uploads\/2025\/07\/1752731377_Hvor-er-det-mest-isolerte-huset-i-verden-og-hva.jpg","type":"image\/jpeg"}],"author":"Ole Andersen","twitter_card":"summary_large_image","twitter_misc":{"Skrevet av":"Ole Andersen","Ansl. lesetid":"2 minutter"},"schema":{"@context":"https:\/\/schema.org","@graph":[{"@type":"Article","@id":"https:\/\/nordnesrepublikken.no\/index.php\/2025\/07\/17\/hvor-er-det-mest-isolerte-huset-i-verden-og-hva-er-inne\/#article","isPartOf":{"@id":"https:\/\/nordnesrepublikken.no\/index.php\/2025\/07\/17\/hvor-er-det-mest-isolerte-huset-i-verden-og-hva-er-inne\/"},"author":{"name":"Ole Andersen","@id":"https:\/\/nordnesrepublikken.no\/#\/schema\/person\/2e7e81935bab77882fffb79296240ff1"},"headline":"Hvor er det &laquo;mest isolerte huset i verden&raquo; og hva er inne?","datePublished":"2025-07-17T05:49:37+00:00","dateModified":"2025-07-17T05:49:40+00:00","mainEntityOfPage":{"@id":"https:\/\/nordnesrepublikken.no\/index.php\/2025\/07\/17\/hvor-er-det-mest-isolerte-huset-i-verden-og-hva-er-inne\/"},"wordCount":389,"publisher":{"@id":"https:\/\/nordnesrepublikken.no\/#organization"},"image":{"@id":"https:\/\/nordnesrepublikken.no\/index.php\/2025\/07\/17\/hvor-er-det-mest-isolerte-huset-i-verden-og-hva-er-inne\/#primaryimage"},"thumbnailUrl":"https:\/\/nordnesrepublikken.no\/wp-content\/uploads\/2025\/07\/1752731377_Hvor-er-det-mest-isolerte-huset-i-verden-og-hva.jpg","keywords":["Det","huset","Hva","hvor","inne","isolerte","mest","verden"],"articleSection":["Milj\u00f8"],"inLanguage":"nb-NO"},{"@type":"WebPage","@id":"https:\/\/nordnesrepublikken.no\/index.php\/2025\/07\/17\/hvor-er-det-mest-isolerte-huset-i-verden-og-hva-er-inne\/","url":"https:\/\/nordnesrepublikken.no\/index.php\/2025\/07\/17\/hvor-er-det-mest-isolerte-huset-i-verden-og-hva-er-inne\/","name":"Hvor er det \"mest isolerte huset i verden\" og hva er inne? - Nordnesrepublikken","isPartOf":{"@id":"https:\/\/nordnesrepublikken.no\/#website"},"primaryImageOfPage":{"@id":"https:\/\/nordnesrepublikken.no\/index.php\/2025\/07\/17\/hvor-er-det-mest-isolerte-huset-i-verden-og-hva-er-inne\/#primaryimage"},"image":{"@id":"https:\/\/nordnesrepublikken.no\/index.php\/2025\/07\/17\/hvor-er-det-mest-isolerte-huset-i-verden-og-hva-er-inne\/#primaryimage"},"thumbnailUrl":"https:\/\/nordnesrepublikken.no\/wp-content\/uploads\/2025\/07\/1752731377_Hvor-er-det-mest-isolerte-huset-i-verden-og-hva.jpg","datePublished":"2025-07-17T05:49:37+00:00","dateModified":"2025-07-17T05:49:40+00:00","breadcrumb":{"@id":"https:\/\/nordnesrepublikken.no\/index.php\/2025\/07\/17\/hvor-er-det-mest-isolerte-huset-i-verden-og-hva-er-inne\/#breadcrumb"},"inLanguage":"nb-NO","potentialAction":[{"@type":"ReadAction","target":["https:\/\/nordnesrepublikken.no\/index.php\/2025\/07\/17\/hvor-er-det-mest-isolerte-huset-i-verden-og-hva-er-inne\/"]}]},{"@type":"ImageObject","inLanguage":"nb-NO","@id":"https:\/\/nordnesrepublikken.no\/index.php\/2025\/07\/17\/hvor-er-det-mest-isolerte-huset-i-verden-og-hva-er-inne\/#primaryimage","url":"https:\/\/nordnesrepublikken.no\/wp-content\/uploads\/2025\/07\/1752731377_Hvor-er-det-mest-isolerte-huset-i-verden-og-hva.jpg","contentUrl":"https:\/\/nordnesrepublikken.no\/wp-content\/uploads\/2025\/07\/1752731377_Hvor-er-det-mest-isolerte-huset-i-verden-og-hva.jpg","width":2549,"height":1491,"caption":"Immagine"},{"@type":"BreadcrumbList","@id":"https:\/\/nordnesrepublikken.no\/index.php\/2025\/07\/17\/hvor-er-det-mest-isolerte-huset-i-verden-og-hva-er-inne\/#breadcrumb","itemListElement":[{"@type":"ListItem","position":1,"name":"Home","item":"https:\/\/nordnesrepublikken.no\/"},{"@type":"ListItem","position":2,"name":"Hvor er det &laquo;mest isolerte huset i verden&raquo; og hva er inne?"}]},{"@type":"WebSite","@id":"https:\/\/nordnesrepublikken.no\/#website","url":"https:\/\/nordnesrepublikken.no\/","name":"Nordnesrepublikken","description":"Stemmer og Visjoner fra Republikkens Hjerte","publisher":{"@id":"https:\/\/nordnesrepublikken.no\/#organization"},"potentialAction":[{"@type":"SearchAction","target":{"@type":"EntryPoint","urlTemplate":"https:\/\/nordnesrepublikken.no\/?s={search_term_string}"},"query-input":{"@type":"PropertyValueSpecification","valueRequired":true,"valueName":"search_term_string"}}],"inLanguage":"nb-NO"},{"@type":"Organization","@id":"https:\/\/nordnesrepublikken.no\/#organization","name":"Nordnesrepublikken","url":"https:\/\/nordnesrepublikken.no\/","logo":{"@type":"ImageObject","inLanguage":"nb-NO","@id":"https:\/\/nordnesrepublikken.no\/#\/schema\/logo\/image\/","url":"https:\/\/nordnesrepublikken.no\/wp-content\/uploads\/2025\/02\/cropped-nordnesrepublikken-2.png","contentUrl":"https:\/\/nordnesrepublikken.no\/wp-content\/uploads\/2025\/02\/cropped-nordnesrepublikken-2.png","width":1248,"height":362,"caption":"Nordnesrepublikken"},"image":{"@id":"https:\/\/nordnesrepublikken.no\/#\/schema\/logo\/image\/"}},{"@type":"Person","@id":"https:\/\/nordnesrepublikken.no\/#\/schema\/person\/2e7e81935bab77882fffb79296240ff1","name":"Ole Andersen","image":{"@type":"ImageObject","inLanguage":"nb-NO","@id":"https:\/\/nordnesrepublikken.no\/#\/schema\/person\/image\/","url":"https:\/\/nordnesrepublikken.no\/wp-content\/uploads\/2025\/02\/nordnesrepublikken-2-2-150x150.jpg","contentUrl":"https:\/\/nordnesrepublikken.no\/wp-content\/uploads\/2025\/02\/nordnesrepublikken-2-2-150x150.jpg","caption":"Ole Andersen"},"description":"Ettersom jeg vokste opp i Oslo, har jeg alltid v\u00e6rt fascinert av ordenes kraft og deres evne til \u00e5 skape endringer. Etter \u00e5 ha fullf\u00f8rt min utdannelse i kommunikasjon ved Universitetet i Bergen, fikk jeg muligheten til \u00e5 jobbe innen ulike medier, der jeg har s\u00f8kt \u00e5 belyse viktige samfunnssp\u00f8rsm\u00e5l. I dag, som redakt\u00f8r for Nordnesrepublikken, pr\u00f8ver jeg \u00e5 forene min kj\u00e6rlighet for journalistikk med min lidenskap for innovasjon og eventyr.","sameAs":["https:\/\/nordnesrepublikken.no\/"]}]}},"_links":{"self":[{"href":"https:\/\/nordnesrepublikken.no\/index.php\/wp-json\/wp\/v2\/posts\/7086","targetHints":{"allow":["GET"]}}],"collection":[{"href":"https:\/\/nordnesrepublikken.no\/index.php\/wp-json\/wp\/v2\/posts"}],"about":[{"href":"https:\/\/nordnesrepublikken.no\/index.php\/wp-json\/wp\/v2\/types\/post"}],"author":[{"embeddable":true,"href":"https:\/\/nordnesrepublikken.no\/index.php\/wp-json\/wp\/v2\/users\/1"}],"replies":[{"embeddable":true,"href":"https:\/\/nordnesrepublikken.no\/index.php\/wp-json\/wp\/v2\/comments?post=7086"}],"version-history":[{"count":1,"href":"https:\/\/nordnesrepublikken.no\/index.php\/wp-json\/wp\/v2\/posts\/7086\/revisions"}],"predecessor-version":[{"id":7088,"href":"https:\/\/nordnesrepublikken.no\/index.php\/wp-json\/wp\/v2\/posts\/7086\/revisions\/7088"}],"wp:featuredmedia":[{"embeddable":true,"href":"https:\/\/nordnesrepublikken.no\/index.php\/wp-json\/wp\/v2\/media\/7087"}],"wp:attachment":[{"href":"https:\/\/nordnesrepublikken.no\/index.php\/wp-json\/wp\/v2\/media?parent=7086"}],"wp:term":[{"taxonomy":"category","embeddable":true,"href":"https:\/\/nordnesrepublikken.no\/index.php\/wp-json\/wp\/v2\/categories?post=7086"},{"taxonomy":"post_tag","embeddable":true,"href":"https:\/\/nordnesrepublikken.no\/index.php\/wp-json\/wp\/v2\/tags?post=7086"}],"curies":[{"name":"wp","href":"https:\/\/api.w.org\/{rel}","templated":true}]}}