{"id":7033,"date":"2025-07-15T22:49:38","date_gmt":"2025-07-15T20:49:38","guid":{"rendered":"https:\/\/nordnesrepublikken.no\/index.php\/2025\/07\/15\/ev-global-sales-i-2025-sa-langt\/"},"modified":"2025-07-15T22:49:40","modified_gmt":"2025-07-15T20:49:40","slug":"ev-global-sales-i-2025-sa-langt","status":"publish","type":"post","link":"https:\/\/nordnesrepublikken.no\/index.php\/2025\/07\/15\/ev-global-sales-i-2025-sa-langt\/","title":{"rendered":"EV Global Sales i 2025 s\u00e5 langt"},"content":{"rendered":"<p><\/p>\n<div class=\"wordpress-content\">\n                    <!-- Article Start --><\/p>\n<p><strong>Salget av globalt elektrisk kj\u00f8ret\u00f8y (EV) \u00f8kte til 9,1 millioner i f\u00f8rste halvdel av 2025, if\u00f8lge nye data fra <em>Rho bevegelse<\/em> sitert av <em>Business Motoring<\/em>. Forskningen viser en \u00f8kning p\u00e5 28 prosent, med Kina og Europa fra \u00e5ret f\u00f8r. I mellomtiden stopper Nord -Amerika.<\/strong><\/p>\n<p>&laquo;Dagens EV -salgstall i f\u00f8rste halvdel av 2025 viser at Kina og Europa damper fremover n\u00e5r det gjelder den elektriske overgangen,&raquo; sa Charles Lester, datasjef i <em>Rho bevegelse<\/em>.<\/p>\n<h2><strong>Kina og Europa dominerer EV salgsvekst<\/strong><\/h2>\n<p>Kina er fortsatt det globale kraftsenteret for elektriske kj\u00f8ret\u00f8yer, og klokker inn 5,5 millioner solgte enheter, opp 32 prosent i fjor. Over halvparten av alle solgte EV -er over hele verden er kj\u00f8pt i Kina, og nesten 50 prosent av nye bilkj\u00f8p i landet er elektriske.<\/p>\n<div class=\"sra_unit\"><link rel=\"stylesheet\" id=\"block-sra\" href=\"https:\/\/euroweeklynews.com\/wp-content\/plugins\/snack-related-articles\/dist\/css\/snack-related.min.css?250312-193541\" type=\"text\/css\" media=\"all\">\n<\/div>\n<p>Europa fulgte med 2 millioner eVs solgt, en \u00f8kning p\u00e5 26 prosent \u00f8kning fra \u00e5ret f\u00f8r. Veksten varierer imidlertid mye etter land:<\/p>\n<ul>\n<li>Spania ledet med en b\u00f8lge p\u00e5 85 prosent, takket v\u00e6re trekkene III og CAE incentivordninger.<\/li>\n<li>Tyskland og Storbritannia hadde sterke \u00f8kninger p\u00e5 40 og 32 prosent.<\/li>\n<li>Frankrike s\u00e5 imidlertid et fall p\u00e5 13 prosent, som Lester tilskrev f\u00e6rre subsidier. &laquo;Storbritannia og Tyskland leder an, og etterlater Frankrike i st\u00f8vet som prisf\u00f8lsomme sj\u00e5f\u00f8rer fortsetter \u00e5 v\u00e6re prisgitt subsidier.&raquo;<\/li>\n<\/ul>\n<h2><strong>Nord -Amerika henger sammen med politiske endringer<\/strong><\/h2>\n<p>Nord -Amerika registrerte en skuffende vekst p\u00e5 3 prosent. Fordelingen er sterk:<\/p>\n<ul>\n<li>Canada: ned 23 prosent<\/li>\n<li>USA: opp 6 prosent<\/li>\n<li>Mexico: opp 20 prosent<\/li>\n<\/ul>\n<p>Tallene blir knyttet til nyere politiske endringer i USA under president Donald Trumps &#8216;Big Beautiful Bill&#8217;, som kutter tilbake p\u00e5 EV -st\u00f8ttetiltak.<\/p>\n<p>Mens lovforslagets skattekreditt kort kan \u00f8ke USAs salg i 3. kvartal, forutsier analytikere en kraftig nedgang i 4. kvartal n\u00e5r insentiver utl\u00f8per.<\/p>\n<p>B\u00e5de batterielektriske kj\u00f8ret\u00f8yer (BEV-er) og plug-in hybrider (PHEVS) s\u00e5 gevinster p\u00e5 26 og 27 prosent. Den sterke PHEV -ytelsen ble delvis drevet av kinesiske produsenter som fors\u00f8kte \u00e5 unng\u00e5 internasjonale tollsatser.<\/p>\n<p>Til tross for rapporter om tilskuddsforsinkelser i noen kinesiske byer, fortsetter landet \u00e5 dominere EV -markedet. Mer regjeringsst\u00f8tte forventes i andre halvdel av 2025 for \u00e5 opprettholde fart.<\/p>\n<p>Se alle bilnyheter.<\/p>\n<p>                    <!-- Article End --><\/p><\/div>\n","protected":false},"excerpt":{"rendered":"<p>Salget av globalt elektrisk kj\u00f8ret\u00f8y (EV) \u00f8kte til 9,1 millioner i f\u00f8rste halvdel av 2025,<\/p>\n","protected":false},"author":1,"featured_media":7034,"comment_status":"closed","ping_status":"open","sticky":false,"template":"","format":"standard","meta":{"footnotes":""},"categories":[105],"tags":[165,1694,1472,4558],"class_list":["post-7033","post","type-post","status-publish","format-standard","has-post-thumbnail","hentry","category-livsstil","tag-global","tag-langt","tag-sa","tag-sales","generate-columns","tablet-grid-50","mobile-grid-100","grid-parent","grid-33","resize-featured-image"],"yoast_head":"<!-- This site is optimized with the Yoast SEO plugin v24.4 - https:\/\/yoast.com\/wordpress\/plugins\/seo\/ -->\n<title>EV Global Sales i 2025 s\u00e5 langt - Nordnesrepublikken<\/title>\n<meta name=\"robots\" content=\"index, follow, max-snippet:-1, max-image-preview:large, max-video-preview:-1\" \/>\n<link rel=\"canonical\" href=\"https:\/\/nordnesrepublikken.no\/index.php\/2025\/07\/15\/ev-global-sales-i-2025-sa-langt\/\" \/>\n<meta property=\"og:locale\" content=\"nb_NO\" \/>\n<meta property=\"og:type\" content=\"article\" \/>\n<meta property=\"og:title\" content=\"EV Global Sales i 2025 s\u00e5 langt - Nordnesrepublikken\" \/>\n<meta property=\"og:description\" content=\"Salget av globalt elektrisk kj\u00f8ret\u00f8y (EV) \u00f8kte til 9,1 millioner i f\u00f8rste halvdel av 2025,\" \/>\n<meta property=\"og:url\" content=\"https:\/\/nordnesrepublikken.no\/index.php\/2025\/07\/15\/ev-global-sales-i-2025-sa-langt\/\" \/>\n<meta property=\"og:site_name\" content=\"Nordnesrepublikken\" \/>\n<meta property=\"article:published_time\" content=\"2025-07-15T20:49:38+00:00\" \/>\n<meta property=\"article:modified_time\" content=\"2025-07-15T20:49:40+00:00\" \/>\n<meta property=\"og:image\" content=\"https:\/\/nordnesrepublikken.no\/wp-content\/uploads\/2025\/07\/1752612578_EV-Global-Sales-i-2025-sa-langt.jpg\" \/>\n\t<meta property=\"og:image:width\" content=\"1200\" \/>\n\t<meta property=\"og:image:height\" content=\"1072\" \/>\n\t<meta property=\"og:image:type\" content=\"image\/jpeg\" \/>\n<meta name=\"author\" content=\"Ole Andersen\" \/>\n<meta name=\"twitter:card\" content=\"summary_large_image\" \/>\n<meta name=\"twitter:label1\" content=\"Skrevet av\" \/>\n\t<meta name=\"twitter:data1\" content=\"Ole Andersen\" \/>\n\t<meta name=\"twitter:label2\" content=\"Ansl. lesetid\" \/>\n\t<meta name=\"twitter:data2\" content=\"2 minutter\" \/>\n<script type=\"application\/ld+json\" class=\"yoast-schema-graph\">{\"@context\":\"https:\/\/schema.org\",\"@graph\":[{\"@type\":\"Article\",\"@id\":\"https:\/\/nordnesrepublikken.no\/index.php\/2025\/07\/15\/ev-global-sales-i-2025-sa-langt\/#article\",\"isPartOf\":{\"@id\":\"https:\/\/nordnesrepublikken.no\/index.php\/2025\/07\/15\/ev-global-sales-i-2025-sa-langt\/\"},\"author\":{\"name\":\"Ole Andersen\",\"@id\":\"https:\/\/nordnesrepublikken.no\/#\/schema\/person\/2e7e81935bab77882fffb79296240ff1\"},\"headline\":\"EV Global Sales i 2025 s\u00e5 langt\",\"datePublished\":\"2025-07-15T20:49:38+00:00\",\"dateModified\":\"2025-07-15T20:49:40+00:00\",\"mainEntityOfPage\":{\"@id\":\"https:\/\/nordnesrepublikken.no\/index.php\/2025\/07\/15\/ev-global-sales-i-2025-sa-langt\/\"},\"wordCount\":348,\"publisher\":{\"@id\":\"https:\/\/nordnesrepublikken.no\/#organization\"},\"image\":{\"@id\":\"https:\/\/nordnesrepublikken.no\/index.php\/2025\/07\/15\/ev-global-sales-i-2025-sa-langt\/#primaryimage\"},\"thumbnailUrl\":\"https:\/\/nordnesrepublikken.no\/wp-content\/uploads\/2025\/07\/1752612578_EV-Global-Sales-i-2025-sa-langt.jpg\",\"keywords\":[\"global\",\"langt\",\"s\u00e5\",\"Sales\"],\"articleSection\":[\"Livsstil\"],\"inLanguage\":\"nb-NO\"},{\"@type\":\"WebPage\",\"@id\":\"https:\/\/nordnesrepublikken.no\/index.php\/2025\/07\/15\/ev-global-sales-i-2025-sa-langt\/\",\"url\":\"https:\/\/nordnesrepublikken.no\/index.php\/2025\/07\/15\/ev-global-sales-i-2025-sa-langt\/\",\"name\":\"EV Global Sales i 2025 s\u00e5 langt - Nordnesrepublikken\",\"isPartOf\":{\"@id\":\"https:\/\/nordnesrepublikken.no\/#website\"},\"primaryImageOfPage\":{\"@id\":\"https:\/\/nordnesrepublikken.no\/index.php\/2025\/07\/15\/ev-global-sales-i-2025-sa-langt\/#primaryimage\"},\"image\":{\"@id\":\"https:\/\/nordnesrepublikken.no\/index.php\/2025\/07\/15\/ev-global-sales-i-2025-sa-langt\/#primaryimage\"},\"thumbnailUrl\":\"https:\/\/nordnesrepublikken.no\/wp-content\/uploads\/2025\/07\/1752612578_EV-Global-Sales-i-2025-sa-langt.jpg\",\"datePublished\":\"2025-07-15T20:49:38+00:00\",\"dateModified\":\"2025-07-15T20:49:40+00:00\",\"breadcrumb\":{\"@id\":\"https:\/\/nordnesrepublikken.no\/index.php\/2025\/07\/15\/ev-global-sales-i-2025-sa-langt\/#breadcrumb\"},\"inLanguage\":\"nb-NO\",\"potentialAction\":[{\"@type\":\"ReadAction\",\"target\":[\"https:\/\/nordnesrepublikken.no\/index.php\/2025\/07\/15\/ev-global-sales-i-2025-sa-langt\/\"]}]},{\"@type\":\"ImageObject\",\"inLanguage\":\"nb-NO\",\"@id\":\"https:\/\/nordnesrepublikken.no\/index.php\/2025\/07\/15\/ev-global-sales-i-2025-sa-langt\/#primaryimage\",\"url\":\"https:\/\/nordnesrepublikken.no\/wp-content\/uploads\/2025\/07\/1752612578_EV-Global-Sales-i-2025-sa-langt.jpg\",\"contentUrl\":\"https:\/\/nordnesrepublikken.no\/wp-content\/uploads\/2025\/07\/1752612578_EV-Global-Sales-i-2025-sa-langt.jpg\",\"width\":1200,\"height\":1072,\"caption\":\"EV Global Sales i 2025 s\u00e5 langt\"},{\"@type\":\"BreadcrumbList\",\"@id\":\"https:\/\/nordnesrepublikken.no\/index.php\/2025\/07\/15\/ev-global-sales-i-2025-sa-langt\/#breadcrumb\",\"itemListElement\":[{\"@type\":\"ListItem\",\"position\":1,\"name\":\"Home\",\"item\":\"https:\/\/nordnesrepublikken.no\/\"},{\"@type\":\"ListItem\",\"position\":2,\"name\":\"EV Global Sales i 2025 s\u00e5 langt\"}]},{\"@type\":\"WebSite\",\"@id\":\"https:\/\/nordnesrepublikken.no\/#website\",\"url\":\"https:\/\/nordnesrepublikken.no\/\",\"name\":\"Nordnesrepublikken\",\"description\":\"Stemmer og Visjoner fra Republikkens Hjerte\",\"publisher\":{\"@id\":\"https:\/\/nordnesrepublikken.no\/#organization\"},\"potentialAction\":[{\"@type\":\"SearchAction\",\"target\":{\"@type\":\"EntryPoint\",\"urlTemplate\":\"https:\/\/nordnesrepublikken.no\/?s={search_term_string}\"},\"query-input\":{\"@type\":\"PropertyValueSpecification\",\"valueRequired\":true,\"valueName\":\"search_term_string\"}}],\"inLanguage\":\"nb-NO\"},{\"@type\":\"Organization\",\"@id\":\"https:\/\/nordnesrepublikken.no\/#organization\",\"name\":\"Nordnesrepublikken\",\"url\":\"https:\/\/nordnesrepublikken.no\/\",\"logo\":{\"@type\":\"ImageObject\",\"inLanguage\":\"nb-NO\",\"@id\":\"https:\/\/nordnesrepublikken.no\/#\/schema\/logo\/image\/\",\"url\":\"https:\/\/nordnesrepublikken.no\/wp-content\/uploads\/2025\/02\/cropped-nordnesrepublikken-2.png\",\"contentUrl\":\"https:\/\/nordnesrepublikken.no\/wp-content\/uploads\/2025\/02\/cropped-nordnesrepublikken-2.png\",\"width\":1248,\"height\":362,\"caption\":\"Nordnesrepublikken\"},\"image\":{\"@id\":\"https:\/\/nordnesrepublikken.no\/#\/schema\/logo\/image\/\"}},{\"@type\":\"Person\",\"@id\":\"https:\/\/nordnesrepublikken.no\/#\/schema\/person\/2e7e81935bab77882fffb79296240ff1\",\"name\":\"Ole Andersen\",\"image\":{\"@type\":\"ImageObject\",\"inLanguage\":\"nb-NO\",\"@id\":\"https:\/\/nordnesrepublikken.no\/#\/schema\/person\/image\/\",\"url\":\"https:\/\/nordnesrepublikken.no\/wp-content\/uploads\/2025\/02\/nordnesrepublikken-2-2-150x150.jpg\",\"contentUrl\":\"https:\/\/nordnesrepublikken.no\/wp-content\/uploads\/2025\/02\/nordnesrepublikken-2-2-150x150.jpg\",\"caption\":\"Ole Andersen\"},\"description\":\"Ettersom jeg vokste opp i Oslo, har jeg alltid v\u00e6rt fascinert av ordenes kraft og deres evne til \u00e5 skape endringer. Etter \u00e5 ha fullf\u00f8rt min utdannelse i kommunikasjon ved Universitetet i Bergen, fikk jeg muligheten til \u00e5 jobbe innen ulike medier, der jeg har s\u00f8kt \u00e5 belyse viktige samfunnssp\u00f8rsm\u00e5l. I dag, som redakt\u00f8r for Nordnesrepublikken, pr\u00f8ver jeg \u00e5 forene min kj\u00e6rlighet for journalistikk med min lidenskap for innovasjon og eventyr.\",\"sameAs\":[\"https:\/\/nordnesrepublikken.no\/\"]}]}<\/script>\n<!-- \/ Yoast SEO plugin. -->","yoast_head_json":{"title":"EV Global Sales i 2025 s\u00e5 langt - Nordnesrepublikken","robots":{"index":"index","follow":"follow","max-snippet":"max-snippet:-1","max-image-preview":"max-image-preview:large","max-video-preview":"max-video-preview:-1"},"canonical":"https:\/\/nordnesrepublikken.no\/index.php\/2025\/07\/15\/ev-global-sales-i-2025-sa-langt\/","og_locale":"nb_NO","og_type":"article","og_title":"EV Global Sales i 2025 s\u00e5 langt - Nordnesrepublikken","og_description":"Salget av globalt elektrisk kj\u00f8ret\u00f8y (EV) \u00f8kte til 9,1 millioner i f\u00f8rste halvdel av 2025,","og_url":"https:\/\/nordnesrepublikken.no\/index.php\/2025\/07\/15\/ev-global-sales-i-2025-sa-langt\/","og_site_name":"Nordnesrepublikken","article_published_time":"2025-07-15T20:49:38+00:00","article_modified_time":"2025-07-15T20:49:40+00:00","og_image":[{"width":1200,"height":1072,"url":"https:\/\/nordnesrepublikken.no\/wp-content\/uploads\/2025\/07\/1752612578_EV-Global-Sales-i-2025-sa-langt.jpg","type":"image\/jpeg"}],"author":"Ole Andersen","twitter_card":"summary_large_image","twitter_misc":{"Skrevet av":"Ole Andersen","Ansl. lesetid":"2 minutter"},"schema":{"@context":"https:\/\/schema.org","@graph":[{"@type":"Article","@id":"https:\/\/nordnesrepublikken.no\/index.php\/2025\/07\/15\/ev-global-sales-i-2025-sa-langt\/#article","isPartOf":{"@id":"https:\/\/nordnesrepublikken.no\/index.php\/2025\/07\/15\/ev-global-sales-i-2025-sa-langt\/"},"author":{"name":"Ole Andersen","@id":"https:\/\/nordnesrepublikken.no\/#\/schema\/person\/2e7e81935bab77882fffb79296240ff1"},"headline":"EV Global Sales i 2025 s\u00e5 langt","datePublished":"2025-07-15T20:49:38+00:00","dateModified":"2025-07-15T20:49:40+00:00","mainEntityOfPage":{"@id":"https:\/\/nordnesrepublikken.no\/index.php\/2025\/07\/15\/ev-global-sales-i-2025-sa-langt\/"},"wordCount":348,"publisher":{"@id":"https:\/\/nordnesrepublikken.no\/#organization"},"image":{"@id":"https:\/\/nordnesrepublikken.no\/index.php\/2025\/07\/15\/ev-global-sales-i-2025-sa-langt\/#primaryimage"},"thumbnailUrl":"https:\/\/nordnesrepublikken.no\/wp-content\/uploads\/2025\/07\/1752612578_EV-Global-Sales-i-2025-sa-langt.jpg","keywords":["global","langt","s\u00e5","Sales"],"articleSection":["Livsstil"],"inLanguage":"nb-NO"},{"@type":"WebPage","@id":"https:\/\/nordnesrepublikken.no\/index.php\/2025\/07\/15\/ev-global-sales-i-2025-sa-langt\/","url":"https:\/\/nordnesrepublikken.no\/index.php\/2025\/07\/15\/ev-global-sales-i-2025-sa-langt\/","name":"EV Global Sales i 2025 s\u00e5 langt - Nordnesrepublikken","isPartOf":{"@id":"https:\/\/nordnesrepublikken.no\/#website"},"primaryImageOfPage":{"@id":"https:\/\/nordnesrepublikken.no\/index.php\/2025\/07\/15\/ev-global-sales-i-2025-sa-langt\/#primaryimage"},"image":{"@id":"https:\/\/nordnesrepublikken.no\/index.php\/2025\/07\/15\/ev-global-sales-i-2025-sa-langt\/#primaryimage"},"thumbnailUrl":"https:\/\/nordnesrepublikken.no\/wp-content\/uploads\/2025\/07\/1752612578_EV-Global-Sales-i-2025-sa-langt.jpg","datePublished":"2025-07-15T20:49:38+00:00","dateModified":"2025-07-15T20:49:40+00:00","breadcrumb":{"@id":"https:\/\/nordnesrepublikken.no\/index.php\/2025\/07\/15\/ev-global-sales-i-2025-sa-langt\/#breadcrumb"},"inLanguage":"nb-NO","potentialAction":[{"@type":"ReadAction","target":["https:\/\/nordnesrepublikken.no\/index.php\/2025\/07\/15\/ev-global-sales-i-2025-sa-langt\/"]}]},{"@type":"ImageObject","inLanguage":"nb-NO","@id":"https:\/\/nordnesrepublikken.no\/index.php\/2025\/07\/15\/ev-global-sales-i-2025-sa-langt\/#primaryimage","url":"https:\/\/nordnesrepublikken.no\/wp-content\/uploads\/2025\/07\/1752612578_EV-Global-Sales-i-2025-sa-langt.jpg","contentUrl":"https:\/\/nordnesrepublikken.no\/wp-content\/uploads\/2025\/07\/1752612578_EV-Global-Sales-i-2025-sa-langt.jpg","width":1200,"height":1072,"caption":"EV Global Sales i 2025 s\u00e5 langt"},{"@type":"BreadcrumbList","@id":"https:\/\/nordnesrepublikken.no\/index.php\/2025\/07\/15\/ev-global-sales-i-2025-sa-langt\/#breadcrumb","itemListElement":[{"@type":"ListItem","position":1,"name":"Home","item":"https:\/\/nordnesrepublikken.no\/"},{"@type":"ListItem","position":2,"name":"EV Global Sales i 2025 s\u00e5 langt"}]},{"@type":"WebSite","@id":"https:\/\/nordnesrepublikken.no\/#website","url":"https:\/\/nordnesrepublikken.no\/","name":"Nordnesrepublikken","description":"Stemmer og Visjoner fra Republikkens Hjerte","publisher":{"@id":"https:\/\/nordnesrepublikken.no\/#organization"},"potentialAction":[{"@type":"SearchAction","target":{"@type":"EntryPoint","urlTemplate":"https:\/\/nordnesrepublikken.no\/?s={search_term_string}"},"query-input":{"@type":"PropertyValueSpecification","valueRequired":true,"valueName":"search_term_string"}}],"inLanguage":"nb-NO"},{"@type":"Organization","@id":"https:\/\/nordnesrepublikken.no\/#organization","name":"Nordnesrepublikken","url":"https:\/\/nordnesrepublikken.no\/","logo":{"@type":"ImageObject","inLanguage":"nb-NO","@id":"https:\/\/nordnesrepublikken.no\/#\/schema\/logo\/image\/","url":"https:\/\/nordnesrepublikken.no\/wp-content\/uploads\/2025\/02\/cropped-nordnesrepublikken-2.png","contentUrl":"https:\/\/nordnesrepublikken.no\/wp-content\/uploads\/2025\/02\/cropped-nordnesrepublikken-2.png","width":1248,"height":362,"caption":"Nordnesrepublikken"},"image":{"@id":"https:\/\/nordnesrepublikken.no\/#\/schema\/logo\/image\/"}},{"@type":"Person","@id":"https:\/\/nordnesrepublikken.no\/#\/schema\/person\/2e7e81935bab77882fffb79296240ff1","name":"Ole Andersen","image":{"@type":"ImageObject","inLanguage":"nb-NO","@id":"https:\/\/nordnesrepublikken.no\/#\/schema\/person\/image\/","url":"https:\/\/nordnesrepublikken.no\/wp-content\/uploads\/2025\/02\/nordnesrepublikken-2-2-150x150.jpg","contentUrl":"https:\/\/nordnesrepublikken.no\/wp-content\/uploads\/2025\/02\/nordnesrepublikken-2-2-150x150.jpg","caption":"Ole Andersen"},"description":"Ettersom jeg vokste opp i Oslo, har jeg alltid v\u00e6rt fascinert av ordenes kraft og deres evne til \u00e5 skape endringer. Etter \u00e5 ha fullf\u00f8rt min utdannelse i kommunikasjon ved Universitetet i Bergen, fikk jeg muligheten til \u00e5 jobbe innen ulike medier, der jeg har s\u00f8kt \u00e5 belyse viktige samfunnssp\u00f8rsm\u00e5l. I dag, som redakt\u00f8r for Nordnesrepublikken, pr\u00f8ver jeg \u00e5 forene min kj\u00e6rlighet for journalistikk med min lidenskap for innovasjon og eventyr.","sameAs":["https:\/\/nordnesrepublikken.no\/"]}]}},"_links":{"self":[{"href":"https:\/\/nordnesrepublikken.no\/index.php\/wp-json\/wp\/v2\/posts\/7033","targetHints":{"allow":["GET"]}}],"collection":[{"href":"https:\/\/nordnesrepublikken.no\/index.php\/wp-json\/wp\/v2\/posts"}],"about":[{"href":"https:\/\/nordnesrepublikken.no\/index.php\/wp-json\/wp\/v2\/types\/post"}],"author":[{"embeddable":true,"href":"https:\/\/nordnesrepublikken.no\/index.php\/wp-json\/wp\/v2\/users\/1"}],"replies":[{"embeddable":true,"href":"https:\/\/nordnesrepublikken.no\/index.php\/wp-json\/wp\/v2\/comments?post=7033"}],"version-history":[{"count":1,"href":"https:\/\/nordnesrepublikken.no\/index.php\/wp-json\/wp\/v2\/posts\/7033\/revisions"}],"predecessor-version":[{"id":7035,"href":"https:\/\/nordnesrepublikken.no\/index.php\/wp-json\/wp\/v2\/posts\/7033\/revisions\/7035"}],"wp:featuredmedia":[{"embeddable":true,"href":"https:\/\/nordnesrepublikken.no\/index.php\/wp-json\/wp\/v2\/media\/7034"}],"wp:attachment":[{"href":"https:\/\/nordnesrepublikken.no\/index.php\/wp-json\/wp\/v2\/media?parent=7033"}],"wp:term":[{"taxonomy":"category","embeddable":true,"href":"https:\/\/nordnesrepublikken.no\/index.php\/wp-json\/wp\/v2\/categories?post=7033"},{"taxonomy":"post_tag","embeddable":true,"href":"https:\/\/nordnesrepublikken.no\/index.php\/wp-json\/wp\/v2\/tags?post=7033"}],"curies":[{"name":"wp","href":"https:\/\/api.w.org\/{rel}","templated":true}]}}