{"id":6981,"date":"2025-07-14T14:49:36","date_gmt":"2025-07-14T12:49:36","guid":{"rendered":"https:\/\/nordnesrepublikken.no\/index.php\/2025\/07\/14\/russland-ukraine-war-fordi-putin-ikke-onsker-en-fred-na-intervjuet-med-den-apne-inspirasjonen\/"},"modified":"2025-07-14T14:49:37","modified_gmt":"2025-07-14T12:49:37","slug":"russland-ukraine-war-fordi-putin-ikke-onsker-en-fred-na-intervjuet-med-den-apne-inspirasjonen","status":"publish","type":"post","link":"https:\/\/nordnesrepublikken.no\/index.php\/2025\/07\/14\/russland-ukraine-war-fordi-putin-ikke-onsker-en-fred-na-intervjuet-med-den-apne-inspirasjonen\/","title":{"rendered":"Russland-Ukraine War, fordi Putin ikke \u00f8nsker en fred n\u00e5: intervjuet med den \u00e5pne inspirasjonen"},"content":{"rendered":"<div>\n<div class=\"cp_wrapper cp_wrapper--fw mb-30 mb-20@tablet\">\n<figure class=\"mm\"><picture class=\"img\" style=\"padding-top:56.25%\"><source  media=\"(min-width: 1024px)\"><source  media=\"(min-width: 768px)\"><\/source><\/source><\/picture><\/figure>\n<\/p><\/div>\n<p>1237 dager har g\u00e5tt siden begynnelsen av <strong>Krig mellom Russland og Ukraina<\/strong>Likevel virker et perspektiv p\u00e5 fred mer og mer fjernt. Faktisk gjennomgikk konflikt <strong>luftangrep<\/strong> mot Ukraina fra begynnelsen av invasjonen.<\/p>\n<p>I mellomtiden, <strong>Donald Trump<\/strong> har kunngjort sendingen til Kiev av New Patriot -missiler (som imidlertid vil bli finansiert av de europeiske landene), og deretter komme tilbake for \u00e5 kritisere holdningen til <strong>Vladimir Putin<\/strong> Og dens utilgjengelighet til v\u00e5penhvile.<\/p>\n<p>Men hvorfor virker ikke Russland interessert i \u00e5 n\u00e5 fred p\u00e5 kort sikt? Sekund <strong>Aldo Ferrari<\/strong>Professor ved CA &#8216;Foscari University of Venezia og sjef for Inspire Observatory om Russland, Kaukasus og Sentral -Asia, hva interesser Putin n\u00e5 er den <strong>seier<\/strong>snarere enn fred. Moskva, blant annet, g\u00e5r ganske raskt p\u00e5 fronten og vil ikke stoppe f\u00f8r den har oppn\u00e5dd to grunnleggende forhold: <strong>N\u00f8ytralitet<\/strong> komplett med Kiev og avst\u00e5elsen av Ukraina ved inngangen til <strong>F\u00d8DT<\/strong>.<\/p>\n<p>I f\u00f8lge eksperten Inspire, for \u00e5 lukke denne konflikten<strong>Vest<\/strong> Han vil derfor m\u00e5tte overbevise Ukraina om \u00e5 akseptere territorielle tap, og tilby dem i bytte mot et sted innenfor<strong>EU<\/strong> og finansiering av <strong>gjenoppbygging<\/strong>.<\/p>\n<p><b>Professor, hvorfor mener ikke Putin \u00e5 formidle for fred med Ukraina?<\/b><\/p>\n<p>I virkeligheten, i den vestlige visjonen om den ukrainsk-russiske konflikten, er det en <strong>misforst\u00e5else<\/strong>: Vi tror at Putin vil ha fred. Dette er ikke helt usant, men det er ikke helt sant. DE&#8217;<strong>hovedm\u00e5l<\/strong> av Russland er <strong>seier<\/strong>. Putin vil derfor begynne \u00e5 v\u00e6re interessert i fred bare n\u00e5r han har vunnet krigen.<\/p>\n<p>I dette \u00f8yeblikket g\u00e5r Moskva fremover nok <strong>raskt<\/strong> p\u00e5 krigsfronten, som Putin ikke har noen logisk grunn til<strong> Stopp konflikten<\/strong> eller godta et pusterom. Russland vil fortsette \u00e5 avansere p\u00e5 bakken og bombe de ukrainske strategiske m\u00e5lene til fred er oppn\u00e5dd i sin tilstand.<\/p>\n<p><b>Hva er disse forholdene som Russland \u00f8nsker \u00e5 p\u00e5legge?<\/b><\/p>\n<p>F\u00f8rst av alt m\u00e5 vi spesifisere at <strong>Hoved\u00e5rsaken<\/strong> S\u00e5 Russland angrep Ukraina i 2022, gjaldt muligheten for at Kiev ville bli en del av NATO. Moskva hadde derfor angrepet p\u00e5 forh\u00e5nd for <strong>blokkerer en ytterligere utvidelse \u00f8st for NATO.<\/strong><\/p>\n<p>For dette er de viktigste forholdene som Russland p\u00e5legger seg i det vesentlige to: <strong>demilitarisering <\/strong>av Ukraina og Non -entry of Kiev i<strong>Atlantic Alliance<\/strong>. I mellomtiden har Russland i l\u00f8pet av denne krigen ogs\u00e5 erobret fire ukrainske regioner (Donetsk, Luhansk, Zaporizhzia og Kerson, <em>ed)<\/em> som allerede har en ulovlig annektert til sitt territorium. Da er det selvf\u00f8lgelig ogs\u00e5 andre foresp\u00f8rsler, inkludert endring av Kiev -regimet og fratreden av <strong>Zelensky<\/strong>men dette er allerede forhold som Moskva kan v\u00e6re villige til \u00e5 behandle p\u00e5.<\/p>\n<p>De to innledende forholdene er imidlertid guder <strong>Stopper poeng <\/strong>For Putin og m\u00e5 v\u00e6re tydelig for Vesten: Det er klart de ikke liker Ukraina og vi liker ikke engang vestlige, det er grunnen til at krig fortsetter uten et reelt perspektiv p\u00e5 fred eller pusterom.<\/p>\n<p><b>Men har Russland virkelig r\u00e5d til \u00e5 fortsette en langvarig krig?<\/b><\/p>\n<p>Det er et sammensatt sp\u00f8rsm\u00e5l. Siden konflikten begynte, har Vesten satset p\u00e5 at <strong>straffer<\/strong> mot Russland ville de ha det <strong>hindring<\/strong> i hans krigsforetak. 3 og et halvt \u00e5r etter krigens start er imidlertid den russiske \u00f8konomien ikke perfekt, men har vist \u00e5 vite <strong>holde<\/strong>.<\/p>\n<p>Kort sagt klarte Moskva \u00e5 <strong>omg\u00e5 disse straffene<\/strong>: N\u00e5 er det land som Kina og India, men ogs\u00e5 asiatiske og afrikanske stater, som kj\u00f8per gasser og olje fra Russland, vil fylle tomrommet som er igjen av europeerne. Nettopp av denne grunn er det mulig at Russland kan fortsette med konflikten <strong>b\u00e5de p\u00e5 kort og p\u00e5 mellomlang sikt<\/strong>.<\/p>\n<p>Og f\u00f8r Moskva kapitler, dessverre, <strong>Kollaps av Ukraina<\/strong>. Dette er fordi for \u00f8yeblikket det som mangler fra Kiev er fremfor alle soldater: Russland klarer \u00e5 verve seg hver m\u00e5ned <strong>30 000 soldater<\/strong> Frivillige. Tvert imot, Ukraina klarer ikke lenger \u00e5 erstatte de falne, det er ikke flere frivillige soldater og landet kan ikke lenger <strong>forsvare deg selv<\/strong>.<\/p>\n<p>Vesten fortsetter \u00e5 sende v\u00e5pen og finansiering for krigen, men det som begynner \u00e5 savne Ukraina er nettopp det <strong>milit\u00e6rt personell<\/strong> \u00c5 kjempe fysisk p\u00e5 fronten.<\/p>\n<p><b>Umiddelbart etter valget pr\u00f8vde USAs president Donald Trump \u00e5 formidle mellom partiene. N\u00e5 har ting endret seg: Er det mulig at andre meklere griper inn, for eksempel tyrkisk president Erdogan?<\/b><\/p>\n<p>Sikkert <strong>Erdogan<\/strong> Han klarte \u00e5 oppn\u00e5 noen resultater: Tyrkia var nylig ogs\u00e5 vertskap for de to f\u00f8rste rundene av de nye forhandlingene, muliggjorde mulig takket v\u00e6re valget av Trump.<\/p>\n<p>Etter min mening er det imidlertid ikke s\u00e5 mye behov for en <strong>mekler<\/strong> Blant partene, ogs\u00e5 fordi poengene er veldig tydelige: enten blir det akseptert at Russland vinner krigen, og derfor blir det gitt det som blir spurt, selvf\u00f8lgelig <strong>bevare Ukraina uavhengighet.<\/strong><\/p>\n<p>Eller du m\u00e5 ha mot til \u00e5 gj\u00f8re det ingen vestlige land ser ut til \u00e5 \u00f8nske:<strong> G\u00e5 fysisk inn i krigen mot Russland<\/strong> For \u00e5 st\u00f8tte Ukraina. Siden dette er sv\u00e6rt usannsynlig, er den eneste mulige l\u00f8sningen etter min mening \u00e5 f\u00e5 Ukraina til \u00e5 akseptere territorielle tap og gi avkall p\u00e5 inngangen til NATO, i stedet \u00e5 \u00e5pne d\u00f8rene til<strong>EU<\/strong> og finansiere gjenoppbyggingen.<\/p>\n<p><b>S\u00e5 etter din mening er det lite sannsynlig at Ukraina vil bli en del av NATO?<\/b><\/p>\n<p>Muligheten for at Ukraina vil bli en del av NATO virker for meg <strong>\u00e5 ekskludere<\/strong>b\u00e5de for Russlands motstand (som er nettopp p\u00e5 grunnlag av denne krigen), men ogs\u00e5 fordi USA selv har <strong>kassert<\/strong> Dette alternativet for \u00f8yeblikket. Tvert imot, den potensielle inntredenen i EU utgj\u00f8r en <strong>betingelse<\/strong> det Russland <strong>det kunne akseptere<\/strong>forutsatt at Ukrainas n\u00f8ytralitet opprettholdes.<\/p>\n<p><b>Europa har lansert en massiv omarmamentplan med sikte p\u00e5 \u00e5 frar\u00e5de &laquo;noen v\u00e6pnede angrep&raquo;: P\u00e5 dette tidspunktet er Moskva en trussel mot v\u00e5r sikkerhet?<\/b><\/p>\n<p>Gjerne Putin kan oppfatte dette <strong>Reardmament<\/strong> Europeisk som en <strong>trussel<\/strong>men det m\u00e5 huskes at det vil ta \u00e5r f\u00f8r omdiramamentet blir i kraft, minst et ti\u00e5r.<\/p>\n<p>I alle fall tror jeg at Russland imidlertid ikke utgj\u00f8r <strong>Ingen trussel mot Europa<\/strong>: Det er ingen angrepsplan mot europeiske land og Putin er ikke ment. Denne krigen begynte av en grunn<strong> klart og presis<\/strong>: For \u00e5 forhindre at Ukraina kommer inn i NATO, som Russland anser som en trussel mot dens sikkerhet. Etter min mening er alle som snakker om en russisk trussel mot Europa feil.<\/p>\n<\/p><\/div>\n","protected":false},"excerpt":{"rendered":"<p>1237 dager har g\u00e5tt siden begynnelsen av Krig mellom Russland og UkrainaLikevel virker et perspektiv<\/p>\n","protected":false},"author":1,"featured_media":6982,"comment_status":"closed","ping_status":"open","sticky":false,"template":"","format":"standard","meta":{"footnotes":""},"categories":[23],"tags":[518,74,83,4524,187,4525,2262,79,606,1202,4523,4521,4522],"class_list":["post-6981","post","type-post","status-publish","format-standard","has-post-thumbnail","hentry","category-politikk","tag-apne","tag-den","tag-fordi","tag-fred","tag-ikke","tag-inspirasjonen","tag-intervjuet","tag-med","tag-na","tag-onsker","tag-putin","tag-russlandukraine","tag-war","generate-columns","tablet-grid-50","mobile-grid-100","grid-parent","grid-33","resize-featured-image"],"yoast_head":"<!-- This site is optimized with the Yoast SEO plugin v24.4 - https:\/\/yoast.com\/wordpress\/plugins\/seo\/ -->\n<title>Russland-Ukraine War, fordi Putin ikke \u00f8nsker en fred n\u00e5: intervjuet med den \u00e5pne inspirasjonen - Nordnesrepublikken<\/title>\n<meta name=\"robots\" content=\"index, follow, max-snippet:-1, max-image-preview:large, max-video-preview:-1\" \/>\n<link rel=\"canonical\" href=\"https:\/\/nordnesrepublikken.no\/index.php\/2025\/07\/14\/russland-ukraine-war-fordi-putin-ikke-onsker-en-fred-na-intervjuet-med-den-apne-inspirasjonen\/\" \/>\n<meta property=\"og:locale\" content=\"nb_NO\" \/>\n<meta property=\"og:type\" content=\"article\" \/>\n<meta property=\"og:title\" content=\"Russland-Ukraine War, fordi Putin ikke \u00f8nsker en fred n\u00e5: intervjuet med den \u00e5pne inspirasjonen - Nordnesrepublikken\" \/>\n<meta property=\"og:description\" content=\"1237 dager har g\u00e5tt siden begynnelsen av Krig mellom Russland og UkrainaLikevel virker et perspektiv\" \/>\n<meta property=\"og:url\" content=\"https:\/\/nordnesrepublikken.no\/index.php\/2025\/07\/14\/russland-ukraine-war-fordi-putin-ikke-onsker-en-fred-na-intervjuet-med-den-apne-inspirasjonen\/\" \/>\n<meta property=\"og:site_name\" content=\"Nordnesrepublikken\" \/>\n<meta property=\"article:published_time\" content=\"2025-07-14T12:49:36+00:00\" \/>\n<meta property=\"article:modified_time\" content=\"2025-07-14T12:49:37+00:00\" \/>\n<meta property=\"og:image\" content=\"https:\/\/nordnesrepublikken.no\/wp-content\/uploads\/2025\/07\/1752497376_Russland-Ukraine-War-fordi-Putin-ikke-onsker-en-fred-na-intervjuet.jpg\" \/>\n\t<meta property=\"og:image:width\" content=\"1254\" \/>\n\t<meta property=\"og:image:height\" content=\"836\" \/>\n\t<meta property=\"og:image:type\" content=\"image\/jpeg\" \/>\n<meta name=\"author\" content=\"Ole Andersen\" \/>\n<meta name=\"twitter:card\" content=\"summary_large_image\" \/>\n<meta name=\"twitter:label1\" content=\"Skrevet av\" \/>\n\t<meta name=\"twitter:data1\" content=\"Ole Andersen\" \/>\n\t<meta name=\"twitter:label2\" content=\"Ansl. lesetid\" \/>\n\t<meta name=\"twitter:data2\" content=\"5 minutter\" \/>\n<script type=\"application\/ld+json\" class=\"yoast-schema-graph\">{\"@context\":\"https:\/\/schema.org\",\"@graph\":[{\"@type\":\"Article\",\"@id\":\"https:\/\/nordnesrepublikken.no\/index.php\/2025\/07\/14\/russland-ukraine-war-fordi-putin-ikke-onsker-en-fred-na-intervjuet-med-den-apne-inspirasjonen\/#article\",\"isPartOf\":{\"@id\":\"https:\/\/nordnesrepublikken.no\/index.php\/2025\/07\/14\/russland-ukraine-war-fordi-putin-ikke-onsker-en-fred-na-intervjuet-med-den-apne-inspirasjonen\/\"},\"author\":{\"name\":\"Ole Andersen\",\"@id\":\"https:\/\/nordnesrepublikken.no\/#\/schema\/person\/2e7e81935bab77882fffb79296240ff1\"},\"headline\":\"Russland-Ukraine War, fordi Putin ikke \u00f8nsker en fred n\u00e5: intervjuet med den \u00e5pne inspirasjonen\",\"datePublished\":\"2025-07-14T12:49:36+00:00\",\"dateModified\":\"2025-07-14T12:49:37+00:00\",\"mainEntityOfPage\":{\"@id\":\"https:\/\/nordnesrepublikken.no\/index.php\/2025\/07\/14\/russland-ukraine-war-fordi-putin-ikke-onsker-en-fred-na-intervjuet-med-den-apne-inspirasjonen\/\"},\"wordCount\":1044,\"publisher\":{\"@id\":\"https:\/\/nordnesrepublikken.no\/#organization\"},\"image\":{\"@id\":\"https:\/\/nordnesrepublikken.no\/index.php\/2025\/07\/14\/russland-ukraine-war-fordi-putin-ikke-onsker-en-fred-na-intervjuet-med-den-apne-inspirasjonen\/#primaryimage\"},\"thumbnailUrl\":\"https:\/\/nordnesrepublikken.no\/wp-content\/uploads\/2025\/07\/1752497376_Russland-Ukraine-War-fordi-Putin-ikke-onsker-en-fred-na-intervjuet.jpg\",\"keywords\":[\"\u00e5pne\",\"den\",\"Fordi\",\"fred\",\"ikke\",\"inspirasjonen\",\"Intervjuet\",\"med\",\"n\u00e5\",\"\u00f8nsker\",\"Putin\",\"RusslandUkraine\",\"War\"],\"articleSection\":[\"Politikk\"],\"inLanguage\":\"nb-NO\"},{\"@type\":\"WebPage\",\"@id\":\"https:\/\/nordnesrepublikken.no\/index.php\/2025\/07\/14\/russland-ukraine-war-fordi-putin-ikke-onsker-en-fred-na-intervjuet-med-den-apne-inspirasjonen\/\",\"url\":\"https:\/\/nordnesrepublikken.no\/index.php\/2025\/07\/14\/russland-ukraine-war-fordi-putin-ikke-onsker-en-fred-na-intervjuet-med-den-apne-inspirasjonen\/\",\"name\":\"Russland-Ukraine War, fordi Putin ikke \u00f8nsker en fred n\u00e5: intervjuet med den \u00e5pne inspirasjonen - Nordnesrepublikken\",\"isPartOf\":{\"@id\":\"https:\/\/nordnesrepublikken.no\/#website\"},\"primaryImageOfPage\":{\"@id\":\"https:\/\/nordnesrepublikken.no\/index.php\/2025\/07\/14\/russland-ukraine-war-fordi-putin-ikke-onsker-en-fred-na-intervjuet-med-den-apne-inspirasjonen\/#primaryimage\"},\"image\":{\"@id\":\"https:\/\/nordnesrepublikken.no\/index.php\/2025\/07\/14\/russland-ukraine-war-fordi-putin-ikke-onsker-en-fred-na-intervjuet-med-den-apne-inspirasjonen\/#primaryimage\"},\"thumbnailUrl\":\"https:\/\/nordnesrepublikken.no\/wp-content\/uploads\/2025\/07\/1752497376_Russland-Ukraine-War-fordi-Putin-ikke-onsker-en-fred-na-intervjuet.jpg\",\"datePublished\":\"2025-07-14T12:49:36+00:00\",\"dateModified\":\"2025-07-14T12:49:37+00:00\",\"breadcrumb\":{\"@id\":\"https:\/\/nordnesrepublikken.no\/index.php\/2025\/07\/14\/russland-ukraine-war-fordi-putin-ikke-onsker-en-fred-na-intervjuet-med-den-apne-inspirasjonen\/#breadcrumb\"},\"inLanguage\":\"nb-NO\",\"potentialAction\":[{\"@type\":\"ReadAction\",\"target\":[\"https:\/\/nordnesrepublikken.no\/index.php\/2025\/07\/14\/russland-ukraine-war-fordi-putin-ikke-onsker-en-fred-na-intervjuet-med-den-apne-inspirasjonen\/\"]}]},{\"@type\":\"ImageObject\",\"inLanguage\":\"nb-NO\",\"@id\":\"https:\/\/nordnesrepublikken.no\/index.php\/2025\/07\/14\/russland-ukraine-war-fordi-putin-ikke-onsker-en-fred-na-intervjuet-med-den-apne-inspirasjonen\/#primaryimage\",\"url\":\"https:\/\/nordnesrepublikken.no\/wp-content\/uploads\/2025\/07\/1752497376_Russland-Ukraine-War-fordi-Putin-ikke-onsker-en-fred-na-intervjuet.jpg\",\"contentUrl\":\"https:\/\/nordnesrepublikken.no\/wp-content\/uploads\/2025\/07\/1752497376_Russland-Ukraine-War-fordi-Putin-ikke-onsker-en-fred-na-intervjuet.jpg\",\"width\":1254,\"height\":836,\"caption\":\"russia ucraina\"},{\"@type\":\"BreadcrumbList\",\"@id\":\"https:\/\/nordnesrepublikken.no\/index.php\/2025\/07\/14\/russland-ukraine-war-fordi-putin-ikke-onsker-en-fred-na-intervjuet-med-den-apne-inspirasjonen\/#breadcrumb\",\"itemListElement\":[{\"@type\":\"ListItem\",\"position\":1,\"name\":\"Home\",\"item\":\"https:\/\/nordnesrepublikken.no\/\"},{\"@type\":\"ListItem\",\"position\":2,\"name\":\"Russland-Ukraine War, fordi Putin ikke \u00f8nsker en fred n\u00e5: intervjuet med den \u00e5pne inspirasjonen\"}]},{\"@type\":\"WebSite\",\"@id\":\"https:\/\/nordnesrepublikken.no\/#website\",\"url\":\"https:\/\/nordnesrepublikken.no\/\",\"name\":\"Nordnesrepublikken\",\"description\":\"Stemmer og Visjoner fra Republikkens Hjerte\",\"publisher\":{\"@id\":\"https:\/\/nordnesrepublikken.no\/#organization\"},\"potentialAction\":[{\"@type\":\"SearchAction\",\"target\":{\"@type\":\"EntryPoint\",\"urlTemplate\":\"https:\/\/nordnesrepublikken.no\/?s={search_term_string}\"},\"query-input\":{\"@type\":\"PropertyValueSpecification\",\"valueRequired\":true,\"valueName\":\"search_term_string\"}}],\"inLanguage\":\"nb-NO\"},{\"@type\":\"Organization\",\"@id\":\"https:\/\/nordnesrepublikken.no\/#organization\",\"name\":\"Nordnesrepublikken\",\"url\":\"https:\/\/nordnesrepublikken.no\/\",\"logo\":{\"@type\":\"ImageObject\",\"inLanguage\":\"nb-NO\",\"@id\":\"https:\/\/nordnesrepublikken.no\/#\/schema\/logo\/image\/\",\"url\":\"https:\/\/nordnesrepublikken.no\/wp-content\/uploads\/2025\/02\/cropped-nordnesrepublikken-2.png\",\"contentUrl\":\"https:\/\/nordnesrepublikken.no\/wp-content\/uploads\/2025\/02\/cropped-nordnesrepublikken-2.png\",\"width\":1248,\"height\":362,\"caption\":\"Nordnesrepublikken\"},\"image\":{\"@id\":\"https:\/\/nordnesrepublikken.no\/#\/schema\/logo\/image\/\"}},{\"@type\":\"Person\",\"@id\":\"https:\/\/nordnesrepublikken.no\/#\/schema\/person\/2e7e81935bab77882fffb79296240ff1\",\"name\":\"Ole Andersen\",\"image\":{\"@type\":\"ImageObject\",\"inLanguage\":\"nb-NO\",\"@id\":\"https:\/\/nordnesrepublikken.no\/#\/schema\/person\/image\/\",\"url\":\"https:\/\/nordnesrepublikken.no\/wp-content\/uploads\/2025\/02\/nordnesrepublikken-2-2-150x150.jpg\",\"contentUrl\":\"https:\/\/nordnesrepublikken.no\/wp-content\/uploads\/2025\/02\/nordnesrepublikken-2-2-150x150.jpg\",\"caption\":\"Ole Andersen\"},\"description\":\"Ettersom jeg vokste opp i Oslo, har jeg alltid v\u00e6rt fascinert av ordenes kraft og deres evne til \u00e5 skape endringer. Etter \u00e5 ha fullf\u00f8rt min utdannelse i kommunikasjon ved Universitetet i Bergen, fikk jeg muligheten til \u00e5 jobbe innen ulike medier, der jeg har s\u00f8kt \u00e5 belyse viktige samfunnssp\u00f8rsm\u00e5l. I dag, som redakt\u00f8r for Nordnesrepublikken, pr\u00f8ver jeg \u00e5 forene min kj\u00e6rlighet for journalistikk med min lidenskap for innovasjon og eventyr.\",\"sameAs\":[\"https:\/\/nordnesrepublikken.no\/\"]}]}<\/script>\n<!-- \/ Yoast SEO plugin. -->","yoast_head_json":{"title":"Russland-Ukraine War, fordi Putin ikke \u00f8nsker en fred n\u00e5: intervjuet med den \u00e5pne inspirasjonen - Nordnesrepublikken","robots":{"index":"index","follow":"follow","max-snippet":"max-snippet:-1","max-image-preview":"max-image-preview:large","max-video-preview":"max-video-preview:-1"},"canonical":"https:\/\/nordnesrepublikken.no\/index.php\/2025\/07\/14\/russland-ukraine-war-fordi-putin-ikke-onsker-en-fred-na-intervjuet-med-den-apne-inspirasjonen\/","og_locale":"nb_NO","og_type":"article","og_title":"Russland-Ukraine War, fordi Putin ikke \u00f8nsker en fred n\u00e5: intervjuet med den \u00e5pne inspirasjonen - Nordnesrepublikken","og_description":"1237 dager har g\u00e5tt siden begynnelsen av Krig mellom Russland og UkrainaLikevel virker et perspektiv","og_url":"https:\/\/nordnesrepublikken.no\/index.php\/2025\/07\/14\/russland-ukraine-war-fordi-putin-ikke-onsker-en-fred-na-intervjuet-med-den-apne-inspirasjonen\/","og_site_name":"Nordnesrepublikken","article_published_time":"2025-07-14T12:49:36+00:00","article_modified_time":"2025-07-14T12:49:37+00:00","og_image":[{"width":1254,"height":836,"url":"https:\/\/nordnesrepublikken.no\/wp-content\/uploads\/2025\/07\/1752497376_Russland-Ukraine-War-fordi-Putin-ikke-onsker-en-fred-na-intervjuet.jpg","type":"image\/jpeg"}],"author":"Ole Andersen","twitter_card":"summary_large_image","twitter_misc":{"Skrevet av":"Ole Andersen","Ansl. lesetid":"5 minutter"},"schema":{"@context":"https:\/\/schema.org","@graph":[{"@type":"Article","@id":"https:\/\/nordnesrepublikken.no\/index.php\/2025\/07\/14\/russland-ukraine-war-fordi-putin-ikke-onsker-en-fred-na-intervjuet-med-den-apne-inspirasjonen\/#article","isPartOf":{"@id":"https:\/\/nordnesrepublikken.no\/index.php\/2025\/07\/14\/russland-ukraine-war-fordi-putin-ikke-onsker-en-fred-na-intervjuet-med-den-apne-inspirasjonen\/"},"author":{"name":"Ole Andersen","@id":"https:\/\/nordnesrepublikken.no\/#\/schema\/person\/2e7e81935bab77882fffb79296240ff1"},"headline":"Russland-Ukraine War, fordi Putin ikke \u00f8nsker en fred n\u00e5: intervjuet med den \u00e5pne inspirasjonen","datePublished":"2025-07-14T12:49:36+00:00","dateModified":"2025-07-14T12:49:37+00:00","mainEntityOfPage":{"@id":"https:\/\/nordnesrepublikken.no\/index.php\/2025\/07\/14\/russland-ukraine-war-fordi-putin-ikke-onsker-en-fred-na-intervjuet-med-den-apne-inspirasjonen\/"},"wordCount":1044,"publisher":{"@id":"https:\/\/nordnesrepublikken.no\/#organization"},"image":{"@id":"https:\/\/nordnesrepublikken.no\/index.php\/2025\/07\/14\/russland-ukraine-war-fordi-putin-ikke-onsker-en-fred-na-intervjuet-med-den-apne-inspirasjonen\/#primaryimage"},"thumbnailUrl":"https:\/\/nordnesrepublikken.no\/wp-content\/uploads\/2025\/07\/1752497376_Russland-Ukraine-War-fordi-Putin-ikke-onsker-en-fred-na-intervjuet.jpg","keywords":["\u00e5pne","den","Fordi","fred","ikke","inspirasjonen","Intervjuet","med","n\u00e5","\u00f8nsker","Putin","RusslandUkraine","War"],"articleSection":["Politikk"],"inLanguage":"nb-NO"},{"@type":"WebPage","@id":"https:\/\/nordnesrepublikken.no\/index.php\/2025\/07\/14\/russland-ukraine-war-fordi-putin-ikke-onsker-en-fred-na-intervjuet-med-den-apne-inspirasjonen\/","url":"https:\/\/nordnesrepublikken.no\/index.php\/2025\/07\/14\/russland-ukraine-war-fordi-putin-ikke-onsker-en-fred-na-intervjuet-med-den-apne-inspirasjonen\/","name":"Russland-Ukraine War, fordi Putin ikke \u00f8nsker en fred n\u00e5: intervjuet med den \u00e5pne inspirasjonen - Nordnesrepublikken","isPartOf":{"@id":"https:\/\/nordnesrepublikken.no\/#website"},"primaryImageOfPage":{"@id":"https:\/\/nordnesrepublikken.no\/index.php\/2025\/07\/14\/russland-ukraine-war-fordi-putin-ikke-onsker-en-fred-na-intervjuet-med-den-apne-inspirasjonen\/#primaryimage"},"image":{"@id":"https:\/\/nordnesrepublikken.no\/index.php\/2025\/07\/14\/russland-ukraine-war-fordi-putin-ikke-onsker-en-fred-na-intervjuet-med-den-apne-inspirasjonen\/#primaryimage"},"thumbnailUrl":"https:\/\/nordnesrepublikken.no\/wp-content\/uploads\/2025\/07\/1752497376_Russland-Ukraine-War-fordi-Putin-ikke-onsker-en-fred-na-intervjuet.jpg","datePublished":"2025-07-14T12:49:36+00:00","dateModified":"2025-07-14T12:49:37+00:00","breadcrumb":{"@id":"https:\/\/nordnesrepublikken.no\/index.php\/2025\/07\/14\/russland-ukraine-war-fordi-putin-ikke-onsker-en-fred-na-intervjuet-med-den-apne-inspirasjonen\/#breadcrumb"},"inLanguage":"nb-NO","potentialAction":[{"@type":"ReadAction","target":["https:\/\/nordnesrepublikken.no\/index.php\/2025\/07\/14\/russland-ukraine-war-fordi-putin-ikke-onsker-en-fred-na-intervjuet-med-den-apne-inspirasjonen\/"]}]},{"@type":"ImageObject","inLanguage":"nb-NO","@id":"https:\/\/nordnesrepublikken.no\/index.php\/2025\/07\/14\/russland-ukraine-war-fordi-putin-ikke-onsker-en-fred-na-intervjuet-med-den-apne-inspirasjonen\/#primaryimage","url":"https:\/\/nordnesrepublikken.no\/wp-content\/uploads\/2025\/07\/1752497376_Russland-Ukraine-War-fordi-Putin-ikke-onsker-en-fred-na-intervjuet.jpg","contentUrl":"https:\/\/nordnesrepublikken.no\/wp-content\/uploads\/2025\/07\/1752497376_Russland-Ukraine-War-fordi-Putin-ikke-onsker-en-fred-na-intervjuet.jpg","width":1254,"height":836,"caption":"russia ucraina"},{"@type":"BreadcrumbList","@id":"https:\/\/nordnesrepublikken.no\/index.php\/2025\/07\/14\/russland-ukraine-war-fordi-putin-ikke-onsker-en-fred-na-intervjuet-med-den-apne-inspirasjonen\/#breadcrumb","itemListElement":[{"@type":"ListItem","position":1,"name":"Home","item":"https:\/\/nordnesrepublikken.no\/"},{"@type":"ListItem","position":2,"name":"Russland-Ukraine War, fordi Putin ikke \u00f8nsker en fred n\u00e5: intervjuet med den \u00e5pne inspirasjonen"}]},{"@type":"WebSite","@id":"https:\/\/nordnesrepublikken.no\/#website","url":"https:\/\/nordnesrepublikken.no\/","name":"Nordnesrepublikken","description":"Stemmer og Visjoner fra Republikkens Hjerte","publisher":{"@id":"https:\/\/nordnesrepublikken.no\/#organization"},"potentialAction":[{"@type":"SearchAction","target":{"@type":"EntryPoint","urlTemplate":"https:\/\/nordnesrepublikken.no\/?s={search_term_string}"},"query-input":{"@type":"PropertyValueSpecification","valueRequired":true,"valueName":"search_term_string"}}],"inLanguage":"nb-NO"},{"@type":"Organization","@id":"https:\/\/nordnesrepublikken.no\/#organization","name":"Nordnesrepublikken","url":"https:\/\/nordnesrepublikken.no\/","logo":{"@type":"ImageObject","inLanguage":"nb-NO","@id":"https:\/\/nordnesrepublikken.no\/#\/schema\/logo\/image\/","url":"https:\/\/nordnesrepublikken.no\/wp-content\/uploads\/2025\/02\/cropped-nordnesrepublikken-2.png","contentUrl":"https:\/\/nordnesrepublikken.no\/wp-content\/uploads\/2025\/02\/cropped-nordnesrepublikken-2.png","width":1248,"height":362,"caption":"Nordnesrepublikken"},"image":{"@id":"https:\/\/nordnesrepublikken.no\/#\/schema\/logo\/image\/"}},{"@type":"Person","@id":"https:\/\/nordnesrepublikken.no\/#\/schema\/person\/2e7e81935bab77882fffb79296240ff1","name":"Ole Andersen","image":{"@type":"ImageObject","inLanguage":"nb-NO","@id":"https:\/\/nordnesrepublikken.no\/#\/schema\/person\/image\/","url":"https:\/\/nordnesrepublikken.no\/wp-content\/uploads\/2025\/02\/nordnesrepublikken-2-2-150x150.jpg","contentUrl":"https:\/\/nordnesrepublikken.no\/wp-content\/uploads\/2025\/02\/nordnesrepublikken-2-2-150x150.jpg","caption":"Ole Andersen"},"description":"Ettersom jeg vokste opp i Oslo, har jeg alltid v\u00e6rt fascinert av ordenes kraft og deres evne til \u00e5 skape endringer. Etter \u00e5 ha fullf\u00f8rt min utdannelse i kommunikasjon ved Universitetet i Bergen, fikk jeg muligheten til \u00e5 jobbe innen ulike medier, der jeg har s\u00f8kt \u00e5 belyse viktige samfunnssp\u00f8rsm\u00e5l. I dag, som redakt\u00f8r for Nordnesrepublikken, pr\u00f8ver jeg \u00e5 forene min kj\u00e6rlighet for journalistikk med min lidenskap for innovasjon og eventyr.","sameAs":["https:\/\/nordnesrepublikken.no\/"]}]}},"_links":{"self":[{"href":"https:\/\/nordnesrepublikken.no\/index.php\/wp-json\/wp\/v2\/posts\/6981","targetHints":{"allow":["GET"]}}],"collection":[{"href":"https:\/\/nordnesrepublikken.no\/index.php\/wp-json\/wp\/v2\/posts"}],"about":[{"href":"https:\/\/nordnesrepublikken.no\/index.php\/wp-json\/wp\/v2\/types\/post"}],"author":[{"embeddable":true,"href":"https:\/\/nordnesrepublikken.no\/index.php\/wp-json\/wp\/v2\/users\/1"}],"replies":[{"embeddable":true,"href":"https:\/\/nordnesrepublikken.no\/index.php\/wp-json\/wp\/v2\/comments?post=6981"}],"version-history":[{"count":1,"href":"https:\/\/nordnesrepublikken.no\/index.php\/wp-json\/wp\/v2\/posts\/6981\/revisions"}],"predecessor-version":[{"id":6983,"href":"https:\/\/nordnesrepublikken.no\/index.php\/wp-json\/wp\/v2\/posts\/6981\/revisions\/6983"}],"wp:featuredmedia":[{"embeddable":true,"href":"https:\/\/nordnesrepublikken.no\/index.php\/wp-json\/wp\/v2\/media\/6982"}],"wp:attachment":[{"href":"https:\/\/nordnesrepublikken.no\/index.php\/wp-json\/wp\/v2\/media?parent=6981"}],"wp:term":[{"taxonomy":"category","embeddable":true,"href":"https:\/\/nordnesrepublikken.no\/index.php\/wp-json\/wp\/v2\/categories?post=6981"},{"taxonomy":"post_tag","embeddable":true,"href":"https:\/\/nordnesrepublikken.no\/index.php\/wp-json\/wp\/v2\/tags?post=6981"}],"curies":[{"name":"wp","href":"https:\/\/api.w.org\/{rel}","templated":true}]}}