{"id":6966,"date":"2025-07-14T08:49:36","date_gmt":"2025-07-14T06:49:36","guid":{"rendered":"https:\/\/nordnesrepublikken.no\/index.php\/2025\/07\/14\/hvorfor-er-insekter-tiltrukket-av-lys-faktisk-er-de-desorienterte\/"},"modified":"2025-07-14T08:49:40","modified_gmt":"2025-07-14T06:49:40","slug":"hvorfor-er-insekter-tiltrukket-av-lys-faktisk-er-de-desorienterte","status":"publish","type":"post","link":"https:\/\/nordnesrepublikken.no\/index.php\/2025\/07\/14\/hvorfor-er-insekter-tiltrukket-av-lys-faktisk-er-de-desorienterte\/","title":{"rendered":"Hvorfor er insekter tiltrukket av lys? Faktisk er de desorienterte"},"content":{"rendered":"<div>\n<div class=\"cp_wrapper cp_wrapper--fw mb-30 mb-20@tablet\">\n<figure class=\"mm\"><picture class=\"img\" style=\"padding-top:56.25%\"><source  media=\"(min-width: 1024px)\"><source  media=\"(min-width: 768px)\"><\/source><\/source><\/picture><\/figure>\n<\/p><\/div>\n<p>&laquo;Som en m\u00f8ll mot flammen&raquo;: tiltrekningen av nattinsekter, som moser, fluer og biller, mot kildene til <strong>Kunstig lys<\/strong> Det er s\u00e5 kjent at det er ordspr\u00e5klig. Men hvorfor blir de tiltrukket av lys? Faktisk, <strong>De flyr ikke &laquo;mot&raquo; et lys som tiltrekker dem, <\/strong>Men heller snur de seg! Den mest akkrediterte hypotesen er at insekter bruker naturlige lyskilder (for eksempel m\u00e5nen) for <strong>orientert<\/strong> I m\u00f8rket, hold en stabil rute takket v\u00e6re str\u00e5lens retning. Men kildene til kunstig lys, mye n\u00e6rmere og flere <strong>forvirre<\/strong> Insektene, som finner seg flygende uordnede rundt lyset i et fors\u00f8k p\u00e5 \u00e5 justere ruten. Denne teorien ble bekreftet av en fersk studie publisert p\u00e5 <em>Natur, <\/em>som viste hvordan natteinsekter har en tendens til \u00e5 vende ryggen mot lys for \u00e5 orientere seg; Dette f\u00f8rer til <strong>desorientering<\/strong> Og kaotisk flyging n\u00e5r lyskilden er veldig n\u00e6r.<\/p>\n<h2>Hvordan kommer insekter tiltrukket av lys: nattorientering<\/h2>\n<p>Vi er ikke de f\u00f8rste til \u00e5 stille oss dette sp\u00f8rsm\u00e5let. De f\u00f8rste referansene skrevet til denne oppf\u00f8rselen finnes i de gamle persiske diktene, og bruken av en<strong> lys felle<\/strong> For \u00e5 fange Falene (et stratagem som fremdeles brukes i dag av entomologer) er til og med nevnt i skriftene til den latinske agronomen Columella, som dateres tilbake til 60 e.Kr.<\/p>\n<p>Den mest akkrediterte teorien om hvorfor nattinsekter tiltrekkes av lyset har \u00e5 gj\u00f8re med<strong>orientering<\/strong>. I f\u00f8lge denne forklaringen ville nattinsekter bruke kilder til naturlig lys (som m\u00e5nen og stjernene) som referansepunkt. Dette er kilder til<strong> &laquo;Fast&raquo; lys<\/strong>: Avstanden deres med planeten v\u00e5r betyr at hj\u00f8rnet som str\u00e5lene deres n\u00e5r bakken er konstant. Insektet ville dermed v\u00e6re i stand til \u00e5 samkj\u00f8re med dette stabile hj\u00f8rnet, som om det hadde en &laquo;<strong>Naturlig kompass &laquo;<\/strong> som peker ikke mot nord, men mot lyset over.<\/p>\n<div class=\"cp_wrapper cp_wrapper--fw mb-50\">\n<figure class=\"mm\"><picture class=\"img\" style=\"padding-top:33.704115684093%\"><source  media=\"(min-width: 1024px)\"><source  media=\"(min-width: 768px)\"><img decoding=\"async\" loading=\"lazy\" src=\"https:\/\/nordnesrepublikken.no\/wp-content\/uploads\/2025\/06\/1749329372_822_Mygglamper-er-ubrukelige-det-er-hvorfor-hvorfor.jpg\" alt=\"Bilde\" width=\"899\" height=\"303\"><\/source><\/source><\/picture><\/figure>\n<\/p><\/div>\n<p>Denne orienteringsmekanismen har utviklet seg gjennom millioner av \u00e5r, men den nylige introduksjonen av<strong> kunstige lys<\/strong> &#8211; som p\u00e6rer, lydige og andre elektriske enheter &#8211; har kompromittert det. Faktisk er disse lyskildene mye n\u00e6rmere enn m\u00e5nen, og av denne grunn <strong>De projiserer str\u00e5ler i alle retninger<\/strong>ikke parallelt. Og n\u00e5r de er n\u00e6rmere enn de naturlige, ender de opp med \u00e5 dominere dem i intensitet i insektenes \u00f8yne. Pr\u00f8ver \u00e5 anvende det samme orienteringsprinsippet, er sistnevnte i vanskeligheter: i et fors\u00f8k p\u00e5 \u00e5 opprettholde en <strong>konstant hj\u00f8rne<\/strong> Med et lys som omgir dem fra hver side, ender insektene med \u00e5 fly p\u00e5 en kaotisk m\u00e5te, ofte i bane a <strong>spiral<\/strong>.<\/p>\n<h2>Bekreftelser til teorien om desorientering av insekter med kunstig lys<\/h2>\n<p>Selv om det var den mest akkrediterte, manglet imidlertid denne teorien eksperimentelle bekreftelser p\u00e5 grunn av vanskeligheten med \u00e5 overv\u00e5ke insektenes flukt med presisjon. Dette til en internasjonal gruppe forskere lyktes, takket v\u00e6re bruken av sofistikert<strong> stereoskopiske kameraer<\/strong> h\u00f8y oppl\u00f8sning, for \u00e5 spore n\u00f8yaktig <strong>Flybane<\/strong> av natten m\u00f8ll i laboratoriet. Deres forskning, publisert p\u00e5 <em>Natur<\/em> I 2024 bekreftet han at flyet til disse insektene <strong>Det er ikke rettet mot lyskilden, men den dreier oss om oss<\/strong>: Fra unders\u00f8kelsen av banene ser det ut til at m\u00f8llene<strong> De snur ryggen mot lyskilden<\/strong> referanse n\u00e5r de flyr.<\/p>\n<div class=\"cp_wrapper cp_wrapper--fw mb-50\">\n<figure class=\"mm\"><picture class=\"img\" style=\"padding-top:68.467153284672%\"><source  media=\"(min-width: 1024px)\"><source  media=\"(min-width: 768px)\"><img decoding=\"async\" loading=\"lazy\" src=\"https:\/\/nordnesrepublikken.no\/wp-content\/uploads\/2025\/07\/Hvorfor-er-insekter-tiltrukket-av-lys-Faktisk-er-de-desorienterte.jpeg\" alt=\"Bilde\" width=\"685\" height=\"469\" class=\"js-seedtag-img\"><\/source><\/source><\/picture><\/figure>\n<\/p><\/div>\n<p>I n\u00e6rv\u00e6r av et kunstig lys som en lysp\u00e6re, ble de observert <strong>Tre typer fly<\/strong>:<\/p>\n<ul>\n<li>til &laquo;Orbit&raquo;: Insektet l\u00f8per i en sirkel tett under lyskilden;<\/li>\n<li>&laquo;Stall&raquo;: Insektet stiger raskt med ryggen vendt mot lyset og faller deretter ned;<\/li>\n<li>En &laquo;inversjon&raquo;: N\u00e5r lyset kommer nedenfra, snur insektet opp ned og havner p\u00e5 bakken.<\/li>\n<\/ul>\n<p>N\u00e5r forskerne &laquo;simulerte&raquo; vinkelen p\u00e5 naturlig lys med kunstige kilder (for eksempel ved \u00e5 belyse et hvitt ark ovenfra), har insektene kommet tilbake for \u00e5 fly regelmessig.<\/p>\n<p>Selv om den n\u00f8yaktige mekanismen som insekter klarer \u00e5 tolke lysvinkelen til lyset enn\u00e5 ikke er bekreftet, bekrefter denne studien det <strong>De tiltrekkes ikke av kunstig lys, men at dette snarere induserer dem i forvirring<\/strong>. Formen p\u00e5 lampene, deres arrangement i rom og n\u00e6rhet til andre lyse kilder overlagret mellom dem, kompliserer bare situasjonen ytterligere, og insektene ender opp med \u00e5 fly inn<strong> kaotisk m\u00e5te<\/strong>noen ganger smeller mot dem, og gir oss feil inntrykk som er tiltrukket av selve lyset.<\/p>\n<h2>Effektene av lys p\u00e5 forskjellige typer natteinsekter<\/h2>\n<p>Dette fenomenet er veldig uttalt for <strong>ultrafiolett og bl\u00e5tt lys,<\/strong> Som mange wlehe og fluer er spesielt f\u00f8lsomme. Oppmerksomhet, ikke alle natteinsekter p\u00e5virkes p\u00e5 samme m\u00e5te av lyset: de fleste av myggartene, for eksempel, orienterer seg ikke med lys for \u00e5 se etter hvem de skal straffe, men er basert p\u00e5 kroppsvarme, karbondioksid og luktene v\u00e5re. Det er grunnen til at myggene ogs\u00e5 finner oss veldig godt i m\u00f8rket, og <strong>Det er grunnen til at &laquo;Zapper&raquo; -lampene som selges akkurat som en anti -media hensiktsmessig, de fungerer ikke<\/strong> Med dem, og de ender bare opp med \u00e5 steke andre uklarbare nattinsekter.<\/p>\n<p>Andre insektarter kan p\u00e5virkes av lys av grunner som ikke er relatert til orientering: den<strong> Firefield<\/strong> Bruk deres naturlige bioluminescens under <strong>frieri<\/strong> Og av denne grunn kunne de ende opp med \u00e5 bli tiltrukket av kunstige lys. Ogs\u00e5 <strong>Evel og \u00f8yenstikker<\/strong>til tross for at de er insekter p\u00e5 dagtid, blir de noen ganger tiltrukket av nattlys, men det er enn\u00e5 ikke klart om visse kilder til<strong> polarisert lys <\/strong>for <strong>Refleksjon av et tjern<\/strong> eller et vassdrag eller, i tilfelle av \u00f8yenstikkere, hvis de bruker omr\u00e5det rundt en lampe, kile av forvirrede insekter, som en rik <strong>Jaktplass.<\/strong><\/p>\n<h2>Andre hypoteser om tiltrekning av insekter mot lys<\/h2>\n<p>Det er andre mulige forklaringer p\u00e5 atferden til tiltrekning av nattinsekter mot lys, foresl\u00e5tt av forskere p\u00e5 50-60-tallet, men i motsetning til teorien om det lyse &laquo;kompasset&raquo;, <strong>De har ikke mange eksperimentelle bevis<\/strong> til deres fav\u00f8r.<\/p>\n<p>En av disse er at insekter tolker lyset som en &laquo;<strong>flykte<\/strong>&laquo;: For \u00e5 unng\u00e5 \u00e5 bli fanget inne i busker, vil insektene foretrekke omr\u00e5der som lyset kommer, et \u00e5pent vindu mellom l\u00f8vet som de kan slippe unna gjennom. Imidlertid denne hypotesen <strong>gjenspeiler ikke den observerte oppf\u00f8rselen til insekter i det hele tatt,<\/strong> som ikke flyr til lyset, men de snur oss.<\/p>\n<p>En annen forklaring er at natt insekter ikke blir tiltrukket av seg selv, men fra <strong>varme<\/strong> som genererer. Selv om mange insekter, b\u00e5de natt og dagtid, tiltrekkes av varmekilder av metabolismens \u00e5rsaker, er denne forklaringen ikke helt tilfredsstillende: Nattinsekter har ogs\u00e5 blitt observert \u00e5 fly ogs\u00e5 rundt &laquo;kalde&raquo; kunstige lys, hvis temperaturen ikke lenger var varmere enn det omgivende milj\u00f8et.<\/p>\n<\/p><\/div>\n","protected":false},"excerpt":{"rendered":"<p>&laquo;Som en m\u00f8ll mot flammen&raquo;: tiltrekningen av nattinsekter, som moser, fluer og biller, mot kildene<\/p>\n","protected":false},"author":1,"featured_media":6967,"comment_status":"closed","ping_status":"open","sticky":false,"template":"","format":"standard","meta":{"footnotes":""},"categories":[24],"tags":[4516,1723,101,2748,197,4515],"class_list":["post-6966","post","type-post","status-publish","format-standard","has-post-thumbnail","hentry","category-vitenskap","tag-desorienterte","tag-faktisk","tag-hvorfor","tag-insekter","tag-lys","tag-tiltrukket","generate-columns","tablet-grid-50","mobile-grid-100","grid-parent","grid-33","resize-featured-image"],"yoast_head":"<!-- This site is optimized with the Yoast SEO plugin v24.4 - https:\/\/yoast.com\/wordpress\/plugins\/seo\/ -->\n<title>Hvorfor er insekter tiltrukket av lys? Faktisk er de desorienterte - Nordnesrepublikken<\/title>\n<meta name=\"robots\" content=\"index, follow, max-snippet:-1, max-image-preview:large, max-video-preview:-1\" \/>\n<link rel=\"canonical\" href=\"https:\/\/nordnesrepublikken.no\/index.php\/2025\/07\/14\/hvorfor-er-insekter-tiltrukket-av-lys-faktisk-er-de-desorienterte\/\" \/>\n<meta property=\"og:locale\" content=\"nb_NO\" \/>\n<meta property=\"og:type\" content=\"article\" \/>\n<meta property=\"og:title\" content=\"Hvorfor er insekter tiltrukket av lys? Faktisk er de desorienterte - Nordnesrepublikken\" \/>\n<meta property=\"og:description\" content=\"&laquo;Som en m\u00f8ll mot flammen&raquo;: tiltrekningen av nattinsekter, som moser, fluer og biller, mot kildene\" \/>\n<meta property=\"og:url\" content=\"https:\/\/nordnesrepublikken.no\/index.php\/2025\/07\/14\/hvorfor-er-insekter-tiltrukket-av-lys-faktisk-er-de-desorienterte\/\" \/>\n<meta property=\"og:site_name\" content=\"Nordnesrepublikken\" \/>\n<meta property=\"article:published_time\" content=\"2025-07-14T06:49:36+00:00\" \/>\n<meta property=\"article:modified_time\" content=\"2025-07-14T06:49:40+00:00\" \/>\n<meta property=\"og:image\" content=\"https:\/\/nordnesrepublikken.no\/wp-content\/uploads\/2025\/07\/1752475776_Hvorfor-er-insekter-tiltrukket-av-lys-Faktisk-er-de-desorienterte.jpg\" \/>\n\t<meta property=\"og:image:width\" content=\"2121\" \/>\n\t<meta property=\"og:image:height\" content=\"1414\" \/>\n\t<meta property=\"og:image:type\" content=\"image\/jpeg\" \/>\n<meta name=\"author\" content=\"Ole Andersen\" \/>\n<meta name=\"twitter:card\" content=\"summary_large_image\" \/>\n<meta name=\"twitter:label1\" content=\"Skrevet av\" \/>\n\t<meta name=\"twitter:data1\" content=\"Ole Andersen\" \/>\n\t<meta name=\"twitter:label2\" content=\"Ansl. lesetid\" \/>\n\t<meta name=\"twitter:data2\" content=\"5 minutter\" \/>\n<script type=\"application\/ld+json\" class=\"yoast-schema-graph\">{\"@context\":\"https:\/\/schema.org\",\"@graph\":[{\"@type\":\"Article\",\"@id\":\"https:\/\/nordnesrepublikken.no\/index.php\/2025\/07\/14\/hvorfor-er-insekter-tiltrukket-av-lys-faktisk-er-de-desorienterte\/#article\",\"isPartOf\":{\"@id\":\"https:\/\/nordnesrepublikken.no\/index.php\/2025\/07\/14\/hvorfor-er-insekter-tiltrukket-av-lys-faktisk-er-de-desorienterte\/\"},\"author\":{\"name\":\"Ole Andersen\",\"@id\":\"https:\/\/nordnesrepublikken.no\/#\/schema\/person\/2e7e81935bab77882fffb79296240ff1\"},\"headline\":\"Hvorfor er insekter tiltrukket av lys? Faktisk er de desorienterte\",\"datePublished\":\"2025-07-14T06:49:36+00:00\",\"dateModified\":\"2025-07-14T06:49:40+00:00\",\"mainEntityOfPage\":{\"@id\":\"https:\/\/nordnesrepublikken.no\/index.php\/2025\/07\/14\/hvorfor-er-insekter-tiltrukket-av-lys-faktisk-er-de-desorienterte\/\"},\"wordCount\":1085,\"publisher\":{\"@id\":\"https:\/\/nordnesrepublikken.no\/#organization\"},\"image\":{\"@id\":\"https:\/\/nordnesrepublikken.no\/index.php\/2025\/07\/14\/hvorfor-er-insekter-tiltrukket-av-lys-faktisk-er-de-desorienterte\/#primaryimage\"},\"thumbnailUrl\":\"https:\/\/nordnesrepublikken.no\/wp-content\/uploads\/2025\/07\/1752475776_Hvorfor-er-insekter-tiltrukket-av-lys-Faktisk-er-de-desorienterte.jpg\",\"keywords\":[\"desorienterte\",\"faktisk\",\"hvorfor\",\"insekter\",\"lys\",\"tiltrukket\"],\"articleSection\":[\"Vitenskap\"],\"inLanguage\":\"nb-NO\"},{\"@type\":\"WebPage\",\"@id\":\"https:\/\/nordnesrepublikken.no\/index.php\/2025\/07\/14\/hvorfor-er-insekter-tiltrukket-av-lys-faktisk-er-de-desorienterte\/\",\"url\":\"https:\/\/nordnesrepublikken.no\/index.php\/2025\/07\/14\/hvorfor-er-insekter-tiltrukket-av-lys-faktisk-er-de-desorienterte\/\",\"name\":\"Hvorfor er insekter tiltrukket av lys? Faktisk er de desorienterte - Nordnesrepublikken\",\"isPartOf\":{\"@id\":\"https:\/\/nordnesrepublikken.no\/#website\"},\"primaryImageOfPage\":{\"@id\":\"https:\/\/nordnesrepublikken.no\/index.php\/2025\/07\/14\/hvorfor-er-insekter-tiltrukket-av-lys-faktisk-er-de-desorienterte\/#primaryimage\"},\"image\":{\"@id\":\"https:\/\/nordnesrepublikken.no\/index.php\/2025\/07\/14\/hvorfor-er-insekter-tiltrukket-av-lys-faktisk-er-de-desorienterte\/#primaryimage\"},\"thumbnailUrl\":\"https:\/\/nordnesrepublikken.no\/wp-content\/uploads\/2025\/07\/1752475776_Hvorfor-er-insekter-tiltrukket-av-lys-Faktisk-er-de-desorienterte.jpg\",\"datePublished\":\"2025-07-14T06:49:36+00:00\",\"dateModified\":\"2025-07-14T06:49:40+00:00\",\"breadcrumb\":{\"@id\":\"https:\/\/nordnesrepublikken.no\/index.php\/2025\/07\/14\/hvorfor-er-insekter-tiltrukket-av-lys-faktisk-er-de-desorienterte\/#breadcrumb\"},\"inLanguage\":\"nb-NO\",\"potentialAction\":[{\"@type\":\"ReadAction\",\"target\":[\"https:\/\/nordnesrepublikken.no\/index.php\/2025\/07\/14\/hvorfor-er-insekter-tiltrukket-av-lys-faktisk-er-de-desorienterte\/\"]}]},{\"@type\":\"ImageObject\",\"inLanguage\":\"nb-NO\",\"@id\":\"https:\/\/nordnesrepublikken.no\/index.php\/2025\/07\/14\/hvorfor-er-insekter-tiltrukket-av-lys-faktisk-er-de-desorienterte\/#primaryimage\",\"url\":\"https:\/\/nordnesrepublikken.no\/wp-content\/uploads\/2025\/07\/1752475776_Hvorfor-er-insekter-tiltrukket-av-lys-Faktisk-er-de-desorienterte.jpg\",\"contentUrl\":\"https:\/\/nordnesrepublikken.no\/wp-content\/uploads\/2025\/07\/1752475776_Hvorfor-er-insekter-tiltrukket-av-lys-Faktisk-er-de-desorienterte.jpg\",\"width\":2121,\"height\":1414,\"caption\":\"insetti attratti dalla luce\"},{\"@type\":\"BreadcrumbList\",\"@id\":\"https:\/\/nordnesrepublikken.no\/index.php\/2025\/07\/14\/hvorfor-er-insekter-tiltrukket-av-lys-faktisk-er-de-desorienterte\/#breadcrumb\",\"itemListElement\":[{\"@type\":\"ListItem\",\"position\":1,\"name\":\"Home\",\"item\":\"https:\/\/nordnesrepublikken.no\/\"},{\"@type\":\"ListItem\",\"position\":2,\"name\":\"Hvorfor er insekter tiltrukket av lys? Faktisk er de desorienterte\"}]},{\"@type\":\"WebSite\",\"@id\":\"https:\/\/nordnesrepublikken.no\/#website\",\"url\":\"https:\/\/nordnesrepublikken.no\/\",\"name\":\"Nordnesrepublikken\",\"description\":\"Stemmer og Visjoner fra Republikkens Hjerte\",\"publisher\":{\"@id\":\"https:\/\/nordnesrepublikken.no\/#organization\"},\"potentialAction\":[{\"@type\":\"SearchAction\",\"target\":{\"@type\":\"EntryPoint\",\"urlTemplate\":\"https:\/\/nordnesrepublikken.no\/?s={search_term_string}\"},\"query-input\":{\"@type\":\"PropertyValueSpecification\",\"valueRequired\":true,\"valueName\":\"search_term_string\"}}],\"inLanguage\":\"nb-NO\"},{\"@type\":\"Organization\",\"@id\":\"https:\/\/nordnesrepublikken.no\/#organization\",\"name\":\"Nordnesrepublikken\",\"url\":\"https:\/\/nordnesrepublikken.no\/\",\"logo\":{\"@type\":\"ImageObject\",\"inLanguage\":\"nb-NO\",\"@id\":\"https:\/\/nordnesrepublikken.no\/#\/schema\/logo\/image\/\",\"url\":\"https:\/\/nordnesrepublikken.no\/wp-content\/uploads\/2025\/02\/cropped-nordnesrepublikken-2.png\",\"contentUrl\":\"https:\/\/nordnesrepublikken.no\/wp-content\/uploads\/2025\/02\/cropped-nordnesrepublikken-2.png\",\"width\":1248,\"height\":362,\"caption\":\"Nordnesrepublikken\"},\"image\":{\"@id\":\"https:\/\/nordnesrepublikken.no\/#\/schema\/logo\/image\/\"}},{\"@type\":\"Person\",\"@id\":\"https:\/\/nordnesrepublikken.no\/#\/schema\/person\/2e7e81935bab77882fffb79296240ff1\",\"name\":\"Ole Andersen\",\"image\":{\"@type\":\"ImageObject\",\"inLanguage\":\"nb-NO\",\"@id\":\"https:\/\/nordnesrepublikken.no\/#\/schema\/person\/image\/\",\"url\":\"https:\/\/nordnesrepublikken.no\/wp-content\/uploads\/2025\/02\/nordnesrepublikken-2-2-150x150.jpg\",\"contentUrl\":\"https:\/\/nordnesrepublikken.no\/wp-content\/uploads\/2025\/02\/nordnesrepublikken-2-2-150x150.jpg\",\"caption\":\"Ole Andersen\"},\"description\":\"Ettersom jeg vokste opp i Oslo, har jeg alltid v\u00e6rt fascinert av ordenes kraft og deres evne til \u00e5 skape endringer. Etter \u00e5 ha fullf\u00f8rt min utdannelse i kommunikasjon ved Universitetet i Bergen, fikk jeg muligheten til \u00e5 jobbe innen ulike medier, der jeg har s\u00f8kt \u00e5 belyse viktige samfunnssp\u00f8rsm\u00e5l. I dag, som redakt\u00f8r for Nordnesrepublikken, pr\u00f8ver jeg \u00e5 forene min kj\u00e6rlighet for journalistikk med min lidenskap for innovasjon og eventyr.\",\"sameAs\":[\"https:\/\/nordnesrepublikken.no\/\"]}]}<\/script>\n<!-- \/ Yoast SEO plugin. -->","yoast_head_json":{"title":"Hvorfor er insekter tiltrukket av lys? Faktisk er de desorienterte - Nordnesrepublikken","robots":{"index":"index","follow":"follow","max-snippet":"max-snippet:-1","max-image-preview":"max-image-preview:large","max-video-preview":"max-video-preview:-1"},"canonical":"https:\/\/nordnesrepublikken.no\/index.php\/2025\/07\/14\/hvorfor-er-insekter-tiltrukket-av-lys-faktisk-er-de-desorienterte\/","og_locale":"nb_NO","og_type":"article","og_title":"Hvorfor er insekter tiltrukket av lys? Faktisk er de desorienterte - Nordnesrepublikken","og_description":"&laquo;Som en m\u00f8ll mot flammen&raquo;: tiltrekningen av nattinsekter, som moser, fluer og biller, mot kildene","og_url":"https:\/\/nordnesrepublikken.no\/index.php\/2025\/07\/14\/hvorfor-er-insekter-tiltrukket-av-lys-faktisk-er-de-desorienterte\/","og_site_name":"Nordnesrepublikken","article_published_time":"2025-07-14T06:49:36+00:00","article_modified_time":"2025-07-14T06:49:40+00:00","og_image":[{"width":2121,"height":1414,"url":"https:\/\/nordnesrepublikken.no\/wp-content\/uploads\/2025\/07\/1752475776_Hvorfor-er-insekter-tiltrukket-av-lys-Faktisk-er-de-desorienterte.jpg","type":"image\/jpeg"}],"author":"Ole Andersen","twitter_card":"summary_large_image","twitter_misc":{"Skrevet av":"Ole Andersen","Ansl. lesetid":"5 minutter"},"schema":{"@context":"https:\/\/schema.org","@graph":[{"@type":"Article","@id":"https:\/\/nordnesrepublikken.no\/index.php\/2025\/07\/14\/hvorfor-er-insekter-tiltrukket-av-lys-faktisk-er-de-desorienterte\/#article","isPartOf":{"@id":"https:\/\/nordnesrepublikken.no\/index.php\/2025\/07\/14\/hvorfor-er-insekter-tiltrukket-av-lys-faktisk-er-de-desorienterte\/"},"author":{"name":"Ole Andersen","@id":"https:\/\/nordnesrepublikken.no\/#\/schema\/person\/2e7e81935bab77882fffb79296240ff1"},"headline":"Hvorfor er insekter tiltrukket av lys? Faktisk er de desorienterte","datePublished":"2025-07-14T06:49:36+00:00","dateModified":"2025-07-14T06:49:40+00:00","mainEntityOfPage":{"@id":"https:\/\/nordnesrepublikken.no\/index.php\/2025\/07\/14\/hvorfor-er-insekter-tiltrukket-av-lys-faktisk-er-de-desorienterte\/"},"wordCount":1085,"publisher":{"@id":"https:\/\/nordnesrepublikken.no\/#organization"},"image":{"@id":"https:\/\/nordnesrepublikken.no\/index.php\/2025\/07\/14\/hvorfor-er-insekter-tiltrukket-av-lys-faktisk-er-de-desorienterte\/#primaryimage"},"thumbnailUrl":"https:\/\/nordnesrepublikken.no\/wp-content\/uploads\/2025\/07\/1752475776_Hvorfor-er-insekter-tiltrukket-av-lys-Faktisk-er-de-desorienterte.jpg","keywords":["desorienterte","faktisk","hvorfor","insekter","lys","tiltrukket"],"articleSection":["Vitenskap"],"inLanguage":"nb-NO"},{"@type":"WebPage","@id":"https:\/\/nordnesrepublikken.no\/index.php\/2025\/07\/14\/hvorfor-er-insekter-tiltrukket-av-lys-faktisk-er-de-desorienterte\/","url":"https:\/\/nordnesrepublikken.no\/index.php\/2025\/07\/14\/hvorfor-er-insekter-tiltrukket-av-lys-faktisk-er-de-desorienterte\/","name":"Hvorfor er insekter tiltrukket av lys? Faktisk er de desorienterte - Nordnesrepublikken","isPartOf":{"@id":"https:\/\/nordnesrepublikken.no\/#website"},"primaryImageOfPage":{"@id":"https:\/\/nordnesrepublikken.no\/index.php\/2025\/07\/14\/hvorfor-er-insekter-tiltrukket-av-lys-faktisk-er-de-desorienterte\/#primaryimage"},"image":{"@id":"https:\/\/nordnesrepublikken.no\/index.php\/2025\/07\/14\/hvorfor-er-insekter-tiltrukket-av-lys-faktisk-er-de-desorienterte\/#primaryimage"},"thumbnailUrl":"https:\/\/nordnesrepublikken.no\/wp-content\/uploads\/2025\/07\/1752475776_Hvorfor-er-insekter-tiltrukket-av-lys-Faktisk-er-de-desorienterte.jpg","datePublished":"2025-07-14T06:49:36+00:00","dateModified":"2025-07-14T06:49:40+00:00","breadcrumb":{"@id":"https:\/\/nordnesrepublikken.no\/index.php\/2025\/07\/14\/hvorfor-er-insekter-tiltrukket-av-lys-faktisk-er-de-desorienterte\/#breadcrumb"},"inLanguage":"nb-NO","potentialAction":[{"@type":"ReadAction","target":["https:\/\/nordnesrepublikken.no\/index.php\/2025\/07\/14\/hvorfor-er-insekter-tiltrukket-av-lys-faktisk-er-de-desorienterte\/"]}]},{"@type":"ImageObject","inLanguage":"nb-NO","@id":"https:\/\/nordnesrepublikken.no\/index.php\/2025\/07\/14\/hvorfor-er-insekter-tiltrukket-av-lys-faktisk-er-de-desorienterte\/#primaryimage","url":"https:\/\/nordnesrepublikken.no\/wp-content\/uploads\/2025\/07\/1752475776_Hvorfor-er-insekter-tiltrukket-av-lys-Faktisk-er-de-desorienterte.jpg","contentUrl":"https:\/\/nordnesrepublikken.no\/wp-content\/uploads\/2025\/07\/1752475776_Hvorfor-er-insekter-tiltrukket-av-lys-Faktisk-er-de-desorienterte.jpg","width":2121,"height":1414,"caption":"insetti attratti dalla luce"},{"@type":"BreadcrumbList","@id":"https:\/\/nordnesrepublikken.no\/index.php\/2025\/07\/14\/hvorfor-er-insekter-tiltrukket-av-lys-faktisk-er-de-desorienterte\/#breadcrumb","itemListElement":[{"@type":"ListItem","position":1,"name":"Home","item":"https:\/\/nordnesrepublikken.no\/"},{"@type":"ListItem","position":2,"name":"Hvorfor er insekter tiltrukket av lys? Faktisk er de desorienterte"}]},{"@type":"WebSite","@id":"https:\/\/nordnesrepublikken.no\/#website","url":"https:\/\/nordnesrepublikken.no\/","name":"Nordnesrepublikken","description":"Stemmer og Visjoner fra Republikkens Hjerte","publisher":{"@id":"https:\/\/nordnesrepublikken.no\/#organization"},"potentialAction":[{"@type":"SearchAction","target":{"@type":"EntryPoint","urlTemplate":"https:\/\/nordnesrepublikken.no\/?s={search_term_string}"},"query-input":{"@type":"PropertyValueSpecification","valueRequired":true,"valueName":"search_term_string"}}],"inLanguage":"nb-NO"},{"@type":"Organization","@id":"https:\/\/nordnesrepublikken.no\/#organization","name":"Nordnesrepublikken","url":"https:\/\/nordnesrepublikken.no\/","logo":{"@type":"ImageObject","inLanguage":"nb-NO","@id":"https:\/\/nordnesrepublikken.no\/#\/schema\/logo\/image\/","url":"https:\/\/nordnesrepublikken.no\/wp-content\/uploads\/2025\/02\/cropped-nordnesrepublikken-2.png","contentUrl":"https:\/\/nordnesrepublikken.no\/wp-content\/uploads\/2025\/02\/cropped-nordnesrepublikken-2.png","width":1248,"height":362,"caption":"Nordnesrepublikken"},"image":{"@id":"https:\/\/nordnesrepublikken.no\/#\/schema\/logo\/image\/"}},{"@type":"Person","@id":"https:\/\/nordnesrepublikken.no\/#\/schema\/person\/2e7e81935bab77882fffb79296240ff1","name":"Ole Andersen","image":{"@type":"ImageObject","inLanguage":"nb-NO","@id":"https:\/\/nordnesrepublikken.no\/#\/schema\/person\/image\/","url":"https:\/\/nordnesrepublikken.no\/wp-content\/uploads\/2025\/02\/nordnesrepublikken-2-2-150x150.jpg","contentUrl":"https:\/\/nordnesrepublikken.no\/wp-content\/uploads\/2025\/02\/nordnesrepublikken-2-2-150x150.jpg","caption":"Ole Andersen"},"description":"Ettersom jeg vokste opp i Oslo, har jeg alltid v\u00e6rt fascinert av ordenes kraft og deres evne til \u00e5 skape endringer. Etter \u00e5 ha fullf\u00f8rt min utdannelse i kommunikasjon ved Universitetet i Bergen, fikk jeg muligheten til \u00e5 jobbe innen ulike medier, der jeg har s\u00f8kt \u00e5 belyse viktige samfunnssp\u00f8rsm\u00e5l. I dag, som redakt\u00f8r for Nordnesrepublikken, pr\u00f8ver jeg \u00e5 forene min kj\u00e6rlighet for journalistikk med min lidenskap for innovasjon og eventyr.","sameAs":["https:\/\/nordnesrepublikken.no\/"]}]}},"_links":{"self":[{"href":"https:\/\/nordnesrepublikken.no\/index.php\/wp-json\/wp\/v2\/posts\/6966","targetHints":{"allow":["GET"]}}],"collection":[{"href":"https:\/\/nordnesrepublikken.no\/index.php\/wp-json\/wp\/v2\/posts"}],"about":[{"href":"https:\/\/nordnesrepublikken.no\/index.php\/wp-json\/wp\/v2\/types\/post"}],"author":[{"embeddable":true,"href":"https:\/\/nordnesrepublikken.no\/index.php\/wp-json\/wp\/v2\/users\/1"}],"replies":[{"embeddable":true,"href":"https:\/\/nordnesrepublikken.no\/index.php\/wp-json\/wp\/v2\/comments?post=6966"}],"version-history":[{"count":1,"href":"https:\/\/nordnesrepublikken.no\/index.php\/wp-json\/wp\/v2\/posts\/6966\/revisions"}],"predecessor-version":[{"id":6968,"href":"https:\/\/nordnesrepublikken.no\/index.php\/wp-json\/wp\/v2\/posts\/6966\/revisions\/6968"}],"wp:featuredmedia":[{"embeddable":true,"href":"https:\/\/nordnesrepublikken.no\/index.php\/wp-json\/wp\/v2\/media\/6967"}],"wp:attachment":[{"href":"https:\/\/nordnesrepublikken.no\/index.php\/wp-json\/wp\/v2\/media?parent=6966"}],"wp:term":[{"taxonomy":"category","embeddable":true,"href":"https:\/\/nordnesrepublikken.no\/index.php\/wp-json\/wp\/v2\/categories?post=6966"},{"taxonomy":"post_tag","embeddable":true,"href":"https:\/\/nordnesrepublikken.no\/index.php\/wp-json\/wp\/v2\/tags?post=6966"}],"curies":[{"name":"wp","href":"https:\/\/api.w.org\/{rel}","templated":true}]}}