{"id":6960,"date":"2025-07-14T04:51:24","date_gmt":"2025-07-14T02:51:24","guid":{"rendered":"https:\/\/nordnesrepublikken.no\/index.php\/2025\/07\/14\/spania-strender-med-gylden-svart-hvit-og-rod-sand\/"},"modified":"2025-07-14T04:51:26","modified_gmt":"2025-07-14T02:51:26","slug":"spania-strender-med-gylden-svart-hvit-og-rod-sand","status":"publish","type":"post","link":"https:\/\/nordnesrepublikken.no\/index.php\/2025\/07\/14\/spania-strender-med-gylden-svart-hvit-og-rod-sand\/","title":{"rendered":"Spania strender med gylden, svart, hvit og r\u00f8d sand"},"content":{"rendered":"<div class=\"wordpress-content\">\n                    <!-- Article Start --><\/p>\n<p><strong>I Spania tilbyr strender et bredt utvalg av sand, med forskjellige farger og komposisjoner. Sand kan v\u00e6re hvit, svart, gylden eller r\u00f8d, avhengig av dens geologiske opprinnelse og mineralsammensetning.<\/strong><\/p>\n<h2><span style=\"font-weight: 400\">Topp hvite sandstrender<\/span><\/h2>\n<p><span style=\"font-weight: 400\">Hvit sand er typisk sammensatt av kvarts, feltspat, gips og skall og korallrester. Det er vanlig p\u00e5 tropiske strender, men finnes ogs\u00e5 i noen omr\u00e5der av Spania, som Galicia, C\u00edes -\u00f8yene, Formentera og Ibiza.<\/span><\/p>\n<h3><span style=\"font-weight: 400\">SES Illetes Beach i Formentera<\/span><\/h3>\n<p><span style=\"font-weight: 400\">Det er kjent for sitt hvite sand og turkise vann, og er et ideelt reisem\u00e5l for avslapning.<\/span><\/p>\n<div class=\"sra_unit\"><link rel=\"stylesheet\" id=\"block-sra\" href=\"https:\/\/euroweeklynews.com\/wp-content\/plugins\/snack-related-articles\/dist\/css\/snack-related.min.css?250312-193541\" type=\"text\/css\" media=\"all\">\n<\/div>\n<\/p>\n<h3><span style=\"font-weight: 400\">La Concha Beach i San Sebasti\u00e1n<\/span><\/h3>\n<p><span style=\"font-weight: 400\">Denne stranden er kjent for sin skj\u00f8nnhet og livlige atmosf\u00e6re, noe som gj\u00f8r den til et ideelt sted \u00e5 suge solen.<\/span><\/p>\n<h3><span style=\"font-weight: 400\">Cala Macarella Beach i Menorca<\/span><\/h3>\n<p><span style=\"font-weight: 400\">En av de vakreste strendene p\u00e5 \u00f8ya er omgitt av frodig, naturlig natur.<\/span><\/p>\n<p><img loading=\"lazy\" decoding=\"async\" class=\"alignnone\" src=\"https:\/\/nordnesrepublikken.no\/wp-content\/uploads\/2025\/07\/1752461483_354_Spania-strender-med-gylden-svart-hvit-og-rod-sand.jpg\" alt=\"Alle bilder i denne artikkelen er fra Shutterstock\" width=\"939\" height=\"626\"><\/p>\n<p>Formentera<\/p>\n<h3><span style=\"font-weight: 400\">Bolonia Beach i Tarifa<\/span><\/h3>\n<p><span style=\"font-weight: 400\">Med sin fine sand og sanddyner er det et ideelt reisem\u00e5l for naturelskere.<\/span><\/p>\n<p><img loading=\"lazy\" decoding=\"async\" class=\"alignnone\" src=\"https:\/\/nordnesrepublikken.no\/wp-content\/uploads\/2025\/07\/1752461483_622_Spania-strender-med-gylden-svart-hvit-og-rod-sand.jpg\" alt=\"Alle bilder i denne artikkelen er fra Shutterstock\" width=\"626\" height=\"547\"><\/p>\n<h2><b>Noen av de beste svarte sandstrendene<\/b><\/h2>\n<p><span style=\"font-weight: 400\">Det er dannet av tilstedev\u00e6relsen av basalt og andre vulkanske mineraler og er karakteristisk for regioner med vulkansk aktivitet. I Spania er strendene p\u00e5 Kanari\u00f8yene bemerkelsesverdige for sin svarte sand, et resultat av deres vulkanske opprinnelse.<\/span><\/p>\n<p><span style=\"font-weight: 400\">Svarte strender har denne m\u00f8rke pigmenteringen p\u00e5 grunn av erosjonen av omkringliggende bergarter, s\u00e5 vel som fargen p\u00e5 mineralene de inneholder. De finnes spesielt p\u00e5 Kanari\u00f8yene, men ogs\u00e5 andre steder, som sett i denne topp 5 -listen over spektakul\u00e6re svarte strender i Spania.<\/span><\/p>\n<p><img loading=\"lazy\" decoding=\"async\" class=\" wp-image-535112\" src=\"https:\/\/nordnesrepublikken.no\/wp-content\/uploads\/2025\/07\/1752461483_662_Spania-strender-med-gylden-svart-hvit-og-rod-sand.jpg\" alt=\"Alle bilder fra Shutterstock\" width=\"833\" height=\"589\"  ><\/p>\n<p>Charco Verde, La Palma, Kanari\u00f8yene | Studiepoeng: Alle bilder i denne artikkelen er fra Shutterstock<\/p>\n<h3><span style=\"font-weight: 400\">Janubio Beach i Lanzarote<\/span><\/h3>\n<p><span style=\"font-weight: 400\">Mange er enige om at det er den mest spektakul\u00e6re svarte stranden i Spania, om ikke verden. Janubio Beach ligger i n\u00e6rheten av El Golfo i Yaiza og er omgitt av fantastisk natur. Det er ogs\u00e5 kjent for sine sterke str\u00f8mmer, noe som gj\u00f8r det mer spektakul\u00e6rt \u00e5 se enn \u00e5 sv\u00f8mme i.<\/span><\/p>\n<h3><span style=\"font-weight: 400\">Ajuy Beach i Fuerteaventura<\/span><\/h3>\n<p><span style=\"font-weight: 400\">Ajuy Beach er ogs\u00e5 h\u00f8yt ansett, som ligger p\u00e5 vestkysten av \u00f8ya, og ligger veldig n\u00e6r P\u00e1jara. Det er ogs\u00e5 veldig popul\u00e6rt takket v\u00e6re den fredelige atmosf\u00e6ren i fiskev\u00e6ret Ajuy. Den har fin vulkansk sand og moderate b\u00f8lger. Det er en del av et beskyttet naturomr\u00e5de med spektakul\u00e6re vulkanske huler.<\/span><\/p>\n<p><img loading=\"lazy\" decoding=\"async\" class=\"alignnone\" src=\"https:\/\/nordnesrepublikken.no\/wp-content\/uploads\/2025\/07\/1752461483_494_Spania-strender-med-gylden-svart-hvit-og-rod-sand.jpg\" alt=\"Alle bilder i denne artikkelen er fra Shutterstock\" width=\"1000\" height=\"425\"><\/p>\n<h2><b>Fascinerende gyldne sandstrender<\/b><\/h2>\n<p><span style=\"font-weight: 400\">Det er det vanligste p\u00e5 den spanske kysten og skyldes tilstedev\u00e6relsen av kvarts og feltspat i dens sammensetning.<\/span><\/p>\n<h3><span style=\"font-weight: 400\">CUnit Beach i Tarragona<\/span><\/h3>\n<p><span style=\"font-weight: 400\">CUnit Beach strekker seg over 2 kilometer gylden sand, delt inn i syv halvm\u00e5neformede b\u00f8lgebrytere. Vannet i halvm\u00e5tene er rolige og grunne, noe som gj\u00f8r denne stranden spesielt trygg og unik hvis du reiser med barn.<\/span><\/p>\n<h3><span style=\"font-weight: 400\">Calafell Beach, ogs\u00e5 i Tarragona<\/span><\/h3>\n<p><span style=\"font-weight: 400\">En annen vakker strand som ligger i provinsen Tarragona er Calafell Beach, en del av den historiske byen Calafell. Byen ligger 1,5 kilometer innover i landet og er det ideelle reisem\u00e5let for de som \u00f8nsker \u00e5 kombinere sightseeing med solg\u00e5rder og sand, ettersom de omkringliggende romerske ruinene er vel verdt \u00e5 utforske.<\/span><\/p>\n<h3><span style=\"font-weight: 400\">Koma-ruga-stranden, i Tarragona, ogs\u00e5<\/span><\/h3>\n<p><span style=\"font-weight: 400\">Coma-Ruga er en av de tre bl\u00e5 flaggstrendene i byen El Vendrell. Coma-Ruga Beach har fl\u00f8yet sitt bl\u00e5 flagg siden 1988 og er omtrent 2 km lang og 120 meter bredt, med mykt, gylden sand og rolig vann.<\/span><\/p>\n<p><img decoding=\"async\" src=\"https:\/\/nordnesrepublikken.no\/wp-content\/uploads\/2025\/07\/Spania-strender-med-gylden-svart-hvit-og-rod-sand.jpeg\" alt=\"Una de las Playas M\u00e1s Bonitas de Espa\u00f1a: Incre\u00edbles Formaciones Rocosas y Arena Dorada\"><\/p>\n<h3><span style=\"font-weight: 400\">Cala de Canyadell i Tarragona <\/span><\/h3>\n<p><span style=\"font-weight: 400\">Denne stille, semi-urbane viken er 60 meter lang og 35 meter bred, og kan skilte med gylden sand og rolig vann. Selv om det regelmessig er rengjort, tilbyr den ikke noen tjenester, s\u00e5 det er vanligvis ur\u00f8rt. Det er ingen badevakter, og det er omgitt av en liten skog, noe som f\u00e5r deg til \u00e5 f\u00f8le deg isolert, i ditt eget private paradis.<\/span><\/p>\n<h3><span style=\"font-weight: 400\">Altafulla Beach i Tarragona<\/span><\/h3>\n<p><span style=\"font-weight: 400\">Altafulla er en middelalderby som ligger i provinsen Tarragona, bare 10 minutter fra sentrum av Tarragona og en time fra Barcelona.<\/span><\/p>\n<p><span style=\"font-weight: 400\">Denne stranden har fin, gylden sand og har ogs\u00e5 blitt tildelt det bl\u00e5 flagget. Stranden er omtrent 1100 meter lang og 20 meter bred, og strekker seg fra Cap Gros til La Roca del Gaia. Den har tilgang for personer med redusert mobilitet og badevakter, noe som gj\u00f8r det perfekt for en ferie i Tarragona med sm\u00e5 barn.<\/span><\/p>\n<h3><span style=\"font-weight: 400\">Playa de El Riumar, Cambrils<\/span><\/h3>\n<p><span style=\"font-weight: 400\">El Riumar Beach ligger omtrent 150 meter bred og strekker seg nesten 4 km langs \u00f8stsiden av Ebro -deltaet. Det er en av f\u00e5 strender p\u00e5 denne kysten med sanddyner og kan skilte med fine, myk gylden sand og grunt vann, noe som gj\u00f8r det til et morsomt og trygt alternativ for en familieferie p\u00e5 Costa Dorada. Stranden er ikke veldig overfylt, og p\u00e5 grunn av st\u00f8rrelsen er aldri overfylt. Det er ofte en favoritt blant surfere og windsurfers, da det vanligvis liker perfekt vind- og b\u00f8lgeforhold.<\/span><\/p>\n<h3><span style=\"font-weight: 400\">Platja larga i Salou<\/span><\/h3>\n<p><span style=\"font-weight: 400\">Salou er en av de mest popul\u00e6re destinasjonene p\u00e5 Costa Dorada, og like utenfor sentrum er Playa larga, omgitt av en vakker furupark hvor du kan ta ly i skyggen.<\/span><\/p>\n<p><span style=\"font-weight: 400\">Denne semi-urbane stranden er 600 meter lang og 35 meter bred, med fin gylden sand, rolig vann og grunnleggende tjenester inkludert toaletter, paraplyer, dusjer og solsolteutleie.<\/span><\/p>\n<h2><b>R\u00f8de sandstrender<\/b><\/h2>\n<p><span style=\"font-weight: 400\">Fargen skyldes oksidasjon av jern som er til stede i vulkanske bergarter og deres p\u00e5f\u00f8lgende erosjon.<\/span><\/p>\n<h3><span style=\"font-weight: 400\">El Verodal Beach i El Hierro<\/span><\/h3>\n<p><span style=\"font-weight: 400\">El Verodal Beach er en vakker strand som ligger p\u00e5 \u00f8ya El Hierro, p\u00e5 Kanari\u00f8yene. Den s\u00e6regne r\u00f8de sanden gj\u00f8r den til et unikt og fortryllende sted. N\u00e5r du bes\u00f8ker, er det viktig \u00e5 ut\u00f8ve forsiktighet p\u00e5 grunn av tilstedev\u00e6relsen av havstr\u00f8mmer og potensialet for at steiner kan falle fra klippene. <\/span><\/p>\n<p><span style=\"font-weight: 400\">I tillegg til \u00e5 nyte kystlinjen, kan du utforske de n\u00e6rliggende naturlige bassengene og Tidepools, samt beundre det pittoreske landskapet underveis. Det er nyttige tips om tilgjengelighet og transport, samt anbefalinger for sikker sv\u00f8mming. Det er ogs\u00e5 n\u00e6rliggende alternativer for \u00e5 utfylle bes\u00f8ket ditt p\u00e5 denne fantastiske stranden.<\/span><\/p>\n<p><span style=\"font-weight: 400\">Selv om det er et sted med stor skj\u00f8nnhet, kan sterke str\u00f8mmer og b\u00f8lger gj\u00f8re sv\u00f8mming i vannet farlig, s\u00e5 det anbefales \u00e5 glede seg over naturen fra utsiktspunktet eller bare g\u00e5 langs stranden uten \u00e5 bade.<\/span><\/p>\n<p><img loading=\"lazy\" decoding=\"async\" class=\"alignnone\" src=\"https:\/\/nordnesrepublikken.no\/wp-content\/uploads\/2025\/07\/1752461484_915_Spania-strender-med-gylden-svart-hvit-og-rod-sand.jpg\" alt=\"Alle bilder i denne artikkelen er fra Shutterstock\" width=\"675\" height=\"391\"><\/p>\n<p>El verodal<\/p>\n<p>                    <!-- Article End --><\/p><\/div>\n","protected":false},"excerpt":{"rendered":"<p>I Spania tilbyr strender et bredt utvalg av sand, med forskjellige farger og komposisjoner. Sand<\/p>\n","protected":false},"author":1,"featured_media":6961,"comment_status":"closed","ping_status":"open","sticky":false,"template":"","format":"standard","meta":{"footnotes":""},"categories":[105],"tags":[4512,1326,79,2314,559,529,2068,973],"class_list":["post-6960","post","type-post","status-publish","format-standard","has-post-thumbnail","hentry","category-livsstil","tag-gylden","tag-hvit","tag-med","tag-rod","tag-sand","tag-spania","tag-strender","tag-svart","generate-columns","tablet-grid-50","mobile-grid-100","grid-parent","grid-33","resize-featured-image"],"yoast_head":"<!-- This site is optimized with the Yoast SEO plugin v24.4 - https:\/\/yoast.com\/wordpress\/plugins\/seo\/ -->\n<title>Spania strender med gylden, svart, hvit og r\u00f8d sand - Nordnesrepublikken<\/title>\n<meta name=\"robots\" content=\"index, follow, max-snippet:-1, max-image-preview:large, max-video-preview:-1\" \/>\n<link rel=\"canonical\" href=\"https:\/\/nordnesrepublikken.no\/index.php\/2025\/07\/14\/spania-strender-med-gylden-svart-hvit-og-rod-sand\/\" \/>\n<meta property=\"og:locale\" content=\"nb_NO\" \/>\n<meta property=\"og:type\" content=\"article\" \/>\n<meta property=\"og:title\" content=\"Spania strender med gylden, svart, hvit og r\u00f8d sand - Nordnesrepublikken\" \/>\n<meta property=\"og:description\" content=\"I Spania tilbyr strender et bredt utvalg av sand, med forskjellige farger og komposisjoner. Sand\" \/>\n<meta property=\"og:url\" content=\"https:\/\/nordnesrepublikken.no\/index.php\/2025\/07\/14\/spania-strender-med-gylden-svart-hvit-og-rod-sand\/\" \/>\n<meta property=\"og:site_name\" content=\"Nordnesrepublikken\" \/>\n<meta property=\"article:published_time\" content=\"2025-07-14T02:51:24+00:00\" \/>\n<meta property=\"article:modified_time\" content=\"2025-07-14T02:51:26+00:00\" \/>\n<meta property=\"og:image\" content=\"https:\/\/nordnesrepublikken.no\/wp-content\/uploads\/2025\/07\/1752461484_Spania-strender-med-gylden-svart-hvit-og-rod-sand.jpg\" \/>\n\t<meta property=\"og:image:width\" content=\"1200\" \/>\n\t<meta property=\"og:image:height\" content=\"800\" \/>\n\t<meta property=\"og:image:type\" content=\"image\/jpeg\" \/>\n<meta name=\"author\" content=\"Ole Andersen\" \/>\n<meta name=\"twitter:card\" content=\"summary_large_image\" \/>\n<meta name=\"twitter:label1\" content=\"Skrevet av\" \/>\n\t<meta name=\"twitter:data1\" content=\"Ole Andersen\" \/>\n\t<meta name=\"twitter:label2\" content=\"Ansl. lesetid\" \/>\n\t<meta name=\"twitter:data2\" content=\"5 minutter\" \/>\n<script type=\"application\/ld+json\" class=\"yoast-schema-graph\">{\"@context\":\"https:\/\/schema.org\",\"@graph\":[{\"@type\":\"Article\",\"@id\":\"https:\/\/nordnesrepublikken.no\/index.php\/2025\/07\/14\/spania-strender-med-gylden-svart-hvit-og-rod-sand\/#article\",\"isPartOf\":{\"@id\":\"https:\/\/nordnesrepublikken.no\/index.php\/2025\/07\/14\/spania-strender-med-gylden-svart-hvit-og-rod-sand\/\"},\"author\":{\"name\":\"Ole Andersen\",\"@id\":\"https:\/\/nordnesrepublikken.no\/#\/schema\/person\/2e7e81935bab77882fffb79296240ff1\"},\"headline\":\"Spania strender med gylden, svart, hvit og r\u00f8d sand\",\"datePublished\":\"2025-07-14T02:51:24+00:00\",\"dateModified\":\"2025-07-14T02:51:26+00:00\",\"mainEntityOfPage\":{\"@id\":\"https:\/\/nordnesrepublikken.no\/index.php\/2025\/07\/14\/spania-strender-med-gylden-svart-hvit-og-rod-sand\/\"},\"wordCount\":1040,\"publisher\":{\"@id\":\"https:\/\/nordnesrepublikken.no\/#organization\"},\"image\":{\"@id\":\"https:\/\/nordnesrepublikken.no\/index.php\/2025\/07\/14\/spania-strender-med-gylden-svart-hvit-og-rod-sand\/#primaryimage\"},\"thumbnailUrl\":\"https:\/\/nordnesrepublikken.no\/wp-content\/uploads\/2025\/07\/1752461484_Spania-strender-med-gylden-svart-hvit-og-rod-sand.jpg\",\"keywords\":[\"gylden\",\"hvit\",\"med\",\"Rod\",\"Sand\",\"Spania\",\"strender\",\"Svart\"],\"articleSection\":[\"Livsstil\"],\"inLanguage\":\"nb-NO\"},{\"@type\":\"WebPage\",\"@id\":\"https:\/\/nordnesrepublikken.no\/index.php\/2025\/07\/14\/spania-strender-med-gylden-svart-hvit-og-rod-sand\/\",\"url\":\"https:\/\/nordnesrepublikken.no\/index.php\/2025\/07\/14\/spania-strender-med-gylden-svart-hvit-og-rod-sand\/\",\"name\":\"Spania strender med gylden, svart, hvit og r\u00f8d sand - Nordnesrepublikken\",\"isPartOf\":{\"@id\":\"https:\/\/nordnesrepublikken.no\/#website\"},\"primaryImageOfPage\":{\"@id\":\"https:\/\/nordnesrepublikken.no\/index.php\/2025\/07\/14\/spania-strender-med-gylden-svart-hvit-og-rod-sand\/#primaryimage\"},\"image\":{\"@id\":\"https:\/\/nordnesrepublikken.no\/index.php\/2025\/07\/14\/spania-strender-med-gylden-svart-hvit-og-rod-sand\/#primaryimage\"},\"thumbnailUrl\":\"https:\/\/nordnesrepublikken.no\/wp-content\/uploads\/2025\/07\/1752461484_Spania-strender-med-gylden-svart-hvit-og-rod-sand.jpg\",\"datePublished\":\"2025-07-14T02:51:24+00:00\",\"dateModified\":\"2025-07-14T02:51:26+00:00\",\"breadcrumb\":{\"@id\":\"https:\/\/nordnesrepublikken.no\/index.php\/2025\/07\/14\/spania-strender-med-gylden-svart-hvit-og-rod-sand\/#breadcrumb\"},\"inLanguage\":\"nb-NO\",\"potentialAction\":[{\"@type\":\"ReadAction\",\"target\":[\"https:\/\/nordnesrepublikken.no\/index.php\/2025\/07\/14\/spania-strender-med-gylden-svart-hvit-og-rod-sand\/\"]}]},{\"@type\":\"ImageObject\",\"inLanguage\":\"nb-NO\",\"@id\":\"https:\/\/nordnesrepublikken.no\/index.php\/2025\/07\/14\/spania-strender-med-gylden-svart-hvit-og-rod-sand\/#primaryimage\",\"url\":\"https:\/\/nordnesrepublikken.no\/wp-content\/uploads\/2025\/07\/1752461484_Spania-strender-med-gylden-svart-hvit-og-rod-sand.jpg\",\"contentUrl\":\"https:\/\/nordnesrepublikken.no\/wp-content\/uploads\/2025\/07\/1752461484_Spania-strender-med-gylden-svart-hvit-og-rod-sand.jpg\",\"width\":1200,\"height\":800,\"caption\":\"Spania strender med gylden, svart, hvit og r\u00f8d sand\"},{\"@type\":\"BreadcrumbList\",\"@id\":\"https:\/\/nordnesrepublikken.no\/index.php\/2025\/07\/14\/spania-strender-med-gylden-svart-hvit-og-rod-sand\/#breadcrumb\",\"itemListElement\":[{\"@type\":\"ListItem\",\"position\":1,\"name\":\"Home\",\"item\":\"https:\/\/nordnesrepublikken.no\/\"},{\"@type\":\"ListItem\",\"position\":2,\"name\":\"Spania strender med gylden, svart, hvit og r\u00f8d sand\"}]},{\"@type\":\"WebSite\",\"@id\":\"https:\/\/nordnesrepublikken.no\/#website\",\"url\":\"https:\/\/nordnesrepublikken.no\/\",\"name\":\"Nordnesrepublikken\",\"description\":\"Stemmer og Visjoner fra Republikkens Hjerte\",\"publisher\":{\"@id\":\"https:\/\/nordnesrepublikken.no\/#organization\"},\"potentialAction\":[{\"@type\":\"SearchAction\",\"target\":{\"@type\":\"EntryPoint\",\"urlTemplate\":\"https:\/\/nordnesrepublikken.no\/?s={search_term_string}\"},\"query-input\":{\"@type\":\"PropertyValueSpecification\",\"valueRequired\":true,\"valueName\":\"search_term_string\"}}],\"inLanguage\":\"nb-NO\"},{\"@type\":\"Organization\",\"@id\":\"https:\/\/nordnesrepublikken.no\/#organization\",\"name\":\"Nordnesrepublikken\",\"url\":\"https:\/\/nordnesrepublikken.no\/\",\"logo\":{\"@type\":\"ImageObject\",\"inLanguage\":\"nb-NO\",\"@id\":\"https:\/\/nordnesrepublikken.no\/#\/schema\/logo\/image\/\",\"url\":\"https:\/\/nordnesrepublikken.no\/wp-content\/uploads\/2025\/02\/cropped-nordnesrepublikken-2.png\",\"contentUrl\":\"https:\/\/nordnesrepublikken.no\/wp-content\/uploads\/2025\/02\/cropped-nordnesrepublikken-2.png\",\"width\":1248,\"height\":362,\"caption\":\"Nordnesrepublikken\"},\"image\":{\"@id\":\"https:\/\/nordnesrepublikken.no\/#\/schema\/logo\/image\/\"}},{\"@type\":\"Person\",\"@id\":\"https:\/\/nordnesrepublikken.no\/#\/schema\/person\/2e7e81935bab77882fffb79296240ff1\",\"name\":\"Ole Andersen\",\"image\":{\"@type\":\"ImageObject\",\"inLanguage\":\"nb-NO\",\"@id\":\"https:\/\/nordnesrepublikken.no\/#\/schema\/person\/image\/\",\"url\":\"https:\/\/nordnesrepublikken.no\/wp-content\/uploads\/2025\/02\/nordnesrepublikken-2-2-150x150.jpg\",\"contentUrl\":\"https:\/\/nordnesrepublikken.no\/wp-content\/uploads\/2025\/02\/nordnesrepublikken-2-2-150x150.jpg\",\"caption\":\"Ole Andersen\"},\"description\":\"Ettersom jeg vokste opp i Oslo, har jeg alltid v\u00e6rt fascinert av ordenes kraft og deres evne til \u00e5 skape endringer. Etter \u00e5 ha fullf\u00f8rt min utdannelse i kommunikasjon ved Universitetet i Bergen, fikk jeg muligheten til \u00e5 jobbe innen ulike medier, der jeg har s\u00f8kt \u00e5 belyse viktige samfunnssp\u00f8rsm\u00e5l. I dag, som redakt\u00f8r for Nordnesrepublikken, pr\u00f8ver jeg \u00e5 forene min kj\u00e6rlighet for journalistikk med min lidenskap for innovasjon og eventyr.\",\"sameAs\":[\"https:\/\/nordnesrepublikken.no\/\"]}]}<\/script>\n<!-- \/ Yoast SEO plugin. -->","yoast_head_json":{"title":"Spania strender med gylden, svart, hvit og r\u00f8d sand - Nordnesrepublikken","robots":{"index":"index","follow":"follow","max-snippet":"max-snippet:-1","max-image-preview":"max-image-preview:large","max-video-preview":"max-video-preview:-1"},"canonical":"https:\/\/nordnesrepublikken.no\/index.php\/2025\/07\/14\/spania-strender-med-gylden-svart-hvit-og-rod-sand\/","og_locale":"nb_NO","og_type":"article","og_title":"Spania strender med gylden, svart, hvit og r\u00f8d sand - Nordnesrepublikken","og_description":"I Spania tilbyr strender et bredt utvalg av sand, med forskjellige farger og komposisjoner. Sand","og_url":"https:\/\/nordnesrepublikken.no\/index.php\/2025\/07\/14\/spania-strender-med-gylden-svart-hvit-og-rod-sand\/","og_site_name":"Nordnesrepublikken","article_published_time":"2025-07-14T02:51:24+00:00","article_modified_time":"2025-07-14T02:51:26+00:00","og_image":[{"width":1200,"height":800,"url":"https:\/\/nordnesrepublikken.no\/wp-content\/uploads\/2025\/07\/1752461484_Spania-strender-med-gylden-svart-hvit-og-rod-sand.jpg","type":"image\/jpeg"}],"author":"Ole Andersen","twitter_card":"summary_large_image","twitter_misc":{"Skrevet av":"Ole Andersen","Ansl. lesetid":"5 minutter"},"schema":{"@context":"https:\/\/schema.org","@graph":[{"@type":"Article","@id":"https:\/\/nordnesrepublikken.no\/index.php\/2025\/07\/14\/spania-strender-med-gylden-svart-hvit-og-rod-sand\/#article","isPartOf":{"@id":"https:\/\/nordnesrepublikken.no\/index.php\/2025\/07\/14\/spania-strender-med-gylden-svart-hvit-og-rod-sand\/"},"author":{"name":"Ole Andersen","@id":"https:\/\/nordnesrepublikken.no\/#\/schema\/person\/2e7e81935bab77882fffb79296240ff1"},"headline":"Spania strender med gylden, svart, hvit og r\u00f8d sand","datePublished":"2025-07-14T02:51:24+00:00","dateModified":"2025-07-14T02:51:26+00:00","mainEntityOfPage":{"@id":"https:\/\/nordnesrepublikken.no\/index.php\/2025\/07\/14\/spania-strender-med-gylden-svart-hvit-og-rod-sand\/"},"wordCount":1040,"publisher":{"@id":"https:\/\/nordnesrepublikken.no\/#organization"},"image":{"@id":"https:\/\/nordnesrepublikken.no\/index.php\/2025\/07\/14\/spania-strender-med-gylden-svart-hvit-og-rod-sand\/#primaryimage"},"thumbnailUrl":"https:\/\/nordnesrepublikken.no\/wp-content\/uploads\/2025\/07\/1752461484_Spania-strender-med-gylden-svart-hvit-og-rod-sand.jpg","keywords":["gylden","hvit","med","Rod","Sand","Spania","strender","Svart"],"articleSection":["Livsstil"],"inLanguage":"nb-NO"},{"@type":"WebPage","@id":"https:\/\/nordnesrepublikken.no\/index.php\/2025\/07\/14\/spania-strender-med-gylden-svart-hvit-og-rod-sand\/","url":"https:\/\/nordnesrepublikken.no\/index.php\/2025\/07\/14\/spania-strender-med-gylden-svart-hvit-og-rod-sand\/","name":"Spania strender med gylden, svart, hvit og r\u00f8d sand - Nordnesrepublikken","isPartOf":{"@id":"https:\/\/nordnesrepublikken.no\/#website"},"primaryImageOfPage":{"@id":"https:\/\/nordnesrepublikken.no\/index.php\/2025\/07\/14\/spania-strender-med-gylden-svart-hvit-og-rod-sand\/#primaryimage"},"image":{"@id":"https:\/\/nordnesrepublikken.no\/index.php\/2025\/07\/14\/spania-strender-med-gylden-svart-hvit-og-rod-sand\/#primaryimage"},"thumbnailUrl":"https:\/\/nordnesrepublikken.no\/wp-content\/uploads\/2025\/07\/1752461484_Spania-strender-med-gylden-svart-hvit-og-rod-sand.jpg","datePublished":"2025-07-14T02:51:24+00:00","dateModified":"2025-07-14T02:51:26+00:00","breadcrumb":{"@id":"https:\/\/nordnesrepublikken.no\/index.php\/2025\/07\/14\/spania-strender-med-gylden-svart-hvit-og-rod-sand\/#breadcrumb"},"inLanguage":"nb-NO","potentialAction":[{"@type":"ReadAction","target":["https:\/\/nordnesrepublikken.no\/index.php\/2025\/07\/14\/spania-strender-med-gylden-svart-hvit-og-rod-sand\/"]}]},{"@type":"ImageObject","inLanguage":"nb-NO","@id":"https:\/\/nordnesrepublikken.no\/index.php\/2025\/07\/14\/spania-strender-med-gylden-svart-hvit-og-rod-sand\/#primaryimage","url":"https:\/\/nordnesrepublikken.no\/wp-content\/uploads\/2025\/07\/1752461484_Spania-strender-med-gylden-svart-hvit-og-rod-sand.jpg","contentUrl":"https:\/\/nordnesrepublikken.no\/wp-content\/uploads\/2025\/07\/1752461484_Spania-strender-med-gylden-svart-hvit-og-rod-sand.jpg","width":1200,"height":800,"caption":"Spania strender med gylden, svart, hvit og r\u00f8d sand"},{"@type":"BreadcrumbList","@id":"https:\/\/nordnesrepublikken.no\/index.php\/2025\/07\/14\/spania-strender-med-gylden-svart-hvit-og-rod-sand\/#breadcrumb","itemListElement":[{"@type":"ListItem","position":1,"name":"Home","item":"https:\/\/nordnesrepublikken.no\/"},{"@type":"ListItem","position":2,"name":"Spania strender med gylden, svart, hvit og r\u00f8d sand"}]},{"@type":"WebSite","@id":"https:\/\/nordnesrepublikken.no\/#website","url":"https:\/\/nordnesrepublikken.no\/","name":"Nordnesrepublikken","description":"Stemmer og Visjoner fra Republikkens Hjerte","publisher":{"@id":"https:\/\/nordnesrepublikken.no\/#organization"},"potentialAction":[{"@type":"SearchAction","target":{"@type":"EntryPoint","urlTemplate":"https:\/\/nordnesrepublikken.no\/?s={search_term_string}"},"query-input":{"@type":"PropertyValueSpecification","valueRequired":true,"valueName":"search_term_string"}}],"inLanguage":"nb-NO"},{"@type":"Organization","@id":"https:\/\/nordnesrepublikken.no\/#organization","name":"Nordnesrepublikken","url":"https:\/\/nordnesrepublikken.no\/","logo":{"@type":"ImageObject","inLanguage":"nb-NO","@id":"https:\/\/nordnesrepublikken.no\/#\/schema\/logo\/image\/","url":"https:\/\/nordnesrepublikken.no\/wp-content\/uploads\/2025\/02\/cropped-nordnesrepublikken-2.png","contentUrl":"https:\/\/nordnesrepublikken.no\/wp-content\/uploads\/2025\/02\/cropped-nordnesrepublikken-2.png","width":1248,"height":362,"caption":"Nordnesrepublikken"},"image":{"@id":"https:\/\/nordnesrepublikken.no\/#\/schema\/logo\/image\/"}},{"@type":"Person","@id":"https:\/\/nordnesrepublikken.no\/#\/schema\/person\/2e7e81935bab77882fffb79296240ff1","name":"Ole Andersen","image":{"@type":"ImageObject","inLanguage":"nb-NO","@id":"https:\/\/nordnesrepublikken.no\/#\/schema\/person\/image\/","url":"https:\/\/nordnesrepublikken.no\/wp-content\/uploads\/2025\/02\/nordnesrepublikken-2-2-150x150.jpg","contentUrl":"https:\/\/nordnesrepublikken.no\/wp-content\/uploads\/2025\/02\/nordnesrepublikken-2-2-150x150.jpg","caption":"Ole Andersen"},"description":"Ettersom jeg vokste opp i Oslo, har jeg alltid v\u00e6rt fascinert av ordenes kraft og deres evne til \u00e5 skape endringer. Etter \u00e5 ha fullf\u00f8rt min utdannelse i kommunikasjon ved Universitetet i Bergen, fikk jeg muligheten til \u00e5 jobbe innen ulike medier, der jeg har s\u00f8kt \u00e5 belyse viktige samfunnssp\u00f8rsm\u00e5l. I dag, som redakt\u00f8r for Nordnesrepublikken, pr\u00f8ver jeg \u00e5 forene min kj\u00e6rlighet for journalistikk med min lidenskap for innovasjon og eventyr.","sameAs":["https:\/\/nordnesrepublikken.no\/"]}]}},"_links":{"self":[{"href":"https:\/\/nordnesrepublikken.no\/index.php\/wp-json\/wp\/v2\/posts\/6960","targetHints":{"allow":["GET"]}}],"collection":[{"href":"https:\/\/nordnesrepublikken.no\/index.php\/wp-json\/wp\/v2\/posts"}],"about":[{"href":"https:\/\/nordnesrepublikken.no\/index.php\/wp-json\/wp\/v2\/types\/post"}],"author":[{"embeddable":true,"href":"https:\/\/nordnesrepublikken.no\/index.php\/wp-json\/wp\/v2\/users\/1"}],"replies":[{"embeddable":true,"href":"https:\/\/nordnesrepublikken.no\/index.php\/wp-json\/wp\/v2\/comments?post=6960"}],"version-history":[{"count":1,"href":"https:\/\/nordnesrepublikken.no\/index.php\/wp-json\/wp\/v2\/posts\/6960\/revisions"}],"predecessor-version":[{"id":6962,"href":"https:\/\/nordnesrepublikken.no\/index.php\/wp-json\/wp\/v2\/posts\/6960\/revisions\/6962"}],"wp:featuredmedia":[{"embeddable":true,"href":"https:\/\/nordnesrepublikken.no\/index.php\/wp-json\/wp\/v2\/media\/6961"}],"wp:attachment":[{"href":"https:\/\/nordnesrepublikken.no\/index.php\/wp-json\/wp\/v2\/media?parent=6960"}],"wp:term":[{"taxonomy":"category","embeddable":true,"href":"https:\/\/nordnesrepublikken.no\/index.php\/wp-json\/wp\/v2\/categories?post=6960"},{"taxonomy":"post_tag","embeddable":true,"href":"https:\/\/nordnesrepublikken.no\/index.php\/wp-json\/wp\/v2\/tags?post=6960"}],"curies":[{"name":"wp","href":"https:\/\/api.w.org\/{rel}","templated":true}]}}