{"id":6951,"date":"2025-07-13T21:49:46","date_gmt":"2025-07-13T19:49:46","guid":{"rendered":"https:\/\/nordnesrepublikken.no\/index.php\/2025\/07\/13\/flyreiser-kansellerte-pa-southend-airport-pa-grunn-av-flyulykke\/"},"modified":"2025-07-13T21:49:51","modified_gmt":"2025-07-13T19:49:51","slug":"flyreiser-kansellerte-pa-southend-airport-pa-grunn-av-flyulykke","status":"publish","type":"post","link":"https:\/\/nordnesrepublikken.no\/index.php\/2025\/07\/13\/flyreiser-kansellerte-pa-southend-airport-pa-grunn-av-flyulykke\/","title":{"rendered":"Flyreiser kansellerte p\u00e5 Southend Airport p\u00e5 grunn av flyulykke"},"content":{"rendered":"<p><\/p>\n<div class=\"wordpress-content\">\n                    <!-- Article Start --><\/p>\n<p><strong>Et lite fly styrtet og tok fyr p\u00e5 London Southend flyplass kort tid f\u00f8r 16:00 s\u00f8ndag 13. juli, noe som f\u00f8rte til en stor beredskap og evakuering av n\u00e6rliggende fasiliteter.<\/strong><\/p>\n<p>If\u00f8lge Essex-politiet ble offiserer varslet om rapporter om et 12-meter fly i brann p\u00e5 flyplassen i Southend-on-Sea. &laquo;Vi jobber med alle n\u00f8detater p\u00e5 \u00e5stedet n\u00e5, og det arbeidet vil p\u00e5g\u00e5 i flere timer,&raquo; sa en talsperson for politiet og oppfordret publikum til \u00e5 unng\u00e5 omr\u00e5det (<em>BBC<\/em>).<\/p>\n<p>Essex County Fire and Rescue Service bekreftet at den ble kalt til \u00e5stedet klokka 15:58, med mannskaper fra Southend, Rayleigh Weir, Basildon, Billericay og Chelmsford deltok. &laquo;Vi fortsetter \u00e5 jobbe p\u00e5 \u00e5stedet med v\u00e5re n\u00f8detater og luftfartspartnere,&raquo; sa en talsperson for brannvesenet (<em>BBC<\/em>).<\/p>\n<div class=\"sra_unit\"><link rel=\"stylesheet\" id=\"block-sra\" href=\"https:\/\/euroweeklynews.com\/wp-content\/plugins\/snack-related-articles\/dist\/css\/snack-related.min.css?250312-193541\" type=\"text\/css\" media=\"all\">\n<\/div>\n<p>East of England Ambulance Service satte ut fire mannskaper, inkludert et raskt responskj\u00f8ret\u00f8y, et reaksjon av farlig omr\u00e5de og en senior paramediker.<\/p>\n<p>P\u00e5 grunn av flybrannens n\u00e6rhet evakuerte politiet Rochford Hundred Golf Club og Westcliff Rugby Club som en forholdsregel.<\/p>\n<p>Flyreiser til Alicante, Faro og Palma de Mallorca fra Southend Airport er avlyst, if\u00f8lge et passasjerbilde som ble delt til <em>BBC<\/em>.<\/p>\n<p>Lokale politikere erkjente alvoret i situasjonen p\u00e5 sosiale medier. David Burton-Sampson, Labour-parlamentsmedlem for Southend West og Leigh, postet p\u00e5 X, &laquo;Jeg er klar over en hendelse p\u00e5 Southend Airport. Hold deg unna og la n\u00f8detatene gj\u00f8re sitt arbeid. Mine tanker er med alle involverte.&raquo;<\/p>\n<p>Matt Dent, kabinettmedlem for n\u00e6ringsliv, kultur, musikk og turisme ved Southend City Council, postet: &laquo;Jeg er klar over den live seri\u00f8se hendelsen som p\u00e5g\u00e5r p\u00e5 London Southend Airport. For tiden er alt jeg vet at et lite fly har krasjet p\u00e5 flyplassen. Mine tanker er med alle de involverte, og med n\u00f8detatene som for \u00f8yeblikket reagerer p\u00e5 hendelsen.&raquo;<\/p>\n<h2><strong>Southend Airport Plane Crash \u00c5rsak for \u00f8yeblikket ukjent<\/strong><\/h2>\n<p>\u00c5rsaken til krasjet er ikke blitt avsl\u00f8rt, og det er enn\u00e5 ikke noe offisielt ord om skader eller omkomne.<\/p>\n<p>Se alle nyheter fra Storbritannia.<\/p>\n<p>                    <!-- Article End --><\/p><\/div>\n","protected":false},"excerpt":{"rendered":"<p>Et lite fly styrtet og tok fyr p\u00e5 London Southend flyplass kort tid f\u00f8r 16:00<\/p>\n","protected":false},"author":1,"featured_media":6952,"comment_status":"closed","ping_status":"open","sticky":false,"template":"","format":"standard","meta":{"footnotes":""},"categories":[105],"tags":[2668,805,4508,576,3672,81,4507],"class_list":["post-6951","post","type-post","status-publish","format-standard","has-post-thumbnail","hentry","category-livsstil","tag-airport","tag-flyreiser","tag-flyulykke","tag-grunn","tag-kansellerte","tag-pa","tag-southend","generate-columns","tablet-grid-50","mobile-grid-100","grid-parent","grid-33","resize-featured-image"],"yoast_head":"<!-- This site is optimized with the Yoast SEO plugin v24.4 - https:\/\/yoast.com\/wordpress\/plugins\/seo\/ -->\n<title>Flyreiser kansellerte p\u00e5 Southend Airport p\u00e5 grunn av flyulykke - Nordnesrepublikken<\/title>\n<meta name=\"robots\" content=\"index, follow, max-snippet:-1, max-image-preview:large, max-video-preview:-1\" \/>\n<link rel=\"canonical\" href=\"https:\/\/nordnesrepublikken.no\/index.php\/2025\/07\/13\/flyreiser-kansellerte-pa-southend-airport-pa-grunn-av-flyulykke\/\" \/>\n<meta property=\"og:locale\" content=\"nb_NO\" \/>\n<meta property=\"og:type\" content=\"article\" \/>\n<meta property=\"og:title\" content=\"Flyreiser kansellerte p\u00e5 Southend Airport p\u00e5 grunn av flyulykke - Nordnesrepublikken\" \/>\n<meta property=\"og:description\" content=\"Et lite fly styrtet og tok fyr p\u00e5 London Southend flyplass kort tid f\u00f8r 16:00\" \/>\n<meta property=\"og:url\" content=\"https:\/\/nordnesrepublikken.no\/index.php\/2025\/07\/13\/flyreiser-kansellerte-pa-southend-airport-pa-grunn-av-flyulykke\/\" \/>\n<meta property=\"og:site_name\" content=\"Nordnesrepublikken\" \/>\n<meta property=\"article:published_time\" content=\"2025-07-13T19:49:46+00:00\" \/>\n<meta property=\"article:modified_time\" content=\"2025-07-13T19:49:51+00:00\" \/>\n<meta property=\"og:image\" content=\"https:\/\/nordnesrepublikken.no\/wp-content\/uploads\/2025\/07\/1752436186_Flyreiser-kansellerte-pa-Southend-Airport-pa-grunn-av-flyulykke.png\" \/>\n\t<meta property=\"og:image:width\" content=\"1200\" \/>\n\t<meta property=\"og:image:height\" content=\"1012\" \/>\n\t<meta property=\"og:image:type\" content=\"image\/png\" \/>\n<meta name=\"author\" content=\"Ole Andersen\" \/>\n<meta name=\"twitter:card\" content=\"summary_large_image\" \/>\n<meta name=\"twitter:label1\" content=\"Skrevet av\" \/>\n\t<meta name=\"twitter:data1\" content=\"Ole Andersen\" \/>\n\t<meta name=\"twitter:label2\" content=\"Ansl. lesetid\" \/>\n\t<meta name=\"twitter:data2\" content=\"2 minutter\" \/>\n<script type=\"application\/ld+json\" class=\"yoast-schema-graph\">{\"@context\":\"https:\/\/schema.org\",\"@graph\":[{\"@type\":\"Article\",\"@id\":\"https:\/\/nordnesrepublikken.no\/index.php\/2025\/07\/13\/flyreiser-kansellerte-pa-southend-airport-pa-grunn-av-flyulykke\/#article\",\"isPartOf\":{\"@id\":\"https:\/\/nordnesrepublikken.no\/index.php\/2025\/07\/13\/flyreiser-kansellerte-pa-southend-airport-pa-grunn-av-flyulykke\/\"},\"author\":{\"name\":\"Ole Andersen\",\"@id\":\"https:\/\/nordnesrepublikken.no\/#\/schema\/person\/2e7e81935bab77882fffb79296240ff1\"},\"headline\":\"Flyreiser kansellerte p\u00e5 Southend Airport p\u00e5 grunn av flyulykke\",\"datePublished\":\"2025-07-13T19:49:46+00:00\",\"dateModified\":\"2025-07-13T19:49:51+00:00\",\"mainEntityOfPage\":{\"@id\":\"https:\/\/nordnesrepublikken.no\/index.php\/2025\/07\/13\/flyreiser-kansellerte-pa-southend-airport-pa-grunn-av-flyulykke\/\"},\"wordCount\":341,\"publisher\":{\"@id\":\"https:\/\/nordnesrepublikken.no\/#organization\"},\"image\":{\"@id\":\"https:\/\/nordnesrepublikken.no\/index.php\/2025\/07\/13\/flyreiser-kansellerte-pa-southend-airport-pa-grunn-av-flyulykke\/#primaryimage\"},\"thumbnailUrl\":\"https:\/\/nordnesrepublikken.no\/wp-content\/uploads\/2025\/07\/1752436186_Flyreiser-kansellerte-pa-Southend-Airport-pa-grunn-av-flyulykke.png\",\"keywords\":[\"Airport\",\"flyreiser\",\"flyulykke\",\"grunn\",\"kansellerte\",\"p\u00e5\",\"Southend\"],\"articleSection\":[\"Livsstil\"],\"inLanguage\":\"nb-NO\"},{\"@type\":\"WebPage\",\"@id\":\"https:\/\/nordnesrepublikken.no\/index.php\/2025\/07\/13\/flyreiser-kansellerte-pa-southend-airport-pa-grunn-av-flyulykke\/\",\"url\":\"https:\/\/nordnesrepublikken.no\/index.php\/2025\/07\/13\/flyreiser-kansellerte-pa-southend-airport-pa-grunn-av-flyulykke\/\",\"name\":\"Flyreiser kansellerte p\u00e5 Southend Airport p\u00e5 grunn av flyulykke - Nordnesrepublikken\",\"isPartOf\":{\"@id\":\"https:\/\/nordnesrepublikken.no\/#website\"},\"primaryImageOfPage\":{\"@id\":\"https:\/\/nordnesrepublikken.no\/index.php\/2025\/07\/13\/flyreiser-kansellerte-pa-southend-airport-pa-grunn-av-flyulykke\/#primaryimage\"},\"image\":{\"@id\":\"https:\/\/nordnesrepublikken.no\/index.php\/2025\/07\/13\/flyreiser-kansellerte-pa-southend-airport-pa-grunn-av-flyulykke\/#primaryimage\"},\"thumbnailUrl\":\"https:\/\/nordnesrepublikken.no\/wp-content\/uploads\/2025\/07\/1752436186_Flyreiser-kansellerte-pa-Southend-Airport-pa-grunn-av-flyulykke.png\",\"datePublished\":\"2025-07-13T19:49:46+00:00\",\"dateModified\":\"2025-07-13T19:49:51+00:00\",\"breadcrumb\":{\"@id\":\"https:\/\/nordnesrepublikken.no\/index.php\/2025\/07\/13\/flyreiser-kansellerte-pa-southend-airport-pa-grunn-av-flyulykke\/#breadcrumb\"},\"inLanguage\":\"nb-NO\",\"potentialAction\":[{\"@type\":\"ReadAction\",\"target\":[\"https:\/\/nordnesrepublikken.no\/index.php\/2025\/07\/13\/flyreiser-kansellerte-pa-southend-airport-pa-grunn-av-flyulykke\/\"]}]},{\"@type\":\"ImageObject\",\"inLanguage\":\"nb-NO\",\"@id\":\"https:\/\/nordnesrepublikken.no\/index.php\/2025\/07\/13\/flyreiser-kansellerte-pa-southend-airport-pa-grunn-av-flyulykke\/#primaryimage\",\"url\":\"https:\/\/nordnesrepublikken.no\/wp-content\/uploads\/2025\/07\/1752436186_Flyreiser-kansellerte-pa-Southend-Airport-pa-grunn-av-flyulykke.png\",\"contentUrl\":\"https:\/\/nordnesrepublikken.no\/wp-content\/uploads\/2025\/07\/1752436186_Flyreiser-kansellerte-pa-Southend-Airport-pa-grunn-av-flyulykke.png\",\"width\":1200,\"height\":1012,\"caption\":\"Flyreiser kansellerte p\u00e5 Southend Airport p\u00e5 grunn av flyulykke\"},{\"@type\":\"BreadcrumbList\",\"@id\":\"https:\/\/nordnesrepublikken.no\/index.php\/2025\/07\/13\/flyreiser-kansellerte-pa-southend-airport-pa-grunn-av-flyulykke\/#breadcrumb\",\"itemListElement\":[{\"@type\":\"ListItem\",\"position\":1,\"name\":\"Home\",\"item\":\"https:\/\/nordnesrepublikken.no\/\"},{\"@type\":\"ListItem\",\"position\":2,\"name\":\"Flyreiser kansellerte p\u00e5 Southend Airport p\u00e5 grunn av flyulykke\"}]},{\"@type\":\"WebSite\",\"@id\":\"https:\/\/nordnesrepublikken.no\/#website\",\"url\":\"https:\/\/nordnesrepublikken.no\/\",\"name\":\"Nordnesrepublikken\",\"description\":\"Stemmer og Visjoner fra Republikkens Hjerte\",\"publisher\":{\"@id\":\"https:\/\/nordnesrepublikken.no\/#organization\"},\"potentialAction\":[{\"@type\":\"SearchAction\",\"target\":{\"@type\":\"EntryPoint\",\"urlTemplate\":\"https:\/\/nordnesrepublikken.no\/?s={search_term_string}\"},\"query-input\":{\"@type\":\"PropertyValueSpecification\",\"valueRequired\":true,\"valueName\":\"search_term_string\"}}],\"inLanguage\":\"nb-NO\"},{\"@type\":\"Organization\",\"@id\":\"https:\/\/nordnesrepublikken.no\/#organization\",\"name\":\"Nordnesrepublikken\",\"url\":\"https:\/\/nordnesrepublikken.no\/\",\"logo\":{\"@type\":\"ImageObject\",\"inLanguage\":\"nb-NO\",\"@id\":\"https:\/\/nordnesrepublikken.no\/#\/schema\/logo\/image\/\",\"url\":\"https:\/\/nordnesrepublikken.no\/wp-content\/uploads\/2025\/02\/cropped-nordnesrepublikken-2.png\",\"contentUrl\":\"https:\/\/nordnesrepublikken.no\/wp-content\/uploads\/2025\/02\/cropped-nordnesrepublikken-2.png\",\"width\":1248,\"height\":362,\"caption\":\"Nordnesrepublikken\"},\"image\":{\"@id\":\"https:\/\/nordnesrepublikken.no\/#\/schema\/logo\/image\/\"}},{\"@type\":\"Person\",\"@id\":\"https:\/\/nordnesrepublikken.no\/#\/schema\/person\/2e7e81935bab77882fffb79296240ff1\",\"name\":\"Ole Andersen\",\"image\":{\"@type\":\"ImageObject\",\"inLanguage\":\"nb-NO\",\"@id\":\"https:\/\/nordnesrepublikken.no\/#\/schema\/person\/image\/\",\"url\":\"https:\/\/nordnesrepublikken.no\/wp-content\/uploads\/2025\/02\/nordnesrepublikken-2-2-150x150.jpg\",\"contentUrl\":\"https:\/\/nordnesrepublikken.no\/wp-content\/uploads\/2025\/02\/nordnesrepublikken-2-2-150x150.jpg\",\"caption\":\"Ole Andersen\"},\"description\":\"Ettersom jeg vokste opp i Oslo, har jeg alltid v\u00e6rt fascinert av ordenes kraft og deres evne til \u00e5 skape endringer. Etter \u00e5 ha fullf\u00f8rt min utdannelse i kommunikasjon ved Universitetet i Bergen, fikk jeg muligheten til \u00e5 jobbe innen ulike medier, der jeg har s\u00f8kt \u00e5 belyse viktige samfunnssp\u00f8rsm\u00e5l. I dag, som redakt\u00f8r for Nordnesrepublikken, pr\u00f8ver jeg \u00e5 forene min kj\u00e6rlighet for journalistikk med min lidenskap for innovasjon og eventyr.\",\"sameAs\":[\"https:\/\/nordnesrepublikken.no\/\"]}]}<\/script>\n<!-- \/ Yoast SEO plugin. -->","yoast_head_json":{"title":"Flyreiser kansellerte p\u00e5 Southend Airport p\u00e5 grunn av flyulykke - Nordnesrepublikken","robots":{"index":"index","follow":"follow","max-snippet":"max-snippet:-1","max-image-preview":"max-image-preview:large","max-video-preview":"max-video-preview:-1"},"canonical":"https:\/\/nordnesrepublikken.no\/index.php\/2025\/07\/13\/flyreiser-kansellerte-pa-southend-airport-pa-grunn-av-flyulykke\/","og_locale":"nb_NO","og_type":"article","og_title":"Flyreiser kansellerte p\u00e5 Southend Airport p\u00e5 grunn av flyulykke - Nordnesrepublikken","og_description":"Et lite fly styrtet og tok fyr p\u00e5 London Southend flyplass kort tid f\u00f8r 16:00","og_url":"https:\/\/nordnesrepublikken.no\/index.php\/2025\/07\/13\/flyreiser-kansellerte-pa-southend-airport-pa-grunn-av-flyulykke\/","og_site_name":"Nordnesrepublikken","article_published_time":"2025-07-13T19:49:46+00:00","article_modified_time":"2025-07-13T19:49:51+00:00","og_image":[{"width":1200,"height":1012,"url":"https:\/\/nordnesrepublikken.no\/wp-content\/uploads\/2025\/07\/1752436186_Flyreiser-kansellerte-pa-Southend-Airport-pa-grunn-av-flyulykke.png","type":"image\/png"}],"author":"Ole Andersen","twitter_card":"summary_large_image","twitter_misc":{"Skrevet av":"Ole Andersen","Ansl. lesetid":"2 minutter"},"schema":{"@context":"https:\/\/schema.org","@graph":[{"@type":"Article","@id":"https:\/\/nordnesrepublikken.no\/index.php\/2025\/07\/13\/flyreiser-kansellerte-pa-southend-airport-pa-grunn-av-flyulykke\/#article","isPartOf":{"@id":"https:\/\/nordnesrepublikken.no\/index.php\/2025\/07\/13\/flyreiser-kansellerte-pa-southend-airport-pa-grunn-av-flyulykke\/"},"author":{"name":"Ole Andersen","@id":"https:\/\/nordnesrepublikken.no\/#\/schema\/person\/2e7e81935bab77882fffb79296240ff1"},"headline":"Flyreiser kansellerte p\u00e5 Southend Airport p\u00e5 grunn av flyulykke","datePublished":"2025-07-13T19:49:46+00:00","dateModified":"2025-07-13T19:49:51+00:00","mainEntityOfPage":{"@id":"https:\/\/nordnesrepublikken.no\/index.php\/2025\/07\/13\/flyreiser-kansellerte-pa-southend-airport-pa-grunn-av-flyulykke\/"},"wordCount":341,"publisher":{"@id":"https:\/\/nordnesrepublikken.no\/#organization"},"image":{"@id":"https:\/\/nordnesrepublikken.no\/index.php\/2025\/07\/13\/flyreiser-kansellerte-pa-southend-airport-pa-grunn-av-flyulykke\/#primaryimage"},"thumbnailUrl":"https:\/\/nordnesrepublikken.no\/wp-content\/uploads\/2025\/07\/1752436186_Flyreiser-kansellerte-pa-Southend-Airport-pa-grunn-av-flyulykke.png","keywords":["Airport","flyreiser","flyulykke","grunn","kansellerte","p\u00e5","Southend"],"articleSection":["Livsstil"],"inLanguage":"nb-NO"},{"@type":"WebPage","@id":"https:\/\/nordnesrepublikken.no\/index.php\/2025\/07\/13\/flyreiser-kansellerte-pa-southend-airport-pa-grunn-av-flyulykke\/","url":"https:\/\/nordnesrepublikken.no\/index.php\/2025\/07\/13\/flyreiser-kansellerte-pa-southend-airport-pa-grunn-av-flyulykke\/","name":"Flyreiser kansellerte p\u00e5 Southend Airport p\u00e5 grunn av flyulykke - Nordnesrepublikken","isPartOf":{"@id":"https:\/\/nordnesrepublikken.no\/#website"},"primaryImageOfPage":{"@id":"https:\/\/nordnesrepublikken.no\/index.php\/2025\/07\/13\/flyreiser-kansellerte-pa-southend-airport-pa-grunn-av-flyulykke\/#primaryimage"},"image":{"@id":"https:\/\/nordnesrepublikken.no\/index.php\/2025\/07\/13\/flyreiser-kansellerte-pa-southend-airport-pa-grunn-av-flyulykke\/#primaryimage"},"thumbnailUrl":"https:\/\/nordnesrepublikken.no\/wp-content\/uploads\/2025\/07\/1752436186_Flyreiser-kansellerte-pa-Southend-Airport-pa-grunn-av-flyulykke.png","datePublished":"2025-07-13T19:49:46+00:00","dateModified":"2025-07-13T19:49:51+00:00","breadcrumb":{"@id":"https:\/\/nordnesrepublikken.no\/index.php\/2025\/07\/13\/flyreiser-kansellerte-pa-southend-airport-pa-grunn-av-flyulykke\/#breadcrumb"},"inLanguage":"nb-NO","potentialAction":[{"@type":"ReadAction","target":["https:\/\/nordnesrepublikken.no\/index.php\/2025\/07\/13\/flyreiser-kansellerte-pa-southend-airport-pa-grunn-av-flyulykke\/"]}]},{"@type":"ImageObject","inLanguage":"nb-NO","@id":"https:\/\/nordnesrepublikken.no\/index.php\/2025\/07\/13\/flyreiser-kansellerte-pa-southend-airport-pa-grunn-av-flyulykke\/#primaryimage","url":"https:\/\/nordnesrepublikken.no\/wp-content\/uploads\/2025\/07\/1752436186_Flyreiser-kansellerte-pa-Southend-Airport-pa-grunn-av-flyulykke.png","contentUrl":"https:\/\/nordnesrepublikken.no\/wp-content\/uploads\/2025\/07\/1752436186_Flyreiser-kansellerte-pa-Southend-Airport-pa-grunn-av-flyulykke.png","width":1200,"height":1012,"caption":"Flyreiser kansellerte p\u00e5 Southend Airport p\u00e5 grunn av flyulykke"},{"@type":"BreadcrumbList","@id":"https:\/\/nordnesrepublikken.no\/index.php\/2025\/07\/13\/flyreiser-kansellerte-pa-southend-airport-pa-grunn-av-flyulykke\/#breadcrumb","itemListElement":[{"@type":"ListItem","position":1,"name":"Home","item":"https:\/\/nordnesrepublikken.no\/"},{"@type":"ListItem","position":2,"name":"Flyreiser kansellerte p\u00e5 Southend Airport p\u00e5 grunn av flyulykke"}]},{"@type":"WebSite","@id":"https:\/\/nordnesrepublikken.no\/#website","url":"https:\/\/nordnesrepublikken.no\/","name":"Nordnesrepublikken","description":"Stemmer og Visjoner fra Republikkens Hjerte","publisher":{"@id":"https:\/\/nordnesrepublikken.no\/#organization"},"potentialAction":[{"@type":"SearchAction","target":{"@type":"EntryPoint","urlTemplate":"https:\/\/nordnesrepublikken.no\/?s={search_term_string}"},"query-input":{"@type":"PropertyValueSpecification","valueRequired":true,"valueName":"search_term_string"}}],"inLanguage":"nb-NO"},{"@type":"Organization","@id":"https:\/\/nordnesrepublikken.no\/#organization","name":"Nordnesrepublikken","url":"https:\/\/nordnesrepublikken.no\/","logo":{"@type":"ImageObject","inLanguage":"nb-NO","@id":"https:\/\/nordnesrepublikken.no\/#\/schema\/logo\/image\/","url":"https:\/\/nordnesrepublikken.no\/wp-content\/uploads\/2025\/02\/cropped-nordnesrepublikken-2.png","contentUrl":"https:\/\/nordnesrepublikken.no\/wp-content\/uploads\/2025\/02\/cropped-nordnesrepublikken-2.png","width":1248,"height":362,"caption":"Nordnesrepublikken"},"image":{"@id":"https:\/\/nordnesrepublikken.no\/#\/schema\/logo\/image\/"}},{"@type":"Person","@id":"https:\/\/nordnesrepublikken.no\/#\/schema\/person\/2e7e81935bab77882fffb79296240ff1","name":"Ole Andersen","image":{"@type":"ImageObject","inLanguage":"nb-NO","@id":"https:\/\/nordnesrepublikken.no\/#\/schema\/person\/image\/","url":"https:\/\/nordnesrepublikken.no\/wp-content\/uploads\/2025\/02\/nordnesrepublikken-2-2-150x150.jpg","contentUrl":"https:\/\/nordnesrepublikken.no\/wp-content\/uploads\/2025\/02\/nordnesrepublikken-2-2-150x150.jpg","caption":"Ole Andersen"},"description":"Ettersom jeg vokste opp i Oslo, har jeg alltid v\u00e6rt fascinert av ordenes kraft og deres evne til \u00e5 skape endringer. Etter \u00e5 ha fullf\u00f8rt min utdannelse i kommunikasjon ved Universitetet i Bergen, fikk jeg muligheten til \u00e5 jobbe innen ulike medier, der jeg har s\u00f8kt \u00e5 belyse viktige samfunnssp\u00f8rsm\u00e5l. I dag, som redakt\u00f8r for Nordnesrepublikken, pr\u00f8ver jeg \u00e5 forene min kj\u00e6rlighet for journalistikk med min lidenskap for innovasjon og eventyr.","sameAs":["https:\/\/nordnesrepublikken.no\/"]}]}},"_links":{"self":[{"href":"https:\/\/nordnesrepublikken.no\/index.php\/wp-json\/wp\/v2\/posts\/6951","targetHints":{"allow":["GET"]}}],"collection":[{"href":"https:\/\/nordnesrepublikken.no\/index.php\/wp-json\/wp\/v2\/posts"}],"about":[{"href":"https:\/\/nordnesrepublikken.no\/index.php\/wp-json\/wp\/v2\/types\/post"}],"author":[{"embeddable":true,"href":"https:\/\/nordnesrepublikken.no\/index.php\/wp-json\/wp\/v2\/users\/1"}],"replies":[{"embeddable":true,"href":"https:\/\/nordnesrepublikken.no\/index.php\/wp-json\/wp\/v2\/comments?post=6951"}],"version-history":[{"count":1,"href":"https:\/\/nordnesrepublikken.no\/index.php\/wp-json\/wp\/v2\/posts\/6951\/revisions"}],"predecessor-version":[{"id":6953,"href":"https:\/\/nordnesrepublikken.no\/index.php\/wp-json\/wp\/v2\/posts\/6951\/revisions\/6953"}],"wp:featuredmedia":[{"embeddable":true,"href":"https:\/\/nordnesrepublikken.no\/index.php\/wp-json\/wp\/v2\/media\/6952"}],"wp:attachment":[{"href":"https:\/\/nordnesrepublikken.no\/index.php\/wp-json\/wp\/v2\/media?parent=6951"}],"wp:term":[{"taxonomy":"category","embeddable":true,"href":"https:\/\/nordnesrepublikken.no\/index.php\/wp-json\/wp\/v2\/categories?post=6951"},{"taxonomy":"post_tag","embeddable":true,"href":"https:\/\/nordnesrepublikken.no\/index.php\/wp-json\/wp\/v2\/tags?post=6951"}],"curies":[{"name":"wp","href":"https:\/\/api.w.org\/{rel}","templated":true}]}}