{"id":6948,"date":"2025-07-13T19:50:00","date_gmt":"2025-07-13T17:50:00","guid":{"rendered":"https:\/\/nordnesrepublikken.no\/index.php\/2025\/07\/13\/hull-pa-stranden-nar-kan-det-vaere-veldig-farlig\/"},"modified":"2025-07-13T19:50:03","modified_gmt":"2025-07-13T17:50:03","slug":"hull-pa-stranden-nar-kan-det-vaere-veldig-farlig","status":"publish","type":"post","link":"https:\/\/nordnesrepublikken.no\/index.php\/2025\/07\/13\/hull-pa-stranden-nar-kan-det-vaere-veldig-farlig\/","title":{"rendered":"Hull p\u00e5 stranden, n\u00e5r kan det v\u00e6re veldig farlig?"},"content":{"rendered":"<div>\n<div class=\"cp_wrapper cp_wrapper--fw mb-30 mb-20@tablet\">\n<figure class=\"mm\"><picture class=\"img\" style=\"padding-top:56.25%\"><source  media=\"(min-width: 1024px)\"><source  media=\"(min-width: 768px)\"><\/source><\/source><\/picture><\/figure>\n<\/p><\/div>\n<p><sub>DE<\/sub><sub>Riccardos tragedie var s\u00e5 forferdelig da han absurde. <\/sub><sub>Det er vanskelig \u00e5 akseptere at en 17 \u00e5r gammel gutt, p\u00e5 ferie med familien, har mistet livet mens han gravde et hull p\u00e5 stranden. <\/sub><sub>Et spill, et \u00f8yeblikk av frihet, som vi alle har levd som barn. Likevel gikk noe galt.  <\/sub><\/p>\n<p><sub>Jeg skriver til deg av to grunner. Den f\u00f8rste er \u00e5 sensibilisere: \u00e5 gj\u00f8re det klart at ulykker som den som skjedde med Riccardo, uansett sjelden, virkelig kan skje og vite at mekanismene som gj\u00f8r dem mulig, er det f\u00f8rste trinnet for \u00e5 unng\u00e5 dem. <\/sub><sub>Den andre grunnen er ikke \u00e5 demonisere. \u00c5 grave hull p\u00e5 stranden er noe vi har gjort alle, som barn og voksne. Det er et spill, en instinktiv og uskyldig gest som er en del av skj\u00f8nnheten i sommeren. <\/sub><sub>Vi m\u00e5 ikke slutte \u00e5 gj\u00f8re det etter min mening, men vi kan gj\u00f8re det med litt mer bevissthet. <\/sub><\/p>\n<p><sub>Som person, men fremfor alt fra far, g\u00e5r min f\u00f8rste tanke til foreldrene hans, Riccardos familie og hans kj\u00e6re \ud83d\udc9b.<\/sub><\/p>\n<h3><sub>Hva skjedde, dynamikken<\/sub><\/h3>\n<p><sub>Det skjedde i Montalo di Castro, p\u00e5 Lazio -kysten. Riccardo, sammen med br\u00f8drene, gravde et hull p\u00e5 sanden, omtrent halvannen meter dyp, og transformerte det deretter til en liten tunnel der han skled. P\u00e5 det tidspunktet solgte sanden plutselig. Uten st\u00f8y. Uten tydelige tegn. <\/sub><sub>Da familiemedlemmer inns\u00e5 at det ikke var lenger, var det allerede for sent: sanden hadde begravet den fullstendig. <\/sub><sub>De tok omtrent 40 minutter \u00e5 finne den. For mye tid. Til tross for redningsfors\u00f8kene, gjorde Riccardo ikke det. <\/sub><sub>En smerte som bryter pusten, som etterlater alle m\u00e5ll\u00f8se og som krever oss minst en ting: \u00e5 forst\u00e5, for \u00e5 forhindre at det skjer igjen.<\/sub><\/p>\n<h3><sub>Er det virkelig farlig \u00e5 grave i sanden?<\/sub><\/h3>\n<p><sub>Stranden er et sted for lek, frihet, letthjerthet. Men som ofte skjer, kan selv de enkleste tingene skjule risikoer hvis de ikke er kjent til slutt. <\/sub><sub>Det er ikke selve sanden som er farlig. Dette er blitt forholdene der det blir gravd ut i, spesielt n\u00e5r du synker i dybden eller tunneler.<\/sub><\/p>\n<h3><sub>Hvorfor kan et hull bli d\u00f8delig?<\/sub><\/h3>\n<p><sub>Sanden er ustabil av natur. I geologi kalles det det smeltede sedimentet, det vil si at kornene ikke blir sementert med hverandre; Det er ingen samhold. N\u00e5r du graver et dypt hull, og enda mer en tunnel, gir veggene plutselig. <\/sub><sub>Hvis du graver et hull til du kommer til vannet og venter noen minutter, vil du legge merke til hvordan veggene kollapser p\u00e5 egen h\u00e5nd. Sand kommer tilbake for \u00e5 fylle tomrommet, det er dets natur. Og i spesielle forhold kan det bli til en felle. <\/sub><sub>Vekten p\u00e5 sanden er enorm: selv om bare en halv kubikkmeter kan overstige 700-800 kg. Hvis en person blir begravet, selv om det bare delvis ikke kan bevege seg, og hvis ansiktet er dekket, er risikoen for kvelning \u00f8yeblikkelig.<\/sub><\/p>\n<h3><sub>Tunneler: Den st\u00f8rste faren<\/sub><\/h3>\n<p><sub>Tunneler er de mest ustabile strukturer som kan skapes i sanden. <\/sub><sub>De har ingen st\u00f8tter, de gir ingen varsel. Og nettopp fordi de inviterer deg til \u00e5 g\u00e5 inn i det, er de spesielt farlige for barn og ten\u00e5ringer. <\/sub><sub>I USA viste en studie at mellom 1990 og 2006 d\u00f8de flere mennesker av hull kollapser p\u00e5 stranden enn for haiangrep.<\/sub><\/p>\n<h3><sub>S\u00e5 vi m\u00e5 forby grave p\u00e5 stranden?<\/sub><\/h3>\n<p><sub>Nei. Vi trenger ikke slutte \u00e5 spille. Vi m\u00e5 bare gj\u00f8re det med bevissthet. <\/sub><sub>Det grunne hullet, synlig og gjort for moro skyld representerer ikke en risiko. Bare noen f\u00e5 triks er n\u00f8dvendig: Unng\u00e5 tunneler og dype utgravninger, ikke la v\u00e6re \u00e5pent hull uten tilsyn (de m\u00e5 alltid v\u00e6re stengt), overv\u00e5ke barn mens de leker, legg deg aldri ned i trange utgravninger eller under sandniv\u00e5et.<\/sub><\/p>\n<h3><sub>Avslutningsvis<\/sub><\/h3>\n<p><sub>Riccardo trengte ikke \u00e5 d\u00f8. Ingen forventer \u00e5 miste livet p\u00e5 et feriested, for en s\u00e5 daglig og uskyldig gest. <\/sub><sub>Og det er derfor vi snakker om det i dag. <\/sub><sub>Ikke for \u00e5 gj\u00f8re alarmisme. Ikke \u00e5 peke fingeren. Men \u00e5 gj\u00f8re det vi kan gj\u00f8re: forst\u00e5, informere, forhindre. <\/sub><sub>Fordi tragedier ikke gjentar seg. <\/sub><sub>Fordi neste gang vi ser noen grave en tunnel p\u00e5 stranden, vil vi kunne si et ord, forklare risikoen. Han kan gj\u00f8re en forskjell. <\/sub><\/p>\n<\/p><\/div>\n","protected":false},"excerpt":{"rendered":"<p>DERiccardos tragedie var s\u00e5 forferdelig da han absurde. Det er vanskelig \u00e5 akseptere at en<\/p>\n","protected":false},"author":1,"featured_media":6949,"comment_status":"closed","ping_status":"open","sticky":false,"template":"","format":"standard","meta":{"footnotes":""},"categories":[26],"tags":[66,400,952,339,16,81,2260,290,4059],"class_list":["post-6948","post","type-post","status-publish","format-standard","has-post-thumbnail","hentry","category-miljo","tag-det","tag-farlig","tag-hull","tag-kan","tag-nar","tag-pa","tag-stranden","tag-vaere","tag-veldig","generate-columns","tablet-grid-50","mobile-grid-100","grid-parent","grid-33","resize-featured-image"],"yoast_head":"<!-- This site is optimized with the Yoast SEO plugin v24.4 - https:\/\/yoast.com\/wordpress\/plugins\/seo\/ -->\n<title>Hull p\u00e5 stranden, n\u00e5r kan det v\u00e6re veldig farlig? - Nordnesrepublikken<\/title>\n<meta name=\"robots\" content=\"index, follow, max-snippet:-1, max-image-preview:large, max-video-preview:-1\" \/>\n<link rel=\"canonical\" href=\"https:\/\/nordnesrepublikken.no\/index.php\/2025\/07\/13\/hull-pa-stranden-nar-kan-det-vaere-veldig-farlig\/\" \/>\n<meta property=\"og:locale\" content=\"nb_NO\" \/>\n<meta property=\"og:type\" content=\"article\" \/>\n<meta property=\"og:title\" content=\"Hull p\u00e5 stranden, n\u00e5r kan det v\u00e6re veldig farlig? - Nordnesrepublikken\" \/>\n<meta property=\"og:description\" content=\"DERiccardos tragedie var s\u00e5 forferdelig da han absurde. Det er vanskelig \u00e5 akseptere at en\" \/>\n<meta property=\"og:url\" content=\"https:\/\/nordnesrepublikken.no\/index.php\/2025\/07\/13\/hull-pa-stranden-nar-kan-det-vaere-veldig-farlig\/\" \/>\n<meta property=\"og:site_name\" content=\"Nordnesrepublikken\" \/>\n<meta property=\"article:published_time\" content=\"2025-07-13T17:50:00+00:00\" \/>\n<meta property=\"article:modified_time\" content=\"2025-07-13T17:50:03+00:00\" \/>\n<meta property=\"og:image\" content=\"https:\/\/nordnesrepublikken.no\/wp-content\/uploads\/2025\/07\/1752429001_Hull-pa-stranden-nar-kan-det-vaere-veldig-farlig.jpg\" \/>\n\t<meta property=\"og:image:width\" content=\"1024\" \/>\n\t<meta property=\"og:image:height\" content=\"1536\" \/>\n\t<meta property=\"og:image:type\" content=\"image\/jpeg\" \/>\n<meta name=\"author\" content=\"Ole Andersen\" \/>\n<meta name=\"twitter:card\" content=\"summary_large_image\" \/>\n<meta name=\"twitter:label1\" content=\"Skrevet av\" \/>\n\t<meta name=\"twitter:data1\" content=\"Ole Andersen\" \/>\n\t<meta name=\"twitter:label2\" content=\"Ansl. lesetid\" \/>\n\t<meta name=\"twitter:data2\" content=\"3 minutter\" \/>\n<script type=\"application\/ld+json\" class=\"yoast-schema-graph\">{\"@context\":\"https:\/\/schema.org\",\"@graph\":[{\"@type\":\"Article\",\"@id\":\"https:\/\/nordnesrepublikken.no\/index.php\/2025\/07\/13\/hull-pa-stranden-nar-kan-det-vaere-veldig-farlig\/#article\",\"isPartOf\":{\"@id\":\"https:\/\/nordnesrepublikken.no\/index.php\/2025\/07\/13\/hull-pa-stranden-nar-kan-det-vaere-veldig-farlig\/\"},\"author\":{\"name\":\"Ole Andersen\",\"@id\":\"https:\/\/nordnesrepublikken.no\/#\/schema\/person\/2e7e81935bab77882fffb79296240ff1\"},\"headline\":\"Hull p\u00e5 stranden, n\u00e5r kan det v\u00e6re veldig farlig?\",\"datePublished\":\"2025-07-13T17:50:00+00:00\",\"dateModified\":\"2025-07-13T17:50:03+00:00\",\"mainEntityOfPage\":{\"@id\":\"https:\/\/nordnesrepublikken.no\/index.php\/2025\/07\/13\/hull-pa-stranden-nar-kan-det-vaere-veldig-farlig\/\"},\"wordCount\":709,\"publisher\":{\"@id\":\"https:\/\/nordnesrepublikken.no\/#organization\"},\"image\":{\"@id\":\"https:\/\/nordnesrepublikken.no\/index.php\/2025\/07\/13\/hull-pa-stranden-nar-kan-det-vaere-veldig-farlig\/#primaryimage\"},\"thumbnailUrl\":\"https:\/\/nordnesrepublikken.no\/wp-content\/uploads\/2025\/07\/1752429001_Hull-pa-stranden-nar-kan-det-vaere-veldig-farlig.jpg\",\"keywords\":[\"Det\",\"farlig\",\"hull\",\"kan\",\"n\u00e5r\",\"p\u00e5\",\"stranden\",\"v\u00e6re\",\"veldig\"],\"articleSection\":[\"Milj\u00f8\"],\"inLanguage\":\"nb-NO\"},{\"@type\":\"WebPage\",\"@id\":\"https:\/\/nordnesrepublikken.no\/index.php\/2025\/07\/13\/hull-pa-stranden-nar-kan-det-vaere-veldig-farlig\/\",\"url\":\"https:\/\/nordnesrepublikken.no\/index.php\/2025\/07\/13\/hull-pa-stranden-nar-kan-det-vaere-veldig-farlig\/\",\"name\":\"Hull p\u00e5 stranden, n\u00e5r kan det v\u00e6re veldig farlig? - Nordnesrepublikken\",\"isPartOf\":{\"@id\":\"https:\/\/nordnesrepublikken.no\/#website\"},\"primaryImageOfPage\":{\"@id\":\"https:\/\/nordnesrepublikken.no\/index.php\/2025\/07\/13\/hull-pa-stranden-nar-kan-det-vaere-veldig-farlig\/#primaryimage\"},\"image\":{\"@id\":\"https:\/\/nordnesrepublikken.no\/index.php\/2025\/07\/13\/hull-pa-stranden-nar-kan-det-vaere-veldig-farlig\/#primaryimage\"},\"thumbnailUrl\":\"https:\/\/nordnesrepublikken.no\/wp-content\/uploads\/2025\/07\/1752429001_Hull-pa-stranden-nar-kan-det-vaere-veldig-farlig.jpg\",\"datePublished\":\"2025-07-13T17:50:00+00:00\",\"dateModified\":\"2025-07-13T17:50:03+00:00\",\"breadcrumb\":{\"@id\":\"https:\/\/nordnesrepublikken.no\/index.php\/2025\/07\/13\/hull-pa-stranden-nar-kan-det-vaere-veldig-farlig\/#breadcrumb\"},\"inLanguage\":\"nb-NO\",\"potentialAction\":[{\"@type\":\"ReadAction\",\"target\":[\"https:\/\/nordnesrepublikken.no\/index.php\/2025\/07\/13\/hull-pa-stranden-nar-kan-det-vaere-veldig-farlig\/\"]}]},{\"@type\":\"ImageObject\",\"inLanguage\":\"nb-NO\",\"@id\":\"https:\/\/nordnesrepublikken.no\/index.php\/2025\/07\/13\/hull-pa-stranden-nar-kan-det-vaere-veldig-farlig\/#primaryimage\",\"url\":\"https:\/\/nordnesrepublikken.no\/wp-content\/uploads\/2025\/07\/1752429001_Hull-pa-stranden-nar-kan-det-vaere-veldig-farlig.jpg\",\"contentUrl\":\"https:\/\/nordnesrepublikken.no\/wp-content\/uploads\/2025\/07\/1752429001_Hull-pa-stranden-nar-kan-det-vaere-veldig-farlig.jpg\",\"width\":1024,\"height\":1536,\"caption\":\"Immagine\"},{\"@type\":\"BreadcrumbList\",\"@id\":\"https:\/\/nordnesrepublikken.no\/index.php\/2025\/07\/13\/hull-pa-stranden-nar-kan-det-vaere-veldig-farlig\/#breadcrumb\",\"itemListElement\":[{\"@type\":\"ListItem\",\"position\":1,\"name\":\"Home\",\"item\":\"https:\/\/nordnesrepublikken.no\/\"},{\"@type\":\"ListItem\",\"position\":2,\"name\":\"Hull p\u00e5 stranden, n\u00e5r kan det v\u00e6re veldig farlig?\"}]},{\"@type\":\"WebSite\",\"@id\":\"https:\/\/nordnesrepublikken.no\/#website\",\"url\":\"https:\/\/nordnesrepublikken.no\/\",\"name\":\"Nordnesrepublikken\",\"description\":\"Stemmer og Visjoner fra Republikkens Hjerte\",\"publisher\":{\"@id\":\"https:\/\/nordnesrepublikken.no\/#organization\"},\"potentialAction\":[{\"@type\":\"SearchAction\",\"target\":{\"@type\":\"EntryPoint\",\"urlTemplate\":\"https:\/\/nordnesrepublikken.no\/?s={search_term_string}\"},\"query-input\":{\"@type\":\"PropertyValueSpecification\",\"valueRequired\":true,\"valueName\":\"search_term_string\"}}],\"inLanguage\":\"nb-NO\"},{\"@type\":\"Organization\",\"@id\":\"https:\/\/nordnesrepublikken.no\/#organization\",\"name\":\"Nordnesrepublikken\",\"url\":\"https:\/\/nordnesrepublikken.no\/\",\"logo\":{\"@type\":\"ImageObject\",\"inLanguage\":\"nb-NO\",\"@id\":\"https:\/\/nordnesrepublikken.no\/#\/schema\/logo\/image\/\",\"url\":\"https:\/\/nordnesrepublikken.no\/wp-content\/uploads\/2025\/02\/cropped-nordnesrepublikken-2.png\",\"contentUrl\":\"https:\/\/nordnesrepublikken.no\/wp-content\/uploads\/2025\/02\/cropped-nordnesrepublikken-2.png\",\"width\":1248,\"height\":362,\"caption\":\"Nordnesrepublikken\"},\"image\":{\"@id\":\"https:\/\/nordnesrepublikken.no\/#\/schema\/logo\/image\/\"}},{\"@type\":\"Person\",\"@id\":\"https:\/\/nordnesrepublikken.no\/#\/schema\/person\/2e7e81935bab77882fffb79296240ff1\",\"name\":\"Ole Andersen\",\"image\":{\"@type\":\"ImageObject\",\"inLanguage\":\"nb-NO\",\"@id\":\"https:\/\/nordnesrepublikken.no\/#\/schema\/person\/image\/\",\"url\":\"https:\/\/nordnesrepublikken.no\/wp-content\/uploads\/2025\/02\/nordnesrepublikken-2-2-150x150.jpg\",\"contentUrl\":\"https:\/\/nordnesrepublikken.no\/wp-content\/uploads\/2025\/02\/nordnesrepublikken-2-2-150x150.jpg\",\"caption\":\"Ole Andersen\"},\"description\":\"Ettersom jeg vokste opp i Oslo, har jeg alltid v\u00e6rt fascinert av ordenes kraft og deres evne til \u00e5 skape endringer. Etter \u00e5 ha fullf\u00f8rt min utdannelse i kommunikasjon ved Universitetet i Bergen, fikk jeg muligheten til \u00e5 jobbe innen ulike medier, der jeg har s\u00f8kt \u00e5 belyse viktige samfunnssp\u00f8rsm\u00e5l. I dag, som redakt\u00f8r for Nordnesrepublikken, pr\u00f8ver jeg \u00e5 forene min kj\u00e6rlighet for journalistikk med min lidenskap for innovasjon og eventyr.\",\"sameAs\":[\"https:\/\/nordnesrepublikken.no\/\"]}]}<\/script>\n<!-- \/ Yoast SEO plugin. -->","yoast_head_json":{"title":"Hull p\u00e5 stranden, n\u00e5r kan det v\u00e6re veldig farlig? - Nordnesrepublikken","robots":{"index":"index","follow":"follow","max-snippet":"max-snippet:-1","max-image-preview":"max-image-preview:large","max-video-preview":"max-video-preview:-1"},"canonical":"https:\/\/nordnesrepublikken.no\/index.php\/2025\/07\/13\/hull-pa-stranden-nar-kan-det-vaere-veldig-farlig\/","og_locale":"nb_NO","og_type":"article","og_title":"Hull p\u00e5 stranden, n\u00e5r kan det v\u00e6re veldig farlig? - Nordnesrepublikken","og_description":"DERiccardos tragedie var s\u00e5 forferdelig da han absurde. Det er vanskelig \u00e5 akseptere at en","og_url":"https:\/\/nordnesrepublikken.no\/index.php\/2025\/07\/13\/hull-pa-stranden-nar-kan-det-vaere-veldig-farlig\/","og_site_name":"Nordnesrepublikken","article_published_time":"2025-07-13T17:50:00+00:00","article_modified_time":"2025-07-13T17:50:03+00:00","og_image":[{"width":1024,"height":1536,"url":"https:\/\/nordnesrepublikken.no\/wp-content\/uploads\/2025\/07\/1752429001_Hull-pa-stranden-nar-kan-det-vaere-veldig-farlig.jpg","type":"image\/jpeg"}],"author":"Ole Andersen","twitter_card":"summary_large_image","twitter_misc":{"Skrevet av":"Ole Andersen","Ansl. lesetid":"3 minutter"},"schema":{"@context":"https:\/\/schema.org","@graph":[{"@type":"Article","@id":"https:\/\/nordnesrepublikken.no\/index.php\/2025\/07\/13\/hull-pa-stranden-nar-kan-det-vaere-veldig-farlig\/#article","isPartOf":{"@id":"https:\/\/nordnesrepublikken.no\/index.php\/2025\/07\/13\/hull-pa-stranden-nar-kan-det-vaere-veldig-farlig\/"},"author":{"name":"Ole Andersen","@id":"https:\/\/nordnesrepublikken.no\/#\/schema\/person\/2e7e81935bab77882fffb79296240ff1"},"headline":"Hull p\u00e5 stranden, n\u00e5r kan det v\u00e6re veldig farlig?","datePublished":"2025-07-13T17:50:00+00:00","dateModified":"2025-07-13T17:50:03+00:00","mainEntityOfPage":{"@id":"https:\/\/nordnesrepublikken.no\/index.php\/2025\/07\/13\/hull-pa-stranden-nar-kan-det-vaere-veldig-farlig\/"},"wordCount":709,"publisher":{"@id":"https:\/\/nordnesrepublikken.no\/#organization"},"image":{"@id":"https:\/\/nordnesrepublikken.no\/index.php\/2025\/07\/13\/hull-pa-stranden-nar-kan-det-vaere-veldig-farlig\/#primaryimage"},"thumbnailUrl":"https:\/\/nordnesrepublikken.no\/wp-content\/uploads\/2025\/07\/1752429001_Hull-pa-stranden-nar-kan-det-vaere-veldig-farlig.jpg","keywords":["Det","farlig","hull","kan","n\u00e5r","p\u00e5","stranden","v\u00e6re","veldig"],"articleSection":["Milj\u00f8"],"inLanguage":"nb-NO"},{"@type":"WebPage","@id":"https:\/\/nordnesrepublikken.no\/index.php\/2025\/07\/13\/hull-pa-stranden-nar-kan-det-vaere-veldig-farlig\/","url":"https:\/\/nordnesrepublikken.no\/index.php\/2025\/07\/13\/hull-pa-stranden-nar-kan-det-vaere-veldig-farlig\/","name":"Hull p\u00e5 stranden, n\u00e5r kan det v\u00e6re veldig farlig? - Nordnesrepublikken","isPartOf":{"@id":"https:\/\/nordnesrepublikken.no\/#website"},"primaryImageOfPage":{"@id":"https:\/\/nordnesrepublikken.no\/index.php\/2025\/07\/13\/hull-pa-stranden-nar-kan-det-vaere-veldig-farlig\/#primaryimage"},"image":{"@id":"https:\/\/nordnesrepublikken.no\/index.php\/2025\/07\/13\/hull-pa-stranden-nar-kan-det-vaere-veldig-farlig\/#primaryimage"},"thumbnailUrl":"https:\/\/nordnesrepublikken.no\/wp-content\/uploads\/2025\/07\/1752429001_Hull-pa-stranden-nar-kan-det-vaere-veldig-farlig.jpg","datePublished":"2025-07-13T17:50:00+00:00","dateModified":"2025-07-13T17:50:03+00:00","breadcrumb":{"@id":"https:\/\/nordnesrepublikken.no\/index.php\/2025\/07\/13\/hull-pa-stranden-nar-kan-det-vaere-veldig-farlig\/#breadcrumb"},"inLanguage":"nb-NO","potentialAction":[{"@type":"ReadAction","target":["https:\/\/nordnesrepublikken.no\/index.php\/2025\/07\/13\/hull-pa-stranden-nar-kan-det-vaere-veldig-farlig\/"]}]},{"@type":"ImageObject","inLanguage":"nb-NO","@id":"https:\/\/nordnesrepublikken.no\/index.php\/2025\/07\/13\/hull-pa-stranden-nar-kan-det-vaere-veldig-farlig\/#primaryimage","url":"https:\/\/nordnesrepublikken.no\/wp-content\/uploads\/2025\/07\/1752429001_Hull-pa-stranden-nar-kan-det-vaere-veldig-farlig.jpg","contentUrl":"https:\/\/nordnesrepublikken.no\/wp-content\/uploads\/2025\/07\/1752429001_Hull-pa-stranden-nar-kan-det-vaere-veldig-farlig.jpg","width":1024,"height":1536,"caption":"Immagine"},{"@type":"BreadcrumbList","@id":"https:\/\/nordnesrepublikken.no\/index.php\/2025\/07\/13\/hull-pa-stranden-nar-kan-det-vaere-veldig-farlig\/#breadcrumb","itemListElement":[{"@type":"ListItem","position":1,"name":"Home","item":"https:\/\/nordnesrepublikken.no\/"},{"@type":"ListItem","position":2,"name":"Hull p\u00e5 stranden, n\u00e5r kan det v\u00e6re veldig farlig?"}]},{"@type":"WebSite","@id":"https:\/\/nordnesrepublikken.no\/#website","url":"https:\/\/nordnesrepublikken.no\/","name":"Nordnesrepublikken","description":"Stemmer og Visjoner fra Republikkens Hjerte","publisher":{"@id":"https:\/\/nordnesrepublikken.no\/#organization"},"potentialAction":[{"@type":"SearchAction","target":{"@type":"EntryPoint","urlTemplate":"https:\/\/nordnesrepublikken.no\/?s={search_term_string}"},"query-input":{"@type":"PropertyValueSpecification","valueRequired":true,"valueName":"search_term_string"}}],"inLanguage":"nb-NO"},{"@type":"Organization","@id":"https:\/\/nordnesrepublikken.no\/#organization","name":"Nordnesrepublikken","url":"https:\/\/nordnesrepublikken.no\/","logo":{"@type":"ImageObject","inLanguage":"nb-NO","@id":"https:\/\/nordnesrepublikken.no\/#\/schema\/logo\/image\/","url":"https:\/\/nordnesrepublikken.no\/wp-content\/uploads\/2025\/02\/cropped-nordnesrepublikken-2.png","contentUrl":"https:\/\/nordnesrepublikken.no\/wp-content\/uploads\/2025\/02\/cropped-nordnesrepublikken-2.png","width":1248,"height":362,"caption":"Nordnesrepublikken"},"image":{"@id":"https:\/\/nordnesrepublikken.no\/#\/schema\/logo\/image\/"}},{"@type":"Person","@id":"https:\/\/nordnesrepublikken.no\/#\/schema\/person\/2e7e81935bab77882fffb79296240ff1","name":"Ole Andersen","image":{"@type":"ImageObject","inLanguage":"nb-NO","@id":"https:\/\/nordnesrepublikken.no\/#\/schema\/person\/image\/","url":"https:\/\/nordnesrepublikken.no\/wp-content\/uploads\/2025\/02\/nordnesrepublikken-2-2-150x150.jpg","contentUrl":"https:\/\/nordnesrepublikken.no\/wp-content\/uploads\/2025\/02\/nordnesrepublikken-2-2-150x150.jpg","caption":"Ole Andersen"},"description":"Ettersom jeg vokste opp i Oslo, har jeg alltid v\u00e6rt fascinert av ordenes kraft og deres evne til \u00e5 skape endringer. Etter \u00e5 ha fullf\u00f8rt min utdannelse i kommunikasjon ved Universitetet i Bergen, fikk jeg muligheten til \u00e5 jobbe innen ulike medier, der jeg har s\u00f8kt \u00e5 belyse viktige samfunnssp\u00f8rsm\u00e5l. I dag, som redakt\u00f8r for Nordnesrepublikken, pr\u00f8ver jeg \u00e5 forene min kj\u00e6rlighet for journalistikk med min lidenskap for innovasjon og eventyr.","sameAs":["https:\/\/nordnesrepublikken.no\/"]}]}},"_links":{"self":[{"href":"https:\/\/nordnesrepublikken.no\/index.php\/wp-json\/wp\/v2\/posts\/6948","targetHints":{"allow":["GET"]}}],"collection":[{"href":"https:\/\/nordnesrepublikken.no\/index.php\/wp-json\/wp\/v2\/posts"}],"about":[{"href":"https:\/\/nordnesrepublikken.no\/index.php\/wp-json\/wp\/v2\/types\/post"}],"author":[{"embeddable":true,"href":"https:\/\/nordnesrepublikken.no\/index.php\/wp-json\/wp\/v2\/users\/1"}],"replies":[{"embeddable":true,"href":"https:\/\/nordnesrepublikken.no\/index.php\/wp-json\/wp\/v2\/comments?post=6948"}],"version-history":[{"count":1,"href":"https:\/\/nordnesrepublikken.no\/index.php\/wp-json\/wp\/v2\/posts\/6948\/revisions"}],"predecessor-version":[{"id":6950,"href":"https:\/\/nordnesrepublikken.no\/index.php\/wp-json\/wp\/v2\/posts\/6948\/revisions\/6950"}],"wp:featuredmedia":[{"embeddable":true,"href":"https:\/\/nordnesrepublikken.no\/index.php\/wp-json\/wp\/v2\/media\/6949"}],"wp:attachment":[{"href":"https:\/\/nordnesrepublikken.no\/index.php\/wp-json\/wp\/v2\/media?parent=6948"}],"wp:term":[{"taxonomy":"category","embeddable":true,"href":"https:\/\/nordnesrepublikken.no\/index.php\/wp-json\/wp\/v2\/categories?post=6948"},{"taxonomy":"post_tag","embeddable":true,"href":"https:\/\/nordnesrepublikken.no\/index.php\/wp-json\/wp\/v2\/tags?post=6948"}],"curies":[{"name":"wp","href":"https:\/\/api.w.org\/{rel}","templated":true}]}}