{"id":6927,"date":"2025-07-13T04:49:35","date_gmt":"2025-07-13T02:49:35","guid":{"rendered":"https:\/\/nordnesrepublikken.no\/index.php\/2025\/07\/13\/i-2026-vil-han-apne-minnesmerket-for-dronning-elizabeth-ii-av-england-det-er-her-han-vil-finne-seg-selv\/"},"modified":"2025-07-13T04:49:38","modified_gmt":"2025-07-13T02:49:38","slug":"i-2026-vil-han-apne-minnesmerket-for-dronning-elizabeth-ii-av-england-det-er-her-han-vil-finne-seg-selv","status":"publish","type":"post","link":"https:\/\/nordnesrepublikken.no\/index.php\/2025\/07\/13\/i-2026-vil-han-apne-minnesmerket-for-dronning-elizabeth-ii-av-england-det-er-her-han-vil-finne-seg-selv\/","title":{"rendered":"I 2026 vil han \u00e5pne minnesmerket for dronning Elizabeth II av England: det er her han vil finne seg selv"},"content":{"rendered":"<div>\n<div class=\"cp_wrapper cp_wrapper--fw mb-30 mb-20@tablet\">\n<figure class=\"mm\"><picture class=\"img\" style=\"padding-top:56.25%\"><source  media=\"(min-width: 1024px)\"><source  media=\"(min-width: 768px)\"><\/source><\/source><\/picture><\/figure>\n<\/p><\/div>\n<p>EN <strong>gjennomsiktig bro<\/strong> Inspirert av tiaraen som dronning Elizabeth II hadde p\u00e5 seg dagen for bryllupet sitt med prinsen <strong>Filippo di Edinburg<\/strong>: Dette er minnesmonumentet som den engelske regjeringen har bestemt seg for \u00e5 dedikere dem tre \u00e5r etter d\u00f8den, med sikte p\u00e5 \u00e5 feire livet til den ber\u00f8mte regjeringen og dens kobling til Storbritannia og alt Commonwealth. Minnesmerket, designet av London Studio Foster + Partners, vil stige inne <strong>St. James Park, <\/strong>en av de eldste virkelige parkene til <strong>London, <\/strong>og vil v\u00e6re fullf\u00f8rt av <strong>V\u00e5ren 2026, <\/strong>I anledning krone jubileet fra f\u00f8dselen av Elizabeth II.<\/p>\n<h2>En krystallbro inne i en park<\/h2>\n<p>Prosjektet for minnesmerket til dronning Elizabeth II av England har utvilsomt veldig interessante konnotasjoner. Det f\u00f8rste elementet som skiller seg ut for \u00f8yet og ser p\u00e5 gjengivelsen av prosjektet, som vil v\u00e6re i <strong>St. James Park of London<\/strong>er tilstedev\u00e6relsen av en <strong>gjennomsiktig bro<\/strong>inspirert av den vakre tiaraen som hadde p\u00e5 seg kjennelsen p\u00e5 dagen for bryllupet hans. Med sine to porter og to hager forbundet med stier og en bro, tar prosjektet som m\u00e5l \u00e5 feire m\u00e5tene den avd\u00f8de dronningen har forenet dobbeltheten i livet hans sammen, som som <em>&laquo;Balansen mellom tradisjon og modernitet, offentlig plikt og privat tro, Storbritannia og et globalt samveldet<\/em>&laquo;Sa statsr\u00e5dets kontor.<\/p>\n<div class=\"cp_wrapper cp_wrapper--fw mb-50\">\n<figure class=\"mm\"><picture class=\"img\" style=\"padding-top:50%\"><source  media=\"(min-width: 1024px)\"><source  media=\"(min-width: 768px)\"><img decoding=\"async\" loading=\"lazy\" src=\"https:\/\/nordnesrepublikken.no\/wp-content\/uploads\/2025\/07\/1752374974_614_I-2026-vil-han-apne-minnesmerket-for-dronning-Elizabeth-II.jpeg\" alt=\"Bilde\" width=\"2000\" height=\"1000\"><\/source><\/source><\/picture><\/figure>\n<\/p><\/div>\n<p>Ambisjonen er \u00e5 plassere det offisielle minnesmonumentet til dronning Elizabeth II inne i et omr\u00e5de tilbaketrukket inne i denne eldgamle parken, som grenser til tre bygninger: <strong>Westminster<\/strong>, <strong>St. James &#8216;palass<\/strong> Og <strong>Buckingham Palace<\/strong>i hjertet av den britiske hovedstaden. En vakker definisjon som perfekt inneholder betydningen av dette prosjektet er den &laquo;lette ber\u00f8ringen&raquo; som det samme prosjektet skal ha p\u00e5 omgivelsene. En lett ber\u00f8ring som den som dronningen hadde under hennes rike, som omfavnet mange epoker, preget alle av viktige historiske hendelser og dyptgripende endringer.<\/p>\n<h2>Tekniske egenskaper ved prosjektet<\/h2>\n<p>EN <strong>Balustrade<\/strong> <strong>i gjennomskinnelig kronglass<\/strong> langs broen vil det huske utformingen av <strong>Diamond Tiara<\/strong> <em><strong>Queen Mary Fringe<\/strong><\/em>  At Elizabeth II hadde p\u00e5 seg i bryllupet sitt med prins Filippo. Senere l\u00e5nte han det til nev\u00f8en sin, prinsessen <strong>Beatrice<\/strong>for bryllupet sitt i 2020. Den prim\u00e6re hensikten med utbyggerne og designerne vil v\u00e6re \u00e5 bevare floraen og faunaen til St. James Park s\u00e5 mye som mulig. Denne nye broen vil erstatte en annen eksisterende bro og vil ha en &laquo;veldig delikat tilstedev\u00e6relse om natten, nesten en slags lysbelysningsopplevelse, gjennomskinnelig og helt flat, og omfavner overflaten av innsj\u00f8en p\u00e5 en s\u00e5 flytende m\u00e5te&raquo;.<\/p>\n<div class=\"cp_wrapper cp_wrapper--fw mb-50\">\n<figure class=\"mm\"><picture class=\"img\" style=\"padding-top:50%\"><source  media=\"(min-width: 1024px)\"><source  media=\"(min-width: 768px)\"><img decoding=\"async\" loading=\"lazy\" src=\"https:\/\/nordnesrepublikken.no\/wp-content\/uploads\/2025\/07\/1752374974_546_I-2026-vil-han-apne-minnesmerket-for-dronning-Elizabeth-II.jpeg\" alt=\"Bilde\" width=\"2000\" height=\"1000\" class=\"js-seedtag-img\"><\/source><\/source><\/picture><\/figure>\n<\/p><\/div>\n<p>En statue av dronningen vil stige i den nye dronningen Elizabeth II -stedet, langs Marlborough Gate, en eksisterende inngang til parken, mens en statue av Prince Filippo vil reise seg ved siden av den nye <strong>Prins Philip Gate<\/strong>p\u00e5 den andre siden av parken. Men for \u00e5 fullf\u00f8re prosjektet vil det ogs\u00e5 v\u00e6re et <strong>Par statue.<\/strong><\/p>\n<div class=\"cp_wrapper cp_wrapper--fw mb-50\">\n<figure class=\"mm\"><picture class=\"img\" style=\"padding-top:50%\"><source  media=\"(min-width: 1024px)\"><source  media=\"(min-width: 768px)\"><img decoding=\"async\" loading=\"lazy\" src=\"https:\/\/nordnesrepublikken.no\/wp-content\/uploads\/2025\/07\/1752374975_539_I-2026-vil-han-apne-minnesmerket-for-dronning-Elizabeth-II.jpeg\" alt=\"Bilde\" width=\"2000\" height=\"1000\"><\/source><\/source><\/picture><\/figure>\n<\/p><\/div>\n<p>Hagene som representerer b\u00e5de Commonwealth og Storbritannia &laquo;vil skape rom for refleksjon og m\u00f8te&raquo;, lyder en erkl\u00e6ring utstedt av Foster + Partners. Minnesmerket vil ta sikte p\u00e5 \u00e5 skape en &laquo;mer delikat, mer fredelig, mer kontemplativ&raquo; atmosf\u00e6re og &laquo;en mulighet til \u00e5 gjenoppdage, eller kanskje for noen \u00e5 oppdage arven etter hans majestet&raquo;, sa Foster til PA Media.<\/p>\n<\/p><\/div>\n","protected":false},"excerpt":{"rendered":"<p>EN gjennomsiktig bro Inspirert av tiaraen som dronning Elizabeth II hadde p\u00e5 seg dagen for<\/p>\n","protected":false},"author":1,"featured_media":6928,"comment_status":"closed","ping_status":"open","sticky":false,"template":"","format":"standard","meta":{"footnotes":""},"categories":[24],"tags":[518,66,414,2900,4490,845,592,4489,96,587,149],"class_list":["post-6927","post","type-post","status-publish","format-standard","has-post-thumbnail","hentry","category-vitenskap","tag-apne","tag-det","tag-dronning","tag-elizabeth","tag-england","tag-finne","tag-han","tag-minnesmerket","tag-seg","tag-selv","tag-vil","generate-columns","tablet-grid-50","mobile-grid-100","grid-parent","grid-33","resize-featured-image"],"yoast_head":"<!-- This site is optimized with the Yoast SEO plugin v24.4 - https:\/\/yoast.com\/wordpress\/plugins\/seo\/ -->\n<title>I 2026 vil han \u00e5pne minnesmerket for dronning Elizabeth II av England: det er her han vil finne seg selv - Nordnesrepublikken<\/title>\n<meta name=\"robots\" content=\"index, follow, max-snippet:-1, max-image-preview:large, max-video-preview:-1\" \/>\n<link rel=\"canonical\" href=\"https:\/\/nordnesrepublikken.no\/index.php\/2025\/07\/13\/i-2026-vil-han-apne-minnesmerket-for-dronning-elizabeth-ii-av-england-det-er-her-han-vil-finne-seg-selv\/\" \/>\n<meta property=\"og:locale\" content=\"nb_NO\" \/>\n<meta property=\"og:type\" content=\"article\" \/>\n<meta property=\"og:title\" content=\"I 2026 vil han \u00e5pne minnesmerket for dronning Elizabeth II av England: det er her han vil finne seg selv - Nordnesrepublikken\" \/>\n<meta property=\"og:description\" content=\"EN gjennomsiktig bro Inspirert av tiaraen som dronning Elizabeth II hadde p\u00e5 seg dagen for\" \/>\n<meta property=\"og:url\" content=\"https:\/\/nordnesrepublikken.no\/index.php\/2025\/07\/13\/i-2026-vil-han-apne-minnesmerket-for-dronning-elizabeth-ii-av-england-det-er-her-han-vil-finne-seg-selv\/\" \/>\n<meta property=\"og:site_name\" content=\"Nordnesrepublikken\" \/>\n<meta property=\"article:published_time\" content=\"2025-07-13T02:49:35+00:00\" \/>\n<meta property=\"article:modified_time\" content=\"2025-07-13T02:49:38+00:00\" \/>\n<meta property=\"og:image\" content=\"https:\/\/nordnesrepublikken.no\/wp-content\/uploads\/2025\/07\/1752374977_I-2026-vil-han-apne-minnesmerket-for-dronning-Elizabeth-II.jpeg\" \/>\n\t<meta property=\"og:image:width\" content=\"2000\" \/>\n\t<meta property=\"og:image:height\" content=\"1000\" \/>\n\t<meta property=\"og:image:type\" content=\"image\/jpeg\" \/>\n<meta name=\"author\" content=\"Ole Andersen\" \/>\n<meta name=\"twitter:card\" content=\"summary_large_image\" \/>\n<meta name=\"twitter:label1\" content=\"Skrevet av\" \/>\n\t<meta name=\"twitter:data1\" content=\"Ole Andersen\" \/>\n\t<meta name=\"twitter:label2\" content=\"Ansl. lesetid\" \/>\n\t<meta name=\"twitter:data2\" content=\"3 minutter\" \/>\n<script type=\"application\/ld+json\" class=\"yoast-schema-graph\">{\"@context\":\"https:\/\/schema.org\",\"@graph\":[{\"@type\":\"Article\",\"@id\":\"https:\/\/nordnesrepublikken.no\/index.php\/2025\/07\/13\/i-2026-vil-han-apne-minnesmerket-for-dronning-elizabeth-ii-av-england-det-er-her-han-vil-finne-seg-selv\/#article\",\"isPartOf\":{\"@id\":\"https:\/\/nordnesrepublikken.no\/index.php\/2025\/07\/13\/i-2026-vil-han-apne-minnesmerket-for-dronning-elizabeth-ii-av-england-det-er-her-han-vil-finne-seg-selv\/\"},\"author\":{\"name\":\"Ole Andersen\",\"@id\":\"https:\/\/nordnesrepublikken.no\/#\/schema\/person\/2e7e81935bab77882fffb79296240ff1\"},\"headline\":\"I 2026 vil han \u00e5pne minnesmerket for dronning Elizabeth II av England: det er her han vil finne seg selv\",\"datePublished\":\"2025-07-13T02:49:35+00:00\",\"dateModified\":\"2025-07-13T02:49:38+00:00\",\"mainEntityOfPage\":{\"@id\":\"https:\/\/nordnesrepublikken.no\/index.php\/2025\/07\/13\/i-2026-vil-han-apne-minnesmerket-for-dronning-elizabeth-ii-av-england-det-er-her-han-vil-finne-seg-selv\/\"},\"wordCount\":545,\"publisher\":{\"@id\":\"https:\/\/nordnesrepublikken.no\/#organization\"},\"image\":{\"@id\":\"https:\/\/nordnesrepublikken.no\/index.php\/2025\/07\/13\/i-2026-vil-han-apne-minnesmerket-for-dronning-elizabeth-ii-av-england-det-er-her-han-vil-finne-seg-selv\/#primaryimage\"},\"thumbnailUrl\":\"https:\/\/nordnesrepublikken.no\/wp-content\/uploads\/2025\/07\/1752374977_I-2026-vil-han-apne-minnesmerket-for-dronning-Elizabeth-II.jpeg\",\"keywords\":[\"\u00e5pne\",\"Det\",\"dronning\",\"Elizabeth\",\"England\",\"finne\",\"Han\",\"minnesmerket\",\"seg\",\"selv\",\"vil\"],\"articleSection\":[\"Vitenskap\"],\"inLanguage\":\"nb-NO\"},{\"@type\":\"WebPage\",\"@id\":\"https:\/\/nordnesrepublikken.no\/index.php\/2025\/07\/13\/i-2026-vil-han-apne-minnesmerket-for-dronning-elizabeth-ii-av-england-det-er-her-han-vil-finne-seg-selv\/\",\"url\":\"https:\/\/nordnesrepublikken.no\/index.php\/2025\/07\/13\/i-2026-vil-han-apne-minnesmerket-for-dronning-elizabeth-ii-av-england-det-er-her-han-vil-finne-seg-selv\/\",\"name\":\"I 2026 vil han \u00e5pne minnesmerket for dronning Elizabeth II av England: det er her han vil finne seg selv - Nordnesrepublikken\",\"isPartOf\":{\"@id\":\"https:\/\/nordnesrepublikken.no\/#website\"},\"primaryImageOfPage\":{\"@id\":\"https:\/\/nordnesrepublikken.no\/index.php\/2025\/07\/13\/i-2026-vil-han-apne-minnesmerket-for-dronning-elizabeth-ii-av-england-det-er-her-han-vil-finne-seg-selv\/#primaryimage\"},\"image\":{\"@id\":\"https:\/\/nordnesrepublikken.no\/index.php\/2025\/07\/13\/i-2026-vil-han-apne-minnesmerket-for-dronning-elizabeth-ii-av-england-det-er-her-han-vil-finne-seg-selv\/#primaryimage\"},\"thumbnailUrl\":\"https:\/\/nordnesrepublikken.no\/wp-content\/uploads\/2025\/07\/1752374977_I-2026-vil-han-apne-minnesmerket-for-dronning-Elizabeth-II.jpeg\",\"datePublished\":\"2025-07-13T02:49:35+00:00\",\"dateModified\":\"2025-07-13T02:49:38+00:00\",\"breadcrumb\":{\"@id\":\"https:\/\/nordnesrepublikken.no\/index.php\/2025\/07\/13\/i-2026-vil-han-apne-minnesmerket-for-dronning-elizabeth-ii-av-england-det-er-her-han-vil-finne-seg-selv\/#breadcrumb\"},\"inLanguage\":\"nb-NO\",\"potentialAction\":[{\"@type\":\"ReadAction\",\"target\":[\"https:\/\/nordnesrepublikken.no\/index.php\/2025\/07\/13\/i-2026-vil-han-apne-minnesmerket-for-dronning-elizabeth-ii-av-england-det-er-her-han-vil-finne-seg-selv\/\"]}]},{\"@type\":\"ImageObject\",\"inLanguage\":\"nb-NO\",\"@id\":\"https:\/\/nordnesrepublikken.no\/index.php\/2025\/07\/13\/i-2026-vil-han-apne-minnesmerket-for-dronning-elizabeth-ii-av-england-det-er-her-han-vil-finne-seg-selv\/#primaryimage\",\"url\":\"https:\/\/nordnesrepublikken.no\/wp-content\/uploads\/2025\/07\/1752374977_I-2026-vil-han-apne-minnesmerket-for-dronning-Elizabeth-II.jpeg\",\"contentUrl\":\"https:\/\/nordnesrepublikken.no\/wp-content\/uploads\/2025\/07\/1752374977_I-2026-vil-han-apne-minnesmerket-for-dronning-Elizabeth-II.jpeg\",\"width\":2000,\"height\":1000,\"caption\":\"Immagine\"},{\"@type\":\"BreadcrumbList\",\"@id\":\"https:\/\/nordnesrepublikken.no\/index.php\/2025\/07\/13\/i-2026-vil-han-apne-minnesmerket-for-dronning-elizabeth-ii-av-england-det-er-her-han-vil-finne-seg-selv\/#breadcrumb\",\"itemListElement\":[{\"@type\":\"ListItem\",\"position\":1,\"name\":\"Home\",\"item\":\"https:\/\/nordnesrepublikken.no\/\"},{\"@type\":\"ListItem\",\"position\":2,\"name\":\"I 2026 vil han \u00e5pne minnesmerket for dronning Elizabeth II av England: det er her han vil finne seg selv\"}]},{\"@type\":\"WebSite\",\"@id\":\"https:\/\/nordnesrepublikken.no\/#website\",\"url\":\"https:\/\/nordnesrepublikken.no\/\",\"name\":\"Nordnesrepublikken\",\"description\":\"Stemmer og Visjoner fra Republikkens Hjerte\",\"publisher\":{\"@id\":\"https:\/\/nordnesrepublikken.no\/#organization\"},\"potentialAction\":[{\"@type\":\"SearchAction\",\"target\":{\"@type\":\"EntryPoint\",\"urlTemplate\":\"https:\/\/nordnesrepublikken.no\/?s={search_term_string}\"},\"query-input\":{\"@type\":\"PropertyValueSpecification\",\"valueRequired\":true,\"valueName\":\"search_term_string\"}}],\"inLanguage\":\"nb-NO\"},{\"@type\":\"Organization\",\"@id\":\"https:\/\/nordnesrepublikken.no\/#organization\",\"name\":\"Nordnesrepublikken\",\"url\":\"https:\/\/nordnesrepublikken.no\/\",\"logo\":{\"@type\":\"ImageObject\",\"inLanguage\":\"nb-NO\",\"@id\":\"https:\/\/nordnesrepublikken.no\/#\/schema\/logo\/image\/\",\"url\":\"https:\/\/nordnesrepublikken.no\/wp-content\/uploads\/2025\/02\/cropped-nordnesrepublikken-2.png\",\"contentUrl\":\"https:\/\/nordnesrepublikken.no\/wp-content\/uploads\/2025\/02\/cropped-nordnesrepublikken-2.png\",\"width\":1248,\"height\":362,\"caption\":\"Nordnesrepublikken\"},\"image\":{\"@id\":\"https:\/\/nordnesrepublikken.no\/#\/schema\/logo\/image\/\"}},{\"@type\":\"Person\",\"@id\":\"https:\/\/nordnesrepublikken.no\/#\/schema\/person\/2e7e81935bab77882fffb79296240ff1\",\"name\":\"Ole Andersen\",\"image\":{\"@type\":\"ImageObject\",\"inLanguage\":\"nb-NO\",\"@id\":\"https:\/\/nordnesrepublikken.no\/#\/schema\/person\/image\/\",\"url\":\"https:\/\/nordnesrepublikken.no\/wp-content\/uploads\/2025\/02\/nordnesrepublikken-2-2-150x150.jpg\",\"contentUrl\":\"https:\/\/nordnesrepublikken.no\/wp-content\/uploads\/2025\/02\/nordnesrepublikken-2-2-150x150.jpg\",\"caption\":\"Ole Andersen\"},\"description\":\"Ettersom jeg vokste opp i Oslo, har jeg alltid v\u00e6rt fascinert av ordenes kraft og deres evne til \u00e5 skape endringer. Etter \u00e5 ha fullf\u00f8rt min utdannelse i kommunikasjon ved Universitetet i Bergen, fikk jeg muligheten til \u00e5 jobbe innen ulike medier, der jeg har s\u00f8kt \u00e5 belyse viktige samfunnssp\u00f8rsm\u00e5l. I dag, som redakt\u00f8r for Nordnesrepublikken, pr\u00f8ver jeg \u00e5 forene min kj\u00e6rlighet for journalistikk med min lidenskap for innovasjon og eventyr.\",\"sameAs\":[\"https:\/\/nordnesrepublikken.no\/\"]}]}<\/script>\n<!-- \/ Yoast SEO plugin. -->","yoast_head_json":{"title":"I 2026 vil han \u00e5pne minnesmerket for dronning Elizabeth II av England: det er her han vil finne seg selv - Nordnesrepublikken","robots":{"index":"index","follow":"follow","max-snippet":"max-snippet:-1","max-image-preview":"max-image-preview:large","max-video-preview":"max-video-preview:-1"},"canonical":"https:\/\/nordnesrepublikken.no\/index.php\/2025\/07\/13\/i-2026-vil-han-apne-minnesmerket-for-dronning-elizabeth-ii-av-england-det-er-her-han-vil-finne-seg-selv\/","og_locale":"nb_NO","og_type":"article","og_title":"I 2026 vil han \u00e5pne minnesmerket for dronning Elizabeth II av England: det er her han vil finne seg selv - Nordnesrepublikken","og_description":"EN gjennomsiktig bro Inspirert av tiaraen som dronning Elizabeth II hadde p\u00e5 seg dagen for","og_url":"https:\/\/nordnesrepublikken.no\/index.php\/2025\/07\/13\/i-2026-vil-han-apne-minnesmerket-for-dronning-elizabeth-ii-av-england-det-er-her-han-vil-finne-seg-selv\/","og_site_name":"Nordnesrepublikken","article_published_time":"2025-07-13T02:49:35+00:00","article_modified_time":"2025-07-13T02:49:38+00:00","og_image":[{"width":2000,"height":1000,"url":"https:\/\/nordnesrepublikken.no\/wp-content\/uploads\/2025\/07\/1752374977_I-2026-vil-han-apne-minnesmerket-for-dronning-Elizabeth-II.jpeg","type":"image\/jpeg"}],"author":"Ole Andersen","twitter_card":"summary_large_image","twitter_misc":{"Skrevet av":"Ole Andersen","Ansl. lesetid":"3 minutter"},"schema":{"@context":"https:\/\/schema.org","@graph":[{"@type":"Article","@id":"https:\/\/nordnesrepublikken.no\/index.php\/2025\/07\/13\/i-2026-vil-han-apne-minnesmerket-for-dronning-elizabeth-ii-av-england-det-er-her-han-vil-finne-seg-selv\/#article","isPartOf":{"@id":"https:\/\/nordnesrepublikken.no\/index.php\/2025\/07\/13\/i-2026-vil-han-apne-minnesmerket-for-dronning-elizabeth-ii-av-england-det-er-her-han-vil-finne-seg-selv\/"},"author":{"name":"Ole Andersen","@id":"https:\/\/nordnesrepublikken.no\/#\/schema\/person\/2e7e81935bab77882fffb79296240ff1"},"headline":"I 2026 vil han \u00e5pne minnesmerket for dronning Elizabeth II av England: det er her han vil finne seg selv","datePublished":"2025-07-13T02:49:35+00:00","dateModified":"2025-07-13T02:49:38+00:00","mainEntityOfPage":{"@id":"https:\/\/nordnesrepublikken.no\/index.php\/2025\/07\/13\/i-2026-vil-han-apne-minnesmerket-for-dronning-elizabeth-ii-av-england-det-er-her-han-vil-finne-seg-selv\/"},"wordCount":545,"publisher":{"@id":"https:\/\/nordnesrepublikken.no\/#organization"},"image":{"@id":"https:\/\/nordnesrepublikken.no\/index.php\/2025\/07\/13\/i-2026-vil-han-apne-minnesmerket-for-dronning-elizabeth-ii-av-england-det-er-her-han-vil-finne-seg-selv\/#primaryimage"},"thumbnailUrl":"https:\/\/nordnesrepublikken.no\/wp-content\/uploads\/2025\/07\/1752374977_I-2026-vil-han-apne-minnesmerket-for-dronning-Elizabeth-II.jpeg","keywords":["\u00e5pne","Det","dronning","Elizabeth","England","finne","Han","minnesmerket","seg","selv","vil"],"articleSection":["Vitenskap"],"inLanguage":"nb-NO"},{"@type":"WebPage","@id":"https:\/\/nordnesrepublikken.no\/index.php\/2025\/07\/13\/i-2026-vil-han-apne-minnesmerket-for-dronning-elizabeth-ii-av-england-det-er-her-han-vil-finne-seg-selv\/","url":"https:\/\/nordnesrepublikken.no\/index.php\/2025\/07\/13\/i-2026-vil-han-apne-minnesmerket-for-dronning-elizabeth-ii-av-england-det-er-her-han-vil-finne-seg-selv\/","name":"I 2026 vil han \u00e5pne minnesmerket for dronning Elizabeth II av England: det er her han vil finne seg selv - Nordnesrepublikken","isPartOf":{"@id":"https:\/\/nordnesrepublikken.no\/#website"},"primaryImageOfPage":{"@id":"https:\/\/nordnesrepublikken.no\/index.php\/2025\/07\/13\/i-2026-vil-han-apne-minnesmerket-for-dronning-elizabeth-ii-av-england-det-er-her-han-vil-finne-seg-selv\/#primaryimage"},"image":{"@id":"https:\/\/nordnesrepublikken.no\/index.php\/2025\/07\/13\/i-2026-vil-han-apne-minnesmerket-for-dronning-elizabeth-ii-av-england-det-er-her-han-vil-finne-seg-selv\/#primaryimage"},"thumbnailUrl":"https:\/\/nordnesrepublikken.no\/wp-content\/uploads\/2025\/07\/1752374977_I-2026-vil-han-apne-minnesmerket-for-dronning-Elizabeth-II.jpeg","datePublished":"2025-07-13T02:49:35+00:00","dateModified":"2025-07-13T02:49:38+00:00","breadcrumb":{"@id":"https:\/\/nordnesrepublikken.no\/index.php\/2025\/07\/13\/i-2026-vil-han-apne-minnesmerket-for-dronning-elizabeth-ii-av-england-det-er-her-han-vil-finne-seg-selv\/#breadcrumb"},"inLanguage":"nb-NO","potentialAction":[{"@type":"ReadAction","target":["https:\/\/nordnesrepublikken.no\/index.php\/2025\/07\/13\/i-2026-vil-han-apne-minnesmerket-for-dronning-elizabeth-ii-av-england-det-er-her-han-vil-finne-seg-selv\/"]}]},{"@type":"ImageObject","inLanguage":"nb-NO","@id":"https:\/\/nordnesrepublikken.no\/index.php\/2025\/07\/13\/i-2026-vil-han-apne-minnesmerket-for-dronning-elizabeth-ii-av-england-det-er-her-han-vil-finne-seg-selv\/#primaryimage","url":"https:\/\/nordnesrepublikken.no\/wp-content\/uploads\/2025\/07\/1752374977_I-2026-vil-han-apne-minnesmerket-for-dronning-Elizabeth-II.jpeg","contentUrl":"https:\/\/nordnesrepublikken.no\/wp-content\/uploads\/2025\/07\/1752374977_I-2026-vil-han-apne-minnesmerket-for-dronning-Elizabeth-II.jpeg","width":2000,"height":1000,"caption":"Immagine"},{"@type":"BreadcrumbList","@id":"https:\/\/nordnesrepublikken.no\/index.php\/2025\/07\/13\/i-2026-vil-han-apne-minnesmerket-for-dronning-elizabeth-ii-av-england-det-er-her-han-vil-finne-seg-selv\/#breadcrumb","itemListElement":[{"@type":"ListItem","position":1,"name":"Home","item":"https:\/\/nordnesrepublikken.no\/"},{"@type":"ListItem","position":2,"name":"I 2026 vil han \u00e5pne minnesmerket for dronning Elizabeth II av England: det er her han vil finne seg selv"}]},{"@type":"WebSite","@id":"https:\/\/nordnesrepublikken.no\/#website","url":"https:\/\/nordnesrepublikken.no\/","name":"Nordnesrepublikken","description":"Stemmer og Visjoner fra Republikkens Hjerte","publisher":{"@id":"https:\/\/nordnesrepublikken.no\/#organization"},"potentialAction":[{"@type":"SearchAction","target":{"@type":"EntryPoint","urlTemplate":"https:\/\/nordnesrepublikken.no\/?s={search_term_string}"},"query-input":{"@type":"PropertyValueSpecification","valueRequired":true,"valueName":"search_term_string"}}],"inLanguage":"nb-NO"},{"@type":"Organization","@id":"https:\/\/nordnesrepublikken.no\/#organization","name":"Nordnesrepublikken","url":"https:\/\/nordnesrepublikken.no\/","logo":{"@type":"ImageObject","inLanguage":"nb-NO","@id":"https:\/\/nordnesrepublikken.no\/#\/schema\/logo\/image\/","url":"https:\/\/nordnesrepublikken.no\/wp-content\/uploads\/2025\/02\/cropped-nordnesrepublikken-2.png","contentUrl":"https:\/\/nordnesrepublikken.no\/wp-content\/uploads\/2025\/02\/cropped-nordnesrepublikken-2.png","width":1248,"height":362,"caption":"Nordnesrepublikken"},"image":{"@id":"https:\/\/nordnesrepublikken.no\/#\/schema\/logo\/image\/"}},{"@type":"Person","@id":"https:\/\/nordnesrepublikken.no\/#\/schema\/person\/2e7e81935bab77882fffb79296240ff1","name":"Ole Andersen","image":{"@type":"ImageObject","inLanguage":"nb-NO","@id":"https:\/\/nordnesrepublikken.no\/#\/schema\/person\/image\/","url":"https:\/\/nordnesrepublikken.no\/wp-content\/uploads\/2025\/02\/nordnesrepublikken-2-2-150x150.jpg","contentUrl":"https:\/\/nordnesrepublikken.no\/wp-content\/uploads\/2025\/02\/nordnesrepublikken-2-2-150x150.jpg","caption":"Ole Andersen"},"description":"Ettersom jeg vokste opp i Oslo, har jeg alltid v\u00e6rt fascinert av ordenes kraft og deres evne til \u00e5 skape endringer. Etter \u00e5 ha fullf\u00f8rt min utdannelse i kommunikasjon ved Universitetet i Bergen, fikk jeg muligheten til \u00e5 jobbe innen ulike medier, der jeg har s\u00f8kt \u00e5 belyse viktige samfunnssp\u00f8rsm\u00e5l. I dag, som redakt\u00f8r for Nordnesrepublikken, pr\u00f8ver jeg \u00e5 forene min kj\u00e6rlighet for journalistikk med min lidenskap for innovasjon og eventyr.","sameAs":["https:\/\/nordnesrepublikken.no\/"]}]}},"_links":{"self":[{"href":"https:\/\/nordnesrepublikken.no\/index.php\/wp-json\/wp\/v2\/posts\/6927","targetHints":{"allow":["GET"]}}],"collection":[{"href":"https:\/\/nordnesrepublikken.no\/index.php\/wp-json\/wp\/v2\/posts"}],"about":[{"href":"https:\/\/nordnesrepublikken.no\/index.php\/wp-json\/wp\/v2\/types\/post"}],"author":[{"embeddable":true,"href":"https:\/\/nordnesrepublikken.no\/index.php\/wp-json\/wp\/v2\/users\/1"}],"replies":[{"embeddable":true,"href":"https:\/\/nordnesrepublikken.no\/index.php\/wp-json\/wp\/v2\/comments?post=6927"}],"version-history":[{"count":1,"href":"https:\/\/nordnesrepublikken.no\/index.php\/wp-json\/wp\/v2\/posts\/6927\/revisions"}],"predecessor-version":[{"id":6929,"href":"https:\/\/nordnesrepublikken.no\/index.php\/wp-json\/wp\/v2\/posts\/6927\/revisions\/6929"}],"wp:featuredmedia":[{"embeddable":true,"href":"https:\/\/nordnesrepublikken.no\/index.php\/wp-json\/wp\/v2\/media\/6928"}],"wp:attachment":[{"href":"https:\/\/nordnesrepublikken.no\/index.php\/wp-json\/wp\/v2\/media?parent=6927"}],"wp:term":[{"taxonomy":"category","embeddable":true,"href":"https:\/\/nordnesrepublikken.no\/index.php\/wp-json\/wp\/v2\/categories?post=6927"},{"taxonomy":"post_tag","embeddable":true,"href":"https:\/\/nordnesrepublikken.no\/index.php\/wp-json\/wp\/v2\/tags?post=6927"}],"curies":[{"name":"wp","href":"https:\/\/api.w.org\/{rel}","templated":true}]}}