{"id":6924,"date":"2025-07-13T01:49:33","date_gmt":"2025-07-12T23:49:33","guid":{"rendered":"https:\/\/nordnesrepublikken.no\/index.php\/2025\/07\/13\/hva-er-betydningen-av-gesten\/"},"modified":"2025-07-13T01:49:44","modified_gmt":"2025-07-12T23:49:44","slug":"hva-er-betydningen-av-gesten","status":"publish","type":"post","link":"https:\/\/nordnesrepublikken.no\/index.php\/2025\/07\/13\/hva-er-betydningen-av-gesten\/","title":{"rendered":"Hva er betydningen av gesten"},"content":{"rendered":"<div>\n<div class=\"cp_wrapper cp_wrapper--fw mb-30 mb-20@tablet\">\n<figure class=\"mm\"><picture class=\"img\" style=\"padding-top:56.25%\"><source  media=\"(min-width: 1024px)\"><source  media=\"(min-width: 768px)\"><\/source><\/source><\/picture><\/figure>\n<\/p><\/div>\n<p>Hilsenen som s\u00f8rger for <strong>lukket knyttneve hevet<\/strong> stammer fra <strong>Arbeider- og fagforeningsbevegelse av de f\u00f8rste ti\u00e5rene av det tjuende \u00e5rhundre<\/strong>; ble brukt av en rekke politiske bevegelser av <strong>Sosialistisk, kommunistisk, fagforeningsmann og anarkistisk utvinning<\/strong>. I l\u00f8pet av 1900 -tallet ble det ogs\u00e5 et symbol p\u00e5 kampen av <strong>Afroamerikanere<\/strong> for borgerrettigheter og kamper i <strong>S\u00f8r -afrikanere<\/strong> Mot apartheidregimet og i sjeldne tilfeller ble det ogs\u00e5 vedtatt av noen fjerne bevegelser. Gesten <strong>symboliserer unionen<\/strong>fordi de strammer fingrene i en knyttneve, blir de sammen med forskjellige deler for \u00e5 danne en helhet. Men hvordan ble det f\u00f8dt?<\/p>\n<h2><strong>Betydningen av den lukkede knyttnevehilsen<\/strong><\/h2>\n<p>Den lukkede knyttneven ville v\u00e6re emblem <strong>av foreningen av forskjellige deler<\/strong>som er satt sammen for \u00e5 bli sterkere: knyttneven, faktisk, som omslutter de fem fingrene p\u00e5 den ene h\u00e5nden, har en styrke st\u00f8rre enn summen av fingrene individuelt tatt. Derfor har det alltid blitt forst\u00e5tt som <strong>symbol p\u00e5 solidaritet og kamp<\/strong>. Hilsenen med knyttneve kan v\u00e6re <strong>utf\u00f8rt annerledes<\/strong>: med h\u00f8yre h\u00e5nd eller med venstre; holder armen n\u00e6r kroppen eller l\u00f8fter den oppover. Den n\u00f8yaktige utf\u00f8relsen har faktisk endret seg og andre av tidene og politiske bevegelser.<\/p>\n<h2>Den historiske opprinnelsen til gesten: Fra bevegelsen til krigen i Spania<\/h2>\n<p>Den lukkede knyttneven ble f\u00f8dt <strong>I det f\u00f8rste ti\u00e5ret av det tjuende \u00e5rhundre<\/strong> som en del av arbeiderbevegelsen. Den n\u00f8yaktige opprinnelsen er ikke klar, men det er sikkert at det i 1912 dukket opp p\u00e5 en <strong>Manifest som fremmet en arbeidernes streik i Budapest<\/strong>.<\/p>\n<div class=\"cp_wrapper cp_wrapper--fw mb-50\">\n<figure class=\"mm\"><picture class=\"img\" style=\"padding-top:131.86813186813%\"><source  media=\"(min-width: 1024px)\"><source  media=\"(min-width: 768px)\"><img decoding=\"async\" loading=\"lazy\" src=\"https:\/\/nordnesrepublikken.no\/wp-content\/uploads\/2025\/07\/1752364173_876_Hva-er-betydningen-av-gesten.jpg\" alt=\"Ungarsk plakat av 1912\" width=\"819\" height=\"1080\"><\/source><\/source><\/picture><\/figure>\n<\/p><\/div>\n<p>\u00c5ret etter ble metaforen til knyttneven som et symbol p\u00e5 forening brukt under et unionist -rally <strong>William \u201cBig Bill\u201d Haywood<\/strong>en av lederne i organisasjonen <strong>Industrielle verdens verdens<\/strong>i en tale under streiken av Paterson Textile Workers, i <strong>New Jersey<\/strong>. Etter f\u00f8rste verdenskrig spredte den lukkede hilsenen seg til forskjellige <strong>Venstre og anti -vaskistiske bevegelser<\/strong> og i 1924 ble han adoptert av <em>Rotter Frontk\u00e4mpferbund<\/em> (<strong>League of Fighters of the Red Front<\/strong>), den paramilit\u00e6re organisasjonen av det tyske kommunistpartiet, i motsetning til <strong>Hilsen med nazistenes anspente h\u00e5nd<\/strong>. Under <strong>Spansk borgerkrig<\/strong> (1936-1939) ble knyttneven brukt som en form for hilsen fra forskjellige komponenter i de republikanske styrkene, og under andre verdenskrig ble den opprettet i noen <strong>Motstandsbevegelser mot nazister<\/strong>.<\/p>\n<div class=\"cp_wrapper cp_wrapper--fw mb-50\">\n<figure class=\"mm\"><picture class=\"img\" style=\"padding-top:85.625%\"><source  media=\"(min-width: 1024px)\"><source  media=\"(min-width: 768px)\"><img decoding=\"async\" loading=\"lazy\" src=\"https:\/\/nordnesrepublikken.no\/wp-content\/uploads\/2025\/07\/1752364173_105_Hva-er-betydningen-av-gesten.jpg\" alt=\"Jugoslav Partisan under andre verdenskrig\" width=\"1920\" height=\"1644\" class=\"js-seedtag-img\"><\/source><\/source><\/picture><\/figure>\n<\/p><\/div>\n<h2><strong>Knyttneven stengte etter andre verdenskrig<\/strong><\/h2>\n<p>Etter krigen har den lukkede hilsenen spredd seg i en rekke politiske bevegelser. F\u00f8rst av alt ble det adoptert nesten over hele verden av <strong>militante av kommunistisk og sosialistisk ideologi<\/strong>noen ganger med navnet &laquo;<strong>R\u00f8d hilsen<\/strong>&laquo;&raquo; <strong>Progressive bevegelser<\/strong> Symboler er introdusert som inneholder knyttneven sammen med andre elementer: for eksempel <strong>Rosen i stansen<\/strong> Det er symbolet p\u00e5<strong>Sosialistisk internasjonale og sosialistiske og sosialdemokratiske partier<\/strong> av forskjellige land. I andre tilfeller er knyttneven avbildet i handlingen med \u00e5 stramme arbeidsverkt\u00f8y.<\/p>\n<div class=\"cp_wrapper cp_wrapper--fw mb-50\">\n<figure class=\"mm\"><picture class=\"img\" style=\"padding-top:164%\"><source  media=\"(min-width: 1024px)\"><source  media=\"(min-width: 768px)\"><img decoding=\"async\" loading=\"lazy\" src=\"https:\/\/nordnesrepublikken.no\/wp-content\/uploads\/2025\/07\/1752364173_643_Hva-er-betydningen-av-gesten.jpg\" alt=\"Rosa i knyttneven\" width=\"800\" height=\"1312\"><\/source><\/source><\/picture><\/figure>\n<\/p><\/div>\n<p>Den lukkede hilsenen ble ogs\u00e5 adoptert av <strong>Anti -racistiske bevegelser<\/strong>som <strong>Svart kraftbevegelse<\/strong> USA, engasjert i forsvaret av afroamerikanske statsborgernes rettigheter. I dette omr\u00e5det er den mest ber\u00f8mte hilsenen av to idrettsut\u00f8vere, <strong>Tommie Smith og John Carlos<\/strong>p\u00e5 pallen i OL i Mexico fra 1968.<\/p>\n<div class=\"cp_wrapper cp_wrapper--fw mb-50\">\n<figure class=\"mm\"><picture class=\"img\" style=\"padding-top:140%\"><source  media=\"(min-width: 1024px)\"><source  media=\"(min-width: 768px)\"><img decoding=\"async\" loading=\"lazy\" src=\"https:\/\/nordnesrepublikken.no\/wp-content\/uploads\/2025\/07\/1752364173_618_Hva-er-betydningen-av-gesten.jpg\" alt=\"Det ber\u00f8mte bildet av Smithe og Carlos\" width=\"640\" height=\"896\" class=\"js-seedtag-img\"><\/source><\/source><\/picture><\/figure>\n<\/p><\/div>\n<p>Knyttneven ble ogs\u00e5 adoptert av<strong>Afrika nasjonalkongress<\/strong>det s\u00f8rafrikanske partiet som ledet kampen mot apartheidregimet. Bildet av Nelson Mandela er spesielt kjent som, som ble utgitt i 1990 etter en lang internering, hilste p\u00e5 mengden med stansen hevet. I noen tilfeller ble ogs\u00e5 symbolikken til knyttneve vedtatt av <strong>Ekstreme h\u00f8yre bevegelser<\/strong>som den hvite supremistbevegelsen <strong>Hvit kraft<\/strong> og den israelske terrororganisasjonen <strong>Kach Kahane Party<\/strong>.<\/p>\n<div class=\"cp_wrapper  mb-50\">\n<div class=\"cbx\">\n<div class=\"cbx__collection\">\n<p>Kilder<\/p>\n<div class=\"cbx__sources\">                                                                                                                          En kort historie om &laquo;Cleched Fist&raquo; -bildet                                                                                 <\/p>\n<p>Elizabeth Gurley Flynn, Memories of the Industrial Worldrs of the World. New York, American Institute for Marxist Studies, 1977<\/p>\n<p>Jog ogbar, svart makt: Radikalpolitikk og afroamerikansk identitet. Omkonfigurering av American Political History, Johns Hopkins University Press, 2005.<\/p>\n<\/p><\/div>\n<\/p><\/div>\n<\/p><\/div>\n<\/p><\/div>\n<\/p><\/div>\n","protected":false},"excerpt":{"rendered":"<p>Hilsenen som s\u00f8rger for lukket knyttneve hevet stammer fra Arbeider- og fagforeningsbevegelse av de f\u00f8rste<\/p>\n","protected":false},"author":1,"featured_media":6925,"comment_status":"closed","ping_status":"open","sticky":false,"template":"","format":"standard","meta":{"footnotes":""},"categories":[104],"tags":[962,4488,144],"class_list":["post-6924","post","type-post","status-publish","format-standard","has-post-thumbnail","hentry","category-samfunn","tag-betydningen","tag-gesten","tag-hva","generate-columns","tablet-grid-50","mobile-grid-100","grid-parent","grid-33","resize-featured-image"],"yoast_head":"<!-- This site is optimized with the Yoast SEO plugin v24.4 - https:\/\/yoast.com\/wordpress\/plugins\/seo\/ -->\n<title>Hva er betydningen av gesten - Nordnesrepublikken<\/title>\n<meta name=\"robots\" content=\"index, follow, max-snippet:-1, max-image-preview:large, max-video-preview:-1\" \/>\n<link rel=\"canonical\" href=\"https:\/\/nordnesrepublikken.no\/index.php\/2025\/07\/13\/hva-er-betydningen-av-gesten\/\" \/>\n<meta property=\"og:locale\" content=\"nb_NO\" \/>\n<meta property=\"og:type\" content=\"article\" \/>\n<meta property=\"og:title\" content=\"Hva er betydningen av gesten - Nordnesrepublikken\" \/>\n<meta property=\"og:description\" content=\"Hilsenen som s\u00f8rger for lukket knyttneve hevet stammer fra Arbeider- og fagforeningsbevegelse av de f\u00f8rste\" \/>\n<meta property=\"og:url\" content=\"https:\/\/nordnesrepublikken.no\/index.php\/2025\/07\/13\/hva-er-betydningen-av-gesten\/\" \/>\n<meta property=\"og:site_name\" content=\"Nordnesrepublikken\" \/>\n<meta property=\"article:published_time\" content=\"2025-07-12T23:49:33+00:00\" \/>\n<meta property=\"article:modified_time\" content=\"2025-07-12T23:49:44+00:00\" \/>\n<meta property=\"og:image\" content=\"https:\/\/nordnesrepublikken.no\/wp-content\/uploads\/2025\/07\/1752364173_Hva-er-betydningen-av-gesten-scaled.jpg\" \/>\n\t<meta property=\"og:image:width\" content=\"2560\" \/>\n\t<meta property=\"og:image:height\" content=\"1708\" \/>\n\t<meta property=\"og:image:type\" content=\"image\/jpeg\" \/>\n<meta name=\"author\" content=\"Ole Andersen\" \/>\n<meta name=\"twitter:card\" content=\"summary_large_image\" \/>\n<meta name=\"twitter:label1\" content=\"Skrevet av\" \/>\n\t<meta name=\"twitter:data1\" content=\"Ole Andersen\" \/>\n\t<meta name=\"twitter:label2\" content=\"Ansl. lesetid\" \/>\n\t<meta name=\"twitter:data2\" content=\"3 minutter\" \/>\n<script type=\"application\/ld+json\" class=\"yoast-schema-graph\">{\"@context\":\"https:\/\/schema.org\",\"@graph\":[{\"@type\":\"Article\",\"@id\":\"https:\/\/nordnesrepublikken.no\/index.php\/2025\/07\/13\/hva-er-betydningen-av-gesten\/#article\",\"isPartOf\":{\"@id\":\"https:\/\/nordnesrepublikken.no\/index.php\/2025\/07\/13\/hva-er-betydningen-av-gesten\/\"},\"author\":{\"name\":\"Ole Andersen\",\"@id\":\"https:\/\/nordnesrepublikken.no\/#\/schema\/person\/2e7e81935bab77882fffb79296240ff1\"},\"headline\":\"Hva er betydningen av gesten\",\"datePublished\":\"2025-07-12T23:49:33+00:00\",\"dateModified\":\"2025-07-12T23:49:44+00:00\",\"mainEntityOfPage\":{\"@id\":\"https:\/\/nordnesrepublikken.no\/index.php\/2025\/07\/13\/hva-er-betydningen-av-gesten\/\"},\"wordCount\":616,\"publisher\":{\"@id\":\"https:\/\/nordnesrepublikken.no\/#organization\"},\"image\":{\"@id\":\"https:\/\/nordnesrepublikken.no\/index.php\/2025\/07\/13\/hva-er-betydningen-av-gesten\/#primaryimage\"},\"thumbnailUrl\":\"https:\/\/nordnesrepublikken.no\/wp-content\/uploads\/2025\/07\/1752364173_Hva-er-betydningen-av-gesten-scaled.jpg\",\"keywords\":[\"betydningen\",\"gesten\",\"Hva\"],\"articleSection\":[\"Samfunn\"],\"inLanguage\":\"nb-NO\"},{\"@type\":\"WebPage\",\"@id\":\"https:\/\/nordnesrepublikken.no\/index.php\/2025\/07\/13\/hva-er-betydningen-av-gesten\/\",\"url\":\"https:\/\/nordnesrepublikken.no\/index.php\/2025\/07\/13\/hva-er-betydningen-av-gesten\/\",\"name\":\"Hva er betydningen av gesten - Nordnesrepublikken\",\"isPartOf\":{\"@id\":\"https:\/\/nordnesrepublikken.no\/#website\"},\"primaryImageOfPage\":{\"@id\":\"https:\/\/nordnesrepublikken.no\/index.php\/2025\/07\/13\/hva-er-betydningen-av-gesten\/#primaryimage\"},\"image\":{\"@id\":\"https:\/\/nordnesrepublikken.no\/index.php\/2025\/07\/13\/hva-er-betydningen-av-gesten\/#primaryimage\"},\"thumbnailUrl\":\"https:\/\/nordnesrepublikken.no\/wp-content\/uploads\/2025\/07\/1752364173_Hva-er-betydningen-av-gesten-scaled.jpg\",\"datePublished\":\"2025-07-12T23:49:33+00:00\",\"dateModified\":\"2025-07-12T23:49:44+00:00\",\"breadcrumb\":{\"@id\":\"https:\/\/nordnesrepublikken.no\/index.php\/2025\/07\/13\/hva-er-betydningen-av-gesten\/#breadcrumb\"},\"inLanguage\":\"nb-NO\",\"potentialAction\":[{\"@type\":\"ReadAction\",\"target\":[\"https:\/\/nordnesrepublikken.no\/index.php\/2025\/07\/13\/hva-er-betydningen-av-gesten\/\"]}]},{\"@type\":\"ImageObject\",\"inLanguage\":\"nb-NO\",\"@id\":\"https:\/\/nordnesrepublikken.no\/index.php\/2025\/07\/13\/hva-er-betydningen-av-gesten\/#primaryimage\",\"url\":\"https:\/\/nordnesrepublikken.no\/wp-content\/uploads\/2025\/07\/1752364173_Hva-er-betydningen-av-gesten-scaled.jpg\",\"contentUrl\":\"https:\/\/nordnesrepublikken.no\/wp-content\/uploads\/2025\/07\/1752364173_Hva-er-betydningen-av-gesten-scaled.jpg\",\"width\":2560,\"height\":1708,\"caption\":\"pugno chiuso\"},{\"@type\":\"BreadcrumbList\",\"@id\":\"https:\/\/nordnesrepublikken.no\/index.php\/2025\/07\/13\/hva-er-betydningen-av-gesten\/#breadcrumb\",\"itemListElement\":[{\"@type\":\"ListItem\",\"position\":1,\"name\":\"Home\",\"item\":\"https:\/\/nordnesrepublikken.no\/\"},{\"@type\":\"ListItem\",\"position\":2,\"name\":\"Hva er betydningen av gesten\"}]},{\"@type\":\"WebSite\",\"@id\":\"https:\/\/nordnesrepublikken.no\/#website\",\"url\":\"https:\/\/nordnesrepublikken.no\/\",\"name\":\"Nordnesrepublikken\",\"description\":\"Stemmer og Visjoner fra Republikkens Hjerte\",\"publisher\":{\"@id\":\"https:\/\/nordnesrepublikken.no\/#organization\"},\"potentialAction\":[{\"@type\":\"SearchAction\",\"target\":{\"@type\":\"EntryPoint\",\"urlTemplate\":\"https:\/\/nordnesrepublikken.no\/?s={search_term_string}\"},\"query-input\":{\"@type\":\"PropertyValueSpecification\",\"valueRequired\":true,\"valueName\":\"search_term_string\"}}],\"inLanguage\":\"nb-NO\"},{\"@type\":\"Organization\",\"@id\":\"https:\/\/nordnesrepublikken.no\/#organization\",\"name\":\"Nordnesrepublikken\",\"url\":\"https:\/\/nordnesrepublikken.no\/\",\"logo\":{\"@type\":\"ImageObject\",\"inLanguage\":\"nb-NO\",\"@id\":\"https:\/\/nordnesrepublikken.no\/#\/schema\/logo\/image\/\",\"url\":\"https:\/\/nordnesrepublikken.no\/wp-content\/uploads\/2025\/02\/cropped-nordnesrepublikken-2.png\",\"contentUrl\":\"https:\/\/nordnesrepublikken.no\/wp-content\/uploads\/2025\/02\/cropped-nordnesrepublikken-2.png\",\"width\":1248,\"height\":362,\"caption\":\"Nordnesrepublikken\"},\"image\":{\"@id\":\"https:\/\/nordnesrepublikken.no\/#\/schema\/logo\/image\/\"}},{\"@type\":\"Person\",\"@id\":\"https:\/\/nordnesrepublikken.no\/#\/schema\/person\/2e7e81935bab77882fffb79296240ff1\",\"name\":\"Ole Andersen\",\"image\":{\"@type\":\"ImageObject\",\"inLanguage\":\"nb-NO\",\"@id\":\"https:\/\/nordnesrepublikken.no\/#\/schema\/person\/image\/\",\"url\":\"https:\/\/nordnesrepublikken.no\/wp-content\/uploads\/2025\/02\/nordnesrepublikken-2-2-150x150.jpg\",\"contentUrl\":\"https:\/\/nordnesrepublikken.no\/wp-content\/uploads\/2025\/02\/nordnesrepublikken-2-2-150x150.jpg\",\"caption\":\"Ole Andersen\"},\"description\":\"Ettersom jeg vokste opp i Oslo, har jeg alltid v\u00e6rt fascinert av ordenes kraft og deres evne til \u00e5 skape endringer. Etter \u00e5 ha fullf\u00f8rt min utdannelse i kommunikasjon ved Universitetet i Bergen, fikk jeg muligheten til \u00e5 jobbe innen ulike medier, der jeg har s\u00f8kt \u00e5 belyse viktige samfunnssp\u00f8rsm\u00e5l. I dag, som redakt\u00f8r for Nordnesrepublikken, pr\u00f8ver jeg \u00e5 forene min kj\u00e6rlighet for journalistikk med min lidenskap for innovasjon og eventyr.\",\"sameAs\":[\"https:\/\/nordnesrepublikken.no\/\"]}]}<\/script>\n<!-- \/ Yoast SEO plugin. -->","yoast_head_json":{"title":"Hva er betydningen av gesten - Nordnesrepublikken","robots":{"index":"index","follow":"follow","max-snippet":"max-snippet:-1","max-image-preview":"max-image-preview:large","max-video-preview":"max-video-preview:-1"},"canonical":"https:\/\/nordnesrepublikken.no\/index.php\/2025\/07\/13\/hva-er-betydningen-av-gesten\/","og_locale":"nb_NO","og_type":"article","og_title":"Hva er betydningen av gesten - Nordnesrepublikken","og_description":"Hilsenen som s\u00f8rger for lukket knyttneve hevet stammer fra Arbeider- og fagforeningsbevegelse av de f\u00f8rste","og_url":"https:\/\/nordnesrepublikken.no\/index.php\/2025\/07\/13\/hva-er-betydningen-av-gesten\/","og_site_name":"Nordnesrepublikken","article_published_time":"2025-07-12T23:49:33+00:00","article_modified_time":"2025-07-12T23:49:44+00:00","og_image":[{"width":2560,"height":1708,"url":"https:\/\/nordnesrepublikken.no\/wp-content\/uploads\/2025\/07\/1752364173_Hva-er-betydningen-av-gesten-scaled.jpg","type":"image\/jpeg"}],"author":"Ole Andersen","twitter_card":"summary_large_image","twitter_misc":{"Skrevet av":"Ole Andersen","Ansl. lesetid":"3 minutter"},"schema":{"@context":"https:\/\/schema.org","@graph":[{"@type":"Article","@id":"https:\/\/nordnesrepublikken.no\/index.php\/2025\/07\/13\/hva-er-betydningen-av-gesten\/#article","isPartOf":{"@id":"https:\/\/nordnesrepublikken.no\/index.php\/2025\/07\/13\/hva-er-betydningen-av-gesten\/"},"author":{"name":"Ole Andersen","@id":"https:\/\/nordnesrepublikken.no\/#\/schema\/person\/2e7e81935bab77882fffb79296240ff1"},"headline":"Hva er betydningen av gesten","datePublished":"2025-07-12T23:49:33+00:00","dateModified":"2025-07-12T23:49:44+00:00","mainEntityOfPage":{"@id":"https:\/\/nordnesrepublikken.no\/index.php\/2025\/07\/13\/hva-er-betydningen-av-gesten\/"},"wordCount":616,"publisher":{"@id":"https:\/\/nordnesrepublikken.no\/#organization"},"image":{"@id":"https:\/\/nordnesrepublikken.no\/index.php\/2025\/07\/13\/hva-er-betydningen-av-gesten\/#primaryimage"},"thumbnailUrl":"https:\/\/nordnesrepublikken.no\/wp-content\/uploads\/2025\/07\/1752364173_Hva-er-betydningen-av-gesten-scaled.jpg","keywords":["betydningen","gesten","Hva"],"articleSection":["Samfunn"],"inLanguage":"nb-NO"},{"@type":"WebPage","@id":"https:\/\/nordnesrepublikken.no\/index.php\/2025\/07\/13\/hva-er-betydningen-av-gesten\/","url":"https:\/\/nordnesrepublikken.no\/index.php\/2025\/07\/13\/hva-er-betydningen-av-gesten\/","name":"Hva er betydningen av gesten - Nordnesrepublikken","isPartOf":{"@id":"https:\/\/nordnesrepublikken.no\/#website"},"primaryImageOfPage":{"@id":"https:\/\/nordnesrepublikken.no\/index.php\/2025\/07\/13\/hva-er-betydningen-av-gesten\/#primaryimage"},"image":{"@id":"https:\/\/nordnesrepublikken.no\/index.php\/2025\/07\/13\/hva-er-betydningen-av-gesten\/#primaryimage"},"thumbnailUrl":"https:\/\/nordnesrepublikken.no\/wp-content\/uploads\/2025\/07\/1752364173_Hva-er-betydningen-av-gesten-scaled.jpg","datePublished":"2025-07-12T23:49:33+00:00","dateModified":"2025-07-12T23:49:44+00:00","breadcrumb":{"@id":"https:\/\/nordnesrepublikken.no\/index.php\/2025\/07\/13\/hva-er-betydningen-av-gesten\/#breadcrumb"},"inLanguage":"nb-NO","potentialAction":[{"@type":"ReadAction","target":["https:\/\/nordnesrepublikken.no\/index.php\/2025\/07\/13\/hva-er-betydningen-av-gesten\/"]}]},{"@type":"ImageObject","inLanguage":"nb-NO","@id":"https:\/\/nordnesrepublikken.no\/index.php\/2025\/07\/13\/hva-er-betydningen-av-gesten\/#primaryimage","url":"https:\/\/nordnesrepublikken.no\/wp-content\/uploads\/2025\/07\/1752364173_Hva-er-betydningen-av-gesten-scaled.jpg","contentUrl":"https:\/\/nordnesrepublikken.no\/wp-content\/uploads\/2025\/07\/1752364173_Hva-er-betydningen-av-gesten-scaled.jpg","width":2560,"height":1708,"caption":"pugno chiuso"},{"@type":"BreadcrumbList","@id":"https:\/\/nordnesrepublikken.no\/index.php\/2025\/07\/13\/hva-er-betydningen-av-gesten\/#breadcrumb","itemListElement":[{"@type":"ListItem","position":1,"name":"Home","item":"https:\/\/nordnesrepublikken.no\/"},{"@type":"ListItem","position":2,"name":"Hva er betydningen av gesten"}]},{"@type":"WebSite","@id":"https:\/\/nordnesrepublikken.no\/#website","url":"https:\/\/nordnesrepublikken.no\/","name":"Nordnesrepublikken","description":"Stemmer og Visjoner fra Republikkens Hjerte","publisher":{"@id":"https:\/\/nordnesrepublikken.no\/#organization"},"potentialAction":[{"@type":"SearchAction","target":{"@type":"EntryPoint","urlTemplate":"https:\/\/nordnesrepublikken.no\/?s={search_term_string}"},"query-input":{"@type":"PropertyValueSpecification","valueRequired":true,"valueName":"search_term_string"}}],"inLanguage":"nb-NO"},{"@type":"Organization","@id":"https:\/\/nordnesrepublikken.no\/#organization","name":"Nordnesrepublikken","url":"https:\/\/nordnesrepublikken.no\/","logo":{"@type":"ImageObject","inLanguage":"nb-NO","@id":"https:\/\/nordnesrepublikken.no\/#\/schema\/logo\/image\/","url":"https:\/\/nordnesrepublikken.no\/wp-content\/uploads\/2025\/02\/cropped-nordnesrepublikken-2.png","contentUrl":"https:\/\/nordnesrepublikken.no\/wp-content\/uploads\/2025\/02\/cropped-nordnesrepublikken-2.png","width":1248,"height":362,"caption":"Nordnesrepublikken"},"image":{"@id":"https:\/\/nordnesrepublikken.no\/#\/schema\/logo\/image\/"}},{"@type":"Person","@id":"https:\/\/nordnesrepublikken.no\/#\/schema\/person\/2e7e81935bab77882fffb79296240ff1","name":"Ole Andersen","image":{"@type":"ImageObject","inLanguage":"nb-NO","@id":"https:\/\/nordnesrepublikken.no\/#\/schema\/person\/image\/","url":"https:\/\/nordnesrepublikken.no\/wp-content\/uploads\/2025\/02\/nordnesrepublikken-2-2-150x150.jpg","contentUrl":"https:\/\/nordnesrepublikken.no\/wp-content\/uploads\/2025\/02\/nordnesrepublikken-2-2-150x150.jpg","caption":"Ole Andersen"},"description":"Ettersom jeg vokste opp i Oslo, har jeg alltid v\u00e6rt fascinert av ordenes kraft og deres evne til \u00e5 skape endringer. Etter \u00e5 ha fullf\u00f8rt min utdannelse i kommunikasjon ved Universitetet i Bergen, fikk jeg muligheten til \u00e5 jobbe innen ulike medier, der jeg har s\u00f8kt \u00e5 belyse viktige samfunnssp\u00f8rsm\u00e5l. I dag, som redakt\u00f8r for Nordnesrepublikken, pr\u00f8ver jeg \u00e5 forene min kj\u00e6rlighet for journalistikk med min lidenskap for innovasjon og eventyr.","sameAs":["https:\/\/nordnesrepublikken.no\/"]}]}},"_links":{"self":[{"href":"https:\/\/nordnesrepublikken.no\/index.php\/wp-json\/wp\/v2\/posts\/6924","targetHints":{"allow":["GET"]}}],"collection":[{"href":"https:\/\/nordnesrepublikken.no\/index.php\/wp-json\/wp\/v2\/posts"}],"about":[{"href":"https:\/\/nordnesrepublikken.no\/index.php\/wp-json\/wp\/v2\/types\/post"}],"author":[{"embeddable":true,"href":"https:\/\/nordnesrepublikken.no\/index.php\/wp-json\/wp\/v2\/users\/1"}],"replies":[{"embeddable":true,"href":"https:\/\/nordnesrepublikken.no\/index.php\/wp-json\/wp\/v2\/comments?post=6924"}],"version-history":[{"count":1,"href":"https:\/\/nordnesrepublikken.no\/index.php\/wp-json\/wp\/v2\/posts\/6924\/revisions"}],"predecessor-version":[{"id":6926,"href":"https:\/\/nordnesrepublikken.no\/index.php\/wp-json\/wp\/v2\/posts\/6924\/revisions\/6926"}],"wp:featuredmedia":[{"embeddable":true,"href":"https:\/\/nordnesrepublikken.no\/index.php\/wp-json\/wp\/v2\/media\/6925"}],"wp:attachment":[{"href":"https:\/\/nordnesrepublikken.no\/index.php\/wp-json\/wp\/v2\/media?parent=6924"}],"wp:term":[{"taxonomy":"category","embeddable":true,"href":"https:\/\/nordnesrepublikken.no\/index.php\/wp-json\/wp\/v2\/categories?post=6924"},{"taxonomy":"post_tag","embeddable":true,"href":"https:\/\/nordnesrepublikken.no\/index.php\/wp-json\/wp\/v2\/tags?post=6924"}],"curies":[{"name":"wp","href":"https:\/\/api.w.org\/{rel}","templated":true}]}}