{"id":6921,"date":"2025-07-13T00:49:48","date_gmt":"2025-07-12T22:49:48","guid":{"rendered":"https:\/\/nordnesrepublikken.no\/index.php\/2025\/07\/13\/alia-ctol-electric-plane-lands-i-kobenhavn-er-dette-fremtiden-for-a-fly\/"},"modified":"2025-07-13T00:50:15","modified_gmt":"2025-07-12T22:50:15","slug":"alia-ctol-electric-plane-lands-i-kobenhavn-er-dette-fremtiden-for-a-fly","status":"publish","type":"post","link":"https:\/\/nordnesrepublikken.no\/index.php\/2025\/07\/13\/alia-ctol-electric-plane-lands-i-kobenhavn-er-dette-fremtiden-for-a-fly\/","title":{"rendered":"Alia Ctol Electric Plane Lands i K\u00f8benhavn &#8211; er dette fremtiden for \u00e5 fly?"},"content":{"rendered":"<p><\/p>\n<div class=\"wordpress-content\">\n                    <!-- Article Start --><\/p>\n<p><strong>I et stort skritt mot gr\u00f8nnere luftfart, landet det f\u00f8rste elektriske flyet p\u00e5 K\u00f8benhavns lufthavn denne uken, og fullf\u00f8rte en reise fra S\u00f8nderborg (325 kilometer vest for K\u00f8benhavn) p\u00e5 omtrent en time.<\/strong><\/p>\n<p>Testflyet, utf\u00f8rt av det amerikanske selskapet Beta Technologies, markerte Danmarks f\u00f8rste elektriske innenriksfly og trakk folkemengder av journalister, flyplassarbeidere og luftfans.<\/p>\n<p>Flyet, kalt Alia CTOL, er et elektrisk fly p\u00e5 fem seter med et vingespenn p\u00e5 15 meter. Det kj\u00f8rer helt p\u00e5 str\u00f8m og avgir opp til <strong>84 prosent mindre karbondioksid enn helikoptre i lignende st\u00f8rrelse.<\/strong> I f\u00f8lge Beta Technologies kan den fly opp til 622 kilometer p\u00e5 en enkelt lading og n\u00e5 hastigheter p\u00e5 281 km\/t.<\/p>\n<div class=\"sra_unit\"><link rel=\"stylesheet\" id=\"block-sra\" href=\"https:\/\/euroweeklynews.com\/wp-content\/plugins\/snack-related-articles\/dist\/css\/snack-related.min.css?250312-193541\" type=\"text\/css\" media=\"all\">\n<\/div>\n<p>&laquo;Fremtiden er her foran oss,&raquo; sa Christian Poulsen, direkt\u00f8r for K\u00f8benhavns lufthavn, som sitert av <em>Politiken<\/em>.<\/p>\n<h2><strong>Den danske regjeringen st\u00f8tter gr\u00f8nnere flyreiser<\/strong><\/h2>\n<p>Transportminister Thomas Danielsen uttalte: &laquo;Dansker skal ikke fly mindre; de skulle fly gr\u00f8nnere.&raquo;<\/p>\n<p>Den danske regjeringen tar sikte p\u00e5 \u00e5 gj\u00f8re alle innenlandsfly som er fossilfrie innen 2030. For \u00e5 finansiere denne overgangen, betaler passasjerer n\u00e5 en flatavgift p\u00e5 13 kroner (\u20ac 1,74) per flytur. M\u00e5let er \u00e5 lage b\u00e6rekraftig infrastruktur som st\u00f8tter b\u00e5de tradisjonelle og elektriske fly.<\/p>\n<p>Til tross for spenningen, advarer eksperter om at batteriteknologi fremdeles er et stort hinder. Peter Omand Rasmussen, forsker ved Aalborg University, kalte arrangementet &laquo;OK, men det gj\u00f8r ikke en forskjell&raquo;, og likner flyet med &laquo;en elektrisk moped&raquo; i stedet for en kommersiell gamechanger (sitert av <em>Politiken<\/em>).<\/p>\n<p>Han forklarte at n\u00e5v\u00e6rende batterier er for tunge og ineffektive til \u00e5 st\u00f8tte store passasjerflyvninger. &laquo;Flytrafikk er noe av det vanskeligste \u00e5 elektrifisere,&raquo; la han til.<\/p>\n<p>Likevel innr\u00f8mmet Rasmussen at hvis forbedringer av rekkevidden lar elektriske fly fly 1000 km om gangen, kan det dekke &laquo;nesten halvparten av all lufttransport.&raquo;<\/p>\n<h2><strong>Alia Ctol Electric Plane<\/strong><\/h2>\n<p>En sentral fordel med Alia CTOL er dens evne til \u00e5 lade ved \u00e5 bruke standard elektriske kj\u00f8ret\u00f8yladere p\u00e5 bare 20\u201340 minutter. Men i Europa betyr mangelen p\u00e5 ladestasjoner p\u00e5 flyplassen at flyet m\u00e5 b\u00e6re sin egen lader.<\/p>\n<p>&laquo;Det er ingen eksisterende infrastruktur p\u00e5 bakken i Europa som det er i USA i dag,&raquo; sa Shawn Hall, Beta Technologies &#8216;Chief Revenue Officer, til <em>Euronews<\/em>.<\/p>\n<p>Ladestasjoner er ikke den eneste bekymringen. Batterier og lette materialer utgj\u00f8r ogs\u00e5 produksjonsutfordringer. J\u00f8rgen Mads Clausen, tidligere styreleder for det danske batterifirmaet Danfoss, mener &laquo;batteriteknologi for st\u00f8rre elektriske fly vil v\u00e6re tilgjengelig i l\u00f8pet av det neste ti\u00e5ret,&raquo; som rapportert av <em>Euronews<\/em>.<\/p>\n<h2><strong>Europas bredere bevegelse mot luftfart<\/strong><\/h2>\n<p>Andre nordiske land investerer ogs\u00e5 i elektrisk luftfart. Norge planlegger at alle innenlandsflyvninger skal v\u00e6re elektrisk eller hybrid innen 2040. Sverige sikter mot fossilfrie innenlandsflyvninger innen 2030, og internasjonale flyvninger innen 2045.<\/p>\n<p>Men eksperter sier at en blanding av l\u00f8sninger er n\u00f8dvendig. Lasse Stenh\u00f8j Ingvarsen fra det danske teknologiske instituttet fortalt <em>Euronews<\/em>:<br \/>\n&laquo;SAF -drivstoffet vil v\u00e6re ett verkt\u00f8y. Den elektriske vil v\u00e6re et annet. Hybridl\u00f8sningen vil v\u00e6re en tredje. Kanskje vi vil se hydrogenplan.&raquo;<\/p>\n<p>Mens flyplassdirekt\u00f8rer og politikere heier p\u00e5 de stille, karbonskj\u00e6rende flyene, sier skeptikere at hypen kan v\u00e6re for tidlig. Med gjeldende batteriets grenser og minimal lastekapasitet, er elektriske fly fortsatt langt fra \u00e5 erstatte tradisjonelle innenlandske flyselskaper.<\/p>\n<p>Se alle reisenyheter.<\/p>\n<p>                    <!-- Article End --><\/p><\/div>\n","protected":false},"excerpt":{"rendered":"<p>I et stort skritt mot gr\u00f8nnere luftfart, landet det f\u00f8rste elektriske flyet p\u00e5 K\u00f8benhavns lufthavn<\/p>\n","protected":false},"author":1,"featured_media":6922,"comment_status":"closed","ping_status":"open","sticky":false,"template":"","format":"standard","meta":{"footnotes":""},"categories":[105],"tags":[4482,4483,185,4484,618,1678,4487,4486,4485],"class_list":["post-6921","post","type-post","status-publish","format-standard","has-post-thumbnail","hentry","category-livsstil","tag-alia","tag-ctol","tag-dette","tag-electric","tag-fly","tag-fremtiden","tag-kobenhavn","tag-lands","tag-plane","generate-columns","tablet-grid-50","mobile-grid-100","grid-parent","grid-33","resize-featured-image"],"yoast_head":"<!-- This site is optimized with the Yoast SEO plugin v24.4 - https:\/\/yoast.com\/wordpress\/plugins\/seo\/ -->\n<title>Alia Ctol Electric Plane Lands i K\u00f8benhavn - er dette fremtiden for \u00e5 fly? - Nordnesrepublikken<\/title>\n<meta name=\"robots\" content=\"index, follow, max-snippet:-1, max-image-preview:large, max-video-preview:-1\" \/>\n<link rel=\"canonical\" href=\"https:\/\/nordnesrepublikken.no\/index.php\/2025\/07\/13\/alia-ctol-electric-plane-lands-i-kobenhavn-er-dette-fremtiden-for-a-fly\/\" \/>\n<meta property=\"og:locale\" content=\"nb_NO\" \/>\n<meta property=\"og:type\" content=\"article\" \/>\n<meta property=\"og:title\" content=\"Alia Ctol Electric Plane Lands i K\u00f8benhavn - er dette fremtiden for \u00e5 fly? - Nordnesrepublikken\" \/>\n<meta property=\"og:description\" content=\"I et stort skritt mot gr\u00f8nnere luftfart, landet det f\u00f8rste elektriske flyet p\u00e5 K\u00f8benhavns lufthavn\" \/>\n<meta property=\"og:url\" content=\"https:\/\/nordnesrepublikken.no\/index.php\/2025\/07\/13\/alia-ctol-electric-plane-lands-i-kobenhavn-er-dette-fremtiden-for-a-fly\/\" \/>\n<meta property=\"og:site_name\" content=\"Nordnesrepublikken\" \/>\n<meta property=\"article:published_time\" content=\"2025-07-12T22:49:48+00:00\" \/>\n<meta property=\"article:modified_time\" content=\"2025-07-12T22:50:15+00:00\" \/>\n<meta property=\"og:image\" content=\"https:\/\/nordnesrepublikken.no\/wp-content\/uploads\/2025\/07\/1752360588_Alia-Ctol-Electric-Plane-Lands-i-Kobenhavn-er-dette.png\" \/>\n\t<meta property=\"og:image:width\" content=\"1200\" \/>\n\t<meta property=\"og:image:height\" content=\"766\" \/>\n\t<meta property=\"og:image:type\" content=\"image\/png\" \/>\n<meta name=\"author\" content=\"Ole Andersen\" \/>\n<meta name=\"twitter:card\" content=\"summary_large_image\" \/>\n<meta name=\"twitter:label1\" content=\"Skrevet av\" \/>\n\t<meta name=\"twitter:data1\" content=\"Ole Andersen\" \/>\n\t<meta name=\"twitter:label2\" content=\"Ansl. lesetid\" \/>\n\t<meta name=\"twitter:data2\" content=\"3 minutter\" \/>\n<script type=\"application\/ld+json\" class=\"yoast-schema-graph\">{\"@context\":\"https:\/\/schema.org\",\"@graph\":[{\"@type\":\"Article\",\"@id\":\"https:\/\/nordnesrepublikken.no\/index.php\/2025\/07\/13\/alia-ctol-electric-plane-lands-i-kobenhavn-er-dette-fremtiden-for-a-fly\/#article\",\"isPartOf\":{\"@id\":\"https:\/\/nordnesrepublikken.no\/index.php\/2025\/07\/13\/alia-ctol-electric-plane-lands-i-kobenhavn-er-dette-fremtiden-for-a-fly\/\"},\"author\":{\"name\":\"Ole Andersen\",\"@id\":\"https:\/\/nordnesrepublikken.no\/#\/schema\/person\/2e7e81935bab77882fffb79296240ff1\"},\"headline\":\"Alia Ctol Electric Plane Lands i K\u00f8benhavn &#8211; er dette fremtiden for \u00e5 fly?\",\"datePublished\":\"2025-07-12T22:49:48+00:00\",\"dateModified\":\"2025-07-12T22:50:15+00:00\",\"mainEntityOfPage\":{\"@id\":\"https:\/\/nordnesrepublikken.no\/index.php\/2025\/07\/13\/alia-ctol-electric-plane-lands-i-kobenhavn-er-dette-fremtiden-for-a-fly\/\"},\"wordCount\":554,\"publisher\":{\"@id\":\"https:\/\/nordnesrepublikken.no\/#organization\"},\"image\":{\"@id\":\"https:\/\/nordnesrepublikken.no\/index.php\/2025\/07\/13\/alia-ctol-electric-plane-lands-i-kobenhavn-er-dette-fremtiden-for-a-fly\/#primaryimage\"},\"thumbnailUrl\":\"https:\/\/nordnesrepublikken.no\/wp-content\/uploads\/2025\/07\/1752360588_Alia-Ctol-Electric-Plane-Lands-i-Kobenhavn-er-dette.png\",\"keywords\":[\"Alia\",\"Ctol\",\"dette\",\"Electric\",\"fly\",\"fremtiden\",\"K\u00f8benhavn\",\"Lands\",\"Plane\"],\"articleSection\":[\"Livsstil\"],\"inLanguage\":\"nb-NO\"},{\"@type\":\"WebPage\",\"@id\":\"https:\/\/nordnesrepublikken.no\/index.php\/2025\/07\/13\/alia-ctol-electric-plane-lands-i-kobenhavn-er-dette-fremtiden-for-a-fly\/\",\"url\":\"https:\/\/nordnesrepublikken.no\/index.php\/2025\/07\/13\/alia-ctol-electric-plane-lands-i-kobenhavn-er-dette-fremtiden-for-a-fly\/\",\"name\":\"Alia Ctol Electric Plane Lands i K\u00f8benhavn - er dette fremtiden for \u00e5 fly? - Nordnesrepublikken\",\"isPartOf\":{\"@id\":\"https:\/\/nordnesrepublikken.no\/#website\"},\"primaryImageOfPage\":{\"@id\":\"https:\/\/nordnesrepublikken.no\/index.php\/2025\/07\/13\/alia-ctol-electric-plane-lands-i-kobenhavn-er-dette-fremtiden-for-a-fly\/#primaryimage\"},\"image\":{\"@id\":\"https:\/\/nordnesrepublikken.no\/index.php\/2025\/07\/13\/alia-ctol-electric-plane-lands-i-kobenhavn-er-dette-fremtiden-for-a-fly\/#primaryimage\"},\"thumbnailUrl\":\"https:\/\/nordnesrepublikken.no\/wp-content\/uploads\/2025\/07\/1752360588_Alia-Ctol-Electric-Plane-Lands-i-Kobenhavn-er-dette.png\",\"datePublished\":\"2025-07-12T22:49:48+00:00\",\"dateModified\":\"2025-07-12T22:50:15+00:00\",\"breadcrumb\":{\"@id\":\"https:\/\/nordnesrepublikken.no\/index.php\/2025\/07\/13\/alia-ctol-electric-plane-lands-i-kobenhavn-er-dette-fremtiden-for-a-fly\/#breadcrumb\"},\"inLanguage\":\"nb-NO\",\"potentialAction\":[{\"@type\":\"ReadAction\",\"target\":[\"https:\/\/nordnesrepublikken.no\/index.php\/2025\/07\/13\/alia-ctol-electric-plane-lands-i-kobenhavn-er-dette-fremtiden-for-a-fly\/\"]}]},{\"@type\":\"ImageObject\",\"inLanguage\":\"nb-NO\",\"@id\":\"https:\/\/nordnesrepublikken.no\/index.php\/2025\/07\/13\/alia-ctol-electric-plane-lands-i-kobenhavn-er-dette-fremtiden-for-a-fly\/#primaryimage\",\"url\":\"https:\/\/nordnesrepublikken.no\/wp-content\/uploads\/2025\/07\/1752360588_Alia-Ctol-Electric-Plane-Lands-i-Kobenhavn-er-dette.png\",\"contentUrl\":\"https:\/\/nordnesrepublikken.no\/wp-content\/uploads\/2025\/07\/1752360588_Alia-Ctol-Electric-Plane-Lands-i-Kobenhavn-er-dette.png\",\"width\":1200,\"height\":766,\"caption\":\"Alia Ctol Electric Plane Lands i K\u00f8benhavn - er dette fremtiden for \u00e5 fly?\"},{\"@type\":\"BreadcrumbList\",\"@id\":\"https:\/\/nordnesrepublikken.no\/index.php\/2025\/07\/13\/alia-ctol-electric-plane-lands-i-kobenhavn-er-dette-fremtiden-for-a-fly\/#breadcrumb\",\"itemListElement\":[{\"@type\":\"ListItem\",\"position\":1,\"name\":\"Home\",\"item\":\"https:\/\/nordnesrepublikken.no\/\"},{\"@type\":\"ListItem\",\"position\":2,\"name\":\"Alia Ctol Electric Plane Lands i K\u00f8benhavn &#8211; er dette fremtiden for \u00e5 fly?\"}]},{\"@type\":\"WebSite\",\"@id\":\"https:\/\/nordnesrepublikken.no\/#website\",\"url\":\"https:\/\/nordnesrepublikken.no\/\",\"name\":\"Nordnesrepublikken\",\"description\":\"Stemmer og Visjoner fra Republikkens Hjerte\",\"publisher\":{\"@id\":\"https:\/\/nordnesrepublikken.no\/#organization\"},\"potentialAction\":[{\"@type\":\"SearchAction\",\"target\":{\"@type\":\"EntryPoint\",\"urlTemplate\":\"https:\/\/nordnesrepublikken.no\/?s={search_term_string}\"},\"query-input\":{\"@type\":\"PropertyValueSpecification\",\"valueRequired\":true,\"valueName\":\"search_term_string\"}}],\"inLanguage\":\"nb-NO\"},{\"@type\":\"Organization\",\"@id\":\"https:\/\/nordnesrepublikken.no\/#organization\",\"name\":\"Nordnesrepublikken\",\"url\":\"https:\/\/nordnesrepublikken.no\/\",\"logo\":{\"@type\":\"ImageObject\",\"inLanguage\":\"nb-NO\",\"@id\":\"https:\/\/nordnesrepublikken.no\/#\/schema\/logo\/image\/\",\"url\":\"https:\/\/nordnesrepublikken.no\/wp-content\/uploads\/2025\/02\/cropped-nordnesrepublikken-2.png\",\"contentUrl\":\"https:\/\/nordnesrepublikken.no\/wp-content\/uploads\/2025\/02\/cropped-nordnesrepublikken-2.png\",\"width\":1248,\"height\":362,\"caption\":\"Nordnesrepublikken\"},\"image\":{\"@id\":\"https:\/\/nordnesrepublikken.no\/#\/schema\/logo\/image\/\"}},{\"@type\":\"Person\",\"@id\":\"https:\/\/nordnesrepublikken.no\/#\/schema\/person\/2e7e81935bab77882fffb79296240ff1\",\"name\":\"Ole Andersen\",\"image\":{\"@type\":\"ImageObject\",\"inLanguage\":\"nb-NO\",\"@id\":\"https:\/\/nordnesrepublikken.no\/#\/schema\/person\/image\/\",\"url\":\"https:\/\/nordnesrepublikken.no\/wp-content\/uploads\/2025\/02\/nordnesrepublikken-2-2-150x150.jpg\",\"contentUrl\":\"https:\/\/nordnesrepublikken.no\/wp-content\/uploads\/2025\/02\/nordnesrepublikken-2-2-150x150.jpg\",\"caption\":\"Ole Andersen\"},\"description\":\"Ettersom jeg vokste opp i Oslo, har jeg alltid v\u00e6rt fascinert av ordenes kraft og deres evne til \u00e5 skape endringer. Etter \u00e5 ha fullf\u00f8rt min utdannelse i kommunikasjon ved Universitetet i Bergen, fikk jeg muligheten til \u00e5 jobbe innen ulike medier, der jeg har s\u00f8kt \u00e5 belyse viktige samfunnssp\u00f8rsm\u00e5l. I dag, som redakt\u00f8r for Nordnesrepublikken, pr\u00f8ver jeg \u00e5 forene min kj\u00e6rlighet for journalistikk med min lidenskap for innovasjon og eventyr.\",\"sameAs\":[\"https:\/\/nordnesrepublikken.no\/\"]}]}<\/script>\n<!-- \/ Yoast SEO plugin. -->","yoast_head_json":{"title":"Alia Ctol Electric Plane Lands i K\u00f8benhavn - er dette fremtiden for \u00e5 fly? - Nordnesrepublikken","robots":{"index":"index","follow":"follow","max-snippet":"max-snippet:-1","max-image-preview":"max-image-preview:large","max-video-preview":"max-video-preview:-1"},"canonical":"https:\/\/nordnesrepublikken.no\/index.php\/2025\/07\/13\/alia-ctol-electric-plane-lands-i-kobenhavn-er-dette-fremtiden-for-a-fly\/","og_locale":"nb_NO","og_type":"article","og_title":"Alia Ctol Electric Plane Lands i K\u00f8benhavn - er dette fremtiden for \u00e5 fly? - Nordnesrepublikken","og_description":"I et stort skritt mot gr\u00f8nnere luftfart, landet det f\u00f8rste elektriske flyet p\u00e5 K\u00f8benhavns lufthavn","og_url":"https:\/\/nordnesrepublikken.no\/index.php\/2025\/07\/13\/alia-ctol-electric-plane-lands-i-kobenhavn-er-dette-fremtiden-for-a-fly\/","og_site_name":"Nordnesrepublikken","article_published_time":"2025-07-12T22:49:48+00:00","article_modified_time":"2025-07-12T22:50:15+00:00","og_image":[{"width":1200,"height":766,"url":"https:\/\/nordnesrepublikken.no\/wp-content\/uploads\/2025\/07\/1752360588_Alia-Ctol-Electric-Plane-Lands-i-Kobenhavn-er-dette.png","type":"image\/png"}],"author":"Ole Andersen","twitter_card":"summary_large_image","twitter_misc":{"Skrevet av":"Ole Andersen","Ansl. lesetid":"3 minutter"},"schema":{"@context":"https:\/\/schema.org","@graph":[{"@type":"Article","@id":"https:\/\/nordnesrepublikken.no\/index.php\/2025\/07\/13\/alia-ctol-electric-plane-lands-i-kobenhavn-er-dette-fremtiden-for-a-fly\/#article","isPartOf":{"@id":"https:\/\/nordnesrepublikken.no\/index.php\/2025\/07\/13\/alia-ctol-electric-plane-lands-i-kobenhavn-er-dette-fremtiden-for-a-fly\/"},"author":{"name":"Ole Andersen","@id":"https:\/\/nordnesrepublikken.no\/#\/schema\/person\/2e7e81935bab77882fffb79296240ff1"},"headline":"Alia Ctol Electric Plane Lands i K\u00f8benhavn &#8211; er dette fremtiden for \u00e5 fly?","datePublished":"2025-07-12T22:49:48+00:00","dateModified":"2025-07-12T22:50:15+00:00","mainEntityOfPage":{"@id":"https:\/\/nordnesrepublikken.no\/index.php\/2025\/07\/13\/alia-ctol-electric-plane-lands-i-kobenhavn-er-dette-fremtiden-for-a-fly\/"},"wordCount":554,"publisher":{"@id":"https:\/\/nordnesrepublikken.no\/#organization"},"image":{"@id":"https:\/\/nordnesrepublikken.no\/index.php\/2025\/07\/13\/alia-ctol-electric-plane-lands-i-kobenhavn-er-dette-fremtiden-for-a-fly\/#primaryimage"},"thumbnailUrl":"https:\/\/nordnesrepublikken.no\/wp-content\/uploads\/2025\/07\/1752360588_Alia-Ctol-Electric-Plane-Lands-i-Kobenhavn-er-dette.png","keywords":["Alia","Ctol","dette","Electric","fly","fremtiden","K\u00f8benhavn","Lands","Plane"],"articleSection":["Livsstil"],"inLanguage":"nb-NO"},{"@type":"WebPage","@id":"https:\/\/nordnesrepublikken.no\/index.php\/2025\/07\/13\/alia-ctol-electric-plane-lands-i-kobenhavn-er-dette-fremtiden-for-a-fly\/","url":"https:\/\/nordnesrepublikken.no\/index.php\/2025\/07\/13\/alia-ctol-electric-plane-lands-i-kobenhavn-er-dette-fremtiden-for-a-fly\/","name":"Alia Ctol Electric Plane Lands i K\u00f8benhavn - er dette fremtiden for \u00e5 fly? - Nordnesrepublikken","isPartOf":{"@id":"https:\/\/nordnesrepublikken.no\/#website"},"primaryImageOfPage":{"@id":"https:\/\/nordnesrepublikken.no\/index.php\/2025\/07\/13\/alia-ctol-electric-plane-lands-i-kobenhavn-er-dette-fremtiden-for-a-fly\/#primaryimage"},"image":{"@id":"https:\/\/nordnesrepublikken.no\/index.php\/2025\/07\/13\/alia-ctol-electric-plane-lands-i-kobenhavn-er-dette-fremtiden-for-a-fly\/#primaryimage"},"thumbnailUrl":"https:\/\/nordnesrepublikken.no\/wp-content\/uploads\/2025\/07\/1752360588_Alia-Ctol-Electric-Plane-Lands-i-Kobenhavn-er-dette.png","datePublished":"2025-07-12T22:49:48+00:00","dateModified":"2025-07-12T22:50:15+00:00","breadcrumb":{"@id":"https:\/\/nordnesrepublikken.no\/index.php\/2025\/07\/13\/alia-ctol-electric-plane-lands-i-kobenhavn-er-dette-fremtiden-for-a-fly\/#breadcrumb"},"inLanguage":"nb-NO","potentialAction":[{"@type":"ReadAction","target":["https:\/\/nordnesrepublikken.no\/index.php\/2025\/07\/13\/alia-ctol-electric-plane-lands-i-kobenhavn-er-dette-fremtiden-for-a-fly\/"]}]},{"@type":"ImageObject","inLanguage":"nb-NO","@id":"https:\/\/nordnesrepublikken.no\/index.php\/2025\/07\/13\/alia-ctol-electric-plane-lands-i-kobenhavn-er-dette-fremtiden-for-a-fly\/#primaryimage","url":"https:\/\/nordnesrepublikken.no\/wp-content\/uploads\/2025\/07\/1752360588_Alia-Ctol-Electric-Plane-Lands-i-Kobenhavn-er-dette.png","contentUrl":"https:\/\/nordnesrepublikken.no\/wp-content\/uploads\/2025\/07\/1752360588_Alia-Ctol-Electric-Plane-Lands-i-Kobenhavn-er-dette.png","width":1200,"height":766,"caption":"Alia Ctol Electric Plane Lands i K\u00f8benhavn - er dette fremtiden for \u00e5 fly?"},{"@type":"BreadcrumbList","@id":"https:\/\/nordnesrepublikken.no\/index.php\/2025\/07\/13\/alia-ctol-electric-plane-lands-i-kobenhavn-er-dette-fremtiden-for-a-fly\/#breadcrumb","itemListElement":[{"@type":"ListItem","position":1,"name":"Home","item":"https:\/\/nordnesrepublikken.no\/"},{"@type":"ListItem","position":2,"name":"Alia Ctol Electric Plane Lands i K\u00f8benhavn &#8211; er dette fremtiden for \u00e5 fly?"}]},{"@type":"WebSite","@id":"https:\/\/nordnesrepublikken.no\/#website","url":"https:\/\/nordnesrepublikken.no\/","name":"Nordnesrepublikken","description":"Stemmer og Visjoner fra Republikkens Hjerte","publisher":{"@id":"https:\/\/nordnesrepublikken.no\/#organization"},"potentialAction":[{"@type":"SearchAction","target":{"@type":"EntryPoint","urlTemplate":"https:\/\/nordnesrepublikken.no\/?s={search_term_string}"},"query-input":{"@type":"PropertyValueSpecification","valueRequired":true,"valueName":"search_term_string"}}],"inLanguage":"nb-NO"},{"@type":"Organization","@id":"https:\/\/nordnesrepublikken.no\/#organization","name":"Nordnesrepublikken","url":"https:\/\/nordnesrepublikken.no\/","logo":{"@type":"ImageObject","inLanguage":"nb-NO","@id":"https:\/\/nordnesrepublikken.no\/#\/schema\/logo\/image\/","url":"https:\/\/nordnesrepublikken.no\/wp-content\/uploads\/2025\/02\/cropped-nordnesrepublikken-2.png","contentUrl":"https:\/\/nordnesrepublikken.no\/wp-content\/uploads\/2025\/02\/cropped-nordnesrepublikken-2.png","width":1248,"height":362,"caption":"Nordnesrepublikken"},"image":{"@id":"https:\/\/nordnesrepublikken.no\/#\/schema\/logo\/image\/"}},{"@type":"Person","@id":"https:\/\/nordnesrepublikken.no\/#\/schema\/person\/2e7e81935bab77882fffb79296240ff1","name":"Ole Andersen","image":{"@type":"ImageObject","inLanguage":"nb-NO","@id":"https:\/\/nordnesrepublikken.no\/#\/schema\/person\/image\/","url":"https:\/\/nordnesrepublikken.no\/wp-content\/uploads\/2025\/02\/nordnesrepublikken-2-2-150x150.jpg","contentUrl":"https:\/\/nordnesrepublikken.no\/wp-content\/uploads\/2025\/02\/nordnesrepublikken-2-2-150x150.jpg","caption":"Ole Andersen"},"description":"Ettersom jeg vokste opp i Oslo, har jeg alltid v\u00e6rt fascinert av ordenes kraft og deres evne til \u00e5 skape endringer. Etter \u00e5 ha fullf\u00f8rt min utdannelse i kommunikasjon ved Universitetet i Bergen, fikk jeg muligheten til \u00e5 jobbe innen ulike medier, der jeg har s\u00f8kt \u00e5 belyse viktige samfunnssp\u00f8rsm\u00e5l. I dag, som redakt\u00f8r for Nordnesrepublikken, pr\u00f8ver jeg \u00e5 forene min kj\u00e6rlighet for journalistikk med min lidenskap for innovasjon og eventyr.","sameAs":["https:\/\/nordnesrepublikken.no\/"]}]}},"_links":{"self":[{"href":"https:\/\/nordnesrepublikken.no\/index.php\/wp-json\/wp\/v2\/posts\/6921","targetHints":{"allow":["GET"]}}],"collection":[{"href":"https:\/\/nordnesrepublikken.no\/index.php\/wp-json\/wp\/v2\/posts"}],"about":[{"href":"https:\/\/nordnesrepublikken.no\/index.php\/wp-json\/wp\/v2\/types\/post"}],"author":[{"embeddable":true,"href":"https:\/\/nordnesrepublikken.no\/index.php\/wp-json\/wp\/v2\/users\/1"}],"replies":[{"embeddable":true,"href":"https:\/\/nordnesrepublikken.no\/index.php\/wp-json\/wp\/v2\/comments?post=6921"}],"version-history":[{"count":1,"href":"https:\/\/nordnesrepublikken.no\/index.php\/wp-json\/wp\/v2\/posts\/6921\/revisions"}],"predecessor-version":[{"id":6923,"href":"https:\/\/nordnesrepublikken.no\/index.php\/wp-json\/wp\/v2\/posts\/6921\/revisions\/6923"}],"wp:featuredmedia":[{"embeddable":true,"href":"https:\/\/nordnesrepublikken.no\/index.php\/wp-json\/wp\/v2\/media\/6922"}],"wp:attachment":[{"href":"https:\/\/nordnesrepublikken.no\/index.php\/wp-json\/wp\/v2\/media?parent=6921"}],"wp:term":[{"taxonomy":"category","embeddable":true,"href":"https:\/\/nordnesrepublikken.no\/index.php\/wp-json\/wp\/v2\/categories?post=6921"},{"taxonomy":"post_tag","embeddable":true,"href":"https:\/\/nordnesrepublikken.no\/index.php\/wp-json\/wp\/v2\/tags?post=6921"}],"curies":[{"name":"wp","href":"https:\/\/api.w.org\/{rel}","templated":true}]}}