{"id":6873,"date":"2025-07-11T17:52:20","date_gmt":"2025-07-11T15:52:20","guid":{"rendered":"https:\/\/nordnesrepublikken.no\/index.php\/2025\/07\/11\/den-tekniske-analysen-av-mulige-arsaker\/"},"modified":"2025-07-11T17:52:37","modified_gmt":"2025-07-11T15:52:37","slug":"den-tekniske-analysen-av-mulige-arsaker","status":"publish","type":"post","link":"https:\/\/nordnesrepublikken.no\/index.php\/2025\/07\/11\/den-tekniske-analysen-av-mulige-arsaker\/","title":{"rendered":"den tekniske analysen av mulige \u00e5rsaker"},"content":{"rendered":"<div>\n<div class=\"cp_wrapper cp_wrapper--fw mb-30 mb-20@tablet\">\n<figure class=\"mm\"><picture class=\"img\" style=\"padding-top:56.25%\"><source  media=\"(min-width: 1024px)\"><source  media=\"(min-width: 768px)\"><\/source><\/source><\/picture><\/figure>\n<\/p><\/div>\n<p>Ulykken til<strong>Air India 171<\/strong> Det er en av de mest alvorlige ulykkene de siste tjue \u00e5rene: 12. juni 2025 klokka 13:38, a <strong>Boeing 787-8 Dreamliner<\/strong> Fra Ahmedabad og ledet til London krasjet han noen minutter etter at han for\u00e5rsaket d\u00f8den av 241 av de 242 personene om bord og 29 andre p\u00e5 bakken. Det er den f\u00f8rste d\u00f8dsulykken for denne modellen, og \u00e5rsakene er fremdeles ukjente. Ulike enheter stiller sp\u00f8rsm\u00e5l ved hendelsen, for \u00e5 forst\u00e5 om det har v\u00e6rt en feil og fremfor alt \u00e5 forst\u00e5 hvordan man kan forhindre at det skjer igjen i fremtiden. De svarte boksene vil v\u00e6re grunnleggende for etterforskningen, som vil kunne gi oss presis informasjon om hva som skjedde. Det ser ut til at de har blitt gjenfunnet i god stand, og det forventes at en fullstendig rapport vil bli produsert innen utgangen av \u00e5ret.<\/p>\n<p>Selv om episoder av denne typen kan generere rastl\u00f8shet, er det viktig \u00e5 huske at fly er utstyrt med forskjellige sikkerhetssystemer som er klare til \u00e5 gripe inn eller rapportere mulige feil og funksjonsfeil. I tillegg er det arrangert en serie protokoller, kontroller og forholdsregler som spiller en grunnleggende rolle i \u00e5 forhindre eller minimere skade. Vi analyserer derfor de mulige \u00e5rsakene til \u00e5 fremheve hva som er verkt\u00f8yene og prosedyrene som kommer i drift for \u00e5 garantere v\u00e5r sikkerhet.<\/p>\n<h2>Rollen til klaffer i Air India -ulykken<\/h2>\n<p><span style=\"font-size: 16px\">En av de mulig mest omtalte \u00e5rsakene er at det \u00e5 relatere til en<\/span><strong style=\"font-size: 16px\">Feil klaffkonfigurasjon<\/strong><span style=\"font-size: 16px\">  Pre-party. Det ville v\u00e6re en ganske sjelden hendelse: pilotene m\u00e5 faktisk utf\u00f8re en <\/span><strong style=\"font-size: 16px\">Pre-skrog sjekkliste<\/strong><span style=\"font-size: 16px\">  som inkluderer riktig plassering av klaffer og lameller. I tillegg, i tilfelle dette blir forbig\u00e5tt, i fly som Boeing 787-8, vil pilotene motta en rapport fra<\/span><strong style=\"font-size: 16px\">EICAS<\/strong><span style=\"font-size: 16px\">  (Motorsikt og varslingssystem), et system for kommunikasjon av informasjon til piloten best\u00e5ende av forskjellige skjermer, med informasjon om innstillingene og statusen til komponentene.<\/span><\/p>\n<p>Hvis den f\u00f8rste varselet ble ignorert og ta av, er <strong>Takeoff Conference System<\/strong> Den vil automatisk utf\u00f8re en test og igjen oppdage feil konfigurasjon, ville sende en ny inngang til ICAS, som ville indikere feilen med en r\u00f8d advarsel ledsaget av en lydalarm. Ikke innse at det derfor ville v\u00e6re usannsynlig og prosedyren bestemmer at hvis hastigheten reduseres og stoppomr\u00e5det er tilstrekkelig, er det<strong>Avbrudd i ta -off -prosedyren<\/strong>. Hvis vi derimot er utenfor parametrene for \u00e5 bryte man\u00f8veren, vil fortsette med take -off.<\/p>\n<p>Dette vil ikke n\u00f8dvendigvis representere en kritisk feil: med klaffer i en feil posisjon, er flyet vanskeligere \u00e5 ta av, men n\u00e5r det f\u00f8rst lyktes, skal det kunne fortsette \u00e5 ta h\u00f8yde.<br \/>I tilfelle av hastighet og angrepsvinkel, m\u00e5 du ikke overholde situasjonen, men dette vil gj\u00f8re tilstanden til <strong>Stall<\/strong>. I tillegg vil innstillingen av klaffer til en h\u00f8yere verdi medf\u00f8re overdreven aerodynamisk motstand og derfor h\u00f8yt forbruk; Tvert imot, en lavere innstilling vil kreve st\u00f8rre hastighet for \u00e5 utf\u00f8re <strong>rotasjon<\/strong> (Man\u00f8vrer som flyet l\u00f8sner fra bakken).<\/p>\n<div class=\"cp_wrapper cp_wrapper--fw mb-50\">\n<figure class=\"mm\"><picture class=\"img\" style=\"padding-top:74.97886728656%\"><source  media=\"(min-width: 1024px)\"><source  media=\"(min-width: 768px)\"><img decoding=\"async\" loading=\"lazy\" src=\"https:\/\/nordnesrepublikken.no\/wp-content\/uploads\/2025\/07\/1752249139_36_den-tekniske-analysen-av-mulige-arsaker.jpg\" alt=\"Bilde\" width=\"1183\" height=\"887\"><\/source><\/source><\/picture><\/figure>\n<\/p><\/div>\n<p>I noen videoer av hendelsen er det klart det <strong>Vogna trekkes ikke tilbake<\/strong>: Dette kan f\u00e5 en til \u00e5 tenke at en av de to pilotene kan ha gjort en feil og har \u00e5pnet klaffspaken i stedet for den for vognen. P\u00e5 denne m\u00e5ten genererer ikke bare vingene mer tilstrekkelige <strong>l\u00f8fte<\/strong>men <strong>Aerodynamisk motstand<\/strong> Del Cart bidrar til \u00e5 forverre situasjonen.<br \/>Denne hypotesen, om enn mulig, er ikke veldig realistisk, fordi spakene er fjerne og forskjellige fra hverandre og en slik feil snart vil bli rapportert av EICAS.<\/p>\n<p>Muligheten for en mekanisk feil er ogs\u00e5 til stede. Flyene blir imidlertid utsatt for <strong>Stive vedlikeholdskontroller<\/strong> Og de har en arkitektur som minimerer skade i tilfelle brudd. Klaffer styres for eksempel av to forskjellige datamaskiner (FSCC1 og FSCC2) for \u00e5 garantere <strong>Uavhengighet og redundans<\/strong>og fra en tredjedel som fungerer som en sikkerhetskopi.<br \/>Selv aktuatorene er overfl\u00f8dige, faktisk er det to distinkte hydrauliske systemer som gj\u00f8r den samme jobben, hvis den ene bryter den andre fremdeles klarer \u00e5 endre klaffens plassering. I ekstreme tilfeller er det ogs\u00e5 et n\u00f8dsystem med manuell aktivering, som er i stand til \u00e5 omg\u00e5 eventuelle beregningsmessige og mekaniske problemer.<\/p>\n<h2>Hypotesen om <em>Dobbel motorfeil <\/em>som en mulig \u00e5rsak til katastrofen<\/h2>\n<p>En annen mulig \u00e5rsak til oppmerksomhet er den av <strong>Dobbel motorfeil.<\/strong> Nok en gang kommer konseptet med redundans i spill: Faktisk, hvis den \u00f8delagte motoren bare hadde v\u00e6rt en, ville flyet absolutt ha p\u00e5virket den, men skyvet ville fortsatt ha v\u00e6rt tilstrekkelig til \u00e5 ta av og de p\u00e5f\u00f8lgende fly- og landingsfasene.<br \/>Det er imidlertid usannsynlig at to motorer skader samtidig ved ren sjanse. Dette er faktisk emne, for hver flytur, a <strong>Visuelle sjekker<\/strong> og en analyse av dataene til<strong>ECM<\/strong> (Overv\u00e5king av motorstyring). Mer spesifikke tester utf\u00f8res ogs\u00e5 et visst antall flytimer. Til dette blir ogs\u00e5 lagt til kontrollen av<strong>Hums<\/strong> (Helsebruksoverv\u00e5kingssystem), i stand til \u00e5 forutsi feilene ved \u00e5 bruke <strong>Vibrasjonsunderskrifter<\/strong>.<\/p>\n<p>En mulig samtidig svikt tilskrives oftere eksterne faktorer, for eksempel fuglestreiken. Planmotorene er imidlertid designet for \u00e5 v\u00e6re motstandsdyktige mot p\u00e5virkninger og ikke alltid virkningen med en flyktig deaktiver motoren. I dette tilfellet viser ikke filmingen av start -off tilstedev\u00e6relsen av fugler i den fasen, og de har heller ikke funnet rester p\u00e5 banen.<\/p>\n<p>Det er derfor mulig at fremdriftsproblemet ikke ble generert av motorene selv, men av drivstoffet de brukte. De <strong>brensel<\/strong> Det blir utsatt for forskjellige standarder som gj\u00f8r det sv\u00e6rt trygt i de forskjellige forholdene for temperatur og trykk. Men, men <strong>Logistikkkjeden<\/strong> Forsyning inne i flyplassen er en <strong>s\u00e5rbart poeng<\/strong>. Det er faktisk mulig at p\u00e5 grunn av kondensering eller infiltrasjoner g\u00e5r du inn i<strong>Vann i tankene<\/strong>akkurat som det er mulig at kompromisser oppst\u00e5r p\u00e5 grunn av tilstedev\u00e6relsen av <strong>bakterier og sopp<\/strong>Av <strong>faste partikler<\/strong> eller for <strong>forurensning<\/strong> med andre drivstoff.<br \/>Alt dette kan variere de kjemiske egenskapene til drivstoff, endre deres forbrenningseffektivitet, viskositet, av tomgang og skadelige filtre og motorer. Konsekvensen vil v\u00e6re et tap av makt eller til og med flammen, det vil si svingene av flammen i forbrenningskamrene.<\/p>\n<div class=\"cp_wrapper cp_wrapper--fw mb-50\">\n<figure class=\"mm\"><picture class=\"img\" style=\"padding-top:45.85448392555%\"><source  media=\"(min-width: 1024px)\"><source  media=\"(min-width: 768px)\"><img decoding=\"async\" loading=\"lazy\" src=\"https:\/\/nordnesrepublikken.no\/wp-content\/uploads\/2025\/07\/1752249139_451_den-tekniske-analysen-av-mulige-arsaker.jpg\" alt=\"Bilde\" width=\"4137\" height=\"1897\" class=\"js-seedtag-img\"><\/source><\/source><\/picture><\/figure>\n<\/p><\/div>\n<p>I dette tilfellet er sikkerhet ogs\u00e5 sterkt garantert av daglige drivstoffkontroller, ved tilstedev\u00e6relse av filtre for \u00e5 eliminere partikler, av differensialtrykkindikatorer og sensorer som er i stand til \u00e5 oppdage urenheter og tilstedev\u00e6relse av vann, samt visuelle kontroller av spesialiserte operat\u00f8rer og dokumentert sporbarhet i de forskjellige fasene.<\/p>\n<p>N\u00e5r flyet er gitt, vil eventuelle problemer bli oppdaget av et nettverk av <strong>interne sensorer<\/strong> og deretter fra <strong>FADEC<\/strong> (Full autoritet digital motorstyring), det elektroniske systemet som automatisk og fullf\u00f8rer alle motorparametere automatisk og fullf\u00f8rt. FADEC kontrollerer tenningen og nedleggelsen, mengden drivstoff som skal injiseres og griper inn for \u00e5 beskytte motoren i tilfelle farlige forhold. Den er i stand til \u00e5 overv\u00e5ke parametere som temperatur, trykk, drivstoffstr\u00f8m og kompressorhastighet, og hvis det oppdager anomale verdier, rapporterer systemet umiddelbart problemet gjennom EICAS E <strong>Handler uavhengig<\/strong> for \u00e5 rette det eller begrense effektene.<\/p>\n<p>Til tross for det store bidraget til operativ sikkerhet, kan denne autonomien representere en risiko: I sjeldne tilfeller kan FADEC ikke v\u00e6re i stand til \u00e5 h\u00e5ndtere en kritisk situasjon riktig, eller, basert p\u00e5 uriktige data levert av sensorene, kan implementere <strong>upassende endringer<\/strong> til forbrenningsparametrene, forverring eller til og med skape problemet.<br \/>Dette er et av f\u00e5 analyserte problemer som alene kan gj\u00f8re start -av -off umulig, og av denne grunn regnes det som en av de mest sannsynlige.<br \/>Mulighetene som drivstofffeilen vil kunne overvinne alle sjekkene, manifestere problemet bare i det mest kritiske \u00f8yeblikket og p\u00e5 en m\u00e5te som hemmer begge motorene, er virkelig minimale.<\/p>\n<p>N\u00e5r det gjelder svikt i motorene, er et av n\u00f8dsystemene som kommer i spill <strong>Rotte<\/strong> (Ram Air Turbine), en liten <strong>propell<\/strong> Det kommer ut under flykroppen og bruker luften for \u00e5 sl\u00e5 p\u00e5 seg selv og oppf\u00f8re seg som en <strong>dynamo<\/strong>slik at flyet uansett har tilstrekkelig <strong>Elektrisitet og hydraulisk trykk<\/strong> For \u00e5 fortsette \u00e5 f\u00e5 systemene p\u00e5 bord til \u00e5 fungere.<br \/>Den utfolder seg automatisk bare i tilfelle frav\u00e6r av energien produsert av motorene og av<strong>Apu<\/strong> (Hjelpekraftsenhet), Hjelpeelektrisk generator eller funksjonsfeil i elektrisitetsfordelingsnettverk.<br \/>I videoene av AI 171 -tragedien ser man at rotta faktisk er utplassert.<\/p>\n<div class=\"cp_wrapper cp_wrapper--fw mb-50\">\n<figure class=\"mm\"><picture class=\"img\" style=\"padding-top:75%\"><source  media=\"(min-width: 1024px)\"><source  media=\"(min-width: 768px)\"><img decoding=\"async\" loading=\"lazy\" src=\"https:\/\/nordnesrepublikken.no\/wp-content\/uploads\/2025\/07\/1752249139_602_den-tekniske-analysen-av-mulige-arsaker.jpg\" alt=\"Bilde\" width=\"1024\" height=\"768\"><\/source><\/source><\/picture><\/figure>\n<\/p><\/div>\n<h2>Overbelastning og balanse kan ha bidratt til ulykken<\/h2>\n<p>Endelig er andre problemer, som kan konkurrere om \u00e5 gj\u00f8re start vanskelig, overbelastningen av flyet eller dets uriktige balanse.<br \/>Vekten av flyet m\u00e5 ikke overstige en viss verdi, <strong>Mtow<\/strong> (Maksimal startvekt); N\u00e5r det gjelder Boeing 787-8 i sin standardkonformasjon, st\u00e5r dette p\u00e5 <strong>227,930 kg<\/strong>. Utover den verdien <strong>sikkerhet<\/strong> det skal vurderes <strong>kompromiss<\/strong> Av flere grunner, for eksempel behovet for en <strong>St\u00f8rre startavstand<\/strong>en h\u00f8yere <strong>vanskelighet<\/strong> i utf\u00f8relsen av <strong>rotasjon<\/strong>en <strong>Motorisk stress<\/strong> og a <strong>overdreven belastning p\u00e5 strukturen<\/strong> av selve flyet, s\u00e5 vel som et <strong>Reduksjon av feilmarginer<\/strong> og man\u00f8vrere i n\u00f8dstilfeller.<br \/>Ikke bare <strong>vekt<\/strong>men ogs\u00e5 hans <strong>Disposisjon<\/strong> Det er viktig: <strong>tyngdepunktet i flyet<\/strong> Faktisk m\u00e5 det v\u00e6re innenfor visse grenser \u00e5 sikre at flyet er trygt, flytende og at man\u00f8vrerbarhet ikke reduseres. Dette kommer <strong>tidligere beregnet<\/strong> Ta ogs\u00e5 hensyn til vekten av passasjerer, bagasje og drivstoff. Personalet p\u00e5 nettet vil da bekrefte at <strong>Disposisjon<\/strong> Effektiv er tilstrekkelig <strong>i tr\u00e5d med prognosen<\/strong>hvorfor noen ganger kan de be passasjerer om \u00e5 endre plass eller tvert imot for \u00e5 opprettholde stedet som er angitt i billetten.<br \/>Andre modeller har ogs\u00e5 systemer som overv\u00e5ker, gjennom sensorer p\u00e5 vognen, den faktiske plasseringen av tyngdepunktet. En feil posisjonering av sistnevnte kan f\u00f8re til flagg av flyet, vanskeligheter med \u00e5 utf\u00f8re de forskjellige man\u00f8vrene, inkludert ta -off selv og st\u00f8rre risiko for stall.<\/p>\n<h2>De <em>Sveitsisk ostemodell <\/em>For \u00e5 forklare ulykker som Air India<\/h2>\n<div class=\"cp_wrapper cp_wrapper--fw mb-50\">\n<figure class=\"mm\"><picture class=\"img\" style=\"padding-top:62.3046875%\"><source  media=\"(min-width: 1024px)\"><source  media=\"(min-width: 768px)\"><img decoding=\"async\" loading=\"lazy\" src=\"https:\/\/nordnesrepublikken.no\/wp-content\/uploads\/2025\/07\/1752249140_451_den-tekniske-analysen-av-mulige-arsaker.jpg\" alt=\"Bilde\" width=\"2560\" height=\"1595\" class=\"js-seedtag-img\"><\/source><\/source><\/picture><\/figure>\n<\/p><\/div>\n<p>Analysen av mulige \u00e5rsaker fremhevet hvordan luftfartssektoren er bygget p\u00e5 et tett nettverk av systemer designet for \u00e5 forhindre, dempe og h\u00e5ndtere alle typer anomali.<br \/>Hver komponent i planet, s\u00e5 vel som hver prosedyre, er resultatet av en dyptg\u00e5ende studie som tar sikte p\u00e5 \u00e5 garantere <strong>Maksimal sikkerhet<\/strong>.<br \/>Imidlertid blir sjeldne og komplekse hendelser som dette effektivt forklart av <strong>Sveitsisk ostemodell<\/strong>foresl\u00e5tt for f\u00f8rste gang av James Reason. Hvert sikkerhetsniv\u00e5 er representert som en barriere med mulige ufullkommenheter. Redundante systemer som fly lar deg ha noen <strong>Overlappende barrierer<\/strong>\u00e5 kompensere muligheten for at en uventet er kritisk. Dermed sammenligne dem med skiver av sveitsisk ost, de ikke veldig sannsynlige, men likevel mulig <strong>justering<\/strong> Av hullene, som representerer feilene i barrieren, kan \u00e5pne en passasje som en ulykke kan materialisere seg gjennom.<\/p>\n<p>Den sivile luftfart, klar over denne dynamikken, fortsetter \u00e5 studere alle hendelser n\u00f8ye, ikke bare for \u00e5 forst\u00e5 dens \u00e5rsaker, men fremfor alt \u00e5 styrke de eksisterende systemene ytterligere og redusere enda mer den allerede minimale sannsynligheten for at lignende episoder kan gjenta seg.<\/p>\n<\/p><\/div>\n","protected":false},"excerpt":{"rendered":"<p>Ulykken tilAir India 171 Det er en av de mest alvorlige ulykkene de siste tjue<\/p>\n","protected":false},"author":1,"featured_media":6874,"comment_status":"closed","ping_status":"open","sticky":false,"template":"","format":"standard","meta":{"footnotes":""},"categories":[24],"tags":[3370,621,74,253,3369],"class_list":["post-6873","post","type-post","status-publish","format-standard","has-post-thumbnail","hentry","category-vitenskap","tag-analysen","tag-arsaker","tag-den","tag-mulige","tag-tekniske","generate-columns","tablet-grid-50","mobile-grid-100","grid-parent","grid-33","resize-featured-image"],"yoast_head":"<!-- This site is optimized with the Yoast SEO plugin v24.4 - https:\/\/yoast.com\/wordpress\/plugins\/seo\/ -->\n<title>den tekniske analysen av mulige \u00e5rsaker - Nordnesrepublikken<\/title>\n<meta name=\"robots\" content=\"index, follow, max-snippet:-1, max-image-preview:large, max-video-preview:-1\" \/>\n<link rel=\"canonical\" href=\"https:\/\/nordnesrepublikken.no\/index.php\/2025\/07\/11\/den-tekniske-analysen-av-mulige-arsaker\/\" \/>\n<meta property=\"og:locale\" content=\"nb_NO\" \/>\n<meta property=\"og:type\" content=\"article\" \/>\n<meta property=\"og:title\" content=\"den tekniske analysen av mulige \u00e5rsaker - Nordnesrepublikken\" \/>\n<meta property=\"og:description\" content=\"Ulykken tilAir India 171 Det er en av de mest alvorlige ulykkene de siste tjue\" \/>\n<meta property=\"og:url\" content=\"https:\/\/nordnesrepublikken.no\/index.php\/2025\/07\/11\/den-tekniske-analysen-av-mulige-arsaker\/\" \/>\n<meta property=\"og:site_name\" content=\"Nordnesrepublikken\" \/>\n<meta property=\"article:published_time\" content=\"2025-07-11T15:52:20+00:00\" \/>\n<meta property=\"article:modified_time\" content=\"2025-07-11T15:52:37+00:00\" \/>\n<meta property=\"og:image\" content=\"https:\/\/nordnesrepublikken.no\/wp-content\/uploads\/2025\/07\/1752249141_den-tekniske-analysen-av-mulige-arsaker-scaled.jpg\" \/>\n\t<meta property=\"og:image:width\" content=\"2560\" \/>\n\t<meta property=\"og:image:height\" content=\"1707\" \/>\n\t<meta property=\"og:image:type\" content=\"image\/jpeg\" \/>\n<meta name=\"author\" content=\"Ole Andersen\" \/>\n<meta name=\"twitter:card\" content=\"summary_large_image\" \/>\n<meta name=\"twitter:label1\" content=\"Skrevet av\" \/>\n\t<meta name=\"twitter:data1\" content=\"Ole Andersen\" \/>\n\t<meta name=\"twitter:label2\" content=\"Ansl. lesetid\" \/>\n\t<meta name=\"twitter:data2\" content=\"9 minutter\" \/>\n<script type=\"application\/ld+json\" class=\"yoast-schema-graph\">{\"@context\":\"https:\/\/schema.org\",\"@graph\":[{\"@type\":\"Article\",\"@id\":\"https:\/\/nordnesrepublikken.no\/index.php\/2025\/07\/11\/den-tekniske-analysen-av-mulige-arsaker\/#article\",\"isPartOf\":{\"@id\":\"https:\/\/nordnesrepublikken.no\/index.php\/2025\/07\/11\/den-tekniske-analysen-av-mulige-arsaker\/\"},\"author\":{\"name\":\"Ole Andersen\",\"@id\":\"https:\/\/nordnesrepublikken.no\/#\/schema\/person\/2e7e81935bab77882fffb79296240ff1\"},\"headline\":\"den tekniske analysen av mulige \u00e5rsaker\",\"datePublished\":\"2025-07-11T15:52:20+00:00\",\"dateModified\":\"2025-07-11T15:52:37+00:00\",\"mainEntityOfPage\":{\"@id\":\"https:\/\/nordnesrepublikken.no\/index.php\/2025\/07\/11\/den-tekniske-analysen-av-mulige-arsaker\/\"},\"wordCount\":1769,\"publisher\":{\"@id\":\"https:\/\/nordnesrepublikken.no\/#organization\"},\"image\":{\"@id\":\"https:\/\/nordnesrepublikken.no\/index.php\/2025\/07\/11\/den-tekniske-analysen-av-mulige-arsaker\/#primaryimage\"},\"thumbnailUrl\":\"https:\/\/nordnesrepublikken.no\/wp-content\/uploads\/2025\/07\/1752249141_den-tekniske-analysen-av-mulige-arsaker-scaled.jpg\",\"keywords\":[\"analysen\",\"\u00e5rsaker\",\"den\",\"mulige\",\"tekniske\"],\"articleSection\":[\"Vitenskap\"],\"inLanguage\":\"nb-NO\"},{\"@type\":\"WebPage\",\"@id\":\"https:\/\/nordnesrepublikken.no\/index.php\/2025\/07\/11\/den-tekniske-analysen-av-mulige-arsaker\/\",\"url\":\"https:\/\/nordnesrepublikken.no\/index.php\/2025\/07\/11\/den-tekniske-analysen-av-mulige-arsaker\/\",\"name\":\"den tekniske analysen av mulige \u00e5rsaker - Nordnesrepublikken\",\"isPartOf\":{\"@id\":\"https:\/\/nordnesrepublikken.no\/#website\"},\"primaryImageOfPage\":{\"@id\":\"https:\/\/nordnesrepublikken.no\/index.php\/2025\/07\/11\/den-tekniske-analysen-av-mulige-arsaker\/#primaryimage\"},\"image\":{\"@id\":\"https:\/\/nordnesrepublikken.no\/index.php\/2025\/07\/11\/den-tekniske-analysen-av-mulige-arsaker\/#primaryimage\"},\"thumbnailUrl\":\"https:\/\/nordnesrepublikken.no\/wp-content\/uploads\/2025\/07\/1752249141_den-tekniske-analysen-av-mulige-arsaker-scaled.jpg\",\"datePublished\":\"2025-07-11T15:52:20+00:00\",\"dateModified\":\"2025-07-11T15:52:37+00:00\",\"breadcrumb\":{\"@id\":\"https:\/\/nordnesrepublikken.no\/index.php\/2025\/07\/11\/den-tekniske-analysen-av-mulige-arsaker\/#breadcrumb\"},\"inLanguage\":\"nb-NO\",\"potentialAction\":[{\"@type\":\"ReadAction\",\"target\":[\"https:\/\/nordnesrepublikken.no\/index.php\/2025\/07\/11\/den-tekniske-analysen-av-mulige-arsaker\/\"]}]},{\"@type\":\"ImageObject\",\"inLanguage\":\"nb-NO\",\"@id\":\"https:\/\/nordnesrepublikken.no\/index.php\/2025\/07\/11\/den-tekniske-analysen-av-mulige-arsaker\/#primaryimage\",\"url\":\"https:\/\/nordnesrepublikken.no\/wp-content\/uploads\/2025\/07\/1752249141_den-tekniske-analysen-av-mulige-arsaker-scaled.jpg\",\"contentUrl\":\"https:\/\/nordnesrepublikken.no\/wp-content\/uploads\/2025\/07\/1752249141_den-tekniske-analysen-av-mulige-arsaker-scaled.jpg\",\"width\":2560,\"height\":1707,\"caption\":\"Immagine\"},{\"@type\":\"BreadcrumbList\",\"@id\":\"https:\/\/nordnesrepublikken.no\/index.php\/2025\/07\/11\/den-tekniske-analysen-av-mulige-arsaker\/#breadcrumb\",\"itemListElement\":[{\"@type\":\"ListItem\",\"position\":1,\"name\":\"Home\",\"item\":\"https:\/\/nordnesrepublikken.no\/\"},{\"@type\":\"ListItem\",\"position\":2,\"name\":\"den tekniske analysen av mulige \u00e5rsaker\"}]},{\"@type\":\"WebSite\",\"@id\":\"https:\/\/nordnesrepublikken.no\/#website\",\"url\":\"https:\/\/nordnesrepublikken.no\/\",\"name\":\"Nordnesrepublikken\",\"description\":\"Stemmer og Visjoner fra Republikkens Hjerte\",\"publisher\":{\"@id\":\"https:\/\/nordnesrepublikken.no\/#organization\"},\"potentialAction\":[{\"@type\":\"SearchAction\",\"target\":{\"@type\":\"EntryPoint\",\"urlTemplate\":\"https:\/\/nordnesrepublikken.no\/?s={search_term_string}\"},\"query-input\":{\"@type\":\"PropertyValueSpecification\",\"valueRequired\":true,\"valueName\":\"search_term_string\"}}],\"inLanguage\":\"nb-NO\"},{\"@type\":\"Organization\",\"@id\":\"https:\/\/nordnesrepublikken.no\/#organization\",\"name\":\"Nordnesrepublikken\",\"url\":\"https:\/\/nordnesrepublikken.no\/\",\"logo\":{\"@type\":\"ImageObject\",\"inLanguage\":\"nb-NO\",\"@id\":\"https:\/\/nordnesrepublikken.no\/#\/schema\/logo\/image\/\",\"url\":\"https:\/\/nordnesrepublikken.no\/wp-content\/uploads\/2025\/02\/cropped-nordnesrepublikken-2.png\",\"contentUrl\":\"https:\/\/nordnesrepublikken.no\/wp-content\/uploads\/2025\/02\/cropped-nordnesrepublikken-2.png\",\"width\":1248,\"height\":362,\"caption\":\"Nordnesrepublikken\"},\"image\":{\"@id\":\"https:\/\/nordnesrepublikken.no\/#\/schema\/logo\/image\/\"}},{\"@type\":\"Person\",\"@id\":\"https:\/\/nordnesrepublikken.no\/#\/schema\/person\/2e7e81935bab77882fffb79296240ff1\",\"name\":\"Ole Andersen\",\"image\":{\"@type\":\"ImageObject\",\"inLanguage\":\"nb-NO\",\"@id\":\"https:\/\/nordnesrepublikken.no\/#\/schema\/person\/image\/\",\"url\":\"https:\/\/nordnesrepublikken.no\/wp-content\/uploads\/2025\/02\/nordnesrepublikken-2-2-150x150.jpg\",\"contentUrl\":\"https:\/\/nordnesrepublikken.no\/wp-content\/uploads\/2025\/02\/nordnesrepublikken-2-2-150x150.jpg\",\"caption\":\"Ole Andersen\"},\"description\":\"Ettersom jeg vokste opp i Oslo, har jeg alltid v\u00e6rt fascinert av ordenes kraft og deres evne til \u00e5 skape endringer. Etter \u00e5 ha fullf\u00f8rt min utdannelse i kommunikasjon ved Universitetet i Bergen, fikk jeg muligheten til \u00e5 jobbe innen ulike medier, der jeg har s\u00f8kt \u00e5 belyse viktige samfunnssp\u00f8rsm\u00e5l. I dag, som redakt\u00f8r for Nordnesrepublikken, pr\u00f8ver jeg \u00e5 forene min kj\u00e6rlighet for journalistikk med min lidenskap for innovasjon og eventyr.\",\"sameAs\":[\"https:\/\/nordnesrepublikken.no\/\"]}]}<\/script>\n<!-- \/ Yoast SEO plugin. -->","yoast_head_json":{"title":"den tekniske analysen av mulige \u00e5rsaker - Nordnesrepublikken","robots":{"index":"index","follow":"follow","max-snippet":"max-snippet:-1","max-image-preview":"max-image-preview:large","max-video-preview":"max-video-preview:-1"},"canonical":"https:\/\/nordnesrepublikken.no\/index.php\/2025\/07\/11\/den-tekniske-analysen-av-mulige-arsaker\/","og_locale":"nb_NO","og_type":"article","og_title":"den tekniske analysen av mulige \u00e5rsaker - Nordnesrepublikken","og_description":"Ulykken tilAir India 171 Det er en av de mest alvorlige ulykkene de siste tjue","og_url":"https:\/\/nordnesrepublikken.no\/index.php\/2025\/07\/11\/den-tekniske-analysen-av-mulige-arsaker\/","og_site_name":"Nordnesrepublikken","article_published_time":"2025-07-11T15:52:20+00:00","article_modified_time":"2025-07-11T15:52:37+00:00","og_image":[{"width":2560,"height":1707,"url":"https:\/\/nordnesrepublikken.no\/wp-content\/uploads\/2025\/07\/1752249141_den-tekniske-analysen-av-mulige-arsaker-scaled.jpg","type":"image\/jpeg"}],"author":"Ole Andersen","twitter_card":"summary_large_image","twitter_misc":{"Skrevet av":"Ole Andersen","Ansl. lesetid":"9 minutter"},"schema":{"@context":"https:\/\/schema.org","@graph":[{"@type":"Article","@id":"https:\/\/nordnesrepublikken.no\/index.php\/2025\/07\/11\/den-tekniske-analysen-av-mulige-arsaker\/#article","isPartOf":{"@id":"https:\/\/nordnesrepublikken.no\/index.php\/2025\/07\/11\/den-tekniske-analysen-av-mulige-arsaker\/"},"author":{"name":"Ole Andersen","@id":"https:\/\/nordnesrepublikken.no\/#\/schema\/person\/2e7e81935bab77882fffb79296240ff1"},"headline":"den tekniske analysen av mulige \u00e5rsaker","datePublished":"2025-07-11T15:52:20+00:00","dateModified":"2025-07-11T15:52:37+00:00","mainEntityOfPage":{"@id":"https:\/\/nordnesrepublikken.no\/index.php\/2025\/07\/11\/den-tekniske-analysen-av-mulige-arsaker\/"},"wordCount":1769,"publisher":{"@id":"https:\/\/nordnesrepublikken.no\/#organization"},"image":{"@id":"https:\/\/nordnesrepublikken.no\/index.php\/2025\/07\/11\/den-tekniske-analysen-av-mulige-arsaker\/#primaryimage"},"thumbnailUrl":"https:\/\/nordnesrepublikken.no\/wp-content\/uploads\/2025\/07\/1752249141_den-tekniske-analysen-av-mulige-arsaker-scaled.jpg","keywords":["analysen","\u00e5rsaker","den","mulige","tekniske"],"articleSection":["Vitenskap"],"inLanguage":"nb-NO"},{"@type":"WebPage","@id":"https:\/\/nordnesrepublikken.no\/index.php\/2025\/07\/11\/den-tekniske-analysen-av-mulige-arsaker\/","url":"https:\/\/nordnesrepublikken.no\/index.php\/2025\/07\/11\/den-tekniske-analysen-av-mulige-arsaker\/","name":"den tekniske analysen av mulige \u00e5rsaker - Nordnesrepublikken","isPartOf":{"@id":"https:\/\/nordnesrepublikken.no\/#website"},"primaryImageOfPage":{"@id":"https:\/\/nordnesrepublikken.no\/index.php\/2025\/07\/11\/den-tekniske-analysen-av-mulige-arsaker\/#primaryimage"},"image":{"@id":"https:\/\/nordnesrepublikken.no\/index.php\/2025\/07\/11\/den-tekniske-analysen-av-mulige-arsaker\/#primaryimage"},"thumbnailUrl":"https:\/\/nordnesrepublikken.no\/wp-content\/uploads\/2025\/07\/1752249141_den-tekniske-analysen-av-mulige-arsaker-scaled.jpg","datePublished":"2025-07-11T15:52:20+00:00","dateModified":"2025-07-11T15:52:37+00:00","breadcrumb":{"@id":"https:\/\/nordnesrepublikken.no\/index.php\/2025\/07\/11\/den-tekniske-analysen-av-mulige-arsaker\/#breadcrumb"},"inLanguage":"nb-NO","potentialAction":[{"@type":"ReadAction","target":["https:\/\/nordnesrepublikken.no\/index.php\/2025\/07\/11\/den-tekniske-analysen-av-mulige-arsaker\/"]}]},{"@type":"ImageObject","inLanguage":"nb-NO","@id":"https:\/\/nordnesrepublikken.no\/index.php\/2025\/07\/11\/den-tekniske-analysen-av-mulige-arsaker\/#primaryimage","url":"https:\/\/nordnesrepublikken.no\/wp-content\/uploads\/2025\/07\/1752249141_den-tekniske-analysen-av-mulige-arsaker-scaled.jpg","contentUrl":"https:\/\/nordnesrepublikken.no\/wp-content\/uploads\/2025\/07\/1752249141_den-tekniske-analysen-av-mulige-arsaker-scaled.jpg","width":2560,"height":1707,"caption":"Immagine"},{"@type":"BreadcrumbList","@id":"https:\/\/nordnesrepublikken.no\/index.php\/2025\/07\/11\/den-tekniske-analysen-av-mulige-arsaker\/#breadcrumb","itemListElement":[{"@type":"ListItem","position":1,"name":"Home","item":"https:\/\/nordnesrepublikken.no\/"},{"@type":"ListItem","position":2,"name":"den tekniske analysen av mulige \u00e5rsaker"}]},{"@type":"WebSite","@id":"https:\/\/nordnesrepublikken.no\/#website","url":"https:\/\/nordnesrepublikken.no\/","name":"Nordnesrepublikken","description":"Stemmer og Visjoner fra Republikkens Hjerte","publisher":{"@id":"https:\/\/nordnesrepublikken.no\/#organization"},"potentialAction":[{"@type":"SearchAction","target":{"@type":"EntryPoint","urlTemplate":"https:\/\/nordnesrepublikken.no\/?s={search_term_string}"},"query-input":{"@type":"PropertyValueSpecification","valueRequired":true,"valueName":"search_term_string"}}],"inLanguage":"nb-NO"},{"@type":"Organization","@id":"https:\/\/nordnesrepublikken.no\/#organization","name":"Nordnesrepublikken","url":"https:\/\/nordnesrepublikken.no\/","logo":{"@type":"ImageObject","inLanguage":"nb-NO","@id":"https:\/\/nordnesrepublikken.no\/#\/schema\/logo\/image\/","url":"https:\/\/nordnesrepublikken.no\/wp-content\/uploads\/2025\/02\/cropped-nordnesrepublikken-2.png","contentUrl":"https:\/\/nordnesrepublikken.no\/wp-content\/uploads\/2025\/02\/cropped-nordnesrepublikken-2.png","width":1248,"height":362,"caption":"Nordnesrepublikken"},"image":{"@id":"https:\/\/nordnesrepublikken.no\/#\/schema\/logo\/image\/"}},{"@type":"Person","@id":"https:\/\/nordnesrepublikken.no\/#\/schema\/person\/2e7e81935bab77882fffb79296240ff1","name":"Ole Andersen","image":{"@type":"ImageObject","inLanguage":"nb-NO","@id":"https:\/\/nordnesrepublikken.no\/#\/schema\/person\/image\/","url":"https:\/\/nordnesrepublikken.no\/wp-content\/uploads\/2025\/02\/nordnesrepublikken-2-2-150x150.jpg","contentUrl":"https:\/\/nordnesrepublikken.no\/wp-content\/uploads\/2025\/02\/nordnesrepublikken-2-2-150x150.jpg","caption":"Ole Andersen"},"description":"Ettersom jeg vokste opp i Oslo, har jeg alltid v\u00e6rt fascinert av ordenes kraft og deres evne til \u00e5 skape endringer. Etter \u00e5 ha fullf\u00f8rt min utdannelse i kommunikasjon ved Universitetet i Bergen, fikk jeg muligheten til \u00e5 jobbe innen ulike medier, der jeg har s\u00f8kt \u00e5 belyse viktige samfunnssp\u00f8rsm\u00e5l. I dag, som redakt\u00f8r for Nordnesrepublikken, pr\u00f8ver jeg \u00e5 forene min kj\u00e6rlighet for journalistikk med min lidenskap for innovasjon og eventyr.","sameAs":["https:\/\/nordnesrepublikken.no\/"]}]}},"_links":{"self":[{"href":"https:\/\/nordnesrepublikken.no\/index.php\/wp-json\/wp\/v2\/posts\/6873","targetHints":{"allow":["GET"]}}],"collection":[{"href":"https:\/\/nordnesrepublikken.no\/index.php\/wp-json\/wp\/v2\/posts"}],"about":[{"href":"https:\/\/nordnesrepublikken.no\/index.php\/wp-json\/wp\/v2\/types\/post"}],"author":[{"embeddable":true,"href":"https:\/\/nordnesrepublikken.no\/index.php\/wp-json\/wp\/v2\/users\/1"}],"replies":[{"embeddable":true,"href":"https:\/\/nordnesrepublikken.no\/index.php\/wp-json\/wp\/v2\/comments?post=6873"}],"version-history":[{"count":1,"href":"https:\/\/nordnesrepublikken.no\/index.php\/wp-json\/wp\/v2\/posts\/6873\/revisions"}],"predecessor-version":[{"id":6875,"href":"https:\/\/nordnesrepublikken.no\/index.php\/wp-json\/wp\/v2\/posts\/6873\/revisions\/6875"}],"wp:featuredmedia":[{"embeddable":true,"href":"https:\/\/nordnesrepublikken.no\/index.php\/wp-json\/wp\/v2\/media\/6874"}],"wp:attachment":[{"href":"https:\/\/nordnesrepublikken.no\/index.php\/wp-json\/wp\/v2\/media?parent=6873"}],"wp:term":[{"taxonomy":"category","embeddable":true,"href":"https:\/\/nordnesrepublikken.no\/index.php\/wp-json\/wp\/v2\/categories?post=6873"},{"taxonomy":"post_tag","embeddable":true,"href":"https:\/\/nordnesrepublikken.no\/index.php\/wp-json\/wp\/v2\/tags?post=6873"}],"curies":[{"name":"wp","href":"https:\/\/api.w.org\/{rel}","templated":true}]}}