{"id":6867,"date":"2025-07-11T13:50:35","date_gmt":"2025-07-11T11:50:35","guid":{"rendered":"https:\/\/nordnesrepublikken.no\/index.php\/2025\/07\/11\/glasgow-airport-summer-strike-bekreftet-pa-grunn-av-lonnstvist\/"},"modified":"2025-07-11T13:50:37","modified_gmt":"2025-07-11T11:50:37","slug":"glasgow-airport-summer-strike-bekreftet-pa-grunn-av-lonnstvist","status":"publish","type":"post","link":"https:\/\/nordnesrepublikken.no\/index.php\/2025\/07\/11\/glasgow-airport-summer-strike-bekreftet-pa-grunn-av-lonnstvist\/","title":{"rendered":"Glasgow Airport Summer Strike bekreftet p\u00e5 grunn av l\u00f8nnstvist"},"content":{"rendered":"<p><\/p>\n<div class=\"wordpress-content\">\n                    <!-- Article Start --><\/p>\n<p><strong>Rundt 100 ansatte i Glasgow flyplass vil streike fra 24. til 26. juli over en l\u00f8nnsrekke, forene unionen bekrefter-et trekk som sannsynligvis vil for\u00e5rsake forstyrrelser i l\u00f8pet av toppsesongen.<\/strong><\/p>\n<p>Den 48 timers walkout begynner klokken 06:00 torsdag 24. juli og avsluttes klokken 05:59 l\u00f8rdag 26. juli, og p\u00e5virker ingeni\u00f8rer, ledere og st\u00f8tteansvarlige i Airside. Streiken sammenfaller med Skottlands travle rettferdige fjorten dager og markerer den f\u00f8rste store ferieforstyrrelsen siden flyplassen ble kj\u00f8pt av AviLiance i en avtale p\u00e5 1,53 milliarder pund (1,8 milliarder euro) tidligere i \u00e5r.<\/p>\n<p>Unite hevder streiken ble uunng\u00e5elig etter m\u00e5neder med mislykkede forhandlinger og et tilbud p\u00e5 4 prosent, som arbeidere avviste. Unionsmedlemmer ved Glasgow Airport Limited stemte 98,7 prosent til fordel for industriell handling, og krevde et bedre tilbud fra ledelsen.<\/p>\n<div class=\"sra_unit\"><link rel=\"stylesheet\" id=\"block-sra\" href=\"https:\/\/euroweeklynews.com\/wp-content\/plugins\/snack-related-articles\/dist\/css\/snack-related.min.css?250312-193541\" type=\"text\/css\" media=\"all\">\n<\/div>\n<p>UNITE generalsekret\u00e6r Sharon Graham sa:<\/p>\n<p>&laquo;Summer Strike Action er n\u00e5 uunng\u00e5elig med mindre eiere av Glasgow flyplass kommer til sans. Vi vil st\u00f8tte medlemmene v\u00e5re hvert trinn i veien i deres kamp for bedre jobber, l\u00f8nn og betingelser.&raquo; (Sitert av <em>BBC News<\/em>).<\/p>\n<p>Unites Pat McIlvogue sa:<\/p>\n<p>&laquo;Glasgow Airport Limited gir det laveste l\u00f8nnstilbudet til tross for at det er det mest l\u00f8nnsomme selskapet p\u00e5 flyplassen. Det er det eneste selskapet som eskalerer en tvist, og de ser ut til \u00e5 \u00f8delegge for en kamp i stedet for \u00e5 pr\u00f8ve \u00e5 l\u00f8se tvisten.&raquo; (Sitert av <em>Skotsmanet<\/em>).<\/p>\n<h2><strong>Flyplassen sier at l\u00f8nnstilbudet er &laquo;rettferdig og over inflasjonen&raquo;<\/strong><\/h2>\n<p>En talsperson for AGS Airports, som eier Glasgow flyplass, uttrykte skuffelse over streikevedtaket:<\/p>\n<p>&laquo;Vi har lagt frem et tilbud p\u00e5 4 prosent, som representerer en l\u00f8nns\u00f8kning ovenfor. Til tross for at vi har oppn\u00e5dd enighet med 80 prosent av v\u00e5re ansatte p\u00e5 tvers av AGS flyplasser over l\u00f8nn, har tilbudet v\u00e5rt blitt avvist av 75 ansatte p\u00e5 Glasgow Airport&raquo; (<em>Skotsmanet<\/em>).<\/p>\n<p>Selskapet la til at det ville implementere beredskapsplaner for \u00e5 minimere forstyrrelser for passasjerer.<\/p>\n<p>I mellomtiden har de fleste andre tvister som involverer over 700 arbeidere p\u00e5 Glasgow flyplass blitt avgjort, inkludert:<\/p>\n<ul>\n<li>250 IKTS Sikkerhetss\u00f8kestab som sikrer en l\u00f8nns\u00f8kning p\u00e5 5 prosent<\/li>\n<li>300 Menzies luftfartspersonell samtykker til \u00f8kning mellom 4 og 10 prosent<\/li>\n<li>50 Falck brannmenn som aksepterer en \u00f8kning p\u00e5 4,5 prosent<\/li>\n<li>140 arbeidere ved ABM og OCS n\u00e5r ogs\u00e5 l\u00f8nnsavtaler<\/li>\n<\/ul>\n<p>Imidlertid forblir 100 Swissport Ground -ansatte i strid om ROTAS og helse og sikkerhet. Et nytt tilbud blir vurdert, og hvis avvist, kan Unite ha en full stemmeseddel.<\/p>\n<p>Mens flyplassen insisterer p\u00e5 at den vil holde forstyrrelser i et minimum, dekker streiken viktige roller i luftkanten, ingeni\u00f8rvitenskap og passasjerst\u00f8tte.<\/p>\n<p>Se alle reisenyheter.<\/p>\n<p>                    <!-- Article End --><\/p><\/div>\n","protected":false},"excerpt":{"rendered":"<p>Rundt 100 ansatte i Glasgow flyplass vil streike fra 24. til 26. juli over en<\/p>\n","protected":false},"author":1,"featured_media":6868,"comment_status":"closed","ping_status":"open","sticky":false,"template":"","format":"standard","meta":{"footnotes":""},"categories":[105],"tags":[2668,3234,4430,576,4433,81,4432,4431],"class_list":["post-6867","post","type-post","status-publish","format-standard","has-post-thumbnail","hentry","category-livsstil","tag-airport","tag-bekreftet","tag-glasgow","tag-grunn","tag-lonnstvist","tag-pa","tag-strike","tag-summer","generate-columns","tablet-grid-50","mobile-grid-100","grid-parent","grid-33","resize-featured-image"],"yoast_head":"<!-- This site is optimized with the Yoast SEO plugin v24.4 - https:\/\/yoast.com\/wordpress\/plugins\/seo\/ -->\n<title>Glasgow Airport Summer Strike bekreftet p\u00e5 grunn av l\u00f8nnstvist - Nordnesrepublikken<\/title>\n<meta name=\"robots\" content=\"index, follow, max-snippet:-1, max-image-preview:large, max-video-preview:-1\" \/>\n<link rel=\"canonical\" href=\"https:\/\/nordnesrepublikken.no\/index.php\/2025\/07\/11\/glasgow-airport-summer-strike-bekreftet-pa-grunn-av-lonnstvist\/\" \/>\n<meta property=\"og:locale\" content=\"nb_NO\" \/>\n<meta property=\"og:type\" content=\"article\" \/>\n<meta property=\"og:title\" content=\"Glasgow Airport Summer Strike bekreftet p\u00e5 grunn av l\u00f8nnstvist - Nordnesrepublikken\" \/>\n<meta property=\"og:description\" content=\"Rundt 100 ansatte i Glasgow flyplass vil streike fra 24. til 26. juli over en\" \/>\n<meta property=\"og:url\" content=\"https:\/\/nordnesrepublikken.no\/index.php\/2025\/07\/11\/glasgow-airport-summer-strike-bekreftet-pa-grunn-av-lonnstvist\/\" \/>\n<meta property=\"og:site_name\" content=\"Nordnesrepublikken\" \/>\n<meta property=\"article:published_time\" content=\"2025-07-11T11:50:35+00:00\" \/>\n<meta property=\"article:modified_time\" content=\"2025-07-11T11:50:37+00:00\" \/>\n<meta property=\"og:image\" content=\"https:\/\/nordnesrepublikken.no\/wp-content\/uploads\/2025\/07\/1752234635_Glasgow-Airport-Summer-Strike-bekreftet-pa-grunn-av-lonnstvist.jpg\" \/>\n\t<meta property=\"og:image:width\" content=\"1200\" \/>\n\t<meta property=\"og:image:height\" content=\"800\" \/>\n\t<meta property=\"og:image:type\" content=\"image\/jpeg\" \/>\n<meta name=\"author\" content=\"Ole Andersen\" \/>\n<meta name=\"twitter:card\" content=\"summary_large_image\" \/>\n<meta name=\"twitter:label1\" content=\"Skrevet av\" \/>\n\t<meta name=\"twitter:data1\" content=\"Ole Andersen\" \/>\n\t<meta name=\"twitter:label2\" content=\"Ansl. lesetid\" \/>\n\t<meta name=\"twitter:data2\" content=\"2 minutter\" \/>\n<script type=\"application\/ld+json\" class=\"yoast-schema-graph\">{\"@context\":\"https:\/\/schema.org\",\"@graph\":[{\"@type\":\"Article\",\"@id\":\"https:\/\/nordnesrepublikken.no\/index.php\/2025\/07\/11\/glasgow-airport-summer-strike-bekreftet-pa-grunn-av-lonnstvist\/#article\",\"isPartOf\":{\"@id\":\"https:\/\/nordnesrepublikken.no\/index.php\/2025\/07\/11\/glasgow-airport-summer-strike-bekreftet-pa-grunn-av-lonnstvist\/\"},\"author\":{\"name\":\"Ole Andersen\",\"@id\":\"https:\/\/nordnesrepublikken.no\/#\/schema\/person\/2e7e81935bab77882fffb79296240ff1\"},\"headline\":\"Glasgow Airport Summer Strike bekreftet p\u00e5 grunn av l\u00f8nnstvist\",\"datePublished\":\"2025-07-11T11:50:35+00:00\",\"dateModified\":\"2025-07-11T11:50:37+00:00\",\"mainEntityOfPage\":{\"@id\":\"https:\/\/nordnesrepublikken.no\/index.php\/2025\/07\/11\/glasgow-airport-summer-strike-bekreftet-pa-grunn-av-lonnstvist\/\"},\"wordCount\":429,\"publisher\":{\"@id\":\"https:\/\/nordnesrepublikken.no\/#organization\"},\"image\":{\"@id\":\"https:\/\/nordnesrepublikken.no\/index.php\/2025\/07\/11\/glasgow-airport-summer-strike-bekreftet-pa-grunn-av-lonnstvist\/#primaryimage\"},\"thumbnailUrl\":\"https:\/\/nordnesrepublikken.no\/wp-content\/uploads\/2025\/07\/1752234635_Glasgow-Airport-Summer-Strike-bekreftet-pa-grunn-av-lonnstvist.jpg\",\"keywords\":[\"Airport\",\"bekreftet\",\"Glasgow\",\"grunn\",\"l\u00f8nnstvist\",\"p\u00e5\",\"Strike\",\"Summer\"],\"articleSection\":[\"Livsstil\"],\"inLanguage\":\"nb-NO\"},{\"@type\":\"WebPage\",\"@id\":\"https:\/\/nordnesrepublikken.no\/index.php\/2025\/07\/11\/glasgow-airport-summer-strike-bekreftet-pa-grunn-av-lonnstvist\/\",\"url\":\"https:\/\/nordnesrepublikken.no\/index.php\/2025\/07\/11\/glasgow-airport-summer-strike-bekreftet-pa-grunn-av-lonnstvist\/\",\"name\":\"Glasgow Airport Summer Strike bekreftet p\u00e5 grunn av l\u00f8nnstvist - Nordnesrepublikken\",\"isPartOf\":{\"@id\":\"https:\/\/nordnesrepublikken.no\/#website\"},\"primaryImageOfPage\":{\"@id\":\"https:\/\/nordnesrepublikken.no\/index.php\/2025\/07\/11\/glasgow-airport-summer-strike-bekreftet-pa-grunn-av-lonnstvist\/#primaryimage\"},\"image\":{\"@id\":\"https:\/\/nordnesrepublikken.no\/index.php\/2025\/07\/11\/glasgow-airport-summer-strike-bekreftet-pa-grunn-av-lonnstvist\/#primaryimage\"},\"thumbnailUrl\":\"https:\/\/nordnesrepublikken.no\/wp-content\/uploads\/2025\/07\/1752234635_Glasgow-Airport-Summer-Strike-bekreftet-pa-grunn-av-lonnstvist.jpg\",\"datePublished\":\"2025-07-11T11:50:35+00:00\",\"dateModified\":\"2025-07-11T11:50:37+00:00\",\"breadcrumb\":{\"@id\":\"https:\/\/nordnesrepublikken.no\/index.php\/2025\/07\/11\/glasgow-airport-summer-strike-bekreftet-pa-grunn-av-lonnstvist\/#breadcrumb\"},\"inLanguage\":\"nb-NO\",\"potentialAction\":[{\"@type\":\"ReadAction\",\"target\":[\"https:\/\/nordnesrepublikken.no\/index.php\/2025\/07\/11\/glasgow-airport-summer-strike-bekreftet-pa-grunn-av-lonnstvist\/\"]}]},{\"@type\":\"ImageObject\",\"inLanguage\":\"nb-NO\",\"@id\":\"https:\/\/nordnesrepublikken.no\/index.php\/2025\/07\/11\/glasgow-airport-summer-strike-bekreftet-pa-grunn-av-lonnstvist\/#primaryimage\",\"url\":\"https:\/\/nordnesrepublikken.no\/wp-content\/uploads\/2025\/07\/1752234635_Glasgow-Airport-Summer-Strike-bekreftet-pa-grunn-av-lonnstvist.jpg\",\"contentUrl\":\"https:\/\/nordnesrepublikken.no\/wp-content\/uploads\/2025\/07\/1752234635_Glasgow-Airport-Summer-Strike-bekreftet-pa-grunn-av-lonnstvist.jpg\",\"width\":1200,\"height\":800,\"caption\":\"Glasgow Airport Summer Strike bekreftet p\u00e5 grunn av l\u00f8nnstvist\"},{\"@type\":\"BreadcrumbList\",\"@id\":\"https:\/\/nordnesrepublikken.no\/index.php\/2025\/07\/11\/glasgow-airport-summer-strike-bekreftet-pa-grunn-av-lonnstvist\/#breadcrumb\",\"itemListElement\":[{\"@type\":\"ListItem\",\"position\":1,\"name\":\"Home\",\"item\":\"https:\/\/nordnesrepublikken.no\/\"},{\"@type\":\"ListItem\",\"position\":2,\"name\":\"Glasgow Airport Summer Strike bekreftet p\u00e5 grunn av l\u00f8nnstvist\"}]},{\"@type\":\"WebSite\",\"@id\":\"https:\/\/nordnesrepublikken.no\/#website\",\"url\":\"https:\/\/nordnesrepublikken.no\/\",\"name\":\"Nordnesrepublikken\",\"description\":\"Stemmer og Visjoner fra Republikkens Hjerte\",\"publisher\":{\"@id\":\"https:\/\/nordnesrepublikken.no\/#organization\"},\"potentialAction\":[{\"@type\":\"SearchAction\",\"target\":{\"@type\":\"EntryPoint\",\"urlTemplate\":\"https:\/\/nordnesrepublikken.no\/?s={search_term_string}\"},\"query-input\":{\"@type\":\"PropertyValueSpecification\",\"valueRequired\":true,\"valueName\":\"search_term_string\"}}],\"inLanguage\":\"nb-NO\"},{\"@type\":\"Organization\",\"@id\":\"https:\/\/nordnesrepublikken.no\/#organization\",\"name\":\"Nordnesrepublikken\",\"url\":\"https:\/\/nordnesrepublikken.no\/\",\"logo\":{\"@type\":\"ImageObject\",\"inLanguage\":\"nb-NO\",\"@id\":\"https:\/\/nordnesrepublikken.no\/#\/schema\/logo\/image\/\",\"url\":\"https:\/\/nordnesrepublikken.no\/wp-content\/uploads\/2025\/02\/cropped-nordnesrepublikken-2.png\",\"contentUrl\":\"https:\/\/nordnesrepublikken.no\/wp-content\/uploads\/2025\/02\/cropped-nordnesrepublikken-2.png\",\"width\":1248,\"height\":362,\"caption\":\"Nordnesrepublikken\"},\"image\":{\"@id\":\"https:\/\/nordnesrepublikken.no\/#\/schema\/logo\/image\/\"}},{\"@type\":\"Person\",\"@id\":\"https:\/\/nordnesrepublikken.no\/#\/schema\/person\/2e7e81935bab77882fffb79296240ff1\",\"name\":\"Ole Andersen\",\"image\":{\"@type\":\"ImageObject\",\"inLanguage\":\"nb-NO\",\"@id\":\"https:\/\/nordnesrepublikken.no\/#\/schema\/person\/image\/\",\"url\":\"https:\/\/nordnesrepublikken.no\/wp-content\/uploads\/2025\/02\/nordnesrepublikken-2-2-150x150.jpg\",\"contentUrl\":\"https:\/\/nordnesrepublikken.no\/wp-content\/uploads\/2025\/02\/nordnesrepublikken-2-2-150x150.jpg\",\"caption\":\"Ole Andersen\"},\"description\":\"Ettersom jeg vokste opp i Oslo, har jeg alltid v\u00e6rt fascinert av ordenes kraft og deres evne til \u00e5 skape endringer. Etter \u00e5 ha fullf\u00f8rt min utdannelse i kommunikasjon ved Universitetet i Bergen, fikk jeg muligheten til \u00e5 jobbe innen ulike medier, der jeg har s\u00f8kt \u00e5 belyse viktige samfunnssp\u00f8rsm\u00e5l. I dag, som redakt\u00f8r for Nordnesrepublikken, pr\u00f8ver jeg \u00e5 forene min kj\u00e6rlighet for journalistikk med min lidenskap for innovasjon og eventyr.\",\"sameAs\":[\"https:\/\/nordnesrepublikken.no\/\"]}]}<\/script>\n<!-- \/ Yoast SEO plugin. -->","yoast_head_json":{"title":"Glasgow Airport Summer Strike bekreftet p\u00e5 grunn av l\u00f8nnstvist - Nordnesrepublikken","robots":{"index":"index","follow":"follow","max-snippet":"max-snippet:-1","max-image-preview":"max-image-preview:large","max-video-preview":"max-video-preview:-1"},"canonical":"https:\/\/nordnesrepublikken.no\/index.php\/2025\/07\/11\/glasgow-airport-summer-strike-bekreftet-pa-grunn-av-lonnstvist\/","og_locale":"nb_NO","og_type":"article","og_title":"Glasgow Airport Summer Strike bekreftet p\u00e5 grunn av l\u00f8nnstvist - Nordnesrepublikken","og_description":"Rundt 100 ansatte i Glasgow flyplass vil streike fra 24. til 26. juli over en","og_url":"https:\/\/nordnesrepublikken.no\/index.php\/2025\/07\/11\/glasgow-airport-summer-strike-bekreftet-pa-grunn-av-lonnstvist\/","og_site_name":"Nordnesrepublikken","article_published_time":"2025-07-11T11:50:35+00:00","article_modified_time":"2025-07-11T11:50:37+00:00","og_image":[{"width":1200,"height":800,"url":"https:\/\/nordnesrepublikken.no\/wp-content\/uploads\/2025\/07\/1752234635_Glasgow-Airport-Summer-Strike-bekreftet-pa-grunn-av-lonnstvist.jpg","type":"image\/jpeg"}],"author":"Ole Andersen","twitter_card":"summary_large_image","twitter_misc":{"Skrevet av":"Ole Andersen","Ansl. lesetid":"2 minutter"},"schema":{"@context":"https:\/\/schema.org","@graph":[{"@type":"Article","@id":"https:\/\/nordnesrepublikken.no\/index.php\/2025\/07\/11\/glasgow-airport-summer-strike-bekreftet-pa-grunn-av-lonnstvist\/#article","isPartOf":{"@id":"https:\/\/nordnesrepublikken.no\/index.php\/2025\/07\/11\/glasgow-airport-summer-strike-bekreftet-pa-grunn-av-lonnstvist\/"},"author":{"name":"Ole Andersen","@id":"https:\/\/nordnesrepublikken.no\/#\/schema\/person\/2e7e81935bab77882fffb79296240ff1"},"headline":"Glasgow Airport Summer Strike bekreftet p\u00e5 grunn av l\u00f8nnstvist","datePublished":"2025-07-11T11:50:35+00:00","dateModified":"2025-07-11T11:50:37+00:00","mainEntityOfPage":{"@id":"https:\/\/nordnesrepublikken.no\/index.php\/2025\/07\/11\/glasgow-airport-summer-strike-bekreftet-pa-grunn-av-lonnstvist\/"},"wordCount":429,"publisher":{"@id":"https:\/\/nordnesrepublikken.no\/#organization"},"image":{"@id":"https:\/\/nordnesrepublikken.no\/index.php\/2025\/07\/11\/glasgow-airport-summer-strike-bekreftet-pa-grunn-av-lonnstvist\/#primaryimage"},"thumbnailUrl":"https:\/\/nordnesrepublikken.no\/wp-content\/uploads\/2025\/07\/1752234635_Glasgow-Airport-Summer-Strike-bekreftet-pa-grunn-av-lonnstvist.jpg","keywords":["Airport","bekreftet","Glasgow","grunn","l\u00f8nnstvist","p\u00e5","Strike","Summer"],"articleSection":["Livsstil"],"inLanguage":"nb-NO"},{"@type":"WebPage","@id":"https:\/\/nordnesrepublikken.no\/index.php\/2025\/07\/11\/glasgow-airport-summer-strike-bekreftet-pa-grunn-av-lonnstvist\/","url":"https:\/\/nordnesrepublikken.no\/index.php\/2025\/07\/11\/glasgow-airport-summer-strike-bekreftet-pa-grunn-av-lonnstvist\/","name":"Glasgow Airport Summer Strike bekreftet p\u00e5 grunn av l\u00f8nnstvist - Nordnesrepublikken","isPartOf":{"@id":"https:\/\/nordnesrepublikken.no\/#website"},"primaryImageOfPage":{"@id":"https:\/\/nordnesrepublikken.no\/index.php\/2025\/07\/11\/glasgow-airport-summer-strike-bekreftet-pa-grunn-av-lonnstvist\/#primaryimage"},"image":{"@id":"https:\/\/nordnesrepublikken.no\/index.php\/2025\/07\/11\/glasgow-airport-summer-strike-bekreftet-pa-grunn-av-lonnstvist\/#primaryimage"},"thumbnailUrl":"https:\/\/nordnesrepublikken.no\/wp-content\/uploads\/2025\/07\/1752234635_Glasgow-Airport-Summer-Strike-bekreftet-pa-grunn-av-lonnstvist.jpg","datePublished":"2025-07-11T11:50:35+00:00","dateModified":"2025-07-11T11:50:37+00:00","breadcrumb":{"@id":"https:\/\/nordnesrepublikken.no\/index.php\/2025\/07\/11\/glasgow-airport-summer-strike-bekreftet-pa-grunn-av-lonnstvist\/#breadcrumb"},"inLanguage":"nb-NO","potentialAction":[{"@type":"ReadAction","target":["https:\/\/nordnesrepublikken.no\/index.php\/2025\/07\/11\/glasgow-airport-summer-strike-bekreftet-pa-grunn-av-lonnstvist\/"]}]},{"@type":"ImageObject","inLanguage":"nb-NO","@id":"https:\/\/nordnesrepublikken.no\/index.php\/2025\/07\/11\/glasgow-airport-summer-strike-bekreftet-pa-grunn-av-lonnstvist\/#primaryimage","url":"https:\/\/nordnesrepublikken.no\/wp-content\/uploads\/2025\/07\/1752234635_Glasgow-Airport-Summer-Strike-bekreftet-pa-grunn-av-lonnstvist.jpg","contentUrl":"https:\/\/nordnesrepublikken.no\/wp-content\/uploads\/2025\/07\/1752234635_Glasgow-Airport-Summer-Strike-bekreftet-pa-grunn-av-lonnstvist.jpg","width":1200,"height":800,"caption":"Glasgow Airport Summer Strike bekreftet p\u00e5 grunn av l\u00f8nnstvist"},{"@type":"BreadcrumbList","@id":"https:\/\/nordnesrepublikken.no\/index.php\/2025\/07\/11\/glasgow-airport-summer-strike-bekreftet-pa-grunn-av-lonnstvist\/#breadcrumb","itemListElement":[{"@type":"ListItem","position":1,"name":"Home","item":"https:\/\/nordnesrepublikken.no\/"},{"@type":"ListItem","position":2,"name":"Glasgow Airport Summer Strike bekreftet p\u00e5 grunn av l\u00f8nnstvist"}]},{"@type":"WebSite","@id":"https:\/\/nordnesrepublikken.no\/#website","url":"https:\/\/nordnesrepublikken.no\/","name":"Nordnesrepublikken","description":"Stemmer og Visjoner fra Republikkens Hjerte","publisher":{"@id":"https:\/\/nordnesrepublikken.no\/#organization"},"potentialAction":[{"@type":"SearchAction","target":{"@type":"EntryPoint","urlTemplate":"https:\/\/nordnesrepublikken.no\/?s={search_term_string}"},"query-input":{"@type":"PropertyValueSpecification","valueRequired":true,"valueName":"search_term_string"}}],"inLanguage":"nb-NO"},{"@type":"Organization","@id":"https:\/\/nordnesrepublikken.no\/#organization","name":"Nordnesrepublikken","url":"https:\/\/nordnesrepublikken.no\/","logo":{"@type":"ImageObject","inLanguage":"nb-NO","@id":"https:\/\/nordnesrepublikken.no\/#\/schema\/logo\/image\/","url":"https:\/\/nordnesrepublikken.no\/wp-content\/uploads\/2025\/02\/cropped-nordnesrepublikken-2.png","contentUrl":"https:\/\/nordnesrepublikken.no\/wp-content\/uploads\/2025\/02\/cropped-nordnesrepublikken-2.png","width":1248,"height":362,"caption":"Nordnesrepublikken"},"image":{"@id":"https:\/\/nordnesrepublikken.no\/#\/schema\/logo\/image\/"}},{"@type":"Person","@id":"https:\/\/nordnesrepublikken.no\/#\/schema\/person\/2e7e81935bab77882fffb79296240ff1","name":"Ole Andersen","image":{"@type":"ImageObject","inLanguage":"nb-NO","@id":"https:\/\/nordnesrepublikken.no\/#\/schema\/person\/image\/","url":"https:\/\/nordnesrepublikken.no\/wp-content\/uploads\/2025\/02\/nordnesrepublikken-2-2-150x150.jpg","contentUrl":"https:\/\/nordnesrepublikken.no\/wp-content\/uploads\/2025\/02\/nordnesrepublikken-2-2-150x150.jpg","caption":"Ole Andersen"},"description":"Ettersom jeg vokste opp i Oslo, har jeg alltid v\u00e6rt fascinert av ordenes kraft og deres evne til \u00e5 skape endringer. Etter \u00e5 ha fullf\u00f8rt min utdannelse i kommunikasjon ved Universitetet i Bergen, fikk jeg muligheten til \u00e5 jobbe innen ulike medier, der jeg har s\u00f8kt \u00e5 belyse viktige samfunnssp\u00f8rsm\u00e5l. I dag, som redakt\u00f8r for Nordnesrepublikken, pr\u00f8ver jeg \u00e5 forene min kj\u00e6rlighet for journalistikk med min lidenskap for innovasjon og eventyr.","sameAs":["https:\/\/nordnesrepublikken.no\/"]}]}},"_links":{"self":[{"href":"https:\/\/nordnesrepublikken.no\/index.php\/wp-json\/wp\/v2\/posts\/6867","targetHints":{"allow":["GET"]}}],"collection":[{"href":"https:\/\/nordnesrepublikken.no\/index.php\/wp-json\/wp\/v2\/posts"}],"about":[{"href":"https:\/\/nordnesrepublikken.no\/index.php\/wp-json\/wp\/v2\/types\/post"}],"author":[{"embeddable":true,"href":"https:\/\/nordnesrepublikken.no\/index.php\/wp-json\/wp\/v2\/users\/1"}],"replies":[{"embeddable":true,"href":"https:\/\/nordnesrepublikken.no\/index.php\/wp-json\/wp\/v2\/comments?post=6867"}],"version-history":[{"count":1,"href":"https:\/\/nordnesrepublikken.no\/index.php\/wp-json\/wp\/v2\/posts\/6867\/revisions"}],"predecessor-version":[{"id":6869,"href":"https:\/\/nordnesrepublikken.no\/index.php\/wp-json\/wp\/v2\/posts\/6867\/revisions\/6869"}],"wp:featuredmedia":[{"embeddable":true,"href":"https:\/\/nordnesrepublikken.no\/index.php\/wp-json\/wp\/v2\/media\/6868"}],"wp:attachment":[{"href":"https:\/\/nordnesrepublikken.no\/index.php\/wp-json\/wp\/v2\/media?parent=6867"}],"wp:term":[{"taxonomy":"category","embeddable":true,"href":"https:\/\/nordnesrepublikken.no\/index.php\/wp-json\/wp\/v2\/categories?post=6867"},{"taxonomy":"post_tag","embeddable":true,"href":"https:\/\/nordnesrepublikken.no\/index.php\/wp-json\/wp\/v2\/tags?post=6867"}],"curies":[{"name":"wp","href":"https:\/\/api.w.org\/{rel}","templated":true}]}}