{"id":6864,"date":"2025-07-11T10:49:38","date_gmt":"2025-07-11T08:49:38","guid":{"rendered":"https:\/\/nordnesrepublikken.no\/index.php\/2025\/07\/11\/stemmer-det-at-klimaanlegg-tar-av-brunfargen-la-oss-avklare\/"},"modified":"2025-07-11T10:49:58","modified_gmt":"2025-07-11T08:49:58","slug":"stemmer-det-at-klimaanlegg-tar-av-brunfargen-la-oss-avklare","status":"publish","type":"post","link":"https:\/\/nordnesrepublikken.no\/index.php\/2025\/07\/11\/stemmer-det-at-klimaanlegg-tar-av-brunfargen-la-oss-avklare\/","title":{"rendered":"Stemmer det at klimaanlegg tar av brunfargen? La oss avklare"},"content":{"rendered":"<div>\n<div class=\"cp_wrapper cp_wrapper--fw mb-30 mb-20@tablet\">\n<figure class=\"mm\"><picture class=\"img\" style=\"padding-top:56.25%\"><source  media=\"(min-width: 1024px)\"><source  media=\"(min-width: 768px)\"><\/source><\/source><\/picture><\/figure>\n<\/p><\/div>\n<p>DE&#8217;<strong>solbrun <\/strong>som vi leter etter om sommeren kan bli \u00f8delagt av<strong>Klimaanlegg<\/strong> Hva bruker vi n\u00e5r du kommer hjem?  Svaret er sammensatt, og f\u00f8rst og f\u00f8rst er det godt \u00e5 avklare det <strong>Det er ingen spesifikke studier om det<\/strong>. F\u00f8rst av alt, klimaanlegg <strong>Eliminerer ikke soling seg selv<\/strong>, <strong>Det p\u00e5virker heller ikke melaninproduksjonen direkte<\/strong>som foreg\u00e5r i det dypeste laget av huden. Herfra migrerer den til de ytterste lagene i huden, der det samler seg i keratinocytter, m\u00f8rkt og begrenser skaden p\u00e5 den ultrafiolette str\u00e5lingen av solstr\u00e5lene. Disse er faktisk ansvarlige for en rekke skader p\u00e5 cellen DNA, og bidrar til aldring av tidlig hud og \u00f8ker risikoen for hudneoplasmer, for eksempel <b>melanom<\/b>.<\/p>\n<p>Klimaanlegget kan imidlertid redusere milj\u00f8fuktigheten i rommene v\u00e5re bidra til <strong>Dehydrerer huden<\/strong> og \u00f8ke celleomsetningen (den fysiologiske mekanismen som huden frigj\u00f8res fra det ytterste laget av celler). Dette kan f\u00f8re til en <strong>Raskt tap av overfladiske hudlag<\/strong>der melanin er konsentrert, og akselererer solbrune forsvinning. Imidlertid er det bare en hypotese, som trenger <strong>st\u00f8rre bekreftelser<\/strong> av det vitenskapelige samfunnet.<\/p>\n<div class=\"cp_wrapper cp_wrapper--fw mb-50\">\n<figure class=\"mm\"><picture class=\"img\" style=\"padding-top:104.54813939752%\"><source  media=\"(min-width: 1024px)\"><source  media=\"(min-width: 768px)\"><img decoding=\"async\" loading=\"lazy\" src=\"https:\/\/nordnesrepublikken.no\/wp-content\/uploads\/2025\/07\/1752223778_873_Stemmer-det-at-klimaanlegg-tar-av-brunfargen-La-oss-avklare.jpg\" alt=\"Melanin melanocytter soling\" width=\"1693\" height=\"1770\"><\/source><\/source><\/picture><\/figure>\n<\/p><\/div>\n<p>Kan klimaanlegg virkelig p\u00e5virke en prosess som stammer fra det dypeste punktet i overhuden v\u00e5r? Ved f\u00f8rste \u00f8yekast kan svaret virke \u00e5penbart: <strong>Ingen<\/strong>. Selv om syntesen av melanin foreg\u00e5r p\u00e5 niv\u00e5et av melanocytter i basallaget, avhenger den endelige visuelle effekten av brunfargen ogs\u00e5 av andre faktorer som for eksempel<strong>Hudhydrering<\/strong> eller <strong>mobilomsetning<\/strong>eller den biologiske mekanismen som hudceller d\u00f8r og <strong>De erstattes<\/strong> fra nye celler.<\/p>\n<p>Klimaanlegg har en tendens til \u00e5 redusere niv\u00e5et av milj\u00f8fuktighet, og bidrar til <strong>Dehydrering av huden<\/strong>. En mer t\u00f8rr hud virker mer slukket, mindre lys, og fremfor alt har en tendens til \u00e5 eksfoliere seg raskere: dette f\u00f8rer til en akselerasjon av omsetningen, det vil si den raske desquamation av de mest ytre epidermale lagene. Resultatet kan derfor v\u00e6re en<strong>soling som blekner raskere<\/strong>: Dette er<strong>hypotese<\/strong> Som kan forklare oppfatningen til de som, etter \u00e5 ha lenge utsatt for klimaanlegget, klager over et &laquo;tap av farger&raquo;.<\/p>\n<p>Men, men <strong>Ytterligere studier er n\u00f8dvendig<\/strong> For bedre \u00e5 skissere forholdet mellom soling og klimaanlegg, med tanke p\u00e5 at sistnevnte p\u00e5 noen m\u00e5te ikke kan p\u00e5virke produksjonen av melanin direkte.<\/p>\n<\/p><\/div>\n","protected":false},"excerpt":{"rendered":"<p>DE&#8217;solbrun som vi leter etter om sommeren kan bli \u00f8delagt avKlimaanlegg Hva bruker vi n\u00e5r<\/p>\n","protected":false},"author":1,"featured_media":6865,"comment_status":"closed","ping_status":"open","sticky":false,"template":"","format":"standard","meta":{"footnotes":""},"categories":[24],"tags":[658,4429,66,3782,657,714,114],"class_list":["post-6864","post","type-post","status-publish","format-standard","has-post-thumbnail","hentry","category-vitenskap","tag-avklare","tag-brunfargen","tag-det","tag-klimaanlegg","tag-oss","tag-stemmer","tag-tar","generate-columns","tablet-grid-50","mobile-grid-100","grid-parent","grid-33","resize-featured-image"],"yoast_head":"<!-- This site is optimized with the Yoast SEO plugin v24.4 - https:\/\/yoast.com\/wordpress\/plugins\/seo\/ -->\n<title>Stemmer det at klimaanlegg tar av brunfargen? La oss avklare - Nordnesrepublikken<\/title>\n<meta name=\"robots\" content=\"index, follow, max-snippet:-1, max-image-preview:large, max-video-preview:-1\" \/>\n<link rel=\"canonical\" href=\"https:\/\/nordnesrepublikken.no\/index.php\/2025\/07\/11\/stemmer-det-at-klimaanlegg-tar-av-brunfargen-la-oss-avklare\/\" \/>\n<meta property=\"og:locale\" content=\"nb_NO\" \/>\n<meta property=\"og:type\" content=\"article\" \/>\n<meta property=\"og:title\" content=\"Stemmer det at klimaanlegg tar av brunfargen? La oss avklare - Nordnesrepublikken\" \/>\n<meta property=\"og:description\" content=\"DE&#8217;solbrun som vi leter etter om sommeren kan bli \u00f8delagt avKlimaanlegg Hva bruker vi n\u00e5r\" \/>\n<meta property=\"og:url\" content=\"https:\/\/nordnesrepublikken.no\/index.php\/2025\/07\/11\/stemmer-det-at-klimaanlegg-tar-av-brunfargen-la-oss-avklare\/\" \/>\n<meta property=\"og:site_name\" content=\"Nordnesrepublikken\" \/>\n<meta property=\"article:published_time\" content=\"2025-07-11T08:49:38+00:00\" \/>\n<meta property=\"article:modified_time\" content=\"2025-07-11T08:49:58+00:00\" \/>\n<meta property=\"og:image\" content=\"https:\/\/nordnesrepublikken.no\/wp-content\/uploads\/2025\/07\/1752223778_Stemmer-det-at-klimaanlegg-tar-av-brunfargen-La-oss-avklare-scaled.jpg\" \/>\n\t<meta property=\"og:image:width\" content=\"2560\" \/>\n\t<meta property=\"og:image:height\" content=\"1708\" \/>\n\t<meta property=\"og:image:type\" content=\"image\/jpeg\" \/>\n<meta name=\"author\" content=\"Ole Andersen\" \/>\n<meta name=\"twitter:card\" content=\"summary_large_image\" \/>\n<meta name=\"twitter:label1\" content=\"Skrevet av\" \/>\n\t<meta name=\"twitter:data1\" content=\"Ole Andersen\" \/>\n\t<meta name=\"twitter:label2\" content=\"Ansl. lesetid\" \/>\n\t<meta name=\"twitter:data2\" content=\"2 minutter\" \/>\n<script type=\"application\/ld+json\" class=\"yoast-schema-graph\">{\"@context\":\"https:\/\/schema.org\",\"@graph\":[{\"@type\":\"Article\",\"@id\":\"https:\/\/nordnesrepublikken.no\/index.php\/2025\/07\/11\/stemmer-det-at-klimaanlegg-tar-av-brunfargen-la-oss-avklare\/#article\",\"isPartOf\":{\"@id\":\"https:\/\/nordnesrepublikken.no\/index.php\/2025\/07\/11\/stemmer-det-at-klimaanlegg-tar-av-brunfargen-la-oss-avklare\/\"},\"author\":{\"name\":\"Ole Andersen\",\"@id\":\"https:\/\/nordnesrepublikken.no\/#\/schema\/person\/2e7e81935bab77882fffb79296240ff1\"},\"headline\":\"Stemmer det at klimaanlegg tar av brunfargen? La oss avklare\",\"datePublished\":\"2025-07-11T08:49:38+00:00\",\"dateModified\":\"2025-07-11T08:49:58+00:00\",\"mainEntityOfPage\":{\"@id\":\"https:\/\/nordnesrepublikken.no\/index.php\/2025\/07\/11\/stemmer-det-at-klimaanlegg-tar-av-brunfargen-la-oss-avklare\/\"},\"wordCount\":381,\"publisher\":{\"@id\":\"https:\/\/nordnesrepublikken.no\/#organization\"},\"image\":{\"@id\":\"https:\/\/nordnesrepublikken.no\/index.php\/2025\/07\/11\/stemmer-det-at-klimaanlegg-tar-av-brunfargen-la-oss-avklare\/#primaryimage\"},\"thumbnailUrl\":\"https:\/\/nordnesrepublikken.no\/wp-content\/uploads\/2025\/07\/1752223778_Stemmer-det-at-klimaanlegg-tar-av-brunfargen-La-oss-avklare-scaled.jpg\",\"keywords\":[\"avklare\",\"brunfargen\",\"Det\",\"klimaanlegg\",\"oss\",\"Stemmer\",\"tar\"],\"articleSection\":[\"Vitenskap\"],\"inLanguage\":\"nb-NO\"},{\"@type\":\"WebPage\",\"@id\":\"https:\/\/nordnesrepublikken.no\/index.php\/2025\/07\/11\/stemmer-det-at-klimaanlegg-tar-av-brunfargen-la-oss-avklare\/\",\"url\":\"https:\/\/nordnesrepublikken.no\/index.php\/2025\/07\/11\/stemmer-det-at-klimaanlegg-tar-av-brunfargen-la-oss-avklare\/\",\"name\":\"Stemmer det at klimaanlegg tar av brunfargen? La oss avklare - Nordnesrepublikken\",\"isPartOf\":{\"@id\":\"https:\/\/nordnesrepublikken.no\/#website\"},\"primaryImageOfPage\":{\"@id\":\"https:\/\/nordnesrepublikken.no\/index.php\/2025\/07\/11\/stemmer-det-at-klimaanlegg-tar-av-brunfargen-la-oss-avklare\/#primaryimage\"},\"image\":{\"@id\":\"https:\/\/nordnesrepublikken.no\/index.php\/2025\/07\/11\/stemmer-det-at-klimaanlegg-tar-av-brunfargen-la-oss-avklare\/#primaryimage\"},\"thumbnailUrl\":\"https:\/\/nordnesrepublikken.no\/wp-content\/uploads\/2025\/07\/1752223778_Stemmer-det-at-klimaanlegg-tar-av-brunfargen-La-oss-avklare-scaled.jpg\",\"datePublished\":\"2025-07-11T08:49:38+00:00\",\"dateModified\":\"2025-07-11T08:49:58+00:00\",\"breadcrumb\":{\"@id\":\"https:\/\/nordnesrepublikken.no\/index.php\/2025\/07\/11\/stemmer-det-at-klimaanlegg-tar-av-brunfargen-la-oss-avklare\/#breadcrumb\"},\"inLanguage\":\"nb-NO\",\"potentialAction\":[{\"@type\":\"ReadAction\",\"target\":[\"https:\/\/nordnesrepublikken.no\/index.php\/2025\/07\/11\/stemmer-det-at-klimaanlegg-tar-av-brunfargen-la-oss-avklare\/\"]}]},{\"@type\":\"ImageObject\",\"inLanguage\":\"nb-NO\",\"@id\":\"https:\/\/nordnesrepublikken.no\/index.php\/2025\/07\/11\/stemmer-det-at-klimaanlegg-tar-av-brunfargen-la-oss-avklare\/#primaryimage\",\"url\":\"https:\/\/nordnesrepublikken.no\/wp-content\/uploads\/2025\/07\/1752223778_Stemmer-det-at-klimaanlegg-tar-av-brunfargen-La-oss-avklare-scaled.jpg\",\"contentUrl\":\"https:\/\/nordnesrepublikken.no\/wp-content\/uploads\/2025\/07\/1752223778_Stemmer-det-at-klimaanlegg-tar-av-brunfargen-La-oss-avklare-scaled.jpg\",\"width\":2560,\"height\":1708,\"caption\":\"aria condizionata e abbronzatura\"},{\"@type\":\"BreadcrumbList\",\"@id\":\"https:\/\/nordnesrepublikken.no\/index.php\/2025\/07\/11\/stemmer-det-at-klimaanlegg-tar-av-brunfargen-la-oss-avklare\/#breadcrumb\",\"itemListElement\":[{\"@type\":\"ListItem\",\"position\":1,\"name\":\"Home\",\"item\":\"https:\/\/nordnesrepublikken.no\/\"},{\"@type\":\"ListItem\",\"position\":2,\"name\":\"Stemmer det at klimaanlegg tar av brunfargen? La oss avklare\"}]},{\"@type\":\"WebSite\",\"@id\":\"https:\/\/nordnesrepublikken.no\/#website\",\"url\":\"https:\/\/nordnesrepublikken.no\/\",\"name\":\"Nordnesrepublikken\",\"description\":\"Stemmer og Visjoner fra Republikkens Hjerte\",\"publisher\":{\"@id\":\"https:\/\/nordnesrepublikken.no\/#organization\"},\"potentialAction\":[{\"@type\":\"SearchAction\",\"target\":{\"@type\":\"EntryPoint\",\"urlTemplate\":\"https:\/\/nordnesrepublikken.no\/?s={search_term_string}\"},\"query-input\":{\"@type\":\"PropertyValueSpecification\",\"valueRequired\":true,\"valueName\":\"search_term_string\"}}],\"inLanguage\":\"nb-NO\"},{\"@type\":\"Organization\",\"@id\":\"https:\/\/nordnesrepublikken.no\/#organization\",\"name\":\"Nordnesrepublikken\",\"url\":\"https:\/\/nordnesrepublikken.no\/\",\"logo\":{\"@type\":\"ImageObject\",\"inLanguage\":\"nb-NO\",\"@id\":\"https:\/\/nordnesrepublikken.no\/#\/schema\/logo\/image\/\",\"url\":\"https:\/\/nordnesrepublikken.no\/wp-content\/uploads\/2025\/02\/cropped-nordnesrepublikken-2.png\",\"contentUrl\":\"https:\/\/nordnesrepublikken.no\/wp-content\/uploads\/2025\/02\/cropped-nordnesrepublikken-2.png\",\"width\":1248,\"height\":362,\"caption\":\"Nordnesrepublikken\"},\"image\":{\"@id\":\"https:\/\/nordnesrepublikken.no\/#\/schema\/logo\/image\/\"}},{\"@type\":\"Person\",\"@id\":\"https:\/\/nordnesrepublikken.no\/#\/schema\/person\/2e7e81935bab77882fffb79296240ff1\",\"name\":\"Ole Andersen\",\"image\":{\"@type\":\"ImageObject\",\"inLanguage\":\"nb-NO\",\"@id\":\"https:\/\/nordnesrepublikken.no\/#\/schema\/person\/image\/\",\"url\":\"https:\/\/nordnesrepublikken.no\/wp-content\/uploads\/2025\/02\/nordnesrepublikken-2-2-150x150.jpg\",\"contentUrl\":\"https:\/\/nordnesrepublikken.no\/wp-content\/uploads\/2025\/02\/nordnesrepublikken-2-2-150x150.jpg\",\"caption\":\"Ole Andersen\"},\"description\":\"Ettersom jeg vokste opp i Oslo, har jeg alltid v\u00e6rt fascinert av ordenes kraft og deres evne til \u00e5 skape endringer. Etter \u00e5 ha fullf\u00f8rt min utdannelse i kommunikasjon ved Universitetet i Bergen, fikk jeg muligheten til \u00e5 jobbe innen ulike medier, der jeg har s\u00f8kt \u00e5 belyse viktige samfunnssp\u00f8rsm\u00e5l. I dag, som redakt\u00f8r for Nordnesrepublikken, pr\u00f8ver jeg \u00e5 forene min kj\u00e6rlighet for journalistikk med min lidenskap for innovasjon og eventyr.\",\"sameAs\":[\"https:\/\/nordnesrepublikken.no\/\"]}]}<\/script>\n<!-- \/ Yoast SEO plugin. -->","yoast_head_json":{"title":"Stemmer det at klimaanlegg tar av brunfargen? La oss avklare - Nordnesrepublikken","robots":{"index":"index","follow":"follow","max-snippet":"max-snippet:-1","max-image-preview":"max-image-preview:large","max-video-preview":"max-video-preview:-1"},"canonical":"https:\/\/nordnesrepublikken.no\/index.php\/2025\/07\/11\/stemmer-det-at-klimaanlegg-tar-av-brunfargen-la-oss-avklare\/","og_locale":"nb_NO","og_type":"article","og_title":"Stemmer det at klimaanlegg tar av brunfargen? La oss avklare - Nordnesrepublikken","og_description":"DE&#8217;solbrun som vi leter etter om sommeren kan bli \u00f8delagt avKlimaanlegg Hva bruker vi n\u00e5r","og_url":"https:\/\/nordnesrepublikken.no\/index.php\/2025\/07\/11\/stemmer-det-at-klimaanlegg-tar-av-brunfargen-la-oss-avklare\/","og_site_name":"Nordnesrepublikken","article_published_time":"2025-07-11T08:49:38+00:00","article_modified_time":"2025-07-11T08:49:58+00:00","og_image":[{"width":2560,"height":1708,"url":"https:\/\/nordnesrepublikken.no\/wp-content\/uploads\/2025\/07\/1752223778_Stemmer-det-at-klimaanlegg-tar-av-brunfargen-La-oss-avklare-scaled.jpg","type":"image\/jpeg"}],"author":"Ole Andersen","twitter_card":"summary_large_image","twitter_misc":{"Skrevet av":"Ole Andersen","Ansl. lesetid":"2 minutter"},"schema":{"@context":"https:\/\/schema.org","@graph":[{"@type":"Article","@id":"https:\/\/nordnesrepublikken.no\/index.php\/2025\/07\/11\/stemmer-det-at-klimaanlegg-tar-av-brunfargen-la-oss-avklare\/#article","isPartOf":{"@id":"https:\/\/nordnesrepublikken.no\/index.php\/2025\/07\/11\/stemmer-det-at-klimaanlegg-tar-av-brunfargen-la-oss-avklare\/"},"author":{"name":"Ole Andersen","@id":"https:\/\/nordnesrepublikken.no\/#\/schema\/person\/2e7e81935bab77882fffb79296240ff1"},"headline":"Stemmer det at klimaanlegg tar av brunfargen? La oss avklare","datePublished":"2025-07-11T08:49:38+00:00","dateModified":"2025-07-11T08:49:58+00:00","mainEntityOfPage":{"@id":"https:\/\/nordnesrepublikken.no\/index.php\/2025\/07\/11\/stemmer-det-at-klimaanlegg-tar-av-brunfargen-la-oss-avklare\/"},"wordCount":381,"publisher":{"@id":"https:\/\/nordnesrepublikken.no\/#organization"},"image":{"@id":"https:\/\/nordnesrepublikken.no\/index.php\/2025\/07\/11\/stemmer-det-at-klimaanlegg-tar-av-brunfargen-la-oss-avklare\/#primaryimage"},"thumbnailUrl":"https:\/\/nordnesrepublikken.no\/wp-content\/uploads\/2025\/07\/1752223778_Stemmer-det-at-klimaanlegg-tar-av-brunfargen-La-oss-avklare-scaled.jpg","keywords":["avklare","brunfargen","Det","klimaanlegg","oss","Stemmer","tar"],"articleSection":["Vitenskap"],"inLanguage":"nb-NO"},{"@type":"WebPage","@id":"https:\/\/nordnesrepublikken.no\/index.php\/2025\/07\/11\/stemmer-det-at-klimaanlegg-tar-av-brunfargen-la-oss-avklare\/","url":"https:\/\/nordnesrepublikken.no\/index.php\/2025\/07\/11\/stemmer-det-at-klimaanlegg-tar-av-brunfargen-la-oss-avklare\/","name":"Stemmer det at klimaanlegg tar av brunfargen? La oss avklare - Nordnesrepublikken","isPartOf":{"@id":"https:\/\/nordnesrepublikken.no\/#website"},"primaryImageOfPage":{"@id":"https:\/\/nordnesrepublikken.no\/index.php\/2025\/07\/11\/stemmer-det-at-klimaanlegg-tar-av-brunfargen-la-oss-avklare\/#primaryimage"},"image":{"@id":"https:\/\/nordnesrepublikken.no\/index.php\/2025\/07\/11\/stemmer-det-at-klimaanlegg-tar-av-brunfargen-la-oss-avklare\/#primaryimage"},"thumbnailUrl":"https:\/\/nordnesrepublikken.no\/wp-content\/uploads\/2025\/07\/1752223778_Stemmer-det-at-klimaanlegg-tar-av-brunfargen-La-oss-avklare-scaled.jpg","datePublished":"2025-07-11T08:49:38+00:00","dateModified":"2025-07-11T08:49:58+00:00","breadcrumb":{"@id":"https:\/\/nordnesrepublikken.no\/index.php\/2025\/07\/11\/stemmer-det-at-klimaanlegg-tar-av-brunfargen-la-oss-avklare\/#breadcrumb"},"inLanguage":"nb-NO","potentialAction":[{"@type":"ReadAction","target":["https:\/\/nordnesrepublikken.no\/index.php\/2025\/07\/11\/stemmer-det-at-klimaanlegg-tar-av-brunfargen-la-oss-avklare\/"]}]},{"@type":"ImageObject","inLanguage":"nb-NO","@id":"https:\/\/nordnesrepublikken.no\/index.php\/2025\/07\/11\/stemmer-det-at-klimaanlegg-tar-av-brunfargen-la-oss-avklare\/#primaryimage","url":"https:\/\/nordnesrepublikken.no\/wp-content\/uploads\/2025\/07\/1752223778_Stemmer-det-at-klimaanlegg-tar-av-brunfargen-La-oss-avklare-scaled.jpg","contentUrl":"https:\/\/nordnesrepublikken.no\/wp-content\/uploads\/2025\/07\/1752223778_Stemmer-det-at-klimaanlegg-tar-av-brunfargen-La-oss-avklare-scaled.jpg","width":2560,"height":1708,"caption":"aria condizionata e abbronzatura"},{"@type":"BreadcrumbList","@id":"https:\/\/nordnesrepublikken.no\/index.php\/2025\/07\/11\/stemmer-det-at-klimaanlegg-tar-av-brunfargen-la-oss-avklare\/#breadcrumb","itemListElement":[{"@type":"ListItem","position":1,"name":"Home","item":"https:\/\/nordnesrepublikken.no\/"},{"@type":"ListItem","position":2,"name":"Stemmer det at klimaanlegg tar av brunfargen? La oss avklare"}]},{"@type":"WebSite","@id":"https:\/\/nordnesrepublikken.no\/#website","url":"https:\/\/nordnesrepublikken.no\/","name":"Nordnesrepublikken","description":"Stemmer og Visjoner fra Republikkens Hjerte","publisher":{"@id":"https:\/\/nordnesrepublikken.no\/#organization"},"potentialAction":[{"@type":"SearchAction","target":{"@type":"EntryPoint","urlTemplate":"https:\/\/nordnesrepublikken.no\/?s={search_term_string}"},"query-input":{"@type":"PropertyValueSpecification","valueRequired":true,"valueName":"search_term_string"}}],"inLanguage":"nb-NO"},{"@type":"Organization","@id":"https:\/\/nordnesrepublikken.no\/#organization","name":"Nordnesrepublikken","url":"https:\/\/nordnesrepublikken.no\/","logo":{"@type":"ImageObject","inLanguage":"nb-NO","@id":"https:\/\/nordnesrepublikken.no\/#\/schema\/logo\/image\/","url":"https:\/\/nordnesrepublikken.no\/wp-content\/uploads\/2025\/02\/cropped-nordnesrepublikken-2.png","contentUrl":"https:\/\/nordnesrepublikken.no\/wp-content\/uploads\/2025\/02\/cropped-nordnesrepublikken-2.png","width":1248,"height":362,"caption":"Nordnesrepublikken"},"image":{"@id":"https:\/\/nordnesrepublikken.no\/#\/schema\/logo\/image\/"}},{"@type":"Person","@id":"https:\/\/nordnesrepublikken.no\/#\/schema\/person\/2e7e81935bab77882fffb79296240ff1","name":"Ole Andersen","image":{"@type":"ImageObject","inLanguage":"nb-NO","@id":"https:\/\/nordnesrepublikken.no\/#\/schema\/person\/image\/","url":"https:\/\/nordnesrepublikken.no\/wp-content\/uploads\/2025\/02\/nordnesrepublikken-2-2-150x150.jpg","contentUrl":"https:\/\/nordnesrepublikken.no\/wp-content\/uploads\/2025\/02\/nordnesrepublikken-2-2-150x150.jpg","caption":"Ole Andersen"},"description":"Ettersom jeg vokste opp i Oslo, har jeg alltid v\u00e6rt fascinert av ordenes kraft og deres evne til \u00e5 skape endringer. Etter \u00e5 ha fullf\u00f8rt min utdannelse i kommunikasjon ved Universitetet i Bergen, fikk jeg muligheten til \u00e5 jobbe innen ulike medier, der jeg har s\u00f8kt \u00e5 belyse viktige samfunnssp\u00f8rsm\u00e5l. I dag, som redakt\u00f8r for Nordnesrepublikken, pr\u00f8ver jeg \u00e5 forene min kj\u00e6rlighet for journalistikk med min lidenskap for innovasjon og eventyr.","sameAs":["https:\/\/nordnesrepublikken.no\/"]}]}},"_links":{"self":[{"href":"https:\/\/nordnesrepublikken.no\/index.php\/wp-json\/wp\/v2\/posts\/6864","targetHints":{"allow":["GET"]}}],"collection":[{"href":"https:\/\/nordnesrepublikken.no\/index.php\/wp-json\/wp\/v2\/posts"}],"about":[{"href":"https:\/\/nordnesrepublikken.no\/index.php\/wp-json\/wp\/v2\/types\/post"}],"author":[{"embeddable":true,"href":"https:\/\/nordnesrepublikken.no\/index.php\/wp-json\/wp\/v2\/users\/1"}],"replies":[{"embeddable":true,"href":"https:\/\/nordnesrepublikken.no\/index.php\/wp-json\/wp\/v2\/comments?post=6864"}],"version-history":[{"count":1,"href":"https:\/\/nordnesrepublikken.no\/index.php\/wp-json\/wp\/v2\/posts\/6864\/revisions"}],"predecessor-version":[{"id":6866,"href":"https:\/\/nordnesrepublikken.no\/index.php\/wp-json\/wp\/v2\/posts\/6864\/revisions\/6866"}],"wp:featuredmedia":[{"embeddable":true,"href":"https:\/\/nordnesrepublikken.no\/index.php\/wp-json\/wp\/v2\/media\/6865"}],"wp:attachment":[{"href":"https:\/\/nordnesrepublikken.no\/index.php\/wp-json\/wp\/v2\/media?parent=6864"}],"wp:term":[{"taxonomy":"category","embeddable":true,"href":"https:\/\/nordnesrepublikken.no\/index.php\/wp-json\/wp\/v2\/categories?post=6864"},{"taxonomy":"post_tag","embeddable":true,"href":"https:\/\/nordnesrepublikken.no\/index.php\/wp-json\/wp\/v2\/tags?post=6864"}],"curies":[{"name":"wp","href":"https:\/\/api.w.org\/{rel}","templated":true}]}}