{"id":6861,"date":"2025-07-11T07:49:36","date_gmt":"2025-07-11T05:49:36","guid":{"rendered":"https:\/\/nordnesrepublikken.no\/index.php\/2025\/07\/11\/den-mest-alvorlige-massakren-i-europa-etter-andre-verdenskrig\/"},"modified":"2025-07-11T07:49:38","modified_gmt":"2025-07-11T05:49:38","slug":"den-mest-alvorlige-massakren-i-europa-etter-andre-verdenskrig","status":"publish","type":"post","link":"https:\/\/nordnesrepublikken.no\/index.php\/2025\/07\/11\/den-mest-alvorlige-massakren-i-europa-etter-andre-verdenskrig\/","title":{"rendered":"Den mest alvorlige massakren i Europa etter andre verdenskrig"},"content":{"rendered":"<div>\n<div class=\"cp_wrapper cp_wrapper--fw mb-30 mb-20@tablet\">\n<figure class=\"mm\"><picture class=\"img\" style=\"padding-top:56.25%\"><source  media=\"(min-width: 1024px)\"><source  media=\"(min-width: 768px)\"><\/source><\/source><\/picture><\/figure>\n<\/p><\/div>\n<p>Srebrenica -massakren, ogs\u00e5 kalt <strong>folkemord p\u00e5 Srebrenica<\/strong>var en massakre forpliktet i <strong>Juli 1995 <\/strong>fra <strong>Serbo-bosniske tropper<\/strong> mot <strong>Bosgnacca -befolkningen<\/strong> som bodde i denne byen Eastern Bosnia.<\/p>\n<p>I f\u00f8lge det mest akkrediterte estimatet, <strong>Bare tre dager<\/strong> <strong>De ble brutalt drept<\/strong> <strong>8.372 mennesker, nesten alle mannlige<\/strong>. Episoden er i sammenheng med Yugoslave Wars og mer spesifikt i krigen som br\u00f8t ut i Bosnia-Herzegovina, hvor de tre aktuelle delene (serbere av Bosnia, kroati og Bosgnacchi) var ansvarlige for <strong>massakrer og grusomheter<\/strong>. For massakren av Srebrenica, den <strong>Internasjonal straffedomstol for det tidligere Jugoslavia<\/strong> Han d\u00f8mte 21 mennesker. Imidlertid er kontroverser om noen sp\u00f8rsm\u00e5l fortsatt i gang, for eksempel manglende inngripen av FNs Blu -hjelmer og <strong>Forbrytelser beg\u00e5tt av Bosgnacchi mot serbisk-bosniaci<\/strong> f\u00f8r massakren.<\/p>\n<h2><strong>Kriger i Jugoslavia og situasjonen i Bosnia<\/strong><\/h2>\n<p>Der <strong>Jugoslavia<\/strong> Det var sammensatt av seks politiske enheter bebodd av forskjellige befolkninger for etnisitet og religion: Serbia, Montenegro, Slovenia, Kroatia, Bosnia-Herzegovina og Makedonia. P\u00e5 90 -tallet var de seks republikkene som utgjorde at de skilte seg, og ga liv til <strong>Uavhengige stater<\/strong>.<\/p>\n<div class=\"cp_wrapper cp_wrapper--fw mb-50\">\n<figure class=\"mm\"><picture class=\"img\" style=\"padding-top:72.447916666667%\"><source  media=\"(min-width: 1024px)\"><source  media=\"(min-width: 768px)\"><img decoding=\"async\" loading=\"lazy\" src=\"https:\/\/nordnesrepublikken.no\/wp-content\/uploads\/2025\/07\/1752212976_865_Den-mest-alvorlige-massakren-i-Europa-etter-andre-verdenskrig.jpg\" alt=\"Yugoslave Republics (Credit Jugo_Kort via Wimedia Commons)\" width=\"1920\" height=\"1391\"><\/source><\/source><\/picture><\/figure>\n<\/p><\/div>\n<p>Oppl\u00f8sningen <strong>for\u00e5rsaket blodige rabatter<\/strong>og Bosnia-Herzegovina var \u00e5stedet for spesielt avskyelig vold, \u00e5 v\u00e6re <strong>Den mest multi -ethniske av republikkene<\/strong>. Bosnia-Herzegovina var faktisk bebodd av tre hovedetniske grupper:<\/p>\n<ul>\n<li><strong>Bosgnacchi<\/strong>borgere av muslimsk religion (i dag utgj\u00f8r de omtrent 51% av den totale befolkningen);<\/li>\n<li><strong>Serbisk-Bosniac<\/strong>borgere av serbisk etnisitet og kristen ortodoks religion (omtrent 31% av befolkningen);<\/li>\n<li><strong>Kroatisk<\/strong> av kristen-katolsk religion (omtrent 16% av befolkningen).<\/li>\n<\/ul>\n<p>Bosnia var derfor scenen med sterke spenninger. I 1991, da det nasjonale parlamentet erkl\u00e6rte<strong>Uavhengighet fra Jugoslavia<\/strong>de politiske representantene for den serbiske-bosniske befolkningen, ledet av <strong>Radovan Karadzic<\/strong> og st\u00f8ttet av <strong>Beograd regjering<\/strong>nektet avgj\u00f8relsen og proklamerte f\u00f8dselen av <strong>Srpska Republic<\/strong>det vil si den serbiske republikken Bosnia, p\u00e5 territoriene der den serbiske komponenten var flertall.<\/p>\n<p>Alle de tre etniske gruppene i Bosnia utgjorde v\u00e6pnede styrker: h\u00e6ren i republikken Bosnia -Hercegovina (<strong>Voldgift<\/strong>) For Bosgnacca -delen, h\u00e6ren i den serbiske republikken Bosnia -Hercegovina (<strong>VRS<\/strong>) for Serbo-Bosniaci, det kroatiske forsvarsr\u00e5det (<strong>Hvo<\/strong>) for den kroatiske delen. Krigen br\u00f8t ut i 1992 og varte til slutten av 1995, da han endte takket v\u00e6re <strong>Dayton -avtaler.<\/strong><\/p>\n<div class=\"cp_wrapper cp_wrapper--fw mb-50\">\n<figure class=\"mm\"><picture class=\"img\" style=\"padding-top:99.545454545455%\"><source  media=\"(min-width: 1024px)\"><source  media=\"(min-width: 768px)\"><img decoding=\"async\" loading=\"lazy\" src=\"https:\/\/nordnesrepublikken.no\/wp-content\/uploads\/2025\/07\/1752212976_13_Den-mest-alvorlige-massakren-i-Europa-etter-andre-verdenskrig.jpg\" alt=\"Milit\u00e6r situasjon i 1994 (Wikimedia Commons)\" width=\"660\" height=\"657\" class=\"js-seedtag-img\"><\/source><\/source><\/picture><\/figure>\n<\/p><\/div>\n<h2><strong>Situasjonen til Srebrenica og forbrytelsene mot serberne<\/strong><\/h2>\n<p>Srebrenica var en by bebodd av en <strong>Flertall Bosgnacca<\/strong> Ligger i et territorium a <strong>Serbisk flertall<\/strong>Derfor var det en slags enklave. I 1992 ble byen beleiret av den serbiske-bosniske h\u00e6ren, befalt <strong>Radko Mladic<\/strong>som hadde til hensikt \u00e5 eliminere Bosgnacca -tilstedev\u00e6relsen i omr\u00e5det. I Srebrenica var Bosgnacco Army ogs\u00e5 til stede, befalt <strong>Nser oric<\/strong>som var ansvarlig for forbrytelser mot befolkningen i Serbo-Bosnian (omfanget av massakrene har aldri blitt konstatert). Helt klart Srebrenica var en by full av spenninger, og i 1993 erkl\u00e6rte FN den som et beskyttet omr\u00e5de, sammen med andre bosniske byer, og utplasserte sin egen i omr\u00e5det <strong>bl\u00e5 hjelmer<\/strong>.<\/p>\n<h2><strong>Massakren p\u00e5 Bosgnacchi i Srebrenica<\/strong><\/h2>\n<p>I <strong>Juli 1995<\/strong> Mladiske tropper startet et angrep p\u00e5 enklaven til Srebrenica. Der hadde tusenvis av Bosniaci flyktet tre \u00e5r tidligere, da fiendtligheten begynte, fordi fordi FN hadde erkl\u00e6rt det som et beskyttet omr\u00e5de. Men for \u00e5 nevne forfatteren Paolo Rumiz, &laquo;Srebrenica har blitt deres felle&raquo;.<\/p>\n<p>General Serbian Milanovic sa til Radio Beograd:<\/p>\n<blockquote>\n<p>Srebrenica er et stort utseenderom. De kan bare sitte og vente n\u00e5r vi kommer til \u00e5 fullf\u00f8re jobben.<\/p>\n<\/blockquote>\n<p>Likevel gjensto verden for \u00e5 se.<\/p>\n<p>I disse dager var det i Srebrenica om <strong>600 nederlandske bl\u00e5 hjelmer<\/strong>som skj\u00f8t noen skudd i lufta, men ga ikke en reell motstand, som kreves i oppl\u00f8sning 836 i FN. Oberst Karremans lanserte alarmen for ankomsten av mladiske tropper og spurte <strong>luftst\u00f8tte<\/strong> 6. og 8. juli, og kom med en ny foresp\u00f8rsel tre dager senere. Men den nederlandske generalen Nicolai, stasjonert i Sarajevo, nektet \u00e5 videresende foresp\u00f8rslene sine til den franske generalen Janvier, som var ansvarlig for FNs hovedkvarter i Zagreb. F\u00f8rst 11. juli, da Mladics stridsvogner n\u00e5 har g\u00e5tt inn i srebrenic, overf\u00f8rte Nicolai foresp\u00f8rselen, men <strong>Det var for sent<\/strong>. P\u00e5 F-16-ene som allerede var p\u00e5 flukt p\u00e5 byen, ble han beordret til \u00e5 returnere til de italienske basene for \u00e5 fylle bensin, og de bl\u00e5 hjelmer trakk seg med motivasjonen til &laquo;ikke har tilstrekkelige krefter til \u00e5 motvirke den serbiske-bosniske fremskritt&raquo;. Serbo-bosniske tropper var dermed i stand til \u00e5 implementere planen sin uten hindringer &laquo;<strong>Etnisk rengj\u00f8ring<\/strong>&laquo;(Begrepet de myntet og deretter gjenbrukt flere ganger for \u00e5 beskrive folkemordene).<\/p>\n<p>Massakren begynte umiddelbart etter erobringen. Serbiske soldater, delt av <strong>Serbisk paramilitt milits av skorpionene<\/strong>adskilte menn fra kvinner og barn og <strong>De gjennomf\u00f8rte masseutf\u00f8relser<\/strong> p\u00e5 forskjellige steder. Bosgnacchi mannlige borgere ble p\u00e5 linje og revet med maskingottskudd. Massakrene fortsatte i flere dager, til 19. juli, og likene ble begravet inn <strong>var vanlig<\/strong>. Antall ofre, if\u00f8lge den bosniske kommisjonen for forsvinnede mennesker, er lik <strong>8.372 menn<\/strong>. For \u00f8yeblikket er bare 6 930 identifisert.<\/p>\n<p>Kvinnene &#8211; unge, gamle og jenter &#8211; led skrekken for <strong>voldta<\/strong>: faktisk var de nesten<strong> 50 tusen kvinner voldtatt<\/strong> systematisk fra soldatene fra den serbiske h\u00e6ren eller fra de paramilit\u00e6re gruppene til deres tjeneste.<\/p>\n<div class=\"cp_wrapper cp_wrapper--fw mb-50\">\n<figure class=\"mm\"><picture class=\"img\" style=\"padding-top:133.30078125%\"><source  media=\"(min-width: 1024px)\"><source  media=\"(min-width: 768px)\"><img decoding=\"async\" loading=\"lazy\" src=\"https:\/\/nordnesrepublikken.no\/wp-content\/uploads\/2025\/07\/1752212976_41_Den-mest-alvorlige-massakren-i-Europa-etter-andre-verdenskrig.jpg\" alt=\"Den ene var vanlig (Credit Adam63 via Wikimedia Commons)\" width=\"1024\" height=\"1365\"><\/source><\/source><\/picture><\/figure>\n<\/p><\/div>\n<p>I <strong>Dayton -avtaler <\/strong>I november 1995 som sanksjonerte slutten av krigen, ble Srebrenica tildelt Srpska-republikken, omfanget av den bosniske staten med et serbisk flertall (Bosnia, basert p\u00e5 Daytons avtaler, er en stat sammensatt av to semi-selvturen).<\/p>\n<div class=\"cp_wrapper cp_wrapper--fw mb-50\">\n<figure class=\"mm\"><picture class=\"img\" style=\"padding-top:94.650951949229%\"><source  media=\"(min-width: 1024px)\"><source  media=\"(min-width: 768px)\"><img decoding=\"async\" loading=\"lazy\" src=\"https:\/\/nordnesrepublikken.no\/wp-content\/uploads\/2025\/07\/1752212976_25_Den-mest-alvorlige-massakren-i-Europa-etter-andre-verdenskrig.jpg\" alt=\"Bosnia -Hercegovina etter Dayton\" width=\"1103\" height=\"1044\" class=\"js-seedtag-img\"><\/source><\/source><\/picture><\/figure>\n<\/p><\/div>\n<h2><strong>Rettslige og kontroversprosedyrer<\/strong><\/h2>\n<p>De <strong>Internasjonal straffedomstol for det tidligere Jugoslavia<\/strong> Han d\u00f8mte 21 personer for massakren p\u00e5 Srebrenica, inkludert Radovan Karadzic og Radko Mladic, som serverer<strong>livsvarig fengsel<\/strong>.<\/p>\n<div class=\"cp_wrapper cp_wrapper--fw mb-50\">\n<figure class=\"mm\"><picture class=\"img\" style=\"padding-top:138.0859375%\"><source  media=\"(min-width: 1024px)\"><source  media=\"(min-width: 768px)\"><img decoding=\"async\" loading=\"lazy\" src=\"https:\/\/nordnesrepublikken.no\/wp-content\/uploads\/2025\/07\/1752212976_750_Den-mest-alvorlige-massakren-i-Europa-etter-andre-verdenskrig.jpg\" alt=\"Radovan Karadzic under rettsaken\" width=\"1024\" height=\"1414\"><\/source><\/source><\/picture><\/figure>\n<\/p><\/div>\n<p>De <strong>Regjeringen i Serbia <\/strong>Det ble ikke anerkjent ansvarlig: Selv om han st\u00f8ttet den serbiske-bosniske, ser det ikke ut til at han ga det gr\u00f8nne lyset til massakren eller var klar over det.<\/p>\n<p>Srebrenica -massakren for\u00e5rsaker lyse diskusjoner i Nederland ang\u00e5ende rollen som<strong> bl\u00e5 hjelmer<\/strong>spesielt fordi <strong>De nektet \u00e5 \u00f8nske Bosgnacchi -flyktninger velkommen i basen, og fikk dem til \u00e5 havne i hendene p\u00e5 b\u00f8dlene<\/strong>.<\/p>\n<p>Et annet sp\u00f8rsm\u00e5l som diskuteres er det av <strong>massakrer laget av Bosgnacchi<\/strong> til skade for serbo-bosnian. Den serbiske regjeringen og Srpska-republikken hevder at Bosgnacco-h\u00e6ren drepte tusenvis av serbisk-bosnisk (ansl\u00e5r opptil 3500 ofre), og implisitt hevdet at massakren som ble gjort i juli 1995 av Mladic Soldiers var en <strong>Hevn for massakrene <\/strong>hvorav de hadde v\u00e6rt ofre. Til dags dato blir antallet serbo-bosniske ofre ikke konstatert. Under den aktuelle krigen ble de derfor forpliktet <strong>n\u00f8lte forbrytelser fra alle sider i tvil om<\/strong>selv om Srebrenica -massakren, p\u00e5 grunn av omfanget av massakren, er den mest alvorlige og blodige episoden.<\/p>\n<\/p><\/div>\n","protected":false},"excerpt":{"rendered":"<p>Srebrenica -massakren, ogs\u00e5 kalt folkemord p\u00e5 Srebrenicavar en massakre forpliktet i Juli 1995 fra Serbo-bosniske<\/p>\n","protected":false},"author":1,"featured_media":6862,"comment_status":"closed","ping_status":"open","sticky":false,"template":"","format":"standard","meta":{"footnotes":""},"categories":[104],"tags":[1440,222,74,92,642,2824,167,749],"class_list":["post-6861","post","type-post","status-publish","format-standard","has-post-thumbnail","hentry","category-samfunn","tag-alvorlige","tag-andre","tag-den","tag-etter","tag-europa","tag-massakren","tag-mest","tag-verdenskrig","generate-columns","tablet-grid-50","mobile-grid-100","grid-parent","grid-33","resize-featured-image"],"yoast_head":"<!-- This site is optimized with the Yoast SEO plugin v24.4 - https:\/\/yoast.com\/wordpress\/plugins\/seo\/ -->\n<title>Den mest alvorlige massakren i Europa etter andre verdenskrig - Nordnesrepublikken<\/title>\n<meta name=\"robots\" content=\"index, follow, max-snippet:-1, max-image-preview:large, max-video-preview:-1\" \/>\n<link rel=\"canonical\" href=\"https:\/\/nordnesrepublikken.no\/index.php\/2025\/07\/11\/den-mest-alvorlige-massakren-i-europa-etter-andre-verdenskrig\/\" \/>\n<meta property=\"og:locale\" content=\"nb_NO\" \/>\n<meta property=\"og:type\" content=\"article\" \/>\n<meta property=\"og:title\" content=\"Den mest alvorlige massakren i Europa etter andre verdenskrig - Nordnesrepublikken\" \/>\n<meta property=\"og:description\" content=\"Srebrenica -massakren, ogs\u00e5 kalt folkemord p\u00e5 Srebrenicavar en massakre forpliktet i Juli 1995 fra Serbo-bosniske\" \/>\n<meta property=\"og:url\" content=\"https:\/\/nordnesrepublikken.no\/index.php\/2025\/07\/11\/den-mest-alvorlige-massakren-i-europa-etter-andre-verdenskrig\/\" \/>\n<meta property=\"og:site_name\" content=\"Nordnesrepublikken\" \/>\n<meta property=\"article:published_time\" content=\"2025-07-11T05:49:36+00:00\" \/>\n<meta property=\"article:modified_time\" content=\"2025-07-11T05:49:38+00:00\" \/>\n<meta property=\"og:image\" content=\"https:\/\/nordnesrepublikken.no\/wp-content\/uploads\/2025\/07\/Den-mest-alvorlige-massakren-i-Europa-etter-andre-verdenskrig.jpg\" \/>\n\t<meta property=\"og:image:width\" content=\"1254\" \/>\n\t<meta property=\"og:image:height\" content=\"705\" \/>\n\t<meta property=\"og:image:type\" content=\"image\/jpeg\" \/>\n<meta name=\"author\" content=\"Ole Andersen\" \/>\n<meta name=\"twitter:card\" content=\"summary_large_image\" \/>\n<meta name=\"twitter:label1\" content=\"Skrevet av\" \/>\n\t<meta name=\"twitter:data1\" content=\"Ole Andersen\" \/>\n\t<meta name=\"twitter:label2\" content=\"Ansl. lesetid\" \/>\n\t<meta name=\"twitter:data2\" content=\"5 minutter\" \/>\n<script type=\"application\/ld+json\" class=\"yoast-schema-graph\">{\"@context\":\"https:\/\/schema.org\",\"@graph\":[{\"@type\":\"Article\",\"@id\":\"https:\/\/nordnesrepublikken.no\/index.php\/2025\/07\/11\/den-mest-alvorlige-massakren-i-europa-etter-andre-verdenskrig\/#article\",\"isPartOf\":{\"@id\":\"https:\/\/nordnesrepublikken.no\/index.php\/2025\/07\/11\/den-mest-alvorlige-massakren-i-europa-etter-andre-verdenskrig\/\"},\"author\":{\"name\":\"Ole Andersen\",\"@id\":\"https:\/\/nordnesrepublikken.no\/#\/schema\/person\/2e7e81935bab77882fffb79296240ff1\"},\"headline\":\"Den mest alvorlige massakren i Europa etter andre verdenskrig\",\"datePublished\":\"2025-07-11T05:49:36+00:00\",\"dateModified\":\"2025-07-11T05:49:38+00:00\",\"mainEntityOfPage\":{\"@id\":\"https:\/\/nordnesrepublikken.no\/index.php\/2025\/07\/11\/den-mest-alvorlige-massakren-i-europa-etter-andre-verdenskrig\/\"},\"wordCount\":1054,\"publisher\":{\"@id\":\"https:\/\/nordnesrepublikken.no\/#organization\"},\"image\":{\"@id\":\"https:\/\/nordnesrepublikken.no\/index.php\/2025\/07\/11\/den-mest-alvorlige-massakren-i-europa-etter-andre-verdenskrig\/#primaryimage\"},\"thumbnailUrl\":\"https:\/\/nordnesrepublikken.no\/wp-content\/uploads\/2025\/07\/Den-mest-alvorlige-massakren-i-Europa-etter-andre-verdenskrig.jpg\",\"keywords\":[\"alvorlige\",\"andre\",\"den\",\"Etter\",\"Europa\",\"massakren\",\"mest\",\"verdenskrig\"],\"articleSection\":[\"Samfunn\"],\"inLanguage\":\"nb-NO\"},{\"@type\":\"WebPage\",\"@id\":\"https:\/\/nordnesrepublikken.no\/index.php\/2025\/07\/11\/den-mest-alvorlige-massakren-i-europa-etter-andre-verdenskrig\/\",\"url\":\"https:\/\/nordnesrepublikken.no\/index.php\/2025\/07\/11\/den-mest-alvorlige-massakren-i-europa-etter-andre-verdenskrig\/\",\"name\":\"Den mest alvorlige massakren i Europa etter andre verdenskrig - Nordnesrepublikken\",\"isPartOf\":{\"@id\":\"https:\/\/nordnesrepublikken.no\/#website\"},\"primaryImageOfPage\":{\"@id\":\"https:\/\/nordnesrepublikken.no\/index.php\/2025\/07\/11\/den-mest-alvorlige-massakren-i-europa-etter-andre-verdenskrig\/#primaryimage\"},\"image\":{\"@id\":\"https:\/\/nordnesrepublikken.no\/index.php\/2025\/07\/11\/den-mest-alvorlige-massakren-i-europa-etter-andre-verdenskrig\/#primaryimage\"},\"thumbnailUrl\":\"https:\/\/nordnesrepublikken.no\/wp-content\/uploads\/2025\/07\/Den-mest-alvorlige-massakren-i-Europa-etter-andre-verdenskrig.jpg\",\"datePublished\":\"2025-07-11T05:49:36+00:00\",\"dateModified\":\"2025-07-11T05:49:38+00:00\",\"breadcrumb\":{\"@id\":\"https:\/\/nordnesrepublikken.no\/index.php\/2025\/07\/11\/den-mest-alvorlige-massakren-i-europa-etter-andre-verdenskrig\/#breadcrumb\"},\"inLanguage\":\"nb-NO\",\"potentialAction\":[{\"@type\":\"ReadAction\",\"target\":[\"https:\/\/nordnesrepublikken.no\/index.php\/2025\/07\/11\/den-mest-alvorlige-massakren-i-europa-etter-andre-verdenskrig\/\"]}]},{\"@type\":\"ImageObject\",\"inLanguage\":\"nb-NO\",\"@id\":\"https:\/\/nordnesrepublikken.no\/index.php\/2025\/07\/11\/den-mest-alvorlige-massakren-i-europa-etter-andre-verdenskrig\/#primaryimage\",\"url\":\"https:\/\/nordnesrepublikken.no\/wp-content\/uploads\/2025\/07\/Den-mest-alvorlige-massakren-i-Europa-etter-andre-verdenskrig.jpg\",\"contentUrl\":\"https:\/\/nordnesrepublikken.no\/wp-content\/uploads\/2025\/07\/Den-mest-alvorlige-massakren-i-Europa-etter-andre-verdenskrig.jpg\",\"width\":1254,\"height\":705,\"caption\":\"Immagine\"},{\"@type\":\"BreadcrumbList\",\"@id\":\"https:\/\/nordnesrepublikken.no\/index.php\/2025\/07\/11\/den-mest-alvorlige-massakren-i-europa-etter-andre-verdenskrig\/#breadcrumb\",\"itemListElement\":[{\"@type\":\"ListItem\",\"position\":1,\"name\":\"Home\",\"item\":\"https:\/\/nordnesrepublikken.no\/\"},{\"@type\":\"ListItem\",\"position\":2,\"name\":\"Den mest alvorlige massakren i Europa etter andre verdenskrig\"}]},{\"@type\":\"WebSite\",\"@id\":\"https:\/\/nordnesrepublikken.no\/#website\",\"url\":\"https:\/\/nordnesrepublikken.no\/\",\"name\":\"Nordnesrepublikken\",\"description\":\"Stemmer og Visjoner fra Republikkens Hjerte\",\"publisher\":{\"@id\":\"https:\/\/nordnesrepublikken.no\/#organization\"},\"potentialAction\":[{\"@type\":\"SearchAction\",\"target\":{\"@type\":\"EntryPoint\",\"urlTemplate\":\"https:\/\/nordnesrepublikken.no\/?s={search_term_string}\"},\"query-input\":{\"@type\":\"PropertyValueSpecification\",\"valueRequired\":true,\"valueName\":\"search_term_string\"}}],\"inLanguage\":\"nb-NO\"},{\"@type\":\"Organization\",\"@id\":\"https:\/\/nordnesrepublikken.no\/#organization\",\"name\":\"Nordnesrepublikken\",\"url\":\"https:\/\/nordnesrepublikken.no\/\",\"logo\":{\"@type\":\"ImageObject\",\"inLanguage\":\"nb-NO\",\"@id\":\"https:\/\/nordnesrepublikken.no\/#\/schema\/logo\/image\/\",\"url\":\"https:\/\/nordnesrepublikken.no\/wp-content\/uploads\/2025\/02\/cropped-nordnesrepublikken-2.png\",\"contentUrl\":\"https:\/\/nordnesrepublikken.no\/wp-content\/uploads\/2025\/02\/cropped-nordnesrepublikken-2.png\",\"width\":1248,\"height\":362,\"caption\":\"Nordnesrepublikken\"},\"image\":{\"@id\":\"https:\/\/nordnesrepublikken.no\/#\/schema\/logo\/image\/\"}},{\"@type\":\"Person\",\"@id\":\"https:\/\/nordnesrepublikken.no\/#\/schema\/person\/2e7e81935bab77882fffb79296240ff1\",\"name\":\"Ole Andersen\",\"image\":{\"@type\":\"ImageObject\",\"inLanguage\":\"nb-NO\",\"@id\":\"https:\/\/nordnesrepublikken.no\/#\/schema\/person\/image\/\",\"url\":\"https:\/\/nordnesrepublikken.no\/wp-content\/uploads\/2025\/02\/nordnesrepublikken-2-2-150x150.jpg\",\"contentUrl\":\"https:\/\/nordnesrepublikken.no\/wp-content\/uploads\/2025\/02\/nordnesrepublikken-2-2-150x150.jpg\",\"caption\":\"Ole Andersen\"},\"description\":\"Ettersom jeg vokste opp i Oslo, har jeg alltid v\u00e6rt fascinert av ordenes kraft og deres evne til \u00e5 skape endringer. Etter \u00e5 ha fullf\u00f8rt min utdannelse i kommunikasjon ved Universitetet i Bergen, fikk jeg muligheten til \u00e5 jobbe innen ulike medier, der jeg har s\u00f8kt \u00e5 belyse viktige samfunnssp\u00f8rsm\u00e5l. I dag, som redakt\u00f8r for Nordnesrepublikken, pr\u00f8ver jeg \u00e5 forene min kj\u00e6rlighet for journalistikk med min lidenskap for innovasjon og eventyr.\",\"sameAs\":[\"https:\/\/nordnesrepublikken.no\/\"]}]}<\/script>\n<!-- \/ Yoast SEO plugin. -->","yoast_head_json":{"title":"Den mest alvorlige massakren i Europa etter andre verdenskrig - Nordnesrepublikken","robots":{"index":"index","follow":"follow","max-snippet":"max-snippet:-1","max-image-preview":"max-image-preview:large","max-video-preview":"max-video-preview:-1"},"canonical":"https:\/\/nordnesrepublikken.no\/index.php\/2025\/07\/11\/den-mest-alvorlige-massakren-i-europa-etter-andre-verdenskrig\/","og_locale":"nb_NO","og_type":"article","og_title":"Den mest alvorlige massakren i Europa etter andre verdenskrig - Nordnesrepublikken","og_description":"Srebrenica -massakren, ogs\u00e5 kalt folkemord p\u00e5 Srebrenicavar en massakre forpliktet i Juli 1995 fra Serbo-bosniske","og_url":"https:\/\/nordnesrepublikken.no\/index.php\/2025\/07\/11\/den-mest-alvorlige-massakren-i-europa-etter-andre-verdenskrig\/","og_site_name":"Nordnesrepublikken","article_published_time":"2025-07-11T05:49:36+00:00","article_modified_time":"2025-07-11T05:49:38+00:00","og_image":[{"width":1254,"height":705,"url":"https:\/\/nordnesrepublikken.no\/wp-content\/uploads\/2025\/07\/Den-mest-alvorlige-massakren-i-Europa-etter-andre-verdenskrig.jpg","type":"image\/jpeg"}],"author":"Ole Andersen","twitter_card":"summary_large_image","twitter_misc":{"Skrevet av":"Ole Andersen","Ansl. lesetid":"5 minutter"},"schema":{"@context":"https:\/\/schema.org","@graph":[{"@type":"Article","@id":"https:\/\/nordnesrepublikken.no\/index.php\/2025\/07\/11\/den-mest-alvorlige-massakren-i-europa-etter-andre-verdenskrig\/#article","isPartOf":{"@id":"https:\/\/nordnesrepublikken.no\/index.php\/2025\/07\/11\/den-mest-alvorlige-massakren-i-europa-etter-andre-verdenskrig\/"},"author":{"name":"Ole Andersen","@id":"https:\/\/nordnesrepublikken.no\/#\/schema\/person\/2e7e81935bab77882fffb79296240ff1"},"headline":"Den mest alvorlige massakren i Europa etter andre verdenskrig","datePublished":"2025-07-11T05:49:36+00:00","dateModified":"2025-07-11T05:49:38+00:00","mainEntityOfPage":{"@id":"https:\/\/nordnesrepublikken.no\/index.php\/2025\/07\/11\/den-mest-alvorlige-massakren-i-europa-etter-andre-verdenskrig\/"},"wordCount":1054,"publisher":{"@id":"https:\/\/nordnesrepublikken.no\/#organization"},"image":{"@id":"https:\/\/nordnesrepublikken.no\/index.php\/2025\/07\/11\/den-mest-alvorlige-massakren-i-europa-etter-andre-verdenskrig\/#primaryimage"},"thumbnailUrl":"https:\/\/nordnesrepublikken.no\/wp-content\/uploads\/2025\/07\/Den-mest-alvorlige-massakren-i-Europa-etter-andre-verdenskrig.jpg","keywords":["alvorlige","andre","den","Etter","Europa","massakren","mest","verdenskrig"],"articleSection":["Samfunn"],"inLanguage":"nb-NO"},{"@type":"WebPage","@id":"https:\/\/nordnesrepublikken.no\/index.php\/2025\/07\/11\/den-mest-alvorlige-massakren-i-europa-etter-andre-verdenskrig\/","url":"https:\/\/nordnesrepublikken.no\/index.php\/2025\/07\/11\/den-mest-alvorlige-massakren-i-europa-etter-andre-verdenskrig\/","name":"Den mest alvorlige massakren i Europa etter andre verdenskrig - Nordnesrepublikken","isPartOf":{"@id":"https:\/\/nordnesrepublikken.no\/#website"},"primaryImageOfPage":{"@id":"https:\/\/nordnesrepublikken.no\/index.php\/2025\/07\/11\/den-mest-alvorlige-massakren-i-europa-etter-andre-verdenskrig\/#primaryimage"},"image":{"@id":"https:\/\/nordnesrepublikken.no\/index.php\/2025\/07\/11\/den-mest-alvorlige-massakren-i-europa-etter-andre-verdenskrig\/#primaryimage"},"thumbnailUrl":"https:\/\/nordnesrepublikken.no\/wp-content\/uploads\/2025\/07\/Den-mest-alvorlige-massakren-i-Europa-etter-andre-verdenskrig.jpg","datePublished":"2025-07-11T05:49:36+00:00","dateModified":"2025-07-11T05:49:38+00:00","breadcrumb":{"@id":"https:\/\/nordnesrepublikken.no\/index.php\/2025\/07\/11\/den-mest-alvorlige-massakren-i-europa-etter-andre-verdenskrig\/#breadcrumb"},"inLanguage":"nb-NO","potentialAction":[{"@type":"ReadAction","target":["https:\/\/nordnesrepublikken.no\/index.php\/2025\/07\/11\/den-mest-alvorlige-massakren-i-europa-etter-andre-verdenskrig\/"]}]},{"@type":"ImageObject","inLanguage":"nb-NO","@id":"https:\/\/nordnesrepublikken.no\/index.php\/2025\/07\/11\/den-mest-alvorlige-massakren-i-europa-etter-andre-verdenskrig\/#primaryimage","url":"https:\/\/nordnesrepublikken.no\/wp-content\/uploads\/2025\/07\/Den-mest-alvorlige-massakren-i-Europa-etter-andre-verdenskrig.jpg","contentUrl":"https:\/\/nordnesrepublikken.no\/wp-content\/uploads\/2025\/07\/Den-mest-alvorlige-massakren-i-Europa-etter-andre-verdenskrig.jpg","width":1254,"height":705,"caption":"Immagine"},{"@type":"BreadcrumbList","@id":"https:\/\/nordnesrepublikken.no\/index.php\/2025\/07\/11\/den-mest-alvorlige-massakren-i-europa-etter-andre-verdenskrig\/#breadcrumb","itemListElement":[{"@type":"ListItem","position":1,"name":"Home","item":"https:\/\/nordnesrepublikken.no\/"},{"@type":"ListItem","position":2,"name":"Den mest alvorlige massakren i Europa etter andre verdenskrig"}]},{"@type":"WebSite","@id":"https:\/\/nordnesrepublikken.no\/#website","url":"https:\/\/nordnesrepublikken.no\/","name":"Nordnesrepublikken","description":"Stemmer og Visjoner fra Republikkens Hjerte","publisher":{"@id":"https:\/\/nordnesrepublikken.no\/#organization"},"potentialAction":[{"@type":"SearchAction","target":{"@type":"EntryPoint","urlTemplate":"https:\/\/nordnesrepublikken.no\/?s={search_term_string}"},"query-input":{"@type":"PropertyValueSpecification","valueRequired":true,"valueName":"search_term_string"}}],"inLanguage":"nb-NO"},{"@type":"Organization","@id":"https:\/\/nordnesrepublikken.no\/#organization","name":"Nordnesrepublikken","url":"https:\/\/nordnesrepublikken.no\/","logo":{"@type":"ImageObject","inLanguage":"nb-NO","@id":"https:\/\/nordnesrepublikken.no\/#\/schema\/logo\/image\/","url":"https:\/\/nordnesrepublikken.no\/wp-content\/uploads\/2025\/02\/cropped-nordnesrepublikken-2.png","contentUrl":"https:\/\/nordnesrepublikken.no\/wp-content\/uploads\/2025\/02\/cropped-nordnesrepublikken-2.png","width":1248,"height":362,"caption":"Nordnesrepublikken"},"image":{"@id":"https:\/\/nordnesrepublikken.no\/#\/schema\/logo\/image\/"}},{"@type":"Person","@id":"https:\/\/nordnesrepublikken.no\/#\/schema\/person\/2e7e81935bab77882fffb79296240ff1","name":"Ole Andersen","image":{"@type":"ImageObject","inLanguage":"nb-NO","@id":"https:\/\/nordnesrepublikken.no\/#\/schema\/person\/image\/","url":"https:\/\/nordnesrepublikken.no\/wp-content\/uploads\/2025\/02\/nordnesrepublikken-2-2-150x150.jpg","contentUrl":"https:\/\/nordnesrepublikken.no\/wp-content\/uploads\/2025\/02\/nordnesrepublikken-2-2-150x150.jpg","caption":"Ole Andersen"},"description":"Ettersom jeg vokste opp i Oslo, har jeg alltid v\u00e6rt fascinert av ordenes kraft og deres evne til \u00e5 skape endringer. Etter \u00e5 ha fullf\u00f8rt min utdannelse i kommunikasjon ved Universitetet i Bergen, fikk jeg muligheten til \u00e5 jobbe innen ulike medier, der jeg har s\u00f8kt \u00e5 belyse viktige samfunnssp\u00f8rsm\u00e5l. I dag, som redakt\u00f8r for Nordnesrepublikken, pr\u00f8ver jeg \u00e5 forene min kj\u00e6rlighet for journalistikk med min lidenskap for innovasjon og eventyr.","sameAs":["https:\/\/nordnesrepublikken.no\/"]}]}},"_links":{"self":[{"href":"https:\/\/nordnesrepublikken.no\/index.php\/wp-json\/wp\/v2\/posts\/6861","targetHints":{"allow":["GET"]}}],"collection":[{"href":"https:\/\/nordnesrepublikken.no\/index.php\/wp-json\/wp\/v2\/posts"}],"about":[{"href":"https:\/\/nordnesrepublikken.no\/index.php\/wp-json\/wp\/v2\/types\/post"}],"author":[{"embeddable":true,"href":"https:\/\/nordnesrepublikken.no\/index.php\/wp-json\/wp\/v2\/users\/1"}],"replies":[{"embeddable":true,"href":"https:\/\/nordnesrepublikken.no\/index.php\/wp-json\/wp\/v2\/comments?post=6861"}],"version-history":[{"count":1,"href":"https:\/\/nordnesrepublikken.no\/index.php\/wp-json\/wp\/v2\/posts\/6861\/revisions"}],"predecessor-version":[{"id":6863,"href":"https:\/\/nordnesrepublikken.no\/index.php\/wp-json\/wp\/v2\/posts\/6861\/revisions\/6863"}],"wp:featuredmedia":[{"embeddable":true,"href":"https:\/\/nordnesrepublikken.no\/index.php\/wp-json\/wp\/v2\/media\/6862"}],"wp:attachment":[{"href":"https:\/\/nordnesrepublikken.no\/index.php\/wp-json\/wp\/v2\/media?parent=6861"}],"wp:term":[{"taxonomy":"category","embeddable":true,"href":"https:\/\/nordnesrepublikken.no\/index.php\/wp-json\/wp\/v2\/categories?post=6861"},{"taxonomy":"post_tag","embeddable":true,"href":"https:\/\/nordnesrepublikken.no\/index.php\/wp-json\/wp\/v2\/tags?post=6861"}],"curies":[{"name":"wp","href":"https:\/\/api.w.org\/{rel}","templated":true}]}}