{"id":6858,"date":"2025-07-11T06:50:03","date_gmt":"2025-07-11T04:50:03","guid":{"rendered":"https:\/\/nordnesrepublikken.no\/index.php\/2025\/07\/11\/animal-carnage-pa-spanias-veier-lanntidsadvarsler-som-ble-lansert-for-a-stoppe-dyrelivet\/"},"modified":"2025-07-11T06:50:05","modified_gmt":"2025-07-11T04:50:05","slug":"animal-carnage-pa-spanias-veier-lanntidsadvarsler-som-ble-lansert-for-a-stoppe-dyrelivet","status":"publish","type":"post","link":"https:\/\/nordnesrepublikken.no\/index.php\/2025\/07\/11\/animal-carnage-pa-spanias-veier-lanntidsadvarsler-som-ble-lansert-for-a-stoppe-dyrelivet\/","title":{"rendered":"Animal Carnage p\u00e5 Spanias veier: Lanntidsadvarsler som ble lansert for \u00e5 stoppe dyrelivet"},"content":{"rendered":"<p><\/p>\n<div class=\"wordpress-content\">\n                    <!-- Article Start --><\/p>\n<p><strong><span data-preserver-spaces=\"true\">DGT har sunget alarmen etter at ville dyr var knyttet til en svimlende 36 000 trafikkulykker over Spania i 2024 alene &#8211; det er en av hver tredje krasj p\u00e5 interurbanveier. Med landet som st\u00e5r overfor det eksperter som kaller en &laquo;dyreulykkeepidemi&raquo;, har trafikkmyndigheten n\u00e5 rullet ut et banebrytende varslingssystem designet for \u00e5 advare sj\u00e5f\u00f8rer i sanntid n\u00e5r de n\u00e6rmer seg h\u00f8yrisikononer. Men hva er det som virkelig driver b\u00f8lgen i dyrelivskollisjoner &#8211; og hvor er Spanias farligste hotspots for villsvin, hjort og til og med herrel\u00f8se hunder? Vi har full sammenbrudd.<\/span><\/strong><\/p>\n<p><span data-preserver-spaces=\"true\">Den ydmyke hoggen har blitt offentlig fiende nummer \u00e9n bak rattet, som Spanias <\/span><em><span data-preserver-spaces=\"true\">Direcci\u00f3n General de Tr\u00e1fico<\/span><\/em><span data-preserver-spaces=\"true\">  (DGT) lanserer et presserende nedbrytning av en dyrkrise: The Rise of Animal-Related Car Accidents.<\/span><\/p>\n<p><span data-preserver-spaces=\"true\">Nye data som ble utgitt denne uken avsl\u00f8rer en vill sannhet &#8211; en av tre krasj p\u00e5 landsbygdsveier i Spania involverer n\u00e5 et dyr. Det er 36 000 lodne fiascos i 2024 alene, if\u00f8lge en bl\u00e6rende ny rapport fra <\/span><em><span data-preserver-spaces=\"true\">Asociaci\u00f3n<\/span><\/em> <em><span data-preserver-spaces=\"true\">Espa\u00f1ola de la Carretera (AEC).<\/span><\/em><\/p>\n<div class=\"sra_unit\"><link rel=\"stylesheet\" id=\"block-sra\" href=\"https:\/\/euroweeklynews.com\/wp-content\/plugins\/snack-related-articles\/dist\/css\/snack-related.min.css?250312-193541\" type=\"text\/css\" media=\"all\">\n<\/div>\n<h2><span data-preserver-spaces=\"true\">D\u00f8d p\u00e5 (land) veiene<\/span><\/h2>\n<p><span data-preserver-spaces=\"true\">Mens 98% av hendelsene bare &#8216;Maul -st\u00f8tfangere og panseret, er innsatsen d\u00f8delige. \u00c5tte menneskeliv gikk tapt i fjor og 58 personer innlagt p\u00e5 sykehus, ofte p\u00e5 grunn av svinging eller kollidering med uventet dyreliv. Det er ingen offisielle tall om antall drept ville dyr, men vi kan estimere at det var betydelig. <\/span><\/p>\n<p><span data-preserver-spaces=\"true\">De verste rammede omr\u00e5dene? Spanias s\u00f8vnige sekund\u00e6re veier &#8211; Tenk smal asfalt, ujevn belysning og null tid til \u00e5 reagere.<\/span><\/p>\n<p><span data-preserver-spaces=\"true\">DGTs nye guide fokuserer p\u00e5 tre dyr som for\u00e5rsaker flest ulykker: <\/span><\/p>\n<ul>\n<li><strong><span data-preserver-spaces=\"true\">Wild Boars: 40% av tilfeller av dyrekrasj<\/span><\/strong><span data-preserver-spaces=\"true\">  &#8211; Sterk, rask og tragisk uforutsigbar n\u00e5r du krysser landsveier.<\/span><\/li>\n<li><strong><span data-preserver-spaces=\"true\">Hjort (for det meste ROE): 32%<\/span><\/strong><span data-preserver-spaces=\"true\">  &#8211; grasi\u00f8s, men farlig p\u00e5 feil sted til feil tid, spesielt i h\u00f8ye hastigheter.<\/span><\/li>\n<li><strong><span data-preserver-spaces=\"true\">Hunder: 8%<\/span><\/strong><span data-preserver-spaces=\"true\">  &#8211; Ofte tapt, forlatt eller forvillet seg fra hjem i n\u00e6rheten, er disse dyrene blant de tristeste ofrene for Spanias vegkrise.<\/span><\/li>\n<\/ul>\n<p><span data-preserver-spaces=\"true\">H\u00f8st og vinter er de farligste sesongene, n\u00e5r dyr er mer aktive og synligheten tar et neseive.<\/span><\/p>\n<h2><span data-preserver-spaces=\"true\">Castilla ulykke<\/span><\/h2>\n<p><span data-preserver-spaces=\"true\">Enkelte regioner blir til firbeinte frie for alle. Castilla y Leon, Castilla-La Mancha og Galicia leder nasjonale rangeringer, med Castilla Y Leons veikant <\/span><em><span data-preserver-spaces=\"true\">\u201cAnimal Crossing\u201d<\/span><\/em><span data-preserver-spaces=\"true\">  tegn blir mer advarsel enn vits.<\/span><\/p>\n<p><span data-preserver-spaces=\"true\">Og det er ikke bare tilfeldig kaos. DGT har kartlagt landets mest forbannede strekninger med asfalt &#8211; dubbing dem tefiva -soner (forkortelse for <\/span><em><span data-preserver-spaces=\"true\">Tramos con epecial frecuencia de hendelser viales con implicaci\u00f3n de animales<\/span><\/em><span data-preserver-spaces=\"true\">). Dette er veier med over 10 alvorlige dyreulykker de siste fem \u00e5rene, inkludert minst en med menneskelige skader.<\/span><\/p>\n<p><span data-preserver-spaces=\"true\">I 2023 ble 150 Tefiva-faresoner identifisert, og dekket over 200 kilometer med spanske veier-og de utgj\u00f8r en svimlende 21% av alle dyre-relaterte krasjer med menneskelige ofre.<\/span><\/p>\n<h2><span data-preserver-spaces=\"true\">Smart tech m\u00f8ter vill natur<\/span><\/h2>\n<p><span data-preserver-spaces=\"true\">For \u00e5 kjempe mot den triste bommen, g\u00e5r DGT h\u00f8yteknologisk med sin DGT 3.0-plattform-et sanntids Road Alert-system som for tiden er i pilotpr\u00f8ving. Hvis de lykkes, vil sj\u00e5f\u00f8rene f\u00e5 levende advarsler om l\u00f8rdagsnavene n\u00e5r de n\u00e6rmer seg en dyreutsatt faresone.<\/span><\/p>\n<p><span data-preserver-spaces=\"true\">I f\u00f8lge DGT; &#8216;Det handler om forventning, forebygging og unng\u00e5 un\u00f8dvendig d\u00f8d &#8211; mennesker eller dyr.&#8217;<\/span><\/p>\n<h2><span data-preserver-spaces=\"true\">De nye veiene regler <\/span><\/h2>\n<p><span data-preserver-spaces=\"true\">Guiden stopper ikke ved kart og maskiner. Slik planlegger Spania \u00e5 presse tilbake mot problemet:<\/span><\/p>\n<ul>\n<li><strong><span data-preserver-spaces=\"true\">Smartere tegn<\/span><\/strong><span data-preserver-spaces=\"true\">: Lysere lys, tydeligere paneler og dynamiske advarselssystemer for \u00e5 fange sj\u00e5f\u00f8renes \u00f8yne &#8211; spesielt om natten.<\/span><\/li>\n<li><strong><span data-preserver-spaces=\"true\">Duftbaserte forsvar<\/span><\/strong><span data-preserver-spaces=\"true\">: Ja, egentlig. Spesielt duftende gjerder og <\/span>ultralyd avskrekkende midler<span data-preserver-spaces=\"true\"> sikte p\u00e5 <\/span><em><span data-preserver-spaces=\"true\">Stink ut<\/span><\/em><span data-preserver-spaces=\"true\">  Eller spook dyreliv f\u00f8r de kommer til veien.<\/span><\/li>\n<li><strong><span data-preserver-spaces=\"true\">R\u00f8mningsruter og \u00f8ko -broer<\/span><\/strong><span data-preserver-spaces=\"true\">: Fra dyrelivsovergang til underjordiske tunneler f\u00e5r dyr tryggere kryssinger &#8211; og mennesker f\u00e5r tryggere pendler.<\/span><\/li>\n<li><strong><span data-preserver-spaces=\"true\">Ekstra sikkerhet for motorsyklister<\/span><\/strong><span data-preserver-spaces=\"true\">: Anti-dyrsbarrierer dobler seg opp som livreddere for syklister, ofte de mest s\u00e5rbare i disse krasjene.<\/span><\/li>\n<\/ul>\n<h2><span data-preserver-spaces=\"true\">Hovedpoenget?<\/span><\/h2>\n<p><span data-preserver-spaces=\"true\">Menneskelig feil spiller fortsatt en enorm rolle i dette problemet &#8211; inkludert et av de farligste trekkene bak rattet: forbikj\u00f8ring p\u00e5 enkeltveisveier. DGT advarer om at d\u00f8delige krasjer under forbikj\u00f8ring av man\u00f8vrer har pigget kraftig. Mange sj\u00e5f\u00f8rer er ganske enkelt feilvurdering av risikoen &#8211; med d\u00f8delige konsekvenser.<\/span><\/p>\n<p><span data-preserver-spaces=\"true\">S\u00e5 neste gang du tar en landevei i Spania, husk: at &#8216;Animal Crossing&#8217; -tegnet kan bare redde livet ditt og deres.<\/span><\/p>\n<p><span data-preserver-spaces=\"true\">Flere <\/span><span data-preserver-spaces=\"true\">Spansk levende nyheter<\/span><span data-preserver-spaces=\"true\">.  <\/span><\/p>\n<p><span data-preserver-spaces=\"true\">Flere <\/span><span data-preserver-spaces=\"true\">Nyheter p\u00e5 engelsk fra hele Spania<\/span><span data-preserver-spaces=\"true\">. <\/span><\/p>\n<p>                    <!-- Article End --><\/p><\/div>\n","protected":false},"excerpt":{"rendered":"<p>DGT har sunget alarmen etter at ville dyr var knyttet til en svimlende 36 000<\/p>\n","protected":false},"author":1,"featured_media":6859,"comment_status":"closed","ping_status":"open","sticky":false,"template":"","format":"standard","meta":{"footnotes":""},"categories":[105],"tags":[4424,373,4425,4428,4426,1709,81,31,1892,4427,601],"class_list":["post-6858","post","type-post","status-publish","format-standard","has-post-thumbnail","hentry","category-livsstil","tag-animal","tag-ble","tag-carnage","tag-dyrelivet","tag-lanntidsadvarsler","tag-lansert","tag-pa","tag-som","tag-spanias","tag-stoppe","tag-veier","generate-columns","tablet-grid-50","mobile-grid-100","grid-parent","grid-33","resize-featured-image"],"yoast_head":"<!-- This site is optimized with the Yoast SEO plugin v24.4 - https:\/\/yoast.com\/wordpress\/plugins\/seo\/ -->\n<title>Animal Carnage p\u00e5 Spanias veier: Lanntidsadvarsler som ble lansert for \u00e5 stoppe dyrelivet - Nordnesrepublikken<\/title>\n<meta name=\"robots\" content=\"index, follow, max-snippet:-1, max-image-preview:large, max-video-preview:-1\" \/>\n<link rel=\"canonical\" href=\"https:\/\/nordnesrepublikken.no\/index.php\/2025\/07\/11\/animal-carnage-pa-spanias-veier-lanntidsadvarsler-som-ble-lansert-for-a-stoppe-dyrelivet\/\" \/>\n<meta property=\"og:locale\" content=\"nb_NO\" \/>\n<meta property=\"og:type\" content=\"article\" \/>\n<meta property=\"og:title\" content=\"Animal Carnage p\u00e5 Spanias veier: Lanntidsadvarsler som ble lansert for \u00e5 stoppe dyrelivet - Nordnesrepublikken\" \/>\n<meta property=\"og:description\" content=\"DGT har sunget alarmen etter at ville dyr var knyttet til en svimlende 36 000\" \/>\n<meta property=\"og:url\" content=\"https:\/\/nordnesrepublikken.no\/index.php\/2025\/07\/11\/animal-carnage-pa-spanias-veier-lanntidsadvarsler-som-ble-lansert-for-a-stoppe-dyrelivet\/\" \/>\n<meta property=\"og:site_name\" content=\"Nordnesrepublikken\" \/>\n<meta property=\"article:published_time\" content=\"2025-07-11T04:50:03+00:00\" \/>\n<meta property=\"article:modified_time\" content=\"2025-07-11T04:50:05+00:00\" \/>\n<meta property=\"og:image\" content=\"https:\/\/nordnesrepublikken.no\/wp-content\/uploads\/2025\/07\/1752209404_Animal-Carnage-pa-Spanias-veier-Lanntidsadvarsler-som-ble-lansert-for.jpg\" \/>\n\t<meta property=\"og:image:width\" content=\"1200\" \/>\n\t<meta property=\"og:image:height\" content=\"530\" \/>\n\t<meta property=\"og:image:type\" content=\"image\/jpeg\" \/>\n<meta name=\"author\" content=\"Ole Andersen\" \/>\n<meta name=\"twitter:card\" content=\"summary_large_image\" \/>\n<meta name=\"twitter:label1\" content=\"Skrevet av\" \/>\n\t<meta name=\"twitter:data1\" content=\"Ole Andersen\" \/>\n\t<meta name=\"twitter:label2\" content=\"Ansl. lesetid\" \/>\n\t<meta name=\"twitter:data2\" content=\"4 minutter\" \/>\n<script type=\"application\/ld+json\" class=\"yoast-schema-graph\">{\"@context\":\"https:\/\/schema.org\",\"@graph\":[{\"@type\":\"Article\",\"@id\":\"https:\/\/nordnesrepublikken.no\/index.php\/2025\/07\/11\/animal-carnage-pa-spanias-veier-lanntidsadvarsler-som-ble-lansert-for-a-stoppe-dyrelivet\/#article\",\"isPartOf\":{\"@id\":\"https:\/\/nordnesrepublikken.no\/index.php\/2025\/07\/11\/animal-carnage-pa-spanias-veier-lanntidsadvarsler-som-ble-lansert-for-a-stoppe-dyrelivet\/\"},\"author\":{\"name\":\"Ole Andersen\",\"@id\":\"https:\/\/nordnesrepublikken.no\/#\/schema\/person\/2e7e81935bab77882fffb79296240ff1\"},\"headline\":\"Animal Carnage p\u00e5 Spanias veier: Lanntidsadvarsler som ble lansert for \u00e5 stoppe dyrelivet\",\"datePublished\":\"2025-07-11T04:50:03+00:00\",\"dateModified\":\"2025-07-11T04:50:05+00:00\",\"mainEntityOfPage\":{\"@id\":\"https:\/\/nordnesrepublikken.no\/index.php\/2025\/07\/11\/animal-carnage-pa-spanias-veier-lanntidsadvarsler-som-ble-lansert-for-a-stoppe-dyrelivet\/\"},\"wordCount\":729,\"publisher\":{\"@id\":\"https:\/\/nordnesrepublikken.no\/#organization\"},\"image\":{\"@id\":\"https:\/\/nordnesrepublikken.no\/index.php\/2025\/07\/11\/animal-carnage-pa-spanias-veier-lanntidsadvarsler-som-ble-lansert-for-a-stoppe-dyrelivet\/#primaryimage\"},\"thumbnailUrl\":\"https:\/\/nordnesrepublikken.no\/wp-content\/uploads\/2025\/07\/1752209404_Animal-Carnage-pa-Spanias-veier-Lanntidsadvarsler-som-ble-lansert-for.jpg\",\"keywords\":[\"Animal\",\"ble\",\"Carnage\",\"dyrelivet\",\"Lanntidsadvarsler\",\"lansert\",\"p\u00e5\",\"som\",\"Spanias\",\"stoppe\",\"veier\"],\"articleSection\":[\"Livsstil\"],\"inLanguage\":\"nb-NO\"},{\"@type\":\"WebPage\",\"@id\":\"https:\/\/nordnesrepublikken.no\/index.php\/2025\/07\/11\/animal-carnage-pa-spanias-veier-lanntidsadvarsler-som-ble-lansert-for-a-stoppe-dyrelivet\/\",\"url\":\"https:\/\/nordnesrepublikken.no\/index.php\/2025\/07\/11\/animal-carnage-pa-spanias-veier-lanntidsadvarsler-som-ble-lansert-for-a-stoppe-dyrelivet\/\",\"name\":\"Animal Carnage p\u00e5 Spanias veier: Lanntidsadvarsler som ble lansert for \u00e5 stoppe dyrelivet - Nordnesrepublikken\",\"isPartOf\":{\"@id\":\"https:\/\/nordnesrepublikken.no\/#website\"},\"primaryImageOfPage\":{\"@id\":\"https:\/\/nordnesrepublikken.no\/index.php\/2025\/07\/11\/animal-carnage-pa-spanias-veier-lanntidsadvarsler-som-ble-lansert-for-a-stoppe-dyrelivet\/#primaryimage\"},\"image\":{\"@id\":\"https:\/\/nordnesrepublikken.no\/index.php\/2025\/07\/11\/animal-carnage-pa-spanias-veier-lanntidsadvarsler-som-ble-lansert-for-a-stoppe-dyrelivet\/#primaryimage\"},\"thumbnailUrl\":\"https:\/\/nordnesrepublikken.no\/wp-content\/uploads\/2025\/07\/1752209404_Animal-Carnage-pa-Spanias-veier-Lanntidsadvarsler-som-ble-lansert-for.jpg\",\"datePublished\":\"2025-07-11T04:50:03+00:00\",\"dateModified\":\"2025-07-11T04:50:05+00:00\",\"breadcrumb\":{\"@id\":\"https:\/\/nordnesrepublikken.no\/index.php\/2025\/07\/11\/animal-carnage-pa-spanias-veier-lanntidsadvarsler-som-ble-lansert-for-a-stoppe-dyrelivet\/#breadcrumb\"},\"inLanguage\":\"nb-NO\",\"potentialAction\":[{\"@type\":\"ReadAction\",\"target\":[\"https:\/\/nordnesrepublikken.no\/index.php\/2025\/07\/11\/animal-carnage-pa-spanias-veier-lanntidsadvarsler-som-ble-lansert-for-a-stoppe-dyrelivet\/\"]}]},{\"@type\":\"ImageObject\",\"inLanguage\":\"nb-NO\",\"@id\":\"https:\/\/nordnesrepublikken.no\/index.php\/2025\/07\/11\/animal-carnage-pa-spanias-veier-lanntidsadvarsler-som-ble-lansert-for-a-stoppe-dyrelivet\/#primaryimage\",\"url\":\"https:\/\/nordnesrepublikken.no\/wp-content\/uploads\/2025\/07\/1752209404_Animal-Carnage-pa-Spanias-veier-Lanntidsadvarsler-som-ble-lansert-for.jpg\",\"contentUrl\":\"https:\/\/nordnesrepublikken.no\/wp-content\/uploads\/2025\/07\/1752209404_Animal-Carnage-pa-Spanias-veier-Lanntidsadvarsler-som-ble-lansert-for.jpg\",\"width\":1200,\"height\":530,\"caption\":\"Animal Carnage p\u00e5 Spanias veier: Lanntidsadvarsler som ble lansert for \u00e5 stoppe dyrelivet\"},{\"@type\":\"BreadcrumbList\",\"@id\":\"https:\/\/nordnesrepublikken.no\/index.php\/2025\/07\/11\/animal-carnage-pa-spanias-veier-lanntidsadvarsler-som-ble-lansert-for-a-stoppe-dyrelivet\/#breadcrumb\",\"itemListElement\":[{\"@type\":\"ListItem\",\"position\":1,\"name\":\"Home\",\"item\":\"https:\/\/nordnesrepublikken.no\/\"},{\"@type\":\"ListItem\",\"position\":2,\"name\":\"Animal Carnage p\u00e5 Spanias veier: Lanntidsadvarsler som ble lansert for \u00e5 stoppe dyrelivet\"}]},{\"@type\":\"WebSite\",\"@id\":\"https:\/\/nordnesrepublikken.no\/#website\",\"url\":\"https:\/\/nordnesrepublikken.no\/\",\"name\":\"Nordnesrepublikken\",\"description\":\"Stemmer og Visjoner fra Republikkens Hjerte\",\"publisher\":{\"@id\":\"https:\/\/nordnesrepublikken.no\/#organization\"},\"potentialAction\":[{\"@type\":\"SearchAction\",\"target\":{\"@type\":\"EntryPoint\",\"urlTemplate\":\"https:\/\/nordnesrepublikken.no\/?s={search_term_string}\"},\"query-input\":{\"@type\":\"PropertyValueSpecification\",\"valueRequired\":true,\"valueName\":\"search_term_string\"}}],\"inLanguage\":\"nb-NO\"},{\"@type\":\"Organization\",\"@id\":\"https:\/\/nordnesrepublikken.no\/#organization\",\"name\":\"Nordnesrepublikken\",\"url\":\"https:\/\/nordnesrepublikken.no\/\",\"logo\":{\"@type\":\"ImageObject\",\"inLanguage\":\"nb-NO\",\"@id\":\"https:\/\/nordnesrepublikken.no\/#\/schema\/logo\/image\/\",\"url\":\"https:\/\/nordnesrepublikken.no\/wp-content\/uploads\/2025\/02\/cropped-nordnesrepublikken-2.png\",\"contentUrl\":\"https:\/\/nordnesrepublikken.no\/wp-content\/uploads\/2025\/02\/cropped-nordnesrepublikken-2.png\",\"width\":1248,\"height\":362,\"caption\":\"Nordnesrepublikken\"},\"image\":{\"@id\":\"https:\/\/nordnesrepublikken.no\/#\/schema\/logo\/image\/\"}},{\"@type\":\"Person\",\"@id\":\"https:\/\/nordnesrepublikken.no\/#\/schema\/person\/2e7e81935bab77882fffb79296240ff1\",\"name\":\"Ole Andersen\",\"image\":{\"@type\":\"ImageObject\",\"inLanguage\":\"nb-NO\",\"@id\":\"https:\/\/nordnesrepublikken.no\/#\/schema\/person\/image\/\",\"url\":\"https:\/\/nordnesrepublikken.no\/wp-content\/uploads\/2025\/02\/nordnesrepublikken-2-2-150x150.jpg\",\"contentUrl\":\"https:\/\/nordnesrepublikken.no\/wp-content\/uploads\/2025\/02\/nordnesrepublikken-2-2-150x150.jpg\",\"caption\":\"Ole Andersen\"},\"description\":\"Ettersom jeg vokste opp i Oslo, har jeg alltid v\u00e6rt fascinert av ordenes kraft og deres evne til \u00e5 skape endringer. Etter \u00e5 ha fullf\u00f8rt min utdannelse i kommunikasjon ved Universitetet i Bergen, fikk jeg muligheten til \u00e5 jobbe innen ulike medier, der jeg har s\u00f8kt \u00e5 belyse viktige samfunnssp\u00f8rsm\u00e5l. I dag, som redakt\u00f8r for Nordnesrepublikken, pr\u00f8ver jeg \u00e5 forene min kj\u00e6rlighet for journalistikk med min lidenskap for innovasjon og eventyr.\",\"sameAs\":[\"https:\/\/nordnesrepublikken.no\/\"]}]}<\/script>\n<!-- \/ Yoast SEO plugin. -->","yoast_head_json":{"title":"Animal Carnage p\u00e5 Spanias veier: Lanntidsadvarsler som ble lansert for \u00e5 stoppe dyrelivet - Nordnesrepublikken","robots":{"index":"index","follow":"follow","max-snippet":"max-snippet:-1","max-image-preview":"max-image-preview:large","max-video-preview":"max-video-preview:-1"},"canonical":"https:\/\/nordnesrepublikken.no\/index.php\/2025\/07\/11\/animal-carnage-pa-spanias-veier-lanntidsadvarsler-som-ble-lansert-for-a-stoppe-dyrelivet\/","og_locale":"nb_NO","og_type":"article","og_title":"Animal Carnage p\u00e5 Spanias veier: Lanntidsadvarsler som ble lansert for \u00e5 stoppe dyrelivet - Nordnesrepublikken","og_description":"DGT har sunget alarmen etter at ville dyr var knyttet til en svimlende 36 000","og_url":"https:\/\/nordnesrepublikken.no\/index.php\/2025\/07\/11\/animal-carnage-pa-spanias-veier-lanntidsadvarsler-som-ble-lansert-for-a-stoppe-dyrelivet\/","og_site_name":"Nordnesrepublikken","article_published_time":"2025-07-11T04:50:03+00:00","article_modified_time":"2025-07-11T04:50:05+00:00","og_image":[{"width":1200,"height":530,"url":"https:\/\/nordnesrepublikken.no\/wp-content\/uploads\/2025\/07\/1752209404_Animal-Carnage-pa-Spanias-veier-Lanntidsadvarsler-som-ble-lansert-for.jpg","type":"image\/jpeg"}],"author":"Ole Andersen","twitter_card":"summary_large_image","twitter_misc":{"Skrevet av":"Ole Andersen","Ansl. lesetid":"4 minutter"},"schema":{"@context":"https:\/\/schema.org","@graph":[{"@type":"Article","@id":"https:\/\/nordnesrepublikken.no\/index.php\/2025\/07\/11\/animal-carnage-pa-spanias-veier-lanntidsadvarsler-som-ble-lansert-for-a-stoppe-dyrelivet\/#article","isPartOf":{"@id":"https:\/\/nordnesrepublikken.no\/index.php\/2025\/07\/11\/animal-carnage-pa-spanias-veier-lanntidsadvarsler-som-ble-lansert-for-a-stoppe-dyrelivet\/"},"author":{"name":"Ole Andersen","@id":"https:\/\/nordnesrepublikken.no\/#\/schema\/person\/2e7e81935bab77882fffb79296240ff1"},"headline":"Animal Carnage p\u00e5 Spanias veier: Lanntidsadvarsler som ble lansert for \u00e5 stoppe dyrelivet","datePublished":"2025-07-11T04:50:03+00:00","dateModified":"2025-07-11T04:50:05+00:00","mainEntityOfPage":{"@id":"https:\/\/nordnesrepublikken.no\/index.php\/2025\/07\/11\/animal-carnage-pa-spanias-veier-lanntidsadvarsler-som-ble-lansert-for-a-stoppe-dyrelivet\/"},"wordCount":729,"publisher":{"@id":"https:\/\/nordnesrepublikken.no\/#organization"},"image":{"@id":"https:\/\/nordnesrepublikken.no\/index.php\/2025\/07\/11\/animal-carnage-pa-spanias-veier-lanntidsadvarsler-som-ble-lansert-for-a-stoppe-dyrelivet\/#primaryimage"},"thumbnailUrl":"https:\/\/nordnesrepublikken.no\/wp-content\/uploads\/2025\/07\/1752209404_Animal-Carnage-pa-Spanias-veier-Lanntidsadvarsler-som-ble-lansert-for.jpg","keywords":["Animal","ble","Carnage","dyrelivet","Lanntidsadvarsler","lansert","p\u00e5","som","Spanias","stoppe","veier"],"articleSection":["Livsstil"],"inLanguage":"nb-NO"},{"@type":"WebPage","@id":"https:\/\/nordnesrepublikken.no\/index.php\/2025\/07\/11\/animal-carnage-pa-spanias-veier-lanntidsadvarsler-som-ble-lansert-for-a-stoppe-dyrelivet\/","url":"https:\/\/nordnesrepublikken.no\/index.php\/2025\/07\/11\/animal-carnage-pa-spanias-veier-lanntidsadvarsler-som-ble-lansert-for-a-stoppe-dyrelivet\/","name":"Animal Carnage p\u00e5 Spanias veier: Lanntidsadvarsler som ble lansert for \u00e5 stoppe dyrelivet - Nordnesrepublikken","isPartOf":{"@id":"https:\/\/nordnesrepublikken.no\/#website"},"primaryImageOfPage":{"@id":"https:\/\/nordnesrepublikken.no\/index.php\/2025\/07\/11\/animal-carnage-pa-spanias-veier-lanntidsadvarsler-som-ble-lansert-for-a-stoppe-dyrelivet\/#primaryimage"},"image":{"@id":"https:\/\/nordnesrepublikken.no\/index.php\/2025\/07\/11\/animal-carnage-pa-spanias-veier-lanntidsadvarsler-som-ble-lansert-for-a-stoppe-dyrelivet\/#primaryimage"},"thumbnailUrl":"https:\/\/nordnesrepublikken.no\/wp-content\/uploads\/2025\/07\/1752209404_Animal-Carnage-pa-Spanias-veier-Lanntidsadvarsler-som-ble-lansert-for.jpg","datePublished":"2025-07-11T04:50:03+00:00","dateModified":"2025-07-11T04:50:05+00:00","breadcrumb":{"@id":"https:\/\/nordnesrepublikken.no\/index.php\/2025\/07\/11\/animal-carnage-pa-spanias-veier-lanntidsadvarsler-som-ble-lansert-for-a-stoppe-dyrelivet\/#breadcrumb"},"inLanguage":"nb-NO","potentialAction":[{"@type":"ReadAction","target":["https:\/\/nordnesrepublikken.no\/index.php\/2025\/07\/11\/animal-carnage-pa-spanias-veier-lanntidsadvarsler-som-ble-lansert-for-a-stoppe-dyrelivet\/"]}]},{"@type":"ImageObject","inLanguage":"nb-NO","@id":"https:\/\/nordnesrepublikken.no\/index.php\/2025\/07\/11\/animal-carnage-pa-spanias-veier-lanntidsadvarsler-som-ble-lansert-for-a-stoppe-dyrelivet\/#primaryimage","url":"https:\/\/nordnesrepublikken.no\/wp-content\/uploads\/2025\/07\/1752209404_Animal-Carnage-pa-Spanias-veier-Lanntidsadvarsler-som-ble-lansert-for.jpg","contentUrl":"https:\/\/nordnesrepublikken.no\/wp-content\/uploads\/2025\/07\/1752209404_Animal-Carnage-pa-Spanias-veier-Lanntidsadvarsler-som-ble-lansert-for.jpg","width":1200,"height":530,"caption":"Animal Carnage p\u00e5 Spanias veier: Lanntidsadvarsler som ble lansert for \u00e5 stoppe dyrelivet"},{"@type":"BreadcrumbList","@id":"https:\/\/nordnesrepublikken.no\/index.php\/2025\/07\/11\/animal-carnage-pa-spanias-veier-lanntidsadvarsler-som-ble-lansert-for-a-stoppe-dyrelivet\/#breadcrumb","itemListElement":[{"@type":"ListItem","position":1,"name":"Home","item":"https:\/\/nordnesrepublikken.no\/"},{"@type":"ListItem","position":2,"name":"Animal Carnage p\u00e5 Spanias veier: Lanntidsadvarsler som ble lansert for \u00e5 stoppe dyrelivet"}]},{"@type":"WebSite","@id":"https:\/\/nordnesrepublikken.no\/#website","url":"https:\/\/nordnesrepublikken.no\/","name":"Nordnesrepublikken","description":"Stemmer og Visjoner fra Republikkens Hjerte","publisher":{"@id":"https:\/\/nordnesrepublikken.no\/#organization"},"potentialAction":[{"@type":"SearchAction","target":{"@type":"EntryPoint","urlTemplate":"https:\/\/nordnesrepublikken.no\/?s={search_term_string}"},"query-input":{"@type":"PropertyValueSpecification","valueRequired":true,"valueName":"search_term_string"}}],"inLanguage":"nb-NO"},{"@type":"Organization","@id":"https:\/\/nordnesrepublikken.no\/#organization","name":"Nordnesrepublikken","url":"https:\/\/nordnesrepublikken.no\/","logo":{"@type":"ImageObject","inLanguage":"nb-NO","@id":"https:\/\/nordnesrepublikken.no\/#\/schema\/logo\/image\/","url":"https:\/\/nordnesrepublikken.no\/wp-content\/uploads\/2025\/02\/cropped-nordnesrepublikken-2.png","contentUrl":"https:\/\/nordnesrepublikken.no\/wp-content\/uploads\/2025\/02\/cropped-nordnesrepublikken-2.png","width":1248,"height":362,"caption":"Nordnesrepublikken"},"image":{"@id":"https:\/\/nordnesrepublikken.no\/#\/schema\/logo\/image\/"}},{"@type":"Person","@id":"https:\/\/nordnesrepublikken.no\/#\/schema\/person\/2e7e81935bab77882fffb79296240ff1","name":"Ole Andersen","image":{"@type":"ImageObject","inLanguage":"nb-NO","@id":"https:\/\/nordnesrepublikken.no\/#\/schema\/person\/image\/","url":"https:\/\/nordnesrepublikken.no\/wp-content\/uploads\/2025\/02\/nordnesrepublikken-2-2-150x150.jpg","contentUrl":"https:\/\/nordnesrepublikken.no\/wp-content\/uploads\/2025\/02\/nordnesrepublikken-2-2-150x150.jpg","caption":"Ole Andersen"},"description":"Ettersom jeg vokste opp i Oslo, har jeg alltid v\u00e6rt fascinert av ordenes kraft og deres evne til \u00e5 skape endringer. Etter \u00e5 ha fullf\u00f8rt min utdannelse i kommunikasjon ved Universitetet i Bergen, fikk jeg muligheten til \u00e5 jobbe innen ulike medier, der jeg har s\u00f8kt \u00e5 belyse viktige samfunnssp\u00f8rsm\u00e5l. I dag, som redakt\u00f8r for Nordnesrepublikken, pr\u00f8ver jeg \u00e5 forene min kj\u00e6rlighet for journalistikk med min lidenskap for innovasjon og eventyr.","sameAs":["https:\/\/nordnesrepublikken.no\/"]}]}},"_links":{"self":[{"href":"https:\/\/nordnesrepublikken.no\/index.php\/wp-json\/wp\/v2\/posts\/6858","targetHints":{"allow":["GET"]}}],"collection":[{"href":"https:\/\/nordnesrepublikken.no\/index.php\/wp-json\/wp\/v2\/posts"}],"about":[{"href":"https:\/\/nordnesrepublikken.no\/index.php\/wp-json\/wp\/v2\/types\/post"}],"author":[{"embeddable":true,"href":"https:\/\/nordnesrepublikken.no\/index.php\/wp-json\/wp\/v2\/users\/1"}],"replies":[{"embeddable":true,"href":"https:\/\/nordnesrepublikken.no\/index.php\/wp-json\/wp\/v2\/comments?post=6858"}],"version-history":[{"count":1,"href":"https:\/\/nordnesrepublikken.no\/index.php\/wp-json\/wp\/v2\/posts\/6858\/revisions"}],"predecessor-version":[{"id":6860,"href":"https:\/\/nordnesrepublikken.no\/index.php\/wp-json\/wp\/v2\/posts\/6858\/revisions\/6860"}],"wp:featuredmedia":[{"embeddable":true,"href":"https:\/\/nordnesrepublikken.no\/index.php\/wp-json\/wp\/v2\/media\/6859"}],"wp:attachment":[{"href":"https:\/\/nordnesrepublikken.no\/index.php\/wp-json\/wp\/v2\/media?parent=6858"}],"wp:term":[{"taxonomy":"category","embeddable":true,"href":"https:\/\/nordnesrepublikken.no\/index.php\/wp-json\/wp\/v2\/categories?post=6858"},{"taxonomy":"post_tag","embeddable":true,"href":"https:\/\/nordnesrepublikken.no\/index.php\/wp-json\/wp\/v2\/tags?post=6858"}],"curies":[{"name":"wp","href":"https:\/\/api.w.org\/{rel}","templated":true}]}}