{"id":6852,"date":"2025-07-11T01:50:33","date_gmt":"2025-07-10T23:50:33","guid":{"rendered":"https:\/\/nordnesrepublikken.no\/index.php\/2025\/07\/11\/pa-hvilket-sprak-tenker-kunstig-intelligens-antropisk-studie-om-spraklige-modeller\/"},"modified":"2025-07-11T01:50:35","modified_gmt":"2025-07-10T23:50:35","slug":"pa-hvilket-sprak-tenker-kunstig-intelligens-antropisk-studie-om-spraklige-modeller","status":"publish","type":"post","link":"https:\/\/nordnesrepublikken.no\/index.php\/2025\/07\/11\/pa-hvilket-sprak-tenker-kunstig-intelligens-antropisk-studie-om-spraklige-modeller\/","title":{"rendered":"P\u00e5 hvilket spr\u00e5k &laquo;tenker kunstig intelligens&raquo;? Antropisk studie om spr\u00e5klige modeller"},"content":{"rendered":"<div>\n<div class=\"cp_wrapper cp_wrapper--fw mb-30 mb-20@tablet\">\n<figure class=\"mm\"><picture class=\"img\" style=\"padding-top:56.25%\"><source  media=\"(min-width: 1024px)\"><source  media=\"(min-width: 768px)\"><\/source><\/source><\/picture><\/figure>\n<\/p><\/div>\n<p><strong>P\u00e5 hvilket spr\u00e5k tror du chatgpt?<\/strong> N\u00e5r vi kommuniserer med kunstig intelligens som Chatgpt, Gemini eller Claude, gj\u00f8r vi det p\u00e5 spr\u00e5ket v\u00e5rt: at det er italiensk, fransk, engelsk, kinesisk &#8230; og AI reagerer p\u00e5 oss p\u00e5 samme spr\u00e5k, p\u00e5 en sammenhengende m\u00e5te. Men hvordan er det mulig at en av de kan forst\u00e5 og utdype <strong>Svar p\u00e5 alle spr\u00e5k<\/strong> av verden? P\u00e5 hvilket spr\u00e5k &laquo;tror du&raquo; f\u00f8r du svarer? Disse sp\u00f8rsm\u00e5lene, som bare kan virke nysgjerrighet, er i sentrum for en rekke forskning de siste \u00e5rene. \u00c5 forst\u00e5 hvordan AI utdyper spr\u00e5ket oss til \u00e5 forst\u00e5 potensialet, grensene og fremfor alt \u00e5 kontrollere risikoen.<\/p>\n<p>\u00c5 pr\u00f8ve \u00e5 svare p\u00e5 disse sp\u00f8rsm\u00e5lene, i mars 2025, <strong>Antropisk<\/strong> &#8211; Selskapet som utvikler <strong>Claude<\/strong> &#8211; Han har publisert en forskning p\u00e5 hvordan modellen hans tolker spr\u00e5ket. Studien viste at Claude 3.5 haiku <strong>det fungerer p\u00e5 samme m\u00e5te som hjernen<\/strong> av mennesker <strong>tospr\u00e5klig<\/strong>: Aktiver de samme interne &laquo;omr\u00e5dene&raquo; n\u00e5r det utdyper ord p\u00e5 forskjellige spr\u00e5k. I praksis, hvis et sp\u00f8rsm\u00e5l p\u00e5 flere spr\u00e5k oppst\u00e5r, aktiveres de samme &laquo;kretsl\u00f8pene&raquo; uavhengig av spr\u00e5ket som brukes. Denne prosessen lar Claude overf\u00f8re konsepter fra et spr\u00e5k til et annet, lar de som bruker det til det <strong>Skriv p\u00e5 ditt eget spr\u00e5k<\/strong> Mor uten \u00e5 miste kvaliteten p\u00e5 responsen og p\u00e5legger oss \u00e5 skape til det stadig mer gjennomsiktige og trygge.<\/p>\n<p>I denne artikkelen ser vi hvordan spr\u00e5kmodeller fungerer, hva det vil si \u00e5 si at a<strong>Til &laquo;tenk&raquo; p\u00e5 flere spr\u00e5k<\/strong>og hvorfor \u00e5 forst\u00e5 disse mekanismene er viktig for \u00e5 bygge mer p\u00e5litelige, gjennomsiktige og trygge systemer.<\/p>\n<h2><b>  Hva er de store spr\u00e5kmodellene &laquo;Tenk&raquo;<\/b><\/h2>\n<p>Store spr\u00e5klige modeller, eller LLM (store spr\u00e5kmodeller), er systemer designet for <strong>tolke<\/strong>, <strong>rettssak<\/strong> Og <strong>generere<\/strong> <strong>tekst<\/strong>. De er grunnlaget for verkt\u00f8y som <strong>Chatgpt<\/strong>, <strong>Gemini<\/strong> Og <strong>Claude<\/strong>og er i stand til \u00e5 snakke, oppsummere dokumenter, svare p\u00e5 komplekse sp\u00f8rsm\u00e5l og ogs\u00e5 oversette mellom spr\u00e5k. For \u00e5 gj\u00f8re alle disse operasjonene har det ikke v\u00e6rt noen radlinje av mennesker, men de var det <strong>trent p\u00e5 enorme mengder tekster<\/strong>hvorfra <strong>De l\u00e6rer selv<\/strong> til <strong>gjenkjenne<\/strong>, <strong>forhold<\/strong> Og <strong>regler<\/strong> av <strong>spr\u00e5k<\/strong>.<\/p>\n<p>Selv om vi vet hva hovedmekanismene som ligger til grunn for valg av ord og tolkning av foresp\u00f8rsler fra LLM, den <strong>logiske strategier<\/strong> som utvikler seg i treningsfasen for \u00e5 m\u00f8te spr\u00e5klige oppgaver er fortsatt <strong>enest\u00e5ende<\/strong>ogs\u00e5 av utviklerne selv.<\/p>\n<p>Som administrerende direkt\u00f8r i Anthropic selv sa:<\/p>\n<blockquote>\n<p>N\u00e5r en generativ kunstig intelligens gj\u00f8r noe, hvordan vi kan oppsummere et \u00f8konomisk dokument, har vi ingen anelse om (&#8230;) om hvorfor det tar valgene det tar, fordi det \u00e5 velge visse ord i stedet for andre, eller fordi det tidvis gj\u00f8r en feil til tross for at de vanligvis er n\u00f8yaktig.<\/p>\n<\/blockquote>\n<p>Nettopp av denne grunn er det et sentralt poeng \u00e5 ha mer og tryggere \u00e5 kunne forst\u00e5 den dype logikken p\u00e5 grunnlag av spr\u00e5klige valg eller tolkning av tekstene for \u00e5 ha mer og tryggere.<\/p>\n<h2><b>  Claude &laquo;Tror du p\u00e5 flere spr\u00e5k&raquo;? Antropisk s\u00f8k<\/b><\/h2>\n<p>For \u00e5 pr\u00f8ve \u00e5 tolke driften av Claude og \u00e5 forst\u00e5 om &laquo;tenker&raquo; annerledes avhengig av spr\u00e5ket som sp\u00f8rsm\u00e5let stilles, har antropisk bestemt seg for <strong>observere<\/strong> hvilken <strong>omr\u00e5der<\/strong> Ja &laquo;<strong>aktivere<\/strong>&laquo;N\u00e5r et sp\u00f8rsm\u00e5l blir stilt p\u00e5 forskjellige spr\u00e5k og hvordan disse omr\u00e5dene er <strong>tilkoblet<\/strong> blant dem, litt som n\u00e5r du gj\u00f8r en <strong>Magnetisk resonansavbildning<\/strong> p\u00e5 en menneskelig hjerne.<\/p>\n<p>De startet fra enkle foresp\u00f8rsler: de ba for eksempel til Claude Di <strong>Fullf\u00f8r setningen<\/strong> &laquo;Det motsatte av &#8216;lite&#8217; er &#8230;&raquo; i <strong>Engelsk<\/strong>, <strong>Fransk<\/strong> Og <strong>Kinesisk<\/strong>. Analyse av de interne aktiveringene av modellen, forsto de at:<\/p>\n<ul>\n<li>&laquo;Liten&raquo;, &laquo;liten&raquo; og &laquo;petit&raquo; aktiver alltid det samme omr\u00e5det, det vil si uansett spr\u00e5ket som brukes, det <strong>samme<\/strong> <strong>konsept<\/strong> (Det &laquo;lille&raquo; vesenet) tilsvarer <strong>samme<\/strong> <strong>omr\u00e5de<\/strong> <strong>modell<\/strong>;<\/li>\n<li>N\u00e5r du aktiverer omr\u00e5det som inneholder begrepet &laquo;lite&raquo; og det &laquo;motsatte&raquo;, aktiveres ogs\u00e5 omr\u00e5det som inneholder konseptet &laquo;stort&raquo;, og dette gjelder alle spr\u00e5k. For Claude er mekanismen som det motsatte av et ord genereres ikke avhenger av spr\u00e5ket, men refererer til en vanlig, delt, abstrakt representasjon. Claude, derfor, <strong>er i stand til<\/strong> <strong>generalisere<\/strong> de <strong>forhold<\/strong> blant konseptene og for \u00e5 gj\u00f8re dem uavhengige av startspr\u00e5ket.<\/li>\n<\/ul>\n<p>Denne studien har selvf\u00f8lgelig ogs\u00e5 begrensninger. Selv om bare veldig kort og lett \u00e5 tolke foresp\u00f8rsler er studert, klarte ikke forskningsgruppen \u00e5 forklare alle operasjonene Claude gjorde for \u00e5 generere svaret. Dette er et tegn p\u00e5 hvor mye vi fortsatt er <strong>langt borte for \u00e5 forst\u00e5<\/strong> Virkelig i dybden funksjonen til disse modellene.<\/p>\n<h2><b>  Vi har enn\u00e5 ikke forst\u00e5tt hvordan vi skal &laquo;tenke&raquo; AI<\/b><\/h2>\n<p><strong>Forst\u00e5 p\u00e5 hvilket spr\u00e5k &laquo;tenk&raquo;<\/strong> En spr\u00e5kmodell har veldig praktiske konsekvenser, spesielt for \u00e5 designe systemer som fungerer bra<strong>Og<\/strong> p\u00e5 flere spr\u00e5k, at de er <strong>effektiv<\/strong> Og fremfor alt, <strong>sikker.<\/strong> Hvis en AI virkelig klarer \u00e5 abstrahere konseptene og koble dem til hverandre, kan den overf\u00f8re det som har l\u00e6rt p\u00e5 et spr\u00e5k til de andre. Dette lar deg garantere <strong>konsistens<\/strong> Og <strong>kvalitet<\/strong> <strong>i svarene<\/strong>uavhengig av brukerens spr\u00e5k.<\/p>\n<p>Forskningen p\u00e5 dette omr\u00e5det er imidlertid fortsatt i begynnelsen, og meningene fra det vitenskapelige samfunnet er ikke enstemmige. Noen studier hevder at de mest avanserte spr\u00e5kmodellene bruker <strong>strukturer<\/strong> Virkelig <strong>flerspr\u00e5klig,<\/strong> Som Claude. Andre observerer imidlertid at engelsk, selv i de mest sofistikerte systemene, fortsetter \u00e5 spille en dominerende rolle, spesielt i de endelige passasjene av generasjonen av svar. Hoved\u00e5rsaken er knyttet til trening: de fleste dataene som disse modellene er utdannet, er, fremdeles i dag, i <strong>Engelsk spr\u00e5k<\/strong>.<\/p>\n<p>Til tross for alle grensene, representerer studier som antropisk et f\u00f8rste skritt mot st\u00f8rre \u00e5penhet av de interne mekanismene til spr\u00e5klige modeller. M\u00e5ten \u00e5 virkelig forst\u00e5 de interne mekanismene til AI er fremdeles lang, men studier som dette representerer grunnleggende stadier for en st\u00f8rre mestring av denne teknologien.<\/p>\n<\/p><\/div>\n","protected":false},"excerpt":{"rendered":"<p>P\u00e5 hvilket spr\u00e5k tror du chatgpt? N\u00e5r vi kommuniserer med kunstig intelligens som Chatgpt, Gemini<\/p>\n","protected":false},"author":1,"featured_media":6853,"comment_status":"closed","ping_status":"open","sticky":false,"template":"","format":"standard","meta":{"footnotes":""},"categories":[25],"tags":[4420,3454,1377,1376,4422,81,1114,4421,1681,4419],"class_list":["post-6852","post","type-post","status-publish","format-standard","has-post-thumbnail","hentry","category-teknologi","tag-antropisk","tag-hvilket","tag-intelligens","tag-kunstig","tag-modeller","tag-pa","tag-sprak","tag-spraklige","tag-studie","tag-tenker","generate-columns","tablet-grid-50","mobile-grid-100","grid-parent","grid-33","resize-featured-image"],"yoast_head":"<!-- This site is optimized with the Yoast SEO plugin v24.4 - https:\/\/yoast.com\/wordpress\/plugins\/seo\/ -->\n<title>P\u00e5 hvilket spr\u00e5k &quot;tenker kunstig intelligens&quot;? Antropisk studie om spr\u00e5klige modeller - Nordnesrepublikken<\/title>\n<meta name=\"robots\" content=\"index, follow, max-snippet:-1, max-image-preview:large, max-video-preview:-1\" \/>\n<link rel=\"canonical\" href=\"https:\/\/nordnesrepublikken.no\/index.php\/2025\/07\/11\/pa-hvilket-sprak-tenker-kunstig-intelligens-antropisk-studie-om-spraklige-modeller\/\" \/>\n<meta property=\"og:locale\" content=\"nb_NO\" \/>\n<meta property=\"og:type\" content=\"article\" \/>\n<meta property=\"og:title\" content=\"P\u00e5 hvilket spr\u00e5k &quot;tenker kunstig intelligens&quot;? Antropisk studie om spr\u00e5klige modeller - Nordnesrepublikken\" \/>\n<meta property=\"og:description\" content=\"P\u00e5 hvilket spr\u00e5k tror du chatgpt? N\u00e5r vi kommuniserer med kunstig intelligens som Chatgpt, Gemini\" \/>\n<meta property=\"og:url\" content=\"https:\/\/nordnesrepublikken.no\/index.php\/2025\/07\/11\/pa-hvilket-sprak-tenker-kunstig-intelligens-antropisk-studie-om-spraklige-modeller\/\" \/>\n<meta property=\"og:site_name\" content=\"Nordnesrepublikken\" \/>\n<meta property=\"article:published_time\" content=\"2025-07-10T23:50:33+00:00\" \/>\n<meta property=\"article:modified_time\" content=\"2025-07-10T23:50:35+00:00\" \/>\n<meta property=\"og:image\" content=\"https:\/\/nordnesrepublikken.no\/wp-content\/uploads\/2025\/07\/1752191433_Pa-hvilket-sprak-tenker-kunstig-intelligens-Antropisk-studie-om-spraklige.jpg\" \/>\n\t<meta property=\"og:image:width\" content=\"1536\" \/>\n\t<meta property=\"og:image:height\" content=\"1024\" \/>\n\t<meta property=\"og:image:type\" content=\"image\/jpeg\" \/>\n<meta name=\"author\" content=\"Ole Andersen\" \/>\n<meta name=\"twitter:card\" content=\"summary_large_image\" \/>\n<meta name=\"twitter:label1\" content=\"Skrevet av\" \/>\n\t<meta name=\"twitter:data1\" content=\"Ole Andersen\" \/>\n\t<meta name=\"twitter:label2\" content=\"Ansl. lesetid\" \/>\n\t<meta name=\"twitter:data2\" content=\"5 minutter\" \/>\n<script type=\"application\/ld+json\" class=\"yoast-schema-graph\">{\"@context\":\"https:\/\/schema.org\",\"@graph\":[{\"@type\":\"Article\",\"@id\":\"https:\/\/nordnesrepublikken.no\/index.php\/2025\/07\/11\/pa-hvilket-sprak-tenker-kunstig-intelligens-antropisk-studie-om-spraklige-modeller\/#article\",\"isPartOf\":{\"@id\":\"https:\/\/nordnesrepublikken.no\/index.php\/2025\/07\/11\/pa-hvilket-sprak-tenker-kunstig-intelligens-antropisk-studie-om-spraklige-modeller\/\"},\"author\":{\"name\":\"Ole Andersen\",\"@id\":\"https:\/\/nordnesrepublikken.no\/#\/schema\/person\/2e7e81935bab77882fffb79296240ff1\"},\"headline\":\"P\u00e5 hvilket spr\u00e5k &laquo;tenker kunstig intelligens&raquo;? Antropisk studie om spr\u00e5klige modeller\",\"datePublished\":\"2025-07-10T23:50:33+00:00\",\"dateModified\":\"2025-07-10T23:50:35+00:00\",\"mainEntityOfPage\":{\"@id\":\"https:\/\/nordnesrepublikken.no\/index.php\/2025\/07\/11\/pa-hvilket-sprak-tenker-kunstig-intelligens-antropisk-studie-om-spraklige-modeller\/\"},\"wordCount\":1003,\"publisher\":{\"@id\":\"https:\/\/nordnesrepublikken.no\/#organization\"},\"image\":{\"@id\":\"https:\/\/nordnesrepublikken.no\/index.php\/2025\/07\/11\/pa-hvilket-sprak-tenker-kunstig-intelligens-antropisk-studie-om-spraklige-modeller\/#primaryimage\"},\"thumbnailUrl\":\"https:\/\/nordnesrepublikken.no\/wp-content\/uploads\/2025\/07\/1752191433_Pa-hvilket-sprak-tenker-kunstig-intelligens-Antropisk-studie-om-spraklige.jpg\",\"keywords\":[\"Antropisk\",\"hvilket\",\"intelligens\",\"kunstig\",\"modeller\",\"p\u00e5\",\"spr\u00e5k\",\"spr\u00e5klige\",\"studie\",\"tenker\"],\"articleSection\":[\"Teknologi\"],\"inLanguage\":\"nb-NO\"},{\"@type\":\"WebPage\",\"@id\":\"https:\/\/nordnesrepublikken.no\/index.php\/2025\/07\/11\/pa-hvilket-sprak-tenker-kunstig-intelligens-antropisk-studie-om-spraklige-modeller\/\",\"url\":\"https:\/\/nordnesrepublikken.no\/index.php\/2025\/07\/11\/pa-hvilket-sprak-tenker-kunstig-intelligens-antropisk-studie-om-spraklige-modeller\/\",\"name\":\"P\u00e5 hvilket spr\u00e5k \\\"tenker kunstig intelligens\\\"? Antropisk studie om spr\u00e5klige modeller - Nordnesrepublikken\",\"isPartOf\":{\"@id\":\"https:\/\/nordnesrepublikken.no\/#website\"},\"primaryImageOfPage\":{\"@id\":\"https:\/\/nordnesrepublikken.no\/index.php\/2025\/07\/11\/pa-hvilket-sprak-tenker-kunstig-intelligens-antropisk-studie-om-spraklige-modeller\/#primaryimage\"},\"image\":{\"@id\":\"https:\/\/nordnesrepublikken.no\/index.php\/2025\/07\/11\/pa-hvilket-sprak-tenker-kunstig-intelligens-antropisk-studie-om-spraklige-modeller\/#primaryimage\"},\"thumbnailUrl\":\"https:\/\/nordnesrepublikken.no\/wp-content\/uploads\/2025\/07\/1752191433_Pa-hvilket-sprak-tenker-kunstig-intelligens-Antropisk-studie-om-spraklige.jpg\",\"datePublished\":\"2025-07-10T23:50:33+00:00\",\"dateModified\":\"2025-07-10T23:50:35+00:00\",\"breadcrumb\":{\"@id\":\"https:\/\/nordnesrepublikken.no\/index.php\/2025\/07\/11\/pa-hvilket-sprak-tenker-kunstig-intelligens-antropisk-studie-om-spraklige-modeller\/#breadcrumb\"},\"inLanguage\":\"nb-NO\",\"potentialAction\":[{\"@type\":\"ReadAction\",\"target\":[\"https:\/\/nordnesrepublikken.no\/index.php\/2025\/07\/11\/pa-hvilket-sprak-tenker-kunstig-intelligens-antropisk-studie-om-spraklige-modeller\/\"]}]},{\"@type\":\"ImageObject\",\"inLanguage\":\"nb-NO\",\"@id\":\"https:\/\/nordnesrepublikken.no\/index.php\/2025\/07\/11\/pa-hvilket-sprak-tenker-kunstig-intelligens-antropisk-studie-om-spraklige-modeller\/#primaryimage\",\"url\":\"https:\/\/nordnesrepublikken.no\/wp-content\/uploads\/2025\/07\/1752191433_Pa-hvilket-sprak-tenker-kunstig-intelligens-Antropisk-studie-om-spraklige.jpg\",\"contentUrl\":\"https:\/\/nordnesrepublikken.no\/wp-content\/uploads\/2025\/07\/1752191433_Pa-hvilket-sprak-tenker-kunstig-intelligens-Antropisk-studie-om-spraklige.jpg\",\"width\":1536,\"height\":1024,\"caption\":\"in che lingua pensa l&#039;intelligenza artificiale\"},{\"@type\":\"BreadcrumbList\",\"@id\":\"https:\/\/nordnesrepublikken.no\/index.php\/2025\/07\/11\/pa-hvilket-sprak-tenker-kunstig-intelligens-antropisk-studie-om-spraklige-modeller\/#breadcrumb\",\"itemListElement\":[{\"@type\":\"ListItem\",\"position\":1,\"name\":\"Home\",\"item\":\"https:\/\/nordnesrepublikken.no\/\"},{\"@type\":\"ListItem\",\"position\":2,\"name\":\"P\u00e5 hvilket spr\u00e5k &laquo;tenker kunstig intelligens&raquo;? Antropisk studie om spr\u00e5klige modeller\"}]},{\"@type\":\"WebSite\",\"@id\":\"https:\/\/nordnesrepublikken.no\/#website\",\"url\":\"https:\/\/nordnesrepublikken.no\/\",\"name\":\"Nordnesrepublikken\",\"description\":\"Stemmer og Visjoner fra Republikkens Hjerte\",\"publisher\":{\"@id\":\"https:\/\/nordnesrepublikken.no\/#organization\"},\"potentialAction\":[{\"@type\":\"SearchAction\",\"target\":{\"@type\":\"EntryPoint\",\"urlTemplate\":\"https:\/\/nordnesrepublikken.no\/?s={search_term_string}\"},\"query-input\":{\"@type\":\"PropertyValueSpecification\",\"valueRequired\":true,\"valueName\":\"search_term_string\"}}],\"inLanguage\":\"nb-NO\"},{\"@type\":\"Organization\",\"@id\":\"https:\/\/nordnesrepublikken.no\/#organization\",\"name\":\"Nordnesrepublikken\",\"url\":\"https:\/\/nordnesrepublikken.no\/\",\"logo\":{\"@type\":\"ImageObject\",\"inLanguage\":\"nb-NO\",\"@id\":\"https:\/\/nordnesrepublikken.no\/#\/schema\/logo\/image\/\",\"url\":\"https:\/\/nordnesrepublikken.no\/wp-content\/uploads\/2025\/02\/cropped-nordnesrepublikken-2.png\",\"contentUrl\":\"https:\/\/nordnesrepublikken.no\/wp-content\/uploads\/2025\/02\/cropped-nordnesrepublikken-2.png\",\"width\":1248,\"height\":362,\"caption\":\"Nordnesrepublikken\"},\"image\":{\"@id\":\"https:\/\/nordnesrepublikken.no\/#\/schema\/logo\/image\/\"}},{\"@type\":\"Person\",\"@id\":\"https:\/\/nordnesrepublikken.no\/#\/schema\/person\/2e7e81935bab77882fffb79296240ff1\",\"name\":\"Ole Andersen\",\"image\":{\"@type\":\"ImageObject\",\"inLanguage\":\"nb-NO\",\"@id\":\"https:\/\/nordnesrepublikken.no\/#\/schema\/person\/image\/\",\"url\":\"https:\/\/nordnesrepublikken.no\/wp-content\/uploads\/2025\/02\/nordnesrepublikken-2-2-150x150.jpg\",\"contentUrl\":\"https:\/\/nordnesrepublikken.no\/wp-content\/uploads\/2025\/02\/nordnesrepublikken-2-2-150x150.jpg\",\"caption\":\"Ole Andersen\"},\"description\":\"Ettersom jeg vokste opp i Oslo, har jeg alltid v\u00e6rt fascinert av ordenes kraft og deres evne til \u00e5 skape endringer. Etter \u00e5 ha fullf\u00f8rt min utdannelse i kommunikasjon ved Universitetet i Bergen, fikk jeg muligheten til \u00e5 jobbe innen ulike medier, der jeg har s\u00f8kt \u00e5 belyse viktige samfunnssp\u00f8rsm\u00e5l. I dag, som redakt\u00f8r for Nordnesrepublikken, pr\u00f8ver jeg \u00e5 forene min kj\u00e6rlighet for journalistikk med min lidenskap for innovasjon og eventyr.\",\"sameAs\":[\"https:\/\/nordnesrepublikken.no\/\"]}]}<\/script>\n<!-- \/ Yoast SEO plugin. -->","yoast_head_json":{"title":"P\u00e5 hvilket spr\u00e5k \"tenker kunstig intelligens\"? Antropisk studie om spr\u00e5klige modeller - Nordnesrepublikken","robots":{"index":"index","follow":"follow","max-snippet":"max-snippet:-1","max-image-preview":"max-image-preview:large","max-video-preview":"max-video-preview:-1"},"canonical":"https:\/\/nordnesrepublikken.no\/index.php\/2025\/07\/11\/pa-hvilket-sprak-tenker-kunstig-intelligens-antropisk-studie-om-spraklige-modeller\/","og_locale":"nb_NO","og_type":"article","og_title":"P\u00e5 hvilket spr\u00e5k \"tenker kunstig intelligens\"? Antropisk studie om spr\u00e5klige modeller - Nordnesrepublikken","og_description":"P\u00e5 hvilket spr\u00e5k tror du chatgpt? N\u00e5r vi kommuniserer med kunstig intelligens som Chatgpt, Gemini","og_url":"https:\/\/nordnesrepublikken.no\/index.php\/2025\/07\/11\/pa-hvilket-sprak-tenker-kunstig-intelligens-antropisk-studie-om-spraklige-modeller\/","og_site_name":"Nordnesrepublikken","article_published_time":"2025-07-10T23:50:33+00:00","article_modified_time":"2025-07-10T23:50:35+00:00","og_image":[{"width":1536,"height":1024,"url":"https:\/\/nordnesrepublikken.no\/wp-content\/uploads\/2025\/07\/1752191433_Pa-hvilket-sprak-tenker-kunstig-intelligens-Antropisk-studie-om-spraklige.jpg","type":"image\/jpeg"}],"author":"Ole Andersen","twitter_card":"summary_large_image","twitter_misc":{"Skrevet av":"Ole Andersen","Ansl. lesetid":"5 minutter"},"schema":{"@context":"https:\/\/schema.org","@graph":[{"@type":"Article","@id":"https:\/\/nordnesrepublikken.no\/index.php\/2025\/07\/11\/pa-hvilket-sprak-tenker-kunstig-intelligens-antropisk-studie-om-spraklige-modeller\/#article","isPartOf":{"@id":"https:\/\/nordnesrepublikken.no\/index.php\/2025\/07\/11\/pa-hvilket-sprak-tenker-kunstig-intelligens-antropisk-studie-om-spraklige-modeller\/"},"author":{"name":"Ole Andersen","@id":"https:\/\/nordnesrepublikken.no\/#\/schema\/person\/2e7e81935bab77882fffb79296240ff1"},"headline":"P\u00e5 hvilket spr\u00e5k &laquo;tenker kunstig intelligens&raquo;? Antropisk studie om spr\u00e5klige modeller","datePublished":"2025-07-10T23:50:33+00:00","dateModified":"2025-07-10T23:50:35+00:00","mainEntityOfPage":{"@id":"https:\/\/nordnesrepublikken.no\/index.php\/2025\/07\/11\/pa-hvilket-sprak-tenker-kunstig-intelligens-antropisk-studie-om-spraklige-modeller\/"},"wordCount":1003,"publisher":{"@id":"https:\/\/nordnesrepublikken.no\/#organization"},"image":{"@id":"https:\/\/nordnesrepublikken.no\/index.php\/2025\/07\/11\/pa-hvilket-sprak-tenker-kunstig-intelligens-antropisk-studie-om-spraklige-modeller\/#primaryimage"},"thumbnailUrl":"https:\/\/nordnesrepublikken.no\/wp-content\/uploads\/2025\/07\/1752191433_Pa-hvilket-sprak-tenker-kunstig-intelligens-Antropisk-studie-om-spraklige.jpg","keywords":["Antropisk","hvilket","intelligens","kunstig","modeller","p\u00e5","spr\u00e5k","spr\u00e5klige","studie","tenker"],"articleSection":["Teknologi"],"inLanguage":"nb-NO"},{"@type":"WebPage","@id":"https:\/\/nordnesrepublikken.no\/index.php\/2025\/07\/11\/pa-hvilket-sprak-tenker-kunstig-intelligens-antropisk-studie-om-spraklige-modeller\/","url":"https:\/\/nordnesrepublikken.no\/index.php\/2025\/07\/11\/pa-hvilket-sprak-tenker-kunstig-intelligens-antropisk-studie-om-spraklige-modeller\/","name":"P\u00e5 hvilket spr\u00e5k \"tenker kunstig intelligens\"? Antropisk studie om spr\u00e5klige modeller - Nordnesrepublikken","isPartOf":{"@id":"https:\/\/nordnesrepublikken.no\/#website"},"primaryImageOfPage":{"@id":"https:\/\/nordnesrepublikken.no\/index.php\/2025\/07\/11\/pa-hvilket-sprak-tenker-kunstig-intelligens-antropisk-studie-om-spraklige-modeller\/#primaryimage"},"image":{"@id":"https:\/\/nordnesrepublikken.no\/index.php\/2025\/07\/11\/pa-hvilket-sprak-tenker-kunstig-intelligens-antropisk-studie-om-spraklige-modeller\/#primaryimage"},"thumbnailUrl":"https:\/\/nordnesrepublikken.no\/wp-content\/uploads\/2025\/07\/1752191433_Pa-hvilket-sprak-tenker-kunstig-intelligens-Antropisk-studie-om-spraklige.jpg","datePublished":"2025-07-10T23:50:33+00:00","dateModified":"2025-07-10T23:50:35+00:00","breadcrumb":{"@id":"https:\/\/nordnesrepublikken.no\/index.php\/2025\/07\/11\/pa-hvilket-sprak-tenker-kunstig-intelligens-antropisk-studie-om-spraklige-modeller\/#breadcrumb"},"inLanguage":"nb-NO","potentialAction":[{"@type":"ReadAction","target":["https:\/\/nordnesrepublikken.no\/index.php\/2025\/07\/11\/pa-hvilket-sprak-tenker-kunstig-intelligens-antropisk-studie-om-spraklige-modeller\/"]}]},{"@type":"ImageObject","inLanguage":"nb-NO","@id":"https:\/\/nordnesrepublikken.no\/index.php\/2025\/07\/11\/pa-hvilket-sprak-tenker-kunstig-intelligens-antropisk-studie-om-spraklige-modeller\/#primaryimage","url":"https:\/\/nordnesrepublikken.no\/wp-content\/uploads\/2025\/07\/1752191433_Pa-hvilket-sprak-tenker-kunstig-intelligens-Antropisk-studie-om-spraklige.jpg","contentUrl":"https:\/\/nordnesrepublikken.no\/wp-content\/uploads\/2025\/07\/1752191433_Pa-hvilket-sprak-tenker-kunstig-intelligens-Antropisk-studie-om-spraklige.jpg","width":1536,"height":1024,"caption":"in che lingua pensa l&#039;intelligenza artificiale"},{"@type":"BreadcrumbList","@id":"https:\/\/nordnesrepublikken.no\/index.php\/2025\/07\/11\/pa-hvilket-sprak-tenker-kunstig-intelligens-antropisk-studie-om-spraklige-modeller\/#breadcrumb","itemListElement":[{"@type":"ListItem","position":1,"name":"Home","item":"https:\/\/nordnesrepublikken.no\/"},{"@type":"ListItem","position":2,"name":"P\u00e5 hvilket spr\u00e5k &laquo;tenker kunstig intelligens&raquo;? Antropisk studie om spr\u00e5klige modeller"}]},{"@type":"WebSite","@id":"https:\/\/nordnesrepublikken.no\/#website","url":"https:\/\/nordnesrepublikken.no\/","name":"Nordnesrepublikken","description":"Stemmer og Visjoner fra Republikkens Hjerte","publisher":{"@id":"https:\/\/nordnesrepublikken.no\/#organization"},"potentialAction":[{"@type":"SearchAction","target":{"@type":"EntryPoint","urlTemplate":"https:\/\/nordnesrepublikken.no\/?s={search_term_string}"},"query-input":{"@type":"PropertyValueSpecification","valueRequired":true,"valueName":"search_term_string"}}],"inLanguage":"nb-NO"},{"@type":"Organization","@id":"https:\/\/nordnesrepublikken.no\/#organization","name":"Nordnesrepublikken","url":"https:\/\/nordnesrepublikken.no\/","logo":{"@type":"ImageObject","inLanguage":"nb-NO","@id":"https:\/\/nordnesrepublikken.no\/#\/schema\/logo\/image\/","url":"https:\/\/nordnesrepublikken.no\/wp-content\/uploads\/2025\/02\/cropped-nordnesrepublikken-2.png","contentUrl":"https:\/\/nordnesrepublikken.no\/wp-content\/uploads\/2025\/02\/cropped-nordnesrepublikken-2.png","width":1248,"height":362,"caption":"Nordnesrepublikken"},"image":{"@id":"https:\/\/nordnesrepublikken.no\/#\/schema\/logo\/image\/"}},{"@type":"Person","@id":"https:\/\/nordnesrepublikken.no\/#\/schema\/person\/2e7e81935bab77882fffb79296240ff1","name":"Ole Andersen","image":{"@type":"ImageObject","inLanguage":"nb-NO","@id":"https:\/\/nordnesrepublikken.no\/#\/schema\/person\/image\/","url":"https:\/\/nordnesrepublikken.no\/wp-content\/uploads\/2025\/02\/nordnesrepublikken-2-2-150x150.jpg","contentUrl":"https:\/\/nordnesrepublikken.no\/wp-content\/uploads\/2025\/02\/nordnesrepublikken-2-2-150x150.jpg","caption":"Ole Andersen"},"description":"Ettersom jeg vokste opp i Oslo, har jeg alltid v\u00e6rt fascinert av ordenes kraft og deres evne til \u00e5 skape endringer. Etter \u00e5 ha fullf\u00f8rt min utdannelse i kommunikasjon ved Universitetet i Bergen, fikk jeg muligheten til \u00e5 jobbe innen ulike medier, der jeg har s\u00f8kt \u00e5 belyse viktige samfunnssp\u00f8rsm\u00e5l. I dag, som redakt\u00f8r for Nordnesrepublikken, pr\u00f8ver jeg \u00e5 forene min kj\u00e6rlighet for journalistikk med min lidenskap for innovasjon og eventyr.","sameAs":["https:\/\/nordnesrepublikken.no\/"]}]}},"_links":{"self":[{"href":"https:\/\/nordnesrepublikken.no\/index.php\/wp-json\/wp\/v2\/posts\/6852","targetHints":{"allow":["GET"]}}],"collection":[{"href":"https:\/\/nordnesrepublikken.no\/index.php\/wp-json\/wp\/v2\/posts"}],"about":[{"href":"https:\/\/nordnesrepublikken.no\/index.php\/wp-json\/wp\/v2\/types\/post"}],"author":[{"embeddable":true,"href":"https:\/\/nordnesrepublikken.no\/index.php\/wp-json\/wp\/v2\/users\/1"}],"replies":[{"embeddable":true,"href":"https:\/\/nordnesrepublikken.no\/index.php\/wp-json\/wp\/v2\/comments?post=6852"}],"version-history":[{"count":1,"href":"https:\/\/nordnesrepublikken.no\/index.php\/wp-json\/wp\/v2\/posts\/6852\/revisions"}],"predecessor-version":[{"id":6854,"href":"https:\/\/nordnesrepublikken.no\/index.php\/wp-json\/wp\/v2\/posts\/6852\/revisions\/6854"}],"wp:featuredmedia":[{"embeddable":true,"href":"https:\/\/nordnesrepublikken.no\/index.php\/wp-json\/wp\/v2\/media\/6853"}],"wp:attachment":[{"href":"https:\/\/nordnesrepublikken.no\/index.php\/wp-json\/wp\/v2\/media?parent=6852"}],"wp:term":[{"taxonomy":"category","embeddable":true,"href":"https:\/\/nordnesrepublikken.no\/index.php\/wp-json\/wp\/v2\/categories?post=6852"},{"taxonomy":"post_tag","embeddable":true,"href":"https:\/\/nordnesrepublikken.no\/index.php\/wp-json\/wp\/v2\/tags?post=6852"}],"curies":[{"name":"wp","href":"https:\/\/api.w.org\/{rel}","templated":true}]}}