{"id":6843,"date":"2025-07-10T19:50:05","date_gmt":"2025-07-10T17:50:05","guid":{"rendered":"https:\/\/nordnesrepublikken.no\/index.php\/2025\/07\/10\/fordi-usa-har-kunngjort-sanksjoner-mot-fns-foredragsholder-for-palestina-francesca-albanese\/"},"modified":"2025-07-10T19:50:06","modified_gmt":"2025-07-10T17:50:06","slug":"fordi-usa-har-kunngjort-sanksjoner-mot-fns-foredragsholder-for-palestina-francesca-albanese","status":"publish","type":"post","link":"https:\/\/nordnesrepublikken.no\/index.php\/2025\/07\/10\/fordi-usa-har-kunngjort-sanksjoner-mot-fns-foredragsholder-for-palestina-francesca-albanese\/","title":{"rendered":"Fordi USA har kunngjort sanksjoner mot FNs foredragsholder for Palestina, Francesca Albanese"},"content":{"rendered":"<div>\n<div class=\"cp_wrapper cp_wrapper--fw mb-30 mb-20@tablet\">\n<figure class=\"mm\"><picture class=\"img\" style=\"padding-top:56.25%\"><source  media=\"(min-width: 1024px)\"><source  media=\"(min-width: 768px)\"><\/source><\/source><\/picture><\/figure>\n<\/p><\/div>\n<p>P\u00e5 initiativ fra den amerikanske statssekret\u00e6ren Marco Rubio, den<strong> USA <\/strong>har kunngjort en serie av<strong> straffer <\/strong>Mot FNs senator <strong>Francesca Albanese<\/strong>fremtredende figur i <strong>Overv\u00e5king av menneskerettigheter i de palestinske territoriene <\/strong>og merk for bruk <strong>Begrepet folkemord<\/strong> \u00e5 definere hva som skjer p\u00e5 palestinsk territorium. Spesielt ble den patrimoniale blokken og visumets retrett p\u00e5lagt p\u00e5 albanesisk, med den p\u00e5f\u00f8lgende umuligheten av \u00e5 komme inn i USA.<\/p>\n<p>Det er <strong>et kontroversielt tiltak <\/strong>&#8211; som rapporterer den \u00f8kende spenningen mellom engasjementet for menneskerettigheter og n\u00e5v\u00e6rende geopolitiske interesser &#8211;<strong> Og veldig sjelden<\/strong> \u00e5 v\u00e6re rettet mot en FN -tjenestemann. N\u00e5 er en kamp truende mellom de som st\u00f8tter senatorens uavhengighet og de som tror at n\u00f8ytraliteten som kreves av hans mandat har blitt overvunnet.<\/p>\n<h2>Hvem er Francesca albansk og hva FN -ordf\u00f8reren gj\u00f8r for Palestina<\/h2>\n<p><strong>Francesca Albanese<\/strong> Han ble f\u00f8dt i Ariano Irpino, i provinsen Avellino, 30. mars 1977 i tillegg til \u00e5 v\u00e6re l\u00e6rer og forsker i folkeretten og migrasjonen i europeiske og arabiske universiteter, i omtrent 10 \u00e5r <strong>Han jobbet som ekspert for FN<\/strong>spesielt p\u00e5<strong>Ohchr<\/strong> (H\u00f8ykommiss\u00e6r for menneskerettigheter) El &#8216;<strong>UNWA<\/strong> (FNs byr\u00e5 for palestinske flyktninger).<\/p>\n<p>I mai 2022 ble den navngitt <strong>FNs spesiell foredragsholder om menneskerettigheter i de okkuperte palestinske territoriene<\/strong>med en innledende frist 2025 deretter fornyet, og er <strong>Den f\u00f8rste kvinnen som holder dette oppdraget<\/strong>. Har presentert forhold av stor innvirkning, for eksempel &laquo;<strong><em>Anatomi av et folkemord<\/em><\/strong>&laquo;(Mars 2024), der han ford\u00f8mmer israelske handlinger i Gaza som mulig folkemord, og anklager ogs\u00e5 det internasjonale samfunnet for \u00e5 v\u00e6re en medskyldig, etter \u00e5 ha v\u00e6rt stille.<\/p>\n<p>Nylig har han imidlertid ogs\u00e5 publisert en <strong>rapportere<\/strong> Med navnene p\u00e5 de medskyldige selskapene med slakting av palestinske sivile, og i denne &laquo;virksomheten til folkemordet&raquo; &#8211; for \u00e5 gjenoppta ordene fra albansk &#8211; skiller mange amerikanske navn seg ut, for eksempel som for eksempel, for eksempel, for eksempel, for eksempel <strong>Google, Amazon og Microsoft<\/strong>. En rapport som absolutt ikke gikk ned til den amerikanske regjeringen, og at fra slyngende Malhumore er blitt laget i form av sanksjoner.<\/p>\n<h2>Anklagene og seksjonene fra USA mot Francesca albanese<\/h2>\n<p>De <strong>US Treasury Department<\/strong> p\u00e5lagt <strong>Personlige straffer<\/strong> mot Francesca albanese p\u00e5 <strong>9. juli 2025<\/strong>anklager det for:<\/p>\n<ul>\n<li><strong>Systematisk spre falske beskyldninger<\/strong> mot Israel;<\/li>\n<li><strong>Diskrediterer det legitime forsvaret av Israel<\/strong> Etter angrepene 7. oktober 2023, hevdet av Hamas;<\/li>\n<li><strong>Etter \u00e5 ha brukt sin rolle for \u00e5 fremme en fiendtlig agenda<\/strong> til den j\u00f8diske staten;<\/li>\n<li><strong>Dommer ansett som anti -semitter<\/strong>if\u00f8lge noen USA og israelske j\u00f8diske organisasjoner, spesielt for sitt spr\u00e5k ang\u00e5ende &laquo;israelsk apartheid&raquo; og &laquo;p\u00e5 plass&raquo; i Gaza.<\/li>\n<\/ul>\n<div class=\"cp_wrapper cp_wrapper--fw mb-50\">\n<figure class=\"mm\"><picture class=\"img\" style=\"padding-top:77.5%\"><source  media=\"(min-width: 1024px)\"><source  media=\"(min-width: 768px)\"><img decoding=\"async\" loading=\"lazy\" src=\"https:\/\/nordnesrepublikken.no\/wp-content\/uploads\/2025\/07\/1752169805_396_Fordi-USA-har-kunngjort-sanksjoner-mot-FNs-foredragsholder-for-Palestina.jpg\" alt=\"Albansk pro venn\" width=\"640\" height=\"496\"><\/source><\/source><\/picture><\/figure>\n<\/p><\/div>\n<p>De p\u00e5lagte sanksjonene s\u00f8rger for <strong>Frysing av varer<\/strong> <strong>og bankkontoer<\/strong> muligens til stede i USA, <strong>Forbud for innreise<\/strong> I USA, forbudet for borgere og de amerikanske institusjonene \u00e5 ha <strong>\u00f8konomiske forhold eller samarbeid<\/strong> med henne, men ogs\u00e5 et potensial <strong>akademisk og diplomatisk isolasjon p\u00e5 internasjonalt niv\u00e5<\/strong> (Avhengig av reaksjonene fra andre land).<\/p>\n<p>Dette er tiltak som gj\u00f8r mye diskusjon, og er spesielt kontroversiell for en FN -tjenestemann &#8211; tilh\u00f8rende <strong>En internasjonal organisasjon med nesten regjeringsmakt og verkt\u00f8y <\/strong>&#8211; som opererer utenfor spesifikke nasjonale grenser.<\/p>\n<h2>Hva kan skje n\u00e5<\/h2>\n<p>Den albanske senatoren sa om <strong>ikke bli overrasket<\/strong>Definere sanksjoner som &laquo;et angrep p\u00e5 ytringsfrihet og sannhet&raquo;. <strong>FN forsvarte det<\/strong>understreker at en spesiell foredragsholder fungerer som <strong>uavhengig ekspert<\/strong> Og det representerer ikke FNs politiske stillinger. Mange aktivister, akademikere og frivillige organisasjoner har beskyldt USA for \u00e5 pr\u00f8ve \u00e5 <strong>skremme<\/strong> Som ford\u00f8mmer krigsforbrytelser. I dag \u00e5pnes derfor en delikat fase: faktisk er det fryktet mulig press for \u00e5 gj\u00f8re det <strong>Fjern fra oppgaven<\/strong>; En mulig frisk effekt p\u00e5 andre FNs uavhengige eksperter og derfor mangel p\u00e5 ytringsfrihet og mening; En \u00f8kning i polarisering p\u00e5 den israelsk-palestinske konflikten ogs\u00e5 p\u00e5 juridisk niv\u00e5.<\/p>\n<\/p><\/div>\n","protected":false},"excerpt":{"rendered":"<p>P\u00e5 initiativ fra den amerikanske statssekret\u00e6ren Marco Rubio, den USA har kunngjort en serie av<\/p>\n","protected":false},"author":1,"featured_media":6844,"comment_status":"closed","ping_status":"open","sticky":false,"template":"","format":"standard","meta":{"footnotes":""},"categories":[23],"tags":[4412,3359,83,4409,4411,179,3493,152,4410,4408,499],"class_list":["post-6843","post","type-post","status-publish","format-standard","has-post-thumbnail","hentry","category-politikk","tag-albanese","tag-fns","tag-fordi","tag-foredragsholder","tag-francesca","tag-har","tag-kunngjort","tag-mot","tag-palestina","tag-sanksjoner","tag-usa","generate-columns","tablet-grid-50","mobile-grid-100","grid-parent","grid-33","resize-featured-image"],"yoast_head":"<!-- This site is optimized with the Yoast SEO plugin v24.4 - https:\/\/yoast.com\/wordpress\/plugins\/seo\/ -->\n<title>Fordi USA har kunngjort sanksjoner mot FNs foredragsholder for Palestina, Francesca Albanese - Nordnesrepublikken<\/title>\n<meta name=\"robots\" content=\"index, follow, max-snippet:-1, max-image-preview:large, max-video-preview:-1\" \/>\n<link rel=\"canonical\" href=\"https:\/\/nordnesrepublikken.no\/index.php\/2025\/07\/10\/fordi-usa-har-kunngjort-sanksjoner-mot-fns-foredragsholder-for-palestina-francesca-albanese\/\" \/>\n<meta property=\"og:locale\" content=\"nb_NO\" \/>\n<meta property=\"og:type\" content=\"article\" \/>\n<meta property=\"og:title\" content=\"Fordi USA har kunngjort sanksjoner mot FNs foredragsholder for Palestina, Francesca Albanese - Nordnesrepublikken\" \/>\n<meta property=\"og:description\" content=\"P\u00e5 initiativ fra den amerikanske statssekret\u00e6ren Marco Rubio, den USA har kunngjort en serie av\" \/>\n<meta property=\"og:url\" content=\"https:\/\/nordnesrepublikken.no\/index.php\/2025\/07\/10\/fordi-usa-har-kunngjort-sanksjoner-mot-fns-foredragsholder-for-palestina-francesca-albanese\/\" \/>\n<meta property=\"og:site_name\" content=\"Nordnesrepublikken\" \/>\n<meta property=\"article:published_time\" content=\"2025-07-10T17:50:05+00:00\" \/>\n<meta property=\"article:modified_time\" content=\"2025-07-10T17:50:06+00:00\" \/>\n<meta property=\"og:image\" content=\"https:\/\/nordnesrepublikken.no\/wp-content\/uploads\/2025\/07\/1752169806_Fordi-USA-har-kunngjort-sanksjoner-mot-FNs-foredragsholder-for-Palestina.jpg\" \/>\n\t<meta property=\"og:image:width\" content=\"640\" \/>\n\t<meta property=\"og:image:height\" content=\"427\" \/>\n\t<meta property=\"og:image:type\" content=\"image\/jpeg\" \/>\n<meta name=\"author\" content=\"Ole Andersen\" \/>\n<meta name=\"twitter:card\" content=\"summary_large_image\" \/>\n<meta name=\"twitter:label1\" content=\"Skrevet av\" \/>\n\t<meta name=\"twitter:data1\" content=\"Ole Andersen\" \/>\n\t<meta name=\"twitter:label2\" content=\"Ansl. lesetid\" \/>\n\t<meta name=\"twitter:data2\" content=\"3 minutter\" \/>\n<script type=\"application\/ld+json\" class=\"yoast-schema-graph\">{\"@context\":\"https:\/\/schema.org\",\"@graph\":[{\"@type\":\"Article\",\"@id\":\"https:\/\/nordnesrepublikken.no\/index.php\/2025\/07\/10\/fordi-usa-har-kunngjort-sanksjoner-mot-fns-foredragsholder-for-palestina-francesca-albanese\/#article\",\"isPartOf\":{\"@id\":\"https:\/\/nordnesrepublikken.no\/index.php\/2025\/07\/10\/fordi-usa-har-kunngjort-sanksjoner-mot-fns-foredragsholder-for-palestina-francesca-albanese\/\"},\"author\":{\"name\":\"Ole Andersen\",\"@id\":\"https:\/\/nordnesrepublikken.no\/#\/schema\/person\/2e7e81935bab77882fffb79296240ff1\"},\"headline\":\"Fordi USA har kunngjort sanksjoner mot FNs foredragsholder for Palestina, Francesca Albanese\",\"datePublished\":\"2025-07-10T17:50:05+00:00\",\"dateModified\":\"2025-07-10T17:50:06+00:00\",\"mainEntityOfPage\":{\"@id\":\"https:\/\/nordnesrepublikken.no\/index.php\/2025\/07\/10\/fordi-usa-har-kunngjort-sanksjoner-mot-fns-foredragsholder-for-palestina-francesca-albanese\/\"},\"wordCount\":627,\"publisher\":{\"@id\":\"https:\/\/nordnesrepublikken.no\/#organization\"},\"image\":{\"@id\":\"https:\/\/nordnesrepublikken.no\/index.php\/2025\/07\/10\/fordi-usa-har-kunngjort-sanksjoner-mot-fns-foredragsholder-for-palestina-francesca-albanese\/#primaryimage\"},\"thumbnailUrl\":\"https:\/\/nordnesrepublikken.no\/wp-content\/uploads\/2025\/07\/1752169806_Fordi-USA-har-kunngjort-sanksjoner-mot-FNs-foredragsholder-for-Palestina.jpg\",\"keywords\":[\"Albanese\",\"FNs\",\"Fordi\",\"foredragsholder\",\"Francesca\",\"har\",\"kunngjort\",\"mot\",\"Palestina\",\"sanksjoner\",\"USA\"],\"articleSection\":[\"Politikk\"],\"inLanguage\":\"nb-NO\"},{\"@type\":\"WebPage\",\"@id\":\"https:\/\/nordnesrepublikken.no\/index.php\/2025\/07\/10\/fordi-usa-har-kunngjort-sanksjoner-mot-fns-foredragsholder-for-palestina-francesca-albanese\/\",\"url\":\"https:\/\/nordnesrepublikken.no\/index.php\/2025\/07\/10\/fordi-usa-har-kunngjort-sanksjoner-mot-fns-foredragsholder-for-palestina-francesca-albanese\/\",\"name\":\"Fordi USA har kunngjort sanksjoner mot FNs foredragsholder for Palestina, Francesca Albanese - Nordnesrepublikken\",\"isPartOf\":{\"@id\":\"https:\/\/nordnesrepublikken.no\/#website\"},\"primaryImageOfPage\":{\"@id\":\"https:\/\/nordnesrepublikken.no\/index.php\/2025\/07\/10\/fordi-usa-har-kunngjort-sanksjoner-mot-fns-foredragsholder-for-palestina-francesca-albanese\/#primaryimage\"},\"image\":{\"@id\":\"https:\/\/nordnesrepublikken.no\/index.php\/2025\/07\/10\/fordi-usa-har-kunngjort-sanksjoner-mot-fns-foredragsholder-for-palestina-francesca-albanese\/#primaryimage\"},\"thumbnailUrl\":\"https:\/\/nordnesrepublikken.no\/wp-content\/uploads\/2025\/07\/1752169806_Fordi-USA-har-kunngjort-sanksjoner-mot-FNs-foredragsholder-for-Palestina.jpg\",\"datePublished\":\"2025-07-10T17:50:05+00:00\",\"dateModified\":\"2025-07-10T17:50:06+00:00\",\"breadcrumb\":{\"@id\":\"https:\/\/nordnesrepublikken.no\/index.php\/2025\/07\/10\/fordi-usa-har-kunngjort-sanksjoner-mot-fns-foredragsholder-for-palestina-francesca-albanese\/#breadcrumb\"},\"inLanguage\":\"nb-NO\",\"potentialAction\":[{\"@type\":\"ReadAction\",\"target\":[\"https:\/\/nordnesrepublikken.no\/index.php\/2025\/07\/10\/fordi-usa-har-kunngjort-sanksjoner-mot-fns-foredragsholder-for-palestina-francesca-albanese\/\"]}]},{\"@type\":\"ImageObject\",\"inLanguage\":\"nb-NO\",\"@id\":\"https:\/\/nordnesrepublikken.no\/index.php\/2025\/07\/10\/fordi-usa-har-kunngjort-sanksjoner-mot-fns-foredragsholder-for-palestina-francesca-albanese\/#primaryimage\",\"url\":\"https:\/\/nordnesrepublikken.no\/wp-content\/uploads\/2025\/07\/1752169806_Fordi-USA-har-kunngjort-sanksjoner-mot-FNs-foredragsholder-for-Palestina.jpg\",\"contentUrl\":\"https:\/\/nordnesrepublikken.no\/wp-content\/uploads\/2025\/07\/1752169806_Fordi-USA-har-kunngjort-sanksjoner-mot-FNs-foredragsholder-for-Palestina.jpg\",\"width\":640,\"height\":427,\"caption\":\"Albanese\"},{\"@type\":\"BreadcrumbList\",\"@id\":\"https:\/\/nordnesrepublikken.no\/index.php\/2025\/07\/10\/fordi-usa-har-kunngjort-sanksjoner-mot-fns-foredragsholder-for-palestina-francesca-albanese\/#breadcrumb\",\"itemListElement\":[{\"@type\":\"ListItem\",\"position\":1,\"name\":\"Home\",\"item\":\"https:\/\/nordnesrepublikken.no\/\"},{\"@type\":\"ListItem\",\"position\":2,\"name\":\"Fordi USA har kunngjort sanksjoner mot FNs foredragsholder for Palestina, Francesca Albanese\"}]},{\"@type\":\"WebSite\",\"@id\":\"https:\/\/nordnesrepublikken.no\/#website\",\"url\":\"https:\/\/nordnesrepublikken.no\/\",\"name\":\"Nordnesrepublikken\",\"description\":\"Stemmer og Visjoner fra Republikkens Hjerte\",\"publisher\":{\"@id\":\"https:\/\/nordnesrepublikken.no\/#organization\"},\"potentialAction\":[{\"@type\":\"SearchAction\",\"target\":{\"@type\":\"EntryPoint\",\"urlTemplate\":\"https:\/\/nordnesrepublikken.no\/?s={search_term_string}\"},\"query-input\":{\"@type\":\"PropertyValueSpecification\",\"valueRequired\":true,\"valueName\":\"search_term_string\"}}],\"inLanguage\":\"nb-NO\"},{\"@type\":\"Organization\",\"@id\":\"https:\/\/nordnesrepublikken.no\/#organization\",\"name\":\"Nordnesrepublikken\",\"url\":\"https:\/\/nordnesrepublikken.no\/\",\"logo\":{\"@type\":\"ImageObject\",\"inLanguage\":\"nb-NO\",\"@id\":\"https:\/\/nordnesrepublikken.no\/#\/schema\/logo\/image\/\",\"url\":\"https:\/\/nordnesrepublikken.no\/wp-content\/uploads\/2025\/02\/cropped-nordnesrepublikken-2.png\",\"contentUrl\":\"https:\/\/nordnesrepublikken.no\/wp-content\/uploads\/2025\/02\/cropped-nordnesrepublikken-2.png\",\"width\":1248,\"height\":362,\"caption\":\"Nordnesrepublikken\"},\"image\":{\"@id\":\"https:\/\/nordnesrepublikken.no\/#\/schema\/logo\/image\/\"}},{\"@type\":\"Person\",\"@id\":\"https:\/\/nordnesrepublikken.no\/#\/schema\/person\/2e7e81935bab77882fffb79296240ff1\",\"name\":\"Ole Andersen\",\"image\":{\"@type\":\"ImageObject\",\"inLanguage\":\"nb-NO\",\"@id\":\"https:\/\/nordnesrepublikken.no\/#\/schema\/person\/image\/\",\"url\":\"https:\/\/nordnesrepublikken.no\/wp-content\/uploads\/2025\/02\/nordnesrepublikken-2-2-150x150.jpg\",\"contentUrl\":\"https:\/\/nordnesrepublikken.no\/wp-content\/uploads\/2025\/02\/nordnesrepublikken-2-2-150x150.jpg\",\"caption\":\"Ole Andersen\"},\"description\":\"Ettersom jeg vokste opp i Oslo, har jeg alltid v\u00e6rt fascinert av ordenes kraft og deres evne til \u00e5 skape endringer. Etter \u00e5 ha fullf\u00f8rt min utdannelse i kommunikasjon ved Universitetet i Bergen, fikk jeg muligheten til \u00e5 jobbe innen ulike medier, der jeg har s\u00f8kt \u00e5 belyse viktige samfunnssp\u00f8rsm\u00e5l. I dag, som redakt\u00f8r for Nordnesrepublikken, pr\u00f8ver jeg \u00e5 forene min kj\u00e6rlighet for journalistikk med min lidenskap for innovasjon og eventyr.\",\"sameAs\":[\"https:\/\/nordnesrepublikken.no\/\"]}]}<\/script>\n<!-- \/ Yoast SEO plugin. -->","yoast_head_json":{"title":"Fordi USA har kunngjort sanksjoner mot FNs foredragsholder for Palestina, Francesca Albanese - Nordnesrepublikken","robots":{"index":"index","follow":"follow","max-snippet":"max-snippet:-1","max-image-preview":"max-image-preview:large","max-video-preview":"max-video-preview:-1"},"canonical":"https:\/\/nordnesrepublikken.no\/index.php\/2025\/07\/10\/fordi-usa-har-kunngjort-sanksjoner-mot-fns-foredragsholder-for-palestina-francesca-albanese\/","og_locale":"nb_NO","og_type":"article","og_title":"Fordi USA har kunngjort sanksjoner mot FNs foredragsholder for Palestina, Francesca Albanese - Nordnesrepublikken","og_description":"P\u00e5 initiativ fra den amerikanske statssekret\u00e6ren Marco Rubio, den USA har kunngjort en serie av","og_url":"https:\/\/nordnesrepublikken.no\/index.php\/2025\/07\/10\/fordi-usa-har-kunngjort-sanksjoner-mot-fns-foredragsholder-for-palestina-francesca-albanese\/","og_site_name":"Nordnesrepublikken","article_published_time":"2025-07-10T17:50:05+00:00","article_modified_time":"2025-07-10T17:50:06+00:00","og_image":[{"width":640,"height":427,"url":"https:\/\/nordnesrepublikken.no\/wp-content\/uploads\/2025\/07\/1752169806_Fordi-USA-har-kunngjort-sanksjoner-mot-FNs-foredragsholder-for-Palestina.jpg","type":"image\/jpeg"}],"author":"Ole Andersen","twitter_card":"summary_large_image","twitter_misc":{"Skrevet av":"Ole Andersen","Ansl. lesetid":"3 minutter"},"schema":{"@context":"https:\/\/schema.org","@graph":[{"@type":"Article","@id":"https:\/\/nordnesrepublikken.no\/index.php\/2025\/07\/10\/fordi-usa-har-kunngjort-sanksjoner-mot-fns-foredragsholder-for-palestina-francesca-albanese\/#article","isPartOf":{"@id":"https:\/\/nordnesrepublikken.no\/index.php\/2025\/07\/10\/fordi-usa-har-kunngjort-sanksjoner-mot-fns-foredragsholder-for-palestina-francesca-albanese\/"},"author":{"name":"Ole Andersen","@id":"https:\/\/nordnesrepublikken.no\/#\/schema\/person\/2e7e81935bab77882fffb79296240ff1"},"headline":"Fordi USA har kunngjort sanksjoner mot FNs foredragsholder for Palestina, Francesca Albanese","datePublished":"2025-07-10T17:50:05+00:00","dateModified":"2025-07-10T17:50:06+00:00","mainEntityOfPage":{"@id":"https:\/\/nordnesrepublikken.no\/index.php\/2025\/07\/10\/fordi-usa-har-kunngjort-sanksjoner-mot-fns-foredragsholder-for-palestina-francesca-albanese\/"},"wordCount":627,"publisher":{"@id":"https:\/\/nordnesrepublikken.no\/#organization"},"image":{"@id":"https:\/\/nordnesrepublikken.no\/index.php\/2025\/07\/10\/fordi-usa-har-kunngjort-sanksjoner-mot-fns-foredragsholder-for-palestina-francesca-albanese\/#primaryimage"},"thumbnailUrl":"https:\/\/nordnesrepublikken.no\/wp-content\/uploads\/2025\/07\/1752169806_Fordi-USA-har-kunngjort-sanksjoner-mot-FNs-foredragsholder-for-Palestina.jpg","keywords":["Albanese","FNs","Fordi","foredragsholder","Francesca","har","kunngjort","mot","Palestina","sanksjoner","USA"],"articleSection":["Politikk"],"inLanguage":"nb-NO"},{"@type":"WebPage","@id":"https:\/\/nordnesrepublikken.no\/index.php\/2025\/07\/10\/fordi-usa-har-kunngjort-sanksjoner-mot-fns-foredragsholder-for-palestina-francesca-albanese\/","url":"https:\/\/nordnesrepublikken.no\/index.php\/2025\/07\/10\/fordi-usa-har-kunngjort-sanksjoner-mot-fns-foredragsholder-for-palestina-francesca-albanese\/","name":"Fordi USA har kunngjort sanksjoner mot FNs foredragsholder for Palestina, Francesca Albanese - Nordnesrepublikken","isPartOf":{"@id":"https:\/\/nordnesrepublikken.no\/#website"},"primaryImageOfPage":{"@id":"https:\/\/nordnesrepublikken.no\/index.php\/2025\/07\/10\/fordi-usa-har-kunngjort-sanksjoner-mot-fns-foredragsholder-for-palestina-francesca-albanese\/#primaryimage"},"image":{"@id":"https:\/\/nordnesrepublikken.no\/index.php\/2025\/07\/10\/fordi-usa-har-kunngjort-sanksjoner-mot-fns-foredragsholder-for-palestina-francesca-albanese\/#primaryimage"},"thumbnailUrl":"https:\/\/nordnesrepublikken.no\/wp-content\/uploads\/2025\/07\/1752169806_Fordi-USA-har-kunngjort-sanksjoner-mot-FNs-foredragsholder-for-Palestina.jpg","datePublished":"2025-07-10T17:50:05+00:00","dateModified":"2025-07-10T17:50:06+00:00","breadcrumb":{"@id":"https:\/\/nordnesrepublikken.no\/index.php\/2025\/07\/10\/fordi-usa-har-kunngjort-sanksjoner-mot-fns-foredragsholder-for-palestina-francesca-albanese\/#breadcrumb"},"inLanguage":"nb-NO","potentialAction":[{"@type":"ReadAction","target":["https:\/\/nordnesrepublikken.no\/index.php\/2025\/07\/10\/fordi-usa-har-kunngjort-sanksjoner-mot-fns-foredragsholder-for-palestina-francesca-albanese\/"]}]},{"@type":"ImageObject","inLanguage":"nb-NO","@id":"https:\/\/nordnesrepublikken.no\/index.php\/2025\/07\/10\/fordi-usa-har-kunngjort-sanksjoner-mot-fns-foredragsholder-for-palestina-francesca-albanese\/#primaryimage","url":"https:\/\/nordnesrepublikken.no\/wp-content\/uploads\/2025\/07\/1752169806_Fordi-USA-har-kunngjort-sanksjoner-mot-FNs-foredragsholder-for-Palestina.jpg","contentUrl":"https:\/\/nordnesrepublikken.no\/wp-content\/uploads\/2025\/07\/1752169806_Fordi-USA-har-kunngjort-sanksjoner-mot-FNs-foredragsholder-for-Palestina.jpg","width":640,"height":427,"caption":"Albanese"},{"@type":"BreadcrumbList","@id":"https:\/\/nordnesrepublikken.no\/index.php\/2025\/07\/10\/fordi-usa-har-kunngjort-sanksjoner-mot-fns-foredragsholder-for-palestina-francesca-albanese\/#breadcrumb","itemListElement":[{"@type":"ListItem","position":1,"name":"Home","item":"https:\/\/nordnesrepublikken.no\/"},{"@type":"ListItem","position":2,"name":"Fordi USA har kunngjort sanksjoner mot FNs foredragsholder for Palestina, Francesca Albanese"}]},{"@type":"WebSite","@id":"https:\/\/nordnesrepublikken.no\/#website","url":"https:\/\/nordnesrepublikken.no\/","name":"Nordnesrepublikken","description":"Stemmer og Visjoner fra Republikkens Hjerte","publisher":{"@id":"https:\/\/nordnesrepublikken.no\/#organization"},"potentialAction":[{"@type":"SearchAction","target":{"@type":"EntryPoint","urlTemplate":"https:\/\/nordnesrepublikken.no\/?s={search_term_string}"},"query-input":{"@type":"PropertyValueSpecification","valueRequired":true,"valueName":"search_term_string"}}],"inLanguage":"nb-NO"},{"@type":"Organization","@id":"https:\/\/nordnesrepublikken.no\/#organization","name":"Nordnesrepublikken","url":"https:\/\/nordnesrepublikken.no\/","logo":{"@type":"ImageObject","inLanguage":"nb-NO","@id":"https:\/\/nordnesrepublikken.no\/#\/schema\/logo\/image\/","url":"https:\/\/nordnesrepublikken.no\/wp-content\/uploads\/2025\/02\/cropped-nordnesrepublikken-2.png","contentUrl":"https:\/\/nordnesrepublikken.no\/wp-content\/uploads\/2025\/02\/cropped-nordnesrepublikken-2.png","width":1248,"height":362,"caption":"Nordnesrepublikken"},"image":{"@id":"https:\/\/nordnesrepublikken.no\/#\/schema\/logo\/image\/"}},{"@type":"Person","@id":"https:\/\/nordnesrepublikken.no\/#\/schema\/person\/2e7e81935bab77882fffb79296240ff1","name":"Ole Andersen","image":{"@type":"ImageObject","inLanguage":"nb-NO","@id":"https:\/\/nordnesrepublikken.no\/#\/schema\/person\/image\/","url":"https:\/\/nordnesrepublikken.no\/wp-content\/uploads\/2025\/02\/nordnesrepublikken-2-2-150x150.jpg","contentUrl":"https:\/\/nordnesrepublikken.no\/wp-content\/uploads\/2025\/02\/nordnesrepublikken-2-2-150x150.jpg","caption":"Ole Andersen"},"description":"Ettersom jeg vokste opp i Oslo, har jeg alltid v\u00e6rt fascinert av ordenes kraft og deres evne til \u00e5 skape endringer. Etter \u00e5 ha fullf\u00f8rt min utdannelse i kommunikasjon ved Universitetet i Bergen, fikk jeg muligheten til \u00e5 jobbe innen ulike medier, der jeg har s\u00f8kt \u00e5 belyse viktige samfunnssp\u00f8rsm\u00e5l. I dag, som redakt\u00f8r for Nordnesrepublikken, pr\u00f8ver jeg \u00e5 forene min kj\u00e6rlighet for journalistikk med min lidenskap for innovasjon og eventyr.","sameAs":["https:\/\/nordnesrepublikken.no\/"]}]}},"_links":{"self":[{"href":"https:\/\/nordnesrepublikken.no\/index.php\/wp-json\/wp\/v2\/posts\/6843","targetHints":{"allow":["GET"]}}],"collection":[{"href":"https:\/\/nordnesrepublikken.no\/index.php\/wp-json\/wp\/v2\/posts"}],"about":[{"href":"https:\/\/nordnesrepublikken.no\/index.php\/wp-json\/wp\/v2\/types\/post"}],"author":[{"embeddable":true,"href":"https:\/\/nordnesrepublikken.no\/index.php\/wp-json\/wp\/v2\/users\/1"}],"replies":[{"embeddable":true,"href":"https:\/\/nordnesrepublikken.no\/index.php\/wp-json\/wp\/v2\/comments?post=6843"}],"version-history":[{"count":1,"href":"https:\/\/nordnesrepublikken.no\/index.php\/wp-json\/wp\/v2\/posts\/6843\/revisions"}],"predecessor-version":[{"id":6845,"href":"https:\/\/nordnesrepublikken.no\/index.php\/wp-json\/wp\/v2\/posts\/6843\/revisions\/6845"}],"wp:featuredmedia":[{"embeddable":true,"href":"https:\/\/nordnesrepublikken.no\/index.php\/wp-json\/wp\/v2\/media\/6844"}],"wp:attachment":[{"href":"https:\/\/nordnesrepublikken.no\/index.php\/wp-json\/wp\/v2\/media?parent=6843"}],"wp:term":[{"taxonomy":"category","embeddable":true,"href":"https:\/\/nordnesrepublikken.no\/index.php\/wp-json\/wp\/v2\/categories?post=6843"},{"taxonomy":"post_tag","embeddable":true,"href":"https:\/\/nordnesrepublikken.no\/index.php\/wp-json\/wp\/v2\/tags?post=6843"}],"curies":[{"name":"wp","href":"https:\/\/api.w.org\/{rel}","templated":true}]}}