{"id":6837,"date":"2025-07-10T17:49:36","date_gmt":"2025-07-10T15:49:36","guid":{"rendered":"https:\/\/nordnesrepublikken.no\/index.php\/2025\/07\/10\/stopp-plikten-til-a-vise-identitetskortet-for-a-ga-ombord-pa-nasjonale-flyreiser-og-i-schengen-omradet\/"},"modified":"2025-07-10T17:49:38","modified_gmt":"2025-07-10T15:49:38","slug":"stopp-plikten-til-a-vise-identitetskortet-for-a-ga-ombord-pa-nasjonale-flyreiser-og-i-schengen-omradet","status":"publish","type":"post","link":"https:\/\/nordnesrepublikken.no\/index.php\/2025\/07\/10\/stopp-plikten-til-a-vise-identitetskortet-for-a-ga-ombord-pa-nasjonale-flyreiser-og-i-schengen-omradet\/","title":{"rendered":"Stopp plikten til \u00e5 vise identitetskortet for \u00e5 g\u00e5 ombord p\u00e5 nasjonale flyreiser og i Schengen -omr\u00e5det"},"content":{"rendered":"<div>\n<div class=\"cp_wrapper cp_wrapper--fw mb-30 mb-20@tablet\">\n<figure class=\"mm\"><picture class=\"img\" style=\"padding-top:56.25%\"><source  media=\"(min-width: 1024px)\"><source  media=\"(min-width: 768px)\"><\/source><\/source><\/picture><\/figure>\n<\/p><\/div>\n<p>For passasjerer <strong>det vil ikke lenger v\u00e6re obligatorisk<\/strong> Vis a <strong>identifikasjon<\/strong> til porten d &#8216;<strong>ombordstigning <\/strong>For nasjonale og europeiske flyreiser: \u00e5 bekrefte det utelukkende til <em>Corriere della Sera<\/em> var <strong>Pierluigi di Palma<\/strong>president for<strong>Enac<\/strong> (Nasjonal myndighet for sivil luftfart).<\/p>\n<p>Den nye regelen vil angripe alle flyvningene i starten <strong>fra Italia<\/strong> og de som er rettet til landene i<strong>Schengen -omr\u00e5det<\/strong>dvs. det fri bevegelsesomr\u00e5det som inkluderer nesten alle<strong> EUs medlemsstater<\/strong> (Med unntak av Kypros og Irland), sammen med Island, Liechtenstein, Norge og Sveits. De siste ukene hadde nyheten allerede blitt testet med suksess p\u00e5 noen seksjoner, for eksempel Ryanair Bergamo-Merca-flyet 6. juli. N\u00e5 blir nyheten <strong>utvidet nasjonalt<\/strong>selv om det enn\u00e5 ikke er klart n\u00e5r m\u00e5lingen offisielt trer i kraft.<b><\/b><\/p>\n<p>I f\u00f8lge estimater kan dette nye tiltaket involvere ca. <strong>51 millioner<\/strong> <strong>reisende<\/strong> Avgang fra italienske flyplasser herfra til slutten av 2025. For reisende vil det fremdeles v\u00e6re obligatorisk \u00e5 ta med seg identitetsdokumenter i tilfelle<strong> pr\u00f8vekontroller<\/strong>.<\/p>\n<p>For \u00e5 klatre opp et fly, bare vis bare <strong>Boarding Pass,<\/strong> Som allerede skjer i andre land i EU, inkludert Tyskland. I alle fall vil imidlertid passasjerer fortsatt m\u00e5tte ta med seg<strong> Identitetskort<\/strong> eller <strong>pass<\/strong> for alle eksempler p\u00e5 sjekker, men ogs\u00e5 og fremfor alt \u00e5 kunne<strong> G\u00e5 tilbake til Italia<\/strong>siden tiltaket er begrenset til <strong>Flyreiser i starten<\/strong> fra landet v\u00e5rt. Blant annet p\u00e5 Banco Del <strong>Innsjekking<\/strong> Det vil fortsatt v\u00e6re obligatorisk \u00e5 vise dokumentet, viktig for \u00e5 kunne utstede flybilletten.<\/p>\n<p>I f\u00f8lge presidenten for ENAC er imidlertid manglende verifisering av en <strong>konkordans<\/strong> mellom navnet p\u00e5 passasjeren som er vist p\u00e5 <strong>Boarding Pass<\/strong> Og den p\u00e5<strong> identifikasjon<\/strong> Det kompromitterer ikke flyplasseniv\u00e5et p\u00e5 flyplasser, hvor passasjerer allerede er utsatt for mange kontroller (inkludert metalldetektor) og &laquo;synlige og ikke -synlige&raquo; sikkerhetsfilter, if\u00f8lge det som rapporteres av Di Palma. Kontroller for flyvninger vil forbli aktive <strong>Ekstra Schengen<\/strong>.<\/p>\n<p>Kort sagt, det endelige m\u00e5let er \u00e5 gj\u00f8re <strong>raskere og enklere<\/strong> Boardingprosedyrene, og pr\u00f8ver dermed \u00e5 likestille reiser med fly med de med tog. For rutene som anses som mer f\u00f8lsom for uregelmessig innvandring, men <strong>styrket sjekker<\/strong>: Blant disse er for eksempel noen luftforbindelser mellom Italia og Frankrike nevnt.<\/p>\n<p>Det er derfor en <strong>revolusjonerende m\u00e5ling<\/strong> For flytrafikk: Innenfor landene i Schengen -omr\u00e5det sirkulerer rundt 450 millioner mennesker fritt. Bare i f\u00f8rste kvartal 2025 involverte den nasjonale flytrafikken omtrent <strong>14,5 millioner passasjerer<\/strong> Og if\u00f8lge estimater kan nyheten involvere ca. <strong>51 millioner<\/strong> <strong>reisende<\/strong> Avgang fra italienske flyplasser herfra til slutten av 2025.<\/p>\n<\/p><\/div>\n","protected":false},"excerpt":{"rendered":"<p>For passasjerer det vil ikke lenger v\u00e6re obligatorisk Vis a identifikasjon til porten d &#8216;ombordstigning<\/p>\n","protected":false},"author":1,"featured_media":6838,"comment_status":"closed","ping_status":"open","sticky":false,"template":"","format":"standard","meta":{"footnotes":""},"categories":[104],"tags":[805,698,4403,4405,4404,1583,81,4401,3144,3954,117,4402],"class_list":["post-6837","post","type-post","status-publish","format-standard","has-post-thumbnail","hentry","category-samfunn","tag-flyreiser","tag-ga","tag-identitetskortet","tag-nasjonale","tag-ombord","tag-omradet","tag-pa","tag-plikten","tag-schengen","tag-stopp","tag-til","tag-vise","generate-columns","tablet-grid-50","mobile-grid-100","grid-parent","grid-33","resize-featured-image"],"yoast_head":"<!-- This site is optimized with the Yoast SEO plugin v24.4 - https:\/\/yoast.com\/wordpress\/plugins\/seo\/ -->\n<title>Stopp plikten til \u00e5 vise identitetskortet for \u00e5 g\u00e5 ombord p\u00e5 nasjonale flyreiser og i Schengen -omr\u00e5det - Nordnesrepublikken<\/title>\n<meta name=\"robots\" content=\"index, follow, max-snippet:-1, max-image-preview:large, max-video-preview:-1\" \/>\n<link rel=\"canonical\" href=\"https:\/\/nordnesrepublikken.no\/index.php\/2025\/07\/10\/stopp-plikten-til-a-vise-identitetskortet-for-a-ga-ombord-pa-nasjonale-flyreiser-og-i-schengen-omradet\/\" \/>\n<meta property=\"og:locale\" content=\"nb_NO\" \/>\n<meta property=\"og:type\" content=\"article\" \/>\n<meta property=\"og:title\" content=\"Stopp plikten til \u00e5 vise identitetskortet for \u00e5 g\u00e5 ombord p\u00e5 nasjonale flyreiser og i Schengen -omr\u00e5det - Nordnesrepublikken\" \/>\n<meta property=\"og:description\" content=\"For passasjerer det vil ikke lenger v\u00e6re obligatorisk Vis a identifikasjon til porten d &#8216;ombordstigning\" \/>\n<meta property=\"og:url\" content=\"https:\/\/nordnesrepublikken.no\/index.php\/2025\/07\/10\/stopp-plikten-til-a-vise-identitetskortet-for-a-ga-ombord-pa-nasjonale-flyreiser-og-i-schengen-omradet\/\" \/>\n<meta property=\"og:site_name\" content=\"Nordnesrepublikken\" \/>\n<meta property=\"article:published_time\" content=\"2025-07-10T15:49:36+00:00\" \/>\n<meta property=\"article:modified_time\" content=\"2025-07-10T15:49:38+00:00\" \/>\n<meta property=\"og:image\" content=\"https:\/\/nordnesrepublikken.no\/wp-content\/uploads\/2025\/07\/1752162576_Stopp-plikten-til-a-vise-identitetskortet-for-a-ga-ombord.jpg\" \/>\n\t<meta property=\"og:image:width\" content=\"1255\" \/>\n\t<meta property=\"og:image:height\" content=\"836\" \/>\n\t<meta property=\"og:image:type\" content=\"image\/jpeg\" \/>\n<meta name=\"author\" content=\"Ole Andersen\" \/>\n<meta name=\"twitter:card\" content=\"summary_large_image\" \/>\n<meta name=\"twitter:label1\" content=\"Skrevet av\" \/>\n\t<meta name=\"twitter:data1\" content=\"Ole Andersen\" \/>\n\t<meta name=\"twitter:label2\" content=\"Ansl. lesetid\" \/>\n\t<meta name=\"twitter:data2\" content=\"2 minutter\" \/>\n<script type=\"application\/ld+json\" class=\"yoast-schema-graph\">{\"@context\":\"https:\/\/schema.org\",\"@graph\":[{\"@type\":\"Article\",\"@id\":\"https:\/\/nordnesrepublikken.no\/index.php\/2025\/07\/10\/stopp-plikten-til-a-vise-identitetskortet-for-a-ga-ombord-pa-nasjonale-flyreiser-og-i-schengen-omradet\/#article\",\"isPartOf\":{\"@id\":\"https:\/\/nordnesrepublikken.no\/index.php\/2025\/07\/10\/stopp-plikten-til-a-vise-identitetskortet-for-a-ga-ombord-pa-nasjonale-flyreiser-og-i-schengen-omradet\/\"},\"author\":{\"name\":\"Ole Andersen\",\"@id\":\"https:\/\/nordnesrepublikken.no\/#\/schema\/person\/2e7e81935bab77882fffb79296240ff1\"},\"headline\":\"Stopp plikten til \u00e5 vise identitetskortet for \u00e5 g\u00e5 ombord p\u00e5 nasjonale flyreiser og i Schengen -omr\u00e5det\",\"datePublished\":\"2025-07-10T15:49:36+00:00\",\"dateModified\":\"2025-07-10T15:49:38+00:00\",\"mainEntityOfPage\":{\"@id\":\"https:\/\/nordnesrepublikken.no\/index.php\/2025\/07\/10\/stopp-plikten-til-a-vise-identitetskortet-for-a-ga-ombord-pa-nasjonale-flyreiser-og-i-schengen-omradet\/\"},\"wordCount\":418,\"publisher\":{\"@id\":\"https:\/\/nordnesrepublikken.no\/#organization\"},\"image\":{\"@id\":\"https:\/\/nordnesrepublikken.no\/index.php\/2025\/07\/10\/stopp-plikten-til-a-vise-identitetskortet-for-a-ga-ombord-pa-nasjonale-flyreiser-og-i-schengen-omradet\/#primaryimage\"},\"thumbnailUrl\":\"https:\/\/nordnesrepublikken.no\/wp-content\/uploads\/2025\/07\/1752162576_Stopp-plikten-til-a-vise-identitetskortet-for-a-ga-ombord.jpg\",\"keywords\":[\"flyreiser\",\"g\u00e5\",\"identitetskortet\",\"nasjonale\",\"ombord\",\"omr\u00e5det\",\"p\u00e5\",\"plikten\",\"Schengen\",\"Stopp\",\"til\",\"vise\"],\"articleSection\":[\"Samfunn\"],\"inLanguage\":\"nb-NO\"},{\"@type\":\"WebPage\",\"@id\":\"https:\/\/nordnesrepublikken.no\/index.php\/2025\/07\/10\/stopp-plikten-til-a-vise-identitetskortet-for-a-ga-ombord-pa-nasjonale-flyreiser-og-i-schengen-omradet\/\",\"url\":\"https:\/\/nordnesrepublikken.no\/index.php\/2025\/07\/10\/stopp-plikten-til-a-vise-identitetskortet-for-a-ga-ombord-pa-nasjonale-flyreiser-og-i-schengen-omradet\/\",\"name\":\"Stopp plikten til \u00e5 vise identitetskortet for \u00e5 g\u00e5 ombord p\u00e5 nasjonale flyreiser og i Schengen -omr\u00e5det - Nordnesrepublikken\",\"isPartOf\":{\"@id\":\"https:\/\/nordnesrepublikken.no\/#website\"},\"primaryImageOfPage\":{\"@id\":\"https:\/\/nordnesrepublikken.no\/index.php\/2025\/07\/10\/stopp-plikten-til-a-vise-identitetskortet-for-a-ga-ombord-pa-nasjonale-flyreiser-og-i-schengen-omradet\/#primaryimage\"},\"image\":{\"@id\":\"https:\/\/nordnesrepublikken.no\/index.php\/2025\/07\/10\/stopp-plikten-til-a-vise-identitetskortet-for-a-ga-ombord-pa-nasjonale-flyreiser-og-i-schengen-omradet\/#primaryimage\"},\"thumbnailUrl\":\"https:\/\/nordnesrepublikken.no\/wp-content\/uploads\/2025\/07\/1752162576_Stopp-plikten-til-a-vise-identitetskortet-for-a-ga-ombord.jpg\",\"datePublished\":\"2025-07-10T15:49:36+00:00\",\"dateModified\":\"2025-07-10T15:49:38+00:00\",\"breadcrumb\":{\"@id\":\"https:\/\/nordnesrepublikken.no\/index.php\/2025\/07\/10\/stopp-plikten-til-a-vise-identitetskortet-for-a-ga-ombord-pa-nasjonale-flyreiser-og-i-schengen-omradet\/#breadcrumb\"},\"inLanguage\":\"nb-NO\",\"potentialAction\":[{\"@type\":\"ReadAction\",\"target\":[\"https:\/\/nordnesrepublikken.no\/index.php\/2025\/07\/10\/stopp-plikten-til-a-vise-identitetskortet-for-a-ga-ombord-pa-nasjonale-flyreiser-og-i-schengen-omradet\/\"]}]},{\"@type\":\"ImageObject\",\"inLanguage\":\"nb-NO\",\"@id\":\"https:\/\/nordnesrepublikken.no\/index.php\/2025\/07\/10\/stopp-plikten-til-a-vise-identitetskortet-for-a-ga-ombord-pa-nasjonale-flyreiser-og-i-schengen-omradet\/#primaryimage\",\"url\":\"https:\/\/nordnesrepublikken.no\/wp-content\/uploads\/2025\/07\/1752162576_Stopp-plikten-til-a-vise-identitetskortet-for-a-ga-ombord.jpg\",\"contentUrl\":\"https:\/\/nordnesrepublikken.no\/wp-content\/uploads\/2025\/07\/1752162576_Stopp-plikten-til-a-vise-identitetskortet-for-a-ga-ombord.jpg\",\"width\":1255,\"height\":836,\"caption\":\"Immagine\"},{\"@type\":\"BreadcrumbList\",\"@id\":\"https:\/\/nordnesrepublikken.no\/index.php\/2025\/07\/10\/stopp-plikten-til-a-vise-identitetskortet-for-a-ga-ombord-pa-nasjonale-flyreiser-og-i-schengen-omradet\/#breadcrumb\",\"itemListElement\":[{\"@type\":\"ListItem\",\"position\":1,\"name\":\"Home\",\"item\":\"https:\/\/nordnesrepublikken.no\/\"},{\"@type\":\"ListItem\",\"position\":2,\"name\":\"Stopp plikten til \u00e5 vise identitetskortet for \u00e5 g\u00e5 ombord p\u00e5 nasjonale flyreiser og i Schengen -omr\u00e5det\"}]},{\"@type\":\"WebSite\",\"@id\":\"https:\/\/nordnesrepublikken.no\/#website\",\"url\":\"https:\/\/nordnesrepublikken.no\/\",\"name\":\"Nordnesrepublikken\",\"description\":\"Stemmer og Visjoner fra Republikkens Hjerte\",\"publisher\":{\"@id\":\"https:\/\/nordnesrepublikken.no\/#organization\"},\"potentialAction\":[{\"@type\":\"SearchAction\",\"target\":{\"@type\":\"EntryPoint\",\"urlTemplate\":\"https:\/\/nordnesrepublikken.no\/?s={search_term_string}\"},\"query-input\":{\"@type\":\"PropertyValueSpecification\",\"valueRequired\":true,\"valueName\":\"search_term_string\"}}],\"inLanguage\":\"nb-NO\"},{\"@type\":\"Organization\",\"@id\":\"https:\/\/nordnesrepublikken.no\/#organization\",\"name\":\"Nordnesrepublikken\",\"url\":\"https:\/\/nordnesrepublikken.no\/\",\"logo\":{\"@type\":\"ImageObject\",\"inLanguage\":\"nb-NO\",\"@id\":\"https:\/\/nordnesrepublikken.no\/#\/schema\/logo\/image\/\",\"url\":\"https:\/\/nordnesrepublikken.no\/wp-content\/uploads\/2025\/02\/cropped-nordnesrepublikken-2.png\",\"contentUrl\":\"https:\/\/nordnesrepublikken.no\/wp-content\/uploads\/2025\/02\/cropped-nordnesrepublikken-2.png\",\"width\":1248,\"height\":362,\"caption\":\"Nordnesrepublikken\"},\"image\":{\"@id\":\"https:\/\/nordnesrepublikken.no\/#\/schema\/logo\/image\/\"}},{\"@type\":\"Person\",\"@id\":\"https:\/\/nordnesrepublikken.no\/#\/schema\/person\/2e7e81935bab77882fffb79296240ff1\",\"name\":\"Ole Andersen\",\"image\":{\"@type\":\"ImageObject\",\"inLanguage\":\"nb-NO\",\"@id\":\"https:\/\/nordnesrepublikken.no\/#\/schema\/person\/image\/\",\"url\":\"https:\/\/nordnesrepublikken.no\/wp-content\/uploads\/2025\/02\/nordnesrepublikken-2-2-150x150.jpg\",\"contentUrl\":\"https:\/\/nordnesrepublikken.no\/wp-content\/uploads\/2025\/02\/nordnesrepublikken-2-2-150x150.jpg\",\"caption\":\"Ole Andersen\"},\"description\":\"Ettersom jeg vokste opp i Oslo, har jeg alltid v\u00e6rt fascinert av ordenes kraft og deres evne til \u00e5 skape endringer. Etter \u00e5 ha fullf\u00f8rt min utdannelse i kommunikasjon ved Universitetet i Bergen, fikk jeg muligheten til \u00e5 jobbe innen ulike medier, der jeg har s\u00f8kt \u00e5 belyse viktige samfunnssp\u00f8rsm\u00e5l. I dag, som redakt\u00f8r for Nordnesrepublikken, pr\u00f8ver jeg \u00e5 forene min kj\u00e6rlighet for journalistikk med min lidenskap for innovasjon og eventyr.\",\"sameAs\":[\"https:\/\/nordnesrepublikken.no\/\"]}]}<\/script>\n<!-- \/ Yoast SEO plugin. -->","yoast_head_json":{"title":"Stopp plikten til \u00e5 vise identitetskortet for \u00e5 g\u00e5 ombord p\u00e5 nasjonale flyreiser og i Schengen -omr\u00e5det - Nordnesrepublikken","robots":{"index":"index","follow":"follow","max-snippet":"max-snippet:-1","max-image-preview":"max-image-preview:large","max-video-preview":"max-video-preview:-1"},"canonical":"https:\/\/nordnesrepublikken.no\/index.php\/2025\/07\/10\/stopp-plikten-til-a-vise-identitetskortet-for-a-ga-ombord-pa-nasjonale-flyreiser-og-i-schengen-omradet\/","og_locale":"nb_NO","og_type":"article","og_title":"Stopp plikten til \u00e5 vise identitetskortet for \u00e5 g\u00e5 ombord p\u00e5 nasjonale flyreiser og i Schengen -omr\u00e5det - Nordnesrepublikken","og_description":"For passasjerer det vil ikke lenger v\u00e6re obligatorisk Vis a identifikasjon til porten d &#8216;ombordstigning","og_url":"https:\/\/nordnesrepublikken.no\/index.php\/2025\/07\/10\/stopp-plikten-til-a-vise-identitetskortet-for-a-ga-ombord-pa-nasjonale-flyreiser-og-i-schengen-omradet\/","og_site_name":"Nordnesrepublikken","article_published_time":"2025-07-10T15:49:36+00:00","article_modified_time":"2025-07-10T15:49:38+00:00","og_image":[{"width":1255,"height":836,"url":"https:\/\/nordnesrepublikken.no\/wp-content\/uploads\/2025\/07\/1752162576_Stopp-plikten-til-a-vise-identitetskortet-for-a-ga-ombord.jpg","type":"image\/jpeg"}],"author":"Ole Andersen","twitter_card":"summary_large_image","twitter_misc":{"Skrevet av":"Ole Andersen","Ansl. lesetid":"2 minutter"},"schema":{"@context":"https:\/\/schema.org","@graph":[{"@type":"Article","@id":"https:\/\/nordnesrepublikken.no\/index.php\/2025\/07\/10\/stopp-plikten-til-a-vise-identitetskortet-for-a-ga-ombord-pa-nasjonale-flyreiser-og-i-schengen-omradet\/#article","isPartOf":{"@id":"https:\/\/nordnesrepublikken.no\/index.php\/2025\/07\/10\/stopp-plikten-til-a-vise-identitetskortet-for-a-ga-ombord-pa-nasjonale-flyreiser-og-i-schengen-omradet\/"},"author":{"name":"Ole Andersen","@id":"https:\/\/nordnesrepublikken.no\/#\/schema\/person\/2e7e81935bab77882fffb79296240ff1"},"headline":"Stopp plikten til \u00e5 vise identitetskortet for \u00e5 g\u00e5 ombord p\u00e5 nasjonale flyreiser og i Schengen -omr\u00e5det","datePublished":"2025-07-10T15:49:36+00:00","dateModified":"2025-07-10T15:49:38+00:00","mainEntityOfPage":{"@id":"https:\/\/nordnesrepublikken.no\/index.php\/2025\/07\/10\/stopp-plikten-til-a-vise-identitetskortet-for-a-ga-ombord-pa-nasjonale-flyreiser-og-i-schengen-omradet\/"},"wordCount":418,"publisher":{"@id":"https:\/\/nordnesrepublikken.no\/#organization"},"image":{"@id":"https:\/\/nordnesrepublikken.no\/index.php\/2025\/07\/10\/stopp-plikten-til-a-vise-identitetskortet-for-a-ga-ombord-pa-nasjonale-flyreiser-og-i-schengen-omradet\/#primaryimage"},"thumbnailUrl":"https:\/\/nordnesrepublikken.no\/wp-content\/uploads\/2025\/07\/1752162576_Stopp-plikten-til-a-vise-identitetskortet-for-a-ga-ombord.jpg","keywords":["flyreiser","g\u00e5","identitetskortet","nasjonale","ombord","omr\u00e5det","p\u00e5","plikten","Schengen","Stopp","til","vise"],"articleSection":["Samfunn"],"inLanguage":"nb-NO"},{"@type":"WebPage","@id":"https:\/\/nordnesrepublikken.no\/index.php\/2025\/07\/10\/stopp-plikten-til-a-vise-identitetskortet-for-a-ga-ombord-pa-nasjonale-flyreiser-og-i-schengen-omradet\/","url":"https:\/\/nordnesrepublikken.no\/index.php\/2025\/07\/10\/stopp-plikten-til-a-vise-identitetskortet-for-a-ga-ombord-pa-nasjonale-flyreiser-og-i-schengen-omradet\/","name":"Stopp plikten til \u00e5 vise identitetskortet for \u00e5 g\u00e5 ombord p\u00e5 nasjonale flyreiser og i Schengen -omr\u00e5det - Nordnesrepublikken","isPartOf":{"@id":"https:\/\/nordnesrepublikken.no\/#website"},"primaryImageOfPage":{"@id":"https:\/\/nordnesrepublikken.no\/index.php\/2025\/07\/10\/stopp-plikten-til-a-vise-identitetskortet-for-a-ga-ombord-pa-nasjonale-flyreiser-og-i-schengen-omradet\/#primaryimage"},"image":{"@id":"https:\/\/nordnesrepublikken.no\/index.php\/2025\/07\/10\/stopp-plikten-til-a-vise-identitetskortet-for-a-ga-ombord-pa-nasjonale-flyreiser-og-i-schengen-omradet\/#primaryimage"},"thumbnailUrl":"https:\/\/nordnesrepublikken.no\/wp-content\/uploads\/2025\/07\/1752162576_Stopp-plikten-til-a-vise-identitetskortet-for-a-ga-ombord.jpg","datePublished":"2025-07-10T15:49:36+00:00","dateModified":"2025-07-10T15:49:38+00:00","breadcrumb":{"@id":"https:\/\/nordnesrepublikken.no\/index.php\/2025\/07\/10\/stopp-plikten-til-a-vise-identitetskortet-for-a-ga-ombord-pa-nasjonale-flyreiser-og-i-schengen-omradet\/#breadcrumb"},"inLanguage":"nb-NO","potentialAction":[{"@type":"ReadAction","target":["https:\/\/nordnesrepublikken.no\/index.php\/2025\/07\/10\/stopp-plikten-til-a-vise-identitetskortet-for-a-ga-ombord-pa-nasjonale-flyreiser-og-i-schengen-omradet\/"]}]},{"@type":"ImageObject","inLanguage":"nb-NO","@id":"https:\/\/nordnesrepublikken.no\/index.php\/2025\/07\/10\/stopp-plikten-til-a-vise-identitetskortet-for-a-ga-ombord-pa-nasjonale-flyreiser-og-i-schengen-omradet\/#primaryimage","url":"https:\/\/nordnesrepublikken.no\/wp-content\/uploads\/2025\/07\/1752162576_Stopp-plikten-til-a-vise-identitetskortet-for-a-ga-ombord.jpg","contentUrl":"https:\/\/nordnesrepublikken.no\/wp-content\/uploads\/2025\/07\/1752162576_Stopp-plikten-til-a-vise-identitetskortet-for-a-ga-ombord.jpg","width":1255,"height":836,"caption":"Immagine"},{"@type":"BreadcrumbList","@id":"https:\/\/nordnesrepublikken.no\/index.php\/2025\/07\/10\/stopp-plikten-til-a-vise-identitetskortet-for-a-ga-ombord-pa-nasjonale-flyreiser-og-i-schengen-omradet\/#breadcrumb","itemListElement":[{"@type":"ListItem","position":1,"name":"Home","item":"https:\/\/nordnesrepublikken.no\/"},{"@type":"ListItem","position":2,"name":"Stopp plikten til \u00e5 vise identitetskortet for \u00e5 g\u00e5 ombord p\u00e5 nasjonale flyreiser og i Schengen -omr\u00e5det"}]},{"@type":"WebSite","@id":"https:\/\/nordnesrepublikken.no\/#website","url":"https:\/\/nordnesrepublikken.no\/","name":"Nordnesrepublikken","description":"Stemmer og Visjoner fra Republikkens Hjerte","publisher":{"@id":"https:\/\/nordnesrepublikken.no\/#organization"},"potentialAction":[{"@type":"SearchAction","target":{"@type":"EntryPoint","urlTemplate":"https:\/\/nordnesrepublikken.no\/?s={search_term_string}"},"query-input":{"@type":"PropertyValueSpecification","valueRequired":true,"valueName":"search_term_string"}}],"inLanguage":"nb-NO"},{"@type":"Organization","@id":"https:\/\/nordnesrepublikken.no\/#organization","name":"Nordnesrepublikken","url":"https:\/\/nordnesrepublikken.no\/","logo":{"@type":"ImageObject","inLanguage":"nb-NO","@id":"https:\/\/nordnesrepublikken.no\/#\/schema\/logo\/image\/","url":"https:\/\/nordnesrepublikken.no\/wp-content\/uploads\/2025\/02\/cropped-nordnesrepublikken-2.png","contentUrl":"https:\/\/nordnesrepublikken.no\/wp-content\/uploads\/2025\/02\/cropped-nordnesrepublikken-2.png","width":1248,"height":362,"caption":"Nordnesrepublikken"},"image":{"@id":"https:\/\/nordnesrepublikken.no\/#\/schema\/logo\/image\/"}},{"@type":"Person","@id":"https:\/\/nordnesrepublikken.no\/#\/schema\/person\/2e7e81935bab77882fffb79296240ff1","name":"Ole Andersen","image":{"@type":"ImageObject","inLanguage":"nb-NO","@id":"https:\/\/nordnesrepublikken.no\/#\/schema\/person\/image\/","url":"https:\/\/nordnesrepublikken.no\/wp-content\/uploads\/2025\/02\/nordnesrepublikken-2-2-150x150.jpg","contentUrl":"https:\/\/nordnesrepublikken.no\/wp-content\/uploads\/2025\/02\/nordnesrepublikken-2-2-150x150.jpg","caption":"Ole Andersen"},"description":"Ettersom jeg vokste opp i Oslo, har jeg alltid v\u00e6rt fascinert av ordenes kraft og deres evne til \u00e5 skape endringer. Etter \u00e5 ha fullf\u00f8rt min utdannelse i kommunikasjon ved Universitetet i Bergen, fikk jeg muligheten til \u00e5 jobbe innen ulike medier, der jeg har s\u00f8kt \u00e5 belyse viktige samfunnssp\u00f8rsm\u00e5l. I dag, som redakt\u00f8r for Nordnesrepublikken, pr\u00f8ver jeg \u00e5 forene min kj\u00e6rlighet for journalistikk med min lidenskap for innovasjon og eventyr.","sameAs":["https:\/\/nordnesrepublikken.no\/"]}]}},"_links":{"self":[{"href":"https:\/\/nordnesrepublikken.no\/index.php\/wp-json\/wp\/v2\/posts\/6837","targetHints":{"allow":["GET"]}}],"collection":[{"href":"https:\/\/nordnesrepublikken.no\/index.php\/wp-json\/wp\/v2\/posts"}],"about":[{"href":"https:\/\/nordnesrepublikken.no\/index.php\/wp-json\/wp\/v2\/types\/post"}],"author":[{"embeddable":true,"href":"https:\/\/nordnesrepublikken.no\/index.php\/wp-json\/wp\/v2\/users\/1"}],"replies":[{"embeddable":true,"href":"https:\/\/nordnesrepublikken.no\/index.php\/wp-json\/wp\/v2\/comments?post=6837"}],"version-history":[{"count":1,"href":"https:\/\/nordnesrepublikken.no\/index.php\/wp-json\/wp\/v2\/posts\/6837\/revisions"}],"predecessor-version":[{"id":6839,"href":"https:\/\/nordnesrepublikken.no\/index.php\/wp-json\/wp\/v2\/posts\/6837\/revisions\/6839"}],"wp:featuredmedia":[{"embeddable":true,"href":"https:\/\/nordnesrepublikken.no\/index.php\/wp-json\/wp\/v2\/media\/6838"}],"wp:attachment":[{"href":"https:\/\/nordnesrepublikken.no\/index.php\/wp-json\/wp\/v2\/media?parent=6837"}],"wp:term":[{"taxonomy":"category","embeddable":true,"href":"https:\/\/nordnesrepublikken.no\/index.php\/wp-json\/wp\/v2\/categories?post=6837"},{"taxonomy":"post_tag","embeddable":true,"href":"https:\/\/nordnesrepublikken.no\/index.php\/wp-json\/wp\/v2\/tags?post=6837"}],"curies":[{"name":"wp","href":"https:\/\/api.w.org\/{rel}","templated":true}]}}