{"id":6834,"date":"2025-07-10T16:49:45","date_gmt":"2025-07-10T14:49:45","guid":{"rendered":"https:\/\/nordnesrepublikken.no\/index.php\/2025\/07\/10\/luksus-yacht-horror-20-ar-gammelt-besetningsmedlem-myrdet-pa-bahamas\/"},"modified":"2025-07-10T16:50:01","modified_gmt":"2025-07-10T14:50:01","slug":"luksus-yacht-horror-20-ar-gammelt-besetningsmedlem-myrdet-pa-bahamas","status":"publish","type":"post","link":"https:\/\/nordnesrepublikken.no\/index.php\/2025\/07\/10\/luksus-yacht-horror-20-ar-gammelt-besetningsmedlem-myrdet-pa-bahamas\/","title":{"rendered":"Luksus yacht Horror: 20 \u00e5r gammelt besetningsmedlem myrdet p\u00e5 Bahamas"},"content":{"rendered":"<p><\/p>\n<div class=\"wordpress-content\">\n                    <!-- Article Start --><\/p>\n<p><strong>En 20 \u00e5r gammel s\u00f8rafrikansk kvinne er blitt myrdet ombord p\u00e5 en luksuri\u00f8s superyacht som er lagt til kai p\u00e5 Bahamas, og vekket sjokk og sorg over det globale yachting-samfunnet.<\/strong><\/p>\n<p>Paige Bell, 20, ble funnet d\u00f8d og &laquo;dekket av blod&raquo; ombord p\u00e5 \u00a3 9,5m (\u20ac 11,2m) yacht &#8216;langt fra den.&#8217;<\/p>\n<p>Paige Bell, opprinnelig fra Johannesburg, ble oppdaget d\u00f8d i maskinrommet p\u00e5 den 43,4 meter store charteryachten, som hadde blitt fort\u00f8yd p\u00e5 Harbor Island, Bahamas, torsdag 3. juli 2025. If\u00f8lge politiet ble hennes kropp funnet med &laquo;synlig tegn p\u00e5 skader&raquo; og n\u00e6rmet hans en 39-\u00e5r som var p\u00e5 en m\u00e5te som var en strengt skader p\u00e5. <em>Standarden.<\/em><\/p>\n<div class=\"sra_unit\"><link rel=\"stylesheet\" id=\"block-sra\" href=\"https:\/\/euroweeklynews.com\/wp-content\/plugins\/snack-related-articles\/dist\/css\/snack-related.min.css?250312-193541\" type=\"text\/css\" media=\"all\">\n<\/div>\n<p>Bell jobbet som gjesteforholdsoffiser ombord p\u00e5 yachten som koster rundt \u00a3 120.000 (\u20ac 141.000) per uke til charter. Venner hadde angivelig planlagt en overd\u00e5dig 21 -\u00e5rsdagsselskap for henne p\u00e5 yachten dagen etter.<\/p>\n<h2><strong>Mistenkte siktet for drap etter p\u00e5st\u00e5tt selvmordsfors\u00f8k<\/strong><\/h2>\n<p>Offiserer fra Royal Bahamas politistyrke ble varslet rundt 13:00 og gikk ombord p\u00e5 fart\u00f8yet, der en lokal lege uttalte Bell d\u00f8d p\u00e5 \u00e5stedet. Den mistenkte ble funnet i live, men bl\u00f8dde tungt ved siden av henne. Han ble tatt i varetekt og er n\u00e5 siktet for drapet hennes.<\/p>\n<p>En talsperson for politiet bekreftet: &laquo;Vi kan bekrefte at en 39 \u00e5r gammel meksikansk statsborger vil bli arrangert f\u00f8r sorenskrivere i dag siktet for drap som stammet fra d\u00f8den av en 20 \u00e5r gammel s\u00f8r-afrikansk. Hun ble funnet om bord i et fart\u00f8y p\u00e5 Harbor Island, Eleuthera, torsdag 3. juli.&raquo;<\/p>\n<p>Tragedien har dypt rystet seilingsindustrien. Paiges tidligere mannskap p\u00e5 38,2 meter yacht <em>Emocean<\/em> utstedte en inderlig uttalelse:<\/p>\n<p>&laquo;Paige var mer enn en lagkamerat, hun var familie. Hennes str\u00e5lende \u00e5nd, smittsom latter og grensel\u00f8s medf\u00f8lelse gjorde en uforglemmelig innvirkning p\u00e5 alle heldige nok til \u00e5 kjenne henne,&raquo; <em>Boat International<\/em>.<\/p>\n<p>Hennes \u00f8delagte familie, som har reist til Bahamas, sa:<\/p>\n<p>&laquo;Denne kvelden flyr mamma og pappa til Bahamas for \u00e5 begynne den smertefulle prosessen med ikke bare \u00e5 bringe babyjenta hjem, men ogs\u00e5 s\u00f8ker rettferdighet for monsteret som tok livet hennes&raquo; (sitert av <em>Standarden<\/em>.)<\/p>\n<p>De beskrev den kommende juridiske prosessen i et fremmed land som &laquo;sammensatt og kostbart&raquo; og oppfordret publikum til hjelp via donasjoner.<\/p>\n<p>&laquo;Dette hjerteskj\u00e6rende tapet har blitt dypt f\u00f8lt av alle som kjente og elsket &#8216;Paigey&#8217; &#8211; hennes tidligere kaptein, b\u00e5teieren, hele mannskapet om bord og hele samfunnet.&raquo;<\/p>\n<p>En GoFundMe -side er lansert for \u00e5 st\u00f8tte Bell -familien med reiser og saksomkostninger.<\/p>\n<p><strong>&#8216;Milliard\u00e6rer&#8217; bakg\u00e5rd &#8216;under granskning<\/strong><\/p>\n<p>Harbor Island, der drapet skjedde, er en tre kilometer lang retrett \u00f8st for Nassau ofte kalt &laquo;milliard\u00e6rene&raquo; bakg\u00e5rd &laquo;. Det er en favorittferie for kjendiser inkludert Bill Gates, Mick Jagger og Kardashians.<\/p>\n<p>Dette drapet har trukket uventet oppmerksomhet p\u00e5 den m\u00f8rke undersiden av luksuri\u00f8s yachtverden &#8211; en som sjelden st\u00e5r overfor overskrifter utenfor glamour og overd\u00e5dighet.<\/p>\n<p>Med en drapsfors\u00f8k fremover sp\u00f8r noen: Hvilken beskyttelse har besetningsmedlemmer virkelig i disse eliten, men isolerte flytende arbeidsplassene?<\/p>\n<p>Se alle verdensnyheter.<\/p>\n<p>                    <!-- Article End --><\/p><\/div>\n","protected":false},"excerpt":{"rendered":"<p>En 20 \u00e5r gammel s\u00f8rafrikansk kvinne er blitt myrdet ombord p\u00e5 en luksuri\u00f8s superyacht som<\/p>\n","protected":false},"author":1,"featured_media":6835,"comment_status":"closed","ping_status":"open","sticky":false,"template":"","format":"standard","meta":{"footnotes":""},"categories":[105],"tags":[595,4400,4399,4398,4093,3364,1368,81,2357],"class_list":["post-6834","post","type-post","status-publish","format-standard","has-post-thumbnail","hentry","category-livsstil","tag-ar","tag-bahamas","tag-besetningsmedlem","tag-gammelt","tag-horror","tag-luksus","tag-myrdet","tag-pa","tag-yacht","generate-columns","tablet-grid-50","mobile-grid-100","grid-parent","grid-33","resize-featured-image"],"yoast_head":"<!-- This site is optimized with the Yoast SEO plugin v24.4 - https:\/\/yoast.com\/wordpress\/plugins\/seo\/ -->\n<title>Luksus yacht Horror: 20 \u00e5r gammelt besetningsmedlem myrdet p\u00e5 Bahamas - Nordnesrepublikken<\/title>\n<meta name=\"robots\" content=\"index, follow, max-snippet:-1, max-image-preview:large, max-video-preview:-1\" \/>\n<link rel=\"canonical\" href=\"https:\/\/nordnesrepublikken.no\/index.php\/2025\/07\/10\/luksus-yacht-horror-20-ar-gammelt-besetningsmedlem-myrdet-pa-bahamas\/\" \/>\n<meta property=\"og:locale\" content=\"nb_NO\" \/>\n<meta property=\"og:type\" content=\"article\" \/>\n<meta property=\"og:title\" content=\"Luksus yacht Horror: 20 \u00e5r gammelt besetningsmedlem myrdet p\u00e5 Bahamas - Nordnesrepublikken\" \/>\n<meta property=\"og:description\" content=\"En 20 \u00e5r gammel s\u00f8rafrikansk kvinne er blitt myrdet ombord p\u00e5 en luksuri\u00f8s superyacht som\" \/>\n<meta property=\"og:url\" content=\"https:\/\/nordnesrepublikken.no\/index.php\/2025\/07\/10\/luksus-yacht-horror-20-ar-gammelt-besetningsmedlem-myrdet-pa-bahamas\/\" \/>\n<meta property=\"og:site_name\" content=\"Nordnesrepublikken\" \/>\n<meta property=\"article:published_time\" content=\"2025-07-10T14:49:45+00:00\" \/>\n<meta property=\"article:modified_time\" content=\"2025-07-10T14:50:01+00:00\" \/>\n<meta property=\"og:image\" content=\"https:\/\/nordnesrepublikken.no\/wp-content\/uploads\/2025\/07\/1752158986_Luksus-yacht-Horror-20-ar-gammelt-besetningsmedlem-myrdet-pa-Bahamas.png\" \/>\n\t<meta property=\"og:image:width\" content=\"1200\" \/>\n\t<meta property=\"og:image:height\" content=\"926\" \/>\n\t<meta property=\"og:image:type\" content=\"image\/png\" \/>\n<meta name=\"author\" content=\"Ole Andersen\" \/>\n<meta name=\"twitter:card\" content=\"summary_large_image\" \/>\n<meta name=\"twitter:label1\" content=\"Skrevet av\" \/>\n\t<meta name=\"twitter:data1\" content=\"Ole Andersen\" \/>\n\t<meta name=\"twitter:label2\" content=\"Ansl. lesetid\" \/>\n\t<meta name=\"twitter:data2\" content=\"2 minutter\" \/>\n<script type=\"application\/ld+json\" class=\"yoast-schema-graph\">{\"@context\":\"https:\/\/schema.org\",\"@graph\":[{\"@type\":\"Article\",\"@id\":\"https:\/\/nordnesrepublikken.no\/index.php\/2025\/07\/10\/luksus-yacht-horror-20-ar-gammelt-besetningsmedlem-myrdet-pa-bahamas\/#article\",\"isPartOf\":{\"@id\":\"https:\/\/nordnesrepublikken.no\/index.php\/2025\/07\/10\/luksus-yacht-horror-20-ar-gammelt-besetningsmedlem-myrdet-pa-bahamas\/\"},\"author\":{\"name\":\"Ole Andersen\",\"@id\":\"https:\/\/nordnesrepublikken.no\/#\/schema\/person\/2e7e81935bab77882fffb79296240ff1\"},\"headline\":\"Luksus yacht Horror: 20 \u00e5r gammelt besetningsmedlem myrdet p\u00e5 Bahamas\",\"datePublished\":\"2025-07-10T14:49:45+00:00\",\"dateModified\":\"2025-07-10T14:50:01+00:00\",\"mainEntityOfPage\":{\"@id\":\"https:\/\/nordnesrepublikken.no\/index.php\/2025\/07\/10\/luksus-yacht-horror-20-ar-gammelt-besetningsmedlem-myrdet-pa-bahamas\/\"},\"wordCount\":502,\"publisher\":{\"@id\":\"https:\/\/nordnesrepublikken.no\/#organization\"},\"image\":{\"@id\":\"https:\/\/nordnesrepublikken.no\/index.php\/2025\/07\/10\/luksus-yacht-horror-20-ar-gammelt-besetningsmedlem-myrdet-pa-bahamas\/#primaryimage\"},\"thumbnailUrl\":\"https:\/\/nordnesrepublikken.no\/wp-content\/uploads\/2025\/07\/1752158986_Luksus-yacht-Horror-20-ar-gammelt-besetningsmedlem-myrdet-pa-Bahamas.png\",\"keywords\":[\"\u00e5r\",\"Bahamas\",\"besetningsmedlem\",\"gammelt\",\"Horror\",\"Luksus\",\"myrdet\",\"p\u00e5\",\"Yacht\"],\"articleSection\":[\"Livsstil\"],\"inLanguage\":\"nb-NO\"},{\"@type\":\"WebPage\",\"@id\":\"https:\/\/nordnesrepublikken.no\/index.php\/2025\/07\/10\/luksus-yacht-horror-20-ar-gammelt-besetningsmedlem-myrdet-pa-bahamas\/\",\"url\":\"https:\/\/nordnesrepublikken.no\/index.php\/2025\/07\/10\/luksus-yacht-horror-20-ar-gammelt-besetningsmedlem-myrdet-pa-bahamas\/\",\"name\":\"Luksus yacht Horror: 20 \u00e5r gammelt besetningsmedlem myrdet p\u00e5 Bahamas - Nordnesrepublikken\",\"isPartOf\":{\"@id\":\"https:\/\/nordnesrepublikken.no\/#website\"},\"primaryImageOfPage\":{\"@id\":\"https:\/\/nordnesrepublikken.no\/index.php\/2025\/07\/10\/luksus-yacht-horror-20-ar-gammelt-besetningsmedlem-myrdet-pa-bahamas\/#primaryimage\"},\"image\":{\"@id\":\"https:\/\/nordnesrepublikken.no\/index.php\/2025\/07\/10\/luksus-yacht-horror-20-ar-gammelt-besetningsmedlem-myrdet-pa-bahamas\/#primaryimage\"},\"thumbnailUrl\":\"https:\/\/nordnesrepublikken.no\/wp-content\/uploads\/2025\/07\/1752158986_Luksus-yacht-Horror-20-ar-gammelt-besetningsmedlem-myrdet-pa-Bahamas.png\",\"datePublished\":\"2025-07-10T14:49:45+00:00\",\"dateModified\":\"2025-07-10T14:50:01+00:00\",\"breadcrumb\":{\"@id\":\"https:\/\/nordnesrepublikken.no\/index.php\/2025\/07\/10\/luksus-yacht-horror-20-ar-gammelt-besetningsmedlem-myrdet-pa-bahamas\/#breadcrumb\"},\"inLanguage\":\"nb-NO\",\"potentialAction\":[{\"@type\":\"ReadAction\",\"target\":[\"https:\/\/nordnesrepublikken.no\/index.php\/2025\/07\/10\/luksus-yacht-horror-20-ar-gammelt-besetningsmedlem-myrdet-pa-bahamas\/\"]}]},{\"@type\":\"ImageObject\",\"inLanguage\":\"nb-NO\",\"@id\":\"https:\/\/nordnesrepublikken.no\/index.php\/2025\/07\/10\/luksus-yacht-horror-20-ar-gammelt-besetningsmedlem-myrdet-pa-bahamas\/#primaryimage\",\"url\":\"https:\/\/nordnesrepublikken.no\/wp-content\/uploads\/2025\/07\/1752158986_Luksus-yacht-Horror-20-ar-gammelt-besetningsmedlem-myrdet-pa-Bahamas.png\",\"contentUrl\":\"https:\/\/nordnesrepublikken.no\/wp-content\/uploads\/2025\/07\/1752158986_Luksus-yacht-Horror-20-ar-gammelt-besetningsmedlem-myrdet-pa-Bahamas.png\",\"width\":1200,\"height\":926,\"caption\":\"Luksus yacht Horror: 20 \u00e5r gammelt besetningsmedlem myrdet p\u00e5 Bahamas\"},{\"@type\":\"BreadcrumbList\",\"@id\":\"https:\/\/nordnesrepublikken.no\/index.php\/2025\/07\/10\/luksus-yacht-horror-20-ar-gammelt-besetningsmedlem-myrdet-pa-bahamas\/#breadcrumb\",\"itemListElement\":[{\"@type\":\"ListItem\",\"position\":1,\"name\":\"Home\",\"item\":\"https:\/\/nordnesrepublikken.no\/\"},{\"@type\":\"ListItem\",\"position\":2,\"name\":\"Luksus yacht Horror: 20 \u00e5r gammelt besetningsmedlem myrdet p\u00e5 Bahamas\"}]},{\"@type\":\"WebSite\",\"@id\":\"https:\/\/nordnesrepublikken.no\/#website\",\"url\":\"https:\/\/nordnesrepublikken.no\/\",\"name\":\"Nordnesrepublikken\",\"description\":\"Stemmer og Visjoner fra Republikkens Hjerte\",\"publisher\":{\"@id\":\"https:\/\/nordnesrepublikken.no\/#organization\"},\"potentialAction\":[{\"@type\":\"SearchAction\",\"target\":{\"@type\":\"EntryPoint\",\"urlTemplate\":\"https:\/\/nordnesrepublikken.no\/?s={search_term_string}\"},\"query-input\":{\"@type\":\"PropertyValueSpecification\",\"valueRequired\":true,\"valueName\":\"search_term_string\"}}],\"inLanguage\":\"nb-NO\"},{\"@type\":\"Organization\",\"@id\":\"https:\/\/nordnesrepublikken.no\/#organization\",\"name\":\"Nordnesrepublikken\",\"url\":\"https:\/\/nordnesrepublikken.no\/\",\"logo\":{\"@type\":\"ImageObject\",\"inLanguage\":\"nb-NO\",\"@id\":\"https:\/\/nordnesrepublikken.no\/#\/schema\/logo\/image\/\",\"url\":\"https:\/\/nordnesrepublikken.no\/wp-content\/uploads\/2025\/02\/cropped-nordnesrepublikken-2.png\",\"contentUrl\":\"https:\/\/nordnesrepublikken.no\/wp-content\/uploads\/2025\/02\/cropped-nordnesrepublikken-2.png\",\"width\":1248,\"height\":362,\"caption\":\"Nordnesrepublikken\"},\"image\":{\"@id\":\"https:\/\/nordnesrepublikken.no\/#\/schema\/logo\/image\/\"}},{\"@type\":\"Person\",\"@id\":\"https:\/\/nordnesrepublikken.no\/#\/schema\/person\/2e7e81935bab77882fffb79296240ff1\",\"name\":\"Ole Andersen\",\"image\":{\"@type\":\"ImageObject\",\"inLanguage\":\"nb-NO\",\"@id\":\"https:\/\/nordnesrepublikken.no\/#\/schema\/person\/image\/\",\"url\":\"https:\/\/nordnesrepublikken.no\/wp-content\/uploads\/2025\/02\/nordnesrepublikken-2-2-150x150.jpg\",\"contentUrl\":\"https:\/\/nordnesrepublikken.no\/wp-content\/uploads\/2025\/02\/nordnesrepublikken-2-2-150x150.jpg\",\"caption\":\"Ole Andersen\"},\"description\":\"Ettersom jeg vokste opp i Oslo, har jeg alltid v\u00e6rt fascinert av ordenes kraft og deres evne til \u00e5 skape endringer. Etter \u00e5 ha fullf\u00f8rt min utdannelse i kommunikasjon ved Universitetet i Bergen, fikk jeg muligheten til \u00e5 jobbe innen ulike medier, der jeg har s\u00f8kt \u00e5 belyse viktige samfunnssp\u00f8rsm\u00e5l. I dag, som redakt\u00f8r for Nordnesrepublikken, pr\u00f8ver jeg \u00e5 forene min kj\u00e6rlighet for journalistikk med min lidenskap for innovasjon og eventyr.\",\"sameAs\":[\"https:\/\/nordnesrepublikken.no\/\"]}]}<\/script>\n<!-- \/ Yoast SEO plugin. -->","yoast_head_json":{"title":"Luksus yacht Horror: 20 \u00e5r gammelt besetningsmedlem myrdet p\u00e5 Bahamas - Nordnesrepublikken","robots":{"index":"index","follow":"follow","max-snippet":"max-snippet:-1","max-image-preview":"max-image-preview:large","max-video-preview":"max-video-preview:-1"},"canonical":"https:\/\/nordnesrepublikken.no\/index.php\/2025\/07\/10\/luksus-yacht-horror-20-ar-gammelt-besetningsmedlem-myrdet-pa-bahamas\/","og_locale":"nb_NO","og_type":"article","og_title":"Luksus yacht Horror: 20 \u00e5r gammelt besetningsmedlem myrdet p\u00e5 Bahamas - Nordnesrepublikken","og_description":"En 20 \u00e5r gammel s\u00f8rafrikansk kvinne er blitt myrdet ombord p\u00e5 en luksuri\u00f8s superyacht som","og_url":"https:\/\/nordnesrepublikken.no\/index.php\/2025\/07\/10\/luksus-yacht-horror-20-ar-gammelt-besetningsmedlem-myrdet-pa-bahamas\/","og_site_name":"Nordnesrepublikken","article_published_time":"2025-07-10T14:49:45+00:00","article_modified_time":"2025-07-10T14:50:01+00:00","og_image":[{"width":1200,"height":926,"url":"https:\/\/nordnesrepublikken.no\/wp-content\/uploads\/2025\/07\/1752158986_Luksus-yacht-Horror-20-ar-gammelt-besetningsmedlem-myrdet-pa-Bahamas.png","type":"image\/png"}],"author":"Ole Andersen","twitter_card":"summary_large_image","twitter_misc":{"Skrevet av":"Ole Andersen","Ansl. lesetid":"2 minutter"},"schema":{"@context":"https:\/\/schema.org","@graph":[{"@type":"Article","@id":"https:\/\/nordnesrepublikken.no\/index.php\/2025\/07\/10\/luksus-yacht-horror-20-ar-gammelt-besetningsmedlem-myrdet-pa-bahamas\/#article","isPartOf":{"@id":"https:\/\/nordnesrepublikken.no\/index.php\/2025\/07\/10\/luksus-yacht-horror-20-ar-gammelt-besetningsmedlem-myrdet-pa-bahamas\/"},"author":{"name":"Ole Andersen","@id":"https:\/\/nordnesrepublikken.no\/#\/schema\/person\/2e7e81935bab77882fffb79296240ff1"},"headline":"Luksus yacht Horror: 20 \u00e5r gammelt besetningsmedlem myrdet p\u00e5 Bahamas","datePublished":"2025-07-10T14:49:45+00:00","dateModified":"2025-07-10T14:50:01+00:00","mainEntityOfPage":{"@id":"https:\/\/nordnesrepublikken.no\/index.php\/2025\/07\/10\/luksus-yacht-horror-20-ar-gammelt-besetningsmedlem-myrdet-pa-bahamas\/"},"wordCount":502,"publisher":{"@id":"https:\/\/nordnesrepublikken.no\/#organization"},"image":{"@id":"https:\/\/nordnesrepublikken.no\/index.php\/2025\/07\/10\/luksus-yacht-horror-20-ar-gammelt-besetningsmedlem-myrdet-pa-bahamas\/#primaryimage"},"thumbnailUrl":"https:\/\/nordnesrepublikken.no\/wp-content\/uploads\/2025\/07\/1752158986_Luksus-yacht-Horror-20-ar-gammelt-besetningsmedlem-myrdet-pa-Bahamas.png","keywords":["\u00e5r","Bahamas","besetningsmedlem","gammelt","Horror","Luksus","myrdet","p\u00e5","Yacht"],"articleSection":["Livsstil"],"inLanguage":"nb-NO"},{"@type":"WebPage","@id":"https:\/\/nordnesrepublikken.no\/index.php\/2025\/07\/10\/luksus-yacht-horror-20-ar-gammelt-besetningsmedlem-myrdet-pa-bahamas\/","url":"https:\/\/nordnesrepublikken.no\/index.php\/2025\/07\/10\/luksus-yacht-horror-20-ar-gammelt-besetningsmedlem-myrdet-pa-bahamas\/","name":"Luksus yacht Horror: 20 \u00e5r gammelt besetningsmedlem myrdet p\u00e5 Bahamas - Nordnesrepublikken","isPartOf":{"@id":"https:\/\/nordnesrepublikken.no\/#website"},"primaryImageOfPage":{"@id":"https:\/\/nordnesrepublikken.no\/index.php\/2025\/07\/10\/luksus-yacht-horror-20-ar-gammelt-besetningsmedlem-myrdet-pa-bahamas\/#primaryimage"},"image":{"@id":"https:\/\/nordnesrepublikken.no\/index.php\/2025\/07\/10\/luksus-yacht-horror-20-ar-gammelt-besetningsmedlem-myrdet-pa-bahamas\/#primaryimage"},"thumbnailUrl":"https:\/\/nordnesrepublikken.no\/wp-content\/uploads\/2025\/07\/1752158986_Luksus-yacht-Horror-20-ar-gammelt-besetningsmedlem-myrdet-pa-Bahamas.png","datePublished":"2025-07-10T14:49:45+00:00","dateModified":"2025-07-10T14:50:01+00:00","breadcrumb":{"@id":"https:\/\/nordnesrepublikken.no\/index.php\/2025\/07\/10\/luksus-yacht-horror-20-ar-gammelt-besetningsmedlem-myrdet-pa-bahamas\/#breadcrumb"},"inLanguage":"nb-NO","potentialAction":[{"@type":"ReadAction","target":["https:\/\/nordnesrepublikken.no\/index.php\/2025\/07\/10\/luksus-yacht-horror-20-ar-gammelt-besetningsmedlem-myrdet-pa-bahamas\/"]}]},{"@type":"ImageObject","inLanguage":"nb-NO","@id":"https:\/\/nordnesrepublikken.no\/index.php\/2025\/07\/10\/luksus-yacht-horror-20-ar-gammelt-besetningsmedlem-myrdet-pa-bahamas\/#primaryimage","url":"https:\/\/nordnesrepublikken.no\/wp-content\/uploads\/2025\/07\/1752158986_Luksus-yacht-Horror-20-ar-gammelt-besetningsmedlem-myrdet-pa-Bahamas.png","contentUrl":"https:\/\/nordnesrepublikken.no\/wp-content\/uploads\/2025\/07\/1752158986_Luksus-yacht-Horror-20-ar-gammelt-besetningsmedlem-myrdet-pa-Bahamas.png","width":1200,"height":926,"caption":"Luksus yacht Horror: 20 \u00e5r gammelt besetningsmedlem myrdet p\u00e5 Bahamas"},{"@type":"BreadcrumbList","@id":"https:\/\/nordnesrepublikken.no\/index.php\/2025\/07\/10\/luksus-yacht-horror-20-ar-gammelt-besetningsmedlem-myrdet-pa-bahamas\/#breadcrumb","itemListElement":[{"@type":"ListItem","position":1,"name":"Home","item":"https:\/\/nordnesrepublikken.no\/"},{"@type":"ListItem","position":2,"name":"Luksus yacht Horror: 20 \u00e5r gammelt besetningsmedlem myrdet p\u00e5 Bahamas"}]},{"@type":"WebSite","@id":"https:\/\/nordnesrepublikken.no\/#website","url":"https:\/\/nordnesrepublikken.no\/","name":"Nordnesrepublikken","description":"Stemmer og Visjoner fra Republikkens Hjerte","publisher":{"@id":"https:\/\/nordnesrepublikken.no\/#organization"},"potentialAction":[{"@type":"SearchAction","target":{"@type":"EntryPoint","urlTemplate":"https:\/\/nordnesrepublikken.no\/?s={search_term_string}"},"query-input":{"@type":"PropertyValueSpecification","valueRequired":true,"valueName":"search_term_string"}}],"inLanguage":"nb-NO"},{"@type":"Organization","@id":"https:\/\/nordnesrepublikken.no\/#organization","name":"Nordnesrepublikken","url":"https:\/\/nordnesrepublikken.no\/","logo":{"@type":"ImageObject","inLanguage":"nb-NO","@id":"https:\/\/nordnesrepublikken.no\/#\/schema\/logo\/image\/","url":"https:\/\/nordnesrepublikken.no\/wp-content\/uploads\/2025\/02\/cropped-nordnesrepublikken-2.png","contentUrl":"https:\/\/nordnesrepublikken.no\/wp-content\/uploads\/2025\/02\/cropped-nordnesrepublikken-2.png","width":1248,"height":362,"caption":"Nordnesrepublikken"},"image":{"@id":"https:\/\/nordnesrepublikken.no\/#\/schema\/logo\/image\/"}},{"@type":"Person","@id":"https:\/\/nordnesrepublikken.no\/#\/schema\/person\/2e7e81935bab77882fffb79296240ff1","name":"Ole Andersen","image":{"@type":"ImageObject","inLanguage":"nb-NO","@id":"https:\/\/nordnesrepublikken.no\/#\/schema\/person\/image\/","url":"https:\/\/nordnesrepublikken.no\/wp-content\/uploads\/2025\/02\/nordnesrepublikken-2-2-150x150.jpg","contentUrl":"https:\/\/nordnesrepublikken.no\/wp-content\/uploads\/2025\/02\/nordnesrepublikken-2-2-150x150.jpg","caption":"Ole Andersen"},"description":"Ettersom jeg vokste opp i Oslo, har jeg alltid v\u00e6rt fascinert av ordenes kraft og deres evne til \u00e5 skape endringer. Etter \u00e5 ha fullf\u00f8rt min utdannelse i kommunikasjon ved Universitetet i Bergen, fikk jeg muligheten til \u00e5 jobbe innen ulike medier, der jeg har s\u00f8kt \u00e5 belyse viktige samfunnssp\u00f8rsm\u00e5l. I dag, som redakt\u00f8r for Nordnesrepublikken, pr\u00f8ver jeg \u00e5 forene min kj\u00e6rlighet for journalistikk med min lidenskap for innovasjon og eventyr.","sameAs":["https:\/\/nordnesrepublikken.no\/"]}]}},"_links":{"self":[{"href":"https:\/\/nordnesrepublikken.no\/index.php\/wp-json\/wp\/v2\/posts\/6834","targetHints":{"allow":["GET"]}}],"collection":[{"href":"https:\/\/nordnesrepublikken.no\/index.php\/wp-json\/wp\/v2\/posts"}],"about":[{"href":"https:\/\/nordnesrepublikken.no\/index.php\/wp-json\/wp\/v2\/types\/post"}],"author":[{"embeddable":true,"href":"https:\/\/nordnesrepublikken.no\/index.php\/wp-json\/wp\/v2\/users\/1"}],"replies":[{"embeddable":true,"href":"https:\/\/nordnesrepublikken.no\/index.php\/wp-json\/wp\/v2\/comments?post=6834"}],"version-history":[{"count":1,"href":"https:\/\/nordnesrepublikken.no\/index.php\/wp-json\/wp\/v2\/posts\/6834\/revisions"}],"predecessor-version":[{"id":6836,"href":"https:\/\/nordnesrepublikken.no\/index.php\/wp-json\/wp\/v2\/posts\/6834\/revisions\/6836"}],"wp:featuredmedia":[{"embeddable":true,"href":"https:\/\/nordnesrepublikken.no\/index.php\/wp-json\/wp\/v2\/media\/6835"}],"wp:attachment":[{"href":"https:\/\/nordnesrepublikken.no\/index.php\/wp-json\/wp\/v2\/media?parent=6834"}],"wp:term":[{"taxonomy":"category","embeddable":true,"href":"https:\/\/nordnesrepublikken.no\/index.php\/wp-json\/wp\/v2\/categories?post=6834"},{"taxonomy":"post_tag","embeddable":true,"href":"https:\/\/nordnesrepublikken.no\/index.php\/wp-json\/wp\/v2\/tags?post=6834"}],"curies":[{"name":"wp","href":"https:\/\/api.w.org\/{rel}","templated":true}]}}