{"id":6825,"date":"2025-07-10T10:49:32","date_gmt":"2025-07-10T08:49:32","guid":{"rendered":"https:\/\/nordnesrepublikken.no\/index.php\/2025\/07\/10\/som-kommer-pa-ferie-i-bel-paese-og-hvor-italienere-drar-til-utlandet\/"},"modified":"2025-07-10T10:49:33","modified_gmt":"2025-07-10T08:49:33","slug":"som-kommer-pa-ferie-i-bel-paese-og-hvor-italienere-drar-til-utlandet","status":"publish","type":"post","link":"https:\/\/nordnesrepublikken.no\/index.php\/2025\/07\/10\/som-kommer-pa-ferie-i-bel-paese-og-hvor-italienere-drar-til-utlandet\/","title":{"rendered":"Som kommer p\u00e5 ferie i Bel Paese og hvor italienere drar til utlandet"},"content":{"rendered":"<div>\n<div class=\"cp_wrapper cp_wrapper--fw mb-30 mb-20@tablet\">\n<figure class=\"mm\"><picture class=\"img\" style=\"padding-top:56.25%\"><source  media=\"(min-width: 1024px)\"><source  media=\"(min-width: 768px)\"><\/source><\/source><\/picture><\/figure>\n<\/p><\/div>\n<p>Etter pandemien vokser turismen i Italia igjen. Men hvem kommer inn <strong>Ferie i Italia?<\/strong> De <strong>Italiensk<\/strong> I stedet, <strong>Hvor g\u00e5r de?<\/strong> Etter de m\u00f8rke \u00e5rene av pandemien har internasjonal turisme i Italia kommet tilbake for \u00e5 skinne. Dette er hva tallene p\u00e5<em>International Tourism Survey 2024<\/em> nettopp publisert av <em>Bank av Italia<\/em>. De <strong>Inntekter fra turisme<\/strong> Internasjonalt i 2024 i Italia var det lik<strong>1% av BNP<\/strong>. Dette betyr at forskjellen mellom inntektene vi f\u00e5r fra utenlandske bes\u00f8kende og utgiftene til italienere p\u00e5 ferie i utlandet har v\u00e6rt lik 21 milliarder euro. Tall som bekrefter den varige sjarmen til Italia og den \u00f8konomiske viktigheten av internasjonal turisme i landet v\u00e5rt. Faktisk er ikke for alle landinntekter fra internasjonal turisme positive, for eksempel tiltrekker Tyskland og Belgia mye mindre turister enn de som produserer dem. Dermed registrerer en negativ balanse. <strong>Italia i denne sektoren er plassert over det europeiske gjennomsnittet.<\/strong><\/p>\n<p>I Italia kommer turister som kommer for h\u00f8ytiden hovedsakelig fra USA, Tyskland, Frankrike, Spania, Storbritannia, Brasil, S\u00f8r -Korea, Portugal og Canada, mens det mest popul\u00e6re destinasjonen av italienerne er Spania.<\/p>\n<h2><strong>Hvem kommer p\u00e5 ferie i Italia? Turisme i landet v\u00e5rt<\/strong><\/h2>\n<div class=\"cp_wrapper cp_wrapper--fw mb-50\">\n<figure class=\"mm\"><picture class=\"img\" style=\"padding-top:56.231807356444%\"><source  media=\"(min-width: 1024px)\"><source  media=\"(min-width: 768px)\"><img decoding=\"async\" loading=\"lazy\" src=\"https:\/\/nordnesrepublikken.no\/wp-content\/uploads\/2025\/07\/Som-kommer-pa-ferie-i-Bel-Paese-og-hvor-italienere.jpeg\" alt=\"Bilde\" width=\"3779\" height=\"2125\"><\/source><\/source><\/picture><\/figure>\n<\/p><\/div>\n<p>Det er fra <strong>Tyskland<\/strong> som g\u00e5r inn i det h\u00f8yeste antallet av <strong>Utenlandske reisende i Italia<\/strong>. Nesten 10 millioner er tyskerne som har bodd minst en natt p\u00e5 italiensk jord i 2024, og 2,5 millioner de som har passert oss forbi, og f\u00f8rt inn i kistene i landet v\u00e5rt mer enn <strong>8,5 milliarder euro<\/strong>.<\/p>\n<p>Etter rangeringen av land etter antall reisende er det andre europeiske nasjoner: Storbritannia, Frankrike og Spania. Men ingen av disse landene n\u00e5r tallene vi f\u00e5r fra reisene til amerikanske borgere i Italia. De <strong>USA<\/strong> Jeg er <strong>Femte som en rekke reisende, men sekunder for samlede utgifter<\/strong> med over 6 milliarder euro. Canada faller ogs\u00e5 innenfor denne rangeringen, og dessuten med antall i veldig sterk vekst sammenlignet med tidligere \u00e5r. Faktisk \u00f8kte utgiftene til kanadierne i Italia for turisme med 28%.<\/p>\n<p>Hoved\u00e5rsaken som presser utenlandske turister til \u00e5 komme til Italia er fortsatt den mest klassiske:<strong> Kulturferien<\/strong>. Over halvparten av ferieutgiftene er faktisk ment for opphold i <strong>Kunstby<\/strong>bekrefter forresten til v\u00e5r historiske og kunstneriske arv. F\u00f8lg h\u00f8ytiden p\u00e5 <strong>sj\u00f8<\/strong>selv om badedestinasjonene viser et lite fall sammenlignet med tidligere \u00e5r, i motsetning til opphold p\u00e5 steder med<strong> fjell<\/strong> og p\u00e5 i <strong>innsj\u00f8er<\/strong>som fortsetter \u00e5 vokse i popularitet.<\/p>\n<p>Hvis s\u00e5 stor er kj\u00e6rligheten til internasjonale turister til v\u00e5r kunstneriske arv, vil det ikke bli overrasket over \u00e5 vite at det er <strong>Sentral -Italia omr\u00e5det som tiltrekker seg det st\u00f8rste antallet turister<\/strong> (27,4%), med <strong>Roma<\/strong> Og <strong>Firenze<\/strong> Nydelige eksempler hvis vi snakker om kunstbyen. Nord-vest f\u00f8lger med 26% av tiltrukket turister og nord-\u00f8st med 25,6%. Endelig er det s\u00f8r og \u00f8yene med 18,2%. Det er klart utenlandske turister enn\u00e5 ikke fullstendig oppdaget den naturlige skj\u00f8nnheten og byene s\u00f8r i landet v\u00e5rt.<\/p>\n<h2><strong>Og hvor g\u00e5r italienerne p\u00e5 ferie? V\u00e5r internasjonale turisme<\/strong><\/h2>\n<div class=\"cp_wrapper cp_wrapper--fw mb-50\">\n<figure class=\"mm\"><picture class=\"img\" style=\"padding-top:56.231807356444%\"><source  media=\"(min-width: 1024px)\"><source  media=\"(min-width: 768px)\"><img decoding=\"async\" loading=\"lazy\" src=\"https:\/\/nordnesrepublikken.no\/wp-content\/uploads\/2025\/07\/1752137372_696_Som-kommer-pa-ferie-i-Bel-Paese-og-hvor-italienere.jpeg\" alt=\"Bilde\" width=\"3779\" height=\"2125\" class=\"js-seedtag-img\"><\/source><\/source><\/picture><\/figure>\n<\/p><\/div>\n<p>Det er <strong>Spania<\/strong> Destinasjonen som er mest valgt av innbyggerne i Italia for et opphold i utlandet, for \u00e5 f\u00f8lge <strong>Frankrike<\/strong> og <strong>Tyskland<\/strong>. Skj\u00f8nnheten i \u00f8yene i <strong>Hellas<\/strong> sl\u00e5 det fjerne <strong>USA,<\/strong> Og rangeringen kommer ogs\u00e5 inn i stillingen<strong>Egypt<\/strong>.<\/p>\n<p><strong>Sveitsisk<\/strong>, <strong>\u00d8sterrike<\/strong> Og <strong>Slovenia<\/strong> Det er stort sett passeringsland mot andre destinasjoner, som Frankrike eller Tyskland. N\u00e5r de ser p\u00e5 det totale antallet reisende, n\u00e5r disse tre landene veldig h\u00f8ye antall (til og med mer enn 10 millioner). Verdier som er drastisk redusert ved \u00e5 se p\u00e5 de som holder seg minst en natt, som rapportert i grafen.<\/p>\n<p>I tillegg har italienske reisende \u00f8kt i asiatiske land (f\u00f8rst og fremst <strong>Japan<\/strong>men ogs\u00e5 <strong>Kina<\/strong> Og <strong>Thailand<\/strong>). Rapporten forteller oss ogs\u00e5 at den er mer enn doblet utgiftene til italienere for \u00e5 reise inn <strong>Arabia<\/strong> <strong>Saudi<\/strong>som er utenkelig inntil for noen \u00e5r siden og sannsynligvis stimulert av de nye luftveiene og det voksende turisttilbudet.<\/p>\n<p>Vi m\u00e5 vente et \u00e5r for \u00e5 finne ut resultatene fra 2025, men lokalene som er igjen av denne rapporten p\u00e5 2024 gj\u00f8r oss til h\u00e5p. I f\u00f8lge European Travel Commission er Italia turistm\u00e5let som vokser mer i Europa og gir en \u00f8kning p\u00e5 rundt 13% p\u00e5 internasjonale ankomster. Hvis forventningene ble respektert, lover sommeren \u00e5 v\u00e6re ganske l\u00f8nnsomme.<\/p>\n<\/p><\/div>\n","protected":false},"excerpt":{"rendered":"<p>Etter pandemien vokser turismen i Italia igjen. Men hvem kommer inn Ferie i Italia? De<\/p>\n","protected":false},"author":1,"featured_media":6826,"comment_status":"closed","ping_status":"open","sticky":false,"template":"","format":"standard","meta":{"footnotes":""},"categories":[104],"tags":[4393,4395,124,449,4073,1046,81,4394,31,117,2258],"class_list":["post-6825","post","type-post","status-publish","format-standard","has-post-thumbnail","hentry","category-samfunn","tag-bel","tag-drar","tag-ferie","tag-hvor","tag-italienere","tag-kommer","tag-pa","tag-paese","tag-som","tag-til","tag-utlandet","generate-columns","tablet-grid-50","mobile-grid-100","grid-parent","grid-33","resize-featured-image"],"yoast_head":"<!-- This site is optimized with the Yoast SEO plugin v24.4 - https:\/\/yoast.com\/wordpress\/plugins\/seo\/ -->\n<title>Som kommer p\u00e5 ferie i Bel Paese og hvor italienere drar til utlandet - Nordnesrepublikken<\/title>\n<meta name=\"robots\" content=\"index, follow, max-snippet:-1, max-image-preview:large, max-video-preview:-1\" \/>\n<link rel=\"canonical\" href=\"https:\/\/nordnesrepublikken.no\/index.php\/2025\/07\/10\/som-kommer-pa-ferie-i-bel-paese-og-hvor-italienere-drar-til-utlandet\/\" \/>\n<meta property=\"og:locale\" content=\"nb_NO\" \/>\n<meta property=\"og:type\" content=\"article\" \/>\n<meta property=\"og:title\" content=\"Som kommer p\u00e5 ferie i Bel Paese og hvor italienere drar til utlandet - Nordnesrepublikken\" \/>\n<meta property=\"og:description\" content=\"Etter pandemien vokser turismen i Italia igjen. Men hvem kommer inn Ferie i Italia? De\" \/>\n<meta property=\"og:url\" content=\"https:\/\/nordnesrepublikken.no\/index.php\/2025\/07\/10\/som-kommer-pa-ferie-i-bel-paese-og-hvor-italienere-drar-til-utlandet\/\" \/>\n<meta property=\"og:site_name\" content=\"Nordnesrepublikken\" \/>\n<meta property=\"article:published_time\" content=\"2025-07-10T08:49:32+00:00\" \/>\n<meta property=\"article:modified_time\" content=\"2025-07-10T08:49:33+00:00\" \/>\n<meta property=\"og:image\" content=\"https:\/\/nordnesrepublikken.no\/wp-content\/uploads\/2025\/07\/1752137372_Som-kommer-pa-ferie-i-Bel-Paese-og-hvor-italienere.jpg\" \/>\n\t<meta property=\"og:image:width\" content=\"1254\" \/>\n\t<meta property=\"og:image:height\" content=\"837\" \/>\n\t<meta property=\"og:image:type\" content=\"image\/jpeg\" \/>\n<meta name=\"author\" content=\"Ole Andersen\" \/>\n<meta name=\"twitter:card\" content=\"summary_large_image\" \/>\n<meta name=\"twitter:label1\" content=\"Skrevet av\" \/>\n\t<meta name=\"twitter:data1\" content=\"Ole Andersen\" \/>\n\t<meta name=\"twitter:label2\" content=\"Ansl. lesetid\" \/>\n\t<meta name=\"twitter:data2\" content=\"4 minutter\" \/>\n<script type=\"application\/ld+json\" class=\"yoast-schema-graph\">{\"@context\":\"https:\/\/schema.org\",\"@graph\":[{\"@type\":\"Article\",\"@id\":\"https:\/\/nordnesrepublikken.no\/index.php\/2025\/07\/10\/som-kommer-pa-ferie-i-bel-paese-og-hvor-italienere-drar-til-utlandet\/#article\",\"isPartOf\":{\"@id\":\"https:\/\/nordnesrepublikken.no\/index.php\/2025\/07\/10\/som-kommer-pa-ferie-i-bel-paese-og-hvor-italienere-drar-til-utlandet\/\"},\"author\":{\"name\":\"Ole Andersen\",\"@id\":\"https:\/\/nordnesrepublikken.no\/#\/schema\/person\/2e7e81935bab77882fffb79296240ff1\"},\"headline\":\"Som kommer p\u00e5 ferie i Bel Paese og hvor italienere drar til utlandet\",\"datePublished\":\"2025-07-10T08:49:32+00:00\",\"dateModified\":\"2025-07-10T08:49:33+00:00\",\"mainEntityOfPage\":{\"@id\":\"https:\/\/nordnesrepublikken.no\/index.php\/2025\/07\/10\/som-kommer-pa-ferie-i-bel-paese-og-hvor-italienere-drar-til-utlandet\/\"},\"wordCount\":721,\"publisher\":{\"@id\":\"https:\/\/nordnesrepublikken.no\/#organization\"},\"image\":{\"@id\":\"https:\/\/nordnesrepublikken.no\/index.php\/2025\/07\/10\/som-kommer-pa-ferie-i-bel-paese-og-hvor-italienere-drar-til-utlandet\/#primaryimage\"},\"thumbnailUrl\":\"https:\/\/nordnesrepublikken.no\/wp-content\/uploads\/2025\/07\/1752137372_Som-kommer-pa-ferie-i-Bel-Paese-og-hvor-italienere.jpg\",\"keywords\":[\"Bel\",\"drar\",\"ferie\",\"hvor\",\"italienere\",\"kommer\",\"p\u00e5\",\"Paese\",\"som\",\"til\",\"utlandet\"],\"articleSection\":[\"Samfunn\"],\"inLanguage\":\"nb-NO\"},{\"@type\":\"WebPage\",\"@id\":\"https:\/\/nordnesrepublikken.no\/index.php\/2025\/07\/10\/som-kommer-pa-ferie-i-bel-paese-og-hvor-italienere-drar-til-utlandet\/\",\"url\":\"https:\/\/nordnesrepublikken.no\/index.php\/2025\/07\/10\/som-kommer-pa-ferie-i-bel-paese-og-hvor-italienere-drar-til-utlandet\/\",\"name\":\"Som kommer p\u00e5 ferie i Bel Paese og hvor italienere drar til utlandet - Nordnesrepublikken\",\"isPartOf\":{\"@id\":\"https:\/\/nordnesrepublikken.no\/#website\"},\"primaryImageOfPage\":{\"@id\":\"https:\/\/nordnesrepublikken.no\/index.php\/2025\/07\/10\/som-kommer-pa-ferie-i-bel-paese-og-hvor-italienere-drar-til-utlandet\/#primaryimage\"},\"image\":{\"@id\":\"https:\/\/nordnesrepublikken.no\/index.php\/2025\/07\/10\/som-kommer-pa-ferie-i-bel-paese-og-hvor-italienere-drar-til-utlandet\/#primaryimage\"},\"thumbnailUrl\":\"https:\/\/nordnesrepublikken.no\/wp-content\/uploads\/2025\/07\/1752137372_Som-kommer-pa-ferie-i-Bel-Paese-og-hvor-italienere.jpg\",\"datePublished\":\"2025-07-10T08:49:32+00:00\",\"dateModified\":\"2025-07-10T08:49:33+00:00\",\"breadcrumb\":{\"@id\":\"https:\/\/nordnesrepublikken.no\/index.php\/2025\/07\/10\/som-kommer-pa-ferie-i-bel-paese-og-hvor-italienere-drar-til-utlandet\/#breadcrumb\"},\"inLanguage\":\"nb-NO\",\"potentialAction\":[{\"@type\":\"ReadAction\",\"target\":[\"https:\/\/nordnesrepublikken.no\/index.php\/2025\/07\/10\/som-kommer-pa-ferie-i-bel-paese-og-hvor-italienere-drar-til-utlandet\/\"]}]},{\"@type\":\"ImageObject\",\"inLanguage\":\"nb-NO\",\"@id\":\"https:\/\/nordnesrepublikken.no\/index.php\/2025\/07\/10\/som-kommer-pa-ferie-i-bel-paese-og-hvor-italienere-drar-til-utlandet\/#primaryimage\",\"url\":\"https:\/\/nordnesrepublikken.no\/wp-content\/uploads\/2025\/07\/1752137372_Som-kommer-pa-ferie-i-Bel-Paese-og-hvor-italienere.jpg\",\"contentUrl\":\"https:\/\/nordnesrepublikken.no\/wp-content\/uploads\/2025\/07\/1752137372_Som-kommer-pa-ferie-i-Bel-Paese-og-hvor-italienere.jpg\",\"width\":1254,\"height\":837,\"caption\":\"turismo italia chi viene dove vanno gli italiani\"},{\"@type\":\"BreadcrumbList\",\"@id\":\"https:\/\/nordnesrepublikken.no\/index.php\/2025\/07\/10\/som-kommer-pa-ferie-i-bel-paese-og-hvor-italienere-drar-til-utlandet\/#breadcrumb\",\"itemListElement\":[{\"@type\":\"ListItem\",\"position\":1,\"name\":\"Home\",\"item\":\"https:\/\/nordnesrepublikken.no\/\"},{\"@type\":\"ListItem\",\"position\":2,\"name\":\"Som kommer p\u00e5 ferie i Bel Paese og hvor italienere drar til utlandet\"}]},{\"@type\":\"WebSite\",\"@id\":\"https:\/\/nordnesrepublikken.no\/#website\",\"url\":\"https:\/\/nordnesrepublikken.no\/\",\"name\":\"Nordnesrepublikken\",\"description\":\"Stemmer og Visjoner fra Republikkens Hjerte\",\"publisher\":{\"@id\":\"https:\/\/nordnesrepublikken.no\/#organization\"},\"potentialAction\":[{\"@type\":\"SearchAction\",\"target\":{\"@type\":\"EntryPoint\",\"urlTemplate\":\"https:\/\/nordnesrepublikken.no\/?s={search_term_string}\"},\"query-input\":{\"@type\":\"PropertyValueSpecification\",\"valueRequired\":true,\"valueName\":\"search_term_string\"}}],\"inLanguage\":\"nb-NO\"},{\"@type\":\"Organization\",\"@id\":\"https:\/\/nordnesrepublikken.no\/#organization\",\"name\":\"Nordnesrepublikken\",\"url\":\"https:\/\/nordnesrepublikken.no\/\",\"logo\":{\"@type\":\"ImageObject\",\"inLanguage\":\"nb-NO\",\"@id\":\"https:\/\/nordnesrepublikken.no\/#\/schema\/logo\/image\/\",\"url\":\"https:\/\/nordnesrepublikken.no\/wp-content\/uploads\/2025\/02\/cropped-nordnesrepublikken-2.png\",\"contentUrl\":\"https:\/\/nordnesrepublikken.no\/wp-content\/uploads\/2025\/02\/cropped-nordnesrepublikken-2.png\",\"width\":1248,\"height\":362,\"caption\":\"Nordnesrepublikken\"},\"image\":{\"@id\":\"https:\/\/nordnesrepublikken.no\/#\/schema\/logo\/image\/\"}},{\"@type\":\"Person\",\"@id\":\"https:\/\/nordnesrepublikken.no\/#\/schema\/person\/2e7e81935bab77882fffb79296240ff1\",\"name\":\"Ole Andersen\",\"image\":{\"@type\":\"ImageObject\",\"inLanguage\":\"nb-NO\",\"@id\":\"https:\/\/nordnesrepublikken.no\/#\/schema\/person\/image\/\",\"url\":\"https:\/\/nordnesrepublikken.no\/wp-content\/uploads\/2025\/02\/nordnesrepublikken-2-2-150x150.jpg\",\"contentUrl\":\"https:\/\/nordnesrepublikken.no\/wp-content\/uploads\/2025\/02\/nordnesrepublikken-2-2-150x150.jpg\",\"caption\":\"Ole Andersen\"},\"description\":\"Ettersom jeg vokste opp i Oslo, har jeg alltid v\u00e6rt fascinert av ordenes kraft og deres evne til \u00e5 skape endringer. Etter \u00e5 ha fullf\u00f8rt min utdannelse i kommunikasjon ved Universitetet i Bergen, fikk jeg muligheten til \u00e5 jobbe innen ulike medier, der jeg har s\u00f8kt \u00e5 belyse viktige samfunnssp\u00f8rsm\u00e5l. I dag, som redakt\u00f8r for Nordnesrepublikken, pr\u00f8ver jeg \u00e5 forene min kj\u00e6rlighet for journalistikk med min lidenskap for innovasjon og eventyr.\",\"sameAs\":[\"https:\/\/nordnesrepublikken.no\/\"]}]}<\/script>\n<!-- \/ Yoast SEO plugin. -->","yoast_head_json":{"title":"Som kommer p\u00e5 ferie i Bel Paese og hvor italienere drar til utlandet - Nordnesrepublikken","robots":{"index":"index","follow":"follow","max-snippet":"max-snippet:-1","max-image-preview":"max-image-preview:large","max-video-preview":"max-video-preview:-1"},"canonical":"https:\/\/nordnesrepublikken.no\/index.php\/2025\/07\/10\/som-kommer-pa-ferie-i-bel-paese-og-hvor-italienere-drar-til-utlandet\/","og_locale":"nb_NO","og_type":"article","og_title":"Som kommer p\u00e5 ferie i Bel Paese og hvor italienere drar til utlandet - Nordnesrepublikken","og_description":"Etter pandemien vokser turismen i Italia igjen. Men hvem kommer inn Ferie i Italia? De","og_url":"https:\/\/nordnesrepublikken.no\/index.php\/2025\/07\/10\/som-kommer-pa-ferie-i-bel-paese-og-hvor-italienere-drar-til-utlandet\/","og_site_name":"Nordnesrepublikken","article_published_time":"2025-07-10T08:49:32+00:00","article_modified_time":"2025-07-10T08:49:33+00:00","og_image":[{"width":1254,"height":837,"url":"https:\/\/nordnesrepublikken.no\/wp-content\/uploads\/2025\/07\/1752137372_Som-kommer-pa-ferie-i-Bel-Paese-og-hvor-italienere.jpg","type":"image\/jpeg"}],"author":"Ole Andersen","twitter_card":"summary_large_image","twitter_misc":{"Skrevet av":"Ole Andersen","Ansl. lesetid":"4 minutter"},"schema":{"@context":"https:\/\/schema.org","@graph":[{"@type":"Article","@id":"https:\/\/nordnesrepublikken.no\/index.php\/2025\/07\/10\/som-kommer-pa-ferie-i-bel-paese-og-hvor-italienere-drar-til-utlandet\/#article","isPartOf":{"@id":"https:\/\/nordnesrepublikken.no\/index.php\/2025\/07\/10\/som-kommer-pa-ferie-i-bel-paese-og-hvor-italienere-drar-til-utlandet\/"},"author":{"name":"Ole Andersen","@id":"https:\/\/nordnesrepublikken.no\/#\/schema\/person\/2e7e81935bab77882fffb79296240ff1"},"headline":"Som kommer p\u00e5 ferie i Bel Paese og hvor italienere drar til utlandet","datePublished":"2025-07-10T08:49:32+00:00","dateModified":"2025-07-10T08:49:33+00:00","mainEntityOfPage":{"@id":"https:\/\/nordnesrepublikken.no\/index.php\/2025\/07\/10\/som-kommer-pa-ferie-i-bel-paese-og-hvor-italienere-drar-til-utlandet\/"},"wordCount":721,"publisher":{"@id":"https:\/\/nordnesrepublikken.no\/#organization"},"image":{"@id":"https:\/\/nordnesrepublikken.no\/index.php\/2025\/07\/10\/som-kommer-pa-ferie-i-bel-paese-og-hvor-italienere-drar-til-utlandet\/#primaryimage"},"thumbnailUrl":"https:\/\/nordnesrepublikken.no\/wp-content\/uploads\/2025\/07\/1752137372_Som-kommer-pa-ferie-i-Bel-Paese-og-hvor-italienere.jpg","keywords":["Bel","drar","ferie","hvor","italienere","kommer","p\u00e5","Paese","som","til","utlandet"],"articleSection":["Samfunn"],"inLanguage":"nb-NO"},{"@type":"WebPage","@id":"https:\/\/nordnesrepublikken.no\/index.php\/2025\/07\/10\/som-kommer-pa-ferie-i-bel-paese-og-hvor-italienere-drar-til-utlandet\/","url":"https:\/\/nordnesrepublikken.no\/index.php\/2025\/07\/10\/som-kommer-pa-ferie-i-bel-paese-og-hvor-italienere-drar-til-utlandet\/","name":"Som kommer p\u00e5 ferie i Bel Paese og hvor italienere drar til utlandet - Nordnesrepublikken","isPartOf":{"@id":"https:\/\/nordnesrepublikken.no\/#website"},"primaryImageOfPage":{"@id":"https:\/\/nordnesrepublikken.no\/index.php\/2025\/07\/10\/som-kommer-pa-ferie-i-bel-paese-og-hvor-italienere-drar-til-utlandet\/#primaryimage"},"image":{"@id":"https:\/\/nordnesrepublikken.no\/index.php\/2025\/07\/10\/som-kommer-pa-ferie-i-bel-paese-og-hvor-italienere-drar-til-utlandet\/#primaryimage"},"thumbnailUrl":"https:\/\/nordnesrepublikken.no\/wp-content\/uploads\/2025\/07\/1752137372_Som-kommer-pa-ferie-i-Bel-Paese-og-hvor-italienere.jpg","datePublished":"2025-07-10T08:49:32+00:00","dateModified":"2025-07-10T08:49:33+00:00","breadcrumb":{"@id":"https:\/\/nordnesrepublikken.no\/index.php\/2025\/07\/10\/som-kommer-pa-ferie-i-bel-paese-og-hvor-italienere-drar-til-utlandet\/#breadcrumb"},"inLanguage":"nb-NO","potentialAction":[{"@type":"ReadAction","target":["https:\/\/nordnesrepublikken.no\/index.php\/2025\/07\/10\/som-kommer-pa-ferie-i-bel-paese-og-hvor-italienere-drar-til-utlandet\/"]}]},{"@type":"ImageObject","inLanguage":"nb-NO","@id":"https:\/\/nordnesrepublikken.no\/index.php\/2025\/07\/10\/som-kommer-pa-ferie-i-bel-paese-og-hvor-italienere-drar-til-utlandet\/#primaryimage","url":"https:\/\/nordnesrepublikken.no\/wp-content\/uploads\/2025\/07\/1752137372_Som-kommer-pa-ferie-i-Bel-Paese-og-hvor-italienere.jpg","contentUrl":"https:\/\/nordnesrepublikken.no\/wp-content\/uploads\/2025\/07\/1752137372_Som-kommer-pa-ferie-i-Bel-Paese-og-hvor-italienere.jpg","width":1254,"height":837,"caption":"turismo italia chi viene dove vanno gli italiani"},{"@type":"BreadcrumbList","@id":"https:\/\/nordnesrepublikken.no\/index.php\/2025\/07\/10\/som-kommer-pa-ferie-i-bel-paese-og-hvor-italienere-drar-til-utlandet\/#breadcrumb","itemListElement":[{"@type":"ListItem","position":1,"name":"Home","item":"https:\/\/nordnesrepublikken.no\/"},{"@type":"ListItem","position":2,"name":"Som kommer p\u00e5 ferie i Bel Paese og hvor italienere drar til utlandet"}]},{"@type":"WebSite","@id":"https:\/\/nordnesrepublikken.no\/#website","url":"https:\/\/nordnesrepublikken.no\/","name":"Nordnesrepublikken","description":"Stemmer og Visjoner fra Republikkens Hjerte","publisher":{"@id":"https:\/\/nordnesrepublikken.no\/#organization"},"potentialAction":[{"@type":"SearchAction","target":{"@type":"EntryPoint","urlTemplate":"https:\/\/nordnesrepublikken.no\/?s={search_term_string}"},"query-input":{"@type":"PropertyValueSpecification","valueRequired":true,"valueName":"search_term_string"}}],"inLanguage":"nb-NO"},{"@type":"Organization","@id":"https:\/\/nordnesrepublikken.no\/#organization","name":"Nordnesrepublikken","url":"https:\/\/nordnesrepublikken.no\/","logo":{"@type":"ImageObject","inLanguage":"nb-NO","@id":"https:\/\/nordnesrepublikken.no\/#\/schema\/logo\/image\/","url":"https:\/\/nordnesrepublikken.no\/wp-content\/uploads\/2025\/02\/cropped-nordnesrepublikken-2.png","contentUrl":"https:\/\/nordnesrepublikken.no\/wp-content\/uploads\/2025\/02\/cropped-nordnesrepublikken-2.png","width":1248,"height":362,"caption":"Nordnesrepublikken"},"image":{"@id":"https:\/\/nordnesrepublikken.no\/#\/schema\/logo\/image\/"}},{"@type":"Person","@id":"https:\/\/nordnesrepublikken.no\/#\/schema\/person\/2e7e81935bab77882fffb79296240ff1","name":"Ole Andersen","image":{"@type":"ImageObject","inLanguage":"nb-NO","@id":"https:\/\/nordnesrepublikken.no\/#\/schema\/person\/image\/","url":"https:\/\/nordnesrepublikken.no\/wp-content\/uploads\/2025\/02\/nordnesrepublikken-2-2-150x150.jpg","contentUrl":"https:\/\/nordnesrepublikken.no\/wp-content\/uploads\/2025\/02\/nordnesrepublikken-2-2-150x150.jpg","caption":"Ole Andersen"},"description":"Ettersom jeg vokste opp i Oslo, har jeg alltid v\u00e6rt fascinert av ordenes kraft og deres evne til \u00e5 skape endringer. Etter \u00e5 ha fullf\u00f8rt min utdannelse i kommunikasjon ved Universitetet i Bergen, fikk jeg muligheten til \u00e5 jobbe innen ulike medier, der jeg har s\u00f8kt \u00e5 belyse viktige samfunnssp\u00f8rsm\u00e5l. I dag, som redakt\u00f8r for Nordnesrepublikken, pr\u00f8ver jeg \u00e5 forene min kj\u00e6rlighet for journalistikk med min lidenskap for innovasjon og eventyr.","sameAs":["https:\/\/nordnesrepublikken.no\/"]}]}},"_links":{"self":[{"href":"https:\/\/nordnesrepublikken.no\/index.php\/wp-json\/wp\/v2\/posts\/6825","targetHints":{"allow":["GET"]}}],"collection":[{"href":"https:\/\/nordnesrepublikken.no\/index.php\/wp-json\/wp\/v2\/posts"}],"about":[{"href":"https:\/\/nordnesrepublikken.no\/index.php\/wp-json\/wp\/v2\/types\/post"}],"author":[{"embeddable":true,"href":"https:\/\/nordnesrepublikken.no\/index.php\/wp-json\/wp\/v2\/users\/1"}],"replies":[{"embeddable":true,"href":"https:\/\/nordnesrepublikken.no\/index.php\/wp-json\/wp\/v2\/comments?post=6825"}],"version-history":[{"count":1,"href":"https:\/\/nordnesrepublikken.no\/index.php\/wp-json\/wp\/v2\/posts\/6825\/revisions"}],"predecessor-version":[{"id":6827,"href":"https:\/\/nordnesrepublikken.no\/index.php\/wp-json\/wp\/v2\/posts\/6825\/revisions\/6827"}],"wp:featuredmedia":[{"embeddable":true,"href":"https:\/\/nordnesrepublikken.no\/index.php\/wp-json\/wp\/v2\/media\/6826"}],"wp:attachment":[{"href":"https:\/\/nordnesrepublikken.no\/index.php\/wp-json\/wp\/v2\/media?parent=6825"}],"wp:term":[{"taxonomy":"category","embeddable":true,"href":"https:\/\/nordnesrepublikken.no\/index.php\/wp-json\/wp\/v2\/categories?post=6825"},{"taxonomy":"post_tag","embeddable":true,"href":"https:\/\/nordnesrepublikken.no\/index.php\/wp-json\/wp\/v2\/tags?post=6825"}],"curies":[{"name":"wp","href":"https:\/\/api.w.org\/{rel}","templated":true}]}}