{"id":6819,"date":"2025-07-10T06:49:58","date_gmt":"2025-07-10T04:49:58","guid":{"rendered":"https:\/\/nordnesrepublikken.no\/index.php\/2025\/07\/10\/sterkt-jordskjelv-av-storrelsesorden-57-i-guatemala-minst-2-dodsfall\/"},"modified":"2025-07-10T06:50:00","modified_gmt":"2025-07-10T04:50:00","slug":"sterkt-jordskjelv-av-storrelsesorden-57-i-guatemala-minst-2-dodsfall","status":"publish","type":"post","link":"https:\/\/nordnesrepublikken.no\/index.php\/2025\/07\/10\/sterkt-jordskjelv-av-storrelsesorden-57-i-guatemala-minst-2-dodsfall\/","title":{"rendered":"Sterkt jordskjelv av st\u00f8rrelsesorden 5,7 i Guatemala: Minst 2 d\u00f8dsfall"},"content":{"rendered":"<div>\n<div class=\"cp_wrapper cp_wrapper--fw mb-30 mb-20@tablet\">\n<figure class=\"mm\"><picture class=\"img\" style=\"padding-top:56.25%\"><source  media=\"(min-width: 1024px)\"><source  media=\"(min-width: 768px)\"><\/source><\/source><\/picture><\/figure>\n<\/p><\/div>\n<p>EN<strong> sterkt jordskjelv<\/strong> Av<strong> st\u00f8rrelsesorden 5.7<\/strong> Treff s\u00f8r for <strong>Guatemala<\/strong> Kl 15:41 i g\u00e5r 8. juli (lokal tid, 23:41 i Italia). I f\u00f8lge det som ble rapportert av National Institute of Geophysics and Volcanology (INGV), er det <strong>dybde<\/strong> av hypocenteren er bare <strong>9 km<\/strong>mens<strong>Episenter<\/strong> det ble spilt inn omtrent<strong> 3 km<\/strong> nord-vest for kommunen i <strong>San Vicente Pacaya<\/strong>som er en del av Escuintla -avdelingen.<\/p>\n<p>Etter det f\u00f8rste jordskjelvet ble andre registrert<strong> to sjokk<\/strong>som bekreftet av USGS -dataene (den amerikanske geologiske overv\u00e5kningstjenesten): den f\u00f8rste st\u00f8rrelsesorden<strong> 4.8<\/strong>spilt inn kl. 23:54, og den andre st\u00f8rrelsesorden <strong>3.9<\/strong>oppdaget kl. 02:06. Jordskjelvet ble advart over hele landet og ogs\u00e5 i naboen <strong>El Salvador<\/strong>.<\/p>\n<p>Jordskjelvet, dessverre, for\u00e5rsaket ofre: lokale myndigheter bekrefter<strong> minst to d\u00f8de,<\/strong> Etter en <strong>skred av rusk<\/strong> overveldet et kj\u00f8ret\u00f8y ombord som de var <strong>To menn<\/strong>ett av 53 \u00e5r og den andre av 20, som reiser p\u00e5 en vei i s\u00f8rvest for hovedstaden Guatemala. I f\u00f8lge Coordinadora Para la Reduccion de Desastres (CONRED), for\u00e5rsaket jordskjelvet ogs\u00e5 <strong>forskjellige skader<\/strong> for noen bygninger, hvorav minst 10 er i fare for kollaps.<\/p>\n<p>I et X -innlegg, presidenten<strong> Bernardo Ar\u00e9valo<\/strong> kunngjorde <strong>suspensjon<\/strong> av skoletimer og arbeidsaktiviteter i Institutt for Citt\u00e0 del Guatemala, Escuintla og i s\u00f8rvest i Sacatep\u00e9quez.<\/p>\n<p>Guatemala er imidlertid et omr\u00e5de<strong> spesielt seismikk<\/strong> (spesielt langs vestkysten) p\u00e5 grunn av sammenst\u00f8tet mellom de to platene i omr\u00e5det. Spesielt det som oppst\u00e5r er subduksjonen av kokosplaten under Karibia (dvs. den over som Guatemala er til stede). Det er nettopp denne subduksjonen som gir liv til den s\u00e5 -kallede &laquo;mesoamerikanske fossa&raquo;, den viktigste ansvarlig for disse seismene.<\/p>\n<div class=\"cp_wrapper cp_wrapper--fw mb-50\">\n<figure class=\"mm\"><picture class=\"img\" style=\"padding-top:62.246777163904%\"><source  media=\"(min-width: 1024px)\"><source  media=\"(min-width: 768px)\"><img decoding=\"async\" loading=\"lazy\" src=\"https:\/\/nordnesrepublikken.no\/wp-content\/uploads\/2025\/07\/1752122998_813_Sterkt-jordskjelv-av-storrelsesorden-57-i-Guatemala-Minst-2-dodsfall.jpg\" alt=\"Semplifisert tektonisk ordning av Guatemala (kreditt: USGS).\" width=\"543\" height=\"338\"><\/source><\/source><\/picture><\/figure>\n<\/p><\/div>\n<\/p><\/div>\n","protected":false},"excerpt":{"rendered":"<p>EN sterkt jordskjelv Av st\u00f8rrelsesorden 5.7 Treff s\u00f8r for Guatemala Kl 15:41 i g\u00e5r 8.<\/p>\n","protected":false},"author":1,"featured_media":6820,"comment_status":"closed","ping_status":"open","sticky":false,"template":"","format":"standard","meta":{"footnotes":""},"categories":[24],"tags":[3415,4392,137,1536,1253,140],"class_list":["post-6819","post","type-post","status-publish","format-standard","has-post-thumbnail","hentry","category-vitenskap","tag-dodsfall","tag-guatemala","tag-jordskjelv","tag-minst","tag-sterkt","tag-storrelsesorden","generate-columns","tablet-grid-50","mobile-grid-100","grid-parent","grid-33","resize-featured-image"],"yoast_head":"<!-- This site is optimized with the Yoast SEO plugin v24.4 - https:\/\/yoast.com\/wordpress\/plugins\/seo\/ -->\n<title>Sterkt jordskjelv av st\u00f8rrelsesorden 5,7 i Guatemala: Minst 2 d\u00f8dsfall - Nordnesrepublikken<\/title>\n<meta name=\"robots\" content=\"index, follow, max-snippet:-1, max-image-preview:large, max-video-preview:-1\" \/>\n<link rel=\"canonical\" href=\"https:\/\/nordnesrepublikken.no\/index.php\/2025\/07\/10\/sterkt-jordskjelv-av-storrelsesorden-57-i-guatemala-minst-2-dodsfall\/\" \/>\n<meta property=\"og:locale\" content=\"nb_NO\" \/>\n<meta property=\"og:type\" content=\"article\" \/>\n<meta property=\"og:title\" content=\"Sterkt jordskjelv av st\u00f8rrelsesorden 5,7 i Guatemala: Minst 2 d\u00f8dsfall - Nordnesrepublikken\" \/>\n<meta property=\"og:description\" content=\"EN sterkt jordskjelv Av st\u00f8rrelsesorden 5.7 Treff s\u00f8r for Guatemala Kl 15:41 i g\u00e5r 8.\" \/>\n<meta property=\"og:url\" content=\"https:\/\/nordnesrepublikken.no\/index.php\/2025\/07\/10\/sterkt-jordskjelv-av-storrelsesorden-57-i-guatemala-minst-2-dodsfall\/\" \/>\n<meta property=\"og:site_name\" content=\"Nordnesrepublikken\" \/>\n<meta property=\"article:published_time\" content=\"2025-07-10T04:49:58+00:00\" \/>\n<meta property=\"article:modified_time\" content=\"2025-07-10T04:50:00+00:00\" \/>\n<meta property=\"og:image\" content=\"https:\/\/nordnesrepublikken.no\/wp-content\/uploads\/2025\/07\/Sterkt-jordskjelv-av-storrelsesorden-57-i-Guatemala-Minst-2-dodsfall.jpg\" \/>\n\t<meta property=\"og:image:width\" content=\"1280\" \/>\n\t<meta property=\"og:image:height\" content=\"720\" \/>\n\t<meta property=\"og:image:type\" content=\"image\/jpeg\" \/>\n<meta name=\"author\" content=\"Ole Andersen\" \/>\n<meta name=\"twitter:card\" content=\"summary_large_image\" \/>\n<meta name=\"twitter:label1\" content=\"Skrevet av\" \/>\n\t<meta name=\"twitter:data1\" content=\"Ole Andersen\" \/>\n\t<meta name=\"twitter:label2\" content=\"Ansl. lesetid\" \/>\n\t<meta name=\"twitter:data2\" content=\"1 minutt\" \/>\n<script type=\"application\/ld+json\" class=\"yoast-schema-graph\">{\"@context\":\"https:\/\/schema.org\",\"@graph\":[{\"@type\":\"Article\",\"@id\":\"https:\/\/nordnesrepublikken.no\/index.php\/2025\/07\/10\/sterkt-jordskjelv-av-storrelsesorden-57-i-guatemala-minst-2-dodsfall\/#article\",\"isPartOf\":{\"@id\":\"https:\/\/nordnesrepublikken.no\/index.php\/2025\/07\/10\/sterkt-jordskjelv-av-storrelsesorden-57-i-guatemala-minst-2-dodsfall\/\"},\"author\":{\"name\":\"Ole Andersen\",\"@id\":\"https:\/\/nordnesrepublikken.no\/#\/schema\/person\/2e7e81935bab77882fffb79296240ff1\"},\"headline\":\"Sterkt jordskjelv av st\u00f8rrelsesorden 5,7 i Guatemala: Minst 2 d\u00f8dsfall\",\"datePublished\":\"2025-07-10T04:49:58+00:00\",\"dateModified\":\"2025-07-10T04:50:00+00:00\",\"mainEntityOfPage\":{\"@id\":\"https:\/\/nordnesrepublikken.no\/index.php\/2025\/07\/10\/sterkt-jordskjelv-av-storrelsesorden-57-i-guatemala-minst-2-dodsfall\/\"},\"wordCount\":279,\"publisher\":{\"@id\":\"https:\/\/nordnesrepublikken.no\/#organization\"},\"image\":{\"@id\":\"https:\/\/nordnesrepublikken.no\/index.php\/2025\/07\/10\/sterkt-jordskjelv-av-storrelsesorden-57-i-guatemala-minst-2-dodsfall\/#primaryimage\"},\"thumbnailUrl\":\"https:\/\/nordnesrepublikken.no\/wp-content\/uploads\/2025\/07\/Sterkt-jordskjelv-av-storrelsesorden-57-i-Guatemala-Minst-2-dodsfall.jpg\",\"keywords\":[\"d\u00f8dsfall\",\"Guatemala\",\"Jordskjelv\",\"minst\",\"Sterkt\",\"st\u00f8rrelsesorden\"],\"articleSection\":[\"Vitenskap\"],\"inLanguage\":\"nb-NO\"},{\"@type\":\"WebPage\",\"@id\":\"https:\/\/nordnesrepublikken.no\/index.php\/2025\/07\/10\/sterkt-jordskjelv-av-storrelsesorden-57-i-guatemala-minst-2-dodsfall\/\",\"url\":\"https:\/\/nordnesrepublikken.no\/index.php\/2025\/07\/10\/sterkt-jordskjelv-av-storrelsesorden-57-i-guatemala-minst-2-dodsfall\/\",\"name\":\"Sterkt jordskjelv av st\u00f8rrelsesorden 5,7 i Guatemala: Minst 2 d\u00f8dsfall - Nordnesrepublikken\",\"isPartOf\":{\"@id\":\"https:\/\/nordnesrepublikken.no\/#website\"},\"primaryImageOfPage\":{\"@id\":\"https:\/\/nordnesrepublikken.no\/index.php\/2025\/07\/10\/sterkt-jordskjelv-av-storrelsesorden-57-i-guatemala-minst-2-dodsfall\/#primaryimage\"},\"image\":{\"@id\":\"https:\/\/nordnesrepublikken.no\/index.php\/2025\/07\/10\/sterkt-jordskjelv-av-storrelsesorden-57-i-guatemala-minst-2-dodsfall\/#primaryimage\"},\"thumbnailUrl\":\"https:\/\/nordnesrepublikken.no\/wp-content\/uploads\/2025\/07\/Sterkt-jordskjelv-av-storrelsesorden-57-i-Guatemala-Minst-2-dodsfall.jpg\",\"datePublished\":\"2025-07-10T04:49:58+00:00\",\"dateModified\":\"2025-07-10T04:50:00+00:00\",\"breadcrumb\":{\"@id\":\"https:\/\/nordnesrepublikken.no\/index.php\/2025\/07\/10\/sterkt-jordskjelv-av-storrelsesorden-57-i-guatemala-minst-2-dodsfall\/#breadcrumb\"},\"inLanguage\":\"nb-NO\",\"potentialAction\":[{\"@type\":\"ReadAction\",\"target\":[\"https:\/\/nordnesrepublikken.no\/index.php\/2025\/07\/10\/sterkt-jordskjelv-av-storrelsesorden-57-i-guatemala-minst-2-dodsfall\/\"]}]},{\"@type\":\"ImageObject\",\"inLanguage\":\"nb-NO\",\"@id\":\"https:\/\/nordnesrepublikken.no\/index.php\/2025\/07\/10\/sterkt-jordskjelv-av-storrelsesorden-57-i-guatemala-minst-2-dodsfall\/#primaryimage\",\"url\":\"https:\/\/nordnesrepublikken.no\/wp-content\/uploads\/2025\/07\/Sterkt-jordskjelv-av-storrelsesorden-57-i-Guatemala-Minst-2-dodsfall.jpg\",\"contentUrl\":\"https:\/\/nordnesrepublikken.no\/wp-content\/uploads\/2025\/07\/Sterkt-jordskjelv-av-storrelsesorden-57-i-Guatemala-Minst-2-dodsfall.jpg\",\"width\":1280,\"height\":720,\"caption\":\"terremoto Guatemala\"},{\"@type\":\"BreadcrumbList\",\"@id\":\"https:\/\/nordnesrepublikken.no\/index.php\/2025\/07\/10\/sterkt-jordskjelv-av-storrelsesorden-57-i-guatemala-minst-2-dodsfall\/#breadcrumb\",\"itemListElement\":[{\"@type\":\"ListItem\",\"position\":1,\"name\":\"Home\",\"item\":\"https:\/\/nordnesrepublikken.no\/\"},{\"@type\":\"ListItem\",\"position\":2,\"name\":\"Sterkt jordskjelv av st\u00f8rrelsesorden 5,7 i Guatemala: Minst 2 d\u00f8dsfall\"}]},{\"@type\":\"WebSite\",\"@id\":\"https:\/\/nordnesrepublikken.no\/#website\",\"url\":\"https:\/\/nordnesrepublikken.no\/\",\"name\":\"Nordnesrepublikken\",\"description\":\"Stemmer og Visjoner fra Republikkens Hjerte\",\"publisher\":{\"@id\":\"https:\/\/nordnesrepublikken.no\/#organization\"},\"potentialAction\":[{\"@type\":\"SearchAction\",\"target\":{\"@type\":\"EntryPoint\",\"urlTemplate\":\"https:\/\/nordnesrepublikken.no\/?s={search_term_string}\"},\"query-input\":{\"@type\":\"PropertyValueSpecification\",\"valueRequired\":true,\"valueName\":\"search_term_string\"}}],\"inLanguage\":\"nb-NO\"},{\"@type\":\"Organization\",\"@id\":\"https:\/\/nordnesrepublikken.no\/#organization\",\"name\":\"Nordnesrepublikken\",\"url\":\"https:\/\/nordnesrepublikken.no\/\",\"logo\":{\"@type\":\"ImageObject\",\"inLanguage\":\"nb-NO\",\"@id\":\"https:\/\/nordnesrepublikken.no\/#\/schema\/logo\/image\/\",\"url\":\"https:\/\/nordnesrepublikken.no\/wp-content\/uploads\/2025\/02\/cropped-nordnesrepublikken-2.png\",\"contentUrl\":\"https:\/\/nordnesrepublikken.no\/wp-content\/uploads\/2025\/02\/cropped-nordnesrepublikken-2.png\",\"width\":1248,\"height\":362,\"caption\":\"Nordnesrepublikken\"},\"image\":{\"@id\":\"https:\/\/nordnesrepublikken.no\/#\/schema\/logo\/image\/\"}},{\"@type\":\"Person\",\"@id\":\"https:\/\/nordnesrepublikken.no\/#\/schema\/person\/2e7e81935bab77882fffb79296240ff1\",\"name\":\"Ole Andersen\",\"image\":{\"@type\":\"ImageObject\",\"inLanguage\":\"nb-NO\",\"@id\":\"https:\/\/nordnesrepublikken.no\/#\/schema\/person\/image\/\",\"url\":\"https:\/\/nordnesrepublikken.no\/wp-content\/uploads\/2025\/02\/nordnesrepublikken-2-2-150x150.jpg\",\"contentUrl\":\"https:\/\/nordnesrepublikken.no\/wp-content\/uploads\/2025\/02\/nordnesrepublikken-2-2-150x150.jpg\",\"caption\":\"Ole Andersen\"},\"description\":\"Ettersom jeg vokste opp i Oslo, har jeg alltid v\u00e6rt fascinert av ordenes kraft og deres evne til \u00e5 skape endringer. Etter \u00e5 ha fullf\u00f8rt min utdannelse i kommunikasjon ved Universitetet i Bergen, fikk jeg muligheten til \u00e5 jobbe innen ulike medier, der jeg har s\u00f8kt \u00e5 belyse viktige samfunnssp\u00f8rsm\u00e5l. I dag, som redakt\u00f8r for Nordnesrepublikken, pr\u00f8ver jeg \u00e5 forene min kj\u00e6rlighet for journalistikk med min lidenskap for innovasjon og eventyr.\",\"sameAs\":[\"https:\/\/nordnesrepublikken.no\/\"]}]}<\/script>\n<!-- \/ Yoast SEO plugin. -->","yoast_head_json":{"title":"Sterkt jordskjelv av st\u00f8rrelsesorden 5,7 i Guatemala: Minst 2 d\u00f8dsfall - Nordnesrepublikken","robots":{"index":"index","follow":"follow","max-snippet":"max-snippet:-1","max-image-preview":"max-image-preview:large","max-video-preview":"max-video-preview:-1"},"canonical":"https:\/\/nordnesrepublikken.no\/index.php\/2025\/07\/10\/sterkt-jordskjelv-av-storrelsesorden-57-i-guatemala-minst-2-dodsfall\/","og_locale":"nb_NO","og_type":"article","og_title":"Sterkt jordskjelv av st\u00f8rrelsesorden 5,7 i Guatemala: Minst 2 d\u00f8dsfall - Nordnesrepublikken","og_description":"EN sterkt jordskjelv Av st\u00f8rrelsesorden 5.7 Treff s\u00f8r for Guatemala Kl 15:41 i g\u00e5r 8.","og_url":"https:\/\/nordnesrepublikken.no\/index.php\/2025\/07\/10\/sterkt-jordskjelv-av-storrelsesorden-57-i-guatemala-minst-2-dodsfall\/","og_site_name":"Nordnesrepublikken","article_published_time":"2025-07-10T04:49:58+00:00","article_modified_time":"2025-07-10T04:50:00+00:00","og_image":[{"width":1280,"height":720,"url":"https:\/\/nordnesrepublikken.no\/wp-content\/uploads\/2025\/07\/Sterkt-jordskjelv-av-storrelsesorden-57-i-Guatemala-Minst-2-dodsfall.jpg","type":"image\/jpeg"}],"author":"Ole Andersen","twitter_card":"summary_large_image","twitter_misc":{"Skrevet av":"Ole Andersen","Ansl. lesetid":"1 minutt"},"schema":{"@context":"https:\/\/schema.org","@graph":[{"@type":"Article","@id":"https:\/\/nordnesrepublikken.no\/index.php\/2025\/07\/10\/sterkt-jordskjelv-av-storrelsesorden-57-i-guatemala-minst-2-dodsfall\/#article","isPartOf":{"@id":"https:\/\/nordnesrepublikken.no\/index.php\/2025\/07\/10\/sterkt-jordskjelv-av-storrelsesorden-57-i-guatemala-minst-2-dodsfall\/"},"author":{"name":"Ole Andersen","@id":"https:\/\/nordnesrepublikken.no\/#\/schema\/person\/2e7e81935bab77882fffb79296240ff1"},"headline":"Sterkt jordskjelv av st\u00f8rrelsesorden 5,7 i Guatemala: Minst 2 d\u00f8dsfall","datePublished":"2025-07-10T04:49:58+00:00","dateModified":"2025-07-10T04:50:00+00:00","mainEntityOfPage":{"@id":"https:\/\/nordnesrepublikken.no\/index.php\/2025\/07\/10\/sterkt-jordskjelv-av-storrelsesorden-57-i-guatemala-minst-2-dodsfall\/"},"wordCount":279,"publisher":{"@id":"https:\/\/nordnesrepublikken.no\/#organization"},"image":{"@id":"https:\/\/nordnesrepublikken.no\/index.php\/2025\/07\/10\/sterkt-jordskjelv-av-storrelsesorden-57-i-guatemala-minst-2-dodsfall\/#primaryimage"},"thumbnailUrl":"https:\/\/nordnesrepublikken.no\/wp-content\/uploads\/2025\/07\/Sterkt-jordskjelv-av-storrelsesorden-57-i-Guatemala-Minst-2-dodsfall.jpg","keywords":["d\u00f8dsfall","Guatemala","Jordskjelv","minst","Sterkt","st\u00f8rrelsesorden"],"articleSection":["Vitenskap"],"inLanguage":"nb-NO"},{"@type":"WebPage","@id":"https:\/\/nordnesrepublikken.no\/index.php\/2025\/07\/10\/sterkt-jordskjelv-av-storrelsesorden-57-i-guatemala-minst-2-dodsfall\/","url":"https:\/\/nordnesrepublikken.no\/index.php\/2025\/07\/10\/sterkt-jordskjelv-av-storrelsesorden-57-i-guatemala-minst-2-dodsfall\/","name":"Sterkt jordskjelv av st\u00f8rrelsesorden 5,7 i Guatemala: Minst 2 d\u00f8dsfall - Nordnesrepublikken","isPartOf":{"@id":"https:\/\/nordnesrepublikken.no\/#website"},"primaryImageOfPage":{"@id":"https:\/\/nordnesrepublikken.no\/index.php\/2025\/07\/10\/sterkt-jordskjelv-av-storrelsesorden-57-i-guatemala-minst-2-dodsfall\/#primaryimage"},"image":{"@id":"https:\/\/nordnesrepublikken.no\/index.php\/2025\/07\/10\/sterkt-jordskjelv-av-storrelsesorden-57-i-guatemala-minst-2-dodsfall\/#primaryimage"},"thumbnailUrl":"https:\/\/nordnesrepublikken.no\/wp-content\/uploads\/2025\/07\/Sterkt-jordskjelv-av-storrelsesorden-57-i-Guatemala-Minst-2-dodsfall.jpg","datePublished":"2025-07-10T04:49:58+00:00","dateModified":"2025-07-10T04:50:00+00:00","breadcrumb":{"@id":"https:\/\/nordnesrepublikken.no\/index.php\/2025\/07\/10\/sterkt-jordskjelv-av-storrelsesorden-57-i-guatemala-minst-2-dodsfall\/#breadcrumb"},"inLanguage":"nb-NO","potentialAction":[{"@type":"ReadAction","target":["https:\/\/nordnesrepublikken.no\/index.php\/2025\/07\/10\/sterkt-jordskjelv-av-storrelsesorden-57-i-guatemala-minst-2-dodsfall\/"]}]},{"@type":"ImageObject","inLanguage":"nb-NO","@id":"https:\/\/nordnesrepublikken.no\/index.php\/2025\/07\/10\/sterkt-jordskjelv-av-storrelsesorden-57-i-guatemala-minst-2-dodsfall\/#primaryimage","url":"https:\/\/nordnesrepublikken.no\/wp-content\/uploads\/2025\/07\/Sterkt-jordskjelv-av-storrelsesorden-57-i-Guatemala-Minst-2-dodsfall.jpg","contentUrl":"https:\/\/nordnesrepublikken.no\/wp-content\/uploads\/2025\/07\/Sterkt-jordskjelv-av-storrelsesorden-57-i-Guatemala-Minst-2-dodsfall.jpg","width":1280,"height":720,"caption":"terremoto Guatemala"},{"@type":"BreadcrumbList","@id":"https:\/\/nordnesrepublikken.no\/index.php\/2025\/07\/10\/sterkt-jordskjelv-av-storrelsesorden-57-i-guatemala-minst-2-dodsfall\/#breadcrumb","itemListElement":[{"@type":"ListItem","position":1,"name":"Home","item":"https:\/\/nordnesrepublikken.no\/"},{"@type":"ListItem","position":2,"name":"Sterkt jordskjelv av st\u00f8rrelsesorden 5,7 i Guatemala: Minst 2 d\u00f8dsfall"}]},{"@type":"WebSite","@id":"https:\/\/nordnesrepublikken.no\/#website","url":"https:\/\/nordnesrepublikken.no\/","name":"Nordnesrepublikken","description":"Stemmer og Visjoner fra Republikkens Hjerte","publisher":{"@id":"https:\/\/nordnesrepublikken.no\/#organization"},"potentialAction":[{"@type":"SearchAction","target":{"@type":"EntryPoint","urlTemplate":"https:\/\/nordnesrepublikken.no\/?s={search_term_string}"},"query-input":{"@type":"PropertyValueSpecification","valueRequired":true,"valueName":"search_term_string"}}],"inLanguage":"nb-NO"},{"@type":"Organization","@id":"https:\/\/nordnesrepublikken.no\/#organization","name":"Nordnesrepublikken","url":"https:\/\/nordnesrepublikken.no\/","logo":{"@type":"ImageObject","inLanguage":"nb-NO","@id":"https:\/\/nordnesrepublikken.no\/#\/schema\/logo\/image\/","url":"https:\/\/nordnesrepublikken.no\/wp-content\/uploads\/2025\/02\/cropped-nordnesrepublikken-2.png","contentUrl":"https:\/\/nordnesrepublikken.no\/wp-content\/uploads\/2025\/02\/cropped-nordnesrepublikken-2.png","width":1248,"height":362,"caption":"Nordnesrepublikken"},"image":{"@id":"https:\/\/nordnesrepublikken.no\/#\/schema\/logo\/image\/"}},{"@type":"Person","@id":"https:\/\/nordnesrepublikken.no\/#\/schema\/person\/2e7e81935bab77882fffb79296240ff1","name":"Ole Andersen","image":{"@type":"ImageObject","inLanguage":"nb-NO","@id":"https:\/\/nordnesrepublikken.no\/#\/schema\/person\/image\/","url":"https:\/\/nordnesrepublikken.no\/wp-content\/uploads\/2025\/02\/nordnesrepublikken-2-2-150x150.jpg","contentUrl":"https:\/\/nordnesrepublikken.no\/wp-content\/uploads\/2025\/02\/nordnesrepublikken-2-2-150x150.jpg","caption":"Ole Andersen"},"description":"Ettersom jeg vokste opp i Oslo, har jeg alltid v\u00e6rt fascinert av ordenes kraft og deres evne til \u00e5 skape endringer. Etter \u00e5 ha fullf\u00f8rt min utdannelse i kommunikasjon ved Universitetet i Bergen, fikk jeg muligheten til \u00e5 jobbe innen ulike medier, der jeg har s\u00f8kt \u00e5 belyse viktige samfunnssp\u00f8rsm\u00e5l. I dag, som redakt\u00f8r for Nordnesrepublikken, pr\u00f8ver jeg \u00e5 forene min kj\u00e6rlighet for journalistikk med min lidenskap for innovasjon og eventyr.","sameAs":["https:\/\/nordnesrepublikken.no\/"]}]}},"_links":{"self":[{"href":"https:\/\/nordnesrepublikken.no\/index.php\/wp-json\/wp\/v2\/posts\/6819","targetHints":{"allow":["GET"]}}],"collection":[{"href":"https:\/\/nordnesrepublikken.no\/index.php\/wp-json\/wp\/v2\/posts"}],"about":[{"href":"https:\/\/nordnesrepublikken.no\/index.php\/wp-json\/wp\/v2\/types\/post"}],"author":[{"embeddable":true,"href":"https:\/\/nordnesrepublikken.no\/index.php\/wp-json\/wp\/v2\/users\/1"}],"replies":[{"embeddable":true,"href":"https:\/\/nordnesrepublikken.no\/index.php\/wp-json\/wp\/v2\/comments?post=6819"}],"version-history":[{"count":1,"href":"https:\/\/nordnesrepublikken.no\/index.php\/wp-json\/wp\/v2\/posts\/6819\/revisions"}],"predecessor-version":[{"id":6821,"href":"https:\/\/nordnesrepublikken.no\/index.php\/wp-json\/wp\/v2\/posts\/6819\/revisions\/6821"}],"wp:featuredmedia":[{"embeddable":true,"href":"https:\/\/nordnesrepublikken.no\/index.php\/wp-json\/wp\/v2\/media\/6820"}],"wp:attachment":[{"href":"https:\/\/nordnesrepublikken.no\/index.php\/wp-json\/wp\/v2\/media?parent=6819"}],"wp:term":[{"taxonomy":"category","embeddable":true,"href":"https:\/\/nordnesrepublikken.no\/index.php\/wp-json\/wp\/v2\/categories?post=6819"},{"taxonomy":"post_tag","embeddable":true,"href":"https:\/\/nordnesrepublikken.no\/index.php\/wp-json\/wp\/v2\/tags?post=6819"}],"curies":[{"name":"wp","href":"https:\/\/api.w.org\/{rel}","templated":true}]}}