{"id":6816,"date":"2025-07-10T03:50:21","date_gmt":"2025-07-10T01:50:21","guid":{"rendered":"https:\/\/nordnesrepublikken.no\/index.php\/2025\/07\/10\/som-er-de-fire-presidentene-i-usa-som-mottok-nobels-fredspris\/"},"modified":"2025-07-10T03:50:31","modified_gmt":"2025-07-10T01:50:31","slug":"som-er-de-fire-presidentene-i-usa-som-mottok-nobels-fredspris","status":"publish","type":"post","link":"https:\/\/nordnesrepublikken.no\/index.php\/2025\/07\/10\/som-er-de-fire-presidentene-i-usa-som-mottok-nobels-fredspris\/","title":{"rendered":"Som er de fire presidentene i USA som mottok Nobels fredspris"},"content":{"rendered":"<div>\n<div class=\"cp_wrapper cp_wrapper--fw mb-30 mb-20@tablet\">\n<figure class=\"mm\"><picture class=\"img\" style=\"padding-top:56.25%\"><source  media=\"(min-width: 1024px)\"><source  media=\"(min-width: 768px)\"><\/source><\/source><\/picture><\/figure>\n<\/p><\/div>\n<p>Under sitt statsbes\u00f8k i Washington, den israelske statsministeren <strong>Benjamin Netanyahu<\/strong> har nominert den amerikanske presidenten Donald Trump al <strong>Nobels fredspris<\/strong>og legger til at kandidaturet &laquo;er fortjent&raquo;. En nyhet om at gitt de to politiske profilene ikke er overraskende mye, men som vekker f\u00f8lelser mellom forakt og sarkasme. Selv om det er ganske usannsynlig at den amerikanske presidenten kan vinne denne prisen, har det ikke v\u00e6rt den f\u00f8rste: Hvis dette skjedde, ville det faktisk blitt tildelt den ber\u00f8mte prisen, hvorav tre under mandatet og en senere har blitt tildelt den ber\u00f8mte prisen.<\/p>\n<ul>\n<li><strong>Theodore Roosevelt<\/strong> i 1906<\/li>\n<li><strong>Woodrow Wilson<\/strong> i 1919<\/li>\n<li><strong>Jimmy Carter<\/strong> I 2002 (etter slutten av mandatet)<\/li>\n<li><strong>Barack Obama<\/strong> i 2009<\/li>\n<\/ul>\n<p>Antallet er h\u00f8yt og forklarer hvorfor amerikanske presidenter har en <strong>maktposisjon<\/strong> som lar dem kondisjonere internasjonale forhold og muligens oppmuntre til den fredelige l\u00f8sningen av konflikter. Det er imidlertid ogs\u00e5 sant at USA er en <strong>Militaristisk og imperialistisk land<\/strong> Og gjennom \u00e5rene har mer for milit\u00e6rmakt enn for pasifisme blitt fremhevet. Av denne grunn blir oppgavene til Nobels fred for presidenter noen ganger bestridt.<\/p>\n<h2><strong>Amerikanske presidenter og Nobels fred Nobel<\/strong><\/h2>\n<p>Fire presidenter i USA ble tildelt Nobels fredspris. Det er et stort antall, gitt at fra premienes institusjon, i 1901, i 2024, var vinnerne alene <strong>111 individer<\/strong> (inkludert de som delte ham med andre) og <strong>28 organisasjoner<\/strong>. I tillegg har ingen andre politiske verv (president i andre land, leder for internasjonale organisasjoner osv.) Mottatt samme antall premier.<\/p>\n<div class=\"cp_wrapper cp_wrapper--fw mb-50\">\n<figure class=\"mm\"><picture class=\"img\" style=\"padding-top:66.666666666667%\"><source  media=\"(min-width: 1024px)\"><source  media=\"(min-width: 768px)\"><img decoding=\"async\" loading=\"lazy\" src=\"https:\/\/nordnesrepublikken.no\/wp-content\/uploads\/2025\/07\/Som-er-de-fire-presidentene-i-USA-som-mottok-Nobels.jpeg\" alt=\"Norwegian Institute for the Nobel, der komiteen som tildelte prisen (Wikimedia Commons) m\u00f8tes\" width=\"1920\" height=\"1280\"><\/source><\/source><\/picture><\/figure>\n<\/p><\/div>\n<p>&laquo;Primacy&raquo; av amerikanske presidenter blir forklart for posisjonen til makt og synlighet de liker. Ofte <strong>Mektigste menn i verden<\/strong> Og selv om det diskuteres hvis de virkelig har denne &laquo;posisjonen&raquo; (if\u00f8lge mange analytikere, er lederne for autokratiske land som Kina og Russland kraftigere), er det uaktuelt at de ut\u00f8ver en <strong>enorm innflytelse<\/strong>. Som et resultat har de muligheten til \u00e5 kondisjonere internasjonale forhold, og hvis de vil, lette l\u00f8sningen av konflikter med fredelige midler.<\/p>\n<p>P\u00e5 den annen side er USA et sterkt militaristisk land, som har v\u00e6rt engasjert gjennom \u00e5rene <strong>I mange konflikter og milit\u00e6re intervensjoner<\/strong>ofte p\u00e5 grunn av bare imperialistiske grunner eller \u00f8konomisk overherred\u00f8mme. Av denne grunn har oppgavene til Nobel -peaces ikke alltid blitt akseptert positivt av opinionen.<\/p>\n<h2><strong>Theodore Roosevelt, 1906<\/strong><\/h2>\n<p>Den f\u00f8rste presidenten tildelte Nobels fred var Theodore Roosevelt, i vervet fra 1901 til 1909 (fra <strong>Ikke forveksle med<\/strong> <strong>Franklin Delano Roosevelt<\/strong>president fra 1933 til 1945, kjent for den nye avtalen og for \u00e5 lede landet under andre verdenskrig). Theodore Roosevelt skaffet Nobelen i 1906 fordi han hadde <strong>gjennomf\u00f8rte mekling mellom Russland og Japan<\/strong>og avsluttet krigen som br\u00f8t ut \u00e5ret f\u00f8r. Den offisielle motivasjonen sa at oppdraget var &laquo;for hans rolle i \u00e5 avslutte den blodige konflikten mellom to verdensmakter, Japan og Russland&raquo;.<\/p>\n<div class=\"cp_wrapper cp_wrapper--fw mb-50\">\n<figure class=\"mm\"><picture class=\"img\" style=\"padding-top:119.27083333333%\"><source  media=\"(min-width: 1024px)\"><source  media=\"(min-width: 768px)\"><img decoding=\"async\" loading=\"lazy\" src=\"https:\/\/nordnesrepublikken.no\/wp-content\/uploads\/2025\/07\/1752112220_435_Som-er-de-fire-presidentene-i-USA-som-mottok-Nobels.jpg\" alt=\"Theodore Roosevelt\" width=\"960\" height=\"1145\" class=\"js-seedtag-img\"><\/source><\/source><\/picture><\/figure>\n<\/p><\/div>\n<p>Presidenten var imidlertid ikke kjent som en fredsmann, men som soldat. Blant annet i 1898 hadde han deltatt i <strong>Krig ISPANO-Amerikansk<\/strong> p\u00e5 \u00f8ya Cuba, ved \u00e5 kommandere jeg <strong>Grove ryttere<\/strong>Kavaleri frivillige, og f\u00e5r stor popularitet. Selv som president var Roosevelt en <strong>Promoter av imperialisme<\/strong> og den amerikanske innblandingen i verdenssaker. Bare tenk at n\u00e5r det gjelder Latin -Amerika, erkl\u00e6rte han eksplisitt, med den s\u00e5 -kallede Corollary til Monroes l\u00e6re, at USA hadde rett til \u00e5 gripe inn i de interne landene i andre land.<\/p>\n<h2><strong>Woodrow Wilson, 1919<\/strong><\/h2>\n<p>Den andre amerikanske presidenten tildelte Nobels fred var Thomas Woodrow Wilson, president fra 1913 til 1921. Wilson fikk Nobelen i 1919 for \u00e5 fremme grunnlaget for <strong>Nations Society<\/strong> (Pretesignana av str\u00f8mmen <strong>Un<\/strong>), rettet mot fredelig \u00e5 l\u00f8se internasjonale kontraster.<\/p>\n<div class=\"cp_wrapper cp_wrapper--fw mb-50\">\n<figure class=\"mm\"><picture class=\"img\" style=\"padding-top:151.4%\"><source  media=\"(min-width: 1024px)\"><source  media=\"(min-width: 768px)\"><img decoding=\"async\" loading=\"lazy\" src=\"https:\/\/nordnesrepublikken.no\/wp-content\/uploads\/2025\/07\/1752112220_700_Som-er-de-fire-presidentene-i-USA-som-mottok-Nobels.jpg\" alt=\"Woodrow Wilson\" width=\"500\" height=\"757\"><\/source><\/source><\/picture><\/figure>\n<\/p><\/div>\n<p>Nations Society -f\u00f8dselen ble inkludert i de 14 poengene, basert p\u00e5 folks rett til selvbestemmelse og presentert av presidenten for <strong>Conference of Paris<\/strong>som ble holdt p\u00e5 slutten av f\u00f8rste verdenskrig for \u00e5 spore landets nye grenser og definere internasjonale scenarier. Wilson var en oppriktig pasifist, men <strong>Han kunne ikke hevde prinsippene sine<\/strong>som m\u00f8tte motstandere b\u00e5de internasjonalt og internt, til det punktet at USA ikke ble med i samfunnet til nasjonene de hadde promotert.<\/p>\n<h2><strong>Jimmy Carter, 2002<\/strong><\/h2>\n<p>Den tredje amerikanske presidenten tildelte Nobelen var James Earl Carter, bedre kjent som Jimmy, <strong>President fra 1977 til 1980<\/strong>. Carter fikk imidlertid prisen i 2002, ikke for rollen som president, men <strong>For neste aktivitet<\/strong>. I 1982, faktisk, hadde den n\u00e5 tidligere presidenten grunnlagt <strong>Carter Center<\/strong>en ikke -regjering og ikke -profit organisasjon som hadde som m\u00e5l \u00e5 forplikte seg til fremdriften av demokrati og menneskerettigheter.<\/p>\n<div class=\"cp_wrapper cp_wrapper--fw mb-50\">\n<figure class=\"mm\"><picture class=\"img\" style=\"padding-top:119.07356948229%\"><source  media=\"(min-width: 1024px)\"><source  media=\"(min-width: 768px)\"><img decoding=\"async\" loading=\"lazy\" src=\"https:\/\/nordnesrepublikken.no\/wp-content\/uploads\/2025\/07\/1752112221_370_Som-er-de-fire-presidentene-i-USA-som-mottok-Nobels.jpg\" alt=\"Carter i 2013\" width=\"367\" height=\"437\" class=\"js-seedtag-img\"><\/source><\/source><\/picture><\/figure>\n<\/p><\/div>\n<p>Gjennom \u00e5rene har Carter Center gjennomf\u00f8rt <strong>Valgoverv\u00e5king<\/strong>, <strong>Forskning p\u00e5 menneskerettigheter<\/strong> og andre aktiviteter, som jobber i mer enn 70 land og oppn\u00e5r sv\u00e6rt nevneverdige resultater. Nobelen ble tildelt f\u00f8lgende motivasjon: &laquo;For det utrettelige engasjementet for \u00e5 finne fredelige l\u00f8sninger p\u00e5 internasjonale konflikter, for \u00e5 gj\u00f8re demokrati og menneskerettigheter fremgang og \u00e5 fremme \u00f8konomisk og sosial utvikling&raquo;<\/p>\n<h2><strong>Barack Obama, 2009<\/strong><\/h2>\n<p>Den fjerde amerikanske presidenten tildelte Nobels fred (tredje for \u00e5 motta den under mandatet) var Barack Obama, <strong>President fra 2009 til 2017<\/strong> Og tildelte prisen i samme 2009, bare ni m\u00e5neder etter at han kom inn p\u00e5 kontoret. Den offisielle motivasjonen sa at prisen ble gitt ham for &laquo;for hans eksepsjonelle innsats for \u00e5 konsolidere internasjonalt diplomati og samarbeid mellom folkeslag&raquo;.<\/p>\n<div class=\"cp_wrapper cp_wrapper--fw mb-50\">\n<figure class=\"mm\"><picture class=\"img\" style=\"padding-top:124.90234375%\"><source  media=\"(min-width: 1024px)\"><source  media=\"(min-width: 768px)\"><img decoding=\"async\" loading=\"lazy\" src=\"https:\/\/nordnesrepublikken.no\/wp-content\/uploads\/2025\/07\/1752112221_998_Som-er-de-fire-presidentene-i-USA-som-mottok-Nobels.jpg\" alt=\"Barack Obama\" width=\"1024\" height=\"1279\"><\/source><\/source><\/picture><\/figure>\n<\/p><\/div>\n<p>Oppdraget ble imidlertid sterkt omstridt, fordi Obama mottok det da han ikke hadde hatt tid til \u00e5 operere til fordel for fred; Prisen ble tildelt mer <strong>For det han kunne ha gjort<\/strong> det for det han hadde gjort.<\/p>\n<p>I alle fall er det veldig tvilsomt om Obama, etter \u00e5 ha mottatt Nobelen, virkelig oppf\u00f8rte seg som en promot\u00f8r av fred, med tanke p\u00e5 at han har <strong>bestilte milit\u00e6re inngrep<\/strong> i suverene land, for eksempel den i Libya i 2011, og har <strong>Krigene fortsatte<\/strong> Lansert av forgjengerne, slik som i Irak og Afghanistan.<\/p>\n<\/p><\/div>\n","protected":false},"excerpt":{"rendered":"<p>Under sitt statsbes\u00f8k i Washington, den israelske statsministeren Benjamin Netanyahu har nominert den amerikanske presidenten<\/p>\n","protected":false},"author":1,"featured_media":6817,"comment_status":"closed","ping_status":"open","sticky":false,"template":"","format":"standard","meta":{"footnotes":""},"categories":[104],"tags":[513,4391,582,4390,4389,31,499],"class_list":["post-6816","post","type-post","status-publish","format-standard","has-post-thumbnail","hentry","category-samfunn","tag-fire","tag-fredspris","tag-mottok","tag-nobels","tag-presidentene","tag-som","tag-usa","generate-columns","tablet-grid-50","mobile-grid-100","grid-parent","grid-33","resize-featured-image"],"yoast_head":"<!-- This site is optimized with the Yoast SEO plugin v24.4 - https:\/\/yoast.com\/wordpress\/plugins\/seo\/ -->\n<title>Som er de fire presidentene i USA som mottok Nobels fredspris - Nordnesrepublikken<\/title>\n<meta name=\"robots\" content=\"index, follow, max-snippet:-1, max-image-preview:large, max-video-preview:-1\" \/>\n<link rel=\"canonical\" href=\"https:\/\/nordnesrepublikken.no\/index.php\/2025\/07\/10\/som-er-de-fire-presidentene-i-usa-som-mottok-nobels-fredspris\/\" \/>\n<meta property=\"og:locale\" content=\"nb_NO\" \/>\n<meta property=\"og:type\" content=\"article\" \/>\n<meta property=\"og:title\" content=\"Som er de fire presidentene i USA som mottok Nobels fredspris - Nordnesrepublikken\" \/>\n<meta property=\"og:description\" content=\"Under sitt statsbes\u00f8k i Washington, den israelske statsministeren Benjamin Netanyahu har nominert den amerikanske presidenten\" \/>\n<meta property=\"og:url\" content=\"https:\/\/nordnesrepublikken.no\/index.php\/2025\/07\/10\/som-er-de-fire-presidentene-i-usa-som-mottok-nobels-fredspris\/\" \/>\n<meta property=\"og:site_name\" content=\"Nordnesrepublikken\" \/>\n<meta property=\"article:published_time\" content=\"2025-07-10T01:50:21+00:00\" \/>\n<meta property=\"article:modified_time\" content=\"2025-07-10T01:50:31+00:00\" \/>\n<meta property=\"og:image\" content=\"https:\/\/nordnesrepublikken.no\/wp-content\/uploads\/2025\/07\/Som-er-de-fire-presidentene-i-USA-som-mottok-Nobels-scaled.jpg\" \/>\n\t<meta property=\"og:image:width\" content=\"2560\" \/>\n\t<meta property=\"og:image:height\" content=\"1440\" \/>\n\t<meta property=\"og:image:type\" content=\"image\/jpeg\" \/>\n<meta name=\"author\" content=\"Ole Andersen\" \/>\n<meta name=\"twitter:card\" content=\"summary_large_image\" \/>\n<meta name=\"twitter:label1\" content=\"Skrevet av\" \/>\n\t<meta name=\"twitter:data1\" content=\"Ole Andersen\" \/>\n\t<meta name=\"twitter:label2\" content=\"Ansl. lesetid\" \/>\n\t<meta name=\"twitter:data2\" content=\"5 minutter\" \/>\n<script type=\"application\/ld+json\" class=\"yoast-schema-graph\">{\"@context\":\"https:\/\/schema.org\",\"@graph\":[{\"@type\":\"Article\",\"@id\":\"https:\/\/nordnesrepublikken.no\/index.php\/2025\/07\/10\/som-er-de-fire-presidentene-i-usa-som-mottok-nobels-fredspris\/#article\",\"isPartOf\":{\"@id\":\"https:\/\/nordnesrepublikken.no\/index.php\/2025\/07\/10\/som-er-de-fire-presidentene-i-usa-som-mottok-nobels-fredspris\/\"},\"author\":{\"name\":\"Ole Andersen\",\"@id\":\"https:\/\/nordnesrepublikken.no\/#\/schema\/person\/2e7e81935bab77882fffb79296240ff1\"},\"headline\":\"Som er de fire presidentene i USA som mottok Nobels fredspris\",\"datePublished\":\"2025-07-10T01:50:21+00:00\",\"dateModified\":\"2025-07-10T01:50:31+00:00\",\"mainEntityOfPage\":{\"@id\":\"https:\/\/nordnesrepublikken.no\/index.php\/2025\/07\/10\/som-er-de-fire-presidentene-i-usa-som-mottok-nobels-fredspris\/\"},\"wordCount\":927,\"publisher\":{\"@id\":\"https:\/\/nordnesrepublikken.no\/#organization\"},\"image\":{\"@id\":\"https:\/\/nordnesrepublikken.no\/index.php\/2025\/07\/10\/som-er-de-fire-presidentene-i-usa-som-mottok-nobels-fredspris\/#primaryimage\"},\"thumbnailUrl\":\"https:\/\/nordnesrepublikken.no\/wp-content\/uploads\/2025\/07\/Som-er-de-fire-presidentene-i-USA-som-mottok-Nobels-scaled.jpg\",\"keywords\":[\"fire\",\"fredspris\",\"mottok\",\"Nobels\",\"presidentene\",\"som\",\"USA\"],\"articleSection\":[\"Samfunn\"],\"inLanguage\":\"nb-NO\"},{\"@type\":\"WebPage\",\"@id\":\"https:\/\/nordnesrepublikken.no\/index.php\/2025\/07\/10\/som-er-de-fire-presidentene-i-usa-som-mottok-nobels-fredspris\/\",\"url\":\"https:\/\/nordnesrepublikken.no\/index.php\/2025\/07\/10\/som-er-de-fire-presidentene-i-usa-som-mottok-nobels-fredspris\/\",\"name\":\"Som er de fire presidentene i USA som mottok Nobels fredspris - Nordnesrepublikken\",\"isPartOf\":{\"@id\":\"https:\/\/nordnesrepublikken.no\/#website\"},\"primaryImageOfPage\":{\"@id\":\"https:\/\/nordnesrepublikken.no\/index.php\/2025\/07\/10\/som-er-de-fire-presidentene-i-usa-som-mottok-nobels-fredspris\/#primaryimage\"},\"image\":{\"@id\":\"https:\/\/nordnesrepublikken.no\/index.php\/2025\/07\/10\/som-er-de-fire-presidentene-i-usa-som-mottok-nobels-fredspris\/#primaryimage\"},\"thumbnailUrl\":\"https:\/\/nordnesrepublikken.no\/wp-content\/uploads\/2025\/07\/Som-er-de-fire-presidentene-i-USA-som-mottok-Nobels-scaled.jpg\",\"datePublished\":\"2025-07-10T01:50:21+00:00\",\"dateModified\":\"2025-07-10T01:50:31+00:00\",\"breadcrumb\":{\"@id\":\"https:\/\/nordnesrepublikken.no\/index.php\/2025\/07\/10\/som-er-de-fire-presidentene-i-usa-som-mottok-nobels-fredspris\/#breadcrumb\"},\"inLanguage\":\"nb-NO\",\"potentialAction\":[{\"@type\":\"ReadAction\",\"target\":[\"https:\/\/nordnesrepublikken.no\/index.php\/2025\/07\/10\/som-er-de-fire-presidentene-i-usa-som-mottok-nobels-fredspris\/\"]}]},{\"@type\":\"ImageObject\",\"inLanguage\":\"nb-NO\",\"@id\":\"https:\/\/nordnesrepublikken.no\/index.php\/2025\/07\/10\/som-er-de-fire-presidentene-i-usa-som-mottok-nobels-fredspris\/#primaryimage\",\"url\":\"https:\/\/nordnesrepublikken.no\/wp-content\/uploads\/2025\/07\/Som-er-de-fire-presidentene-i-USA-som-mottok-Nobels-scaled.jpg\",\"contentUrl\":\"https:\/\/nordnesrepublikken.no\/wp-content\/uploads\/2025\/07\/Som-er-de-fire-presidentene-i-USA-som-mottok-Nobels-scaled.jpg\",\"width\":2560,\"height\":1440,\"caption\":\"Immagine\"},{\"@type\":\"BreadcrumbList\",\"@id\":\"https:\/\/nordnesrepublikken.no\/index.php\/2025\/07\/10\/som-er-de-fire-presidentene-i-usa-som-mottok-nobels-fredspris\/#breadcrumb\",\"itemListElement\":[{\"@type\":\"ListItem\",\"position\":1,\"name\":\"Home\",\"item\":\"https:\/\/nordnesrepublikken.no\/\"},{\"@type\":\"ListItem\",\"position\":2,\"name\":\"Som er de fire presidentene i USA som mottok Nobels fredspris\"}]},{\"@type\":\"WebSite\",\"@id\":\"https:\/\/nordnesrepublikken.no\/#website\",\"url\":\"https:\/\/nordnesrepublikken.no\/\",\"name\":\"Nordnesrepublikken\",\"description\":\"Stemmer og Visjoner fra Republikkens Hjerte\",\"publisher\":{\"@id\":\"https:\/\/nordnesrepublikken.no\/#organization\"},\"potentialAction\":[{\"@type\":\"SearchAction\",\"target\":{\"@type\":\"EntryPoint\",\"urlTemplate\":\"https:\/\/nordnesrepublikken.no\/?s={search_term_string}\"},\"query-input\":{\"@type\":\"PropertyValueSpecification\",\"valueRequired\":true,\"valueName\":\"search_term_string\"}}],\"inLanguage\":\"nb-NO\"},{\"@type\":\"Organization\",\"@id\":\"https:\/\/nordnesrepublikken.no\/#organization\",\"name\":\"Nordnesrepublikken\",\"url\":\"https:\/\/nordnesrepublikken.no\/\",\"logo\":{\"@type\":\"ImageObject\",\"inLanguage\":\"nb-NO\",\"@id\":\"https:\/\/nordnesrepublikken.no\/#\/schema\/logo\/image\/\",\"url\":\"https:\/\/nordnesrepublikken.no\/wp-content\/uploads\/2025\/02\/cropped-nordnesrepublikken-2.png\",\"contentUrl\":\"https:\/\/nordnesrepublikken.no\/wp-content\/uploads\/2025\/02\/cropped-nordnesrepublikken-2.png\",\"width\":1248,\"height\":362,\"caption\":\"Nordnesrepublikken\"},\"image\":{\"@id\":\"https:\/\/nordnesrepublikken.no\/#\/schema\/logo\/image\/\"}},{\"@type\":\"Person\",\"@id\":\"https:\/\/nordnesrepublikken.no\/#\/schema\/person\/2e7e81935bab77882fffb79296240ff1\",\"name\":\"Ole Andersen\",\"image\":{\"@type\":\"ImageObject\",\"inLanguage\":\"nb-NO\",\"@id\":\"https:\/\/nordnesrepublikken.no\/#\/schema\/person\/image\/\",\"url\":\"https:\/\/nordnesrepublikken.no\/wp-content\/uploads\/2025\/02\/nordnesrepublikken-2-2-150x150.jpg\",\"contentUrl\":\"https:\/\/nordnesrepublikken.no\/wp-content\/uploads\/2025\/02\/nordnesrepublikken-2-2-150x150.jpg\",\"caption\":\"Ole Andersen\"},\"description\":\"Ettersom jeg vokste opp i Oslo, har jeg alltid v\u00e6rt fascinert av ordenes kraft og deres evne til \u00e5 skape endringer. Etter \u00e5 ha fullf\u00f8rt min utdannelse i kommunikasjon ved Universitetet i Bergen, fikk jeg muligheten til \u00e5 jobbe innen ulike medier, der jeg har s\u00f8kt \u00e5 belyse viktige samfunnssp\u00f8rsm\u00e5l. I dag, som redakt\u00f8r for Nordnesrepublikken, pr\u00f8ver jeg \u00e5 forene min kj\u00e6rlighet for journalistikk med min lidenskap for innovasjon og eventyr.\",\"sameAs\":[\"https:\/\/nordnesrepublikken.no\/\"]}]}<\/script>\n<!-- \/ Yoast SEO plugin. -->","yoast_head_json":{"title":"Som er de fire presidentene i USA som mottok Nobels fredspris - Nordnesrepublikken","robots":{"index":"index","follow":"follow","max-snippet":"max-snippet:-1","max-image-preview":"max-image-preview:large","max-video-preview":"max-video-preview:-1"},"canonical":"https:\/\/nordnesrepublikken.no\/index.php\/2025\/07\/10\/som-er-de-fire-presidentene-i-usa-som-mottok-nobels-fredspris\/","og_locale":"nb_NO","og_type":"article","og_title":"Som er de fire presidentene i USA som mottok Nobels fredspris - Nordnesrepublikken","og_description":"Under sitt statsbes\u00f8k i Washington, den israelske statsministeren Benjamin Netanyahu har nominert den amerikanske presidenten","og_url":"https:\/\/nordnesrepublikken.no\/index.php\/2025\/07\/10\/som-er-de-fire-presidentene-i-usa-som-mottok-nobels-fredspris\/","og_site_name":"Nordnesrepublikken","article_published_time":"2025-07-10T01:50:21+00:00","article_modified_time":"2025-07-10T01:50:31+00:00","og_image":[{"width":2560,"height":1440,"url":"https:\/\/nordnesrepublikken.no\/wp-content\/uploads\/2025\/07\/Som-er-de-fire-presidentene-i-USA-som-mottok-Nobels-scaled.jpg","type":"image\/jpeg"}],"author":"Ole Andersen","twitter_card":"summary_large_image","twitter_misc":{"Skrevet av":"Ole Andersen","Ansl. lesetid":"5 minutter"},"schema":{"@context":"https:\/\/schema.org","@graph":[{"@type":"Article","@id":"https:\/\/nordnesrepublikken.no\/index.php\/2025\/07\/10\/som-er-de-fire-presidentene-i-usa-som-mottok-nobels-fredspris\/#article","isPartOf":{"@id":"https:\/\/nordnesrepublikken.no\/index.php\/2025\/07\/10\/som-er-de-fire-presidentene-i-usa-som-mottok-nobels-fredspris\/"},"author":{"name":"Ole Andersen","@id":"https:\/\/nordnesrepublikken.no\/#\/schema\/person\/2e7e81935bab77882fffb79296240ff1"},"headline":"Som er de fire presidentene i USA som mottok Nobels fredspris","datePublished":"2025-07-10T01:50:21+00:00","dateModified":"2025-07-10T01:50:31+00:00","mainEntityOfPage":{"@id":"https:\/\/nordnesrepublikken.no\/index.php\/2025\/07\/10\/som-er-de-fire-presidentene-i-usa-som-mottok-nobels-fredspris\/"},"wordCount":927,"publisher":{"@id":"https:\/\/nordnesrepublikken.no\/#organization"},"image":{"@id":"https:\/\/nordnesrepublikken.no\/index.php\/2025\/07\/10\/som-er-de-fire-presidentene-i-usa-som-mottok-nobels-fredspris\/#primaryimage"},"thumbnailUrl":"https:\/\/nordnesrepublikken.no\/wp-content\/uploads\/2025\/07\/Som-er-de-fire-presidentene-i-USA-som-mottok-Nobels-scaled.jpg","keywords":["fire","fredspris","mottok","Nobels","presidentene","som","USA"],"articleSection":["Samfunn"],"inLanguage":"nb-NO"},{"@type":"WebPage","@id":"https:\/\/nordnesrepublikken.no\/index.php\/2025\/07\/10\/som-er-de-fire-presidentene-i-usa-som-mottok-nobels-fredspris\/","url":"https:\/\/nordnesrepublikken.no\/index.php\/2025\/07\/10\/som-er-de-fire-presidentene-i-usa-som-mottok-nobels-fredspris\/","name":"Som er de fire presidentene i USA som mottok Nobels fredspris - Nordnesrepublikken","isPartOf":{"@id":"https:\/\/nordnesrepublikken.no\/#website"},"primaryImageOfPage":{"@id":"https:\/\/nordnesrepublikken.no\/index.php\/2025\/07\/10\/som-er-de-fire-presidentene-i-usa-som-mottok-nobels-fredspris\/#primaryimage"},"image":{"@id":"https:\/\/nordnesrepublikken.no\/index.php\/2025\/07\/10\/som-er-de-fire-presidentene-i-usa-som-mottok-nobels-fredspris\/#primaryimage"},"thumbnailUrl":"https:\/\/nordnesrepublikken.no\/wp-content\/uploads\/2025\/07\/Som-er-de-fire-presidentene-i-USA-som-mottok-Nobels-scaled.jpg","datePublished":"2025-07-10T01:50:21+00:00","dateModified":"2025-07-10T01:50:31+00:00","breadcrumb":{"@id":"https:\/\/nordnesrepublikken.no\/index.php\/2025\/07\/10\/som-er-de-fire-presidentene-i-usa-som-mottok-nobels-fredspris\/#breadcrumb"},"inLanguage":"nb-NO","potentialAction":[{"@type":"ReadAction","target":["https:\/\/nordnesrepublikken.no\/index.php\/2025\/07\/10\/som-er-de-fire-presidentene-i-usa-som-mottok-nobels-fredspris\/"]}]},{"@type":"ImageObject","inLanguage":"nb-NO","@id":"https:\/\/nordnesrepublikken.no\/index.php\/2025\/07\/10\/som-er-de-fire-presidentene-i-usa-som-mottok-nobels-fredspris\/#primaryimage","url":"https:\/\/nordnesrepublikken.no\/wp-content\/uploads\/2025\/07\/Som-er-de-fire-presidentene-i-USA-som-mottok-Nobels-scaled.jpg","contentUrl":"https:\/\/nordnesrepublikken.no\/wp-content\/uploads\/2025\/07\/Som-er-de-fire-presidentene-i-USA-som-mottok-Nobels-scaled.jpg","width":2560,"height":1440,"caption":"Immagine"},{"@type":"BreadcrumbList","@id":"https:\/\/nordnesrepublikken.no\/index.php\/2025\/07\/10\/som-er-de-fire-presidentene-i-usa-som-mottok-nobels-fredspris\/#breadcrumb","itemListElement":[{"@type":"ListItem","position":1,"name":"Home","item":"https:\/\/nordnesrepublikken.no\/"},{"@type":"ListItem","position":2,"name":"Som er de fire presidentene i USA som mottok Nobels fredspris"}]},{"@type":"WebSite","@id":"https:\/\/nordnesrepublikken.no\/#website","url":"https:\/\/nordnesrepublikken.no\/","name":"Nordnesrepublikken","description":"Stemmer og Visjoner fra Republikkens Hjerte","publisher":{"@id":"https:\/\/nordnesrepublikken.no\/#organization"},"potentialAction":[{"@type":"SearchAction","target":{"@type":"EntryPoint","urlTemplate":"https:\/\/nordnesrepublikken.no\/?s={search_term_string}"},"query-input":{"@type":"PropertyValueSpecification","valueRequired":true,"valueName":"search_term_string"}}],"inLanguage":"nb-NO"},{"@type":"Organization","@id":"https:\/\/nordnesrepublikken.no\/#organization","name":"Nordnesrepublikken","url":"https:\/\/nordnesrepublikken.no\/","logo":{"@type":"ImageObject","inLanguage":"nb-NO","@id":"https:\/\/nordnesrepublikken.no\/#\/schema\/logo\/image\/","url":"https:\/\/nordnesrepublikken.no\/wp-content\/uploads\/2025\/02\/cropped-nordnesrepublikken-2.png","contentUrl":"https:\/\/nordnesrepublikken.no\/wp-content\/uploads\/2025\/02\/cropped-nordnesrepublikken-2.png","width":1248,"height":362,"caption":"Nordnesrepublikken"},"image":{"@id":"https:\/\/nordnesrepublikken.no\/#\/schema\/logo\/image\/"}},{"@type":"Person","@id":"https:\/\/nordnesrepublikken.no\/#\/schema\/person\/2e7e81935bab77882fffb79296240ff1","name":"Ole Andersen","image":{"@type":"ImageObject","inLanguage":"nb-NO","@id":"https:\/\/nordnesrepublikken.no\/#\/schema\/person\/image\/","url":"https:\/\/nordnesrepublikken.no\/wp-content\/uploads\/2025\/02\/nordnesrepublikken-2-2-150x150.jpg","contentUrl":"https:\/\/nordnesrepublikken.no\/wp-content\/uploads\/2025\/02\/nordnesrepublikken-2-2-150x150.jpg","caption":"Ole Andersen"},"description":"Ettersom jeg vokste opp i Oslo, har jeg alltid v\u00e6rt fascinert av ordenes kraft og deres evne til \u00e5 skape endringer. Etter \u00e5 ha fullf\u00f8rt min utdannelse i kommunikasjon ved Universitetet i Bergen, fikk jeg muligheten til \u00e5 jobbe innen ulike medier, der jeg har s\u00f8kt \u00e5 belyse viktige samfunnssp\u00f8rsm\u00e5l. I dag, som redakt\u00f8r for Nordnesrepublikken, pr\u00f8ver jeg \u00e5 forene min kj\u00e6rlighet for journalistikk med min lidenskap for innovasjon og eventyr.","sameAs":["https:\/\/nordnesrepublikken.no\/"]}]}},"_links":{"self":[{"href":"https:\/\/nordnesrepublikken.no\/index.php\/wp-json\/wp\/v2\/posts\/6816","targetHints":{"allow":["GET"]}}],"collection":[{"href":"https:\/\/nordnesrepublikken.no\/index.php\/wp-json\/wp\/v2\/posts"}],"about":[{"href":"https:\/\/nordnesrepublikken.no\/index.php\/wp-json\/wp\/v2\/types\/post"}],"author":[{"embeddable":true,"href":"https:\/\/nordnesrepublikken.no\/index.php\/wp-json\/wp\/v2\/users\/1"}],"replies":[{"embeddable":true,"href":"https:\/\/nordnesrepublikken.no\/index.php\/wp-json\/wp\/v2\/comments?post=6816"}],"version-history":[{"count":1,"href":"https:\/\/nordnesrepublikken.no\/index.php\/wp-json\/wp\/v2\/posts\/6816\/revisions"}],"predecessor-version":[{"id":6818,"href":"https:\/\/nordnesrepublikken.no\/index.php\/wp-json\/wp\/v2\/posts\/6816\/revisions\/6818"}],"wp:featuredmedia":[{"embeddable":true,"href":"https:\/\/nordnesrepublikken.no\/index.php\/wp-json\/wp\/v2\/media\/6817"}],"wp:attachment":[{"href":"https:\/\/nordnesrepublikken.no\/index.php\/wp-json\/wp\/v2\/media?parent=6816"}],"wp:term":[{"taxonomy":"category","embeddable":true,"href":"https:\/\/nordnesrepublikken.no\/index.php\/wp-json\/wp\/v2\/categories?post=6816"},{"taxonomy":"post_tag","embeddable":true,"href":"https:\/\/nordnesrepublikken.no\/index.php\/wp-json\/wp\/v2\/tags?post=6816"}],"curies":[{"name":"wp","href":"https:\/\/api.w.org\/{rel}","templated":true}]}}