{"id":6810,"date":"2025-07-10T00:49:59","date_gmt":"2025-07-09T22:49:59","guid":{"rendered":"https:\/\/nordnesrepublikken.no\/index.php\/2025\/07\/10\/arsakene-til-rekordtemperaturene-i-argentina-og-chile\/"},"modified":"2025-07-10T00:50:03","modified_gmt":"2025-07-09T22:50:03","slug":"arsakene-til-rekordtemperaturene-i-argentina-og-chile","status":"publish","type":"post","link":"https:\/\/nordnesrepublikken.no\/index.php\/2025\/07\/10\/arsakene-til-rekordtemperaturene-i-argentina-og-chile\/","title":{"rendered":"\u00c5rsakene til rekordtemperaturene i Argentina og Chile"},"content":{"rendered":"<div>\n<div class=\"cp_wrapper cp_wrapper--fw mb-30 mb-20@tablet\">\n<figure class=\"mm\"><picture class=\"img\" style=\"padding-top:56.25%\"><source  media=\"(min-width: 1024px)\"><source  media=\"(min-width: 768px)\"><\/source><\/source><\/picture><\/figure>\n<\/p><\/div>\n<p>Mens det i det meste av Europa var en intens b\u00f8lge av sommervarme, har de siste dagene flere land i S\u00f8r -Amerika &#8211; der det n\u00e5 er vinter &#8211; registrert en &#8216;<strong>b\u00f8lge av<\/strong> <strong>Eksepsjonell kulde<\/strong>med <strong>\u20131,9 \u00b0 C i Buenos Aires<\/strong> (Den laveste temperaturen siden 1991) og mange v\u00e6rstasjoner som har registrert <strong>Registreringstemperaturer<\/strong> I Argentina (-16 \u00b0 C i Cuyo -regionen i Patagonia, -9 \u00b0 C i regionene Chubut og Neuqu\u00e9n), i Chile (\u20139,3 \u00b0 C i Chill\u00e1n, \u20138,1 \u00b0 C i Urugu (5,8 \u20137,9 \u00b0 C i TemuCo) og i Urugu. Vi har sett sn\u00f8 i byen og steder der dette fenomenet er helt uvanlig, for eksempel <strong>Miramar Beach<\/strong> i Argentina og <strong>Atacama -\u00f8rkenen<\/strong>i Chile, ansett som blant de mest t\u00f8rre stedene p\u00e5 planeten, som 26. juni ble hvitkalket for f\u00f8rste gang i 10 \u00e5r. Den polare kulden ville ha for\u00e5rsaket <strong>D\u00f8d av 15 personer<\/strong> I Argentina og Uruguay.<\/p>\n<div class=\"cp_wrapper cp_wrapper--fw mb-50\">\n<figure class=\"mm\"><picture class=\"img\" style=\"padding-top:70.70564516129%\"><source  media=\"(min-width: 1024px)\"><source  media=\"(min-width: 768px)\"><img decoding=\"async\" loading=\"lazy\" src=\"https:\/\/nordnesrepublikken.no\/wp-content\/uploads\/2025\/07\/1752101398_205_Arsakene-til-rekordtemperaturene-i-Argentina-og-Chile.jpg\" alt=\"Atacama Desert Snow\" width=\"4960\" height=\"3507\"><\/source><\/source><\/picture><\/figure>\n<\/p><\/div>\n<p>Data i h\u00e5nden, Argentina og Chile har funnet seg de siste dagene til <strong>12 \u00b0 C under det klimatologiske gjennomsnittet<\/strong> beregnet sammenlignet med perioden 1979-2000. Denne b\u00f8lgen av anomal kulde er resultatet av inntrenging av en <strong>intens antisyklon<\/strong> (dvs. et h\u00f8yt trykkomr\u00e5de i rotasjon) kom direkte fra det antarktiske omr\u00e5det og som har hengt opp til Paraguay og Uruguay. Men hvordan gj\u00f8r en antarktisk antisyklon mot S\u00f8r -Amerika?<\/p>\n<div class=\"cp_wrapper cp_wrapper--fw mb-50\">\n<figure class=\"mm\"><picture class=\"img\" style=\"padding-top:73.940949935815%\"><source  media=\"(min-width: 1024px)\"><source  media=\"(min-width: 768px)\"><img decoding=\"async\" loading=\"lazy\" src=\"https:\/\/nordnesrepublikken.no\/wp-content\/uploads\/2025\/07\/1752101399_803_Arsakene-til-rekordtemperaturene-i-Argentina-og-Chile.jpg\" alt=\"Termiske anomalier i S\u00f8r -Amerika\" width=\"1558\" height=\"1152\" class=\"js-seedtag-img\"><\/source><\/source><\/picture><\/figure>\n<\/p><\/div>\n<p>For \u00e5 forst\u00e5 det m\u00e5 vi snakke om <strong>Polar virvel<\/strong>det vil si en slags permanent syklon over de jordiske stolpene drevet av veldig lave temperaturer. Begge polare virvler skilles ut i to komponenter: en i stor h\u00f8yde (i stratosf\u00e6ren) med h\u00f8ye hastighetsstr\u00f8mmer med nesten sirkul\u00e6r form, og en lavere komponent (i troposf\u00e6ren) med en lavere breddegrad: denne komponenten kalles <strong>str\u00e5le<\/strong>eller <em><strong>Jet Stream<\/strong><\/em>.<\/p>\n<div class=\"cp_wrapper cp_wrapper--fw mb-50\">\n<figure class=\"mm\"><picture class=\"img\" style=\"padding-top:72.321428571429%\"><source  media=\"(min-width: 1024px)\"><source  media=\"(min-width: 768px)\"><img decoding=\"async\" loading=\"lazy\" src=\"https:\/\/nordnesrepublikken.no\/wp-content\/uploads\/2025\/07\/1752101399_382_Arsakene-til-rekordtemperaturene-i-Argentina-og-Chile.jpg\" alt=\"Polar virvel\" width=\"1904\" height=\"1377\"><\/source><\/source><\/picture><\/figure>\n<\/p><\/div>\n<p>Som det fremg\u00e5r av figuren over, har jetstr\u00f8mmene en <strong>mindre vanlig bane<\/strong> Sammenlignet med den troposf\u00e6riske komponenten: Dette gjelder fremfor alt p\u00e5 den boreale halvkule, der str\u00f8mmer oppfyller orografiske hindringer og andre geomorfologiske egenskaper som avviker dens retning. Antarktiske jetstr\u00f8mmer, derimot, har en tendens til \u00e5 v\u00e6re mye mer stabile fordi de bl\u00e5ser over det antarktiske hav, der det ikke er noe nesten for \u00e5 &laquo;forstyrre dem&raquo;.<\/p>\n<p>Rollen til jetstr\u00f8mmer er av <strong>\u201cConfinte\u201d den veldig kalde polarluften<\/strong>forhindrer henne i \u00e5 n\u00e5 lavere breddegrader. Det kan imidlertid skje at den polare virvelen svekkes, vanligvis p\u00e5 grunn av en <strong>Rask stratosf\u00e6risk oppvarming<\/strong> (<em>Plutselig stratosf\u00e6risk oppvarming<\/em>SSW). I det antarktiske omr\u00e5det er SSW noen ganger knyttet til absorpsjonen av UV -solstr\u00e5ling av ozonlaget i den h\u00f8ye atmosf\u00e6ren. Ved oppvarming i h\u00f8y h\u00f8yde kan den polare virvelen svekkes eller til og med &laquo;bryte&raquo;, og bli diskontinuerlig. Her \u00e5pnes en d\u00f8r i &laquo;veggen&raquo; som grenser til den polare kalde luften. Denne luften beveger seg deretter til lavere breddegrader, og bringer <strong>Eldre av anomal kulde<\/strong> Som den som skjedde de siste dagene i S\u00f8r -Amerika.<\/p>\n<p>Det samme skjer ogs\u00e5 p\u00e5 den nordlige halvkule: ustabiliteten til den polare virvelen har som sin effekt en \u00f8kning i den vertikale komponenten i bevegelsen til <em>Jet Stream<\/em>noe som derfor ogs\u00e5 kan f\u00f8re til europeiske breddegrader <strong>Plutselig kald til og med utenfor sesongen<\/strong>spesielt mot slutten av den boreale vinteren n\u00e5r den polare virvelen begynner \u00e5 miste en del av styrken.<\/p>\n<\/p><\/div>\n","protected":false},"excerpt":{"rendered":"<p>Mens det i det meste av Europa var en intens b\u00f8lge av sommervarme, har de<\/p>\n","protected":false},"author":1,"featured_media":6811,"comment_status":"closed","ping_status":"open","sticky":false,"template":"","format":"standard","meta":{"footnotes":""},"categories":[26],"tags":[1084,1003,4385,4384,117],"class_list":["post-6810","post","type-post","status-publish","format-standard","has-post-thumbnail","hentry","category-miljo","tag-argentina","tag-arsakene","tag-chile","tag-rekordtemperaturene","tag-til","generate-columns","tablet-grid-50","mobile-grid-100","grid-parent","grid-33","resize-featured-image"],"yoast_head":"<!-- This site is optimized with the Yoast SEO plugin v24.4 - https:\/\/yoast.com\/wordpress\/plugins\/seo\/ -->\n<title>\u00c5rsakene til rekordtemperaturene i Argentina og Chile - Nordnesrepublikken<\/title>\n<meta name=\"robots\" content=\"index, follow, max-snippet:-1, max-image-preview:large, max-video-preview:-1\" \/>\n<link rel=\"canonical\" href=\"https:\/\/nordnesrepublikken.no\/index.php\/2025\/07\/10\/arsakene-til-rekordtemperaturene-i-argentina-og-chile\/\" \/>\n<meta property=\"og:locale\" content=\"nb_NO\" \/>\n<meta property=\"og:type\" content=\"article\" \/>\n<meta property=\"og:title\" content=\"\u00c5rsakene til rekordtemperaturene i Argentina og Chile - Nordnesrepublikken\" \/>\n<meta property=\"og:description\" content=\"Mens det i det meste av Europa var en intens b\u00f8lge av sommervarme, har de\" \/>\n<meta property=\"og:url\" content=\"https:\/\/nordnesrepublikken.no\/index.php\/2025\/07\/10\/arsakene-til-rekordtemperaturene-i-argentina-og-chile\/\" \/>\n<meta property=\"og:site_name\" content=\"Nordnesrepublikken\" \/>\n<meta property=\"article:published_time\" content=\"2025-07-09T22:49:59+00:00\" \/>\n<meta property=\"article:modified_time\" content=\"2025-07-09T22:50:03+00:00\" \/>\n<meta property=\"og:image\" content=\"https:\/\/nordnesrepublikken.no\/wp-content\/uploads\/2025\/07\/1752101400_Arsakene-til-rekordtemperaturene-i-Argentina-og-Chile.jpg\" \/>\n\t<meta property=\"og:image:width\" content=\"1586\" \/>\n\t<meta property=\"og:image:height\" content=\"948\" \/>\n\t<meta property=\"og:image:type\" content=\"image\/jpeg\" \/>\n<meta name=\"author\" content=\"Ole Andersen\" \/>\n<meta name=\"twitter:card\" content=\"summary_large_image\" \/>\n<meta name=\"twitter:label1\" content=\"Skrevet av\" \/>\n\t<meta name=\"twitter:data1\" content=\"Ole Andersen\" \/>\n\t<meta name=\"twitter:label2\" content=\"Ansl. lesetid\" \/>\n\t<meta name=\"twitter:data2\" content=\"3 minutter\" \/>\n<script type=\"application\/ld+json\" class=\"yoast-schema-graph\">{\"@context\":\"https:\/\/schema.org\",\"@graph\":[{\"@type\":\"Article\",\"@id\":\"https:\/\/nordnesrepublikken.no\/index.php\/2025\/07\/10\/arsakene-til-rekordtemperaturene-i-argentina-og-chile\/#article\",\"isPartOf\":{\"@id\":\"https:\/\/nordnesrepublikken.no\/index.php\/2025\/07\/10\/arsakene-til-rekordtemperaturene-i-argentina-og-chile\/\"},\"author\":{\"name\":\"Ole Andersen\",\"@id\":\"https:\/\/nordnesrepublikken.no\/#\/schema\/person\/2e7e81935bab77882fffb79296240ff1\"},\"headline\":\"\u00c5rsakene til rekordtemperaturene i Argentina og Chile\",\"datePublished\":\"2025-07-09T22:49:59+00:00\",\"dateModified\":\"2025-07-09T22:50:03+00:00\",\"mainEntityOfPage\":{\"@id\":\"https:\/\/nordnesrepublikken.no\/index.php\/2025\/07\/10\/arsakene-til-rekordtemperaturene-i-argentina-og-chile\/\"},\"wordCount\":548,\"publisher\":{\"@id\":\"https:\/\/nordnesrepublikken.no\/#organization\"},\"image\":{\"@id\":\"https:\/\/nordnesrepublikken.no\/index.php\/2025\/07\/10\/arsakene-til-rekordtemperaturene-i-argentina-og-chile\/#primaryimage\"},\"thumbnailUrl\":\"https:\/\/nordnesrepublikken.no\/wp-content\/uploads\/2025\/07\/1752101400_Arsakene-til-rekordtemperaturene-i-Argentina-og-Chile.jpg\",\"keywords\":[\"Argentina\",\"\u00e5rsakene\",\"Chile\",\"rekordtemperaturene\",\"til\"],\"articleSection\":[\"Milj\u00f8\"],\"inLanguage\":\"nb-NO\"},{\"@type\":\"WebPage\",\"@id\":\"https:\/\/nordnesrepublikken.no\/index.php\/2025\/07\/10\/arsakene-til-rekordtemperaturene-i-argentina-og-chile\/\",\"url\":\"https:\/\/nordnesrepublikken.no\/index.php\/2025\/07\/10\/arsakene-til-rekordtemperaturene-i-argentina-og-chile\/\",\"name\":\"\u00c5rsakene til rekordtemperaturene i Argentina og Chile - Nordnesrepublikken\",\"isPartOf\":{\"@id\":\"https:\/\/nordnesrepublikken.no\/#website\"},\"primaryImageOfPage\":{\"@id\":\"https:\/\/nordnesrepublikken.no\/index.php\/2025\/07\/10\/arsakene-til-rekordtemperaturene-i-argentina-og-chile\/#primaryimage\"},\"image\":{\"@id\":\"https:\/\/nordnesrepublikken.no\/index.php\/2025\/07\/10\/arsakene-til-rekordtemperaturene-i-argentina-og-chile\/#primaryimage\"},\"thumbnailUrl\":\"https:\/\/nordnesrepublikken.no\/wp-content\/uploads\/2025\/07\/1752101400_Arsakene-til-rekordtemperaturene-i-Argentina-og-Chile.jpg\",\"datePublished\":\"2025-07-09T22:49:59+00:00\",\"dateModified\":\"2025-07-09T22:50:03+00:00\",\"breadcrumb\":{\"@id\":\"https:\/\/nordnesrepublikken.no\/index.php\/2025\/07\/10\/arsakene-til-rekordtemperaturene-i-argentina-og-chile\/#breadcrumb\"},\"inLanguage\":\"nb-NO\",\"potentialAction\":[{\"@type\":\"ReadAction\",\"target\":[\"https:\/\/nordnesrepublikken.no\/index.php\/2025\/07\/10\/arsakene-til-rekordtemperaturene-i-argentina-og-chile\/\"]}]},{\"@type\":\"ImageObject\",\"inLanguage\":\"nb-NO\",\"@id\":\"https:\/\/nordnesrepublikken.no\/index.php\/2025\/07\/10\/arsakene-til-rekordtemperaturene-i-argentina-og-chile\/#primaryimage\",\"url\":\"https:\/\/nordnesrepublikken.no\/wp-content\/uploads\/2025\/07\/1752101400_Arsakene-til-rekordtemperaturene-i-Argentina-og-Chile.jpg\",\"contentUrl\":\"https:\/\/nordnesrepublikken.no\/wp-content\/uploads\/2025\/07\/1752101400_Arsakene-til-rekordtemperaturene-i-Argentina-og-Chile.jpg\",\"width\":1586,\"height\":948,\"caption\":\"neve argentina\"},{\"@type\":\"BreadcrumbList\",\"@id\":\"https:\/\/nordnesrepublikken.no\/index.php\/2025\/07\/10\/arsakene-til-rekordtemperaturene-i-argentina-og-chile\/#breadcrumb\",\"itemListElement\":[{\"@type\":\"ListItem\",\"position\":1,\"name\":\"Home\",\"item\":\"https:\/\/nordnesrepublikken.no\/\"},{\"@type\":\"ListItem\",\"position\":2,\"name\":\"\u00c5rsakene til rekordtemperaturene i Argentina og Chile\"}]},{\"@type\":\"WebSite\",\"@id\":\"https:\/\/nordnesrepublikken.no\/#website\",\"url\":\"https:\/\/nordnesrepublikken.no\/\",\"name\":\"Nordnesrepublikken\",\"description\":\"Stemmer og Visjoner fra Republikkens Hjerte\",\"publisher\":{\"@id\":\"https:\/\/nordnesrepublikken.no\/#organization\"},\"potentialAction\":[{\"@type\":\"SearchAction\",\"target\":{\"@type\":\"EntryPoint\",\"urlTemplate\":\"https:\/\/nordnesrepublikken.no\/?s={search_term_string}\"},\"query-input\":{\"@type\":\"PropertyValueSpecification\",\"valueRequired\":true,\"valueName\":\"search_term_string\"}}],\"inLanguage\":\"nb-NO\"},{\"@type\":\"Organization\",\"@id\":\"https:\/\/nordnesrepublikken.no\/#organization\",\"name\":\"Nordnesrepublikken\",\"url\":\"https:\/\/nordnesrepublikken.no\/\",\"logo\":{\"@type\":\"ImageObject\",\"inLanguage\":\"nb-NO\",\"@id\":\"https:\/\/nordnesrepublikken.no\/#\/schema\/logo\/image\/\",\"url\":\"https:\/\/nordnesrepublikken.no\/wp-content\/uploads\/2025\/02\/cropped-nordnesrepublikken-2.png\",\"contentUrl\":\"https:\/\/nordnesrepublikken.no\/wp-content\/uploads\/2025\/02\/cropped-nordnesrepublikken-2.png\",\"width\":1248,\"height\":362,\"caption\":\"Nordnesrepublikken\"},\"image\":{\"@id\":\"https:\/\/nordnesrepublikken.no\/#\/schema\/logo\/image\/\"}},{\"@type\":\"Person\",\"@id\":\"https:\/\/nordnesrepublikken.no\/#\/schema\/person\/2e7e81935bab77882fffb79296240ff1\",\"name\":\"Ole Andersen\",\"image\":{\"@type\":\"ImageObject\",\"inLanguage\":\"nb-NO\",\"@id\":\"https:\/\/nordnesrepublikken.no\/#\/schema\/person\/image\/\",\"url\":\"https:\/\/nordnesrepublikken.no\/wp-content\/uploads\/2025\/02\/nordnesrepublikken-2-2-150x150.jpg\",\"contentUrl\":\"https:\/\/nordnesrepublikken.no\/wp-content\/uploads\/2025\/02\/nordnesrepublikken-2-2-150x150.jpg\",\"caption\":\"Ole Andersen\"},\"description\":\"Ettersom jeg vokste opp i Oslo, har jeg alltid v\u00e6rt fascinert av ordenes kraft og deres evne til \u00e5 skape endringer. Etter \u00e5 ha fullf\u00f8rt min utdannelse i kommunikasjon ved Universitetet i Bergen, fikk jeg muligheten til \u00e5 jobbe innen ulike medier, der jeg har s\u00f8kt \u00e5 belyse viktige samfunnssp\u00f8rsm\u00e5l. I dag, som redakt\u00f8r for Nordnesrepublikken, pr\u00f8ver jeg \u00e5 forene min kj\u00e6rlighet for journalistikk med min lidenskap for innovasjon og eventyr.\",\"sameAs\":[\"https:\/\/nordnesrepublikken.no\/\"]}]}<\/script>\n<!-- \/ Yoast SEO plugin. -->","yoast_head_json":{"title":"\u00c5rsakene til rekordtemperaturene i Argentina og Chile - Nordnesrepublikken","robots":{"index":"index","follow":"follow","max-snippet":"max-snippet:-1","max-image-preview":"max-image-preview:large","max-video-preview":"max-video-preview:-1"},"canonical":"https:\/\/nordnesrepublikken.no\/index.php\/2025\/07\/10\/arsakene-til-rekordtemperaturene-i-argentina-og-chile\/","og_locale":"nb_NO","og_type":"article","og_title":"\u00c5rsakene til rekordtemperaturene i Argentina og Chile - Nordnesrepublikken","og_description":"Mens det i det meste av Europa var en intens b\u00f8lge av sommervarme, har de","og_url":"https:\/\/nordnesrepublikken.no\/index.php\/2025\/07\/10\/arsakene-til-rekordtemperaturene-i-argentina-og-chile\/","og_site_name":"Nordnesrepublikken","article_published_time":"2025-07-09T22:49:59+00:00","article_modified_time":"2025-07-09T22:50:03+00:00","og_image":[{"width":1586,"height":948,"url":"https:\/\/nordnesrepublikken.no\/wp-content\/uploads\/2025\/07\/1752101400_Arsakene-til-rekordtemperaturene-i-Argentina-og-Chile.jpg","type":"image\/jpeg"}],"author":"Ole Andersen","twitter_card":"summary_large_image","twitter_misc":{"Skrevet av":"Ole Andersen","Ansl. lesetid":"3 minutter"},"schema":{"@context":"https:\/\/schema.org","@graph":[{"@type":"Article","@id":"https:\/\/nordnesrepublikken.no\/index.php\/2025\/07\/10\/arsakene-til-rekordtemperaturene-i-argentina-og-chile\/#article","isPartOf":{"@id":"https:\/\/nordnesrepublikken.no\/index.php\/2025\/07\/10\/arsakene-til-rekordtemperaturene-i-argentina-og-chile\/"},"author":{"name":"Ole Andersen","@id":"https:\/\/nordnesrepublikken.no\/#\/schema\/person\/2e7e81935bab77882fffb79296240ff1"},"headline":"\u00c5rsakene til rekordtemperaturene i Argentina og Chile","datePublished":"2025-07-09T22:49:59+00:00","dateModified":"2025-07-09T22:50:03+00:00","mainEntityOfPage":{"@id":"https:\/\/nordnesrepublikken.no\/index.php\/2025\/07\/10\/arsakene-til-rekordtemperaturene-i-argentina-og-chile\/"},"wordCount":548,"publisher":{"@id":"https:\/\/nordnesrepublikken.no\/#organization"},"image":{"@id":"https:\/\/nordnesrepublikken.no\/index.php\/2025\/07\/10\/arsakene-til-rekordtemperaturene-i-argentina-og-chile\/#primaryimage"},"thumbnailUrl":"https:\/\/nordnesrepublikken.no\/wp-content\/uploads\/2025\/07\/1752101400_Arsakene-til-rekordtemperaturene-i-Argentina-og-Chile.jpg","keywords":["Argentina","\u00e5rsakene","Chile","rekordtemperaturene","til"],"articleSection":["Milj\u00f8"],"inLanguage":"nb-NO"},{"@type":"WebPage","@id":"https:\/\/nordnesrepublikken.no\/index.php\/2025\/07\/10\/arsakene-til-rekordtemperaturene-i-argentina-og-chile\/","url":"https:\/\/nordnesrepublikken.no\/index.php\/2025\/07\/10\/arsakene-til-rekordtemperaturene-i-argentina-og-chile\/","name":"\u00c5rsakene til rekordtemperaturene i Argentina og Chile - Nordnesrepublikken","isPartOf":{"@id":"https:\/\/nordnesrepublikken.no\/#website"},"primaryImageOfPage":{"@id":"https:\/\/nordnesrepublikken.no\/index.php\/2025\/07\/10\/arsakene-til-rekordtemperaturene-i-argentina-og-chile\/#primaryimage"},"image":{"@id":"https:\/\/nordnesrepublikken.no\/index.php\/2025\/07\/10\/arsakene-til-rekordtemperaturene-i-argentina-og-chile\/#primaryimage"},"thumbnailUrl":"https:\/\/nordnesrepublikken.no\/wp-content\/uploads\/2025\/07\/1752101400_Arsakene-til-rekordtemperaturene-i-Argentina-og-Chile.jpg","datePublished":"2025-07-09T22:49:59+00:00","dateModified":"2025-07-09T22:50:03+00:00","breadcrumb":{"@id":"https:\/\/nordnesrepublikken.no\/index.php\/2025\/07\/10\/arsakene-til-rekordtemperaturene-i-argentina-og-chile\/#breadcrumb"},"inLanguage":"nb-NO","potentialAction":[{"@type":"ReadAction","target":["https:\/\/nordnesrepublikken.no\/index.php\/2025\/07\/10\/arsakene-til-rekordtemperaturene-i-argentina-og-chile\/"]}]},{"@type":"ImageObject","inLanguage":"nb-NO","@id":"https:\/\/nordnesrepublikken.no\/index.php\/2025\/07\/10\/arsakene-til-rekordtemperaturene-i-argentina-og-chile\/#primaryimage","url":"https:\/\/nordnesrepublikken.no\/wp-content\/uploads\/2025\/07\/1752101400_Arsakene-til-rekordtemperaturene-i-Argentina-og-Chile.jpg","contentUrl":"https:\/\/nordnesrepublikken.no\/wp-content\/uploads\/2025\/07\/1752101400_Arsakene-til-rekordtemperaturene-i-Argentina-og-Chile.jpg","width":1586,"height":948,"caption":"neve argentina"},{"@type":"BreadcrumbList","@id":"https:\/\/nordnesrepublikken.no\/index.php\/2025\/07\/10\/arsakene-til-rekordtemperaturene-i-argentina-og-chile\/#breadcrumb","itemListElement":[{"@type":"ListItem","position":1,"name":"Home","item":"https:\/\/nordnesrepublikken.no\/"},{"@type":"ListItem","position":2,"name":"\u00c5rsakene til rekordtemperaturene i Argentina og Chile"}]},{"@type":"WebSite","@id":"https:\/\/nordnesrepublikken.no\/#website","url":"https:\/\/nordnesrepublikken.no\/","name":"Nordnesrepublikken","description":"Stemmer og Visjoner fra Republikkens Hjerte","publisher":{"@id":"https:\/\/nordnesrepublikken.no\/#organization"},"potentialAction":[{"@type":"SearchAction","target":{"@type":"EntryPoint","urlTemplate":"https:\/\/nordnesrepublikken.no\/?s={search_term_string}"},"query-input":{"@type":"PropertyValueSpecification","valueRequired":true,"valueName":"search_term_string"}}],"inLanguage":"nb-NO"},{"@type":"Organization","@id":"https:\/\/nordnesrepublikken.no\/#organization","name":"Nordnesrepublikken","url":"https:\/\/nordnesrepublikken.no\/","logo":{"@type":"ImageObject","inLanguage":"nb-NO","@id":"https:\/\/nordnesrepublikken.no\/#\/schema\/logo\/image\/","url":"https:\/\/nordnesrepublikken.no\/wp-content\/uploads\/2025\/02\/cropped-nordnesrepublikken-2.png","contentUrl":"https:\/\/nordnesrepublikken.no\/wp-content\/uploads\/2025\/02\/cropped-nordnesrepublikken-2.png","width":1248,"height":362,"caption":"Nordnesrepublikken"},"image":{"@id":"https:\/\/nordnesrepublikken.no\/#\/schema\/logo\/image\/"}},{"@type":"Person","@id":"https:\/\/nordnesrepublikken.no\/#\/schema\/person\/2e7e81935bab77882fffb79296240ff1","name":"Ole Andersen","image":{"@type":"ImageObject","inLanguage":"nb-NO","@id":"https:\/\/nordnesrepublikken.no\/#\/schema\/person\/image\/","url":"https:\/\/nordnesrepublikken.no\/wp-content\/uploads\/2025\/02\/nordnesrepublikken-2-2-150x150.jpg","contentUrl":"https:\/\/nordnesrepublikken.no\/wp-content\/uploads\/2025\/02\/nordnesrepublikken-2-2-150x150.jpg","caption":"Ole Andersen"},"description":"Ettersom jeg vokste opp i Oslo, har jeg alltid v\u00e6rt fascinert av ordenes kraft og deres evne til \u00e5 skape endringer. Etter \u00e5 ha fullf\u00f8rt min utdannelse i kommunikasjon ved Universitetet i Bergen, fikk jeg muligheten til \u00e5 jobbe innen ulike medier, der jeg har s\u00f8kt \u00e5 belyse viktige samfunnssp\u00f8rsm\u00e5l. I dag, som redakt\u00f8r for Nordnesrepublikken, pr\u00f8ver jeg \u00e5 forene min kj\u00e6rlighet for journalistikk med min lidenskap for innovasjon og eventyr.","sameAs":["https:\/\/nordnesrepublikken.no\/"]}]}},"_links":{"self":[{"href":"https:\/\/nordnesrepublikken.no\/index.php\/wp-json\/wp\/v2\/posts\/6810","targetHints":{"allow":["GET"]}}],"collection":[{"href":"https:\/\/nordnesrepublikken.no\/index.php\/wp-json\/wp\/v2\/posts"}],"about":[{"href":"https:\/\/nordnesrepublikken.no\/index.php\/wp-json\/wp\/v2\/types\/post"}],"author":[{"embeddable":true,"href":"https:\/\/nordnesrepublikken.no\/index.php\/wp-json\/wp\/v2\/users\/1"}],"replies":[{"embeddable":true,"href":"https:\/\/nordnesrepublikken.no\/index.php\/wp-json\/wp\/v2\/comments?post=6810"}],"version-history":[{"count":1,"href":"https:\/\/nordnesrepublikken.no\/index.php\/wp-json\/wp\/v2\/posts\/6810\/revisions"}],"predecessor-version":[{"id":6812,"href":"https:\/\/nordnesrepublikken.no\/index.php\/wp-json\/wp\/v2\/posts\/6810\/revisions\/6812"}],"wp:featuredmedia":[{"embeddable":true,"href":"https:\/\/nordnesrepublikken.no\/index.php\/wp-json\/wp\/v2\/media\/6811"}],"wp:attachment":[{"href":"https:\/\/nordnesrepublikken.no\/index.php\/wp-json\/wp\/v2\/media?parent=6810"}],"wp:term":[{"taxonomy":"category","embeddable":true,"href":"https:\/\/nordnesrepublikken.no\/index.php\/wp-json\/wp\/v2\/categories?post=6810"},{"taxonomy":"post_tag","embeddable":true,"href":"https:\/\/nordnesrepublikken.no\/index.php\/wp-json\/wp\/v2\/tags?post=6810"}],"curies":[{"name":"wp","href":"https:\/\/api.w.org\/{rel}","templated":true}]}}