{"id":6759,"date":"2025-07-08T13:49:48","date_gmt":"2025-07-08T11:49:48","guid":{"rendered":"https:\/\/nordnesrepublikken.no\/index.php\/2025\/07\/08\/hva-er-og-hva-vi-vet-om-dette-fenomenet\/"},"modified":"2025-07-08T13:49:49","modified_gmt":"2025-07-08T11:49:49","slug":"hva-er-og-hva-vi-vet-om-dette-fenomenet","status":"publish","type":"post","link":"https:\/\/nordnesrepublikken.no\/index.php\/2025\/07\/08\/hva-er-og-hva-vi-vet-om-dette-fenomenet\/","title":{"rendered":"Hva er og hva vi vet om dette fenomenet"},"content":{"rendered":"<div>\n<div class=\"cp_wrapper cp_wrapper--fw mb-30 mb-20@tablet\">\n<figure class=\"mm\"><picture class=\"img\" style=\"padding-top:56.25%\"><source  media=\"(min-width: 1024px)\"><source  media=\"(min-width: 768px)\"><\/source><\/source><\/picture><\/figure>\n<\/p><\/div>\n<p>Bildet av en <strong>R\u00f8d sprititt<\/strong> eller &laquo;r\u00f8dt spektrum&raquo;, et sjeldent atmosf\u00e6risk fenomen (som er dannet omtrent 80 km h\u00f8yde), assosiert med lyn <strong>Nichole &laquo;Vapor&raquo; Ayers <\/strong>som la den ut p\u00e5 X. Dette sjeldne fenomenet ble ud\u00f8deliggjort p\u00e5 400 km i h\u00f8yden fra <strong>Internasjonal romstasjon<\/strong> (ISS) torsdag 3. juli kort tid f\u00f8r den opph\u00f8rte b\u00f8lgen av d\u00e5rlig v\u00e6r som rammet Texas: La oss snakke om &laquo;Snap of Life&raquo; fordi de r\u00f8de spritene er veldig vanskelige \u00e5 ud\u00f8deliggj\u00f8re selv fra bakken (f\u00e5 tusener fra sekunder sist og er for svake til \u00e5 bli observert til det nakne \u00f8ye), slippet si fra verdensrommet! Navnet &laquo;Sprite&raquo; (fra den engelske &laquo;Spirit&raquo; eller &laquo;Elf&raquo;) beskriver <strong>Evel natur<\/strong> Han er <strong>lyse farger<\/strong>men det er ogs\u00e5 forkortelsen for <em>Stratosf\u00e6riske forstyrrelser som f\u00f8lge av intens tordenv\u00e6r elektrifisering &#8211; <\/em>Stratosf\u00e6riske forstyrrelser som f\u00f8lge av intens elektrifisering av tordenv\u00e6r.<\/p>\n<p>Den r\u00f8de sprititten tilh\u00f8rer kategorien av <strong>Forbig\u00e5ende lyse hendelser<\/strong> som oppst\u00e5r over skyen, i den h\u00f8ye atmosf\u00e6ren mellom omtrent <strong>50<\/strong> de <strong>80 km<\/strong> fra jorden. De er fenomener som veldig lite er kjent (det f\u00f8rste fotografiet dateres tilbake &laquo;bare&raquo; til 1989 av et team fra University of Minnesota), men sikkert er deres opprinnelse knyttet til<strong>Samhandling mellom den elektriske aktiviteten til tordenv\u00e6r<\/strong> og <strong>ionisering av den h\u00f8ye atmosf\u00e6ren<\/strong>. En eller annen mekanisme for \u00f8yeblikket som ikke er helt forst\u00e5tt, f\u00f8rer til at akkumulering av elektrisk ladning i de tidsmessige skyene gir ut i den h\u00f8ye atmosf\u00e6ren i stedet for bakken, som tilfellet er for &laquo;tradisjonell&raquo; lyn. I tillegg til den livlige fargeleggingen <strong>R\u00f8dviola <\/strong>(P\u00e5 grunn av nitrogen som er til stede i den \u00f8vre atmosf\u00e6ren), er de preget av dannelsen av grener som kan strekke seg b\u00e5de oppover og nedover n\u00e5r enorme dimensjoner med mer enn <strong>40 km<\/strong> i diameter.<\/p>\n<p>\u00c5 v\u00e6re et fenomen <strong>vanskelig \u00e5 observere<\/strong> I l\u00f8pet av noen f\u00e5 millisekunder og for at de finner sted over skyer, er mange sp\u00f8rsm\u00e5l om sprites natur for \u00f8yeblikket uavklarte: hvordan dannes de? Hvorfor? Der <strong>NASA<\/strong>med sikte p\u00e5 \u00e5 finne svar, siden 2022, har startet prosjektet <strong>Spritakul\u00e6r<\/strong> For \u00e5 samle bilder og data ved hjelp av innbyggere som kan sende skuddene sine ved \u00e5 lage en ekte database om disse hendelsene.<\/p>\n<\/p><\/div>\n","protected":false},"excerpt":{"rendered":"<p>Bildet av en R\u00f8d sprititt eller &laquo;r\u00f8dt spektrum&raquo;, et sjeldent atmosf\u00e6risk fenomen (som er dannet<\/p>\n","protected":false},"author":1,"featured_media":6760,"comment_status":"closed","ping_status":"open","sticky":false,"template":"","format":"standard","meta":{"footnotes":""},"categories":[26],"tags":[185,1814,144,73],"class_list":["post-6759","post","type-post","status-publish","format-standard","has-post-thumbnail","hentry","category-miljo","tag-dette","tag-fenomenet","tag-hva","tag-vet","generate-columns","tablet-grid-50","mobile-grid-100","grid-parent","grid-33","resize-featured-image"],"yoast_head":"<!-- This site is optimized with the Yoast SEO plugin v24.4 - https:\/\/yoast.com\/wordpress\/plugins\/seo\/ -->\n<title>Hva er og hva vi vet om dette fenomenet - Nordnesrepublikken<\/title>\n<meta name=\"robots\" content=\"index, follow, max-snippet:-1, max-image-preview:large, max-video-preview:-1\" \/>\n<link rel=\"canonical\" href=\"https:\/\/nordnesrepublikken.no\/index.php\/2025\/07\/08\/hva-er-og-hva-vi-vet-om-dette-fenomenet\/\" \/>\n<meta property=\"og:locale\" content=\"nb_NO\" \/>\n<meta property=\"og:type\" content=\"article\" \/>\n<meta property=\"og:title\" content=\"Hva er og hva vi vet om dette fenomenet - Nordnesrepublikken\" \/>\n<meta property=\"og:description\" content=\"Bildet av en R\u00f8d sprititt eller &laquo;r\u00f8dt spektrum&raquo;, et sjeldent atmosf\u00e6risk fenomen (som er dannet\" \/>\n<meta property=\"og:url\" content=\"https:\/\/nordnesrepublikken.no\/index.php\/2025\/07\/08\/hva-er-og-hva-vi-vet-om-dette-fenomenet\/\" \/>\n<meta property=\"og:site_name\" content=\"Nordnesrepublikken\" \/>\n<meta property=\"article:published_time\" content=\"2025-07-08T11:49:48+00:00\" \/>\n<meta property=\"article:modified_time\" content=\"2025-07-08T11:49:49+00:00\" \/>\n<meta property=\"og:image\" content=\"https:\/\/nordnesrepublikken.no\/wp-content\/uploads\/2025\/07\/Hva-er-og-hva-vi-vet-om-dette-fenomenet.jpg\" \/>\n\t<meta property=\"og:image:width\" content=\"1280\" \/>\n\t<meta property=\"og:image:height\" content=\"720\" \/>\n\t<meta property=\"og:image:type\" content=\"image\/jpeg\" \/>\n<meta name=\"author\" content=\"Ole Andersen\" \/>\n<meta name=\"twitter:card\" content=\"summary_large_image\" \/>\n<meta name=\"twitter:label1\" content=\"Skrevet av\" \/>\n\t<meta name=\"twitter:data1\" content=\"Ole Andersen\" \/>\n\t<meta name=\"twitter:label2\" content=\"Ansl. lesetid\" \/>\n\t<meta name=\"twitter:data2\" content=\"2 minutter\" \/>\n<script type=\"application\/ld+json\" class=\"yoast-schema-graph\">{\"@context\":\"https:\/\/schema.org\",\"@graph\":[{\"@type\":\"Article\",\"@id\":\"https:\/\/nordnesrepublikken.no\/index.php\/2025\/07\/08\/hva-er-og-hva-vi-vet-om-dette-fenomenet\/#article\",\"isPartOf\":{\"@id\":\"https:\/\/nordnesrepublikken.no\/index.php\/2025\/07\/08\/hva-er-og-hva-vi-vet-om-dette-fenomenet\/\"},\"author\":{\"name\":\"Ole Andersen\",\"@id\":\"https:\/\/nordnesrepublikken.no\/#\/schema\/person\/2e7e81935bab77882fffb79296240ff1\"},\"headline\":\"Hva er og hva vi vet om dette fenomenet\",\"datePublished\":\"2025-07-08T11:49:48+00:00\",\"dateModified\":\"2025-07-08T11:49:49+00:00\",\"mainEntityOfPage\":{\"@id\":\"https:\/\/nordnesrepublikken.no\/index.php\/2025\/07\/08\/hva-er-og-hva-vi-vet-om-dette-fenomenet\/\"},\"wordCount\":395,\"publisher\":{\"@id\":\"https:\/\/nordnesrepublikken.no\/#organization\"},\"image\":{\"@id\":\"https:\/\/nordnesrepublikken.no\/index.php\/2025\/07\/08\/hva-er-og-hva-vi-vet-om-dette-fenomenet\/#primaryimage\"},\"thumbnailUrl\":\"https:\/\/nordnesrepublikken.no\/wp-content\/uploads\/2025\/07\/Hva-er-og-hva-vi-vet-om-dette-fenomenet.jpg\",\"keywords\":[\"dette\",\"fenomenet\",\"Hva\",\"vet\"],\"articleSection\":[\"Milj\u00f8\"],\"inLanguage\":\"nb-NO\"},{\"@type\":\"WebPage\",\"@id\":\"https:\/\/nordnesrepublikken.no\/index.php\/2025\/07\/08\/hva-er-og-hva-vi-vet-om-dette-fenomenet\/\",\"url\":\"https:\/\/nordnesrepublikken.no\/index.php\/2025\/07\/08\/hva-er-og-hva-vi-vet-om-dette-fenomenet\/\",\"name\":\"Hva er og hva vi vet om dette fenomenet - Nordnesrepublikken\",\"isPartOf\":{\"@id\":\"https:\/\/nordnesrepublikken.no\/#website\"},\"primaryImageOfPage\":{\"@id\":\"https:\/\/nordnesrepublikken.no\/index.php\/2025\/07\/08\/hva-er-og-hva-vi-vet-om-dette-fenomenet\/#primaryimage\"},\"image\":{\"@id\":\"https:\/\/nordnesrepublikken.no\/index.php\/2025\/07\/08\/hva-er-og-hva-vi-vet-om-dette-fenomenet\/#primaryimage\"},\"thumbnailUrl\":\"https:\/\/nordnesrepublikken.no\/wp-content\/uploads\/2025\/07\/Hva-er-og-hva-vi-vet-om-dette-fenomenet.jpg\",\"datePublished\":\"2025-07-08T11:49:48+00:00\",\"dateModified\":\"2025-07-08T11:49:49+00:00\",\"breadcrumb\":{\"@id\":\"https:\/\/nordnesrepublikken.no\/index.php\/2025\/07\/08\/hva-er-og-hva-vi-vet-om-dette-fenomenet\/#breadcrumb\"},\"inLanguage\":\"nb-NO\",\"potentialAction\":[{\"@type\":\"ReadAction\",\"target\":[\"https:\/\/nordnesrepublikken.no\/index.php\/2025\/07\/08\/hva-er-og-hva-vi-vet-om-dette-fenomenet\/\"]}]},{\"@type\":\"ImageObject\",\"inLanguage\":\"nb-NO\",\"@id\":\"https:\/\/nordnesrepublikken.no\/index.php\/2025\/07\/08\/hva-er-og-hva-vi-vet-om-dette-fenomenet\/#primaryimage\",\"url\":\"https:\/\/nordnesrepublikken.no\/wp-content\/uploads\/2025\/07\/Hva-er-og-hva-vi-vet-om-dette-fenomenet.jpg\",\"contentUrl\":\"https:\/\/nordnesrepublikken.no\/wp-content\/uploads\/2025\/07\/Hva-er-og-hva-vi-vet-om-dette-fenomenet.jpg\",\"width\":1280,\"height\":720,\"caption\":\"red sprites\"},{\"@type\":\"BreadcrumbList\",\"@id\":\"https:\/\/nordnesrepublikken.no\/index.php\/2025\/07\/08\/hva-er-og-hva-vi-vet-om-dette-fenomenet\/#breadcrumb\",\"itemListElement\":[{\"@type\":\"ListItem\",\"position\":1,\"name\":\"Home\",\"item\":\"https:\/\/nordnesrepublikken.no\/\"},{\"@type\":\"ListItem\",\"position\":2,\"name\":\"Hva er og hva vi vet om dette fenomenet\"}]},{\"@type\":\"WebSite\",\"@id\":\"https:\/\/nordnesrepublikken.no\/#website\",\"url\":\"https:\/\/nordnesrepublikken.no\/\",\"name\":\"Nordnesrepublikken\",\"description\":\"Stemmer og Visjoner fra Republikkens Hjerte\",\"publisher\":{\"@id\":\"https:\/\/nordnesrepublikken.no\/#organization\"},\"potentialAction\":[{\"@type\":\"SearchAction\",\"target\":{\"@type\":\"EntryPoint\",\"urlTemplate\":\"https:\/\/nordnesrepublikken.no\/?s={search_term_string}\"},\"query-input\":{\"@type\":\"PropertyValueSpecification\",\"valueRequired\":true,\"valueName\":\"search_term_string\"}}],\"inLanguage\":\"nb-NO\"},{\"@type\":\"Organization\",\"@id\":\"https:\/\/nordnesrepublikken.no\/#organization\",\"name\":\"Nordnesrepublikken\",\"url\":\"https:\/\/nordnesrepublikken.no\/\",\"logo\":{\"@type\":\"ImageObject\",\"inLanguage\":\"nb-NO\",\"@id\":\"https:\/\/nordnesrepublikken.no\/#\/schema\/logo\/image\/\",\"url\":\"https:\/\/nordnesrepublikken.no\/wp-content\/uploads\/2025\/02\/cropped-nordnesrepublikken-2.png\",\"contentUrl\":\"https:\/\/nordnesrepublikken.no\/wp-content\/uploads\/2025\/02\/cropped-nordnesrepublikken-2.png\",\"width\":1248,\"height\":362,\"caption\":\"Nordnesrepublikken\"},\"image\":{\"@id\":\"https:\/\/nordnesrepublikken.no\/#\/schema\/logo\/image\/\"}},{\"@type\":\"Person\",\"@id\":\"https:\/\/nordnesrepublikken.no\/#\/schema\/person\/2e7e81935bab77882fffb79296240ff1\",\"name\":\"Ole Andersen\",\"image\":{\"@type\":\"ImageObject\",\"inLanguage\":\"nb-NO\",\"@id\":\"https:\/\/nordnesrepublikken.no\/#\/schema\/person\/image\/\",\"url\":\"https:\/\/nordnesrepublikken.no\/wp-content\/uploads\/2025\/02\/nordnesrepublikken-2-2-150x150.jpg\",\"contentUrl\":\"https:\/\/nordnesrepublikken.no\/wp-content\/uploads\/2025\/02\/nordnesrepublikken-2-2-150x150.jpg\",\"caption\":\"Ole Andersen\"},\"description\":\"Ettersom jeg vokste opp i Oslo, har jeg alltid v\u00e6rt fascinert av ordenes kraft og deres evne til \u00e5 skape endringer. Etter \u00e5 ha fullf\u00f8rt min utdannelse i kommunikasjon ved Universitetet i Bergen, fikk jeg muligheten til \u00e5 jobbe innen ulike medier, der jeg har s\u00f8kt \u00e5 belyse viktige samfunnssp\u00f8rsm\u00e5l. I dag, som redakt\u00f8r for Nordnesrepublikken, pr\u00f8ver jeg \u00e5 forene min kj\u00e6rlighet for journalistikk med min lidenskap for innovasjon og eventyr.\",\"sameAs\":[\"https:\/\/nordnesrepublikken.no\/\"]}]}<\/script>\n<!-- \/ Yoast SEO plugin. -->","yoast_head_json":{"title":"Hva er og hva vi vet om dette fenomenet - Nordnesrepublikken","robots":{"index":"index","follow":"follow","max-snippet":"max-snippet:-1","max-image-preview":"max-image-preview:large","max-video-preview":"max-video-preview:-1"},"canonical":"https:\/\/nordnesrepublikken.no\/index.php\/2025\/07\/08\/hva-er-og-hva-vi-vet-om-dette-fenomenet\/","og_locale":"nb_NO","og_type":"article","og_title":"Hva er og hva vi vet om dette fenomenet - Nordnesrepublikken","og_description":"Bildet av en R\u00f8d sprititt eller &laquo;r\u00f8dt spektrum&raquo;, et sjeldent atmosf\u00e6risk fenomen (som er dannet","og_url":"https:\/\/nordnesrepublikken.no\/index.php\/2025\/07\/08\/hva-er-og-hva-vi-vet-om-dette-fenomenet\/","og_site_name":"Nordnesrepublikken","article_published_time":"2025-07-08T11:49:48+00:00","article_modified_time":"2025-07-08T11:49:49+00:00","og_image":[{"width":1280,"height":720,"url":"https:\/\/nordnesrepublikken.no\/wp-content\/uploads\/2025\/07\/Hva-er-og-hva-vi-vet-om-dette-fenomenet.jpg","type":"image\/jpeg"}],"author":"Ole Andersen","twitter_card":"summary_large_image","twitter_misc":{"Skrevet av":"Ole Andersen","Ansl. lesetid":"2 minutter"},"schema":{"@context":"https:\/\/schema.org","@graph":[{"@type":"Article","@id":"https:\/\/nordnesrepublikken.no\/index.php\/2025\/07\/08\/hva-er-og-hva-vi-vet-om-dette-fenomenet\/#article","isPartOf":{"@id":"https:\/\/nordnesrepublikken.no\/index.php\/2025\/07\/08\/hva-er-og-hva-vi-vet-om-dette-fenomenet\/"},"author":{"name":"Ole Andersen","@id":"https:\/\/nordnesrepublikken.no\/#\/schema\/person\/2e7e81935bab77882fffb79296240ff1"},"headline":"Hva er og hva vi vet om dette fenomenet","datePublished":"2025-07-08T11:49:48+00:00","dateModified":"2025-07-08T11:49:49+00:00","mainEntityOfPage":{"@id":"https:\/\/nordnesrepublikken.no\/index.php\/2025\/07\/08\/hva-er-og-hva-vi-vet-om-dette-fenomenet\/"},"wordCount":395,"publisher":{"@id":"https:\/\/nordnesrepublikken.no\/#organization"},"image":{"@id":"https:\/\/nordnesrepublikken.no\/index.php\/2025\/07\/08\/hva-er-og-hva-vi-vet-om-dette-fenomenet\/#primaryimage"},"thumbnailUrl":"https:\/\/nordnesrepublikken.no\/wp-content\/uploads\/2025\/07\/Hva-er-og-hva-vi-vet-om-dette-fenomenet.jpg","keywords":["dette","fenomenet","Hva","vet"],"articleSection":["Milj\u00f8"],"inLanguage":"nb-NO"},{"@type":"WebPage","@id":"https:\/\/nordnesrepublikken.no\/index.php\/2025\/07\/08\/hva-er-og-hva-vi-vet-om-dette-fenomenet\/","url":"https:\/\/nordnesrepublikken.no\/index.php\/2025\/07\/08\/hva-er-og-hva-vi-vet-om-dette-fenomenet\/","name":"Hva er og hva vi vet om dette fenomenet - Nordnesrepublikken","isPartOf":{"@id":"https:\/\/nordnesrepublikken.no\/#website"},"primaryImageOfPage":{"@id":"https:\/\/nordnesrepublikken.no\/index.php\/2025\/07\/08\/hva-er-og-hva-vi-vet-om-dette-fenomenet\/#primaryimage"},"image":{"@id":"https:\/\/nordnesrepublikken.no\/index.php\/2025\/07\/08\/hva-er-og-hva-vi-vet-om-dette-fenomenet\/#primaryimage"},"thumbnailUrl":"https:\/\/nordnesrepublikken.no\/wp-content\/uploads\/2025\/07\/Hva-er-og-hva-vi-vet-om-dette-fenomenet.jpg","datePublished":"2025-07-08T11:49:48+00:00","dateModified":"2025-07-08T11:49:49+00:00","breadcrumb":{"@id":"https:\/\/nordnesrepublikken.no\/index.php\/2025\/07\/08\/hva-er-og-hva-vi-vet-om-dette-fenomenet\/#breadcrumb"},"inLanguage":"nb-NO","potentialAction":[{"@type":"ReadAction","target":["https:\/\/nordnesrepublikken.no\/index.php\/2025\/07\/08\/hva-er-og-hva-vi-vet-om-dette-fenomenet\/"]}]},{"@type":"ImageObject","inLanguage":"nb-NO","@id":"https:\/\/nordnesrepublikken.no\/index.php\/2025\/07\/08\/hva-er-og-hva-vi-vet-om-dette-fenomenet\/#primaryimage","url":"https:\/\/nordnesrepublikken.no\/wp-content\/uploads\/2025\/07\/Hva-er-og-hva-vi-vet-om-dette-fenomenet.jpg","contentUrl":"https:\/\/nordnesrepublikken.no\/wp-content\/uploads\/2025\/07\/Hva-er-og-hva-vi-vet-om-dette-fenomenet.jpg","width":1280,"height":720,"caption":"red sprites"},{"@type":"BreadcrumbList","@id":"https:\/\/nordnesrepublikken.no\/index.php\/2025\/07\/08\/hva-er-og-hva-vi-vet-om-dette-fenomenet\/#breadcrumb","itemListElement":[{"@type":"ListItem","position":1,"name":"Home","item":"https:\/\/nordnesrepublikken.no\/"},{"@type":"ListItem","position":2,"name":"Hva er og hva vi vet om dette fenomenet"}]},{"@type":"WebSite","@id":"https:\/\/nordnesrepublikken.no\/#website","url":"https:\/\/nordnesrepublikken.no\/","name":"Nordnesrepublikken","description":"Stemmer og Visjoner fra Republikkens Hjerte","publisher":{"@id":"https:\/\/nordnesrepublikken.no\/#organization"},"potentialAction":[{"@type":"SearchAction","target":{"@type":"EntryPoint","urlTemplate":"https:\/\/nordnesrepublikken.no\/?s={search_term_string}"},"query-input":{"@type":"PropertyValueSpecification","valueRequired":true,"valueName":"search_term_string"}}],"inLanguage":"nb-NO"},{"@type":"Organization","@id":"https:\/\/nordnesrepublikken.no\/#organization","name":"Nordnesrepublikken","url":"https:\/\/nordnesrepublikken.no\/","logo":{"@type":"ImageObject","inLanguage":"nb-NO","@id":"https:\/\/nordnesrepublikken.no\/#\/schema\/logo\/image\/","url":"https:\/\/nordnesrepublikken.no\/wp-content\/uploads\/2025\/02\/cropped-nordnesrepublikken-2.png","contentUrl":"https:\/\/nordnesrepublikken.no\/wp-content\/uploads\/2025\/02\/cropped-nordnesrepublikken-2.png","width":1248,"height":362,"caption":"Nordnesrepublikken"},"image":{"@id":"https:\/\/nordnesrepublikken.no\/#\/schema\/logo\/image\/"}},{"@type":"Person","@id":"https:\/\/nordnesrepublikken.no\/#\/schema\/person\/2e7e81935bab77882fffb79296240ff1","name":"Ole Andersen","image":{"@type":"ImageObject","inLanguage":"nb-NO","@id":"https:\/\/nordnesrepublikken.no\/#\/schema\/person\/image\/","url":"https:\/\/nordnesrepublikken.no\/wp-content\/uploads\/2025\/02\/nordnesrepublikken-2-2-150x150.jpg","contentUrl":"https:\/\/nordnesrepublikken.no\/wp-content\/uploads\/2025\/02\/nordnesrepublikken-2-2-150x150.jpg","caption":"Ole Andersen"},"description":"Ettersom jeg vokste opp i Oslo, har jeg alltid v\u00e6rt fascinert av ordenes kraft og deres evne til \u00e5 skape endringer. Etter \u00e5 ha fullf\u00f8rt min utdannelse i kommunikasjon ved Universitetet i Bergen, fikk jeg muligheten til \u00e5 jobbe innen ulike medier, der jeg har s\u00f8kt \u00e5 belyse viktige samfunnssp\u00f8rsm\u00e5l. I dag, som redakt\u00f8r for Nordnesrepublikken, pr\u00f8ver jeg \u00e5 forene min kj\u00e6rlighet for journalistikk med min lidenskap for innovasjon og eventyr.","sameAs":["https:\/\/nordnesrepublikken.no\/"]}]}},"_links":{"self":[{"href":"https:\/\/nordnesrepublikken.no\/index.php\/wp-json\/wp\/v2\/posts\/6759","targetHints":{"allow":["GET"]}}],"collection":[{"href":"https:\/\/nordnesrepublikken.no\/index.php\/wp-json\/wp\/v2\/posts"}],"about":[{"href":"https:\/\/nordnesrepublikken.no\/index.php\/wp-json\/wp\/v2\/types\/post"}],"author":[{"embeddable":true,"href":"https:\/\/nordnesrepublikken.no\/index.php\/wp-json\/wp\/v2\/users\/1"}],"replies":[{"embeddable":true,"href":"https:\/\/nordnesrepublikken.no\/index.php\/wp-json\/wp\/v2\/comments?post=6759"}],"version-history":[{"count":1,"href":"https:\/\/nordnesrepublikken.no\/index.php\/wp-json\/wp\/v2\/posts\/6759\/revisions"}],"predecessor-version":[{"id":6761,"href":"https:\/\/nordnesrepublikken.no\/index.php\/wp-json\/wp\/v2\/posts\/6759\/revisions\/6761"}],"wp:featuredmedia":[{"embeddable":true,"href":"https:\/\/nordnesrepublikken.no\/index.php\/wp-json\/wp\/v2\/media\/6760"}],"wp:attachment":[{"href":"https:\/\/nordnesrepublikken.no\/index.php\/wp-json\/wp\/v2\/media?parent=6759"}],"wp:term":[{"taxonomy":"category","embeddable":true,"href":"https:\/\/nordnesrepublikken.no\/index.php\/wp-json\/wp\/v2\/categories?post=6759"},{"taxonomy":"post_tag","embeddable":true,"href":"https:\/\/nordnesrepublikken.no\/index.php\/wp-json\/wp\/v2\/tags?post=6759"}],"curies":[{"name":"wp","href":"https:\/\/api.w.org\/{rel}","templated":true}]}}