{"id":6748,"date":"2025-07-13T08:00:00","date_gmt":"2025-07-13T06:00:00","guid":{"rendered":"https:\/\/nordnesrepublikken.no\/?p=6748"},"modified":"2025-07-08T09:21:11","modified_gmt":"2025-07-08T07:21:11","slug":"na-er-tiden-inne-for-a-beskjaere-oliventraerne-slik-gjor-du-det-riktig","status":"publish","type":"post","link":"https:\/\/nordnesrepublikken.no\/index.php\/2025\/07\/13\/na-er-tiden-inne-for-a-beskjaere-oliventraerne-slik-gjor-du-det-riktig\/","title":{"rendered":"N\u00e5 er tiden inne for \u00e5 beskj\u00e6re oliventr\u00e6rne \u2013 slik gj\u00f8r du det riktig"},"content":{"rendered":"\n<p><em><strong>Jeg husker f\u00f8rste gangen jeg beskar oliventreet mitt: det var tidlig v\u00e5r, og det f\u00f8ltes skremmende \u00e5 kutte i grenene p\u00e5 et tre som hadde v\u00e6rt der i flere ti\u00e5r. N\u00e5 deler jeg mine erfaringer med hvordan du p\u00e5 en trygg m\u00e5te kan styrke treets helse og fruktutbytte.<\/strong><\/em><\/p>\n\n\n\n<!--more-->\n\n\n\n<h2 class=\"wp-block-heading\">N\u00e5r er det ideelt \u00e5 beskj\u00e6re et oliventre?<\/h2>\n\n\n\n<p>Tids\u00adpunktet avhenger av hva slags <strong>oliventre<\/strong> du har i hagen. Frukttr\u00e6r b\u00f8r f\u00e5 sin <strong>vinterbeskj\u00e6ring<\/strong> fra mars til mai, etter at faren for harde frostnetter er over, men f\u00f8r knoppsprengning. Pyntetr\u00e6r kan derimot trimmes litt senere, rundt april, n\u00e5r du kun \u00f8nsker en lett oppfriskning av formen. Gamle, staselige eksemplarer kan du la g\u00e5 i dvale til juni, med beskj\u00e6ring hvert tredje \u00e5r for \u00e5 unng\u00e5 <strong>skade fra nattefrost<\/strong> og bevare kraften i stammen.<\/p>\n\n\n\n<h2 class=\"wp-block-heading\">Hvorfor beskj\u00e6re et oliventre?<\/h2>\n\n\n\n<p>En god <strong>beskj\u00e6ringsteknikk<\/strong> gj\u00f8r mer enn \u00e5 holde et tre pent. Ved stadig \u00e5 fjerne kryssende eller svake greiner, styrker du treets hovedstruktur og lar lys og luft slippe inn. Det gir sunnere vekst, kraftigere <strong>fruktproduksjon<\/strong> og mindre <a href=\"https:\/\/nordnesrepublikken.no\/index.php\/2025\/06\/07\/er-det-risiko-for-grunnleggende-rettigheter\/\"><strong><span style=\"text-decoration: underline;\">risiko <\/span><\/strong><\/a>for sykdom. Da jeg hjalp en nabo med et unnselig oliventre, s\u00e5 vi at ett \u00e5r etter beskj\u00e6ring var greinene betydelig kraftigere \u2013 og det var flere oliven \u00e5 plukke enn noen gang f\u00f8r.<\/p>\n\n\n\n<h2 class=\"wp-block-heading\">Hvordan beskj\u00e6re et oliventre?<\/h2>\n\n\n\n<p>Start alltid med \u00e5 fjerne d\u00f8de eller skadede greiner, slik at du kun arbeider med <strong>levende <\/strong>ved. Deretter fjerner du sm\u00e5, kryssende skudd som vokser inn mot midten av kronen. For unge frukttr\u00e6r utf\u00f8rer du en \u00abformasjonsbeskj\u00e6ring\u00bb n\u00e5r treet n\u00e5r omtrent 1,5 meter; her fjerner du sidegrener som forstyrrer hovedstammen. \u00c5 jobbe m\u00e5lrettet gir en harmonisk <strong>grenforming<\/strong> og et solid rammeverk for fremtidig vekst.<\/p>\n\n\n\n<h2 class=\"wp-block-heading\">Hvordan beskj\u00e6re et aldri f\u00f8r beskj\u00e6rt oliventre?<\/h2>\n\n\n\n<p>Ubesk\u00e5rede oliventr\u00e6r kan bli ujevne og tette. Da kan du starte n\u00e6r bakken og kutte de eldste greinene helt ned til omkring 20\u201330 cm over jordoverflaten. Velg \u00e9n kraftig grein som ny leder, og fjern sidegreiner og rotskudd rundt. Dette skaper grunnlaget for en jevnere, mer oversiktlig krone. Et godt <strong><span style=\"text-decoration: underline;\"><a href=\"https:\/\/nordnesrepublikken.no\/index.php\/2025\/07\/07\/tips-for-a-gjenkjenne-og-forsvare-deg-mot-svindelen-pa-online-kjop\/\">tips<\/a> <\/span><\/strong>er \u00e5 gj\u00f8dsle med et organisk <strong>foryngelses\u00admiddel<\/strong> etterp\u00e5 for \u00e5 stimulere nye, sterke skudd.<\/p>\n\n\n\n<h2 class=\"wp-block-heading\">Fornye et oliventre: hvordan gi det nytt liv?<\/h2>\n\n\n\n<p>Ved \u00e5 \u00abr\u00f8ske opp\u00bb et eldre tre med en kraftig beskj\u00e6ring, klipper du alle grove <strong>hovedgreiner<\/strong> tilbake til 10\u201320 cm fra stammen. Bruk en skarp sag og s\u00f8rg for rene snitt, slik at treet kan leges raskt. La noen f\u00e5 nye skudd st\u00e5 igjen som fremtidige hovedgrener. Etterp\u00e5 b\u00f8r du tilf\u00f8re n\u00e6ring for \u00e5 bidra til rask gjenvekst og ny knoppsetting.<\/p>\n\n\n\n<h2 class=\"wp-block-heading\">Vedlikeholdsbeskj\u00e6ring av oliventre<\/h2>\n\n\n\n<p>For \u00e5 holde treet i toppform, gj\u00f8r en lett <strong>vedlikeholdsrunde<\/strong> hver vinter (februar\u2013mars). Fjern gamle, trette greiner og klipp bort d\u00f8dt treverk. Hvert annet til tredje \u00e5r anbefales en dypere beskj\u00e6ring for \u00e5 fremme kraftigere blomstring og st\u00f8rre oliven. Slik unng\u00e5r du at kronen blir for tett, og gir alltid treet rom til \u00e5 puste.<\/p>\n","protected":false},"excerpt":{"rendered":"<p>Jeg husker f\u00f8rste gangen jeg beskar oliventreet mitt: det var tidlig v\u00e5r, og det f\u00f8ltes<\/p>\n","protected":false},"author":3,"featured_media":6749,"comment_status":"closed","ping_status":"open","sticky":false,"template":"","format":"standard","meta":{"footnotes":""},"categories":[1287],"tags":[],"class_list":["post-6748","post","type-post","status-publish","format-standard","has-post-thumbnail","hentry","category-nyheter","generate-columns","tablet-grid-50","mobile-grid-100","grid-parent","grid-33","resize-featured-image"],"yoast_head":"<!-- This site is optimized with the Yoast SEO plugin v24.4 - https:\/\/yoast.com\/wordpress\/plugins\/seo\/ -->\n<title>N\u00e5 er tiden inne for \u00e5 beskj\u00e6re oliventr\u00e6rne \u2013 slik gj\u00f8r du det riktig - Nordnesrepublikken<\/title>\n<meta name=\"robots\" content=\"index, follow, max-snippet:-1, max-image-preview:large, max-video-preview:-1\" \/>\n<link rel=\"canonical\" href=\"https:\/\/nordnesrepublikken.no\/index.php\/2025\/07\/13\/na-er-tiden-inne-for-a-beskjaere-oliventraerne-slik-gjor-du-det-riktig\/\" \/>\n<meta property=\"og:locale\" content=\"nb_NO\" \/>\n<meta property=\"og:type\" content=\"article\" \/>\n<meta property=\"og:title\" content=\"N\u00e5 er tiden inne for \u00e5 beskj\u00e6re oliventr\u00e6rne \u2013 slik gj\u00f8r du det riktig - Nordnesrepublikken\" \/>\n<meta property=\"og:description\" content=\"Jeg husker f\u00f8rste gangen jeg beskar oliventreet mitt: det var tidlig v\u00e5r, og det f\u00f8ltes\" \/>\n<meta property=\"og:url\" content=\"https:\/\/nordnesrepublikken.no\/index.php\/2025\/07\/13\/na-er-tiden-inne-for-a-beskjaere-oliventraerne-slik-gjor-du-det-riktig\/\" \/>\n<meta property=\"og:site_name\" content=\"Nordnesrepublikken\" \/>\n<meta property=\"article:published_time\" content=\"2025-07-13T06:00:00+00:00\" \/>\n<meta property=\"og:image\" content=\"https:\/\/nordnesrepublikken.no\/wp-content\/uploads\/2025\/07\/Design-sans-titre-4.jpg\" \/>\n\t<meta property=\"og:image:width\" content=\"1200\" \/>\n\t<meta property=\"og:image:height\" content=\"800\" \/>\n\t<meta property=\"og:image:type\" content=\"image\/jpeg\" \/>\n<meta name=\"author\" content=\"Veronika Andersen\" \/>\n<meta name=\"twitter:card\" content=\"summary_large_image\" \/>\n<meta name=\"twitter:label1\" content=\"Skrevet av\" \/>\n\t<meta name=\"twitter:data1\" content=\"Veronika Andersen\" \/>\n\t<meta name=\"twitter:label2\" content=\"Ansl. lesetid\" \/>\n\t<meta name=\"twitter:data2\" content=\"3 minutter\" \/>\n<script type=\"application\/ld+json\" class=\"yoast-schema-graph\">{\"@context\":\"https:\/\/schema.org\",\"@graph\":[{\"@type\":\"Article\",\"@id\":\"https:\/\/nordnesrepublikken.no\/index.php\/2025\/07\/13\/na-er-tiden-inne-for-a-beskjaere-oliventraerne-slik-gjor-du-det-riktig\/#article\",\"isPartOf\":{\"@id\":\"https:\/\/nordnesrepublikken.no\/index.php\/2025\/07\/13\/na-er-tiden-inne-for-a-beskjaere-oliventraerne-slik-gjor-du-det-riktig\/\"},\"author\":{\"name\":\"Veronika Andersen\",\"@id\":\"https:\/\/nordnesrepublikken.no\/#\/schema\/person\/abc03aa5515ba36093b3017e37d518c8\"},\"headline\":\"N\u00e5 er tiden inne for \u00e5 beskj\u00e6re oliventr\u00e6rne \u2013 slik gj\u00f8r du det riktig\",\"datePublished\":\"2025-07-13T06:00:00+00:00\",\"mainEntityOfPage\":{\"@id\":\"https:\/\/nordnesrepublikken.no\/index.php\/2025\/07\/13\/na-er-tiden-inne-for-a-beskjaere-oliventraerne-slik-gjor-du-det-riktig\/\"},\"wordCount\":520,\"publisher\":{\"@id\":\"https:\/\/nordnesrepublikken.no\/#organization\"},\"image\":{\"@id\":\"https:\/\/nordnesrepublikken.no\/index.php\/2025\/07\/13\/na-er-tiden-inne-for-a-beskjaere-oliventraerne-slik-gjor-du-det-riktig\/#primaryimage\"},\"thumbnailUrl\":\"https:\/\/nordnesrepublikken.no\/wp-content\/uploads\/2025\/07\/Design-sans-titre-4.jpg\",\"articleSection\":[\"Nyheter\"],\"inLanguage\":\"nb-NO\"},{\"@type\":\"WebPage\",\"@id\":\"https:\/\/nordnesrepublikken.no\/index.php\/2025\/07\/13\/na-er-tiden-inne-for-a-beskjaere-oliventraerne-slik-gjor-du-det-riktig\/\",\"url\":\"https:\/\/nordnesrepublikken.no\/index.php\/2025\/07\/13\/na-er-tiden-inne-for-a-beskjaere-oliventraerne-slik-gjor-du-det-riktig\/\",\"name\":\"N\u00e5 er tiden inne for \u00e5 beskj\u00e6re oliventr\u00e6rne \u2013 slik gj\u00f8r du det riktig - Nordnesrepublikken\",\"isPartOf\":{\"@id\":\"https:\/\/nordnesrepublikken.no\/#website\"},\"primaryImageOfPage\":{\"@id\":\"https:\/\/nordnesrepublikken.no\/index.php\/2025\/07\/13\/na-er-tiden-inne-for-a-beskjaere-oliventraerne-slik-gjor-du-det-riktig\/#primaryimage\"},\"image\":{\"@id\":\"https:\/\/nordnesrepublikken.no\/index.php\/2025\/07\/13\/na-er-tiden-inne-for-a-beskjaere-oliventraerne-slik-gjor-du-det-riktig\/#primaryimage\"},\"thumbnailUrl\":\"https:\/\/nordnesrepublikken.no\/wp-content\/uploads\/2025\/07\/Design-sans-titre-4.jpg\",\"datePublished\":\"2025-07-13T06:00:00+00:00\",\"breadcrumb\":{\"@id\":\"https:\/\/nordnesrepublikken.no\/index.php\/2025\/07\/13\/na-er-tiden-inne-for-a-beskjaere-oliventraerne-slik-gjor-du-det-riktig\/#breadcrumb\"},\"inLanguage\":\"nb-NO\",\"potentialAction\":[{\"@type\":\"ReadAction\",\"target\":[\"https:\/\/nordnesrepublikken.no\/index.php\/2025\/07\/13\/na-er-tiden-inne-for-a-beskjaere-oliventraerne-slik-gjor-du-det-riktig\/\"]}]},{\"@type\":\"ImageObject\",\"inLanguage\":\"nb-NO\",\"@id\":\"https:\/\/nordnesrepublikken.no\/index.php\/2025\/07\/13\/na-er-tiden-inne-for-a-beskjaere-oliventraerne-slik-gjor-du-det-riktig\/#primaryimage\",\"url\":\"https:\/\/nordnesrepublikken.no\/wp-content\/uploads\/2025\/07\/Design-sans-titre-4.jpg\",\"contentUrl\":\"https:\/\/nordnesrepublikken.no\/wp-content\/uploads\/2025\/07\/Design-sans-titre-4.jpg\",\"width\":1200,\"height\":800,\"caption\":\"N\u00e5 er tiden inne for \u00e5 beskj\u00e6re oliventr\u00e6rne \u2013 slik gj\u00f8r du det riktig\"},{\"@type\":\"BreadcrumbList\",\"@id\":\"https:\/\/nordnesrepublikken.no\/index.php\/2025\/07\/13\/na-er-tiden-inne-for-a-beskjaere-oliventraerne-slik-gjor-du-det-riktig\/#breadcrumb\",\"itemListElement\":[{\"@type\":\"ListItem\",\"position\":1,\"name\":\"Home\",\"item\":\"https:\/\/nordnesrepublikken.no\/\"},{\"@type\":\"ListItem\",\"position\":2,\"name\":\"N\u00e5 er tiden inne for \u00e5 beskj\u00e6re oliventr\u00e6rne \u2013 slik gj\u00f8r du det riktig\"}]},{\"@type\":\"WebSite\",\"@id\":\"https:\/\/nordnesrepublikken.no\/#website\",\"url\":\"https:\/\/nordnesrepublikken.no\/\",\"name\":\"Nordnesrepublikken\",\"description\":\"Stemmer og Visjoner fra Republikkens Hjerte\",\"publisher\":{\"@id\":\"https:\/\/nordnesrepublikken.no\/#organization\"},\"potentialAction\":[{\"@type\":\"SearchAction\",\"target\":{\"@type\":\"EntryPoint\",\"urlTemplate\":\"https:\/\/nordnesrepublikken.no\/?s={search_term_string}\"},\"query-input\":{\"@type\":\"PropertyValueSpecification\",\"valueRequired\":true,\"valueName\":\"search_term_string\"}}],\"inLanguage\":\"nb-NO\"},{\"@type\":\"Organization\",\"@id\":\"https:\/\/nordnesrepublikken.no\/#organization\",\"name\":\"Nordnesrepublikken\",\"url\":\"https:\/\/nordnesrepublikken.no\/\",\"logo\":{\"@type\":\"ImageObject\",\"inLanguage\":\"nb-NO\",\"@id\":\"https:\/\/nordnesrepublikken.no\/#\/schema\/logo\/image\/\",\"url\":\"https:\/\/nordnesrepublikken.no\/wp-content\/uploads\/2025\/02\/cropped-nordnesrepublikken-2.png\",\"contentUrl\":\"https:\/\/nordnesrepublikken.no\/wp-content\/uploads\/2025\/02\/cropped-nordnesrepublikken-2.png\",\"width\":1248,\"height\":362,\"caption\":\"Nordnesrepublikken\"},\"image\":{\"@id\":\"https:\/\/nordnesrepublikken.no\/#\/schema\/logo\/image\/\"}},{\"@type\":\"Person\",\"@id\":\"https:\/\/nordnesrepublikken.no\/#\/schema\/person\/abc03aa5515ba36093b3017e37d518c8\",\"name\":\"Veronika Andersen\",\"image\":{\"@type\":\"ImageObject\",\"inLanguage\":\"nb-NO\",\"@id\":\"https:\/\/nordnesrepublikken.no\/#\/schema\/person\/image\/\",\"url\":\"https:\/\/secure.gravatar.com\/avatar\/d1f3c7e776e49a5853ff59ce440b9546c800cd0512bce7cc678bde63dec47a39?s=96&d=mm&r=g\",\"contentUrl\":\"https:\/\/secure.gravatar.com\/avatar\/d1f3c7e776e49a5853ff59ce440b9546c800cd0512bce7cc678bde63dec47a39?s=96&d=mm&r=g\",\"caption\":\"Veronika Andersen\"},\"sameAs\":[\"https:\/\/nordnesrepublikken.no\/\"]}]}<\/script>\n<!-- \/ Yoast SEO plugin. -->","yoast_head_json":{"title":"N\u00e5 er tiden inne for \u00e5 beskj\u00e6re oliventr\u00e6rne \u2013 slik gj\u00f8r du det riktig - Nordnesrepublikken","robots":{"index":"index","follow":"follow","max-snippet":"max-snippet:-1","max-image-preview":"max-image-preview:large","max-video-preview":"max-video-preview:-1"},"canonical":"https:\/\/nordnesrepublikken.no\/index.php\/2025\/07\/13\/na-er-tiden-inne-for-a-beskjaere-oliventraerne-slik-gjor-du-det-riktig\/","og_locale":"nb_NO","og_type":"article","og_title":"N\u00e5 er tiden inne for \u00e5 beskj\u00e6re oliventr\u00e6rne \u2013 slik gj\u00f8r du det riktig - Nordnesrepublikken","og_description":"Jeg husker f\u00f8rste gangen jeg beskar oliventreet mitt: det var tidlig v\u00e5r, og det f\u00f8ltes","og_url":"https:\/\/nordnesrepublikken.no\/index.php\/2025\/07\/13\/na-er-tiden-inne-for-a-beskjaere-oliventraerne-slik-gjor-du-det-riktig\/","og_site_name":"Nordnesrepublikken","article_published_time":"2025-07-13T06:00:00+00:00","og_image":[{"width":1200,"height":800,"url":"https:\/\/nordnesrepublikken.no\/wp-content\/uploads\/2025\/07\/Design-sans-titre-4.jpg","type":"image\/jpeg"}],"author":"Veronika Andersen","twitter_card":"summary_large_image","twitter_misc":{"Skrevet av":"Veronika Andersen","Ansl. lesetid":"3 minutter"},"schema":{"@context":"https:\/\/schema.org","@graph":[{"@type":"Article","@id":"https:\/\/nordnesrepublikken.no\/index.php\/2025\/07\/13\/na-er-tiden-inne-for-a-beskjaere-oliventraerne-slik-gjor-du-det-riktig\/#article","isPartOf":{"@id":"https:\/\/nordnesrepublikken.no\/index.php\/2025\/07\/13\/na-er-tiden-inne-for-a-beskjaere-oliventraerne-slik-gjor-du-det-riktig\/"},"author":{"name":"Veronika Andersen","@id":"https:\/\/nordnesrepublikken.no\/#\/schema\/person\/abc03aa5515ba36093b3017e37d518c8"},"headline":"N\u00e5 er tiden inne for \u00e5 beskj\u00e6re oliventr\u00e6rne \u2013 slik gj\u00f8r du det riktig","datePublished":"2025-07-13T06:00:00+00:00","mainEntityOfPage":{"@id":"https:\/\/nordnesrepublikken.no\/index.php\/2025\/07\/13\/na-er-tiden-inne-for-a-beskjaere-oliventraerne-slik-gjor-du-det-riktig\/"},"wordCount":520,"publisher":{"@id":"https:\/\/nordnesrepublikken.no\/#organization"},"image":{"@id":"https:\/\/nordnesrepublikken.no\/index.php\/2025\/07\/13\/na-er-tiden-inne-for-a-beskjaere-oliventraerne-slik-gjor-du-det-riktig\/#primaryimage"},"thumbnailUrl":"https:\/\/nordnesrepublikken.no\/wp-content\/uploads\/2025\/07\/Design-sans-titre-4.jpg","articleSection":["Nyheter"],"inLanguage":"nb-NO"},{"@type":"WebPage","@id":"https:\/\/nordnesrepublikken.no\/index.php\/2025\/07\/13\/na-er-tiden-inne-for-a-beskjaere-oliventraerne-slik-gjor-du-det-riktig\/","url":"https:\/\/nordnesrepublikken.no\/index.php\/2025\/07\/13\/na-er-tiden-inne-for-a-beskjaere-oliventraerne-slik-gjor-du-det-riktig\/","name":"N\u00e5 er tiden inne for \u00e5 beskj\u00e6re oliventr\u00e6rne \u2013 slik gj\u00f8r du det riktig - Nordnesrepublikken","isPartOf":{"@id":"https:\/\/nordnesrepublikken.no\/#website"},"primaryImageOfPage":{"@id":"https:\/\/nordnesrepublikken.no\/index.php\/2025\/07\/13\/na-er-tiden-inne-for-a-beskjaere-oliventraerne-slik-gjor-du-det-riktig\/#primaryimage"},"image":{"@id":"https:\/\/nordnesrepublikken.no\/index.php\/2025\/07\/13\/na-er-tiden-inne-for-a-beskjaere-oliventraerne-slik-gjor-du-det-riktig\/#primaryimage"},"thumbnailUrl":"https:\/\/nordnesrepublikken.no\/wp-content\/uploads\/2025\/07\/Design-sans-titre-4.jpg","datePublished":"2025-07-13T06:00:00+00:00","breadcrumb":{"@id":"https:\/\/nordnesrepublikken.no\/index.php\/2025\/07\/13\/na-er-tiden-inne-for-a-beskjaere-oliventraerne-slik-gjor-du-det-riktig\/#breadcrumb"},"inLanguage":"nb-NO","potentialAction":[{"@type":"ReadAction","target":["https:\/\/nordnesrepublikken.no\/index.php\/2025\/07\/13\/na-er-tiden-inne-for-a-beskjaere-oliventraerne-slik-gjor-du-det-riktig\/"]}]},{"@type":"ImageObject","inLanguage":"nb-NO","@id":"https:\/\/nordnesrepublikken.no\/index.php\/2025\/07\/13\/na-er-tiden-inne-for-a-beskjaere-oliventraerne-slik-gjor-du-det-riktig\/#primaryimage","url":"https:\/\/nordnesrepublikken.no\/wp-content\/uploads\/2025\/07\/Design-sans-titre-4.jpg","contentUrl":"https:\/\/nordnesrepublikken.no\/wp-content\/uploads\/2025\/07\/Design-sans-titre-4.jpg","width":1200,"height":800,"caption":"N\u00e5 er tiden inne for \u00e5 beskj\u00e6re oliventr\u00e6rne \u2013 slik gj\u00f8r du det riktig"},{"@type":"BreadcrumbList","@id":"https:\/\/nordnesrepublikken.no\/index.php\/2025\/07\/13\/na-er-tiden-inne-for-a-beskjaere-oliventraerne-slik-gjor-du-det-riktig\/#breadcrumb","itemListElement":[{"@type":"ListItem","position":1,"name":"Home","item":"https:\/\/nordnesrepublikken.no\/"},{"@type":"ListItem","position":2,"name":"N\u00e5 er tiden inne for \u00e5 beskj\u00e6re oliventr\u00e6rne \u2013 slik gj\u00f8r du det riktig"}]},{"@type":"WebSite","@id":"https:\/\/nordnesrepublikken.no\/#website","url":"https:\/\/nordnesrepublikken.no\/","name":"Nordnesrepublikken","description":"Stemmer og Visjoner fra Republikkens Hjerte","publisher":{"@id":"https:\/\/nordnesrepublikken.no\/#organization"},"potentialAction":[{"@type":"SearchAction","target":{"@type":"EntryPoint","urlTemplate":"https:\/\/nordnesrepublikken.no\/?s={search_term_string}"},"query-input":{"@type":"PropertyValueSpecification","valueRequired":true,"valueName":"search_term_string"}}],"inLanguage":"nb-NO"},{"@type":"Organization","@id":"https:\/\/nordnesrepublikken.no\/#organization","name":"Nordnesrepublikken","url":"https:\/\/nordnesrepublikken.no\/","logo":{"@type":"ImageObject","inLanguage":"nb-NO","@id":"https:\/\/nordnesrepublikken.no\/#\/schema\/logo\/image\/","url":"https:\/\/nordnesrepublikken.no\/wp-content\/uploads\/2025\/02\/cropped-nordnesrepublikken-2.png","contentUrl":"https:\/\/nordnesrepublikken.no\/wp-content\/uploads\/2025\/02\/cropped-nordnesrepublikken-2.png","width":1248,"height":362,"caption":"Nordnesrepublikken"},"image":{"@id":"https:\/\/nordnesrepublikken.no\/#\/schema\/logo\/image\/"}},{"@type":"Person","@id":"https:\/\/nordnesrepublikken.no\/#\/schema\/person\/abc03aa5515ba36093b3017e37d518c8","name":"Veronika Andersen","image":{"@type":"ImageObject","inLanguage":"nb-NO","@id":"https:\/\/nordnesrepublikken.no\/#\/schema\/person\/image\/","url":"https:\/\/secure.gravatar.com\/avatar\/d1f3c7e776e49a5853ff59ce440b9546c800cd0512bce7cc678bde63dec47a39?s=96&d=mm&r=g","contentUrl":"https:\/\/secure.gravatar.com\/avatar\/d1f3c7e776e49a5853ff59ce440b9546c800cd0512bce7cc678bde63dec47a39?s=96&d=mm&r=g","caption":"Veronika Andersen"},"sameAs":["https:\/\/nordnesrepublikken.no\/"]}]}},"_links":{"self":[{"href":"https:\/\/nordnesrepublikken.no\/index.php\/wp-json\/wp\/v2\/posts\/6748","targetHints":{"allow":["GET"]}}],"collection":[{"href":"https:\/\/nordnesrepublikken.no\/index.php\/wp-json\/wp\/v2\/posts"}],"about":[{"href":"https:\/\/nordnesrepublikken.no\/index.php\/wp-json\/wp\/v2\/types\/post"}],"author":[{"embeddable":true,"href":"https:\/\/nordnesrepublikken.no\/index.php\/wp-json\/wp\/v2\/users\/3"}],"replies":[{"embeddable":true,"href":"https:\/\/nordnesrepublikken.no\/index.php\/wp-json\/wp\/v2\/comments?post=6748"}],"version-history":[{"count":1,"href":"https:\/\/nordnesrepublikken.no\/index.php\/wp-json\/wp\/v2\/posts\/6748\/revisions"}],"predecessor-version":[{"id":6750,"href":"https:\/\/nordnesrepublikken.no\/index.php\/wp-json\/wp\/v2\/posts\/6748\/revisions\/6750"}],"wp:featuredmedia":[{"embeddable":true,"href":"https:\/\/nordnesrepublikken.no\/index.php\/wp-json\/wp\/v2\/media\/6749"}],"wp:attachment":[{"href":"https:\/\/nordnesrepublikken.no\/index.php\/wp-json\/wp\/v2\/media?parent=6748"}],"wp:term":[{"taxonomy":"category","embeddable":true,"href":"https:\/\/nordnesrepublikken.no\/index.php\/wp-json\/wp\/v2\/categories?post=6748"},{"taxonomy":"post_tag","embeddable":true,"href":"https:\/\/nordnesrepublikken.no\/index.php\/wp-json\/wp\/v2\/tags?post=6748"}],"curies":[{"name":"wp","href":"https:\/\/api.w.org\/{rel}","templated":true}]}}