{"id":6623,"date":"2025-07-05T08:49:32","date_gmt":"2025-07-05T06:49:32","guid":{"rendered":"https:\/\/nordnesrepublikken.no\/index.php\/2025\/07\/05\/historie-ingeniorfag-og-legender-om-et-symbol-pa-lake-garda\/"},"modified":"2025-07-05T08:49:39","modified_gmt":"2025-07-05T06:49:39","slug":"historie-ingeniorfag-og-legender-om-et-symbol-pa-lake-garda","status":"publish","type":"post","link":"https:\/\/nordnesrepublikken.no\/index.php\/2025\/07\/05\/historie-ingeniorfag-og-legender-om-et-symbol-pa-lake-garda\/","title":{"rendered":"Historie, ingeni\u00f8rfag og legender om et symbol p\u00e5 Lake Garda"},"content":{"rendered":"<div>\n<div class=\"cp_wrapper cp_wrapper--fw mb-30 mb-20@tablet\">\n<figure class=\"mm\"><picture class=\"img\" style=\"padding-top:56.25%\"><source  media=\"(min-width: 1024px)\"><source  media=\"(min-width: 768px)\"><\/source><\/source><\/picture><\/figure>\n<\/p><\/div>\n<p>De <strong>Scaliger Castle of Sirmione <\/strong>Det er til dags dato et av de best bevarte slottene i Italia, og et av de st\u00f8rste ingeni\u00f8r- og arkitektoniske uttrykkene for det som kalles <strong>Lake Festion.<\/strong> \u00c5 gj\u00f8re det fascinerende, i tillegg til <strong>Ingeni\u00f8rl\u00f8sninger<\/strong> adoptert av designerne, er det ogs\u00e5 <strong>legende<\/strong> Av sp\u00f8kelset til Ebengardo som, det sies, vagt uten fred p\u00e5 stormkveldene, p\u00e5 jakt etter sin elskede fille.<\/p>\n<h2>Analyse av prosjektet til Castle Scagliero<\/h2>\n<p>Slottet ligger p\u00e5 en halv\u00f8y i Garda -sj\u00f8en, og er en sjelden perfeksjon av innsj\u00f8ens befestning p\u00e5 det italienske territoriet. Et annet interessant eksempel er <strong>Festning<\/strong> <strong>av Riva<\/strong>. Denne strategiske posisjonen ga strukturen en optimal strategisk posisjon i anledning eventuelle beleiringer av fiendene.<\/p>\n<p>Et annet interessant aspekt er den av den interne kaien, som har beskyttelse med krenellerte vegger, utover Scaliger -fl\u00e5ten og deretter den venetianske fl\u00e5ten ble beskyttet. Dette <strong> Forsterket port<\/strong> Det representerer uten tvil et ambisi\u00f8st prosjekt for tiden.<\/p>\n<div class=\"cp_wrapper cp_wrapper--fw mb-50\">\n<figure class=\"mm\"><picture class=\"img\" style=\"padding-top:56.189118555476%\"><source  media=\"(min-width: 1024px)\"><source  media=\"(min-width: 768px)\"><img decoding=\"async\" loading=\"lazy\" src=\"https:\/\/nordnesrepublikken.no\/wp-content\/uploads\/2025\/07\/1751698172_105_Historie-ingeniorfag-og-legender-om-et-symbol-pa-Lake-Garda.jpg\" alt=\"Bilde\" width=\"4209\" height=\"2365\"><\/source><\/source><\/picture><\/figure>\n<\/p><\/div>\n<p>Scaliger -slottet representerer i seg selv en ekte <strong>Tilgangskontroll<\/strong> i byen Sirmione. Faktisk foreg\u00e5r den eneste tilgangen til det historiske sentrum av Sirmione fremdeles gjennom en bue av slottet. I den sammenhengen som slottet ble bygget, ga dette en interessant mulighet for \u00e5 kontrollere tilgangen.<\/p>\n<p>Hovedkjernen i slottet er representert av en sentral firkantet, som definerer den indre planten. P\u00e5 sidene er det <strong>Tre hj\u00f8rnet\u00e5rn<\/strong>med en imponerende <strong>Mastio<\/strong>. Det er en andre sirkel av t\u00e5rn, lavere, rundt en andre g\u00e5rdsplass og kaien, som vi sa \u00e5 v\u00e6re den befestede porten. Et arkitektonisk og ingeni\u00f8relement av betydelig interesse er <strong>Central Mastio<\/strong> av Scaliger -slottet. Med en total h\u00f8yde p\u00e5 <strong>37 meter<\/strong>hadde opprinnelig blitt tenkt som en sovesal for slottets herre, og inne i det samme ble sovesalene festet til soldatene og vaktene. H\u00f8yden, absolutt bemerkelsesverdig hvis de tilsvarer strukturene som omgir omr\u00e5det, tillot en bred utsikt over innsj\u00f8en og omgivelsene, grunnleggende for \u00e5 se fiendene.<\/p>\n<p>Et annet element av betydelig arkitektonisk interesse er <strong>Scudata Towers.<\/strong> De s\u00e5 -kallede scudata -t\u00e5rnene er et arkitektonisk og ingeni\u00f8relement som er typisk for bygningene i middelalderen, de inne i Scaliger -slottet er en <strong>firkantet plante<\/strong>bygget i flere etasjer og ble bygget spesielt for \u00e5 forsvare veggene og hadde det doble form\u00e5let \u00e5 gj\u00f8re bevegelsen av ammunisjon og alt som utgjorde arsenalet tilgjengelig i kamp, \u200b\u200bp\u00e5 de forskjellige etasjene lettere og raskere og raskere<\/p>\n<p>. Anti -anti -anti -generelle gulv og rekkverk var generelt innebygd tremateriale, mens veggene og t\u00e5rnene er kronet av <strong>&laquo;Swallow Tail&raquo; Blackbirds.<\/strong><\/p>\n<p>En ytterligere defensiv barriere best\u00e5r av vollgraven, som er fylt med vannet i Lake Garda. I begynnelsen av historien fant tilgang til slottet sted gjennom <strong>To trekkbroer<\/strong> (I dag erstattet av murbroer).<\/p>\n<h2>Konstruksjonsmaterialer og teknikker<\/h2>\n<p>Kildene som historikere har trukket til, fortell oss at slottet ble gjort gjennom bruk av rock og sm\u00e5stein og en &laquo;<em>Dobbeltkokt kurs mellom mursteinen med to meters intervaller fra hverandre<\/em>&laquo;, med en&raquo;<em>Sega tannfinish i hj\u00f8rnene av t\u00e5rnene<\/em>&laquo;&raquo;<\/p>\n<p>Vegganalysene, utf\u00f8rt av teknikere og ingeni\u00f8rer, identifiserte tre hovedbyggingsfaser: den f\u00f8rste dateringen tilbake til tidspunktet for <strong>Mastino i av skalaen<\/strong> (Xiii \u00e5rhundre), den andre AI <strong>Tidlig 1300 -tallet<\/strong> og den tredje a <strong>Halvparten av det fjortende \u00e5rhundre<\/strong>da kaien ble forsterket.<\/p>\n<div class=\"cp_wrapper cp_wrapper--fw mb-50\">\n<figure class=\"mm\"><picture class=\"img\" style=\"padding-top:62.469733656174%\"><source  media=\"(min-width: 1024px)\"><source  media=\"(min-width: 768px)\"><img decoding=\"async\" loading=\"lazy\" src=\"https:\/\/nordnesrepublikken.no\/wp-content\/uploads\/2025\/07\/Historie-ingeniorfag-og-legender-om-et-symbol-pa-Lake-Garda.jpeg\" alt=\"Bilde\" width=\"826\" height=\"516\" class=\"js-seedtag-img\"><\/source><\/source><\/picture><\/figure>\n<\/p><\/div>\n<h2>Prosjektets historie<\/h2>\n<p>Slottet ble bygget i andre halvdel av det fjortende \u00e5rhundre, takket v\u00e6re figuren til Cansignorio og Antonio II della Scala. Hans prim\u00e6re funksjon, sa vi nettopp i forrige avsnitt, var den av <strong>defensiv befestning<\/strong> for territoriet til byen Verona og de omkringliggende territoriene.<\/p>\n<p>I perioden med <strong>Venetiansk dominans,  <\/strong>Det vil si fra begynnelsen av det femtende \u00e5rhundre ble det brukt betydelige forbedringer p\u00e5 slottet. Nettopp i denne perioden utf\u00f8res konstruksjonen av den befestede dokken, er denne kaien det eneste overlevende eksemplet p\u00e5 en befestet havn i det fjortende \u00e5rhundre. En faktor som kan hoppe til \u00f8yet er uregelmessigheten i dens form. Denne s\u00e6regne egenskapen ble noen ganger tilskrevet \u00f8nsket om \u00e5 beskytte det indre vannet mot &laquo;Pel\u00e8r&raquo;, nordvinden.<\/p>\n<p>Tiden har mistet tiden mistet sin prim\u00e6re funksjon, som den hadde blitt utf\u00f8rt og bygget for. Den ble brukt som <strong>innskudd, <\/strong>og deretter ogs\u00e5 som<strong> milit\u00e6r aserma<\/strong> (under franskmennene og deretter \u00f8sterrikerne) og til og med som <strong>Kommunekontorer,<\/strong> Postkontor, overnatting av Carabinieri og lite fengsel.<\/p>\n<h2>Legenden om Ebengardo og Arice<\/h2>\n<p>Det av Ebengardo og Arice er en av mange <strong>Sp\u00f8kelseshistorier<\/strong> Noe som gj\u00f8r slottene og eldgamle steder fascinerende, og driver med mysteriet og den store sjarmen som disse stedene generelt liker. P\u00e5 den ene siden har vi Ebengardo, unge og modige ridder, utrulige i kamp og edel sjel. P\u00e5 den annen side har vi Arice, en ung jente med ydmyk opprinnelse, hvorav Ebengardo blir forelsket i kj\u00e6rlighet, gitt hennes skj\u00f8nnhet og enorme s\u00f8dme.<\/p>\n<p>Sagnet forteller at Ebengardo og Arice ble forelsket i hverandre. Deres kj\u00e6rlighet ble imidlertid hindret av sosiale forskjeller: Ebengardo var en edel ridder, mens Arice kom fra en familie med veldig ydmyk opprinnelse. Til tross for hindringene, for det meste diktert og p\u00e5lagt av familien, klarte de to unge elskere alltid \u00e5 m\u00f8te. Deres hemmelige forhold ble snart oppdaget. N\u00e5r Ebengardos familie eller fikk vite om dette forholdet godt imot. Konsekvensene var dramatiske. Et ekteskap med politisk og sosial bekvemmelighet ble p\u00e5lagt i Ebengardo, med en annen kvinne med lik avstamning og sosial bakgrunn.<\/p>\n<p>Arice ble derimot fjernet fra slottet og i noen versjoner av legenden til og med drept. Det sies derfor at det hittil i l\u00f8pet av stormkveldene p\u00e5 Lake Garda er mulig \u00e5 se i Scaligero -slottet, den plagede \u00e5nden til Ebengardo, fremdeles p\u00e5 jakt etter hans elskede Arica.<\/p>\n<\/p><\/div>\n","protected":false},"excerpt":{"rendered":"<p>De Scaliger Castle of Sirmione Det er til dags dato et av de best bevarte<\/p>\n","protected":false},"author":1,"featured_media":6624,"comment_status":"closed","ping_status":"open","sticky":false,"template":"","format":"standard","meta":{"footnotes":""},"categories":[24],"tags":[4258,331,4255,287,4256,81,4257],"class_list":["post-6623","post","type-post","status-publish","format-standard","has-post-thumbnail","hentry","category-vitenskap","tag-garda","tag-historie","tag-ingeniorfag","tag-lake","tag-legender","tag-pa","tag-symbol","generate-columns","tablet-grid-50","mobile-grid-100","grid-parent","grid-33","resize-featured-image"],"yoast_head":"<!-- This site is optimized with the Yoast SEO plugin v24.4 - https:\/\/yoast.com\/wordpress\/plugins\/seo\/ -->\n<title>Historie, ingeni\u00f8rfag og legender om et symbol p\u00e5 Lake Garda - Nordnesrepublikken<\/title>\n<meta name=\"robots\" content=\"index, follow, max-snippet:-1, max-image-preview:large, max-video-preview:-1\" \/>\n<link rel=\"canonical\" href=\"https:\/\/nordnesrepublikken.no\/index.php\/2025\/07\/05\/historie-ingeniorfag-og-legender-om-et-symbol-pa-lake-garda\/\" \/>\n<meta property=\"og:locale\" content=\"nb_NO\" \/>\n<meta property=\"og:type\" content=\"article\" \/>\n<meta property=\"og:title\" content=\"Historie, ingeni\u00f8rfag og legender om et symbol p\u00e5 Lake Garda - Nordnesrepublikken\" \/>\n<meta property=\"og:description\" content=\"De Scaliger Castle of Sirmione Det er til dags dato et av de best bevarte\" \/>\n<meta property=\"og:url\" content=\"https:\/\/nordnesrepublikken.no\/index.php\/2025\/07\/05\/historie-ingeniorfag-og-legender-om-et-symbol-pa-lake-garda\/\" \/>\n<meta property=\"og:site_name\" content=\"Nordnesrepublikken\" \/>\n<meta property=\"article:published_time\" content=\"2025-07-05T06:49:32+00:00\" \/>\n<meta property=\"article:modified_time\" content=\"2025-07-05T06:49:39+00:00\" \/>\n<meta property=\"og:image\" content=\"https:\/\/nordnesrepublikken.no\/wp-content\/uploads\/2025\/07\/1751698173_Historie-ingeniorfag-og-legender-om-et-symbol-pa-Lake-Garda.jpg\" \/>\n\t<meta property=\"og:image:width\" content=\"2549\" \/>\n\t<meta property=\"og:image:height\" content=\"1491\" \/>\n\t<meta property=\"og:image:type\" content=\"image\/jpeg\" \/>\n<meta name=\"author\" content=\"Ole Andersen\" \/>\n<meta name=\"twitter:card\" content=\"summary_large_image\" \/>\n<meta name=\"twitter:label1\" content=\"Skrevet av\" \/>\n\t<meta name=\"twitter:data1\" content=\"Ole Andersen\" \/>\n\t<meta name=\"twitter:label2\" content=\"Ansl. lesetid\" \/>\n\t<meta name=\"twitter:data2\" content=\"5 minutter\" \/>\n<script type=\"application\/ld+json\" class=\"yoast-schema-graph\">{\"@context\":\"https:\/\/schema.org\",\"@graph\":[{\"@type\":\"Article\",\"@id\":\"https:\/\/nordnesrepublikken.no\/index.php\/2025\/07\/05\/historie-ingeniorfag-og-legender-om-et-symbol-pa-lake-garda\/#article\",\"isPartOf\":{\"@id\":\"https:\/\/nordnesrepublikken.no\/index.php\/2025\/07\/05\/historie-ingeniorfag-og-legender-om-et-symbol-pa-lake-garda\/\"},\"author\":{\"name\":\"Ole Andersen\",\"@id\":\"https:\/\/nordnesrepublikken.no\/#\/schema\/person\/2e7e81935bab77882fffb79296240ff1\"},\"headline\":\"Historie, ingeni\u00f8rfag og legender om et symbol p\u00e5 Lake Garda\",\"datePublished\":\"2025-07-05T06:49:32+00:00\",\"dateModified\":\"2025-07-05T06:49:39+00:00\",\"mainEntityOfPage\":{\"@id\":\"https:\/\/nordnesrepublikken.no\/index.php\/2025\/07\/05\/historie-ingeniorfag-og-legender-om-et-symbol-pa-lake-garda\/\"},\"wordCount\":954,\"publisher\":{\"@id\":\"https:\/\/nordnesrepublikken.no\/#organization\"},\"image\":{\"@id\":\"https:\/\/nordnesrepublikken.no\/index.php\/2025\/07\/05\/historie-ingeniorfag-og-legender-om-et-symbol-pa-lake-garda\/#primaryimage\"},\"thumbnailUrl\":\"https:\/\/nordnesrepublikken.no\/wp-content\/uploads\/2025\/07\/1751698173_Historie-ingeniorfag-og-legender-om-et-symbol-pa-Lake-Garda.jpg\",\"keywords\":[\"Garda\",\"historie\",\"ingeni\u00f8rfag\",\"Lake\",\"legender\",\"p\u00e5\",\"symbol\"],\"articleSection\":[\"Vitenskap\"],\"inLanguage\":\"nb-NO\"},{\"@type\":\"WebPage\",\"@id\":\"https:\/\/nordnesrepublikken.no\/index.php\/2025\/07\/05\/historie-ingeniorfag-og-legender-om-et-symbol-pa-lake-garda\/\",\"url\":\"https:\/\/nordnesrepublikken.no\/index.php\/2025\/07\/05\/historie-ingeniorfag-og-legender-om-et-symbol-pa-lake-garda\/\",\"name\":\"Historie, ingeni\u00f8rfag og legender om et symbol p\u00e5 Lake Garda - Nordnesrepublikken\",\"isPartOf\":{\"@id\":\"https:\/\/nordnesrepublikken.no\/#website\"},\"primaryImageOfPage\":{\"@id\":\"https:\/\/nordnesrepublikken.no\/index.php\/2025\/07\/05\/historie-ingeniorfag-og-legender-om-et-symbol-pa-lake-garda\/#primaryimage\"},\"image\":{\"@id\":\"https:\/\/nordnesrepublikken.no\/index.php\/2025\/07\/05\/historie-ingeniorfag-og-legender-om-et-symbol-pa-lake-garda\/#primaryimage\"},\"thumbnailUrl\":\"https:\/\/nordnesrepublikken.no\/wp-content\/uploads\/2025\/07\/1751698173_Historie-ingeniorfag-og-legender-om-et-symbol-pa-Lake-Garda.jpg\",\"datePublished\":\"2025-07-05T06:49:32+00:00\",\"dateModified\":\"2025-07-05T06:49:39+00:00\",\"breadcrumb\":{\"@id\":\"https:\/\/nordnesrepublikken.no\/index.php\/2025\/07\/05\/historie-ingeniorfag-og-legender-om-et-symbol-pa-lake-garda\/#breadcrumb\"},\"inLanguage\":\"nb-NO\",\"potentialAction\":[{\"@type\":\"ReadAction\",\"target\":[\"https:\/\/nordnesrepublikken.no\/index.php\/2025\/07\/05\/historie-ingeniorfag-og-legender-om-et-symbol-pa-lake-garda\/\"]}]},{\"@type\":\"ImageObject\",\"inLanguage\":\"nb-NO\",\"@id\":\"https:\/\/nordnesrepublikken.no\/index.php\/2025\/07\/05\/historie-ingeniorfag-og-legender-om-et-symbol-pa-lake-garda\/#primaryimage\",\"url\":\"https:\/\/nordnesrepublikken.no\/wp-content\/uploads\/2025\/07\/1751698173_Historie-ingeniorfag-og-legender-om-et-symbol-pa-Lake-Garda.jpg\",\"contentUrl\":\"https:\/\/nordnesrepublikken.no\/wp-content\/uploads\/2025\/07\/1751698173_Historie-ingeniorfag-og-legender-om-et-symbol-pa-Lake-Garda.jpg\",\"width\":2549,\"height\":1491,\"caption\":\"Immagine\"},{\"@type\":\"BreadcrumbList\",\"@id\":\"https:\/\/nordnesrepublikken.no\/index.php\/2025\/07\/05\/historie-ingeniorfag-og-legender-om-et-symbol-pa-lake-garda\/#breadcrumb\",\"itemListElement\":[{\"@type\":\"ListItem\",\"position\":1,\"name\":\"Home\",\"item\":\"https:\/\/nordnesrepublikken.no\/\"},{\"@type\":\"ListItem\",\"position\":2,\"name\":\"Historie, ingeni\u00f8rfag og legender om et symbol p\u00e5 Lake Garda\"}]},{\"@type\":\"WebSite\",\"@id\":\"https:\/\/nordnesrepublikken.no\/#website\",\"url\":\"https:\/\/nordnesrepublikken.no\/\",\"name\":\"Nordnesrepublikken\",\"description\":\"Stemmer og Visjoner fra Republikkens Hjerte\",\"publisher\":{\"@id\":\"https:\/\/nordnesrepublikken.no\/#organization\"},\"potentialAction\":[{\"@type\":\"SearchAction\",\"target\":{\"@type\":\"EntryPoint\",\"urlTemplate\":\"https:\/\/nordnesrepublikken.no\/?s={search_term_string}\"},\"query-input\":{\"@type\":\"PropertyValueSpecification\",\"valueRequired\":true,\"valueName\":\"search_term_string\"}}],\"inLanguage\":\"nb-NO\"},{\"@type\":\"Organization\",\"@id\":\"https:\/\/nordnesrepublikken.no\/#organization\",\"name\":\"Nordnesrepublikken\",\"url\":\"https:\/\/nordnesrepublikken.no\/\",\"logo\":{\"@type\":\"ImageObject\",\"inLanguage\":\"nb-NO\",\"@id\":\"https:\/\/nordnesrepublikken.no\/#\/schema\/logo\/image\/\",\"url\":\"https:\/\/nordnesrepublikken.no\/wp-content\/uploads\/2025\/02\/cropped-nordnesrepublikken-2.png\",\"contentUrl\":\"https:\/\/nordnesrepublikken.no\/wp-content\/uploads\/2025\/02\/cropped-nordnesrepublikken-2.png\",\"width\":1248,\"height\":362,\"caption\":\"Nordnesrepublikken\"},\"image\":{\"@id\":\"https:\/\/nordnesrepublikken.no\/#\/schema\/logo\/image\/\"}},{\"@type\":\"Person\",\"@id\":\"https:\/\/nordnesrepublikken.no\/#\/schema\/person\/2e7e81935bab77882fffb79296240ff1\",\"name\":\"Ole Andersen\",\"image\":{\"@type\":\"ImageObject\",\"inLanguage\":\"nb-NO\",\"@id\":\"https:\/\/nordnesrepublikken.no\/#\/schema\/person\/image\/\",\"url\":\"https:\/\/nordnesrepublikken.no\/wp-content\/uploads\/2025\/02\/nordnesrepublikken-2-2-150x150.jpg\",\"contentUrl\":\"https:\/\/nordnesrepublikken.no\/wp-content\/uploads\/2025\/02\/nordnesrepublikken-2-2-150x150.jpg\",\"caption\":\"Ole Andersen\"},\"description\":\"Ettersom jeg vokste opp i Oslo, har jeg alltid v\u00e6rt fascinert av ordenes kraft og deres evne til \u00e5 skape endringer. Etter \u00e5 ha fullf\u00f8rt min utdannelse i kommunikasjon ved Universitetet i Bergen, fikk jeg muligheten til \u00e5 jobbe innen ulike medier, der jeg har s\u00f8kt \u00e5 belyse viktige samfunnssp\u00f8rsm\u00e5l. I dag, som redakt\u00f8r for Nordnesrepublikken, pr\u00f8ver jeg \u00e5 forene min kj\u00e6rlighet for journalistikk med min lidenskap for innovasjon og eventyr.\",\"sameAs\":[\"https:\/\/nordnesrepublikken.no\/\"]}]}<\/script>\n<!-- \/ Yoast SEO plugin. -->","yoast_head_json":{"title":"Historie, ingeni\u00f8rfag og legender om et symbol p\u00e5 Lake Garda - Nordnesrepublikken","robots":{"index":"index","follow":"follow","max-snippet":"max-snippet:-1","max-image-preview":"max-image-preview:large","max-video-preview":"max-video-preview:-1"},"canonical":"https:\/\/nordnesrepublikken.no\/index.php\/2025\/07\/05\/historie-ingeniorfag-og-legender-om-et-symbol-pa-lake-garda\/","og_locale":"nb_NO","og_type":"article","og_title":"Historie, ingeni\u00f8rfag og legender om et symbol p\u00e5 Lake Garda - Nordnesrepublikken","og_description":"De Scaliger Castle of Sirmione Det er til dags dato et av de best bevarte","og_url":"https:\/\/nordnesrepublikken.no\/index.php\/2025\/07\/05\/historie-ingeniorfag-og-legender-om-et-symbol-pa-lake-garda\/","og_site_name":"Nordnesrepublikken","article_published_time":"2025-07-05T06:49:32+00:00","article_modified_time":"2025-07-05T06:49:39+00:00","og_image":[{"width":2549,"height":1491,"url":"https:\/\/nordnesrepublikken.no\/wp-content\/uploads\/2025\/07\/1751698173_Historie-ingeniorfag-og-legender-om-et-symbol-pa-Lake-Garda.jpg","type":"image\/jpeg"}],"author":"Ole Andersen","twitter_card":"summary_large_image","twitter_misc":{"Skrevet av":"Ole Andersen","Ansl. lesetid":"5 minutter"},"schema":{"@context":"https:\/\/schema.org","@graph":[{"@type":"Article","@id":"https:\/\/nordnesrepublikken.no\/index.php\/2025\/07\/05\/historie-ingeniorfag-og-legender-om-et-symbol-pa-lake-garda\/#article","isPartOf":{"@id":"https:\/\/nordnesrepublikken.no\/index.php\/2025\/07\/05\/historie-ingeniorfag-og-legender-om-et-symbol-pa-lake-garda\/"},"author":{"name":"Ole Andersen","@id":"https:\/\/nordnesrepublikken.no\/#\/schema\/person\/2e7e81935bab77882fffb79296240ff1"},"headline":"Historie, ingeni\u00f8rfag og legender om et symbol p\u00e5 Lake Garda","datePublished":"2025-07-05T06:49:32+00:00","dateModified":"2025-07-05T06:49:39+00:00","mainEntityOfPage":{"@id":"https:\/\/nordnesrepublikken.no\/index.php\/2025\/07\/05\/historie-ingeniorfag-og-legender-om-et-symbol-pa-lake-garda\/"},"wordCount":954,"publisher":{"@id":"https:\/\/nordnesrepublikken.no\/#organization"},"image":{"@id":"https:\/\/nordnesrepublikken.no\/index.php\/2025\/07\/05\/historie-ingeniorfag-og-legender-om-et-symbol-pa-lake-garda\/#primaryimage"},"thumbnailUrl":"https:\/\/nordnesrepublikken.no\/wp-content\/uploads\/2025\/07\/1751698173_Historie-ingeniorfag-og-legender-om-et-symbol-pa-Lake-Garda.jpg","keywords":["Garda","historie","ingeni\u00f8rfag","Lake","legender","p\u00e5","symbol"],"articleSection":["Vitenskap"],"inLanguage":"nb-NO"},{"@type":"WebPage","@id":"https:\/\/nordnesrepublikken.no\/index.php\/2025\/07\/05\/historie-ingeniorfag-og-legender-om-et-symbol-pa-lake-garda\/","url":"https:\/\/nordnesrepublikken.no\/index.php\/2025\/07\/05\/historie-ingeniorfag-og-legender-om-et-symbol-pa-lake-garda\/","name":"Historie, ingeni\u00f8rfag og legender om et symbol p\u00e5 Lake Garda - Nordnesrepublikken","isPartOf":{"@id":"https:\/\/nordnesrepublikken.no\/#website"},"primaryImageOfPage":{"@id":"https:\/\/nordnesrepublikken.no\/index.php\/2025\/07\/05\/historie-ingeniorfag-og-legender-om-et-symbol-pa-lake-garda\/#primaryimage"},"image":{"@id":"https:\/\/nordnesrepublikken.no\/index.php\/2025\/07\/05\/historie-ingeniorfag-og-legender-om-et-symbol-pa-lake-garda\/#primaryimage"},"thumbnailUrl":"https:\/\/nordnesrepublikken.no\/wp-content\/uploads\/2025\/07\/1751698173_Historie-ingeniorfag-og-legender-om-et-symbol-pa-Lake-Garda.jpg","datePublished":"2025-07-05T06:49:32+00:00","dateModified":"2025-07-05T06:49:39+00:00","breadcrumb":{"@id":"https:\/\/nordnesrepublikken.no\/index.php\/2025\/07\/05\/historie-ingeniorfag-og-legender-om-et-symbol-pa-lake-garda\/#breadcrumb"},"inLanguage":"nb-NO","potentialAction":[{"@type":"ReadAction","target":["https:\/\/nordnesrepublikken.no\/index.php\/2025\/07\/05\/historie-ingeniorfag-og-legender-om-et-symbol-pa-lake-garda\/"]}]},{"@type":"ImageObject","inLanguage":"nb-NO","@id":"https:\/\/nordnesrepublikken.no\/index.php\/2025\/07\/05\/historie-ingeniorfag-og-legender-om-et-symbol-pa-lake-garda\/#primaryimage","url":"https:\/\/nordnesrepublikken.no\/wp-content\/uploads\/2025\/07\/1751698173_Historie-ingeniorfag-og-legender-om-et-symbol-pa-Lake-Garda.jpg","contentUrl":"https:\/\/nordnesrepublikken.no\/wp-content\/uploads\/2025\/07\/1751698173_Historie-ingeniorfag-og-legender-om-et-symbol-pa-Lake-Garda.jpg","width":2549,"height":1491,"caption":"Immagine"},{"@type":"BreadcrumbList","@id":"https:\/\/nordnesrepublikken.no\/index.php\/2025\/07\/05\/historie-ingeniorfag-og-legender-om-et-symbol-pa-lake-garda\/#breadcrumb","itemListElement":[{"@type":"ListItem","position":1,"name":"Home","item":"https:\/\/nordnesrepublikken.no\/"},{"@type":"ListItem","position":2,"name":"Historie, ingeni\u00f8rfag og legender om et symbol p\u00e5 Lake Garda"}]},{"@type":"WebSite","@id":"https:\/\/nordnesrepublikken.no\/#website","url":"https:\/\/nordnesrepublikken.no\/","name":"Nordnesrepublikken","description":"Stemmer og Visjoner fra Republikkens Hjerte","publisher":{"@id":"https:\/\/nordnesrepublikken.no\/#organization"},"potentialAction":[{"@type":"SearchAction","target":{"@type":"EntryPoint","urlTemplate":"https:\/\/nordnesrepublikken.no\/?s={search_term_string}"},"query-input":{"@type":"PropertyValueSpecification","valueRequired":true,"valueName":"search_term_string"}}],"inLanguage":"nb-NO"},{"@type":"Organization","@id":"https:\/\/nordnesrepublikken.no\/#organization","name":"Nordnesrepublikken","url":"https:\/\/nordnesrepublikken.no\/","logo":{"@type":"ImageObject","inLanguage":"nb-NO","@id":"https:\/\/nordnesrepublikken.no\/#\/schema\/logo\/image\/","url":"https:\/\/nordnesrepublikken.no\/wp-content\/uploads\/2025\/02\/cropped-nordnesrepublikken-2.png","contentUrl":"https:\/\/nordnesrepublikken.no\/wp-content\/uploads\/2025\/02\/cropped-nordnesrepublikken-2.png","width":1248,"height":362,"caption":"Nordnesrepublikken"},"image":{"@id":"https:\/\/nordnesrepublikken.no\/#\/schema\/logo\/image\/"}},{"@type":"Person","@id":"https:\/\/nordnesrepublikken.no\/#\/schema\/person\/2e7e81935bab77882fffb79296240ff1","name":"Ole Andersen","image":{"@type":"ImageObject","inLanguage":"nb-NO","@id":"https:\/\/nordnesrepublikken.no\/#\/schema\/person\/image\/","url":"https:\/\/nordnesrepublikken.no\/wp-content\/uploads\/2025\/02\/nordnesrepublikken-2-2-150x150.jpg","contentUrl":"https:\/\/nordnesrepublikken.no\/wp-content\/uploads\/2025\/02\/nordnesrepublikken-2-2-150x150.jpg","caption":"Ole Andersen"},"description":"Ettersom jeg vokste opp i Oslo, har jeg alltid v\u00e6rt fascinert av ordenes kraft og deres evne til \u00e5 skape endringer. Etter \u00e5 ha fullf\u00f8rt min utdannelse i kommunikasjon ved Universitetet i Bergen, fikk jeg muligheten til \u00e5 jobbe innen ulike medier, der jeg har s\u00f8kt \u00e5 belyse viktige samfunnssp\u00f8rsm\u00e5l. I dag, som redakt\u00f8r for Nordnesrepublikken, pr\u00f8ver jeg \u00e5 forene min kj\u00e6rlighet for journalistikk med min lidenskap for innovasjon og eventyr.","sameAs":["https:\/\/nordnesrepublikken.no\/"]}]}},"_links":{"self":[{"href":"https:\/\/nordnesrepublikken.no\/index.php\/wp-json\/wp\/v2\/posts\/6623","targetHints":{"allow":["GET"]}}],"collection":[{"href":"https:\/\/nordnesrepublikken.no\/index.php\/wp-json\/wp\/v2\/posts"}],"about":[{"href":"https:\/\/nordnesrepublikken.no\/index.php\/wp-json\/wp\/v2\/types\/post"}],"author":[{"embeddable":true,"href":"https:\/\/nordnesrepublikken.no\/index.php\/wp-json\/wp\/v2\/users\/1"}],"replies":[{"embeddable":true,"href":"https:\/\/nordnesrepublikken.no\/index.php\/wp-json\/wp\/v2\/comments?post=6623"}],"version-history":[{"count":1,"href":"https:\/\/nordnesrepublikken.no\/index.php\/wp-json\/wp\/v2\/posts\/6623\/revisions"}],"predecessor-version":[{"id":6625,"href":"https:\/\/nordnesrepublikken.no\/index.php\/wp-json\/wp\/v2\/posts\/6623\/revisions\/6625"}],"wp:featuredmedia":[{"embeddable":true,"href":"https:\/\/nordnesrepublikken.no\/index.php\/wp-json\/wp\/v2\/media\/6624"}],"wp:attachment":[{"href":"https:\/\/nordnesrepublikken.no\/index.php\/wp-json\/wp\/v2\/media?parent=6623"}],"wp:term":[{"taxonomy":"category","embeddable":true,"href":"https:\/\/nordnesrepublikken.no\/index.php\/wp-json\/wp\/v2\/categories?post=6623"},{"taxonomy":"post_tag","embeddable":true,"href":"https:\/\/nordnesrepublikken.no\/index.php\/wp-json\/wp\/v2\/tags?post=6623"}],"curies":[{"name":"wp","href":"https:\/\/api.w.org\/{rel}","templated":true}]}}