{"id":6620,"date":"2025-07-05T05:50:13","date_gmt":"2025-07-05T03:50:13","guid":{"rendered":"https:\/\/nordnesrepublikken.no\/index.php\/2025\/07\/05\/i-hellas-registreringer-av-hektar-brent-de-siste-20-arene\/"},"modified":"2025-07-05T05:50:16","modified_gmt":"2025-07-05T03:50:16","slug":"i-hellas-registreringer-av-hektar-brent-de-siste-20-arene","status":"publish","type":"post","link":"https:\/\/nordnesrepublikken.no\/index.php\/2025\/07\/05\/i-hellas-registreringer-av-hektar-brent-de-siste-20-arene\/","title":{"rendered":"I Hellas registreringer av hektar brent de siste 20 \u00e5rene"},"content":{"rendered":"<div>\n<div class=\"cp_wrapper cp_wrapper--fw mb-30 mb-20@tablet\">\n<figure class=\"mm\"><picture class=\"img\" style=\"padding-top:56.25%\"><source  media=\"(min-width: 1024px)\"><source  media=\"(min-width: 768px)\"><\/source><\/source><\/picture><\/figure>\n<\/p><\/div>\n<p>I<strong>&#8216;Gresk \u00f8y av Kreta<\/strong> er i gang <strong>branner<\/strong> Ut av kontroll i flere dager: De f\u00f8rste b\u00e5lene br\u00f8t ut onsdag <strong>2. juli 2025<\/strong> i landsbyen Achlia, omtrent 12 km fra byen <strong>Ieraper<\/strong>\u00f8st for \u00f8ya. P\u00e5 det tidspunktet, jeg <strong>Sterk vind<\/strong> De presset flammene mer enn 6 km unna mot landsbyene Agia Photia, Galini, Fermo og Koutsounari, og delte deretter inn i tre forskjellige b\u00e5l uten kontroll som ogs\u00e5 n\u00e5dde <strong>S\u00f8r for Kreta<\/strong>.<\/p>\n<p>P\u00e5 nettstedet grep de umiddelbart inn <strong>155 brannvesen<\/strong>assistert av 47 selv -pity e <strong>7 helikoptre<\/strong> Brukes til \u00e5 temme flammene ovenfra. Etter at de lokale myndighetene har erkl\u00e6rt det <strong>unntakstilstand<\/strong> I Ieraper -omr\u00e5det har regjeringen i Athen sendt ytterligere forsterkninger, med en total distribusjon p\u00e5 230 brannmenn, 10 helikoptre og flere droner.<\/p>\n<div class=\"cp_wrapper cp_wrapper--fw mb-50\">\n<figure class=\"mm\"><picture class=\"img\" style=\"padding-top:64.237775647172%\"><source  media=\"(min-width: 1024px)\"><source  media=\"(min-width: 768px)\"><img decoding=\"async\" loading=\"lazy\" src=\"https:\/\/nordnesrepublikken.no\/wp-content\/uploads\/2025\/07\/1751687412_947_I-Hellas-registreringer-av-hektar-brent-de-siste-20-arene.jpg\" alt=\"Creta copernicus brannkartkart\" width=\"1043\" height=\"670\"><\/source><\/source><\/picture><\/figure>\n<\/p><\/div>\n<p>Om <strong>5000 mennesker<\/strong> har blitt evakuert, inkludert tusenvis av <strong>turister<\/strong>: Kreta er faktisk \u00f8ya<strong> St\u00f8rre i Hellas<\/strong> Og i denne perioden av \u00e5ret er det en veldig destinasjon <strong>deltok<\/strong> for sommerferie.<\/p>\n<p>I f\u00f8lge unders\u00f8kelsene gjort av Copernicus, ville flammene ha involvert mer enn<strong> 140 hektar<\/strong>truende spesielt <strong>plantasjer av oliventr\u00e6r,<\/strong> Selv om skaden for\u00e5rsaket av b\u00e5lene enn\u00e5 ikke er blitt kvantifisert av myndighetene.<\/p>\n<p>Hovedproblemet er representert av <strong>sterk vind<\/strong>: I henhold til informasjonen gitt av brannmennene, passerte vindkast av vind <strong>43 knop<\/strong> (ca. 80 km\/t), n\u00e5r<strong> Niv\u00e5 9<\/strong> i <b>Beaufort skala<\/b>som m\u00e5ler vindens styrke p\u00e5 en skala fra 0 (rolig) til 12 (orkanen).<\/p>\n<p>Alt dette, forente alle<strong>&#8216;Ariditet<\/strong> av jorden (for\u00e5rsaket av <strong>h\u00f8ye temperaturer<\/strong> av de siste dagene) og den tette r\u00f8yken for\u00e5rsaket av flammene, har skapt de ideelle forholdene for <strong>forplante flammene<\/strong>reduserer synligheten betydelig og hindrer inngrep fra utrykningskj\u00f8ret\u00f8yer. For \u00f8yeblikket kommer situasjonen gradvis tilbake<strong> under kontroll<\/strong>ogs\u00e5 takket v\u00e6re en <strong>Mindre styrke i vinden<\/strong>som gikk ned til 16 km\/t (ca. 8,6 knop).<\/p>\n<div class=\"cp_wrapper cp_wrapper--fw mb-50\">\n<figure class=\"mm\"><picture class=\"img\" style=\"padding-top:51.080550098232%\"><source  media=\"(min-width: 1024px)\"><source  media=\"(min-width: 768px)\"><img decoding=\"async\" loading=\"lazy\" src=\"https:\/\/nordnesrepublikken.no\/wp-content\/uploads\/2025\/07\/1751687413_832_I-Hellas-registreringer-av-hektar-brent-de-siste-20-arene.jpg\" alt=\"Kreta vindkart\" width=\"509\" height=\"260\" class=\"js-seedtag-img\"><\/source><\/source><\/picture><\/figure>\n<\/p><\/div>\n<p>B\u00e5lene for\u00e5rsaket ogs\u00e5 flere <strong>blackout<\/strong> og vanskeligheter med <strong>kommunikasjon<\/strong>: For Hellas, blant annet, <strong>\u00e5rstid<\/strong><strong>  branner<\/strong> Det begynte p\u00e5 en spesielt aggressiv m\u00e5te, med<strong>Chios Island<\/strong> som ble rammet av voldelige b\u00e5l de siste ukene. Al <strong>1. juli 2025<\/strong> De er allerede brent utover <strong>7.200 hektar<\/strong> Totalt en rekord i landet siden 2006, med gjennomsnittet i perioden 2006-2024 som p\u00e5 samme dato er rundt <strong>3.221 hektar<\/strong>. For \u00e5 h\u00e5ndtere n\u00f8dsituasjonen har regjeringen i Athen allerede p\u00e5tatt seg et nummer<strong> Fire Brigade Record:<\/strong> Rundt 18.000 brannmenn vil bli utfoldet for \u00e5 dekke hele sesongen med branner i hele Hellas.<\/p>\n<div class=\"cp_wrapper cp_wrapper--fw mb-50\">\n<figure class=\"mm\"><picture class=\"img\" style=\"padding-top:81.362007168459%\"><source  media=\"(min-width: 1024px)\"><source  media=\"(min-width: 768px)\"><img decoding=\"async\" loading=\"lazy\" src=\"https:\/\/nordnesrepublikken.no\/wp-content\/uploads\/2025\/07\/1751687413_335_I-Hellas-registreringer-av-hektar-brent-de-siste-20-arene.jpg\" alt=\"Krete branner\" width=\"558\" height=\"454\"><\/source><\/source><\/picture><\/figure>\n<\/p><\/div>\n<p>I Europa er det imidlertid ikke bare Hellas \u00e5 brenne: selv i Italia har forskjellige brutt ut <strong>Branner langs hele halv\u00f8ya<\/strong>fra Roma til Sardinia, med <strong>rekord<\/strong> av antall <strong>b\u00e5l<\/strong> og <strong>Brenn hektar<\/strong> I f\u00f8lge Copernicus -unders\u00f8kelser. En av grunnene er \u00e5 spores tilbake til den intense heteb\u00f8lgen for\u00e5rsaket av<strong>Afrikansk antisyklon<\/strong>.<\/p>\n<\/p><\/div>\n","protected":false},"excerpt":{"rendered":"<p>I&#8216;Gresk \u00f8y av Kreta er i gang branner Ut av kontroll i flere dager: De<\/p>\n","protected":false},"author":1,"featured_media":6621,"comment_status":"closed","ping_status":"open","sticky":false,"template":"","format":"standard","meta":{"footnotes":""},"categories":[104],"tags":[3532,4254,4253,807,4252,779],"class_list":["post-6620","post","type-post","status-publish","format-standard","has-post-thumbnail","hentry","category-samfunn","tag-arene","tag-brent","tag-hektar","tag-hellas","tag-registreringer","tag-siste","generate-columns","tablet-grid-50","mobile-grid-100","grid-parent","grid-33","resize-featured-image"],"yoast_head":"<!-- This site is optimized with the Yoast SEO plugin v24.4 - https:\/\/yoast.com\/wordpress\/plugins\/seo\/ -->\n<title>I Hellas registreringer av hektar brent de siste 20 \u00e5rene - Nordnesrepublikken<\/title>\n<meta name=\"robots\" content=\"index, follow, max-snippet:-1, max-image-preview:large, max-video-preview:-1\" \/>\n<link rel=\"canonical\" href=\"https:\/\/nordnesrepublikken.no\/index.php\/2025\/07\/05\/i-hellas-registreringer-av-hektar-brent-de-siste-20-arene\/\" \/>\n<meta property=\"og:locale\" content=\"nb_NO\" \/>\n<meta property=\"og:type\" content=\"article\" \/>\n<meta property=\"og:title\" content=\"I Hellas registreringer av hektar brent de siste 20 \u00e5rene - Nordnesrepublikken\" \/>\n<meta property=\"og:description\" content=\"I&#8216;Gresk \u00f8y av Kreta er i gang branner Ut av kontroll i flere dager: De\" \/>\n<meta property=\"og:url\" content=\"https:\/\/nordnesrepublikken.no\/index.php\/2025\/07\/05\/i-hellas-registreringer-av-hektar-brent-de-siste-20-arene\/\" \/>\n<meta property=\"og:site_name\" content=\"Nordnesrepublikken\" \/>\n<meta property=\"article:published_time\" content=\"2025-07-05T03:50:13+00:00\" \/>\n<meta property=\"article:modified_time\" content=\"2025-07-05T03:50:16+00:00\" \/>\n<meta property=\"og:image\" content=\"https:\/\/nordnesrepublikken.no\/wp-content\/uploads\/2025\/07\/1751687415_I-Hellas-registreringer-av-hektar-brent-de-siste-20-arene.jpg\" \/>\n\t<meta property=\"og:image:width\" content=\"1254\" \/>\n\t<meta property=\"og:image:height\" content=\"836\" \/>\n\t<meta property=\"og:image:type\" content=\"image\/jpeg\" \/>\n<meta name=\"author\" content=\"Ole Andersen\" \/>\n<meta name=\"twitter:card\" content=\"summary_large_image\" \/>\n<meta name=\"twitter:label1\" content=\"Skrevet av\" \/>\n\t<meta name=\"twitter:data1\" content=\"Ole Andersen\" \/>\n\t<meta name=\"twitter:label2\" content=\"Ansl. lesetid\" \/>\n\t<meta name=\"twitter:data2\" content=\"2 minutter\" \/>\n<script type=\"application\/ld+json\" class=\"yoast-schema-graph\">{\"@context\":\"https:\/\/schema.org\",\"@graph\":[{\"@type\":\"Article\",\"@id\":\"https:\/\/nordnesrepublikken.no\/index.php\/2025\/07\/05\/i-hellas-registreringer-av-hektar-brent-de-siste-20-arene\/#article\",\"isPartOf\":{\"@id\":\"https:\/\/nordnesrepublikken.no\/index.php\/2025\/07\/05\/i-hellas-registreringer-av-hektar-brent-de-siste-20-arene\/\"},\"author\":{\"name\":\"Ole Andersen\",\"@id\":\"https:\/\/nordnesrepublikken.no\/#\/schema\/person\/2e7e81935bab77882fffb79296240ff1\"},\"headline\":\"I Hellas registreringer av hektar brent de siste 20 \u00e5rene\",\"datePublished\":\"2025-07-05T03:50:13+00:00\",\"dateModified\":\"2025-07-05T03:50:16+00:00\",\"mainEntityOfPage\":{\"@id\":\"https:\/\/nordnesrepublikken.no\/index.php\/2025\/07\/05\/i-hellas-registreringer-av-hektar-brent-de-siste-20-arene\/\"},\"wordCount\":452,\"publisher\":{\"@id\":\"https:\/\/nordnesrepublikken.no\/#organization\"},\"image\":{\"@id\":\"https:\/\/nordnesrepublikken.no\/index.php\/2025\/07\/05\/i-hellas-registreringer-av-hektar-brent-de-siste-20-arene\/#primaryimage\"},\"thumbnailUrl\":\"https:\/\/nordnesrepublikken.no\/wp-content\/uploads\/2025\/07\/1751687415_I-Hellas-registreringer-av-hektar-brent-de-siste-20-arene.jpg\",\"keywords\":[\"\u00e5rene\",\"brent\",\"hektar\",\"Hellas\",\"registreringer\",\"siste\"],\"articleSection\":[\"Samfunn\"],\"inLanguage\":\"nb-NO\"},{\"@type\":\"WebPage\",\"@id\":\"https:\/\/nordnesrepublikken.no\/index.php\/2025\/07\/05\/i-hellas-registreringer-av-hektar-brent-de-siste-20-arene\/\",\"url\":\"https:\/\/nordnesrepublikken.no\/index.php\/2025\/07\/05\/i-hellas-registreringer-av-hektar-brent-de-siste-20-arene\/\",\"name\":\"I Hellas registreringer av hektar brent de siste 20 \u00e5rene - Nordnesrepublikken\",\"isPartOf\":{\"@id\":\"https:\/\/nordnesrepublikken.no\/#website\"},\"primaryImageOfPage\":{\"@id\":\"https:\/\/nordnesrepublikken.no\/index.php\/2025\/07\/05\/i-hellas-registreringer-av-hektar-brent-de-siste-20-arene\/#primaryimage\"},\"image\":{\"@id\":\"https:\/\/nordnesrepublikken.no\/index.php\/2025\/07\/05\/i-hellas-registreringer-av-hektar-brent-de-siste-20-arene\/#primaryimage\"},\"thumbnailUrl\":\"https:\/\/nordnesrepublikken.no\/wp-content\/uploads\/2025\/07\/1751687415_I-Hellas-registreringer-av-hektar-brent-de-siste-20-arene.jpg\",\"datePublished\":\"2025-07-05T03:50:13+00:00\",\"dateModified\":\"2025-07-05T03:50:16+00:00\",\"breadcrumb\":{\"@id\":\"https:\/\/nordnesrepublikken.no\/index.php\/2025\/07\/05\/i-hellas-registreringer-av-hektar-brent-de-siste-20-arene\/#breadcrumb\"},\"inLanguage\":\"nb-NO\",\"potentialAction\":[{\"@type\":\"ReadAction\",\"target\":[\"https:\/\/nordnesrepublikken.no\/index.php\/2025\/07\/05\/i-hellas-registreringer-av-hektar-brent-de-siste-20-arene\/\"]}]},{\"@type\":\"ImageObject\",\"inLanguage\":\"nb-NO\",\"@id\":\"https:\/\/nordnesrepublikken.no\/index.php\/2025\/07\/05\/i-hellas-registreringer-av-hektar-brent-de-siste-20-arene\/#primaryimage\",\"url\":\"https:\/\/nordnesrepublikken.no\/wp-content\/uploads\/2025\/07\/1751687415_I-Hellas-registreringer-av-hektar-brent-de-siste-20-arene.jpg\",\"contentUrl\":\"https:\/\/nordnesrepublikken.no\/wp-content\/uploads\/2025\/07\/1751687415_I-Hellas-registreringer-av-hektar-brent-de-siste-20-arene.jpg\",\"width\":1254,\"height\":836,\"caption\":\"incendi a creta\"},{\"@type\":\"BreadcrumbList\",\"@id\":\"https:\/\/nordnesrepublikken.no\/index.php\/2025\/07\/05\/i-hellas-registreringer-av-hektar-brent-de-siste-20-arene\/#breadcrumb\",\"itemListElement\":[{\"@type\":\"ListItem\",\"position\":1,\"name\":\"Home\",\"item\":\"https:\/\/nordnesrepublikken.no\/\"},{\"@type\":\"ListItem\",\"position\":2,\"name\":\"I Hellas registreringer av hektar brent de siste 20 \u00e5rene\"}]},{\"@type\":\"WebSite\",\"@id\":\"https:\/\/nordnesrepublikken.no\/#website\",\"url\":\"https:\/\/nordnesrepublikken.no\/\",\"name\":\"Nordnesrepublikken\",\"description\":\"Stemmer og Visjoner fra Republikkens Hjerte\",\"publisher\":{\"@id\":\"https:\/\/nordnesrepublikken.no\/#organization\"},\"potentialAction\":[{\"@type\":\"SearchAction\",\"target\":{\"@type\":\"EntryPoint\",\"urlTemplate\":\"https:\/\/nordnesrepublikken.no\/?s={search_term_string}\"},\"query-input\":{\"@type\":\"PropertyValueSpecification\",\"valueRequired\":true,\"valueName\":\"search_term_string\"}}],\"inLanguage\":\"nb-NO\"},{\"@type\":\"Organization\",\"@id\":\"https:\/\/nordnesrepublikken.no\/#organization\",\"name\":\"Nordnesrepublikken\",\"url\":\"https:\/\/nordnesrepublikken.no\/\",\"logo\":{\"@type\":\"ImageObject\",\"inLanguage\":\"nb-NO\",\"@id\":\"https:\/\/nordnesrepublikken.no\/#\/schema\/logo\/image\/\",\"url\":\"https:\/\/nordnesrepublikken.no\/wp-content\/uploads\/2025\/02\/cropped-nordnesrepublikken-2.png\",\"contentUrl\":\"https:\/\/nordnesrepublikken.no\/wp-content\/uploads\/2025\/02\/cropped-nordnesrepublikken-2.png\",\"width\":1248,\"height\":362,\"caption\":\"Nordnesrepublikken\"},\"image\":{\"@id\":\"https:\/\/nordnesrepublikken.no\/#\/schema\/logo\/image\/\"}},{\"@type\":\"Person\",\"@id\":\"https:\/\/nordnesrepublikken.no\/#\/schema\/person\/2e7e81935bab77882fffb79296240ff1\",\"name\":\"Ole Andersen\",\"image\":{\"@type\":\"ImageObject\",\"inLanguage\":\"nb-NO\",\"@id\":\"https:\/\/nordnesrepublikken.no\/#\/schema\/person\/image\/\",\"url\":\"https:\/\/nordnesrepublikken.no\/wp-content\/uploads\/2025\/02\/nordnesrepublikken-2-2-150x150.jpg\",\"contentUrl\":\"https:\/\/nordnesrepublikken.no\/wp-content\/uploads\/2025\/02\/nordnesrepublikken-2-2-150x150.jpg\",\"caption\":\"Ole Andersen\"},\"description\":\"Ettersom jeg vokste opp i Oslo, har jeg alltid v\u00e6rt fascinert av ordenes kraft og deres evne til \u00e5 skape endringer. Etter \u00e5 ha fullf\u00f8rt min utdannelse i kommunikasjon ved Universitetet i Bergen, fikk jeg muligheten til \u00e5 jobbe innen ulike medier, der jeg har s\u00f8kt \u00e5 belyse viktige samfunnssp\u00f8rsm\u00e5l. I dag, som redakt\u00f8r for Nordnesrepublikken, pr\u00f8ver jeg \u00e5 forene min kj\u00e6rlighet for journalistikk med min lidenskap for innovasjon og eventyr.\",\"sameAs\":[\"https:\/\/nordnesrepublikken.no\/\"]}]}<\/script>\n<!-- \/ Yoast SEO plugin. -->","yoast_head_json":{"title":"I Hellas registreringer av hektar brent de siste 20 \u00e5rene - Nordnesrepublikken","robots":{"index":"index","follow":"follow","max-snippet":"max-snippet:-1","max-image-preview":"max-image-preview:large","max-video-preview":"max-video-preview:-1"},"canonical":"https:\/\/nordnesrepublikken.no\/index.php\/2025\/07\/05\/i-hellas-registreringer-av-hektar-brent-de-siste-20-arene\/","og_locale":"nb_NO","og_type":"article","og_title":"I Hellas registreringer av hektar brent de siste 20 \u00e5rene - Nordnesrepublikken","og_description":"I&#8216;Gresk \u00f8y av Kreta er i gang branner Ut av kontroll i flere dager: De","og_url":"https:\/\/nordnesrepublikken.no\/index.php\/2025\/07\/05\/i-hellas-registreringer-av-hektar-brent-de-siste-20-arene\/","og_site_name":"Nordnesrepublikken","article_published_time":"2025-07-05T03:50:13+00:00","article_modified_time":"2025-07-05T03:50:16+00:00","og_image":[{"width":1254,"height":836,"url":"https:\/\/nordnesrepublikken.no\/wp-content\/uploads\/2025\/07\/1751687415_I-Hellas-registreringer-av-hektar-brent-de-siste-20-arene.jpg","type":"image\/jpeg"}],"author":"Ole Andersen","twitter_card":"summary_large_image","twitter_misc":{"Skrevet av":"Ole Andersen","Ansl. lesetid":"2 minutter"},"schema":{"@context":"https:\/\/schema.org","@graph":[{"@type":"Article","@id":"https:\/\/nordnesrepublikken.no\/index.php\/2025\/07\/05\/i-hellas-registreringer-av-hektar-brent-de-siste-20-arene\/#article","isPartOf":{"@id":"https:\/\/nordnesrepublikken.no\/index.php\/2025\/07\/05\/i-hellas-registreringer-av-hektar-brent-de-siste-20-arene\/"},"author":{"name":"Ole Andersen","@id":"https:\/\/nordnesrepublikken.no\/#\/schema\/person\/2e7e81935bab77882fffb79296240ff1"},"headline":"I Hellas registreringer av hektar brent de siste 20 \u00e5rene","datePublished":"2025-07-05T03:50:13+00:00","dateModified":"2025-07-05T03:50:16+00:00","mainEntityOfPage":{"@id":"https:\/\/nordnesrepublikken.no\/index.php\/2025\/07\/05\/i-hellas-registreringer-av-hektar-brent-de-siste-20-arene\/"},"wordCount":452,"publisher":{"@id":"https:\/\/nordnesrepublikken.no\/#organization"},"image":{"@id":"https:\/\/nordnesrepublikken.no\/index.php\/2025\/07\/05\/i-hellas-registreringer-av-hektar-brent-de-siste-20-arene\/#primaryimage"},"thumbnailUrl":"https:\/\/nordnesrepublikken.no\/wp-content\/uploads\/2025\/07\/1751687415_I-Hellas-registreringer-av-hektar-brent-de-siste-20-arene.jpg","keywords":["\u00e5rene","brent","hektar","Hellas","registreringer","siste"],"articleSection":["Samfunn"],"inLanguage":"nb-NO"},{"@type":"WebPage","@id":"https:\/\/nordnesrepublikken.no\/index.php\/2025\/07\/05\/i-hellas-registreringer-av-hektar-brent-de-siste-20-arene\/","url":"https:\/\/nordnesrepublikken.no\/index.php\/2025\/07\/05\/i-hellas-registreringer-av-hektar-brent-de-siste-20-arene\/","name":"I Hellas registreringer av hektar brent de siste 20 \u00e5rene - Nordnesrepublikken","isPartOf":{"@id":"https:\/\/nordnesrepublikken.no\/#website"},"primaryImageOfPage":{"@id":"https:\/\/nordnesrepublikken.no\/index.php\/2025\/07\/05\/i-hellas-registreringer-av-hektar-brent-de-siste-20-arene\/#primaryimage"},"image":{"@id":"https:\/\/nordnesrepublikken.no\/index.php\/2025\/07\/05\/i-hellas-registreringer-av-hektar-brent-de-siste-20-arene\/#primaryimage"},"thumbnailUrl":"https:\/\/nordnesrepublikken.no\/wp-content\/uploads\/2025\/07\/1751687415_I-Hellas-registreringer-av-hektar-brent-de-siste-20-arene.jpg","datePublished":"2025-07-05T03:50:13+00:00","dateModified":"2025-07-05T03:50:16+00:00","breadcrumb":{"@id":"https:\/\/nordnesrepublikken.no\/index.php\/2025\/07\/05\/i-hellas-registreringer-av-hektar-brent-de-siste-20-arene\/#breadcrumb"},"inLanguage":"nb-NO","potentialAction":[{"@type":"ReadAction","target":["https:\/\/nordnesrepublikken.no\/index.php\/2025\/07\/05\/i-hellas-registreringer-av-hektar-brent-de-siste-20-arene\/"]}]},{"@type":"ImageObject","inLanguage":"nb-NO","@id":"https:\/\/nordnesrepublikken.no\/index.php\/2025\/07\/05\/i-hellas-registreringer-av-hektar-brent-de-siste-20-arene\/#primaryimage","url":"https:\/\/nordnesrepublikken.no\/wp-content\/uploads\/2025\/07\/1751687415_I-Hellas-registreringer-av-hektar-brent-de-siste-20-arene.jpg","contentUrl":"https:\/\/nordnesrepublikken.no\/wp-content\/uploads\/2025\/07\/1751687415_I-Hellas-registreringer-av-hektar-brent-de-siste-20-arene.jpg","width":1254,"height":836,"caption":"incendi a creta"},{"@type":"BreadcrumbList","@id":"https:\/\/nordnesrepublikken.no\/index.php\/2025\/07\/05\/i-hellas-registreringer-av-hektar-brent-de-siste-20-arene\/#breadcrumb","itemListElement":[{"@type":"ListItem","position":1,"name":"Home","item":"https:\/\/nordnesrepublikken.no\/"},{"@type":"ListItem","position":2,"name":"I Hellas registreringer av hektar brent de siste 20 \u00e5rene"}]},{"@type":"WebSite","@id":"https:\/\/nordnesrepublikken.no\/#website","url":"https:\/\/nordnesrepublikken.no\/","name":"Nordnesrepublikken","description":"Stemmer og Visjoner fra Republikkens Hjerte","publisher":{"@id":"https:\/\/nordnesrepublikken.no\/#organization"},"potentialAction":[{"@type":"SearchAction","target":{"@type":"EntryPoint","urlTemplate":"https:\/\/nordnesrepublikken.no\/?s={search_term_string}"},"query-input":{"@type":"PropertyValueSpecification","valueRequired":true,"valueName":"search_term_string"}}],"inLanguage":"nb-NO"},{"@type":"Organization","@id":"https:\/\/nordnesrepublikken.no\/#organization","name":"Nordnesrepublikken","url":"https:\/\/nordnesrepublikken.no\/","logo":{"@type":"ImageObject","inLanguage":"nb-NO","@id":"https:\/\/nordnesrepublikken.no\/#\/schema\/logo\/image\/","url":"https:\/\/nordnesrepublikken.no\/wp-content\/uploads\/2025\/02\/cropped-nordnesrepublikken-2.png","contentUrl":"https:\/\/nordnesrepublikken.no\/wp-content\/uploads\/2025\/02\/cropped-nordnesrepublikken-2.png","width":1248,"height":362,"caption":"Nordnesrepublikken"},"image":{"@id":"https:\/\/nordnesrepublikken.no\/#\/schema\/logo\/image\/"}},{"@type":"Person","@id":"https:\/\/nordnesrepublikken.no\/#\/schema\/person\/2e7e81935bab77882fffb79296240ff1","name":"Ole Andersen","image":{"@type":"ImageObject","inLanguage":"nb-NO","@id":"https:\/\/nordnesrepublikken.no\/#\/schema\/person\/image\/","url":"https:\/\/nordnesrepublikken.no\/wp-content\/uploads\/2025\/02\/nordnesrepublikken-2-2-150x150.jpg","contentUrl":"https:\/\/nordnesrepublikken.no\/wp-content\/uploads\/2025\/02\/nordnesrepublikken-2-2-150x150.jpg","caption":"Ole Andersen"},"description":"Ettersom jeg vokste opp i Oslo, har jeg alltid v\u00e6rt fascinert av ordenes kraft og deres evne til \u00e5 skape endringer. Etter \u00e5 ha fullf\u00f8rt min utdannelse i kommunikasjon ved Universitetet i Bergen, fikk jeg muligheten til \u00e5 jobbe innen ulike medier, der jeg har s\u00f8kt \u00e5 belyse viktige samfunnssp\u00f8rsm\u00e5l. I dag, som redakt\u00f8r for Nordnesrepublikken, pr\u00f8ver jeg \u00e5 forene min kj\u00e6rlighet for journalistikk med min lidenskap for innovasjon og eventyr.","sameAs":["https:\/\/nordnesrepublikken.no\/"]}]}},"_links":{"self":[{"href":"https:\/\/nordnesrepublikken.no\/index.php\/wp-json\/wp\/v2\/posts\/6620","targetHints":{"allow":["GET"]}}],"collection":[{"href":"https:\/\/nordnesrepublikken.no\/index.php\/wp-json\/wp\/v2\/posts"}],"about":[{"href":"https:\/\/nordnesrepublikken.no\/index.php\/wp-json\/wp\/v2\/types\/post"}],"author":[{"embeddable":true,"href":"https:\/\/nordnesrepublikken.no\/index.php\/wp-json\/wp\/v2\/users\/1"}],"replies":[{"embeddable":true,"href":"https:\/\/nordnesrepublikken.no\/index.php\/wp-json\/wp\/v2\/comments?post=6620"}],"version-history":[{"count":1,"href":"https:\/\/nordnesrepublikken.no\/index.php\/wp-json\/wp\/v2\/posts\/6620\/revisions"}],"predecessor-version":[{"id":6622,"href":"https:\/\/nordnesrepublikken.no\/index.php\/wp-json\/wp\/v2\/posts\/6620\/revisions\/6622"}],"wp:featuredmedia":[{"embeddable":true,"href":"https:\/\/nordnesrepublikken.no\/index.php\/wp-json\/wp\/v2\/media\/6621"}],"wp:attachment":[{"href":"https:\/\/nordnesrepublikken.no\/index.php\/wp-json\/wp\/v2\/media?parent=6620"}],"wp:term":[{"taxonomy":"category","embeddable":true,"href":"https:\/\/nordnesrepublikken.no\/index.php\/wp-json\/wp\/v2\/categories?post=6620"},{"taxonomy":"post_tag","embeddable":true,"href":"https:\/\/nordnesrepublikken.no\/index.php\/wp-json\/wp\/v2\/tags?post=6620"}],"curies":[{"name":"wp","href":"https:\/\/api.w.org\/{rel}","templated":true}]}}