{"id":6575,"date":"2025-07-03T21:50:06","date_gmt":"2025-07-03T19:50:06","guid":{"rendered":"https:\/\/nordnesrepublikken.no\/index.php\/2025\/07\/03\/svette-lukter-ikke-den-darlige-lukten-er-forarsaket-av-bakterier\/"},"modified":"2025-07-03T21:50:07","modified_gmt":"2025-07-03T19:50:07","slug":"svette-lukter-ikke-den-darlige-lukten-er-forarsaket-av-bakterier","status":"publish","type":"post","link":"https:\/\/nordnesrepublikken.no\/index.php\/2025\/07\/03\/svette-lukter-ikke-den-darlige-lukten-er-forarsaket-av-bakterier\/","title":{"rendered":"Svette lukter ikke, den d\u00e5rlige lukten er for\u00e5rsaket av bakterier"},"content":{"rendered":"<div>\n<div class=\"cp_wrapper cp_wrapper--fw mb-30 mb-20@tablet\">\n<figure class=\"mm\"><picture class=\"img\" style=\"padding-top:56.25%\"><source  media=\"(min-width: 1024px)\"><source  media=\"(min-width: 768px)\"><\/source><\/source><\/picture><\/figure>\n<\/p><\/div>\n<p>Alle tror at <strong>svette<\/strong> stink, men virkeligheten er veldig annerledes: den som lukter kroppen v\u00e5r n\u00e5r vi svetter er <strong>bakterie<\/strong> til stede p\u00e5 huden v\u00e5r som &laquo;f\u00f4rer&raquo; av <strong>fett<\/strong> og av <strong>protein<\/strong> og forvandle dem til <strong>Maleoding gasser<\/strong>ofte inneholder <strong>svovel<\/strong>. I utgangspunktet er de <strong>flatulens<\/strong> av bakterier \u00e5 stinke, ikke svette i seg selv. Faktisk er det to typer svette: en, produsert av ekskrinkjertlene, sammensatt for det meste av vann og mineralsalter. Den andre, utskilt av <strong>apokrine kjertler<\/strong>er mer tett og fet. Det er nettopp sistnevnte som genererer den karakteristiske lukten, fordi den blir utvist gjennom i <strong>Piliferi follikler<\/strong> og er beriket med <strong>Sebum<\/strong>blir den ideelle n\u00e6ringen for bakterier. Men hvorfor kroppen v\u00e5r svetter? Svette rolle er viktig for \u00e5 spre overfl\u00f8dig varme, hvis ikke svette, kan kroppstemperaturen \u00f8ke betydelig, s\u00e5 mye at det f\u00e5r oss til \u00e5 &laquo;d\u00f8 av varme&raquo;.<\/p>\n<h2>Hvorfor lukter svette? Og hvorfor har armhulene en d\u00e5rlig lukt?<\/h2>\n<p>Eksistere <strong>To typer svette<\/strong>produsert av <strong>To forskjellige svette kjertler<\/strong>:<\/p>\n<ul>\n<li>En sammensatt hovedsakelig av <strong>foss<\/strong> og salt (natriumklorid), med spor av andre feil som er produsert av <b>Eccrine kjertler <\/b>distribuert over hele kroppen. Disse kjertlene utskiller svette <strong>direkte p\u00e5 huden<\/strong>uten \u00e5 g\u00e5 gjennom en h\u00e5rsekk og derfor ikke svette <strong>Den inneholder ikke talg<\/strong>.<\/li>\n<li>I stedet en mer tyktflytende svette, alltid sammensatt av vann og salt, men med en liten prosentandel av <strong>fett<\/strong> Og <strong>protein<\/strong>som gj\u00f8r det mer fet. Det er produsert av <b>apokrine kjertler <\/b>som hovedsakelig finnes i <strong>armhule<\/strong>i det ano-kj\u00f8nnsregionen og i brystregionen. Det er fet fordi disse kjertlene utskiller svette gjennom <strong>h\u00e5rsekk<\/strong>der det ogs\u00e5 er talget som er nettopp <strong>fett<\/strong>, <strong>protein<\/strong>.<\/li>\n<\/ul>\n<p>Den d\u00e5rlige lukten, &laquo;<strong>stink av l\u00f8k<\/strong>&laquo;Typisk for svette, det stammer fra den rike fete svetten hvis fett og proteiner som blir n\u00e6ringsstoffer for hudbakterier. Armens svette, som ikke inneholder talg, har ikke den ubehagelige lukten. Men hvorfor husker lukten av armhulene at l\u00f8ken? <strong>svovel<\/strong>. I svette er det en aminosyre som inneholder svovel, kalt <b>Cystein<\/b>som blir forvandlet av bakterier til <b>Tioli<\/b>det vil si molekyler som er veldig like de som ble frigjort fra l\u00f8ken. Det samme som <strong>stink av f\u00f8tter ost<\/strong>: I dette tilfellet er det ikke svovelens feil, men av kortkjedefettsyrer. Det er klart det bare er en tilfeldighet, det er ingen kobling mellom oss mennesker og l\u00f8k eller ost.<\/p>\n<p>Der <strong>Kjemisk sammensetning<\/strong> av svette kan endre seg i henhold til hva <strong>Vi spiser<\/strong>og derfor lukten etter at for eksempel spiser vi krydret kan endre seg. Men selv her ikke fordi svette stinker, men fordi proteinene og fettstoffene i svette kan avhenge av hva vi spiser.<\/p>\n<h2>Hvorfor lukter noen mennesker mer enn andre? Alder, kj\u00f8nn og hormoner<\/h2>\n<p>At noen mennesker lukter mer enn andre, avhenger av flere faktorer; For eksempel eksisterer de apokrine kjertlene, de som utskiller fet svette, allerede fra <strong>f\u00f8dsel<\/strong>men det er de <strong>inaktiv opp til puberteten<\/strong> Og det er derfor ten\u00e5ringer har en sterkere lukt. Derfor under seksuell modning, det vil si n\u00e5r du g\u00e5r fra barndom til voksen alder, <strong>Mer fet svette produseres<\/strong> Og derfor kan du stinke mer. Kvinnene, p\u00e5 grunn av <strong>hormonelle forandringer<\/strong>kan ha en ekstra produksjon av fet apokrin svette og derfor mer stinkende f\u00f8r eller under <strong>menstruasjon<\/strong>.<\/p>\n<p>Ogs\u00e5 <strong>emosjonelle stimuli<\/strong>i tillegg til mangelen p\u00e5 hygiene og rengj\u00f8ring, er de en faktor. Faktisk er det <strong>&laquo;Termisk&raquo; svette<\/strong> Noe som bare avhenger av det faktum at det er varmt ute og som stimuleres av tidens kjertler, de som ikke lukter, og <strong>&laquo;Emosjonell&raquo; svette<\/strong>som stimuleres av svettekjertlene apokrine som respons p\u00e5 stimuli som angst, smerte, seksuell spenning og stress. Dette er grunnen til at vi svetter og stinker mer n\u00e5r vi er oppr\u00f8rte.<\/p>\n<p>Totalt sett er det noen <strong>omr\u00e5der av kroppen v\u00e5r der den svetter mer enn andre<\/strong>\u00c5rsaken er fordelingen av kjertlene. Hver person har mellom <strong>2 og 5 millioner<\/strong> av svettekjertler fordelt p\u00e5 kroppen, s\u00e5 de som har mer og de mindre. I tillegg til antallet, er det n\u00f8dvendig \u00e5 vurdere hastigheten som disse kjertlene gir svette, noe som gj\u00f8r svetten til hver enkelt person enn de andre.<\/p>\n<\/p><\/div>\n","protected":false},"excerpt":{"rendered":"<p>Alle tror at svette stink, men virkeligheten er veldig annerledes: den som lukter kroppen v\u00e5r<\/p>\n","protected":false},"author":1,"featured_media":6576,"comment_status":"closed","ping_status":"open","sticky":false,"template":"","format":"standard","meta":{"footnotes":""},"categories":[24],"tags":[4218,4216,74,951,187,4217,4215,4087],"class_list":["post-6575","post","type-post","status-publish","format-standard","has-post-thumbnail","hentry","category-vitenskap","tag-bakterier","tag-darlige","tag-den","tag-forarsaket","tag-ikke","tag-lukten","tag-lukter","tag-svette","generate-columns","tablet-grid-50","mobile-grid-100","grid-parent","grid-33","resize-featured-image"],"yoast_head":"<!-- This site is optimized with the Yoast SEO plugin v24.4 - https:\/\/yoast.com\/wordpress\/plugins\/seo\/ -->\n<title>Svette lukter ikke, den d\u00e5rlige lukten er for\u00e5rsaket av bakterier - Nordnesrepublikken<\/title>\n<meta name=\"robots\" content=\"index, follow, max-snippet:-1, max-image-preview:large, max-video-preview:-1\" \/>\n<link rel=\"canonical\" href=\"https:\/\/nordnesrepublikken.no\/index.php\/2025\/07\/03\/svette-lukter-ikke-den-darlige-lukten-er-forarsaket-av-bakterier\/\" \/>\n<meta property=\"og:locale\" content=\"nb_NO\" \/>\n<meta property=\"og:type\" content=\"article\" \/>\n<meta property=\"og:title\" content=\"Svette lukter ikke, den d\u00e5rlige lukten er for\u00e5rsaket av bakterier - Nordnesrepublikken\" \/>\n<meta property=\"og:description\" content=\"Alle tror at svette stink, men virkeligheten er veldig annerledes: den som lukter kroppen v\u00e5r\" \/>\n<meta property=\"og:url\" content=\"https:\/\/nordnesrepublikken.no\/index.php\/2025\/07\/03\/svette-lukter-ikke-den-darlige-lukten-er-forarsaket-av-bakterier\/\" \/>\n<meta property=\"og:site_name\" content=\"Nordnesrepublikken\" \/>\n<meta property=\"article:published_time\" content=\"2025-07-03T19:50:06+00:00\" \/>\n<meta property=\"article:modified_time\" content=\"2025-07-03T19:50:07+00:00\" \/>\n<meta property=\"og:image\" content=\"https:\/\/nordnesrepublikken.no\/wp-content\/uploads\/2025\/07\/Svette-lukter-ikke-den-darlige-lukten-er-forarsaket-av-bakterier.jpg\" \/>\n\t<meta property=\"og:image:width\" content=\"1280\" \/>\n\t<meta property=\"og:image:height\" content=\"720\" \/>\n\t<meta property=\"og:image:type\" content=\"image\/jpeg\" \/>\n<meta name=\"author\" content=\"Ole Andersen\" \/>\n<meta name=\"twitter:card\" content=\"summary_large_image\" \/>\n<meta name=\"twitter:label1\" content=\"Skrevet av\" \/>\n\t<meta name=\"twitter:data1\" content=\"Ole Andersen\" \/>\n\t<meta name=\"twitter:label2\" content=\"Ansl. lesetid\" \/>\n\t<meta name=\"twitter:data2\" content=\"3 minutter\" \/>\n<script type=\"application\/ld+json\" class=\"yoast-schema-graph\">{\"@context\":\"https:\/\/schema.org\",\"@graph\":[{\"@type\":\"Article\",\"@id\":\"https:\/\/nordnesrepublikken.no\/index.php\/2025\/07\/03\/svette-lukter-ikke-den-darlige-lukten-er-forarsaket-av-bakterier\/#article\",\"isPartOf\":{\"@id\":\"https:\/\/nordnesrepublikken.no\/index.php\/2025\/07\/03\/svette-lukter-ikke-den-darlige-lukten-er-forarsaket-av-bakterier\/\"},\"author\":{\"name\":\"Ole Andersen\",\"@id\":\"https:\/\/nordnesrepublikken.no\/#\/schema\/person\/2e7e81935bab77882fffb79296240ff1\"},\"headline\":\"Svette lukter ikke, den d\u00e5rlige lukten er for\u00e5rsaket av bakterier\",\"datePublished\":\"2025-07-03T19:50:06+00:00\",\"dateModified\":\"2025-07-03T19:50:07+00:00\",\"mainEntityOfPage\":{\"@id\":\"https:\/\/nordnesrepublikken.no\/index.php\/2025\/07\/03\/svette-lukter-ikke-den-darlige-lukten-er-forarsaket-av-bakterier\/\"},\"wordCount\":698,\"publisher\":{\"@id\":\"https:\/\/nordnesrepublikken.no\/#organization\"},\"image\":{\"@id\":\"https:\/\/nordnesrepublikken.no\/index.php\/2025\/07\/03\/svette-lukter-ikke-den-darlige-lukten-er-forarsaket-av-bakterier\/#primaryimage\"},\"thumbnailUrl\":\"https:\/\/nordnesrepublikken.no\/wp-content\/uploads\/2025\/07\/Svette-lukter-ikke-den-darlige-lukten-er-forarsaket-av-bakterier.jpg\",\"keywords\":[\"bakterier\",\"d\u00e5rlige\",\"den\",\"for\u00e5rsaket\",\"ikke\",\"lukten\",\"lukter\",\"svette\"],\"articleSection\":[\"Vitenskap\"],\"inLanguage\":\"nb-NO\"},{\"@type\":\"WebPage\",\"@id\":\"https:\/\/nordnesrepublikken.no\/index.php\/2025\/07\/03\/svette-lukter-ikke-den-darlige-lukten-er-forarsaket-av-bakterier\/\",\"url\":\"https:\/\/nordnesrepublikken.no\/index.php\/2025\/07\/03\/svette-lukter-ikke-den-darlige-lukten-er-forarsaket-av-bakterier\/\",\"name\":\"Svette lukter ikke, den d\u00e5rlige lukten er for\u00e5rsaket av bakterier - Nordnesrepublikken\",\"isPartOf\":{\"@id\":\"https:\/\/nordnesrepublikken.no\/#website\"},\"primaryImageOfPage\":{\"@id\":\"https:\/\/nordnesrepublikken.no\/index.php\/2025\/07\/03\/svette-lukter-ikke-den-darlige-lukten-er-forarsaket-av-bakterier\/#primaryimage\"},\"image\":{\"@id\":\"https:\/\/nordnesrepublikken.no\/index.php\/2025\/07\/03\/svette-lukter-ikke-den-darlige-lukten-er-forarsaket-av-bakterier\/#primaryimage\"},\"thumbnailUrl\":\"https:\/\/nordnesrepublikken.no\/wp-content\/uploads\/2025\/07\/Svette-lukter-ikke-den-darlige-lukten-er-forarsaket-av-bakterier.jpg\",\"datePublished\":\"2025-07-03T19:50:06+00:00\",\"dateModified\":\"2025-07-03T19:50:07+00:00\",\"breadcrumb\":{\"@id\":\"https:\/\/nordnesrepublikken.no\/index.php\/2025\/07\/03\/svette-lukter-ikke-den-darlige-lukten-er-forarsaket-av-bakterier\/#breadcrumb\"},\"inLanguage\":\"nb-NO\",\"potentialAction\":[{\"@type\":\"ReadAction\",\"target\":[\"https:\/\/nordnesrepublikken.no\/index.php\/2025\/07\/03\/svette-lukter-ikke-den-darlige-lukten-er-forarsaket-av-bakterier\/\"]}]},{\"@type\":\"ImageObject\",\"inLanguage\":\"nb-NO\",\"@id\":\"https:\/\/nordnesrepublikken.no\/index.php\/2025\/07\/03\/svette-lukter-ikke-den-darlige-lukten-er-forarsaket-av-bakterier\/#primaryimage\",\"url\":\"https:\/\/nordnesrepublikken.no\/wp-content\/uploads\/2025\/07\/Svette-lukter-ikke-den-darlige-lukten-er-forarsaket-av-bakterier.jpg\",\"contentUrl\":\"https:\/\/nordnesrepublikken.no\/wp-content\/uploads\/2025\/07\/Svette-lukter-ikke-den-darlige-lukten-er-forarsaket-av-bakterier.jpg\",\"width\":1280,\"height\":720,\"caption\":\"perch\u00e8 il sudore puzza\"},{\"@type\":\"BreadcrumbList\",\"@id\":\"https:\/\/nordnesrepublikken.no\/index.php\/2025\/07\/03\/svette-lukter-ikke-den-darlige-lukten-er-forarsaket-av-bakterier\/#breadcrumb\",\"itemListElement\":[{\"@type\":\"ListItem\",\"position\":1,\"name\":\"Home\",\"item\":\"https:\/\/nordnesrepublikken.no\/\"},{\"@type\":\"ListItem\",\"position\":2,\"name\":\"Svette lukter ikke, den d\u00e5rlige lukten er for\u00e5rsaket av bakterier\"}]},{\"@type\":\"WebSite\",\"@id\":\"https:\/\/nordnesrepublikken.no\/#website\",\"url\":\"https:\/\/nordnesrepublikken.no\/\",\"name\":\"Nordnesrepublikken\",\"description\":\"Stemmer og Visjoner fra Republikkens Hjerte\",\"publisher\":{\"@id\":\"https:\/\/nordnesrepublikken.no\/#organization\"},\"potentialAction\":[{\"@type\":\"SearchAction\",\"target\":{\"@type\":\"EntryPoint\",\"urlTemplate\":\"https:\/\/nordnesrepublikken.no\/?s={search_term_string}\"},\"query-input\":{\"@type\":\"PropertyValueSpecification\",\"valueRequired\":true,\"valueName\":\"search_term_string\"}}],\"inLanguage\":\"nb-NO\"},{\"@type\":\"Organization\",\"@id\":\"https:\/\/nordnesrepublikken.no\/#organization\",\"name\":\"Nordnesrepublikken\",\"url\":\"https:\/\/nordnesrepublikken.no\/\",\"logo\":{\"@type\":\"ImageObject\",\"inLanguage\":\"nb-NO\",\"@id\":\"https:\/\/nordnesrepublikken.no\/#\/schema\/logo\/image\/\",\"url\":\"https:\/\/nordnesrepublikken.no\/wp-content\/uploads\/2025\/02\/cropped-nordnesrepublikken-2.png\",\"contentUrl\":\"https:\/\/nordnesrepublikken.no\/wp-content\/uploads\/2025\/02\/cropped-nordnesrepublikken-2.png\",\"width\":1248,\"height\":362,\"caption\":\"Nordnesrepublikken\"},\"image\":{\"@id\":\"https:\/\/nordnesrepublikken.no\/#\/schema\/logo\/image\/\"}},{\"@type\":\"Person\",\"@id\":\"https:\/\/nordnesrepublikken.no\/#\/schema\/person\/2e7e81935bab77882fffb79296240ff1\",\"name\":\"Ole Andersen\",\"image\":{\"@type\":\"ImageObject\",\"inLanguage\":\"nb-NO\",\"@id\":\"https:\/\/nordnesrepublikken.no\/#\/schema\/person\/image\/\",\"url\":\"https:\/\/nordnesrepublikken.no\/wp-content\/uploads\/2025\/02\/nordnesrepublikken-2-2-150x150.jpg\",\"contentUrl\":\"https:\/\/nordnesrepublikken.no\/wp-content\/uploads\/2025\/02\/nordnesrepublikken-2-2-150x150.jpg\",\"caption\":\"Ole Andersen\"},\"description\":\"Ettersom jeg vokste opp i Oslo, har jeg alltid v\u00e6rt fascinert av ordenes kraft og deres evne til \u00e5 skape endringer. Etter \u00e5 ha fullf\u00f8rt min utdannelse i kommunikasjon ved Universitetet i Bergen, fikk jeg muligheten til \u00e5 jobbe innen ulike medier, der jeg har s\u00f8kt \u00e5 belyse viktige samfunnssp\u00f8rsm\u00e5l. I dag, som redakt\u00f8r for Nordnesrepublikken, pr\u00f8ver jeg \u00e5 forene min kj\u00e6rlighet for journalistikk med min lidenskap for innovasjon og eventyr.\",\"sameAs\":[\"https:\/\/nordnesrepublikken.no\/\"]}]}<\/script>\n<!-- \/ Yoast SEO plugin. -->","yoast_head_json":{"title":"Svette lukter ikke, den d\u00e5rlige lukten er for\u00e5rsaket av bakterier - Nordnesrepublikken","robots":{"index":"index","follow":"follow","max-snippet":"max-snippet:-1","max-image-preview":"max-image-preview:large","max-video-preview":"max-video-preview:-1"},"canonical":"https:\/\/nordnesrepublikken.no\/index.php\/2025\/07\/03\/svette-lukter-ikke-den-darlige-lukten-er-forarsaket-av-bakterier\/","og_locale":"nb_NO","og_type":"article","og_title":"Svette lukter ikke, den d\u00e5rlige lukten er for\u00e5rsaket av bakterier - Nordnesrepublikken","og_description":"Alle tror at svette stink, men virkeligheten er veldig annerledes: den som lukter kroppen v\u00e5r","og_url":"https:\/\/nordnesrepublikken.no\/index.php\/2025\/07\/03\/svette-lukter-ikke-den-darlige-lukten-er-forarsaket-av-bakterier\/","og_site_name":"Nordnesrepublikken","article_published_time":"2025-07-03T19:50:06+00:00","article_modified_time":"2025-07-03T19:50:07+00:00","og_image":[{"width":1280,"height":720,"url":"https:\/\/nordnesrepublikken.no\/wp-content\/uploads\/2025\/07\/Svette-lukter-ikke-den-darlige-lukten-er-forarsaket-av-bakterier.jpg","type":"image\/jpeg"}],"author":"Ole Andersen","twitter_card":"summary_large_image","twitter_misc":{"Skrevet av":"Ole Andersen","Ansl. lesetid":"3 minutter"},"schema":{"@context":"https:\/\/schema.org","@graph":[{"@type":"Article","@id":"https:\/\/nordnesrepublikken.no\/index.php\/2025\/07\/03\/svette-lukter-ikke-den-darlige-lukten-er-forarsaket-av-bakterier\/#article","isPartOf":{"@id":"https:\/\/nordnesrepublikken.no\/index.php\/2025\/07\/03\/svette-lukter-ikke-den-darlige-lukten-er-forarsaket-av-bakterier\/"},"author":{"name":"Ole Andersen","@id":"https:\/\/nordnesrepublikken.no\/#\/schema\/person\/2e7e81935bab77882fffb79296240ff1"},"headline":"Svette lukter ikke, den d\u00e5rlige lukten er for\u00e5rsaket av bakterier","datePublished":"2025-07-03T19:50:06+00:00","dateModified":"2025-07-03T19:50:07+00:00","mainEntityOfPage":{"@id":"https:\/\/nordnesrepublikken.no\/index.php\/2025\/07\/03\/svette-lukter-ikke-den-darlige-lukten-er-forarsaket-av-bakterier\/"},"wordCount":698,"publisher":{"@id":"https:\/\/nordnesrepublikken.no\/#organization"},"image":{"@id":"https:\/\/nordnesrepublikken.no\/index.php\/2025\/07\/03\/svette-lukter-ikke-den-darlige-lukten-er-forarsaket-av-bakterier\/#primaryimage"},"thumbnailUrl":"https:\/\/nordnesrepublikken.no\/wp-content\/uploads\/2025\/07\/Svette-lukter-ikke-den-darlige-lukten-er-forarsaket-av-bakterier.jpg","keywords":["bakterier","d\u00e5rlige","den","for\u00e5rsaket","ikke","lukten","lukter","svette"],"articleSection":["Vitenskap"],"inLanguage":"nb-NO"},{"@type":"WebPage","@id":"https:\/\/nordnesrepublikken.no\/index.php\/2025\/07\/03\/svette-lukter-ikke-den-darlige-lukten-er-forarsaket-av-bakterier\/","url":"https:\/\/nordnesrepublikken.no\/index.php\/2025\/07\/03\/svette-lukter-ikke-den-darlige-lukten-er-forarsaket-av-bakterier\/","name":"Svette lukter ikke, den d\u00e5rlige lukten er for\u00e5rsaket av bakterier - Nordnesrepublikken","isPartOf":{"@id":"https:\/\/nordnesrepublikken.no\/#website"},"primaryImageOfPage":{"@id":"https:\/\/nordnesrepublikken.no\/index.php\/2025\/07\/03\/svette-lukter-ikke-den-darlige-lukten-er-forarsaket-av-bakterier\/#primaryimage"},"image":{"@id":"https:\/\/nordnesrepublikken.no\/index.php\/2025\/07\/03\/svette-lukter-ikke-den-darlige-lukten-er-forarsaket-av-bakterier\/#primaryimage"},"thumbnailUrl":"https:\/\/nordnesrepublikken.no\/wp-content\/uploads\/2025\/07\/Svette-lukter-ikke-den-darlige-lukten-er-forarsaket-av-bakterier.jpg","datePublished":"2025-07-03T19:50:06+00:00","dateModified":"2025-07-03T19:50:07+00:00","breadcrumb":{"@id":"https:\/\/nordnesrepublikken.no\/index.php\/2025\/07\/03\/svette-lukter-ikke-den-darlige-lukten-er-forarsaket-av-bakterier\/#breadcrumb"},"inLanguage":"nb-NO","potentialAction":[{"@type":"ReadAction","target":["https:\/\/nordnesrepublikken.no\/index.php\/2025\/07\/03\/svette-lukter-ikke-den-darlige-lukten-er-forarsaket-av-bakterier\/"]}]},{"@type":"ImageObject","inLanguage":"nb-NO","@id":"https:\/\/nordnesrepublikken.no\/index.php\/2025\/07\/03\/svette-lukter-ikke-den-darlige-lukten-er-forarsaket-av-bakterier\/#primaryimage","url":"https:\/\/nordnesrepublikken.no\/wp-content\/uploads\/2025\/07\/Svette-lukter-ikke-den-darlige-lukten-er-forarsaket-av-bakterier.jpg","contentUrl":"https:\/\/nordnesrepublikken.no\/wp-content\/uploads\/2025\/07\/Svette-lukter-ikke-den-darlige-lukten-er-forarsaket-av-bakterier.jpg","width":1280,"height":720,"caption":"perch\u00e8 il sudore puzza"},{"@type":"BreadcrumbList","@id":"https:\/\/nordnesrepublikken.no\/index.php\/2025\/07\/03\/svette-lukter-ikke-den-darlige-lukten-er-forarsaket-av-bakterier\/#breadcrumb","itemListElement":[{"@type":"ListItem","position":1,"name":"Home","item":"https:\/\/nordnesrepublikken.no\/"},{"@type":"ListItem","position":2,"name":"Svette lukter ikke, den d\u00e5rlige lukten er for\u00e5rsaket av bakterier"}]},{"@type":"WebSite","@id":"https:\/\/nordnesrepublikken.no\/#website","url":"https:\/\/nordnesrepublikken.no\/","name":"Nordnesrepublikken","description":"Stemmer og Visjoner fra Republikkens Hjerte","publisher":{"@id":"https:\/\/nordnesrepublikken.no\/#organization"},"potentialAction":[{"@type":"SearchAction","target":{"@type":"EntryPoint","urlTemplate":"https:\/\/nordnesrepublikken.no\/?s={search_term_string}"},"query-input":{"@type":"PropertyValueSpecification","valueRequired":true,"valueName":"search_term_string"}}],"inLanguage":"nb-NO"},{"@type":"Organization","@id":"https:\/\/nordnesrepublikken.no\/#organization","name":"Nordnesrepublikken","url":"https:\/\/nordnesrepublikken.no\/","logo":{"@type":"ImageObject","inLanguage":"nb-NO","@id":"https:\/\/nordnesrepublikken.no\/#\/schema\/logo\/image\/","url":"https:\/\/nordnesrepublikken.no\/wp-content\/uploads\/2025\/02\/cropped-nordnesrepublikken-2.png","contentUrl":"https:\/\/nordnesrepublikken.no\/wp-content\/uploads\/2025\/02\/cropped-nordnesrepublikken-2.png","width":1248,"height":362,"caption":"Nordnesrepublikken"},"image":{"@id":"https:\/\/nordnesrepublikken.no\/#\/schema\/logo\/image\/"}},{"@type":"Person","@id":"https:\/\/nordnesrepublikken.no\/#\/schema\/person\/2e7e81935bab77882fffb79296240ff1","name":"Ole Andersen","image":{"@type":"ImageObject","inLanguage":"nb-NO","@id":"https:\/\/nordnesrepublikken.no\/#\/schema\/person\/image\/","url":"https:\/\/nordnesrepublikken.no\/wp-content\/uploads\/2025\/02\/nordnesrepublikken-2-2-150x150.jpg","contentUrl":"https:\/\/nordnesrepublikken.no\/wp-content\/uploads\/2025\/02\/nordnesrepublikken-2-2-150x150.jpg","caption":"Ole Andersen"},"description":"Ettersom jeg vokste opp i Oslo, har jeg alltid v\u00e6rt fascinert av ordenes kraft og deres evne til \u00e5 skape endringer. Etter \u00e5 ha fullf\u00f8rt min utdannelse i kommunikasjon ved Universitetet i Bergen, fikk jeg muligheten til \u00e5 jobbe innen ulike medier, der jeg har s\u00f8kt \u00e5 belyse viktige samfunnssp\u00f8rsm\u00e5l. I dag, som redakt\u00f8r for Nordnesrepublikken, pr\u00f8ver jeg \u00e5 forene min kj\u00e6rlighet for journalistikk med min lidenskap for innovasjon og eventyr.","sameAs":["https:\/\/nordnesrepublikken.no\/"]}]}},"_links":{"self":[{"href":"https:\/\/nordnesrepublikken.no\/index.php\/wp-json\/wp\/v2\/posts\/6575","targetHints":{"allow":["GET"]}}],"collection":[{"href":"https:\/\/nordnesrepublikken.no\/index.php\/wp-json\/wp\/v2\/posts"}],"about":[{"href":"https:\/\/nordnesrepublikken.no\/index.php\/wp-json\/wp\/v2\/types\/post"}],"author":[{"embeddable":true,"href":"https:\/\/nordnesrepublikken.no\/index.php\/wp-json\/wp\/v2\/users\/1"}],"replies":[{"embeddable":true,"href":"https:\/\/nordnesrepublikken.no\/index.php\/wp-json\/wp\/v2\/comments?post=6575"}],"version-history":[{"count":1,"href":"https:\/\/nordnesrepublikken.no\/index.php\/wp-json\/wp\/v2\/posts\/6575\/revisions"}],"predecessor-version":[{"id":6577,"href":"https:\/\/nordnesrepublikken.no\/index.php\/wp-json\/wp\/v2\/posts\/6575\/revisions\/6577"}],"wp:featuredmedia":[{"embeddable":true,"href":"https:\/\/nordnesrepublikken.no\/index.php\/wp-json\/wp\/v2\/media\/6576"}],"wp:attachment":[{"href":"https:\/\/nordnesrepublikken.no\/index.php\/wp-json\/wp\/v2\/media?parent=6575"}],"wp:term":[{"taxonomy":"category","embeddable":true,"href":"https:\/\/nordnesrepublikken.no\/index.php\/wp-json\/wp\/v2\/categories?post=6575"},{"taxonomy":"post_tag","embeddable":true,"href":"https:\/\/nordnesrepublikken.no\/index.php\/wp-json\/wp\/v2\/tags?post=6575"}],"curies":[{"name":"wp","href":"https:\/\/api.w.org\/{rel}","templated":true}]}}