{"id":6569,"date":"2025-07-03T17:50:07","date_gmt":"2025-07-03T15:50:07","guid":{"rendered":"https:\/\/nordnesrepublikken.no\/index.php\/2025\/07\/03\/franske-flygeledere-streik-pavirker-ryanair-og-easyjet-tilkoblinger\/"},"modified":"2025-07-03T17:50:08","modified_gmt":"2025-07-03T15:50:08","slug":"franske-flygeledere-streik-pavirker-ryanair-og-easyjet-tilkoblinger","status":"publish","type":"post","link":"https:\/\/nordnesrepublikken.no\/index.php\/2025\/07\/03\/franske-flygeledere-streik-pavirker-ryanair-og-easyjet-tilkoblinger\/","title":{"rendered":"Franske flygeledere streik p\u00e5virker Ryanair og easyJet -tilkoblinger"},"content":{"rendered":"<p><\/p>\n<div class=\"wordpress-content\">\n                    <!-- Article Start --><\/p>\n<p class=\"p1\"><strong>En to-dagers streik av franske flygeledere, organisert av UNSA-ICNA-unionen, har kastet europeiske flyreiser i kaos, med tusenvis av flyvninger kansellert og titusenvis av passasjerer som er ber\u00f8rt. <\/strong><\/p>\n<p class=\"p1\">Walkout, et resultat av mislykkede krav om bedre arbeidsforhold, kronisk bemanningsmangel og visstnok utdatert utstyr, begynte torsdag 3. juli, og skal fortsette gjennom fredag \u200b\u200b4. juli, som vil sammenfalle med starten av den franske sommerferien.<\/p>\n<p class=\"p1\">Den franske sivile luftfartsmyndigheten har rapportert om store forstyrrelser p\u00e5 store flyplasser, inkludert Paris Charles de Gaulle, Paris Orly, Paris Beauvais, Nice, Lyon, Marseille, Montpellier, Ajaccio, Bastia, Calvi og Figari. Mange flyselskaper ble instruert om \u00e5 kutte en fjerdedel av flyreiser til og fra Paris flyplasser og opptil 50 prosent ved andre store knutepunkter som Nice og Korsikas flyplasser. Situasjonen forventes \u00e5 forverres p\u00e5 fredag, med flyplasser i Paris som st\u00e5r overfor 40 prosent flyavbestillinger og fin fortsatt med en reduksjon p\u00e5 50 prosent.<\/p>\n<div class=\"sra_unit\"><link rel=\"stylesheet\" id=\"block-sra\" href=\"https:\/\/euroweeklynews.com\/wp-content\/plugins\/snack-related-articles\/dist\/css\/snack-related.min.css?250312-193541\" type=\"text\/css\" media=\"all\">\n<\/div>\n<h2>Ikke bare Frankrike -flyvninger som er ber\u00f8rt av flygeledere streiker<\/h2>\n<p class=\"p1\">Ryanair kansellerte 170 flyreiser i l\u00f8pet av de to dagene, og p\u00e5virket 30 000 passasjerer, inkludert ruter til Storbritannia, Irland, Hellas og Spania. EasyJet \u00f8kte 22 fly til og fra Storbritannia torsdag 3. og 38. juli fredag \u200b\u200b4. juli, mens British Airways justerte timeplanen ved \u00e5 bruke st\u00f8rre fly for \u00e5 im\u00f8tekomme ber\u00f8rte passasjerer der det var mulig. Air France og andre transport\u00f8rer har ogs\u00e5 skalert tilbake operasjoner.<\/p>\n<p class=\"p1\">Den franske transportministeren Philippe Tabarot kalte streiken &laquo;helt uakseptabel&raquo;. Han kritiserte timingen i l\u00f8pet av den travle h\u00f8ytidsperioden og sa at de siste l\u00f8nns\u00f8kningene ble avtalt for \u00e5 forhindre forstyrrelser i l\u00f8pet av 2024 -OL i 2024. De sl\u00e5ende fagforeningene, som representerer dr\u00f8yt 30 prosent av kontrollerne, argumenterer for at bemanningsmangel og foreldet teknologi kompromitterer driftssikkerhet.<\/p>\n<h2>Kan jeg f\u00e5 kompensasjon for franske luftfart\u00f8yskontrollere avbestillinger?<\/h2>\n<p class=\"p1\">Passasjerer anbefales \u00e5 sjekke flystatuser via flyselskaper eller apper og sikre at kontaktinformasjonen deres blir oppdatert for varsler. I henhold til Storbritannia og EUs forskrifter har ber\u00f8rte reisende rett til full refusjon innen syv dager eller en alternativ flytur, selv om ingen kompensasjon er tilgjengelig for streik i flytrafikkontroll som anses som &laquo;ekstraordin\u00e6re omstendigheter&raquo;. Flyselskaper m\u00e5 ogs\u00e5 hjelpe til med \u00e5 bestille eller returnere passasjerer til sitt opprinnelige avgangspunkt hvis koblingsfly blir forstyrret.<\/p>\n<p class=\"p1\">Fransk flytrafikkontroll har advart om &laquo;betydelige forstyrrelser og forsinkelser&raquo; over hele landet og oppfordret passasjerene til \u00e5 vurdere \u00e5 utsette reiser der det er mulig, og husk at streiken er satt til \u00e5 intensivere seg p\u00e5 fredag. Reisende over hele Europa avstives for ytterligere forstyrrelser.<\/p>\n<p>                    <!-- Article End --><\/p><\/div>\n","protected":false},"excerpt":{"rendered":"<p>En to-dagers streik av franske flygeledere, organisert av UNSA-ICNA-unionen, har kastet europeiske flyreiser i kaos,<\/p>\n","protected":false},"author":1,"featured_media":6570,"comment_status":"closed","ping_status":"open","sticky":false,"template":"","format":"standard","meta":{"footnotes":""},"categories":[105],"tags":[416,4210,2303,358,1079,806,4211],"class_list":["post-6569","post","type-post","status-publish","format-standard","has-post-thumbnail","hentry","category-livsstil","tag-easyjet","tag-flygeledere","tag-franske","tag-pavirker","tag-ryanair","tag-streik","tag-tilkoblinger","generate-columns","tablet-grid-50","mobile-grid-100","grid-parent","grid-33","resize-featured-image"],"yoast_head":"<!-- This site is optimized with the Yoast SEO plugin v24.4 - https:\/\/yoast.com\/wordpress\/plugins\/seo\/ -->\n<title>Franske flygeledere streik p\u00e5virker Ryanair og easyJet -tilkoblinger - Nordnesrepublikken<\/title>\n<meta name=\"robots\" content=\"index, follow, max-snippet:-1, max-image-preview:large, max-video-preview:-1\" \/>\n<link rel=\"canonical\" href=\"https:\/\/nordnesrepublikken.no\/index.php\/2025\/07\/03\/franske-flygeledere-streik-pavirker-ryanair-og-easyjet-tilkoblinger\/\" \/>\n<meta property=\"og:locale\" content=\"nb_NO\" \/>\n<meta property=\"og:type\" content=\"article\" \/>\n<meta property=\"og:title\" content=\"Franske flygeledere streik p\u00e5virker Ryanair og easyJet -tilkoblinger - Nordnesrepublikken\" \/>\n<meta property=\"og:description\" content=\"En to-dagers streik av franske flygeledere, organisert av UNSA-ICNA-unionen, har kastet europeiske flyreiser i kaos,\" \/>\n<meta property=\"og:url\" content=\"https:\/\/nordnesrepublikken.no\/index.php\/2025\/07\/03\/franske-flygeledere-streik-pavirker-ryanair-og-easyjet-tilkoblinger\/\" \/>\n<meta property=\"og:site_name\" content=\"Nordnesrepublikken\" \/>\n<meta property=\"article:published_time\" content=\"2025-07-03T15:50:07+00:00\" \/>\n<meta property=\"article:modified_time\" content=\"2025-07-03T15:50:08+00:00\" \/>\n<meta property=\"og:image\" content=\"https:\/\/nordnesrepublikken.no\/wp-content\/uploads\/2025\/07\/1751557807_Franske-flygeledere-streik-pavirker-Ryanair-og-easyJet-tilkoblinger.jpeg\" \/>\n\t<meta property=\"og:image:width\" content=\"1200\" \/>\n\t<meta property=\"og:image:height\" content=\"800\" \/>\n\t<meta property=\"og:image:type\" content=\"image\/jpeg\" \/>\n<meta name=\"author\" content=\"Ole Andersen\" \/>\n<meta name=\"twitter:card\" content=\"summary_large_image\" \/>\n<meta name=\"twitter:label1\" content=\"Skrevet av\" \/>\n\t<meta name=\"twitter:data1\" content=\"Ole Andersen\" \/>\n\t<meta name=\"twitter:label2\" content=\"Ansl. lesetid\" \/>\n\t<meta name=\"twitter:data2\" content=\"2 minutter\" \/>\n<script type=\"application\/ld+json\" class=\"yoast-schema-graph\">{\"@context\":\"https:\/\/schema.org\",\"@graph\":[{\"@type\":\"Article\",\"@id\":\"https:\/\/nordnesrepublikken.no\/index.php\/2025\/07\/03\/franske-flygeledere-streik-pavirker-ryanair-og-easyjet-tilkoblinger\/#article\",\"isPartOf\":{\"@id\":\"https:\/\/nordnesrepublikken.no\/index.php\/2025\/07\/03\/franske-flygeledere-streik-pavirker-ryanair-og-easyjet-tilkoblinger\/\"},\"author\":{\"name\":\"Ole Andersen\",\"@id\":\"https:\/\/nordnesrepublikken.no\/#\/schema\/person\/2e7e81935bab77882fffb79296240ff1\"},\"headline\":\"Franske flygeledere streik p\u00e5virker Ryanair og easyJet -tilkoblinger\",\"datePublished\":\"2025-07-03T15:50:07+00:00\",\"dateModified\":\"2025-07-03T15:50:08+00:00\",\"mainEntityOfPage\":{\"@id\":\"https:\/\/nordnesrepublikken.no\/index.php\/2025\/07\/03\/franske-flygeledere-streik-pavirker-ryanair-og-easyjet-tilkoblinger\/\"},\"wordCount\":409,\"publisher\":{\"@id\":\"https:\/\/nordnesrepublikken.no\/#organization\"},\"image\":{\"@id\":\"https:\/\/nordnesrepublikken.no\/index.php\/2025\/07\/03\/franske-flygeledere-streik-pavirker-ryanair-og-easyjet-tilkoblinger\/#primaryimage\"},\"thumbnailUrl\":\"https:\/\/nordnesrepublikken.no\/wp-content\/uploads\/2025\/07\/1751557807_Franske-flygeledere-streik-pavirker-Ryanair-og-easyJet-tilkoblinger.jpeg\",\"keywords\":[\"EasyJet\",\"flygeledere\",\"franske\",\"p\u00e5virker\",\"Ryanair\",\"streik\",\"tilkoblinger\"],\"articleSection\":[\"Livsstil\"],\"inLanguage\":\"nb-NO\"},{\"@type\":\"WebPage\",\"@id\":\"https:\/\/nordnesrepublikken.no\/index.php\/2025\/07\/03\/franske-flygeledere-streik-pavirker-ryanair-og-easyjet-tilkoblinger\/\",\"url\":\"https:\/\/nordnesrepublikken.no\/index.php\/2025\/07\/03\/franske-flygeledere-streik-pavirker-ryanair-og-easyjet-tilkoblinger\/\",\"name\":\"Franske flygeledere streik p\u00e5virker Ryanair og easyJet -tilkoblinger - Nordnesrepublikken\",\"isPartOf\":{\"@id\":\"https:\/\/nordnesrepublikken.no\/#website\"},\"primaryImageOfPage\":{\"@id\":\"https:\/\/nordnesrepublikken.no\/index.php\/2025\/07\/03\/franske-flygeledere-streik-pavirker-ryanair-og-easyjet-tilkoblinger\/#primaryimage\"},\"image\":{\"@id\":\"https:\/\/nordnesrepublikken.no\/index.php\/2025\/07\/03\/franske-flygeledere-streik-pavirker-ryanair-og-easyjet-tilkoblinger\/#primaryimage\"},\"thumbnailUrl\":\"https:\/\/nordnesrepublikken.no\/wp-content\/uploads\/2025\/07\/1751557807_Franske-flygeledere-streik-pavirker-Ryanair-og-easyJet-tilkoblinger.jpeg\",\"datePublished\":\"2025-07-03T15:50:07+00:00\",\"dateModified\":\"2025-07-03T15:50:08+00:00\",\"breadcrumb\":{\"@id\":\"https:\/\/nordnesrepublikken.no\/index.php\/2025\/07\/03\/franske-flygeledere-streik-pavirker-ryanair-og-easyjet-tilkoblinger\/#breadcrumb\"},\"inLanguage\":\"nb-NO\",\"potentialAction\":[{\"@type\":\"ReadAction\",\"target\":[\"https:\/\/nordnesrepublikken.no\/index.php\/2025\/07\/03\/franske-flygeledere-streik-pavirker-ryanair-og-easyjet-tilkoblinger\/\"]}]},{\"@type\":\"ImageObject\",\"inLanguage\":\"nb-NO\",\"@id\":\"https:\/\/nordnesrepublikken.no\/index.php\/2025\/07\/03\/franske-flygeledere-streik-pavirker-ryanair-og-easyjet-tilkoblinger\/#primaryimage\",\"url\":\"https:\/\/nordnesrepublikken.no\/wp-content\/uploads\/2025\/07\/1751557807_Franske-flygeledere-streik-pavirker-Ryanair-og-easyJet-tilkoblinger.jpeg\",\"contentUrl\":\"https:\/\/nordnesrepublikken.no\/wp-content\/uploads\/2025\/07\/1751557807_Franske-flygeledere-streik-pavirker-Ryanair-og-easyJet-tilkoblinger.jpeg\",\"width\":1200,\"height\":800,\"caption\":\"Franske flygeledere streik p\u00e5virker Ryanair og easyJet -tilkoblinger\"},{\"@type\":\"BreadcrumbList\",\"@id\":\"https:\/\/nordnesrepublikken.no\/index.php\/2025\/07\/03\/franske-flygeledere-streik-pavirker-ryanair-og-easyjet-tilkoblinger\/#breadcrumb\",\"itemListElement\":[{\"@type\":\"ListItem\",\"position\":1,\"name\":\"Home\",\"item\":\"https:\/\/nordnesrepublikken.no\/\"},{\"@type\":\"ListItem\",\"position\":2,\"name\":\"Franske flygeledere streik p\u00e5virker Ryanair og easyJet -tilkoblinger\"}]},{\"@type\":\"WebSite\",\"@id\":\"https:\/\/nordnesrepublikken.no\/#website\",\"url\":\"https:\/\/nordnesrepublikken.no\/\",\"name\":\"Nordnesrepublikken\",\"description\":\"Stemmer og Visjoner fra Republikkens Hjerte\",\"publisher\":{\"@id\":\"https:\/\/nordnesrepublikken.no\/#organization\"},\"potentialAction\":[{\"@type\":\"SearchAction\",\"target\":{\"@type\":\"EntryPoint\",\"urlTemplate\":\"https:\/\/nordnesrepublikken.no\/?s={search_term_string}\"},\"query-input\":{\"@type\":\"PropertyValueSpecification\",\"valueRequired\":true,\"valueName\":\"search_term_string\"}}],\"inLanguage\":\"nb-NO\"},{\"@type\":\"Organization\",\"@id\":\"https:\/\/nordnesrepublikken.no\/#organization\",\"name\":\"Nordnesrepublikken\",\"url\":\"https:\/\/nordnesrepublikken.no\/\",\"logo\":{\"@type\":\"ImageObject\",\"inLanguage\":\"nb-NO\",\"@id\":\"https:\/\/nordnesrepublikken.no\/#\/schema\/logo\/image\/\",\"url\":\"https:\/\/nordnesrepublikken.no\/wp-content\/uploads\/2025\/02\/cropped-nordnesrepublikken-2.png\",\"contentUrl\":\"https:\/\/nordnesrepublikken.no\/wp-content\/uploads\/2025\/02\/cropped-nordnesrepublikken-2.png\",\"width\":1248,\"height\":362,\"caption\":\"Nordnesrepublikken\"},\"image\":{\"@id\":\"https:\/\/nordnesrepublikken.no\/#\/schema\/logo\/image\/\"}},{\"@type\":\"Person\",\"@id\":\"https:\/\/nordnesrepublikken.no\/#\/schema\/person\/2e7e81935bab77882fffb79296240ff1\",\"name\":\"Ole Andersen\",\"image\":{\"@type\":\"ImageObject\",\"inLanguage\":\"nb-NO\",\"@id\":\"https:\/\/nordnesrepublikken.no\/#\/schema\/person\/image\/\",\"url\":\"https:\/\/nordnesrepublikken.no\/wp-content\/uploads\/2025\/02\/nordnesrepublikken-2-2-150x150.jpg\",\"contentUrl\":\"https:\/\/nordnesrepublikken.no\/wp-content\/uploads\/2025\/02\/nordnesrepublikken-2-2-150x150.jpg\",\"caption\":\"Ole Andersen\"},\"description\":\"Ettersom jeg vokste opp i Oslo, har jeg alltid v\u00e6rt fascinert av ordenes kraft og deres evne til \u00e5 skape endringer. Etter \u00e5 ha fullf\u00f8rt min utdannelse i kommunikasjon ved Universitetet i Bergen, fikk jeg muligheten til \u00e5 jobbe innen ulike medier, der jeg har s\u00f8kt \u00e5 belyse viktige samfunnssp\u00f8rsm\u00e5l. I dag, som redakt\u00f8r for Nordnesrepublikken, pr\u00f8ver jeg \u00e5 forene min kj\u00e6rlighet for journalistikk med min lidenskap for innovasjon og eventyr.\",\"sameAs\":[\"https:\/\/nordnesrepublikken.no\/\"]}]}<\/script>\n<!-- \/ Yoast SEO plugin. -->","yoast_head_json":{"title":"Franske flygeledere streik p\u00e5virker Ryanair og easyJet -tilkoblinger - Nordnesrepublikken","robots":{"index":"index","follow":"follow","max-snippet":"max-snippet:-1","max-image-preview":"max-image-preview:large","max-video-preview":"max-video-preview:-1"},"canonical":"https:\/\/nordnesrepublikken.no\/index.php\/2025\/07\/03\/franske-flygeledere-streik-pavirker-ryanair-og-easyjet-tilkoblinger\/","og_locale":"nb_NO","og_type":"article","og_title":"Franske flygeledere streik p\u00e5virker Ryanair og easyJet -tilkoblinger - Nordnesrepublikken","og_description":"En to-dagers streik av franske flygeledere, organisert av UNSA-ICNA-unionen, har kastet europeiske flyreiser i kaos,","og_url":"https:\/\/nordnesrepublikken.no\/index.php\/2025\/07\/03\/franske-flygeledere-streik-pavirker-ryanair-og-easyjet-tilkoblinger\/","og_site_name":"Nordnesrepublikken","article_published_time":"2025-07-03T15:50:07+00:00","article_modified_time":"2025-07-03T15:50:08+00:00","og_image":[{"width":1200,"height":800,"url":"https:\/\/nordnesrepublikken.no\/wp-content\/uploads\/2025\/07\/1751557807_Franske-flygeledere-streik-pavirker-Ryanair-og-easyJet-tilkoblinger.jpeg","type":"image\/jpeg"}],"author":"Ole Andersen","twitter_card":"summary_large_image","twitter_misc":{"Skrevet av":"Ole Andersen","Ansl. lesetid":"2 minutter"},"schema":{"@context":"https:\/\/schema.org","@graph":[{"@type":"Article","@id":"https:\/\/nordnesrepublikken.no\/index.php\/2025\/07\/03\/franske-flygeledere-streik-pavirker-ryanair-og-easyjet-tilkoblinger\/#article","isPartOf":{"@id":"https:\/\/nordnesrepublikken.no\/index.php\/2025\/07\/03\/franske-flygeledere-streik-pavirker-ryanair-og-easyjet-tilkoblinger\/"},"author":{"name":"Ole Andersen","@id":"https:\/\/nordnesrepublikken.no\/#\/schema\/person\/2e7e81935bab77882fffb79296240ff1"},"headline":"Franske flygeledere streik p\u00e5virker Ryanair og easyJet -tilkoblinger","datePublished":"2025-07-03T15:50:07+00:00","dateModified":"2025-07-03T15:50:08+00:00","mainEntityOfPage":{"@id":"https:\/\/nordnesrepublikken.no\/index.php\/2025\/07\/03\/franske-flygeledere-streik-pavirker-ryanair-og-easyjet-tilkoblinger\/"},"wordCount":409,"publisher":{"@id":"https:\/\/nordnesrepublikken.no\/#organization"},"image":{"@id":"https:\/\/nordnesrepublikken.no\/index.php\/2025\/07\/03\/franske-flygeledere-streik-pavirker-ryanair-og-easyjet-tilkoblinger\/#primaryimage"},"thumbnailUrl":"https:\/\/nordnesrepublikken.no\/wp-content\/uploads\/2025\/07\/1751557807_Franske-flygeledere-streik-pavirker-Ryanair-og-easyJet-tilkoblinger.jpeg","keywords":["EasyJet","flygeledere","franske","p\u00e5virker","Ryanair","streik","tilkoblinger"],"articleSection":["Livsstil"],"inLanguage":"nb-NO"},{"@type":"WebPage","@id":"https:\/\/nordnesrepublikken.no\/index.php\/2025\/07\/03\/franske-flygeledere-streik-pavirker-ryanair-og-easyjet-tilkoblinger\/","url":"https:\/\/nordnesrepublikken.no\/index.php\/2025\/07\/03\/franske-flygeledere-streik-pavirker-ryanair-og-easyjet-tilkoblinger\/","name":"Franske flygeledere streik p\u00e5virker Ryanair og easyJet -tilkoblinger - Nordnesrepublikken","isPartOf":{"@id":"https:\/\/nordnesrepublikken.no\/#website"},"primaryImageOfPage":{"@id":"https:\/\/nordnesrepublikken.no\/index.php\/2025\/07\/03\/franske-flygeledere-streik-pavirker-ryanair-og-easyjet-tilkoblinger\/#primaryimage"},"image":{"@id":"https:\/\/nordnesrepublikken.no\/index.php\/2025\/07\/03\/franske-flygeledere-streik-pavirker-ryanair-og-easyjet-tilkoblinger\/#primaryimage"},"thumbnailUrl":"https:\/\/nordnesrepublikken.no\/wp-content\/uploads\/2025\/07\/1751557807_Franske-flygeledere-streik-pavirker-Ryanair-og-easyJet-tilkoblinger.jpeg","datePublished":"2025-07-03T15:50:07+00:00","dateModified":"2025-07-03T15:50:08+00:00","breadcrumb":{"@id":"https:\/\/nordnesrepublikken.no\/index.php\/2025\/07\/03\/franske-flygeledere-streik-pavirker-ryanair-og-easyjet-tilkoblinger\/#breadcrumb"},"inLanguage":"nb-NO","potentialAction":[{"@type":"ReadAction","target":["https:\/\/nordnesrepublikken.no\/index.php\/2025\/07\/03\/franske-flygeledere-streik-pavirker-ryanair-og-easyjet-tilkoblinger\/"]}]},{"@type":"ImageObject","inLanguage":"nb-NO","@id":"https:\/\/nordnesrepublikken.no\/index.php\/2025\/07\/03\/franske-flygeledere-streik-pavirker-ryanair-og-easyjet-tilkoblinger\/#primaryimage","url":"https:\/\/nordnesrepublikken.no\/wp-content\/uploads\/2025\/07\/1751557807_Franske-flygeledere-streik-pavirker-Ryanair-og-easyJet-tilkoblinger.jpeg","contentUrl":"https:\/\/nordnesrepublikken.no\/wp-content\/uploads\/2025\/07\/1751557807_Franske-flygeledere-streik-pavirker-Ryanair-og-easyJet-tilkoblinger.jpeg","width":1200,"height":800,"caption":"Franske flygeledere streik p\u00e5virker Ryanair og easyJet -tilkoblinger"},{"@type":"BreadcrumbList","@id":"https:\/\/nordnesrepublikken.no\/index.php\/2025\/07\/03\/franske-flygeledere-streik-pavirker-ryanair-og-easyjet-tilkoblinger\/#breadcrumb","itemListElement":[{"@type":"ListItem","position":1,"name":"Home","item":"https:\/\/nordnesrepublikken.no\/"},{"@type":"ListItem","position":2,"name":"Franske flygeledere streik p\u00e5virker Ryanair og easyJet -tilkoblinger"}]},{"@type":"WebSite","@id":"https:\/\/nordnesrepublikken.no\/#website","url":"https:\/\/nordnesrepublikken.no\/","name":"Nordnesrepublikken","description":"Stemmer og Visjoner fra Republikkens Hjerte","publisher":{"@id":"https:\/\/nordnesrepublikken.no\/#organization"},"potentialAction":[{"@type":"SearchAction","target":{"@type":"EntryPoint","urlTemplate":"https:\/\/nordnesrepublikken.no\/?s={search_term_string}"},"query-input":{"@type":"PropertyValueSpecification","valueRequired":true,"valueName":"search_term_string"}}],"inLanguage":"nb-NO"},{"@type":"Organization","@id":"https:\/\/nordnesrepublikken.no\/#organization","name":"Nordnesrepublikken","url":"https:\/\/nordnesrepublikken.no\/","logo":{"@type":"ImageObject","inLanguage":"nb-NO","@id":"https:\/\/nordnesrepublikken.no\/#\/schema\/logo\/image\/","url":"https:\/\/nordnesrepublikken.no\/wp-content\/uploads\/2025\/02\/cropped-nordnesrepublikken-2.png","contentUrl":"https:\/\/nordnesrepublikken.no\/wp-content\/uploads\/2025\/02\/cropped-nordnesrepublikken-2.png","width":1248,"height":362,"caption":"Nordnesrepublikken"},"image":{"@id":"https:\/\/nordnesrepublikken.no\/#\/schema\/logo\/image\/"}},{"@type":"Person","@id":"https:\/\/nordnesrepublikken.no\/#\/schema\/person\/2e7e81935bab77882fffb79296240ff1","name":"Ole Andersen","image":{"@type":"ImageObject","inLanguage":"nb-NO","@id":"https:\/\/nordnesrepublikken.no\/#\/schema\/person\/image\/","url":"https:\/\/nordnesrepublikken.no\/wp-content\/uploads\/2025\/02\/nordnesrepublikken-2-2-150x150.jpg","contentUrl":"https:\/\/nordnesrepublikken.no\/wp-content\/uploads\/2025\/02\/nordnesrepublikken-2-2-150x150.jpg","caption":"Ole Andersen"},"description":"Ettersom jeg vokste opp i Oslo, har jeg alltid v\u00e6rt fascinert av ordenes kraft og deres evne til \u00e5 skape endringer. Etter \u00e5 ha fullf\u00f8rt min utdannelse i kommunikasjon ved Universitetet i Bergen, fikk jeg muligheten til \u00e5 jobbe innen ulike medier, der jeg har s\u00f8kt \u00e5 belyse viktige samfunnssp\u00f8rsm\u00e5l. I dag, som redakt\u00f8r for Nordnesrepublikken, pr\u00f8ver jeg \u00e5 forene min kj\u00e6rlighet for journalistikk med min lidenskap for innovasjon og eventyr.","sameAs":["https:\/\/nordnesrepublikken.no\/"]}]}},"_links":{"self":[{"href":"https:\/\/nordnesrepublikken.no\/index.php\/wp-json\/wp\/v2\/posts\/6569","targetHints":{"allow":["GET"]}}],"collection":[{"href":"https:\/\/nordnesrepublikken.no\/index.php\/wp-json\/wp\/v2\/posts"}],"about":[{"href":"https:\/\/nordnesrepublikken.no\/index.php\/wp-json\/wp\/v2\/types\/post"}],"author":[{"embeddable":true,"href":"https:\/\/nordnesrepublikken.no\/index.php\/wp-json\/wp\/v2\/users\/1"}],"replies":[{"embeddable":true,"href":"https:\/\/nordnesrepublikken.no\/index.php\/wp-json\/wp\/v2\/comments?post=6569"}],"version-history":[{"count":1,"href":"https:\/\/nordnesrepublikken.no\/index.php\/wp-json\/wp\/v2\/posts\/6569\/revisions"}],"predecessor-version":[{"id":6571,"href":"https:\/\/nordnesrepublikken.no\/index.php\/wp-json\/wp\/v2\/posts\/6569\/revisions\/6571"}],"wp:featuredmedia":[{"embeddable":true,"href":"https:\/\/nordnesrepublikken.no\/index.php\/wp-json\/wp\/v2\/media\/6570"}],"wp:attachment":[{"href":"https:\/\/nordnesrepublikken.no\/index.php\/wp-json\/wp\/v2\/media?parent=6569"}],"wp:term":[{"taxonomy":"category","embeddable":true,"href":"https:\/\/nordnesrepublikken.no\/index.php\/wp-json\/wp\/v2\/categories?post=6569"},{"taxonomy":"post_tag","embeddable":true,"href":"https:\/\/nordnesrepublikken.no\/index.php\/wp-json\/wp\/v2\/tags?post=6569"}],"curies":[{"name":"wp","href":"https:\/\/api.w.org\/{rel}","templated":true}]}}