{"id":6560,"date":"2025-07-03T12:50:44","date_gmt":"2025-07-03T10:50:44","guid":{"rendered":"https:\/\/nordnesrepublikken.no\/index.php\/2025\/07\/03\/som-ma-installere-det-og-kostnadene\/"},"modified":"2025-07-03T12:50:46","modified_gmt":"2025-07-03T10:50:46","slug":"som-ma-installere-det-og-kostnadene","status":"publish","type":"post","link":"https:\/\/nordnesrepublikken.no\/index.php\/2025\/07\/03\/som-ma-installere-det-og-kostnadene\/","title":{"rendered":"som m\u00e5 installere det og kostnadene"},"content":{"rendered":"<div>\n<div class=\"cp_wrapper cp_wrapper--fw mb-30 mb-20@tablet\">\n<figure class=\"mm\"><picture class=\"img\" style=\"padding-top:56.25%\"><source  media=\"(min-width: 1024px)\"><source  media=\"(min-width: 768px)\"><\/source><\/source><\/picture><\/figure>\n<\/p><\/div>\n<p>Alcoholck blir offisielt obligatorisk for alle sj\u00e5f\u00f8rer som allerede er sanksjonert for \u00e5 veilede med en <strong>Alkoholinnhold st\u00f8rre enn 0,8 g\/l:<\/strong> Infrastruktur og transport minister <strong>Matteo Salvini<\/strong> Han signerte dekretet som definerer alle retningslinjene for installasjonen av denne enheten.<\/p>\n<p>I henhold til den nye motorvei -koden vil for tilbakefallsf\u00f8rere v\u00e6re <strong>obligatorisk<\/strong> Kj\u00f8r et kj\u00f8ret\u00f8y utstyrt med Alcoholck for en <strong>periode p\u00e5 minst 2 \u00e5r<\/strong>. Men tidskravet stiger til og med til<strong> 3 \u00e5r<\/strong> For de som allerede hadde blitt overrasket med en alkoholtransport\u00f8r st\u00f8rre enn 1,5 g\/l. For de som ikke respekterer forpliktelsen, blir gitt <strong>straffer<\/strong> <strong>fra 158 til 638 euro<\/strong>med <strong>suspensjon<\/strong> fra <strong>tillatelse<\/strong> fra 1 til 6 m\u00e5neder.<\/p>\n<h2>Hvem m\u00e5 installere alkoholen til den nye Salvini Highway Code<\/h2>\n<p>Enheten vil derfor v\u00e6re obligatorisk for de som allerede har v\u00e6rt <strong>overrasket<\/strong> med alkoholemiske verdier h\u00f8yere enn normen: spesielt m\u00e5 den installeres i minst <strong>2 \u00e5r<\/strong> av de som har blitt sanksjonert for et alkoholinnhold utover <strong>0,8 g\/l<\/strong>men perioden stiger til <strong>3 \u00e5r<\/strong> for verdier i tillegg til<strong> 1,5g\/l<\/strong>. Noen <strong>straffer<\/strong> De varierer fra 158 til 638 euro, som legges til <strong>Suspensjon av lisensen<\/strong> Fra 1 til 6 m\u00e5neder: B\u00f8tene dobles i tilfelle enheten har blitt tuklet med.<\/p>\n<p>De <strong>operasjon<\/strong> Alcoholck er ganske enkel: F\u00f8r bilen starter, m\u00e5 sj\u00e5f\u00f8ren bl\u00e5se inne i enheten. Hvis systemet oppdager en <strong>Alkoholinnhold h\u00f8yere enn null<\/strong>Da vil det forhindre motorbelysningen. Med andre ord, for sj\u00e5f\u00f8ren vil det v\u00e6re mulig \u00e5 starte bilen bare i forhold til <strong>Fullstendig n\u00f8kternhet<\/strong>. Kort sagt, Alcoholck vil fungere som en slags<strong> Teknologisk barriere<\/strong> For \u00e5 frar\u00e5de de som allerede har blitt overrasket av politiet mens de kj\u00f8rte med alkoholverdier utover terskelen.<\/p>\n<p>Det m\u00e5 imidlertid sies at det ikke er en ufeilbarlig apparat: i andre land der det allerede er gjort obligatorisk (inkludert Finland og Frankrike) har ogs\u00e5 blitt rapportert tilfeller av <strong>Falsk positiv<\/strong>ofte knyttet til inntak av medisiner eller problemer p\u00e5 grunn av d\u00e5rlig vedlikehold.<\/p>\n<h2>Hvor mye koster det \u00e5 installere alkohol og hva er risikoen for hvem som ikke gj\u00f8r det<\/h2>\n<p>De <strong>koste<\/strong> av Alcoholck, som fortsatt er ansvaret for de private personer, er mellom<strong> 1.500 og 2000 euro<\/strong>som kostnadene for de forskjellige ogs\u00e5 m\u00e5 legges til <strong>Engangs munn<\/strong> og periodiske sjekker: Det er imidlertid en nyhet som allerede er kunngjort og gitt av den nye motorvei -koden, som tr\u00e5dte i kraft 14. desember og som s\u00f8rger for <strong>Nulltoleranse<\/strong> For de som veileder i en tilstand av rus.<\/p>\n<p>Det nye dekretet sl\u00e5r fast at Alcoholck kan installeres p\u00e5 kj\u00f8ret\u00f8y som brukes til b\u00e5de transport av <strong>mennesker <\/strong> det av <strong>varer<\/strong>; For installat\u00f8rer vil det imidlertid v\u00e6re obligatorisk \u00e5 gi en<strong> Offisiell erkl\u00e6ring<\/strong> Og en spesiell segl som da m\u00e5 stilles ut av sj\u00e5f\u00f8rer i tilfelle av veiskjekker.<\/p>\n<p>Til tross for de nye retningslinjene for departementet, er det imidlertid en <strong>Stort problem<\/strong> knyttet til Alcoholck, gitt at lovgivningen ikke avklarer hvordan du l\u00f8ser noe <strong>inkompatibilitet<\/strong> av enheten med kj\u00f8ret\u00f8yet. I f\u00f8lge dataene levert av ACI (Automobile Club of Italy), faktisk i Italia<strong>Gjennomsnittsalder<\/strong> av parken <strong>bil<\/strong> det handler om <strong>13 \u00e5r<\/strong>. Dette betyr at det i mange tilfeller kan v\u00e6re teknisk umulig \u00e5 installere denne enheten p\u00e5 <strong>mer daterte biler<\/strong>ofte uten <strong>Kontrollenhet<\/strong> Moderne n\u00f8dvendig for integrering av alkohol.<\/p>\n<\/p><\/div>\n","protected":false},"excerpt":{"rendered":"<p>Alcoholck blir offisielt obligatorisk for alle sj\u00e5f\u00f8rer som allerede er sanksjonert for \u00e5 veilede med<\/p>\n","protected":false},"author":1,"featured_media":6561,"comment_status":"closed","ping_status":"open","sticky":false,"template":"","format":"standard","meta":{"footnotes":""},"categories":[25],"tags":[66,4162,4203,517,31],"class_list":["post-6560","post","type-post","status-publish","format-standard","has-post-thumbnail","hentry","category-teknologi","tag-det","tag-installere","tag-kostnadene","tag-ma","tag-som","generate-columns","tablet-grid-50","mobile-grid-100","grid-parent","grid-33","resize-featured-image"],"yoast_head":"<!-- This site is optimized with the Yoast SEO plugin v24.4 - https:\/\/yoast.com\/wordpress\/plugins\/seo\/ -->\n<title>som m\u00e5 installere det og kostnadene - Nordnesrepublikken<\/title>\n<meta name=\"robots\" content=\"index, follow, max-snippet:-1, max-image-preview:large, max-video-preview:-1\" \/>\n<link rel=\"canonical\" href=\"https:\/\/nordnesrepublikken.no\/index.php\/2025\/07\/03\/som-ma-installere-det-og-kostnadene\/\" \/>\n<meta property=\"og:locale\" content=\"nb_NO\" \/>\n<meta property=\"og:type\" content=\"article\" \/>\n<meta property=\"og:title\" content=\"som m\u00e5 installere det og kostnadene - Nordnesrepublikken\" \/>\n<meta property=\"og:description\" content=\"Alcoholck blir offisielt obligatorisk for alle sj\u00e5f\u00f8rer som allerede er sanksjonert for \u00e5 veilede med\" \/>\n<meta property=\"og:url\" content=\"https:\/\/nordnesrepublikken.no\/index.php\/2025\/07\/03\/som-ma-installere-det-og-kostnadene\/\" \/>\n<meta property=\"og:site_name\" content=\"Nordnesrepublikken\" \/>\n<meta property=\"article:published_time\" content=\"2025-07-03T10:50:44+00:00\" \/>\n<meta property=\"article:modified_time\" content=\"2025-07-03T10:50:46+00:00\" \/>\n<meta property=\"og:image\" content=\"https:\/\/nordnesrepublikken.no\/wp-content\/uploads\/2025\/07\/1751539845_som-ma-installere-det-og-kostnadene.jpg\" \/>\n\t<meta property=\"og:image:width\" content=\"1213\" \/>\n\t<meta property=\"og:image:height\" content=\"865\" \/>\n\t<meta property=\"og:image:type\" content=\"image\/jpeg\" \/>\n<meta name=\"author\" content=\"Ole Andersen\" \/>\n<meta name=\"twitter:card\" content=\"summary_large_image\" \/>\n<meta name=\"twitter:label1\" content=\"Skrevet av\" \/>\n\t<meta name=\"twitter:data1\" content=\"Ole Andersen\" \/>\n\t<meta name=\"twitter:label2\" content=\"Ansl. lesetid\" \/>\n\t<meta name=\"twitter:data2\" content=\"3 minutter\" \/>\n<script type=\"application\/ld+json\" class=\"yoast-schema-graph\">{\"@context\":\"https:\/\/schema.org\",\"@graph\":[{\"@type\":\"Article\",\"@id\":\"https:\/\/nordnesrepublikken.no\/index.php\/2025\/07\/03\/som-ma-installere-det-og-kostnadene\/#article\",\"isPartOf\":{\"@id\":\"https:\/\/nordnesrepublikken.no\/index.php\/2025\/07\/03\/som-ma-installere-det-og-kostnadene\/\"},\"author\":{\"name\":\"Ole Andersen\",\"@id\":\"https:\/\/nordnesrepublikken.no\/#\/schema\/person\/2e7e81935bab77882fffb79296240ff1\"},\"headline\":\"som m\u00e5 installere det og kostnadene\",\"datePublished\":\"2025-07-03T10:50:44+00:00\",\"dateModified\":\"2025-07-03T10:50:46+00:00\",\"mainEntityOfPage\":{\"@id\":\"https:\/\/nordnesrepublikken.no\/index.php\/2025\/07\/03\/som-ma-installere-det-og-kostnadene\/\"},\"wordCount\":556,\"publisher\":{\"@id\":\"https:\/\/nordnesrepublikken.no\/#organization\"},\"image\":{\"@id\":\"https:\/\/nordnesrepublikken.no\/index.php\/2025\/07\/03\/som-ma-installere-det-og-kostnadene\/#primaryimage\"},\"thumbnailUrl\":\"https:\/\/nordnesrepublikken.no\/wp-content\/uploads\/2025\/07\/1751539845_som-ma-installere-det-og-kostnadene.jpg\",\"keywords\":[\"Det\",\"installere\",\"kostnadene\",\"m\u00e5\",\"som\"],\"articleSection\":[\"Teknologi\"],\"inLanguage\":\"nb-NO\"},{\"@type\":\"WebPage\",\"@id\":\"https:\/\/nordnesrepublikken.no\/index.php\/2025\/07\/03\/som-ma-installere-det-og-kostnadene\/\",\"url\":\"https:\/\/nordnesrepublikken.no\/index.php\/2025\/07\/03\/som-ma-installere-det-og-kostnadene\/\",\"name\":\"som m\u00e5 installere det og kostnadene - Nordnesrepublikken\",\"isPartOf\":{\"@id\":\"https:\/\/nordnesrepublikken.no\/#website\"},\"primaryImageOfPage\":{\"@id\":\"https:\/\/nordnesrepublikken.no\/index.php\/2025\/07\/03\/som-ma-installere-det-og-kostnadene\/#primaryimage\"},\"image\":{\"@id\":\"https:\/\/nordnesrepublikken.no\/index.php\/2025\/07\/03\/som-ma-installere-det-og-kostnadene\/#primaryimage\"},\"thumbnailUrl\":\"https:\/\/nordnesrepublikken.no\/wp-content\/uploads\/2025\/07\/1751539845_som-ma-installere-det-og-kostnadene.jpg\",\"datePublished\":\"2025-07-03T10:50:44+00:00\",\"dateModified\":\"2025-07-03T10:50:46+00:00\",\"breadcrumb\":{\"@id\":\"https:\/\/nordnesrepublikken.no\/index.php\/2025\/07\/03\/som-ma-installere-det-og-kostnadene\/#breadcrumb\"},\"inLanguage\":\"nb-NO\",\"potentialAction\":[{\"@type\":\"ReadAction\",\"target\":[\"https:\/\/nordnesrepublikken.no\/index.php\/2025\/07\/03\/som-ma-installere-det-og-kostnadene\/\"]}]},{\"@type\":\"ImageObject\",\"inLanguage\":\"nb-NO\",\"@id\":\"https:\/\/nordnesrepublikken.no\/index.php\/2025\/07\/03\/som-ma-installere-det-og-kostnadene\/#primaryimage\",\"url\":\"https:\/\/nordnesrepublikken.no\/wp-content\/uploads\/2025\/07\/1751539845_som-ma-installere-det-og-kostnadene.jpg\",\"contentUrl\":\"https:\/\/nordnesrepublikken.no\/wp-content\/uploads\/2025\/07\/1751539845_som-ma-installere-det-og-kostnadene.jpg\",\"width\":1213,\"height\":865,\"caption\":\"alcolock\"},{\"@type\":\"BreadcrumbList\",\"@id\":\"https:\/\/nordnesrepublikken.no\/index.php\/2025\/07\/03\/som-ma-installere-det-og-kostnadene\/#breadcrumb\",\"itemListElement\":[{\"@type\":\"ListItem\",\"position\":1,\"name\":\"Home\",\"item\":\"https:\/\/nordnesrepublikken.no\/\"},{\"@type\":\"ListItem\",\"position\":2,\"name\":\"som m\u00e5 installere det og kostnadene\"}]},{\"@type\":\"WebSite\",\"@id\":\"https:\/\/nordnesrepublikken.no\/#website\",\"url\":\"https:\/\/nordnesrepublikken.no\/\",\"name\":\"Nordnesrepublikken\",\"description\":\"Stemmer og Visjoner fra Republikkens Hjerte\",\"publisher\":{\"@id\":\"https:\/\/nordnesrepublikken.no\/#organization\"},\"potentialAction\":[{\"@type\":\"SearchAction\",\"target\":{\"@type\":\"EntryPoint\",\"urlTemplate\":\"https:\/\/nordnesrepublikken.no\/?s={search_term_string}\"},\"query-input\":{\"@type\":\"PropertyValueSpecification\",\"valueRequired\":true,\"valueName\":\"search_term_string\"}}],\"inLanguage\":\"nb-NO\"},{\"@type\":\"Organization\",\"@id\":\"https:\/\/nordnesrepublikken.no\/#organization\",\"name\":\"Nordnesrepublikken\",\"url\":\"https:\/\/nordnesrepublikken.no\/\",\"logo\":{\"@type\":\"ImageObject\",\"inLanguage\":\"nb-NO\",\"@id\":\"https:\/\/nordnesrepublikken.no\/#\/schema\/logo\/image\/\",\"url\":\"https:\/\/nordnesrepublikken.no\/wp-content\/uploads\/2025\/02\/cropped-nordnesrepublikken-2.png\",\"contentUrl\":\"https:\/\/nordnesrepublikken.no\/wp-content\/uploads\/2025\/02\/cropped-nordnesrepublikken-2.png\",\"width\":1248,\"height\":362,\"caption\":\"Nordnesrepublikken\"},\"image\":{\"@id\":\"https:\/\/nordnesrepublikken.no\/#\/schema\/logo\/image\/\"}},{\"@type\":\"Person\",\"@id\":\"https:\/\/nordnesrepublikken.no\/#\/schema\/person\/2e7e81935bab77882fffb79296240ff1\",\"name\":\"Ole Andersen\",\"image\":{\"@type\":\"ImageObject\",\"inLanguage\":\"nb-NO\",\"@id\":\"https:\/\/nordnesrepublikken.no\/#\/schema\/person\/image\/\",\"url\":\"https:\/\/nordnesrepublikken.no\/wp-content\/uploads\/2025\/02\/nordnesrepublikken-2-2-150x150.jpg\",\"contentUrl\":\"https:\/\/nordnesrepublikken.no\/wp-content\/uploads\/2025\/02\/nordnesrepublikken-2-2-150x150.jpg\",\"caption\":\"Ole Andersen\"},\"description\":\"Ettersom jeg vokste opp i Oslo, har jeg alltid v\u00e6rt fascinert av ordenes kraft og deres evne til \u00e5 skape endringer. Etter \u00e5 ha fullf\u00f8rt min utdannelse i kommunikasjon ved Universitetet i Bergen, fikk jeg muligheten til \u00e5 jobbe innen ulike medier, der jeg har s\u00f8kt \u00e5 belyse viktige samfunnssp\u00f8rsm\u00e5l. I dag, som redakt\u00f8r for Nordnesrepublikken, pr\u00f8ver jeg \u00e5 forene min kj\u00e6rlighet for journalistikk med min lidenskap for innovasjon og eventyr.\",\"sameAs\":[\"https:\/\/nordnesrepublikken.no\/\"]}]}<\/script>\n<!-- \/ Yoast SEO plugin. -->","yoast_head_json":{"title":"som m\u00e5 installere det og kostnadene - Nordnesrepublikken","robots":{"index":"index","follow":"follow","max-snippet":"max-snippet:-1","max-image-preview":"max-image-preview:large","max-video-preview":"max-video-preview:-1"},"canonical":"https:\/\/nordnesrepublikken.no\/index.php\/2025\/07\/03\/som-ma-installere-det-og-kostnadene\/","og_locale":"nb_NO","og_type":"article","og_title":"som m\u00e5 installere det og kostnadene - Nordnesrepublikken","og_description":"Alcoholck blir offisielt obligatorisk for alle sj\u00e5f\u00f8rer som allerede er sanksjonert for \u00e5 veilede med","og_url":"https:\/\/nordnesrepublikken.no\/index.php\/2025\/07\/03\/som-ma-installere-det-og-kostnadene\/","og_site_name":"Nordnesrepublikken","article_published_time":"2025-07-03T10:50:44+00:00","article_modified_time":"2025-07-03T10:50:46+00:00","og_image":[{"width":1213,"height":865,"url":"https:\/\/nordnesrepublikken.no\/wp-content\/uploads\/2025\/07\/1751539845_som-ma-installere-det-og-kostnadene.jpg","type":"image\/jpeg"}],"author":"Ole Andersen","twitter_card":"summary_large_image","twitter_misc":{"Skrevet av":"Ole Andersen","Ansl. lesetid":"3 minutter"},"schema":{"@context":"https:\/\/schema.org","@graph":[{"@type":"Article","@id":"https:\/\/nordnesrepublikken.no\/index.php\/2025\/07\/03\/som-ma-installere-det-og-kostnadene\/#article","isPartOf":{"@id":"https:\/\/nordnesrepublikken.no\/index.php\/2025\/07\/03\/som-ma-installere-det-og-kostnadene\/"},"author":{"name":"Ole Andersen","@id":"https:\/\/nordnesrepublikken.no\/#\/schema\/person\/2e7e81935bab77882fffb79296240ff1"},"headline":"som m\u00e5 installere det og kostnadene","datePublished":"2025-07-03T10:50:44+00:00","dateModified":"2025-07-03T10:50:46+00:00","mainEntityOfPage":{"@id":"https:\/\/nordnesrepublikken.no\/index.php\/2025\/07\/03\/som-ma-installere-det-og-kostnadene\/"},"wordCount":556,"publisher":{"@id":"https:\/\/nordnesrepublikken.no\/#organization"},"image":{"@id":"https:\/\/nordnesrepublikken.no\/index.php\/2025\/07\/03\/som-ma-installere-det-og-kostnadene\/#primaryimage"},"thumbnailUrl":"https:\/\/nordnesrepublikken.no\/wp-content\/uploads\/2025\/07\/1751539845_som-ma-installere-det-og-kostnadene.jpg","keywords":["Det","installere","kostnadene","m\u00e5","som"],"articleSection":["Teknologi"],"inLanguage":"nb-NO"},{"@type":"WebPage","@id":"https:\/\/nordnesrepublikken.no\/index.php\/2025\/07\/03\/som-ma-installere-det-og-kostnadene\/","url":"https:\/\/nordnesrepublikken.no\/index.php\/2025\/07\/03\/som-ma-installere-det-og-kostnadene\/","name":"som m\u00e5 installere det og kostnadene - Nordnesrepublikken","isPartOf":{"@id":"https:\/\/nordnesrepublikken.no\/#website"},"primaryImageOfPage":{"@id":"https:\/\/nordnesrepublikken.no\/index.php\/2025\/07\/03\/som-ma-installere-det-og-kostnadene\/#primaryimage"},"image":{"@id":"https:\/\/nordnesrepublikken.no\/index.php\/2025\/07\/03\/som-ma-installere-det-og-kostnadene\/#primaryimage"},"thumbnailUrl":"https:\/\/nordnesrepublikken.no\/wp-content\/uploads\/2025\/07\/1751539845_som-ma-installere-det-og-kostnadene.jpg","datePublished":"2025-07-03T10:50:44+00:00","dateModified":"2025-07-03T10:50:46+00:00","breadcrumb":{"@id":"https:\/\/nordnesrepublikken.no\/index.php\/2025\/07\/03\/som-ma-installere-det-og-kostnadene\/#breadcrumb"},"inLanguage":"nb-NO","potentialAction":[{"@type":"ReadAction","target":["https:\/\/nordnesrepublikken.no\/index.php\/2025\/07\/03\/som-ma-installere-det-og-kostnadene\/"]}]},{"@type":"ImageObject","inLanguage":"nb-NO","@id":"https:\/\/nordnesrepublikken.no\/index.php\/2025\/07\/03\/som-ma-installere-det-og-kostnadene\/#primaryimage","url":"https:\/\/nordnesrepublikken.no\/wp-content\/uploads\/2025\/07\/1751539845_som-ma-installere-det-og-kostnadene.jpg","contentUrl":"https:\/\/nordnesrepublikken.no\/wp-content\/uploads\/2025\/07\/1751539845_som-ma-installere-det-og-kostnadene.jpg","width":1213,"height":865,"caption":"alcolock"},{"@type":"BreadcrumbList","@id":"https:\/\/nordnesrepublikken.no\/index.php\/2025\/07\/03\/som-ma-installere-det-og-kostnadene\/#breadcrumb","itemListElement":[{"@type":"ListItem","position":1,"name":"Home","item":"https:\/\/nordnesrepublikken.no\/"},{"@type":"ListItem","position":2,"name":"som m\u00e5 installere det og kostnadene"}]},{"@type":"WebSite","@id":"https:\/\/nordnesrepublikken.no\/#website","url":"https:\/\/nordnesrepublikken.no\/","name":"Nordnesrepublikken","description":"Stemmer og Visjoner fra Republikkens Hjerte","publisher":{"@id":"https:\/\/nordnesrepublikken.no\/#organization"},"potentialAction":[{"@type":"SearchAction","target":{"@type":"EntryPoint","urlTemplate":"https:\/\/nordnesrepublikken.no\/?s={search_term_string}"},"query-input":{"@type":"PropertyValueSpecification","valueRequired":true,"valueName":"search_term_string"}}],"inLanguage":"nb-NO"},{"@type":"Organization","@id":"https:\/\/nordnesrepublikken.no\/#organization","name":"Nordnesrepublikken","url":"https:\/\/nordnesrepublikken.no\/","logo":{"@type":"ImageObject","inLanguage":"nb-NO","@id":"https:\/\/nordnesrepublikken.no\/#\/schema\/logo\/image\/","url":"https:\/\/nordnesrepublikken.no\/wp-content\/uploads\/2025\/02\/cropped-nordnesrepublikken-2.png","contentUrl":"https:\/\/nordnesrepublikken.no\/wp-content\/uploads\/2025\/02\/cropped-nordnesrepublikken-2.png","width":1248,"height":362,"caption":"Nordnesrepublikken"},"image":{"@id":"https:\/\/nordnesrepublikken.no\/#\/schema\/logo\/image\/"}},{"@type":"Person","@id":"https:\/\/nordnesrepublikken.no\/#\/schema\/person\/2e7e81935bab77882fffb79296240ff1","name":"Ole Andersen","image":{"@type":"ImageObject","inLanguage":"nb-NO","@id":"https:\/\/nordnesrepublikken.no\/#\/schema\/person\/image\/","url":"https:\/\/nordnesrepublikken.no\/wp-content\/uploads\/2025\/02\/nordnesrepublikken-2-2-150x150.jpg","contentUrl":"https:\/\/nordnesrepublikken.no\/wp-content\/uploads\/2025\/02\/nordnesrepublikken-2-2-150x150.jpg","caption":"Ole Andersen"},"description":"Ettersom jeg vokste opp i Oslo, har jeg alltid v\u00e6rt fascinert av ordenes kraft og deres evne til \u00e5 skape endringer. Etter \u00e5 ha fullf\u00f8rt min utdannelse i kommunikasjon ved Universitetet i Bergen, fikk jeg muligheten til \u00e5 jobbe innen ulike medier, der jeg har s\u00f8kt \u00e5 belyse viktige samfunnssp\u00f8rsm\u00e5l. I dag, som redakt\u00f8r for Nordnesrepublikken, pr\u00f8ver jeg \u00e5 forene min kj\u00e6rlighet for journalistikk med min lidenskap for innovasjon og eventyr.","sameAs":["https:\/\/nordnesrepublikken.no\/"]}]}},"_links":{"self":[{"href":"https:\/\/nordnesrepublikken.no\/index.php\/wp-json\/wp\/v2\/posts\/6560","targetHints":{"allow":["GET"]}}],"collection":[{"href":"https:\/\/nordnesrepublikken.no\/index.php\/wp-json\/wp\/v2\/posts"}],"about":[{"href":"https:\/\/nordnesrepublikken.no\/index.php\/wp-json\/wp\/v2\/types\/post"}],"author":[{"embeddable":true,"href":"https:\/\/nordnesrepublikken.no\/index.php\/wp-json\/wp\/v2\/users\/1"}],"replies":[{"embeddable":true,"href":"https:\/\/nordnesrepublikken.no\/index.php\/wp-json\/wp\/v2\/comments?post=6560"}],"version-history":[{"count":1,"href":"https:\/\/nordnesrepublikken.no\/index.php\/wp-json\/wp\/v2\/posts\/6560\/revisions"}],"predecessor-version":[{"id":6562,"href":"https:\/\/nordnesrepublikken.no\/index.php\/wp-json\/wp\/v2\/posts\/6560\/revisions\/6562"}],"wp:featuredmedia":[{"embeddable":true,"href":"https:\/\/nordnesrepublikken.no\/index.php\/wp-json\/wp\/v2\/media\/6561"}],"wp:attachment":[{"href":"https:\/\/nordnesrepublikken.no\/index.php\/wp-json\/wp\/v2\/media?parent=6560"}],"wp:term":[{"taxonomy":"category","embeddable":true,"href":"https:\/\/nordnesrepublikken.no\/index.php\/wp-json\/wp\/v2\/categories?post=6560"},{"taxonomy":"post_tag","embeddable":true,"href":"https:\/\/nordnesrepublikken.no\/index.php\/wp-json\/wp\/v2\/tags?post=6560"}],"curies":[{"name":"wp","href":"https:\/\/api.w.org\/{rel}","templated":true}]}}