{"id":6557,"date":"2025-07-03T11:50:00","date_gmt":"2025-07-03T09:50:00","guid":{"rendered":"https:\/\/nordnesrepublikken.no\/index.php\/2025\/07\/03\/mer-enn-60-personer-om-bord-dode-og-savnet\/"},"modified":"2025-07-03T11:50:07","modified_gmt":"2025-07-03T09:50:07","slug":"mer-enn-60-personer-om-bord-dode-og-savnet","status":"publish","type":"post","link":"https:\/\/nordnesrepublikken.no\/index.php\/2025\/07\/03\/mer-enn-60-personer-om-bord-dode-og-savnet\/","title":{"rendered":"Mer enn 60 personer om bord, d\u00f8de og savnet"},"content":{"rendered":"<div>\n<div class=\"cp_wrapper cp_wrapper--fw mb-30 mb-20@tablet\">\n<figure class=\"mm\"><picture class=\"img\" style=\"padding-top:56.25%\"><source  media=\"(min-width: 1024px)\"><source  media=\"(min-width: 768px)\"><\/source><\/source><\/picture><\/figure>\n<\/p><\/div>\n<p>I g\u00e5r p\u00e5 timene <strong>23:20<\/strong> (lokal tid i Indonesia), <strong>ferje<\/strong> <em><strong>KMP Tunu Pratama Jaya<\/strong> <\/em>med om bord<strong> 53 passasjerer<\/strong> Og <strong>12 besetningsmedlemmer<\/strong> Og <strong>senket<\/strong> Da han reiste strekningen av havet mellom byen <strong>Banyuwangi<\/strong> (p\u00e5 \u00f8ya Java) og \u00f8ya <strong>Bali<\/strong>. \u00c5rsakene til denne tragiske ulykken ser ut til \u00e5 tilskrives <strong>d\u00e5rlig v\u00e6r<\/strong> og av alle menneskene om bord, for tiden <strong>31 er frelst,<\/strong> Mens <strong>4 har mistet livet<\/strong> og andre <strong>30 er spredt<\/strong>som rapportert av Indonesia Research and Rescue Center. Som ogs\u00e5 kan sees fra X -innlegget publisert av <em>7News Australia<\/em>Redningen grep omg\u00e5ende med 9 b\u00e5ter, men nattens m\u00f8rke gj\u00f8r ikke annet enn \u00e5 komplisere s\u00f8kene.<\/p>\n<p>Myndighetene er for \u00f8yeblikket <strong>Unders\u00f8k<\/strong> \u00c5 utdype \u00e5rsakene til katastrofen. Fergeoperat\u00f8ren &#8211; som rapportert ogs\u00e5 av <em><strong>BBC<\/strong><\/em>  &#8211; rapporterte han <strong>motorproblemer<\/strong> Like f\u00f8r synkesekret\u00e6ren synker, mens statssekret\u00e6ren <strong>Teddy Indra Wijaya<\/strong> sa at \u00e5rsaken bare skal knyttes til <strong>d\u00e5rlig v\u00e6r<\/strong>.<\/p>\n<p>Dessverre <strong>Nautiske ulykker<\/strong> De er ikke nye i Indonesia: landet er faktisk ikke bare sammensatt av omtrent<strong> 17 tusen \u00f8yer<\/strong> av forskjellige st\u00f8rrelser, men blant disse kan sikkerhetsstandardene endres. Det er ikke uvanlig for skip <strong>De legger ut flere mennesker p\u00e5 grunn<\/strong> Og det f\u00f8lgelig, f\u00f8lgelig <strong>De har ikke nok redningsutstyr<\/strong> i n\u00f8dstilfeller. Blant de mest kjente ulykkene husker vi at i 2018, da synkningen av en ferge for\u00e5rsaket drukning av mer enn 150 mennesker p\u00e5 \u00f8ya Sumatra.<\/p>\n<\/p><\/div>\n","protected":false},"excerpt":{"rendered":"<p>I g\u00e5r p\u00e5 timene 23:20 (lokal tid i Indonesia), ferje KMP Tunu Pratama Jaya med<\/p>\n","protected":false},"author":1,"featured_media":6558,"comment_status":"closed","ping_status":"open","sticky":false,"template":"","format":"standard","meta":{"footnotes":""},"categories":[104],"tags":[3472,2470,380,379,4201,4202],"class_list":["post-6557","post","type-post","status-publish","format-standard","has-post-thumbnail","hentry","category-samfunn","tag-bord","tag-dode","tag-enn","tag-mer","tag-personer","tag-savnet","generate-columns","tablet-grid-50","mobile-grid-100","grid-parent","grid-33","resize-featured-image"],"yoast_head":"<!-- This site is optimized with the Yoast SEO plugin v24.4 - https:\/\/yoast.com\/wordpress\/plugins\/seo\/ -->\n<title>Mer enn 60 personer om bord, d\u00f8de og savnet - Nordnesrepublikken<\/title>\n<meta name=\"robots\" content=\"index, follow, max-snippet:-1, max-image-preview:large, max-video-preview:-1\" \/>\n<link rel=\"canonical\" href=\"https:\/\/nordnesrepublikken.no\/index.php\/2025\/07\/03\/mer-enn-60-personer-om-bord-dode-og-savnet\/\" \/>\n<meta property=\"og:locale\" content=\"nb_NO\" \/>\n<meta property=\"og:type\" content=\"article\" \/>\n<meta property=\"og:title\" content=\"Mer enn 60 personer om bord, d\u00f8de og savnet - Nordnesrepublikken\" \/>\n<meta property=\"og:description\" content=\"I g\u00e5r p\u00e5 timene 23:20 (lokal tid i Indonesia), ferje KMP Tunu Pratama Jaya med\" \/>\n<meta property=\"og:url\" content=\"https:\/\/nordnesrepublikken.no\/index.php\/2025\/07\/03\/mer-enn-60-personer-om-bord-dode-og-savnet\/\" \/>\n<meta property=\"og:site_name\" content=\"Nordnesrepublikken\" \/>\n<meta property=\"article:published_time\" content=\"2025-07-03T09:50:00+00:00\" \/>\n<meta property=\"article:modified_time\" content=\"2025-07-03T09:50:07+00:00\" \/>\n<meta property=\"og:image\" content=\"https:\/\/nordnesrepublikken.no\/wp-content\/uploads\/2025\/07\/1751536201_Mer-enn-60-personer-om-bord-dode-og-savnet.jpg\" \/>\n\t<meta property=\"og:image:width\" content=\"2549\" \/>\n\t<meta property=\"og:image:height\" content=\"1491\" \/>\n\t<meta property=\"og:image:type\" content=\"image\/jpeg\" \/>\n<meta name=\"author\" content=\"Ole Andersen\" \/>\n<meta name=\"twitter:card\" content=\"summary_large_image\" \/>\n<meta name=\"twitter:label1\" content=\"Skrevet av\" \/>\n\t<meta name=\"twitter:data1\" content=\"Ole Andersen\" \/>\n\t<meta name=\"twitter:label2\" content=\"Ansl. lesetid\" \/>\n\t<meta name=\"twitter:data2\" content=\"1 minutt\" \/>\n<script type=\"application\/ld+json\" class=\"yoast-schema-graph\">{\"@context\":\"https:\/\/schema.org\",\"@graph\":[{\"@type\":\"Article\",\"@id\":\"https:\/\/nordnesrepublikken.no\/index.php\/2025\/07\/03\/mer-enn-60-personer-om-bord-dode-og-savnet\/#article\",\"isPartOf\":{\"@id\":\"https:\/\/nordnesrepublikken.no\/index.php\/2025\/07\/03\/mer-enn-60-personer-om-bord-dode-og-savnet\/\"},\"author\":{\"name\":\"Ole Andersen\",\"@id\":\"https:\/\/nordnesrepublikken.no\/#\/schema\/person\/2e7e81935bab77882fffb79296240ff1\"},\"headline\":\"Mer enn 60 personer om bord, d\u00f8de og savnet\",\"datePublished\":\"2025-07-03T09:50:00+00:00\",\"dateModified\":\"2025-07-03T09:50:07+00:00\",\"mainEntityOfPage\":{\"@id\":\"https:\/\/nordnesrepublikken.no\/index.php\/2025\/07\/03\/mer-enn-60-personer-om-bord-dode-og-savnet\/\"},\"wordCount\":238,\"publisher\":{\"@id\":\"https:\/\/nordnesrepublikken.no\/#organization\"},\"image\":{\"@id\":\"https:\/\/nordnesrepublikken.no\/index.php\/2025\/07\/03\/mer-enn-60-personer-om-bord-dode-og-savnet\/#primaryimage\"},\"thumbnailUrl\":\"https:\/\/nordnesrepublikken.no\/wp-content\/uploads\/2025\/07\/1751536201_Mer-enn-60-personer-om-bord-dode-og-savnet.jpg\",\"keywords\":[\"bord\",\"d\u00f8de\",\"enn\",\"mer\",\"personer\",\"savnet\"],\"articleSection\":[\"Samfunn\"],\"inLanguage\":\"nb-NO\"},{\"@type\":\"WebPage\",\"@id\":\"https:\/\/nordnesrepublikken.no\/index.php\/2025\/07\/03\/mer-enn-60-personer-om-bord-dode-og-savnet\/\",\"url\":\"https:\/\/nordnesrepublikken.no\/index.php\/2025\/07\/03\/mer-enn-60-personer-om-bord-dode-og-savnet\/\",\"name\":\"Mer enn 60 personer om bord, d\u00f8de og savnet - Nordnesrepublikken\",\"isPartOf\":{\"@id\":\"https:\/\/nordnesrepublikken.no\/#website\"},\"primaryImageOfPage\":{\"@id\":\"https:\/\/nordnesrepublikken.no\/index.php\/2025\/07\/03\/mer-enn-60-personer-om-bord-dode-og-savnet\/#primaryimage\"},\"image\":{\"@id\":\"https:\/\/nordnesrepublikken.no\/index.php\/2025\/07\/03\/mer-enn-60-personer-om-bord-dode-og-savnet\/#primaryimage\"},\"thumbnailUrl\":\"https:\/\/nordnesrepublikken.no\/wp-content\/uploads\/2025\/07\/1751536201_Mer-enn-60-personer-om-bord-dode-og-savnet.jpg\",\"datePublished\":\"2025-07-03T09:50:00+00:00\",\"dateModified\":\"2025-07-03T09:50:07+00:00\",\"breadcrumb\":{\"@id\":\"https:\/\/nordnesrepublikken.no\/index.php\/2025\/07\/03\/mer-enn-60-personer-om-bord-dode-og-savnet\/#breadcrumb\"},\"inLanguage\":\"nb-NO\",\"potentialAction\":[{\"@type\":\"ReadAction\",\"target\":[\"https:\/\/nordnesrepublikken.no\/index.php\/2025\/07\/03\/mer-enn-60-personer-om-bord-dode-og-savnet\/\"]}]},{\"@type\":\"ImageObject\",\"inLanguage\":\"nb-NO\",\"@id\":\"https:\/\/nordnesrepublikken.no\/index.php\/2025\/07\/03\/mer-enn-60-personer-om-bord-dode-og-savnet\/#primaryimage\",\"url\":\"https:\/\/nordnesrepublikken.no\/wp-content\/uploads\/2025\/07\/1751536201_Mer-enn-60-personer-om-bord-dode-og-savnet.jpg\",\"contentUrl\":\"https:\/\/nordnesrepublikken.no\/wp-content\/uploads\/2025\/07\/1751536201_Mer-enn-60-personer-om-bord-dode-og-savnet.jpg\",\"width\":2549,\"height\":1491,\"caption\":\"Immagine\"},{\"@type\":\"BreadcrumbList\",\"@id\":\"https:\/\/nordnesrepublikken.no\/index.php\/2025\/07\/03\/mer-enn-60-personer-om-bord-dode-og-savnet\/#breadcrumb\",\"itemListElement\":[{\"@type\":\"ListItem\",\"position\":1,\"name\":\"Home\",\"item\":\"https:\/\/nordnesrepublikken.no\/\"},{\"@type\":\"ListItem\",\"position\":2,\"name\":\"Mer enn 60 personer om bord, d\u00f8de og savnet\"}]},{\"@type\":\"WebSite\",\"@id\":\"https:\/\/nordnesrepublikken.no\/#website\",\"url\":\"https:\/\/nordnesrepublikken.no\/\",\"name\":\"Nordnesrepublikken\",\"description\":\"Stemmer og Visjoner fra Republikkens Hjerte\",\"publisher\":{\"@id\":\"https:\/\/nordnesrepublikken.no\/#organization\"},\"potentialAction\":[{\"@type\":\"SearchAction\",\"target\":{\"@type\":\"EntryPoint\",\"urlTemplate\":\"https:\/\/nordnesrepublikken.no\/?s={search_term_string}\"},\"query-input\":{\"@type\":\"PropertyValueSpecification\",\"valueRequired\":true,\"valueName\":\"search_term_string\"}}],\"inLanguage\":\"nb-NO\"},{\"@type\":\"Organization\",\"@id\":\"https:\/\/nordnesrepublikken.no\/#organization\",\"name\":\"Nordnesrepublikken\",\"url\":\"https:\/\/nordnesrepublikken.no\/\",\"logo\":{\"@type\":\"ImageObject\",\"inLanguage\":\"nb-NO\",\"@id\":\"https:\/\/nordnesrepublikken.no\/#\/schema\/logo\/image\/\",\"url\":\"https:\/\/nordnesrepublikken.no\/wp-content\/uploads\/2025\/02\/cropped-nordnesrepublikken-2.png\",\"contentUrl\":\"https:\/\/nordnesrepublikken.no\/wp-content\/uploads\/2025\/02\/cropped-nordnesrepublikken-2.png\",\"width\":1248,\"height\":362,\"caption\":\"Nordnesrepublikken\"},\"image\":{\"@id\":\"https:\/\/nordnesrepublikken.no\/#\/schema\/logo\/image\/\"}},{\"@type\":\"Person\",\"@id\":\"https:\/\/nordnesrepublikken.no\/#\/schema\/person\/2e7e81935bab77882fffb79296240ff1\",\"name\":\"Ole Andersen\",\"image\":{\"@type\":\"ImageObject\",\"inLanguage\":\"nb-NO\",\"@id\":\"https:\/\/nordnesrepublikken.no\/#\/schema\/person\/image\/\",\"url\":\"https:\/\/nordnesrepublikken.no\/wp-content\/uploads\/2025\/02\/nordnesrepublikken-2-2-150x150.jpg\",\"contentUrl\":\"https:\/\/nordnesrepublikken.no\/wp-content\/uploads\/2025\/02\/nordnesrepublikken-2-2-150x150.jpg\",\"caption\":\"Ole Andersen\"},\"description\":\"Ettersom jeg vokste opp i Oslo, har jeg alltid v\u00e6rt fascinert av ordenes kraft og deres evne til \u00e5 skape endringer. Etter \u00e5 ha fullf\u00f8rt min utdannelse i kommunikasjon ved Universitetet i Bergen, fikk jeg muligheten til \u00e5 jobbe innen ulike medier, der jeg har s\u00f8kt \u00e5 belyse viktige samfunnssp\u00f8rsm\u00e5l. I dag, som redakt\u00f8r for Nordnesrepublikken, pr\u00f8ver jeg \u00e5 forene min kj\u00e6rlighet for journalistikk med min lidenskap for innovasjon og eventyr.\",\"sameAs\":[\"https:\/\/nordnesrepublikken.no\/\"]}]}<\/script>\n<!-- \/ Yoast SEO plugin. -->","yoast_head_json":{"title":"Mer enn 60 personer om bord, d\u00f8de og savnet - Nordnesrepublikken","robots":{"index":"index","follow":"follow","max-snippet":"max-snippet:-1","max-image-preview":"max-image-preview:large","max-video-preview":"max-video-preview:-1"},"canonical":"https:\/\/nordnesrepublikken.no\/index.php\/2025\/07\/03\/mer-enn-60-personer-om-bord-dode-og-savnet\/","og_locale":"nb_NO","og_type":"article","og_title":"Mer enn 60 personer om bord, d\u00f8de og savnet - Nordnesrepublikken","og_description":"I g\u00e5r p\u00e5 timene 23:20 (lokal tid i Indonesia), ferje KMP Tunu Pratama Jaya med","og_url":"https:\/\/nordnesrepublikken.no\/index.php\/2025\/07\/03\/mer-enn-60-personer-om-bord-dode-og-savnet\/","og_site_name":"Nordnesrepublikken","article_published_time":"2025-07-03T09:50:00+00:00","article_modified_time":"2025-07-03T09:50:07+00:00","og_image":[{"width":2549,"height":1491,"url":"https:\/\/nordnesrepublikken.no\/wp-content\/uploads\/2025\/07\/1751536201_Mer-enn-60-personer-om-bord-dode-og-savnet.jpg","type":"image\/jpeg"}],"author":"Ole Andersen","twitter_card":"summary_large_image","twitter_misc":{"Skrevet av":"Ole Andersen","Ansl. lesetid":"1 minutt"},"schema":{"@context":"https:\/\/schema.org","@graph":[{"@type":"Article","@id":"https:\/\/nordnesrepublikken.no\/index.php\/2025\/07\/03\/mer-enn-60-personer-om-bord-dode-og-savnet\/#article","isPartOf":{"@id":"https:\/\/nordnesrepublikken.no\/index.php\/2025\/07\/03\/mer-enn-60-personer-om-bord-dode-og-savnet\/"},"author":{"name":"Ole Andersen","@id":"https:\/\/nordnesrepublikken.no\/#\/schema\/person\/2e7e81935bab77882fffb79296240ff1"},"headline":"Mer enn 60 personer om bord, d\u00f8de og savnet","datePublished":"2025-07-03T09:50:00+00:00","dateModified":"2025-07-03T09:50:07+00:00","mainEntityOfPage":{"@id":"https:\/\/nordnesrepublikken.no\/index.php\/2025\/07\/03\/mer-enn-60-personer-om-bord-dode-og-savnet\/"},"wordCount":238,"publisher":{"@id":"https:\/\/nordnesrepublikken.no\/#organization"},"image":{"@id":"https:\/\/nordnesrepublikken.no\/index.php\/2025\/07\/03\/mer-enn-60-personer-om-bord-dode-og-savnet\/#primaryimage"},"thumbnailUrl":"https:\/\/nordnesrepublikken.no\/wp-content\/uploads\/2025\/07\/1751536201_Mer-enn-60-personer-om-bord-dode-og-savnet.jpg","keywords":["bord","d\u00f8de","enn","mer","personer","savnet"],"articleSection":["Samfunn"],"inLanguage":"nb-NO"},{"@type":"WebPage","@id":"https:\/\/nordnesrepublikken.no\/index.php\/2025\/07\/03\/mer-enn-60-personer-om-bord-dode-og-savnet\/","url":"https:\/\/nordnesrepublikken.no\/index.php\/2025\/07\/03\/mer-enn-60-personer-om-bord-dode-og-savnet\/","name":"Mer enn 60 personer om bord, d\u00f8de og savnet - Nordnesrepublikken","isPartOf":{"@id":"https:\/\/nordnesrepublikken.no\/#website"},"primaryImageOfPage":{"@id":"https:\/\/nordnesrepublikken.no\/index.php\/2025\/07\/03\/mer-enn-60-personer-om-bord-dode-og-savnet\/#primaryimage"},"image":{"@id":"https:\/\/nordnesrepublikken.no\/index.php\/2025\/07\/03\/mer-enn-60-personer-om-bord-dode-og-savnet\/#primaryimage"},"thumbnailUrl":"https:\/\/nordnesrepublikken.no\/wp-content\/uploads\/2025\/07\/1751536201_Mer-enn-60-personer-om-bord-dode-og-savnet.jpg","datePublished":"2025-07-03T09:50:00+00:00","dateModified":"2025-07-03T09:50:07+00:00","breadcrumb":{"@id":"https:\/\/nordnesrepublikken.no\/index.php\/2025\/07\/03\/mer-enn-60-personer-om-bord-dode-og-savnet\/#breadcrumb"},"inLanguage":"nb-NO","potentialAction":[{"@type":"ReadAction","target":["https:\/\/nordnesrepublikken.no\/index.php\/2025\/07\/03\/mer-enn-60-personer-om-bord-dode-og-savnet\/"]}]},{"@type":"ImageObject","inLanguage":"nb-NO","@id":"https:\/\/nordnesrepublikken.no\/index.php\/2025\/07\/03\/mer-enn-60-personer-om-bord-dode-og-savnet\/#primaryimage","url":"https:\/\/nordnesrepublikken.no\/wp-content\/uploads\/2025\/07\/1751536201_Mer-enn-60-personer-om-bord-dode-og-savnet.jpg","contentUrl":"https:\/\/nordnesrepublikken.no\/wp-content\/uploads\/2025\/07\/1751536201_Mer-enn-60-personer-om-bord-dode-og-savnet.jpg","width":2549,"height":1491,"caption":"Immagine"},{"@type":"BreadcrumbList","@id":"https:\/\/nordnesrepublikken.no\/index.php\/2025\/07\/03\/mer-enn-60-personer-om-bord-dode-og-savnet\/#breadcrumb","itemListElement":[{"@type":"ListItem","position":1,"name":"Home","item":"https:\/\/nordnesrepublikken.no\/"},{"@type":"ListItem","position":2,"name":"Mer enn 60 personer om bord, d\u00f8de og savnet"}]},{"@type":"WebSite","@id":"https:\/\/nordnesrepublikken.no\/#website","url":"https:\/\/nordnesrepublikken.no\/","name":"Nordnesrepublikken","description":"Stemmer og Visjoner fra Republikkens Hjerte","publisher":{"@id":"https:\/\/nordnesrepublikken.no\/#organization"},"potentialAction":[{"@type":"SearchAction","target":{"@type":"EntryPoint","urlTemplate":"https:\/\/nordnesrepublikken.no\/?s={search_term_string}"},"query-input":{"@type":"PropertyValueSpecification","valueRequired":true,"valueName":"search_term_string"}}],"inLanguage":"nb-NO"},{"@type":"Organization","@id":"https:\/\/nordnesrepublikken.no\/#organization","name":"Nordnesrepublikken","url":"https:\/\/nordnesrepublikken.no\/","logo":{"@type":"ImageObject","inLanguage":"nb-NO","@id":"https:\/\/nordnesrepublikken.no\/#\/schema\/logo\/image\/","url":"https:\/\/nordnesrepublikken.no\/wp-content\/uploads\/2025\/02\/cropped-nordnesrepublikken-2.png","contentUrl":"https:\/\/nordnesrepublikken.no\/wp-content\/uploads\/2025\/02\/cropped-nordnesrepublikken-2.png","width":1248,"height":362,"caption":"Nordnesrepublikken"},"image":{"@id":"https:\/\/nordnesrepublikken.no\/#\/schema\/logo\/image\/"}},{"@type":"Person","@id":"https:\/\/nordnesrepublikken.no\/#\/schema\/person\/2e7e81935bab77882fffb79296240ff1","name":"Ole Andersen","image":{"@type":"ImageObject","inLanguage":"nb-NO","@id":"https:\/\/nordnesrepublikken.no\/#\/schema\/person\/image\/","url":"https:\/\/nordnesrepublikken.no\/wp-content\/uploads\/2025\/02\/nordnesrepublikken-2-2-150x150.jpg","contentUrl":"https:\/\/nordnesrepublikken.no\/wp-content\/uploads\/2025\/02\/nordnesrepublikken-2-2-150x150.jpg","caption":"Ole Andersen"},"description":"Ettersom jeg vokste opp i Oslo, har jeg alltid v\u00e6rt fascinert av ordenes kraft og deres evne til \u00e5 skape endringer. Etter \u00e5 ha fullf\u00f8rt min utdannelse i kommunikasjon ved Universitetet i Bergen, fikk jeg muligheten til \u00e5 jobbe innen ulike medier, der jeg har s\u00f8kt \u00e5 belyse viktige samfunnssp\u00f8rsm\u00e5l. I dag, som redakt\u00f8r for Nordnesrepublikken, pr\u00f8ver jeg \u00e5 forene min kj\u00e6rlighet for journalistikk med min lidenskap for innovasjon og eventyr.","sameAs":["https:\/\/nordnesrepublikken.no\/"]}]}},"_links":{"self":[{"href":"https:\/\/nordnesrepublikken.no\/index.php\/wp-json\/wp\/v2\/posts\/6557","targetHints":{"allow":["GET"]}}],"collection":[{"href":"https:\/\/nordnesrepublikken.no\/index.php\/wp-json\/wp\/v2\/posts"}],"about":[{"href":"https:\/\/nordnesrepublikken.no\/index.php\/wp-json\/wp\/v2\/types\/post"}],"author":[{"embeddable":true,"href":"https:\/\/nordnesrepublikken.no\/index.php\/wp-json\/wp\/v2\/users\/1"}],"replies":[{"embeddable":true,"href":"https:\/\/nordnesrepublikken.no\/index.php\/wp-json\/wp\/v2\/comments?post=6557"}],"version-history":[{"count":1,"href":"https:\/\/nordnesrepublikken.no\/index.php\/wp-json\/wp\/v2\/posts\/6557\/revisions"}],"predecessor-version":[{"id":6559,"href":"https:\/\/nordnesrepublikken.no\/index.php\/wp-json\/wp\/v2\/posts\/6557\/revisions\/6559"}],"wp:featuredmedia":[{"embeddable":true,"href":"https:\/\/nordnesrepublikken.no\/index.php\/wp-json\/wp\/v2\/media\/6558"}],"wp:attachment":[{"href":"https:\/\/nordnesrepublikken.no\/index.php\/wp-json\/wp\/v2\/media?parent=6557"}],"wp:term":[{"taxonomy":"category","embeddable":true,"href":"https:\/\/nordnesrepublikken.no\/index.php\/wp-json\/wp\/v2\/categories?post=6557"},{"taxonomy":"post_tag","embeddable":true,"href":"https:\/\/nordnesrepublikken.no\/index.php\/wp-json\/wp\/v2\/tags?post=6557"}],"curies":[{"name":"wp","href":"https:\/\/api.w.org\/{rel}","templated":true}]}}