{"id":6554,"date":"2025-07-03T10:49:53","date_gmt":"2025-07-03T08:49:53","guid":{"rendered":"https:\/\/nordnesrepublikken.no\/index.php\/2025\/07\/03\/spania-frankrike-skyver-jet-skatt-for-klimahjelp\/"},"modified":"2025-07-03T10:49:58","modified_gmt":"2025-07-03T08:49:58","slug":"spania-frankrike-skyver-jet-skatt-for-klimahjelp","status":"publish","type":"post","link":"https:\/\/nordnesrepublikken.no\/index.php\/2025\/07\/03\/spania-frankrike-skyver-jet-skatt-for-klimahjelp\/","title":{"rendered":"Spania, Frankrike skyver jet skatt for klimahjelp."},"content":{"rendered":"<p><\/p>\n<div class=\"wordpress-content\">\n                    <!-- Article Start --><\/p>\n<p data-start=\"504\" data-end=\"665\"><strong>En ny koalisjon av \u00e5tte land, ledet av Spania og Frankrike, har lovet \u00e5 innf\u00f8re skatt p\u00e5 luksuri\u00f8s flyreiser, inkludert f\u00f8rsteklasses billetter og private jetfly. Dette er en m\u00e5te \u00e5 finansiere klimaadopsjon i verdens mest utsatte regioner. Kunngj\u00f8ringen kom etter et globalt toppm\u00f8te om klimafinansiering og helse i Sevilla. Ledere har innrammet farten som en solidaritetsavgift snarere enn en straff, med st\u00f8tte fra b\u00e5de Karibia og afrikanske stater. Dette forslaget signaliserer et \u00f8kende fart for \u00e5 beskatte eliteforurensere for \u00e5 generere p\u00e5litelige klimafond. Spesielt i en tid der tradisjonell hjelpestr\u00f8mmer stagnerer og karbonutslipp fra privat luftfart fortsetter \u00e5 sveve.<\/strong><\/p>\n<p><span style=\"font-weight: 400\">Ved \u00e5 fokusere p\u00e5 luksuri\u00f8se reiser, oppdaterer koalisjonen beskatning som et verkt\u00f8y for global rettferdighet i stedet for bare en innenlandsk byrde. Med Frankrike og Spania hjemme og st\u00f8tte fra flere nasjoner i S\u00f8r, gir dette initiativet politisk vekt til en langvarig oppfordring til politikk for \u00e5 bidra proporsjonalt gjennom tilbakevendende, rettskraftige finanspolitiske mekanismer. <\/span><\/p>\n<div class=\"sra_unit\"><link rel=\"stylesheet\" id=\"block-sra\" href=\"https:\/\/euroweeklynews.com\/wp-content\/plugins\/snack-related-articles\/dist\/css\/snack-related.min.css?250312-193541\" type=\"text\/css\" media=\"all\">\n<\/div>\n<h2><b>Hvem er involvert?<\/b><\/h2>\n<p><span style=\"font-weight: 400\">Denne koalisjonen samler \u00e5tte land fra hele fire kontinenter, inkludert <\/span><b>Frankrike, Spania, Kenya, Barbados, Somalia, Benin, Sierra Leone<\/b><span style=\"font-weight: 400\">og <\/span><b>Antigua og Barbuda<\/b><span style=\"font-weight: 400\">.<\/span><\/p>\n<p><span style=\"font-weight: 400\">Deres felles m\u00e5l er \u00e5 innf\u00f8re en rettferdig tilbakevendende skatt p\u00e5 f\u00f8rsteklasses fly og private jetfly, med inntektene \u00f8remerket for klimatilpasning i verdens mest utsatte regioner.<\/span><\/p>\n<ul>\n<li style=\"font-weight: 400\"><span style=\"font-weight: 400\">Dette forslaget ble avduket p\u00e5 Finance Summit 30. juni i Sevilla og er designet for \u00e5 v\u00e6re enkel og replikerbar. <\/span><\/li>\n<li style=\"font-weight: 400\"><span style=\"font-weight: 400\">Hvert land ville bruke et tilleggsavgift p\u00e5 luksuri\u00f8s flyreiser som drar fra sitt territorium. I motsetning til karbonforskyvningsordningene, som er frivillige flyselskapsbidrag, vil dette v\u00e6re en obligatorisk avgift.<\/span><\/li>\n<li style=\"font-weight: 400\">Avgiften vil bli samlet inn av regjeringer og omdirigert til internasjonale klimafond.<\/li>\n<\/ul>\n<p><span style=\"font-weight: 400\">Franske tjenestemenn har beskrevet det som et middel til \u00e5 knytte privilegiet til ansvar, s\u00e6rlig ettersom private luftfartsutslipp fortsetter \u00e5 stige mens utviklingshjelp forblir stillest\u00e5ende. Dette er et utgangspunkt for en bredere finanspolitisk transformasjon i global klimapolitikk.<\/span><\/p>\n<p><span style=\"font-weight: 400\">Med to store EU -land som leder anklagen, kan dette presse andre til \u00e5 f\u00f8lge, spesielt foran COP30 -klimasamtalene i Brasil i 2026. <\/span><\/p>\n<h2><b>Hvorfor luksuri\u00f8s flyreiser blir m\u00e5lrettet<\/b><\/h2>\n<p><span style=\"font-weight: 400\">Studier har vist at f\u00f8rsteklasses seter og private jetfly genererer et mye st\u00f8rre karbonavtrykk enn \u00f8konomisk reise, og i noen tilfeller kan v\u00e6re opptil 20 ganger mer per person. Private jetfly er de mest forurensende transportformer per kilometer, og de brukes ofte til kortere flyvninger som enkelt kan erstattes av tog- eller kommersielle alternativer.<\/span><\/p>\n<ul>\n<li style=\"font-weight: 400\"><span style=\"font-weight: 400\">En rapport fra 2023 fra Greenpeace fant at bare<\/span><b>  1% av den globale befolkningen er ansvarlig for mer enn halvparten av alle luftfartsutslipp.<\/b><span style=\"font-weight: 400\"> <\/span><\/li>\n<li style=\"font-weight: 400\"><span style=\"font-weight: 400\">De <\/span><b>F\u00f8rsteklassing og flygeblad i forretningsklasse <\/b><span style=\"font-weight: 400\">utgj\u00f8r en betydelig andel av det fotavtrykket.<\/span><\/li>\n<\/ul>\n<p><span style=\"font-weight: 400\">Til tross for alt dette, forblir luftfartsreiser underlagt. De fleste internasjonale flyvninger er fritatt for drivstoffoppgaver og merverdiavgift, og det er ingen karbonskatter p\u00e5 flyreiser. S\u00e5 ved \u00e5 fokusere p\u00e5 premium -flygeblad, argumenterer koalisjonen for at denne tiln\u00e6rmingen er b\u00e5de rettferdig og effektiv.<\/span><\/p>\n<p><span style=\"font-weight: 400\">Ett estimat fra CE Delft, et nederlandsk milj\u00f8konsulent, antyder at en avgift p\u00e5 premium luftfart kan \u00f8ke over <\/span><b>\u20ac 100 milliarder \u00e5rlig<\/b><span style=\"font-weight: 400\">  Hvis de blir brukt bredere &#8211; kan midler som direkte kan st\u00f8tte klimaspillere i frontlinje nasjoner som allerede h\u00e5ndterer flom, t\u00f8rke og fortrengning.<\/span><\/p>\n<h2><b>Pushback fra luftfartssektoren<\/b><\/h2>\n<p><span style=\"font-weight: 400\">Bransjegrupper, for eksempel <\/span><b>Iata<\/b><span style=\"font-weight: 400\">  og <\/span><b>ACI Europa,<\/b><span style=\"font-weight: 400\">  har hevdet at \u00e5 legge skatter til flyreiser vil gj\u00f8re mer skade enn godt. De hevder at midler vil bli bedre brukt p\u00e5 \u00e5 st\u00f8tte b\u00e6rekraftig luftfartsstoff, fl\u00e5teoppgraderinger og studier med elektrifisering, i stedet for \u00e5 bli sifonert gjennom det de beskriver som &laquo;politisk signalering.&raquo;<\/span><\/p>\n<p><span style=\"font-weight: 400\">Private luftfartslobbyister var mer direkte, og advarte om at avgiften kunne v\u00e6re en katastrofe for jobber og regional tilkobling, spesielt i sektorer som forretningsluft, turisme og flyproduksjon. <\/span><\/p>\n<p><span style=\"font-weight: 400\">Utslipp fra privat luftfart har fortsatt \u00e5 stige, og Greenpeace, s\u00e5 vel som andre frivillige organisasjoner, argumenterer for at \u00e5 beskatte overskuddet ikke er uforenlig med innovasjon. De rikeste flygebladene er i beste posisjon til \u00e5 observere kostnadene.<\/span><\/p>\n<p><span style=\"font-weight: 400\">Som med de fleste gr\u00f8nne politiske skift, handler ikke debatten bare om \u00f8konomi. Det handler om makt &#8211; som betaler, som forurenser, og som bestemmer hvordan en rettferdig overgang ser ut.<\/span><\/p>\n<h2><b>En ny type klimaansvar<\/b><\/h2>\n<p><span style=\"font-weight: 400\"> Dette handler om \u00e5 kalibrere rettferdighet i systemene der utslippene er ujevn og konsekvensene er globale. Private jet -eiere kan utgj\u00f8re en liten br\u00f8kdel av flygeblad, men karbonavtrykket deres kan konkurrere med hele samfunn.<\/span><\/p>\n<p><span style=\"font-weight: 400\">For sm\u00e5 \u00f8ystater og t\u00f8rkehit-nasjoner, kan til og med en liten del av den formuen bety forskjellen mellom overlevelse og retrett. Det som begynte som et teknisk forslag har n\u00e5 blitt en politisk mark\u00f8r, en som kan p\u00e5virke hvordan klimafinansiering utvikler seg i l\u00f8pet av det neste ti\u00e5ret. <\/span><\/p>\n<p><span style=\"font-weight: 400\">Hvorvidt EU f\u00f8lger eller om de andre blokkene vedtar lignende niv\u00e5er vil avgj\u00f8re om dette fortsatt er et velmenende eksperiment eller blir en permanent del av den globale klimapolitikken. Uansett, i klimakrisen, er luksus ikke unntatt. <\/span><\/p>\n<p>                    <!-- Article End --><\/p><\/div>\n","protected":false},"excerpt":{"rendered":"<p>En ny koalisjon av \u00e5tte land, ledet av Spania og Frankrike, har lovet \u00e5 innf\u00f8re<\/p>\n","protected":false},"author":1,"featured_media":6555,"comment_status":"closed","ping_status":"open","sticky":false,"template":"","format":"standard","meta":{"footnotes":""},"categories":[105],"tags":[750,2125,4200,4199,4198,529],"class_list":["post-6554","post","type-post","status-publish","format-standard","has-post-thumbnail","hentry","category-livsstil","tag-frankrike","tag-jet","tag-klimahjelp","tag-skatt","tag-skyver","tag-spania","generate-columns","tablet-grid-50","mobile-grid-100","grid-parent","grid-33","resize-featured-image"],"yoast_head":"<!-- This site is optimized with the Yoast SEO plugin v24.4 - https:\/\/yoast.com\/wordpress\/plugins\/seo\/ -->\n<title>Spania, Frankrike skyver jet skatt for klimahjelp. - Nordnesrepublikken<\/title>\n<meta name=\"robots\" content=\"index, follow, max-snippet:-1, max-image-preview:large, max-video-preview:-1\" \/>\n<link rel=\"canonical\" href=\"https:\/\/nordnesrepublikken.no\/index.php\/2025\/07\/03\/spania-frankrike-skyver-jet-skatt-for-klimahjelp\/\" \/>\n<meta property=\"og:locale\" content=\"nb_NO\" \/>\n<meta property=\"og:type\" content=\"article\" \/>\n<meta property=\"og:title\" content=\"Spania, Frankrike skyver jet skatt for klimahjelp. - Nordnesrepublikken\" \/>\n<meta property=\"og:description\" content=\"En ny koalisjon av \u00e5tte land, ledet av Spania og Frankrike, har lovet \u00e5 innf\u00f8re\" \/>\n<meta property=\"og:url\" content=\"https:\/\/nordnesrepublikken.no\/index.php\/2025\/07\/03\/spania-frankrike-skyver-jet-skatt-for-klimahjelp\/\" \/>\n<meta property=\"og:site_name\" content=\"Nordnesrepublikken\" \/>\n<meta property=\"article:published_time\" content=\"2025-07-03T08:49:53+00:00\" \/>\n<meta property=\"article:modified_time\" content=\"2025-07-03T08:49:58+00:00\" \/>\n<meta property=\"og:image\" content=\"https:\/\/nordnesrepublikken.no\/wp-content\/uploads\/2025\/07\/1751532593_Spania-Frankrike-skyver-jet-skatt-for-klimahjelp.png\" \/>\n\t<meta property=\"og:image:width\" content=\"1200\" \/>\n\t<meta property=\"og:image:height\" content=\"800\" \/>\n\t<meta property=\"og:image:type\" content=\"image\/png\" \/>\n<meta name=\"author\" content=\"Ole Andersen\" \/>\n<meta name=\"twitter:card\" content=\"summary_large_image\" \/>\n<meta name=\"twitter:label1\" content=\"Skrevet av\" \/>\n\t<meta name=\"twitter:data1\" content=\"Ole Andersen\" \/>\n\t<meta name=\"twitter:label2\" content=\"Ansl. lesetid\" \/>\n\t<meta name=\"twitter:data2\" content=\"4 minutter\" \/>\n<script type=\"application\/ld+json\" class=\"yoast-schema-graph\">{\"@context\":\"https:\/\/schema.org\",\"@graph\":[{\"@type\":\"Article\",\"@id\":\"https:\/\/nordnesrepublikken.no\/index.php\/2025\/07\/03\/spania-frankrike-skyver-jet-skatt-for-klimahjelp\/#article\",\"isPartOf\":{\"@id\":\"https:\/\/nordnesrepublikken.no\/index.php\/2025\/07\/03\/spania-frankrike-skyver-jet-skatt-for-klimahjelp\/\"},\"author\":{\"name\":\"Ole Andersen\",\"@id\":\"https:\/\/nordnesrepublikken.no\/#\/schema\/person\/2e7e81935bab77882fffb79296240ff1\"},\"headline\":\"Spania, Frankrike skyver jet skatt for klimahjelp.\",\"datePublished\":\"2025-07-03T08:49:53+00:00\",\"dateModified\":\"2025-07-03T08:49:58+00:00\",\"mainEntityOfPage\":{\"@id\":\"https:\/\/nordnesrepublikken.no\/index.php\/2025\/07\/03\/spania-frankrike-skyver-jet-skatt-for-klimahjelp\/\"},\"wordCount\":812,\"publisher\":{\"@id\":\"https:\/\/nordnesrepublikken.no\/#organization\"},\"image\":{\"@id\":\"https:\/\/nordnesrepublikken.no\/index.php\/2025\/07\/03\/spania-frankrike-skyver-jet-skatt-for-klimahjelp\/#primaryimage\"},\"thumbnailUrl\":\"https:\/\/nordnesrepublikken.no\/wp-content\/uploads\/2025\/07\/1751532593_Spania-Frankrike-skyver-jet-skatt-for-klimahjelp.png\",\"keywords\":[\"Frankrike\",\"jet\",\"klimahjelp\",\"skatt\",\"skyver\",\"Spania\"],\"articleSection\":[\"Livsstil\"],\"inLanguage\":\"nb-NO\"},{\"@type\":\"WebPage\",\"@id\":\"https:\/\/nordnesrepublikken.no\/index.php\/2025\/07\/03\/spania-frankrike-skyver-jet-skatt-for-klimahjelp\/\",\"url\":\"https:\/\/nordnesrepublikken.no\/index.php\/2025\/07\/03\/spania-frankrike-skyver-jet-skatt-for-klimahjelp\/\",\"name\":\"Spania, Frankrike skyver jet skatt for klimahjelp. - Nordnesrepublikken\",\"isPartOf\":{\"@id\":\"https:\/\/nordnesrepublikken.no\/#website\"},\"primaryImageOfPage\":{\"@id\":\"https:\/\/nordnesrepublikken.no\/index.php\/2025\/07\/03\/spania-frankrike-skyver-jet-skatt-for-klimahjelp\/#primaryimage\"},\"image\":{\"@id\":\"https:\/\/nordnesrepublikken.no\/index.php\/2025\/07\/03\/spania-frankrike-skyver-jet-skatt-for-klimahjelp\/#primaryimage\"},\"thumbnailUrl\":\"https:\/\/nordnesrepublikken.no\/wp-content\/uploads\/2025\/07\/1751532593_Spania-Frankrike-skyver-jet-skatt-for-klimahjelp.png\",\"datePublished\":\"2025-07-03T08:49:53+00:00\",\"dateModified\":\"2025-07-03T08:49:58+00:00\",\"breadcrumb\":{\"@id\":\"https:\/\/nordnesrepublikken.no\/index.php\/2025\/07\/03\/spania-frankrike-skyver-jet-skatt-for-klimahjelp\/#breadcrumb\"},\"inLanguage\":\"nb-NO\",\"potentialAction\":[{\"@type\":\"ReadAction\",\"target\":[\"https:\/\/nordnesrepublikken.no\/index.php\/2025\/07\/03\/spania-frankrike-skyver-jet-skatt-for-klimahjelp\/\"]}]},{\"@type\":\"ImageObject\",\"inLanguage\":\"nb-NO\",\"@id\":\"https:\/\/nordnesrepublikken.no\/index.php\/2025\/07\/03\/spania-frankrike-skyver-jet-skatt-for-klimahjelp\/#primaryimage\",\"url\":\"https:\/\/nordnesrepublikken.no\/wp-content\/uploads\/2025\/07\/1751532593_Spania-Frankrike-skyver-jet-skatt-for-klimahjelp.png\",\"contentUrl\":\"https:\/\/nordnesrepublikken.no\/wp-content\/uploads\/2025\/07\/1751532593_Spania-Frankrike-skyver-jet-skatt-for-klimahjelp.png\",\"width\":1200,\"height\":800,\"caption\":\"Spania, Frankrike skyver jet skatt for klimahjelp.\"},{\"@type\":\"BreadcrumbList\",\"@id\":\"https:\/\/nordnesrepublikken.no\/index.php\/2025\/07\/03\/spania-frankrike-skyver-jet-skatt-for-klimahjelp\/#breadcrumb\",\"itemListElement\":[{\"@type\":\"ListItem\",\"position\":1,\"name\":\"Home\",\"item\":\"https:\/\/nordnesrepublikken.no\/\"},{\"@type\":\"ListItem\",\"position\":2,\"name\":\"Spania, Frankrike skyver jet skatt for klimahjelp.\"}]},{\"@type\":\"WebSite\",\"@id\":\"https:\/\/nordnesrepublikken.no\/#website\",\"url\":\"https:\/\/nordnesrepublikken.no\/\",\"name\":\"Nordnesrepublikken\",\"description\":\"Stemmer og Visjoner fra Republikkens Hjerte\",\"publisher\":{\"@id\":\"https:\/\/nordnesrepublikken.no\/#organization\"},\"potentialAction\":[{\"@type\":\"SearchAction\",\"target\":{\"@type\":\"EntryPoint\",\"urlTemplate\":\"https:\/\/nordnesrepublikken.no\/?s={search_term_string}\"},\"query-input\":{\"@type\":\"PropertyValueSpecification\",\"valueRequired\":true,\"valueName\":\"search_term_string\"}}],\"inLanguage\":\"nb-NO\"},{\"@type\":\"Organization\",\"@id\":\"https:\/\/nordnesrepublikken.no\/#organization\",\"name\":\"Nordnesrepublikken\",\"url\":\"https:\/\/nordnesrepublikken.no\/\",\"logo\":{\"@type\":\"ImageObject\",\"inLanguage\":\"nb-NO\",\"@id\":\"https:\/\/nordnesrepublikken.no\/#\/schema\/logo\/image\/\",\"url\":\"https:\/\/nordnesrepublikken.no\/wp-content\/uploads\/2025\/02\/cropped-nordnesrepublikken-2.png\",\"contentUrl\":\"https:\/\/nordnesrepublikken.no\/wp-content\/uploads\/2025\/02\/cropped-nordnesrepublikken-2.png\",\"width\":1248,\"height\":362,\"caption\":\"Nordnesrepublikken\"},\"image\":{\"@id\":\"https:\/\/nordnesrepublikken.no\/#\/schema\/logo\/image\/\"}},{\"@type\":\"Person\",\"@id\":\"https:\/\/nordnesrepublikken.no\/#\/schema\/person\/2e7e81935bab77882fffb79296240ff1\",\"name\":\"Ole Andersen\",\"image\":{\"@type\":\"ImageObject\",\"inLanguage\":\"nb-NO\",\"@id\":\"https:\/\/nordnesrepublikken.no\/#\/schema\/person\/image\/\",\"url\":\"https:\/\/nordnesrepublikken.no\/wp-content\/uploads\/2025\/02\/nordnesrepublikken-2-2-150x150.jpg\",\"contentUrl\":\"https:\/\/nordnesrepublikken.no\/wp-content\/uploads\/2025\/02\/nordnesrepublikken-2-2-150x150.jpg\",\"caption\":\"Ole Andersen\"},\"description\":\"Ettersom jeg vokste opp i Oslo, har jeg alltid v\u00e6rt fascinert av ordenes kraft og deres evne til \u00e5 skape endringer. Etter \u00e5 ha fullf\u00f8rt min utdannelse i kommunikasjon ved Universitetet i Bergen, fikk jeg muligheten til \u00e5 jobbe innen ulike medier, der jeg har s\u00f8kt \u00e5 belyse viktige samfunnssp\u00f8rsm\u00e5l. I dag, som redakt\u00f8r for Nordnesrepublikken, pr\u00f8ver jeg \u00e5 forene min kj\u00e6rlighet for journalistikk med min lidenskap for innovasjon og eventyr.\",\"sameAs\":[\"https:\/\/nordnesrepublikken.no\/\"]}]}<\/script>\n<!-- \/ Yoast SEO plugin. -->","yoast_head_json":{"title":"Spania, Frankrike skyver jet skatt for klimahjelp. - Nordnesrepublikken","robots":{"index":"index","follow":"follow","max-snippet":"max-snippet:-1","max-image-preview":"max-image-preview:large","max-video-preview":"max-video-preview:-1"},"canonical":"https:\/\/nordnesrepublikken.no\/index.php\/2025\/07\/03\/spania-frankrike-skyver-jet-skatt-for-klimahjelp\/","og_locale":"nb_NO","og_type":"article","og_title":"Spania, Frankrike skyver jet skatt for klimahjelp. - Nordnesrepublikken","og_description":"En ny koalisjon av \u00e5tte land, ledet av Spania og Frankrike, har lovet \u00e5 innf\u00f8re","og_url":"https:\/\/nordnesrepublikken.no\/index.php\/2025\/07\/03\/spania-frankrike-skyver-jet-skatt-for-klimahjelp\/","og_site_name":"Nordnesrepublikken","article_published_time":"2025-07-03T08:49:53+00:00","article_modified_time":"2025-07-03T08:49:58+00:00","og_image":[{"width":1200,"height":800,"url":"https:\/\/nordnesrepublikken.no\/wp-content\/uploads\/2025\/07\/1751532593_Spania-Frankrike-skyver-jet-skatt-for-klimahjelp.png","type":"image\/png"}],"author":"Ole Andersen","twitter_card":"summary_large_image","twitter_misc":{"Skrevet av":"Ole Andersen","Ansl. lesetid":"4 minutter"},"schema":{"@context":"https:\/\/schema.org","@graph":[{"@type":"Article","@id":"https:\/\/nordnesrepublikken.no\/index.php\/2025\/07\/03\/spania-frankrike-skyver-jet-skatt-for-klimahjelp\/#article","isPartOf":{"@id":"https:\/\/nordnesrepublikken.no\/index.php\/2025\/07\/03\/spania-frankrike-skyver-jet-skatt-for-klimahjelp\/"},"author":{"name":"Ole Andersen","@id":"https:\/\/nordnesrepublikken.no\/#\/schema\/person\/2e7e81935bab77882fffb79296240ff1"},"headline":"Spania, Frankrike skyver jet skatt for klimahjelp.","datePublished":"2025-07-03T08:49:53+00:00","dateModified":"2025-07-03T08:49:58+00:00","mainEntityOfPage":{"@id":"https:\/\/nordnesrepublikken.no\/index.php\/2025\/07\/03\/spania-frankrike-skyver-jet-skatt-for-klimahjelp\/"},"wordCount":812,"publisher":{"@id":"https:\/\/nordnesrepublikken.no\/#organization"},"image":{"@id":"https:\/\/nordnesrepublikken.no\/index.php\/2025\/07\/03\/spania-frankrike-skyver-jet-skatt-for-klimahjelp\/#primaryimage"},"thumbnailUrl":"https:\/\/nordnesrepublikken.no\/wp-content\/uploads\/2025\/07\/1751532593_Spania-Frankrike-skyver-jet-skatt-for-klimahjelp.png","keywords":["Frankrike","jet","klimahjelp","skatt","skyver","Spania"],"articleSection":["Livsstil"],"inLanguage":"nb-NO"},{"@type":"WebPage","@id":"https:\/\/nordnesrepublikken.no\/index.php\/2025\/07\/03\/spania-frankrike-skyver-jet-skatt-for-klimahjelp\/","url":"https:\/\/nordnesrepublikken.no\/index.php\/2025\/07\/03\/spania-frankrike-skyver-jet-skatt-for-klimahjelp\/","name":"Spania, Frankrike skyver jet skatt for klimahjelp. - Nordnesrepublikken","isPartOf":{"@id":"https:\/\/nordnesrepublikken.no\/#website"},"primaryImageOfPage":{"@id":"https:\/\/nordnesrepublikken.no\/index.php\/2025\/07\/03\/spania-frankrike-skyver-jet-skatt-for-klimahjelp\/#primaryimage"},"image":{"@id":"https:\/\/nordnesrepublikken.no\/index.php\/2025\/07\/03\/spania-frankrike-skyver-jet-skatt-for-klimahjelp\/#primaryimage"},"thumbnailUrl":"https:\/\/nordnesrepublikken.no\/wp-content\/uploads\/2025\/07\/1751532593_Spania-Frankrike-skyver-jet-skatt-for-klimahjelp.png","datePublished":"2025-07-03T08:49:53+00:00","dateModified":"2025-07-03T08:49:58+00:00","breadcrumb":{"@id":"https:\/\/nordnesrepublikken.no\/index.php\/2025\/07\/03\/spania-frankrike-skyver-jet-skatt-for-klimahjelp\/#breadcrumb"},"inLanguage":"nb-NO","potentialAction":[{"@type":"ReadAction","target":["https:\/\/nordnesrepublikken.no\/index.php\/2025\/07\/03\/spania-frankrike-skyver-jet-skatt-for-klimahjelp\/"]}]},{"@type":"ImageObject","inLanguage":"nb-NO","@id":"https:\/\/nordnesrepublikken.no\/index.php\/2025\/07\/03\/spania-frankrike-skyver-jet-skatt-for-klimahjelp\/#primaryimage","url":"https:\/\/nordnesrepublikken.no\/wp-content\/uploads\/2025\/07\/1751532593_Spania-Frankrike-skyver-jet-skatt-for-klimahjelp.png","contentUrl":"https:\/\/nordnesrepublikken.no\/wp-content\/uploads\/2025\/07\/1751532593_Spania-Frankrike-skyver-jet-skatt-for-klimahjelp.png","width":1200,"height":800,"caption":"Spania, Frankrike skyver jet skatt for klimahjelp."},{"@type":"BreadcrumbList","@id":"https:\/\/nordnesrepublikken.no\/index.php\/2025\/07\/03\/spania-frankrike-skyver-jet-skatt-for-klimahjelp\/#breadcrumb","itemListElement":[{"@type":"ListItem","position":1,"name":"Home","item":"https:\/\/nordnesrepublikken.no\/"},{"@type":"ListItem","position":2,"name":"Spania, Frankrike skyver jet skatt for klimahjelp."}]},{"@type":"WebSite","@id":"https:\/\/nordnesrepublikken.no\/#website","url":"https:\/\/nordnesrepublikken.no\/","name":"Nordnesrepublikken","description":"Stemmer og Visjoner fra Republikkens Hjerte","publisher":{"@id":"https:\/\/nordnesrepublikken.no\/#organization"},"potentialAction":[{"@type":"SearchAction","target":{"@type":"EntryPoint","urlTemplate":"https:\/\/nordnesrepublikken.no\/?s={search_term_string}"},"query-input":{"@type":"PropertyValueSpecification","valueRequired":true,"valueName":"search_term_string"}}],"inLanguage":"nb-NO"},{"@type":"Organization","@id":"https:\/\/nordnesrepublikken.no\/#organization","name":"Nordnesrepublikken","url":"https:\/\/nordnesrepublikken.no\/","logo":{"@type":"ImageObject","inLanguage":"nb-NO","@id":"https:\/\/nordnesrepublikken.no\/#\/schema\/logo\/image\/","url":"https:\/\/nordnesrepublikken.no\/wp-content\/uploads\/2025\/02\/cropped-nordnesrepublikken-2.png","contentUrl":"https:\/\/nordnesrepublikken.no\/wp-content\/uploads\/2025\/02\/cropped-nordnesrepublikken-2.png","width":1248,"height":362,"caption":"Nordnesrepublikken"},"image":{"@id":"https:\/\/nordnesrepublikken.no\/#\/schema\/logo\/image\/"}},{"@type":"Person","@id":"https:\/\/nordnesrepublikken.no\/#\/schema\/person\/2e7e81935bab77882fffb79296240ff1","name":"Ole Andersen","image":{"@type":"ImageObject","inLanguage":"nb-NO","@id":"https:\/\/nordnesrepublikken.no\/#\/schema\/person\/image\/","url":"https:\/\/nordnesrepublikken.no\/wp-content\/uploads\/2025\/02\/nordnesrepublikken-2-2-150x150.jpg","contentUrl":"https:\/\/nordnesrepublikken.no\/wp-content\/uploads\/2025\/02\/nordnesrepublikken-2-2-150x150.jpg","caption":"Ole Andersen"},"description":"Ettersom jeg vokste opp i Oslo, har jeg alltid v\u00e6rt fascinert av ordenes kraft og deres evne til \u00e5 skape endringer. Etter \u00e5 ha fullf\u00f8rt min utdannelse i kommunikasjon ved Universitetet i Bergen, fikk jeg muligheten til \u00e5 jobbe innen ulike medier, der jeg har s\u00f8kt \u00e5 belyse viktige samfunnssp\u00f8rsm\u00e5l. I dag, som redakt\u00f8r for Nordnesrepublikken, pr\u00f8ver jeg \u00e5 forene min kj\u00e6rlighet for journalistikk med min lidenskap for innovasjon og eventyr.","sameAs":["https:\/\/nordnesrepublikken.no\/"]}]}},"_links":{"self":[{"href":"https:\/\/nordnesrepublikken.no\/index.php\/wp-json\/wp\/v2\/posts\/6554","targetHints":{"allow":["GET"]}}],"collection":[{"href":"https:\/\/nordnesrepublikken.no\/index.php\/wp-json\/wp\/v2\/posts"}],"about":[{"href":"https:\/\/nordnesrepublikken.no\/index.php\/wp-json\/wp\/v2\/types\/post"}],"author":[{"embeddable":true,"href":"https:\/\/nordnesrepublikken.no\/index.php\/wp-json\/wp\/v2\/users\/1"}],"replies":[{"embeddable":true,"href":"https:\/\/nordnesrepublikken.no\/index.php\/wp-json\/wp\/v2\/comments?post=6554"}],"version-history":[{"count":1,"href":"https:\/\/nordnesrepublikken.no\/index.php\/wp-json\/wp\/v2\/posts\/6554\/revisions"}],"predecessor-version":[{"id":6556,"href":"https:\/\/nordnesrepublikken.no\/index.php\/wp-json\/wp\/v2\/posts\/6554\/revisions\/6556"}],"wp:featuredmedia":[{"embeddable":true,"href":"https:\/\/nordnesrepublikken.no\/index.php\/wp-json\/wp\/v2\/media\/6555"}],"wp:attachment":[{"href":"https:\/\/nordnesrepublikken.no\/index.php\/wp-json\/wp\/v2\/media?parent=6554"}],"wp:term":[{"taxonomy":"category","embeddable":true,"href":"https:\/\/nordnesrepublikken.no\/index.php\/wp-json\/wp\/v2\/categories?post=6554"},{"taxonomy":"post_tag","embeddable":true,"href":"https:\/\/nordnesrepublikken.no\/index.php\/wp-json\/wp\/v2\/tags?post=6554"}],"curies":[{"name":"wp","href":"https:\/\/api.w.org\/{rel}","templated":true}]}}