{"id":6536,"date":"2025-07-03T08:50:27","date_gmt":"2025-07-03T06:50:27","guid":{"rendered":"https:\/\/nordnesrepublikken.no\/index.php\/2025\/07\/03\/hvorfor-forarsaker-den-intense-varmen-alle-disse-blackouts-i-italia-effektene-av-varmebolger\/"},"modified":"2025-07-03T08:50:30","modified_gmt":"2025-07-03T06:50:30","slug":"hvorfor-forarsaker-den-intense-varmen-alle-disse-blackouts-i-italia-effektene-av-varmebolger","status":"publish","type":"post","link":"https:\/\/nordnesrepublikken.no\/index.php\/2025\/07\/03\/hvorfor-forarsaker-den-intense-varmen-alle-disse-blackouts-i-italia-effektene-av-varmebolger\/","title":{"rendered":"Hvorfor for\u00e5rsaker den intense varmen alle disse blackouts i Italia? Effektene av varmeb\u00f8lger"},"content":{"rendered":"<div>\n<div class=\"cp_wrapper cp_wrapper--fw mb-30 mb-20@tablet\">\n<figure class=\"mm\"><picture class=\"img\" style=\"padding-top:56.25%\"><source  media=\"(min-width: 1024px)\"><source  media=\"(min-width: 768px)\"><\/source><\/source><\/picture><\/figure>\n<\/p><\/div>\n<p>Byene i <strong>Firenze<\/strong> Og <strong>Bergamo<\/strong> De ble ber\u00f8rt av to <strong>Viktige blackouts<\/strong>som har for\u00e5rsaket ulempe for befolkningen og turistene som bes\u00f8ker, med hjem, hotell og butikker i m\u00f8rket <strong>kaos<\/strong> Ogs\u00e5 for <strong>veitrafikk<\/strong> p\u00e5 grunn av bruk av trafikklys.<\/p>\n<p>\u00c5rsaken bak disse blackouts er<strong>heteb\u00f8lge<\/strong> som treffer Italia, med ulempe fra nord til s\u00f8r (og sterkt d\u00e5rlig v\u00e6r i noen omr\u00e5der), men ogs\u00e5 i det meste av Europa, der forskjellige varsler har funnet sted for den store varmen: de h\u00f8ye temperaturene, faktisk kan <strong>overoppheting<\/strong> Noen komponenter i elektriske infrastrukturer, for eksempel kabler og transformatorer. Hvis vi s\u00e5 kombinerer alt dette ogs\u00e5 <strong>topp av forbruk<\/strong> Koblet til klimaanlegg, vifter og avfuktere, kan det interne systemet komme i krise og stoppe for \u00e5 gi str\u00f8m.<\/p>\n<p>Det kan virke som et paradoks: Siden det er flere timer med lys om sommeren, jeg <strong>forbruk<\/strong> av elektrisitet skal v\u00e6re <strong>mindre\u00e5rige<\/strong> Sammenlignet med vinteren, spesielt i m\u00f8te med en sannsynlig \u00f8kning i energi produsert gjennom fotovoltaiske systemer. Faktisk, nettopp fordi det om sommeren er mye varmere, kan forbruket n\u00e5 n\u00e5 <strong>Viktige topper<\/strong> P\u00e5 grunn av klimaanlegg, for\u00e5rsaker en overbelastning for energiinfrastruktur.<\/p>\n<p>\u00c5rsakene til disse blackouts kan derfor v\u00e6re de for mange p\u00e5 klimaanlegg, som overbelastet de elektriske nettverkene, men ogs\u00e5 overoppheting av kablene til de elektriske nettene, som for\u00e5rsaket flere feil.<\/p>\n<h2>Fordi det er s\u00e5 mange sommerblomster: de mulige \u00e5rsakene<\/h2>\n<p>N\u00e5r en heteb\u00f8lge oppst\u00e5r, er <strong>temperaturer<\/strong> De \u00f8ker betydelig og \u00f8ker derfor ogs\u00e5 ettersp\u00f8rselen etter str\u00f8m for \u00e5 lage klimaanlegg, vifter og andre viktige enheter for <strong>oppdaterer oss<\/strong> med torrid varme. P\u00e5 dette tidspunktet er det som skapes en ubalanse mellom ettersp\u00f8rselen etter energi og infrastrukturens evne til \u00e5 produsere den.<\/p>\n<p>Hvis <strong>foresp\u00f8rsel<\/strong> av str\u00f8m er for mye <strong>h\u00f8y<\/strong>infrastrukturer kan ikke v\u00e6re i stand til \u00e5 garantere <strong>et tilstrekkelig tilbud<\/strong>dermed inn i hoveddelen. Med andre ord, hvis de totale energiforesp\u00f8rslene overstiger systemets evne til \u00e5 generere og distribuere str\u00f8m, er her en blackout.<\/p>\n<p>For \u00e5 unng\u00e5 overdreven skade, er imidlertid delene av nettverket som en ubalanse foreg\u00e5r, isolert fra resten av nettverket gjennom spesielle sikkerhetsprotokoller, slik at ubalansen ikke forplanter seg: det er grunnen til at blackouts ofte ikke p\u00e5virker hele byen samtidig, men veksler i forskjellige omr\u00e5der, nettopp fordi infrastrukturen ikke kan tilfredsstille alle energiske behov. Bare i tilfeller der ubalansen er for voldelig, kan en blackout forplantes p\u00e5 st\u00f8rre trapper, som nylig har skjedd i Spania.<\/p>\n<p>I tilfelle Firenze og Bergamo, da,<strong>heteb\u00f8lge<\/strong> Det kan ogs\u00e5 ha for\u00e5rsaket overdreven overoppheting av de n\u00e5v\u00e6rende kablene. N\u00e5r det er veldig varmt, kan imidlertid temperaturen p\u00e5 kablene heves mye: disse kablene er imidlertid allerede <strong>designet<\/strong> Til <strong>st\u00f8tte<\/strong> En viss grad av varme, nettopp fordi str\u00f8mmen av str\u00f8mmen produserer viktige mengder varme i seg selv.<\/p>\n<p>Imidlertid, hvis niv\u00e5et av overoppheting av kablene blir <strong>overdreven<\/strong>kan \u00f8ke risikoen for feil, som kan skape blackouts og energipauser selv i flere timer.<\/p>\n<p>Det som genereres, er derfor en <strong>ondskapsfull sirkel<\/strong>: Jo mer varmt det er, jo mer trenger du str\u00f8m for \u00e5 oppdatere oss selv, men jo mer vi bruker klimaanlegg og vifter, jo mer risikerer vi \u00e5 overbelaste energiinfrastrukturer, med risiko for langvarige blackouts.<\/p>\n<h2>Ikke bare varmt, men ogs\u00e5 ekstremt v\u00e6r: rollen som global oppvarming<\/h2>\n<p>Generelt er derfor den virkelige \u00e5rsaken bak de hyppigste blackouts nettopp<strong> Global oppvarming<\/strong>: De siste \u00e5rene er de intense varmeb\u00f8lgene <strong>Hard test<\/strong> Energiinfrastrukturen, ikke bare italiensk, \u00f8ker ogs\u00e5 skaden p\u00e5 transformatorer eller overf\u00f8ringslinjer.<\/p>\n<p>Det m\u00e5 sies at den globale oppvarmingen ogs\u00e5 for\u00e5rsaker <strong>stadig mer ekstreme v\u00e6rhendelser<\/strong>inkludert sterke stormer eller flom som fysisk og direkte kan skade infrastrukturen.<\/p>\n<p>I f\u00f8lge en fersk studie publisert p\u00e5 <em>Jorden og Envomental Science,<\/em> De ekstreme v\u00e6rforholdene har blitt <strong>F\u00f8rste \u00e5rsak til blackout<\/strong>ogs\u00e5 overvinne de tekniske feilene og feil inngrep fra personalet. For USA, spesielt, hvis bare i 1992 <strong>27%<\/strong> Av blackouts var knyttet til v\u00e6rforholdene, i 2020 gjennomgikk denne prosentandelen en b\u00f8lge til den overstiger <strong>73%<\/strong>.<\/p>\n<p>Effekten av blackouts p\u00e5 v\u00e5rt daglige liv er derfor ikke av <strong>undervurder<\/strong>: I tillegg til ulempene som er skapt av varmen og umuligheten av \u00e5 friske seg inn i hjem og kontorer, er det store risikoer ogs\u00e5 for <strong>essensielle infrastrukturer<\/strong> som <strong>Sykehus<\/strong> eller telekommunikasjonssektoren, noe som gj\u00f8r det vanskeligere \u00e5 kontakte <strong>n\u00f8detater<\/strong> I tilfelle av behov.<\/p>\n<\/p><\/div>\n","protected":false},"excerpt":{"rendered":"<p>Byene i Firenze Og Bergamo De ble ber\u00f8rt av to Viktige blackoutssom har for\u00e5rsaket ulempe<\/p>\n","protected":false},"author":1,"featured_media":6537,"comment_status":"closed","ping_status":"open","sticky":false,"template":"","format":"standard","meta":{"footnotes":""},"categories":[26],"tags":[1515,1854,74,1767,366,1656,101,4196,437,4197,4098],"class_list":["post-6536","post","type-post","status-publish","format-standard","has-post-thumbnail","hentry","category-miljo","tag-alle","tag-blackouts","tag-den","tag-disse","tag-effektene","tag-forarsaker","tag-hvorfor","tag-intense","tag-italia","tag-varmebolger","tag-varmen","generate-columns","tablet-grid-50","mobile-grid-100","grid-parent","grid-33","resize-featured-image"],"yoast_head":"<!-- This site is optimized with the Yoast SEO plugin v24.4 - https:\/\/yoast.com\/wordpress\/plugins\/seo\/ -->\n<title>Hvorfor for\u00e5rsaker den intense varmen alle disse blackouts i Italia? Effektene av varmeb\u00f8lger - Nordnesrepublikken<\/title>\n<meta name=\"robots\" content=\"index, follow, max-snippet:-1, max-image-preview:large, max-video-preview:-1\" \/>\n<link rel=\"canonical\" href=\"https:\/\/nordnesrepublikken.no\/index.php\/2025\/07\/03\/hvorfor-forarsaker-den-intense-varmen-alle-disse-blackouts-i-italia-effektene-av-varmebolger\/\" \/>\n<meta property=\"og:locale\" content=\"nb_NO\" \/>\n<meta property=\"og:type\" content=\"article\" \/>\n<meta property=\"og:title\" content=\"Hvorfor for\u00e5rsaker den intense varmen alle disse blackouts i Italia? Effektene av varmeb\u00f8lger - Nordnesrepublikken\" \/>\n<meta property=\"og:description\" content=\"Byene i Firenze Og Bergamo De ble ber\u00f8rt av to Viktige blackoutssom har for\u00e5rsaket ulempe\" \/>\n<meta property=\"og:url\" content=\"https:\/\/nordnesrepublikken.no\/index.php\/2025\/07\/03\/hvorfor-forarsaker-den-intense-varmen-alle-disse-blackouts-i-italia-effektene-av-varmebolger\/\" \/>\n<meta property=\"og:site_name\" content=\"Nordnesrepublikken\" \/>\n<meta property=\"article:published_time\" content=\"2025-07-03T06:50:27+00:00\" \/>\n<meta property=\"article:modified_time\" content=\"2025-07-03T06:50:30+00:00\" \/>\n<meta property=\"og:image\" content=\"https:\/\/nordnesrepublikken.no\/wp-content\/uploads\/2025\/07\/1751525429_Hvorfor-forarsaker-den-intense-varmen-alle-disse-blackouts-i-Italia.jpg\" \/>\n\t<meta property=\"og:image:width\" content=\"1240\" \/>\n\t<meta property=\"og:image:height\" content=\"845\" \/>\n\t<meta property=\"og:image:type\" content=\"image\/jpeg\" \/>\n<meta name=\"author\" content=\"Ole Andersen\" \/>\n<meta name=\"twitter:card\" content=\"summary_large_image\" \/>\n<meta name=\"twitter:label1\" content=\"Skrevet av\" \/>\n\t<meta name=\"twitter:data1\" content=\"Ole Andersen\" \/>\n\t<meta name=\"twitter:label2\" content=\"Ansl. lesetid\" \/>\n\t<meta name=\"twitter:data2\" content=\"4 minutter\" \/>\n<script type=\"application\/ld+json\" class=\"yoast-schema-graph\">{\"@context\":\"https:\/\/schema.org\",\"@graph\":[{\"@type\":\"Article\",\"@id\":\"https:\/\/nordnesrepublikken.no\/index.php\/2025\/07\/03\/hvorfor-forarsaker-den-intense-varmen-alle-disse-blackouts-i-italia-effektene-av-varmebolger\/#article\",\"isPartOf\":{\"@id\":\"https:\/\/nordnesrepublikken.no\/index.php\/2025\/07\/03\/hvorfor-forarsaker-den-intense-varmen-alle-disse-blackouts-i-italia-effektene-av-varmebolger\/\"},\"author\":{\"name\":\"Ole Andersen\",\"@id\":\"https:\/\/nordnesrepublikken.no\/#\/schema\/person\/2e7e81935bab77882fffb79296240ff1\"},\"headline\":\"Hvorfor for\u00e5rsaker den intense varmen alle disse blackouts i Italia? Effektene av varmeb\u00f8lger\",\"datePublished\":\"2025-07-03T06:50:27+00:00\",\"dateModified\":\"2025-07-03T06:50:30+00:00\",\"mainEntityOfPage\":{\"@id\":\"https:\/\/nordnesrepublikken.no\/index.php\/2025\/07\/03\/hvorfor-forarsaker-den-intense-varmen-alle-disse-blackouts-i-italia-effektene-av-varmebolger\/\"},\"wordCount\":746,\"publisher\":{\"@id\":\"https:\/\/nordnesrepublikken.no\/#organization\"},\"image\":{\"@id\":\"https:\/\/nordnesrepublikken.no\/index.php\/2025\/07\/03\/hvorfor-forarsaker-den-intense-varmen-alle-disse-blackouts-i-italia-effektene-av-varmebolger\/#primaryimage\"},\"thumbnailUrl\":\"https:\/\/nordnesrepublikken.no\/wp-content\/uploads\/2025\/07\/1751525429_Hvorfor-forarsaker-den-intense-varmen-alle-disse-blackouts-i-Italia.jpg\",\"keywords\":[\"alle\",\"blackouts\",\"den\",\"disse\",\"Effektene\",\"for\u00e5rsaker\",\"hvorfor\",\"intense\",\"Italia\",\"varmeb\u00f8lger\",\"varmen\"],\"articleSection\":[\"Milj\u00f8\"],\"inLanguage\":\"nb-NO\"},{\"@type\":\"WebPage\",\"@id\":\"https:\/\/nordnesrepublikken.no\/index.php\/2025\/07\/03\/hvorfor-forarsaker-den-intense-varmen-alle-disse-blackouts-i-italia-effektene-av-varmebolger\/\",\"url\":\"https:\/\/nordnesrepublikken.no\/index.php\/2025\/07\/03\/hvorfor-forarsaker-den-intense-varmen-alle-disse-blackouts-i-italia-effektene-av-varmebolger\/\",\"name\":\"Hvorfor for\u00e5rsaker den intense varmen alle disse blackouts i Italia? Effektene av varmeb\u00f8lger - Nordnesrepublikken\",\"isPartOf\":{\"@id\":\"https:\/\/nordnesrepublikken.no\/#website\"},\"primaryImageOfPage\":{\"@id\":\"https:\/\/nordnesrepublikken.no\/index.php\/2025\/07\/03\/hvorfor-forarsaker-den-intense-varmen-alle-disse-blackouts-i-italia-effektene-av-varmebolger\/#primaryimage\"},\"image\":{\"@id\":\"https:\/\/nordnesrepublikken.no\/index.php\/2025\/07\/03\/hvorfor-forarsaker-den-intense-varmen-alle-disse-blackouts-i-italia-effektene-av-varmebolger\/#primaryimage\"},\"thumbnailUrl\":\"https:\/\/nordnesrepublikken.no\/wp-content\/uploads\/2025\/07\/1751525429_Hvorfor-forarsaker-den-intense-varmen-alle-disse-blackouts-i-Italia.jpg\",\"datePublished\":\"2025-07-03T06:50:27+00:00\",\"dateModified\":\"2025-07-03T06:50:30+00:00\",\"breadcrumb\":{\"@id\":\"https:\/\/nordnesrepublikken.no\/index.php\/2025\/07\/03\/hvorfor-forarsaker-den-intense-varmen-alle-disse-blackouts-i-italia-effektene-av-varmebolger\/#breadcrumb\"},\"inLanguage\":\"nb-NO\",\"potentialAction\":[{\"@type\":\"ReadAction\",\"target\":[\"https:\/\/nordnesrepublikken.no\/index.php\/2025\/07\/03\/hvorfor-forarsaker-den-intense-varmen-alle-disse-blackouts-i-italia-effektene-av-varmebolger\/\"]}]},{\"@type\":\"ImageObject\",\"inLanguage\":\"nb-NO\",\"@id\":\"https:\/\/nordnesrepublikken.no\/index.php\/2025\/07\/03\/hvorfor-forarsaker-den-intense-varmen-alle-disse-blackouts-i-italia-effektene-av-varmebolger\/#primaryimage\",\"url\":\"https:\/\/nordnesrepublikken.no\/wp-content\/uploads\/2025\/07\/1751525429_Hvorfor-forarsaker-den-intense-varmen-alle-disse-blackouts-i-Italia.jpg\",\"contentUrl\":\"https:\/\/nordnesrepublikken.no\/wp-content\/uploads\/2025\/07\/1751525429_Hvorfor-forarsaker-den-intense-varmen-alle-disse-blackouts-i-Italia.jpg\",\"width\":1240,\"height\":845,\"caption\":\"blackout caldo\"},{\"@type\":\"BreadcrumbList\",\"@id\":\"https:\/\/nordnesrepublikken.no\/index.php\/2025\/07\/03\/hvorfor-forarsaker-den-intense-varmen-alle-disse-blackouts-i-italia-effektene-av-varmebolger\/#breadcrumb\",\"itemListElement\":[{\"@type\":\"ListItem\",\"position\":1,\"name\":\"Home\",\"item\":\"https:\/\/nordnesrepublikken.no\/\"},{\"@type\":\"ListItem\",\"position\":2,\"name\":\"Hvorfor for\u00e5rsaker den intense varmen alle disse blackouts i Italia? Effektene av varmeb\u00f8lger\"}]},{\"@type\":\"WebSite\",\"@id\":\"https:\/\/nordnesrepublikken.no\/#website\",\"url\":\"https:\/\/nordnesrepublikken.no\/\",\"name\":\"Nordnesrepublikken\",\"description\":\"Stemmer og Visjoner fra Republikkens Hjerte\",\"publisher\":{\"@id\":\"https:\/\/nordnesrepublikken.no\/#organization\"},\"potentialAction\":[{\"@type\":\"SearchAction\",\"target\":{\"@type\":\"EntryPoint\",\"urlTemplate\":\"https:\/\/nordnesrepublikken.no\/?s={search_term_string}\"},\"query-input\":{\"@type\":\"PropertyValueSpecification\",\"valueRequired\":true,\"valueName\":\"search_term_string\"}}],\"inLanguage\":\"nb-NO\"},{\"@type\":\"Organization\",\"@id\":\"https:\/\/nordnesrepublikken.no\/#organization\",\"name\":\"Nordnesrepublikken\",\"url\":\"https:\/\/nordnesrepublikken.no\/\",\"logo\":{\"@type\":\"ImageObject\",\"inLanguage\":\"nb-NO\",\"@id\":\"https:\/\/nordnesrepublikken.no\/#\/schema\/logo\/image\/\",\"url\":\"https:\/\/nordnesrepublikken.no\/wp-content\/uploads\/2025\/02\/cropped-nordnesrepublikken-2.png\",\"contentUrl\":\"https:\/\/nordnesrepublikken.no\/wp-content\/uploads\/2025\/02\/cropped-nordnesrepublikken-2.png\",\"width\":1248,\"height\":362,\"caption\":\"Nordnesrepublikken\"},\"image\":{\"@id\":\"https:\/\/nordnesrepublikken.no\/#\/schema\/logo\/image\/\"}},{\"@type\":\"Person\",\"@id\":\"https:\/\/nordnesrepublikken.no\/#\/schema\/person\/2e7e81935bab77882fffb79296240ff1\",\"name\":\"Ole Andersen\",\"image\":{\"@type\":\"ImageObject\",\"inLanguage\":\"nb-NO\",\"@id\":\"https:\/\/nordnesrepublikken.no\/#\/schema\/person\/image\/\",\"url\":\"https:\/\/nordnesrepublikken.no\/wp-content\/uploads\/2025\/02\/nordnesrepublikken-2-2-150x150.jpg\",\"contentUrl\":\"https:\/\/nordnesrepublikken.no\/wp-content\/uploads\/2025\/02\/nordnesrepublikken-2-2-150x150.jpg\",\"caption\":\"Ole Andersen\"},\"description\":\"Ettersom jeg vokste opp i Oslo, har jeg alltid v\u00e6rt fascinert av ordenes kraft og deres evne til \u00e5 skape endringer. Etter \u00e5 ha fullf\u00f8rt min utdannelse i kommunikasjon ved Universitetet i Bergen, fikk jeg muligheten til \u00e5 jobbe innen ulike medier, der jeg har s\u00f8kt \u00e5 belyse viktige samfunnssp\u00f8rsm\u00e5l. I dag, som redakt\u00f8r for Nordnesrepublikken, pr\u00f8ver jeg \u00e5 forene min kj\u00e6rlighet for journalistikk med min lidenskap for innovasjon og eventyr.\",\"sameAs\":[\"https:\/\/nordnesrepublikken.no\/\"]}]}<\/script>\n<!-- \/ Yoast SEO plugin. -->","yoast_head_json":{"title":"Hvorfor for\u00e5rsaker den intense varmen alle disse blackouts i Italia? Effektene av varmeb\u00f8lger - Nordnesrepublikken","robots":{"index":"index","follow":"follow","max-snippet":"max-snippet:-1","max-image-preview":"max-image-preview:large","max-video-preview":"max-video-preview:-1"},"canonical":"https:\/\/nordnesrepublikken.no\/index.php\/2025\/07\/03\/hvorfor-forarsaker-den-intense-varmen-alle-disse-blackouts-i-italia-effektene-av-varmebolger\/","og_locale":"nb_NO","og_type":"article","og_title":"Hvorfor for\u00e5rsaker den intense varmen alle disse blackouts i Italia? Effektene av varmeb\u00f8lger - Nordnesrepublikken","og_description":"Byene i Firenze Og Bergamo De ble ber\u00f8rt av to Viktige blackoutssom har for\u00e5rsaket ulempe","og_url":"https:\/\/nordnesrepublikken.no\/index.php\/2025\/07\/03\/hvorfor-forarsaker-den-intense-varmen-alle-disse-blackouts-i-italia-effektene-av-varmebolger\/","og_site_name":"Nordnesrepublikken","article_published_time":"2025-07-03T06:50:27+00:00","article_modified_time":"2025-07-03T06:50:30+00:00","og_image":[{"width":1240,"height":845,"url":"https:\/\/nordnesrepublikken.no\/wp-content\/uploads\/2025\/07\/1751525429_Hvorfor-forarsaker-den-intense-varmen-alle-disse-blackouts-i-Italia.jpg","type":"image\/jpeg"}],"author":"Ole Andersen","twitter_card":"summary_large_image","twitter_misc":{"Skrevet av":"Ole Andersen","Ansl. lesetid":"4 minutter"},"schema":{"@context":"https:\/\/schema.org","@graph":[{"@type":"Article","@id":"https:\/\/nordnesrepublikken.no\/index.php\/2025\/07\/03\/hvorfor-forarsaker-den-intense-varmen-alle-disse-blackouts-i-italia-effektene-av-varmebolger\/#article","isPartOf":{"@id":"https:\/\/nordnesrepublikken.no\/index.php\/2025\/07\/03\/hvorfor-forarsaker-den-intense-varmen-alle-disse-blackouts-i-italia-effektene-av-varmebolger\/"},"author":{"name":"Ole Andersen","@id":"https:\/\/nordnesrepublikken.no\/#\/schema\/person\/2e7e81935bab77882fffb79296240ff1"},"headline":"Hvorfor for\u00e5rsaker den intense varmen alle disse blackouts i Italia? Effektene av varmeb\u00f8lger","datePublished":"2025-07-03T06:50:27+00:00","dateModified":"2025-07-03T06:50:30+00:00","mainEntityOfPage":{"@id":"https:\/\/nordnesrepublikken.no\/index.php\/2025\/07\/03\/hvorfor-forarsaker-den-intense-varmen-alle-disse-blackouts-i-italia-effektene-av-varmebolger\/"},"wordCount":746,"publisher":{"@id":"https:\/\/nordnesrepublikken.no\/#organization"},"image":{"@id":"https:\/\/nordnesrepublikken.no\/index.php\/2025\/07\/03\/hvorfor-forarsaker-den-intense-varmen-alle-disse-blackouts-i-italia-effektene-av-varmebolger\/#primaryimage"},"thumbnailUrl":"https:\/\/nordnesrepublikken.no\/wp-content\/uploads\/2025\/07\/1751525429_Hvorfor-forarsaker-den-intense-varmen-alle-disse-blackouts-i-Italia.jpg","keywords":["alle","blackouts","den","disse","Effektene","for\u00e5rsaker","hvorfor","intense","Italia","varmeb\u00f8lger","varmen"],"articleSection":["Milj\u00f8"],"inLanguage":"nb-NO"},{"@type":"WebPage","@id":"https:\/\/nordnesrepublikken.no\/index.php\/2025\/07\/03\/hvorfor-forarsaker-den-intense-varmen-alle-disse-blackouts-i-italia-effektene-av-varmebolger\/","url":"https:\/\/nordnesrepublikken.no\/index.php\/2025\/07\/03\/hvorfor-forarsaker-den-intense-varmen-alle-disse-blackouts-i-italia-effektene-av-varmebolger\/","name":"Hvorfor for\u00e5rsaker den intense varmen alle disse blackouts i Italia? Effektene av varmeb\u00f8lger - Nordnesrepublikken","isPartOf":{"@id":"https:\/\/nordnesrepublikken.no\/#website"},"primaryImageOfPage":{"@id":"https:\/\/nordnesrepublikken.no\/index.php\/2025\/07\/03\/hvorfor-forarsaker-den-intense-varmen-alle-disse-blackouts-i-italia-effektene-av-varmebolger\/#primaryimage"},"image":{"@id":"https:\/\/nordnesrepublikken.no\/index.php\/2025\/07\/03\/hvorfor-forarsaker-den-intense-varmen-alle-disse-blackouts-i-italia-effektene-av-varmebolger\/#primaryimage"},"thumbnailUrl":"https:\/\/nordnesrepublikken.no\/wp-content\/uploads\/2025\/07\/1751525429_Hvorfor-forarsaker-den-intense-varmen-alle-disse-blackouts-i-Italia.jpg","datePublished":"2025-07-03T06:50:27+00:00","dateModified":"2025-07-03T06:50:30+00:00","breadcrumb":{"@id":"https:\/\/nordnesrepublikken.no\/index.php\/2025\/07\/03\/hvorfor-forarsaker-den-intense-varmen-alle-disse-blackouts-i-italia-effektene-av-varmebolger\/#breadcrumb"},"inLanguage":"nb-NO","potentialAction":[{"@type":"ReadAction","target":["https:\/\/nordnesrepublikken.no\/index.php\/2025\/07\/03\/hvorfor-forarsaker-den-intense-varmen-alle-disse-blackouts-i-italia-effektene-av-varmebolger\/"]}]},{"@type":"ImageObject","inLanguage":"nb-NO","@id":"https:\/\/nordnesrepublikken.no\/index.php\/2025\/07\/03\/hvorfor-forarsaker-den-intense-varmen-alle-disse-blackouts-i-italia-effektene-av-varmebolger\/#primaryimage","url":"https:\/\/nordnesrepublikken.no\/wp-content\/uploads\/2025\/07\/1751525429_Hvorfor-forarsaker-den-intense-varmen-alle-disse-blackouts-i-Italia.jpg","contentUrl":"https:\/\/nordnesrepublikken.no\/wp-content\/uploads\/2025\/07\/1751525429_Hvorfor-forarsaker-den-intense-varmen-alle-disse-blackouts-i-Italia.jpg","width":1240,"height":845,"caption":"blackout caldo"},{"@type":"BreadcrumbList","@id":"https:\/\/nordnesrepublikken.no\/index.php\/2025\/07\/03\/hvorfor-forarsaker-den-intense-varmen-alle-disse-blackouts-i-italia-effektene-av-varmebolger\/#breadcrumb","itemListElement":[{"@type":"ListItem","position":1,"name":"Home","item":"https:\/\/nordnesrepublikken.no\/"},{"@type":"ListItem","position":2,"name":"Hvorfor for\u00e5rsaker den intense varmen alle disse blackouts i Italia? Effektene av varmeb\u00f8lger"}]},{"@type":"WebSite","@id":"https:\/\/nordnesrepublikken.no\/#website","url":"https:\/\/nordnesrepublikken.no\/","name":"Nordnesrepublikken","description":"Stemmer og Visjoner fra Republikkens Hjerte","publisher":{"@id":"https:\/\/nordnesrepublikken.no\/#organization"},"potentialAction":[{"@type":"SearchAction","target":{"@type":"EntryPoint","urlTemplate":"https:\/\/nordnesrepublikken.no\/?s={search_term_string}"},"query-input":{"@type":"PropertyValueSpecification","valueRequired":true,"valueName":"search_term_string"}}],"inLanguage":"nb-NO"},{"@type":"Organization","@id":"https:\/\/nordnesrepublikken.no\/#organization","name":"Nordnesrepublikken","url":"https:\/\/nordnesrepublikken.no\/","logo":{"@type":"ImageObject","inLanguage":"nb-NO","@id":"https:\/\/nordnesrepublikken.no\/#\/schema\/logo\/image\/","url":"https:\/\/nordnesrepublikken.no\/wp-content\/uploads\/2025\/02\/cropped-nordnesrepublikken-2.png","contentUrl":"https:\/\/nordnesrepublikken.no\/wp-content\/uploads\/2025\/02\/cropped-nordnesrepublikken-2.png","width":1248,"height":362,"caption":"Nordnesrepublikken"},"image":{"@id":"https:\/\/nordnesrepublikken.no\/#\/schema\/logo\/image\/"}},{"@type":"Person","@id":"https:\/\/nordnesrepublikken.no\/#\/schema\/person\/2e7e81935bab77882fffb79296240ff1","name":"Ole Andersen","image":{"@type":"ImageObject","inLanguage":"nb-NO","@id":"https:\/\/nordnesrepublikken.no\/#\/schema\/person\/image\/","url":"https:\/\/nordnesrepublikken.no\/wp-content\/uploads\/2025\/02\/nordnesrepublikken-2-2-150x150.jpg","contentUrl":"https:\/\/nordnesrepublikken.no\/wp-content\/uploads\/2025\/02\/nordnesrepublikken-2-2-150x150.jpg","caption":"Ole Andersen"},"description":"Ettersom jeg vokste opp i Oslo, har jeg alltid v\u00e6rt fascinert av ordenes kraft og deres evne til \u00e5 skape endringer. Etter \u00e5 ha fullf\u00f8rt min utdannelse i kommunikasjon ved Universitetet i Bergen, fikk jeg muligheten til \u00e5 jobbe innen ulike medier, der jeg har s\u00f8kt \u00e5 belyse viktige samfunnssp\u00f8rsm\u00e5l. I dag, som redakt\u00f8r for Nordnesrepublikken, pr\u00f8ver jeg \u00e5 forene min kj\u00e6rlighet for journalistikk med min lidenskap for innovasjon og eventyr.","sameAs":["https:\/\/nordnesrepublikken.no\/"]}]}},"_links":{"self":[{"href":"https:\/\/nordnesrepublikken.no\/index.php\/wp-json\/wp\/v2\/posts\/6536","targetHints":{"allow":["GET"]}}],"collection":[{"href":"https:\/\/nordnesrepublikken.no\/index.php\/wp-json\/wp\/v2\/posts"}],"about":[{"href":"https:\/\/nordnesrepublikken.no\/index.php\/wp-json\/wp\/v2\/types\/post"}],"author":[{"embeddable":true,"href":"https:\/\/nordnesrepublikken.no\/index.php\/wp-json\/wp\/v2\/users\/1"}],"replies":[{"embeddable":true,"href":"https:\/\/nordnesrepublikken.no\/index.php\/wp-json\/wp\/v2\/comments?post=6536"}],"version-history":[{"count":1,"href":"https:\/\/nordnesrepublikken.no\/index.php\/wp-json\/wp\/v2\/posts\/6536\/revisions"}],"predecessor-version":[{"id":6538,"href":"https:\/\/nordnesrepublikken.no\/index.php\/wp-json\/wp\/v2\/posts\/6536\/revisions\/6538"}],"wp:featuredmedia":[{"embeddable":true,"href":"https:\/\/nordnesrepublikken.no\/index.php\/wp-json\/wp\/v2\/media\/6537"}],"wp:attachment":[{"href":"https:\/\/nordnesrepublikken.no\/index.php\/wp-json\/wp\/v2\/media?parent=6536"}],"wp:term":[{"taxonomy":"category","embeddable":true,"href":"https:\/\/nordnesrepublikken.no\/index.php\/wp-json\/wp\/v2\/categories?post=6536"},{"taxonomy":"post_tag","embeddable":true,"href":"https:\/\/nordnesrepublikken.no\/index.php\/wp-json\/wp\/v2\/tags?post=6536"}],"curies":[{"name":"wp","href":"https:\/\/api.w.org\/{rel}","templated":true}]}}