{"id":6519,"date":"2025-07-02T21:49:45","date_gmt":"2025-07-02T19:49:45","guid":{"rendered":"https:\/\/nordnesrepublikken.no\/index.php\/2025\/07\/02\/hvor-mange-og-hva-er-distriktene-i-palio-di-siena-fordi-de-har-disse-navnene\/"},"modified":"2025-07-02T21:50:05","modified_gmt":"2025-07-02T19:50:05","slug":"hvor-mange-og-hva-er-distriktene-i-palio-di-siena-fordi-de-har-disse-navnene","status":"publish","type":"post","link":"https:\/\/nordnesrepublikken.no\/index.php\/2025\/07\/02\/hvor-mange-og-hva-er-distriktene-i-palio-di-siena-fordi-de-har-disse-navnene\/","title":{"rendered":"Hvor mange og hva er distriktene i Palio di Siena: fordi de har disse navnene"},"content":{"rendered":"<div>\n<div class=\"cp_wrapper cp_wrapper--fw mb-30 mb-20@tablet\">\n<figure class=\"mm\"><picture class=\"img\" style=\"padding-top:56.25%\"><source  media=\"(min-width: 1024px)\"><source  media=\"(min-width: 768px)\"><\/source><\/source><\/picture><\/figure>\n<\/p><\/div>\n<p>De <strong>Palio di Siena<\/strong> 2. juli 2025 er det de historiske og lidenskapelige hestene der<strong> distrikt<\/strong> av byen utfordrer hverandre for seieren i det ber\u00f8mte <strong>Piazza del Campo<\/strong>. Distriktene i Siena er<strong> 17 <\/strong>og stammer fra middelalderen: de fleste bringer <strong>Navn p\u00e5 et dyr,<\/strong> symbol p\u00e5 <strong>Milit\u00e6rt selskap<\/strong> som distriktet er avledet fra. Distriktene har imidlertid tatt p\u00e5 seg sin n\u00e5v\u00e6rende form i <strong>\u00e5rhundrer av moderne tid<\/strong> og delingen av territoriet, med definisjonen av grensene, stammer fra prinsessen tilbake til et forbud mot prinsessen <strong>Violante di Bayern<\/strong> av 1729. I dag takler distriktene Siena, i tillegg til \u00e5 delta i Palio, forskjellige <strong>aktiviteter for innbyggere og territoriet<\/strong>og skiller seg etter den sosiale og identitetsbetydningen.<\/p>\n<h2>Hva er de 17 distriktene i Palio di Siena<\/h2>\n<p>Distriktene i Siena er <strong>Underavdelinger av territoriet<\/strong> Ligger inne i middelalderens vegger. Distriktene er sytten:<\/p>\n<ul>\n<li>\u00d8rn<\/li>\n<li>Kabel<\/li>\n<li>Snegl<\/li>\n<li>Ugle<\/li>\n<li>Drage<\/li>\n<li>Sjiraff<\/li>\n<li>Piggsvin<\/li>\n<li>Leocorno<\/li>\n<li>Ulv<\/li>\n<li>Nisje<\/li>\n<li>G\u00e5s<\/li>\n<li>B\u00f8lge<\/li>\n<li>Panter<\/li>\n<li>Vill<\/li>\n<li>Lastebil<\/li>\n<li>T\u00e5rn<\/li>\n<li>Valdimonone.<\/li>\n<\/ul>\n<p>To steder i det urbane sentrum av Siena gj\u00f8r det ikke <strong>De tilh\u00f8rer intet distrikt<\/strong>: <strong>Piazza del Campo<\/strong>som palio finner sted, og <strong>Katedral<\/strong> (Torget som katedralen st\u00e5r p\u00e5, er imidlertid ikke et n\u00f8ytralt territorium, men for \u00e5 vises for distriktet L&#8217;Aquila).<\/p>\n<div class=\"cp_wrapper cp_wrapper--fw mb-50\">\n<figure class=\"mm\"><picture class=\"img\" style=\"padding-top:117.67578125%\"><source  media=\"(min-width: 1024px)\"><source  media=\"(min-width: 768px)\"><img decoding=\"async\" loading=\"lazy\" src=\"https:\/\/nordnesrepublikken.no\/wp-content\/uploads\/2025\/07\/1751485785_411_Hvor-mange-og-hva-er-distriktene-i-Palio-di-Siena.jpg\" alt=\"Distriktenees territorium. I Piazza del Campo Center (Credit Sannita via Wikimedia Commons)\" width=\"1024\" height=\"1205\"><\/source><\/source><\/picture><\/figure>\n<\/p><\/div>\n<p>Siena er ogs\u00e5 tradisjonelt delt inn <strong>Tre tredjedeler<\/strong>det vil si lokale sektorer, som hver best\u00e5r av fem eller seks distrikter<\/p>\n<ul>\n<li>Tredje av Camoll\u00eca<\/li>\n<li>Tredje av byen<\/li>\n<li>Tredje av San Martino.<\/li>\n<\/ul>\n<p>Tredeler har bare geografisk verdi og er uten sosiale eller administrative funksjoner.<\/p>\n<h2><strong>Funksjoner og organisering av distriktene<\/strong><\/h2>\n<p>Distriktene spiller en ledende rolle i organisasjonen av Palio, men spiller ogs\u00e5 <strong>Sosiale og kulturelle funksjoner<\/strong>: De fremmer rekreasjonsaktiviteter for unge og gamle, omhandler vedlikehold av gr\u00f8nne omr\u00e5der og rom p\u00e5 deres territorium, organiserer kulturelle begivenheter.<\/p>\n<p>De har flere bygninger: i tillegg til <strong>Nettsted<\/strong>i territoriet til hvert distrikt st\u00e5r en <strong>fontene<\/strong> Brukes til d\u00e5pen Contresaiolo, samt i mange tilfeller museer, assosiasjoner (som tidligere hadde funksjonen til gjensidige hjelpeselskaper), foredragsholdere.<\/p>\n<p>Distriktene blir styrt av <strong>Tall valgt demokratisk valgt<\/strong>: Hovedpolitisk autoritet er <strong>f\u00f8r<\/strong> (kalt &laquo;guvern\u00f8r&raquo; i Goose District og &laquo;rektor&raquo; i larven), hvis mandat generelt varer fra to til fire \u00e5r. Prior har oppgaven med \u00e5 representere distriktet av myndighetene og andre distrikter. Priors i de 17 distriktene utgj\u00f8r en organisme sa <strong>Magistrat i distriktene<\/strong>ansvarlig for \u00e5 koordinere initiativer og beskytte felles interesser overfor politiske myndigheter, samt samarbeide med dem i organiseringen av Palio.<\/p>\n<div class=\"cp_wrapper cp_wrapper--fw mb-50\">\n<figure class=\"mm\"><picture class=\"img\" style=\"padding-top:75%\"><source  media=\"(min-width: 1024px)\"><source  media=\"(min-width: 768px)\"><img decoding=\"async\" loading=\"lazy\" src=\"https:\/\/nordnesrepublikken.no\/wp-content\/uploads\/2025\/07\/1751485785_784_Hvor-mange-og-hva-er-distriktene-i-Palio-di-Siena.jpg\" alt=\"Motsetningen av g\u00e5sa etter seieren p\u00e5 Palio 2. juli 2007\" width=\"1280\" height=\"960\" class=\"js-seedtag-img\"><\/source><\/source><\/picture><\/figure>\n<\/p><\/div>\n<h2><strong>Tilh\u00f8rer distriktene og d\u00e5psdistriktet<\/strong><\/h2>\n<p>Innbyggere tilh\u00f8rer motsetningen<strong> som bor eller ble f\u00f8dt p\u00e5 territoriet, <\/strong>s\u00e5 vel som jeg <strong>Etterkommere <\/strong>av Contresaioli. Hvis et barn oppst\u00e5r fra foreldre til forskjellige distrikter, tilh\u00f8rer generelt distriktet av foreldrene til sitt eget kj\u00f8nn (jentene til mors distrikt, guttene til faren), men normen blir ikke alltid observert. I noen tilfeller kan du etablere din tilh\u00f8righet til et distrikt ogs\u00e5 for <strong>spontan valg<\/strong>.<\/p>\n<p>I andre halvdel av det tjuende \u00e5rhundre tradisjonen for <strong>D\u00e5p COVERAIOLO<\/strong>: Siden det store flertallet av spedbarn ble f\u00f8dt p\u00e5 sykehus som ligger utenfor veggene (derfor eksternt til distriktens territorium), er det introdusert et ritual som gj\u00f8r det mulig \u00e5 sanksjonere tilh\u00f8righeten til barnet til foreldrenes distrikt. Seremonien finner sted p\u00e5 <strong>Motsakens fontene<\/strong>.<\/p>\n<div class=\"cp_wrapper cp_wrapper--fw mb-50\">\n<figure class=\"mm\"><picture class=\"img\" style=\"padding-top:52.333333333333%\"><source  media=\"(min-width: 1024px)\"><source  media=\"(min-width: 768px)\"><img decoding=\"async\" loading=\"lazy\" src=\"https:\/\/nordnesrepublikken.no\/wp-content\/uploads\/2025\/07\/1751485785_991_Hvor-mange-og-hva-er-distriktene-i-Palio-di-Siena.jpg\" alt=\"Panteraenes fontene\" width=\"1200\" height=\"628\"><\/source><\/source><\/picture><\/figure>\n<\/p><\/div>\n<h2><strong>Opprinnelse og historie i distriktene Siena<\/strong><\/h2>\n<p>Opprinnelsen til distriktene dateres tilbake til middelalderen, men opprinnelig var de ikke administrative divisjoner e <strong>Ja<\/strong> <strong>Forvirret med milit\u00e6re selskaper<\/strong> som kontrollerte territoriet.<\/p>\n<p>De f\u00f8rste visse sporene av <strong>Kontroller som deler av territoriet<\/strong> N\u00e5r navnene p\u00e5 noen n\u00e5v\u00e6rende distrikter attesteres til det femtende \u00e5rhundre, n\u00e5r de blir attesteret for f\u00f8rste gang: Giraffe og Chiocciola ble nevnt i en novelle p\u00e5 1920 -tallet; Andre navn har blitt attesteret i de p\u00e5f\u00f8lgende \u00e5rene. I det sekstende \u00e5rhundre var alle 17 n\u00e5v\u00e6rende distrikter allerede til stede, og det var ogs\u00e5 seks andre, som gjennom \u00e5rene har v\u00e6rt <strong>undertrykker<\/strong>: Hane, l\u00f8ve, eik, bj\u00f8rn, sverdfinger og huggorm. Deres forsvinning skyldes sannsynligvis den progressive inaktiviteten (det er en ubegrunnet legende som er oppl\u00f8st for lidelser som er opprettet i anledning en palio). Territoriet er innarbeidet av de andre distriktene.<\/p>\n<p>Den n\u00f8yaktige definisjonen av distriktets territorium stammer tilbake til <strong>1729<\/strong>n\u00e5r prinsessen <strong>Violante Beatrice of Bayern<\/strong>som fra 1713 til 1731 hadde stillingen som guvern\u00f8r i Siena, utstedte <em>Ring over den nye divisjonen, og reform av grensene til distriktene i Siena by<\/em>.<\/p>\n<div class=\"cp_wrapper cp_wrapper--fw mb-50\">\n<figure class=\"mm\"><picture class=\"img\" style=\"padding-top:134.81481481481%\"><source  media=\"(min-width: 1024px)\"><source  media=\"(min-width: 768px)\"><img decoding=\"async\" loading=\"lazy\" src=\"https:\/\/nordnesrepublikken.no\/wp-content\/uploads\/2025\/07\/1751485785_984_Hvor-mange-og-hva-er-distriktene-i-Palio-di-Siena.jpg\" alt=\"Violante di Bayern\" width=\"945\" height=\"1274\" class=\"js-seedtag-img\"><\/source><\/source><\/picture><\/figure>\n<\/p><\/div>\n<p>Siden den gang har distrikts territorium ikke gjennomg\u00e5tt endringer, selv etter utvidelsen av byen utenfor grensene for middelalderens murer, som skjedde i det tjuende \u00e5rhundre. Forslaget til <strong>Etablere et nytt distrikt<\/strong> For de som bor utenfor veggene, avanserte i 1929, ble det avvist.<\/p>\n<h2><strong>Navnene og titlene i distriktene<\/strong><\/h2>\n<p>Nesten alle distrikter har navn p\u00e5 <strong>dyr, ekte eller mytologisk<\/strong>. Sannsynligvis skyldes denne egenskapen det faktum at de var symbolene p\u00e5 middelalderske milit\u00e6re selskaper, som distriktene stammer fra. Tre distrikter har imidlertid ingen navn p\u00e5 dyr: <strong>T\u00e5rn<\/strong>fordi et t\u00e5rn sto p\u00e5 sitt territorium; de<strong>B\u00f8lge<\/strong>fordi det stammer fra milit\u00e6re selskaper som har ansvar for \u00e5 overv\u00e5ke den tyrrheniske kysten; <strong>Valdimonone<\/strong>kanskje p\u00e5 grunn av tilstedev\u00e6relsen av et slott som eies av en slik f\u00e5rekj\u00f8tt Piccolomini, eller, if\u00f8lge en annen teori, p\u00e5 grunn av tilstedev\u00e6relsen, i middelalderens tid, av hyrder som beit oppover.<\/p>\n<p>Noen distrikter f\u00f8lger med navnet med en tittel gitt av en myndighet. Mer spesifikt er det 4:<\/p>\n<ul>\n<li>DE&#8217;<strong>\u00d8rn<\/strong>for velkomsten som ble tilbudt til keiser Charles V i 1536;<\/li>\n<li>De <strong>Nisje<\/strong>for verdien av soldatene hans til slaget ved Montaperti fra 1260;<\/li>\n<li>DE&#8217;<strong>G\u00e5s<\/strong>til minne om deltakelsen i slaget ved Montemaggio av 1145;<\/li>\n<li>De <strong>Kabel<\/strong>for innbyggernes bidrag til nederlaget av Carlo IV i Bohemia i 1369.<\/li>\n<\/ul>\n<div class=\"cp_wrapper cp_wrapper--fw mb-50\">\n<figure class=\"mm\"><picture class=\"img\" style=\"padding-top:75%\"><source  media=\"(min-width: 1024px)\"><source  media=\"(min-width: 768px)\"><img decoding=\"async\" loading=\"lazy\" src=\"https:\/\/nordnesrepublikken.no\/wp-content\/uploads\/2025\/07\/1751485785_992_Hvor-mange-og-hva-er-distriktene-i-Palio-di-Siena.jpg\" alt=\"Bruco Flags (Credit Razzairpina via Wikimedia Commons)\" width=\"1920\" height=\"1440\"><\/source><\/source><\/picture><\/figure>\n<\/p><\/div>\n<p>Fire andre distrikter, derimot, dveler ved forskjellige titler:<\/p>\n<ul>\n<li>Der <strong>Ugle<\/strong> Ta med tittelen p\u00e5 <strong>Prioress<\/strong> Fordi han i 1887 var vertskap for de f\u00f8rste m\u00f8tene i priori -komiteen (i dag sorenskriver Delle Contrader);<\/li>\n<li>DE&#8217;<strong>Piggsvin<\/strong> har tittelen p\u00e5 <strong>suveren<\/strong> For p\u00e5 sitt territorium er det det lokale hovedkvarteret for den suverene milit\u00e6re orden p\u00e5 Malta;<\/li>\n<li>Der <strong>Sjiraff<\/strong> Ta med tittelen p\u00e5 <strong>keiser<\/strong> Fordi vinner av Palio 2. juli 1936, dedikert til &laquo;erobringen av imperiet&raquo; (det vil si okkupasjonen av Etiopia av fascistiske Italia);<\/li>\n<li>DE&#8217;<strong>B\u00f8lge<\/strong> Vi skryter av tittelen p\u00e5 <strong>kaptein<\/strong> Fordi hans milit\u00e6re selskaper ble betrodd forsvaret av den delen av palasset der justis kaptein for justis var basert.<\/li>\n<\/ul>\n<p>De resterende ni distriktene gir ikke spesifikke titler.<\/p>\n<\/p><\/div>\n","protected":false},"excerpt":{"rendered":"<p>De Palio di Siena 2. juli 2025 er det de historiske og lidenskapelige hestene der<\/p>\n","protected":false},"author":1,"featured_media":6520,"comment_status":"closed","ping_status":"open","sticky":false,"template":"","format":"standard","meta":{"footnotes":""},"categories":[104],"tags":[1767,4179,83,179,144,449,450,4182,4180,4181],"class_list":["post-6519","post","type-post","status-publish","format-standard","has-post-thumbnail","hentry","category-samfunn","tag-disse","tag-distriktene","tag-fordi","tag-har","tag-hva","tag-hvor","tag-mange","tag-navnene","tag-palio","tag-siena","generate-columns","tablet-grid-50","mobile-grid-100","grid-parent","grid-33","resize-featured-image"],"yoast_head":"<!-- This site is optimized with the Yoast SEO plugin v24.4 - https:\/\/yoast.com\/wordpress\/plugins\/seo\/ -->\n<title>Hvor mange og hva er distriktene i Palio di Siena: fordi de har disse navnene - Nordnesrepublikken<\/title>\n<meta name=\"robots\" content=\"index, follow, max-snippet:-1, max-image-preview:large, max-video-preview:-1\" \/>\n<link rel=\"canonical\" href=\"https:\/\/nordnesrepublikken.no\/index.php\/2025\/07\/02\/hvor-mange-og-hva-er-distriktene-i-palio-di-siena-fordi-de-har-disse-navnene\/\" \/>\n<meta property=\"og:locale\" content=\"nb_NO\" \/>\n<meta property=\"og:type\" content=\"article\" \/>\n<meta property=\"og:title\" content=\"Hvor mange og hva er distriktene i Palio di Siena: fordi de har disse navnene - Nordnesrepublikken\" \/>\n<meta property=\"og:description\" content=\"De Palio di Siena 2. juli 2025 er det de historiske og lidenskapelige hestene der\" \/>\n<meta property=\"og:url\" content=\"https:\/\/nordnesrepublikken.no\/index.php\/2025\/07\/02\/hvor-mange-og-hva-er-distriktene-i-palio-di-siena-fordi-de-har-disse-navnene\/\" \/>\n<meta property=\"og:site_name\" content=\"Nordnesrepublikken\" \/>\n<meta property=\"article:published_time\" content=\"2025-07-02T19:49:45+00:00\" \/>\n<meta property=\"article:modified_time\" content=\"2025-07-02T19:50:05+00:00\" \/>\n<meta property=\"og:image\" content=\"https:\/\/nordnesrepublikken.no\/wp-content\/uploads\/2025\/07\/1751485786_Hvor-mange-og-hva-er-distriktene-i-Palio-di-Siena-scaled.jpg\" \/>\n\t<meta property=\"og:image:width\" content=\"2560\" \/>\n\t<meta property=\"og:image:height\" content=\"1708\" \/>\n\t<meta property=\"og:image:type\" content=\"image\/jpeg\" \/>\n<meta name=\"author\" content=\"Ole Andersen\" \/>\n<meta name=\"twitter:card\" content=\"summary_large_image\" \/>\n<meta name=\"twitter:label1\" content=\"Skrevet av\" \/>\n\t<meta name=\"twitter:data1\" content=\"Ole Andersen\" \/>\n\t<meta name=\"twitter:label2\" content=\"Ansl. lesetid\" \/>\n\t<meta name=\"twitter:data2\" content=\"5 minutter\" \/>\n<script type=\"application\/ld+json\" class=\"yoast-schema-graph\">{\"@context\":\"https:\/\/schema.org\",\"@graph\":[{\"@type\":\"Article\",\"@id\":\"https:\/\/nordnesrepublikken.no\/index.php\/2025\/07\/02\/hvor-mange-og-hva-er-distriktene-i-palio-di-siena-fordi-de-har-disse-navnene\/#article\",\"isPartOf\":{\"@id\":\"https:\/\/nordnesrepublikken.no\/index.php\/2025\/07\/02\/hvor-mange-og-hva-er-distriktene-i-palio-di-siena-fordi-de-har-disse-navnene\/\"},\"author\":{\"name\":\"Ole Andersen\",\"@id\":\"https:\/\/nordnesrepublikken.no\/#\/schema\/person\/2e7e81935bab77882fffb79296240ff1\"},\"headline\":\"Hvor mange og hva er distriktene i Palio di Siena: fordi de har disse navnene\",\"datePublished\":\"2025-07-02T19:49:45+00:00\",\"dateModified\":\"2025-07-02T19:50:05+00:00\",\"mainEntityOfPage\":{\"@id\":\"https:\/\/nordnesrepublikken.no\/index.php\/2025\/07\/02\/hvor-mange-og-hva-er-distriktene-i-palio-di-siena-fordi-de-har-disse-navnene\/\"},\"wordCount\":1065,\"publisher\":{\"@id\":\"https:\/\/nordnesrepublikken.no\/#organization\"},\"image\":{\"@id\":\"https:\/\/nordnesrepublikken.no\/index.php\/2025\/07\/02\/hvor-mange-og-hva-er-distriktene-i-palio-di-siena-fordi-de-har-disse-navnene\/#primaryimage\"},\"thumbnailUrl\":\"https:\/\/nordnesrepublikken.no\/wp-content\/uploads\/2025\/07\/1751485786_Hvor-mange-og-hva-er-distriktene-i-Palio-di-Siena-scaled.jpg\",\"keywords\":[\"disse\",\"distriktene\",\"Fordi\",\"har\",\"Hva\",\"hvor\",\"mange\",\"navnene\",\"Palio\",\"Siena\"],\"articleSection\":[\"Samfunn\"],\"inLanguage\":\"nb-NO\"},{\"@type\":\"WebPage\",\"@id\":\"https:\/\/nordnesrepublikken.no\/index.php\/2025\/07\/02\/hvor-mange-og-hva-er-distriktene-i-palio-di-siena-fordi-de-har-disse-navnene\/\",\"url\":\"https:\/\/nordnesrepublikken.no\/index.php\/2025\/07\/02\/hvor-mange-og-hva-er-distriktene-i-palio-di-siena-fordi-de-har-disse-navnene\/\",\"name\":\"Hvor mange og hva er distriktene i Palio di Siena: fordi de har disse navnene - Nordnesrepublikken\",\"isPartOf\":{\"@id\":\"https:\/\/nordnesrepublikken.no\/#website\"},\"primaryImageOfPage\":{\"@id\":\"https:\/\/nordnesrepublikken.no\/index.php\/2025\/07\/02\/hvor-mange-og-hva-er-distriktene-i-palio-di-siena-fordi-de-har-disse-navnene\/#primaryimage\"},\"image\":{\"@id\":\"https:\/\/nordnesrepublikken.no\/index.php\/2025\/07\/02\/hvor-mange-og-hva-er-distriktene-i-palio-di-siena-fordi-de-har-disse-navnene\/#primaryimage\"},\"thumbnailUrl\":\"https:\/\/nordnesrepublikken.no\/wp-content\/uploads\/2025\/07\/1751485786_Hvor-mange-og-hva-er-distriktene-i-Palio-di-Siena-scaled.jpg\",\"datePublished\":\"2025-07-02T19:49:45+00:00\",\"dateModified\":\"2025-07-02T19:50:05+00:00\",\"breadcrumb\":{\"@id\":\"https:\/\/nordnesrepublikken.no\/index.php\/2025\/07\/02\/hvor-mange-og-hva-er-distriktene-i-palio-di-siena-fordi-de-har-disse-navnene\/#breadcrumb\"},\"inLanguage\":\"nb-NO\",\"potentialAction\":[{\"@type\":\"ReadAction\",\"target\":[\"https:\/\/nordnesrepublikken.no\/index.php\/2025\/07\/02\/hvor-mange-og-hva-er-distriktene-i-palio-di-siena-fordi-de-har-disse-navnene\/\"]}]},{\"@type\":\"ImageObject\",\"inLanguage\":\"nb-NO\",\"@id\":\"https:\/\/nordnesrepublikken.no\/index.php\/2025\/07\/02\/hvor-mange-og-hva-er-distriktene-i-palio-di-siena-fordi-de-har-disse-navnene\/#primaryimage\",\"url\":\"https:\/\/nordnesrepublikken.no\/wp-content\/uploads\/2025\/07\/1751485786_Hvor-mange-og-hva-er-distriktene-i-Palio-di-Siena-scaled.jpg\",\"contentUrl\":\"https:\/\/nordnesrepublikken.no\/wp-content\/uploads\/2025\/07\/1751485786_Hvor-mange-og-hva-er-distriktene-i-Palio-di-Siena-scaled.jpg\",\"width\":2560,\"height\":1708,\"caption\":\"palio di siena\"},{\"@type\":\"BreadcrumbList\",\"@id\":\"https:\/\/nordnesrepublikken.no\/index.php\/2025\/07\/02\/hvor-mange-og-hva-er-distriktene-i-palio-di-siena-fordi-de-har-disse-navnene\/#breadcrumb\",\"itemListElement\":[{\"@type\":\"ListItem\",\"position\":1,\"name\":\"Home\",\"item\":\"https:\/\/nordnesrepublikken.no\/\"},{\"@type\":\"ListItem\",\"position\":2,\"name\":\"Hvor mange og hva er distriktene i Palio di Siena: fordi de har disse navnene\"}]},{\"@type\":\"WebSite\",\"@id\":\"https:\/\/nordnesrepublikken.no\/#website\",\"url\":\"https:\/\/nordnesrepublikken.no\/\",\"name\":\"Nordnesrepublikken\",\"description\":\"Stemmer og Visjoner fra Republikkens Hjerte\",\"publisher\":{\"@id\":\"https:\/\/nordnesrepublikken.no\/#organization\"},\"potentialAction\":[{\"@type\":\"SearchAction\",\"target\":{\"@type\":\"EntryPoint\",\"urlTemplate\":\"https:\/\/nordnesrepublikken.no\/?s={search_term_string}\"},\"query-input\":{\"@type\":\"PropertyValueSpecification\",\"valueRequired\":true,\"valueName\":\"search_term_string\"}}],\"inLanguage\":\"nb-NO\"},{\"@type\":\"Organization\",\"@id\":\"https:\/\/nordnesrepublikken.no\/#organization\",\"name\":\"Nordnesrepublikken\",\"url\":\"https:\/\/nordnesrepublikken.no\/\",\"logo\":{\"@type\":\"ImageObject\",\"inLanguage\":\"nb-NO\",\"@id\":\"https:\/\/nordnesrepublikken.no\/#\/schema\/logo\/image\/\",\"url\":\"https:\/\/nordnesrepublikken.no\/wp-content\/uploads\/2025\/02\/cropped-nordnesrepublikken-2.png\",\"contentUrl\":\"https:\/\/nordnesrepublikken.no\/wp-content\/uploads\/2025\/02\/cropped-nordnesrepublikken-2.png\",\"width\":1248,\"height\":362,\"caption\":\"Nordnesrepublikken\"},\"image\":{\"@id\":\"https:\/\/nordnesrepublikken.no\/#\/schema\/logo\/image\/\"}},{\"@type\":\"Person\",\"@id\":\"https:\/\/nordnesrepublikken.no\/#\/schema\/person\/2e7e81935bab77882fffb79296240ff1\",\"name\":\"Ole Andersen\",\"image\":{\"@type\":\"ImageObject\",\"inLanguage\":\"nb-NO\",\"@id\":\"https:\/\/nordnesrepublikken.no\/#\/schema\/person\/image\/\",\"url\":\"https:\/\/nordnesrepublikken.no\/wp-content\/uploads\/2025\/02\/nordnesrepublikken-2-2-150x150.jpg\",\"contentUrl\":\"https:\/\/nordnesrepublikken.no\/wp-content\/uploads\/2025\/02\/nordnesrepublikken-2-2-150x150.jpg\",\"caption\":\"Ole Andersen\"},\"description\":\"Ettersom jeg vokste opp i Oslo, har jeg alltid v\u00e6rt fascinert av ordenes kraft og deres evne til \u00e5 skape endringer. Etter \u00e5 ha fullf\u00f8rt min utdannelse i kommunikasjon ved Universitetet i Bergen, fikk jeg muligheten til \u00e5 jobbe innen ulike medier, der jeg har s\u00f8kt \u00e5 belyse viktige samfunnssp\u00f8rsm\u00e5l. I dag, som redakt\u00f8r for Nordnesrepublikken, pr\u00f8ver jeg \u00e5 forene min kj\u00e6rlighet for journalistikk med min lidenskap for innovasjon og eventyr.\",\"sameAs\":[\"https:\/\/nordnesrepublikken.no\/\"]}]}<\/script>\n<!-- \/ Yoast SEO plugin. -->","yoast_head_json":{"title":"Hvor mange og hva er distriktene i Palio di Siena: fordi de har disse navnene - Nordnesrepublikken","robots":{"index":"index","follow":"follow","max-snippet":"max-snippet:-1","max-image-preview":"max-image-preview:large","max-video-preview":"max-video-preview:-1"},"canonical":"https:\/\/nordnesrepublikken.no\/index.php\/2025\/07\/02\/hvor-mange-og-hva-er-distriktene-i-palio-di-siena-fordi-de-har-disse-navnene\/","og_locale":"nb_NO","og_type":"article","og_title":"Hvor mange og hva er distriktene i Palio di Siena: fordi de har disse navnene - Nordnesrepublikken","og_description":"De Palio di Siena 2. juli 2025 er det de historiske og lidenskapelige hestene der","og_url":"https:\/\/nordnesrepublikken.no\/index.php\/2025\/07\/02\/hvor-mange-og-hva-er-distriktene-i-palio-di-siena-fordi-de-har-disse-navnene\/","og_site_name":"Nordnesrepublikken","article_published_time":"2025-07-02T19:49:45+00:00","article_modified_time":"2025-07-02T19:50:05+00:00","og_image":[{"width":2560,"height":1708,"url":"https:\/\/nordnesrepublikken.no\/wp-content\/uploads\/2025\/07\/1751485786_Hvor-mange-og-hva-er-distriktene-i-Palio-di-Siena-scaled.jpg","type":"image\/jpeg"}],"author":"Ole Andersen","twitter_card":"summary_large_image","twitter_misc":{"Skrevet av":"Ole Andersen","Ansl. lesetid":"5 minutter"},"schema":{"@context":"https:\/\/schema.org","@graph":[{"@type":"Article","@id":"https:\/\/nordnesrepublikken.no\/index.php\/2025\/07\/02\/hvor-mange-og-hva-er-distriktene-i-palio-di-siena-fordi-de-har-disse-navnene\/#article","isPartOf":{"@id":"https:\/\/nordnesrepublikken.no\/index.php\/2025\/07\/02\/hvor-mange-og-hva-er-distriktene-i-palio-di-siena-fordi-de-har-disse-navnene\/"},"author":{"name":"Ole Andersen","@id":"https:\/\/nordnesrepublikken.no\/#\/schema\/person\/2e7e81935bab77882fffb79296240ff1"},"headline":"Hvor mange og hva er distriktene i Palio di Siena: fordi de har disse navnene","datePublished":"2025-07-02T19:49:45+00:00","dateModified":"2025-07-02T19:50:05+00:00","mainEntityOfPage":{"@id":"https:\/\/nordnesrepublikken.no\/index.php\/2025\/07\/02\/hvor-mange-og-hva-er-distriktene-i-palio-di-siena-fordi-de-har-disse-navnene\/"},"wordCount":1065,"publisher":{"@id":"https:\/\/nordnesrepublikken.no\/#organization"},"image":{"@id":"https:\/\/nordnesrepublikken.no\/index.php\/2025\/07\/02\/hvor-mange-og-hva-er-distriktene-i-palio-di-siena-fordi-de-har-disse-navnene\/#primaryimage"},"thumbnailUrl":"https:\/\/nordnesrepublikken.no\/wp-content\/uploads\/2025\/07\/1751485786_Hvor-mange-og-hva-er-distriktene-i-Palio-di-Siena-scaled.jpg","keywords":["disse","distriktene","Fordi","har","Hva","hvor","mange","navnene","Palio","Siena"],"articleSection":["Samfunn"],"inLanguage":"nb-NO"},{"@type":"WebPage","@id":"https:\/\/nordnesrepublikken.no\/index.php\/2025\/07\/02\/hvor-mange-og-hva-er-distriktene-i-palio-di-siena-fordi-de-har-disse-navnene\/","url":"https:\/\/nordnesrepublikken.no\/index.php\/2025\/07\/02\/hvor-mange-og-hva-er-distriktene-i-palio-di-siena-fordi-de-har-disse-navnene\/","name":"Hvor mange og hva er distriktene i Palio di Siena: fordi de har disse navnene - Nordnesrepublikken","isPartOf":{"@id":"https:\/\/nordnesrepublikken.no\/#website"},"primaryImageOfPage":{"@id":"https:\/\/nordnesrepublikken.no\/index.php\/2025\/07\/02\/hvor-mange-og-hva-er-distriktene-i-palio-di-siena-fordi-de-har-disse-navnene\/#primaryimage"},"image":{"@id":"https:\/\/nordnesrepublikken.no\/index.php\/2025\/07\/02\/hvor-mange-og-hva-er-distriktene-i-palio-di-siena-fordi-de-har-disse-navnene\/#primaryimage"},"thumbnailUrl":"https:\/\/nordnesrepublikken.no\/wp-content\/uploads\/2025\/07\/1751485786_Hvor-mange-og-hva-er-distriktene-i-Palio-di-Siena-scaled.jpg","datePublished":"2025-07-02T19:49:45+00:00","dateModified":"2025-07-02T19:50:05+00:00","breadcrumb":{"@id":"https:\/\/nordnesrepublikken.no\/index.php\/2025\/07\/02\/hvor-mange-og-hva-er-distriktene-i-palio-di-siena-fordi-de-har-disse-navnene\/#breadcrumb"},"inLanguage":"nb-NO","potentialAction":[{"@type":"ReadAction","target":["https:\/\/nordnesrepublikken.no\/index.php\/2025\/07\/02\/hvor-mange-og-hva-er-distriktene-i-palio-di-siena-fordi-de-har-disse-navnene\/"]}]},{"@type":"ImageObject","inLanguage":"nb-NO","@id":"https:\/\/nordnesrepublikken.no\/index.php\/2025\/07\/02\/hvor-mange-og-hva-er-distriktene-i-palio-di-siena-fordi-de-har-disse-navnene\/#primaryimage","url":"https:\/\/nordnesrepublikken.no\/wp-content\/uploads\/2025\/07\/1751485786_Hvor-mange-og-hva-er-distriktene-i-Palio-di-Siena-scaled.jpg","contentUrl":"https:\/\/nordnesrepublikken.no\/wp-content\/uploads\/2025\/07\/1751485786_Hvor-mange-og-hva-er-distriktene-i-Palio-di-Siena-scaled.jpg","width":2560,"height":1708,"caption":"palio di siena"},{"@type":"BreadcrumbList","@id":"https:\/\/nordnesrepublikken.no\/index.php\/2025\/07\/02\/hvor-mange-og-hva-er-distriktene-i-palio-di-siena-fordi-de-har-disse-navnene\/#breadcrumb","itemListElement":[{"@type":"ListItem","position":1,"name":"Home","item":"https:\/\/nordnesrepublikken.no\/"},{"@type":"ListItem","position":2,"name":"Hvor mange og hva er distriktene i Palio di Siena: fordi de har disse navnene"}]},{"@type":"WebSite","@id":"https:\/\/nordnesrepublikken.no\/#website","url":"https:\/\/nordnesrepublikken.no\/","name":"Nordnesrepublikken","description":"Stemmer og Visjoner fra Republikkens Hjerte","publisher":{"@id":"https:\/\/nordnesrepublikken.no\/#organization"},"potentialAction":[{"@type":"SearchAction","target":{"@type":"EntryPoint","urlTemplate":"https:\/\/nordnesrepublikken.no\/?s={search_term_string}"},"query-input":{"@type":"PropertyValueSpecification","valueRequired":true,"valueName":"search_term_string"}}],"inLanguage":"nb-NO"},{"@type":"Organization","@id":"https:\/\/nordnesrepublikken.no\/#organization","name":"Nordnesrepublikken","url":"https:\/\/nordnesrepublikken.no\/","logo":{"@type":"ImageObject","inLanguage":"nb-NO","@id":"https:\/\/nordnesrepublikken.no\/#\/schema\/logo\/image\/","url":"https:\/\/nordnesrepublikken.no\/wp-content\/uploads\/2025\/02\/cropped-nordnesrepublikken-2.png","contentUrl":"https:\/\/nordnesrepublikken.no\/wp-content\/uploads\/2025\/02\/cropped-nordnesrepublikken-2.png","width":1248,"height":362,"caption":"Nordnesrepublikken"},"image":{"@id":"https:\/\/nordnesrepublikken.no\/#\/schema\/logo\/image\/"}},{"@type":"Person","@id":"https:\/\/nordnesrepublikken.no\/#\/schema\/person\/2e7e81935bab77882fffb79296240ff1","name":"Ole Andersen","image":{"@type":"ImageObject","inLanguage":"nb-NO","@id":"https:\/\/nordnesrepublikken.no\/#\/schema\/person\/image\/","url":"https:\/\/nordnesrepublikken.no\/wp-content\/uploads\/2025\/02\/nordnesrepublikken-2-2-150x150.jpg","contentUrl":"https:\/\/nordnesrepublikken.no\/wp-content\/uploads\/2025\/02\/nordnesrepublikken-2-2-150x150.jpg","caption":"Ole Andersen"},"description":"Ettersom jeg vokste opp i Oslo, har jeg alltid v\u00e6rt fascinert av ordenes kraft og deres evne til \u00e5 skape endringer. Etter \u00e5 ha fullf\u00f8rt min utdannelse i kommunikasjon ved Universitetet i Bergen, fikk jeg muligheten til \u00e5 jobbe innen ulike medier, der jeg har s\u00f8kt \u00e5 belyse viktige samfunnssp\u00f8rsm\u00e5l. I dag, som redakt\u00f8r for Nordnesrepublikken, pr\u00f8ver jeg \u00e5 forene min kj\u00e6rlighet for journalistikk med min lidenskap for innovasjon og eventyr.","sameAs":["https:\/\/nordnesrepublikken.no\/"]}]}},"_links":{"self":[{"href":"https:\/\/nordnesrepublikken.no\/index.php\/wp-json\/wp\/v2\/posts\/6519","targetHints":{"allow":["GET"]}}],"collection":[{"href":"https:\/\/nordnesrepublikken.no\/index.php\/wp-json\/wp\/v2\/posts"}],"about":[{"href":"https:\/\/nordnesrepublikken.no\/index.php\/wp-json\/wp\/v2\/types\/post"}],"author":[{"embeddable":true,"href":"https:\/\/nordnesrepublikken.no\/index.php\/wp-json\/wp\/v2\/users\/1"}],"replies":[{"embeddable":true,"href":"https:\/\/nordnesrepublikken.no\/index.php\/wp-json\/wp\/v2\/comments?post=6519"}],"version-history":[{"count":1,"href":"https:\/\/nordnesrepublikken.no\/index.php\/wp-json\/wp\/v2\/posts\/6519\/revisions"}],"predecessor-version":[{"id":6521,"href":"https:\/\/nordnesrepublikken.no\/index.php\/wp-json\/wp\/v2\/posts\/6519\/revisions\/6521"}],"wp:featuredmedia":[{"embeddable":true,"href":"https:\/\/nordnesrepublikken.no\/index.php\/wp-json\/wp\/v2\/media\/6520"}],"wp:attachment":[{"href":"https:\/\/nordnesrepublikken.no\/index.php\/wp-json\/wp\/v2\/media?parent=6519"}],"wp:term":[{"taxonomy":"category","embeddable":true,"href":"https:\/\/nordnesrepublikken.no\/index.php\/wp-json\/wp\/v2\/categories?post=6519"},{"taxonomy":"post_tag","embeddable":true,"href":"https:\/\/nordnesrepublikken.no\/index.php\/wp-json\/wp\/v2\/tags?post=6519"}],"curies":[{"name":"wp","href":"https:\/\/api.w.org\/{rel}","templated":true}]}}