{"id":6499,"date":"2025-07-02T08:49:46","date_gmt":"2025-07-02T06:49:46","guid":{"rendered":"https:\/\/nordnesrepublikken.no\/index.php\/2025\/07\/02\/hvis-du-har-en-av-disse-powerbank-anker-kan-det-vaere-nodvendig-a-returnere-den-det-er-derfor\/"},"modified":"2025-07-02T08:49:48","modified_gmt":"2025-07-02T06:49:48","slug":"hvis-du-har-en-av-disse-powerbank-anker-kan-det-vaere-nodvendig-a-returnere-den-det-er-derfor","status":"publish","type":"post","link":"https:\/\/nordnesrepublikken.no\/index.php\/2025\/07\/02\/hvis-du-har-en-av-disse-powerbank-anker-kan-det-vaere-nodvendig-a-returnere-den-det-er-derfor\/","title":{"rendered":"Hvis du har en av disse PowerBank Anker, kan det v\u00e6re n\u00f8dvendig \u00e5 returnere den: det er derfor"},"content":{"rendered":"<div>\n<div class=\"cp_wrapper cp_wrapper--fw mb-30 mb-20@tablet\">\n<figure class=\"mm\"><picture class=\"img\" style=\"padding-top:56.25%\"><source  media=\"(min-width: 1024px)\"><source  media=\"(min-width: 768px)\"><\/source><\/source><\/picture><\/figure>\n<\/p><\/div>\n<p>Hvis du bruker et merke PowerBank <strong>Anker<\/strong>er det mulig at du b\u00f8r sjekke modellen du har i h\u00e5nden umiddelbart. Den kinesiske produsenten har faktisk startet <strong>To samtalekampanjer<\/strong> For noen enheter fordelt mellom <strong>2016<\/strong> og <strong>2024<\/strong>etter identifisering av <strong>Mulige interne defekter til litium -ionbatterier<\/strong>som i sjeldne tilfeller kan f\u00f8re til overoppheting av fenomener, utslipp av r\u00f8yk, deformasjon eller til og med brannprinsipp. Spesielt ang\u00e5r den f\u00f8rste samtalen et av de best selge produktene til merkevaren,<strong>Anker Powercore 10000<\/strong>mens det andre &#8211; av globalt omfang &#8211; p\u00e5virker fem modeller som er distribuert de siste \u00e5rene, inkludert de p\u00e5 linjen <strong>Major<\/strong> Og <strong>Zolo<\/strong>. Anker sa at sannsynligheten for funksjonsfeil forblir veldig lav, men han bestemte seg fortsatt for \u00e5 fortsette med en tilbakekalling i internasjonal skala for <strong>Forsiktighetsgrunner<\/strong>tilbyr gratis erstatning eller et gavekort til de involverte kundene. Hvis enheten din er en del av de som er oppf\u00f8rt, kan du bekrefte dens egnethet p\u00e5 selskapets offisielle nettsted og f\u00f8lge instruksjonene for sikker avhending, noe <em>Ikke<\/em> Det s\u00f8rger for enkel forlatelse i containerne for vanlige batterier.<\/p>\n<h2>De 5 modellene av PowerBank husket av Anker<\/h2>\n<p>De <strong>F\u00f8rste samtale<\/strong>begrenset til <strong>USA<\/strong> p\u00e5virket <strong>Powercore 10000<\/strong> Og det skjedde i f\u00f8rste halvdel av juni. Powerbank det gjelder, markedsf\u00f8rt av selskapet mellom juni 2016 og desember 2022 og merket av modellkoden <strong>A1263<\/strong>Rapporter om flere brann- og eksplosjoner hadde v\u00e6rt emnet. I denne forbindelse er det <strong>CPSC<\/strong> (<em>Forbrukerproduktsikkerhetskommisjon<\/em>) spesifisert i en offisiell merknad at &laquo;<em>Anker mottatt <strong>19 rapporter om branner og eksplosjoner<\/strong>. Blant disse, <strong>2 rapporter om svake brannskader<\/strong> som ikke har bedt om medisinsk behandling e <strong>11 Rapporter om materiell skade<\/strong> For totalt utover <strong>60 700 dollar skade<\/strong><\/em>\u00bb.<\/p>\n<p>De <strong>Andre samtale<\/strong>i l\u00f8pet av de siste timene, er i stedet for <strong>over hele verden<\/strong> og involverer f\u00f8lgende modeller:<\/p>\n<ul>\n<li><strong>Anker Power Bank<\/strong> (10K, 22.5W) &#8211; Modell <strong>A1257<\/strong><\/li>\n<li><strong>Anker Power Bank<\/strong> (20 000 mAh, 22,5 W, integrert USB-C-kabel) -modell <strong>A1647<\/strong><\/li>\n<li><strong>Anker Maggo Power Bank<\/strong> (10.000 mAh, 7,5 W) &#8211; Modell <strong>A1652<\/strong><\/li>\n<li><strong>Anker Zolo Power Bank<\/strong> (20K, 30W, USB-C + Lynkabel) -modell <strong>A1681<\/strong><\/li>\n<li><strong>Anker Zolo Power Bank<\/strong> (20K, 30W, bare USB-C) -modell <strong>A1689<\/strong><\/li>\n<\/ul>\n<div class=\"cp_wrapper cp_wrapper--fw mb-50\">\n<figure class=\"mm\"><picture class=\"img\" style=\"padding-top:66.666666666667%\"><source  media=\"(min-width: 1024px)\"><source  media=\"(min-width: 768px)\"><img decoding=\"async\" loading=\"lazy\" src=\"https:\/\/nordnesrepublikken.no\/wp-content\/uploads\/2025\/07\/Hvis-du-har-en-av-disse-PowerBank-Anker-kan-det.jpeg\" alt=\"Bilde\" width=\"1440\" height=\"960\"><\/source><\/source><\/picture><\/figure>\n<\/p><\/div>\n<h2>Fordi Anker husket Powerbank<\/h2>\n<p>EN <strong>PowerBank<\/strong>er av sin natur en enhet som <strong>Lagre energi i et oppladbart batteri<\/strong>. Energi som derfor er klar til \u00e5 overf\u00f8res til behovet for smarttelefoner, nettbrett og andre elektroniske enheter. Sikkerheten til en powerbank avhenger i stor grad av <strong>Kvaliteten p\u00e5 cellene<\/strong> og fra<strong> presisjon i produksjonskontroller<\/strong>. Anker, etter \u00e5 ha identifisert de kritiske problemene i en begrenset kamp med komponenter, aktiverte en serie av <strong>Avanserte kontrollprotokoller <\/strong><b>kvalitet<\/b> som fremhevet tilstedev\u00e6relsen av <strong>Metall urenheter<\/strong> Og<strong> defekter isolert<\/strong>elementer som kan f\u00f8re til en kortslutning. Det ser ogs\u00e5 ut til at noen enheter har blitt utsatt for under produksjonen <strong>overdreven varme<\/strong> eller <strong>Mekaniske p\u00e5virkninger<\/strong>faktorer som \u00f8ker risikoen for \u00e5 mislykkes ytterligere.<\/p>\n<p>N\u00e5r det gjelder den aktuelle historien, sa produsenten:<\/p>\n<blockquote>\n<p>I begynnelsen av dette \u00e5ret implementerte Anker en serie forbedrede kvalitetsgarantiprotokoller, designet for \u00e5 identifisere produksjonsproblemer i de tidlige stadiene av produksjonssyklusen. Disse sikringstiltakene, inkludert mer i dyptg\u00e5ende kontroller p\u00e5 niv\u00e5et av komponenter og tester p\u00e5 leverand\u00f8rer, har hjulpet oss med \u00e5 identifisere et potensielt problem med de vanlige cellene i litiumionbatterier til en enkelt leverand\u00f8r.<\/p>\n<p>Selv om sannsynligheten for funksjonsfeil anses som minimal, har vi p\u00e5 grunn av overfl\u00f8dig forsiktighet bestemt oss for \u00e5 starte en frivillig global samtale med forskjellige modeller av PowerBank Anker. Vi har formelt varslet, og vi koordinerer med myndighetene i alle regioner for \u00e5 sikre at tilbaketrekningen blir utf\u00f8rt i samsvar med alle gjeldende lokale retningslinjer.<\/p>\n<\/blockquote>\n<h2>Hvordan forst\u00e5 hvis PowerBank er p\u00e5virket av samtalen<\/h2>\n<p>For \u00e5 forst\u00e5 om du eier en av modellene som er involvert, er det f\u00f8rste trinnet <strong>Identifiser modellnummeret<\/strong> trykt p\u00e5 baksiden eller p\u00e5 siden av enheten. Hvis det faller sammen med en av dem vi har listet opp ovenfor, kan du g\u00e5 videre til <strong>Sjekk serienummeret<\/strong>ved hjelp av det elektroniske skjemaet som er tilgjengelig etter \u00e5 ha klikket <strong>NESTE<\/strong> P\u00e5 denne siden av den offisielle nettstedet Anker og fyll ut det foresl\u00e5tte skjemaet etter skjerminstruksjonene. I inngangen til kodene, v\u00e6r forsiktig s\u00e5 du ikke forveksler tegn som <strong>&laquo;DE&raquo;<\/strong> eller <strong>&laquo;ELLER&raquo;<\/strong> (som ikke vises i de gyldige kodene) med <strong>&laquo;1&raquo;<\/strong> Og <strong>&laquo;0&raquo;<\/strong>.<\/p>\n<p>Hvis PowerBank skal v\u00e6re blant dem som er underlagt samtalen, m\u00e5 du gj\u00f8re det<strong> Avbryt bruken umiddelbart<\/strong> Og vent p\u00e5 Ankers bekreftelse f\u00f8r du endrer ham. Selskapet tilbyr en <strong>Gratis erstatning<\/strong> eller en <strong>Gavekort verdt $ 30<\/strong>som skal brukes p\u00e5 Anker -nettstedet.<\/p>\n<div class=\"cp_wrapper cp_wrapper--fw mb-50\">\n<figure class=\"mm\"><picture class=\"img\" style=\"padding-top:62.666666666667%\"><source  media=\"(min-width: 1024px)\"><source  media=\"(min-width: 768px)\"><img decoding=\"async\" loading=\"lazy\" src=\"https:\/\/nordnesrepublikken.no\/wp-content\/uploads\/2025\/07\/1751438986_504_Hvis-du-har-en-av-disse-PowerBank-Anker-kan-det.jpg\" alt=\"Bilde\" width=\"1200\" height=\"752\" class=\"js-seedtag-img\"><\/source><\/source><\/picture><\/figure>\n<\/p><\/div>\n<h2>Hvordan avhende PowerBank Anker husket<\/h2>\n<p>Om <strong>Avhending av PowerBank som er ber\u00f8rt av samtalen<\/strong>husk at disse ikke m\u00e5 avhendes i batteriene for batterier som er til stede i supermarkeder eller i salgspunktene til elektronikkbutikker. \u00c5rsaken er teknisk: de skadede cellene representerer en <strong>potensielt h\u00f8y risiko for forbrenning<\/strong> Og derfor m\u00e5 de utelukkende leveres til <strong>Sentre autorisert for behandling av farlig avfall<\/strong>. I denne forbindelse kan det v\u00e6re nyttig \u00e5 referere til informasjonssidene p\u00e5 det offisielle nettstedet til <strong>Cdcnpa<\/strong> (<em>Nasjonalt koordinasjonssenter for haug og akkumulatorer<\/em>) og\/eller ved \u00e5 kontakte anker p\u00e5 support@anker.com som indikerer i emnet for meldingen <strong>Anker PowerBank Recall<\/strong> og indikerer i kroppen av meldingen <strong>modellkode og serien<\/strong> av PowerBank i din besittelse.<\/p>\n<\/p><\/div>\n","protected":false},"excerpt":{"rendered":"<p>Hvis du bruker et merke PowerBank Ankerer det mulig at du b\u00f8r sjekke modellen du<\/p>\n","protected":false},"author":1,"featured_media":6500,"comment_status":"closed","ping_status":"open","sticky":false,"template":"","format":"standard","meta":{"footnotes":""},"categories":[25],"tags":[4168,74,1302,66,1767,179,405,339,2218,616,4169,290],"class_list":["post-6499","post","type-post","status-publish","format-standard","has-post-thumbnail","hentry","category-teknologi","tag-anker","tag-den","tag-derfor","tag-det","tag-disse","tag-har","tag-hvis","tag-kan","tag-nodvendig","tag-powerbank","tag-returnere","tag-vaere","generate-columns","tablet-grid-50","mobile-grid-100","grid-parent","grid-33","resize-featured-image"],"yoast_head":"<!-- This site is optimized with the Yoast SEO plugin v24.4 - https:\/\/yoast.com\/wordpress\/plugins\/seo\/ -->\n<title>Hvis du har en av disse PowerBank Anker, kan det v\u00e6re n\u00f8dvendig \u00e5 returnere den: det er derfor - Nordnesrepublikken<\/title>\n<meta name=\"robots\" content=\"index, follow, max-snippet:-1, max-image-preview:large, max-video-preview:-1\" \/>\n<link rel=\"canonical\" href=\"https:\/\/nordnesrepublikken.no\/index.php\/2025\/07\/02\/hvis-du-har-en-av-disse-powerbank-anker-kan-det-vaere-nodvendig-a-returnere-den-det-er-derfor\/\" \/>\n<meta property=\"og:locale\" content=\"nb_NO\" \/>\n<meta property=\"og:type\" content=\"article\" \/>\n<meta property=\"og:title\" content=\"Hvis du har en av disse PowerBank Anker, kan det v\u00e6re n\u00f8dvendig \u00e5 returnere den: det er derfor - Nordnesrepublikken\" \/>\n<meta property=\"og:description\" content=\"Hvis du bruker et merke PowerBank Ankerer det mulig at du b\u00f8r sjekke modellen du\" \/>\n<meta property=\"og:url\" content=\"https:\/\/nordnesrepublikken.no\/index.php\/2025\/07\/02\/hvis-du-har-en-av-disse-powerbank-anker-kan-det-vaere-nodvendig-a-returnere-den-det-er-derfor\/\" \/>\n<meta property=\"og:site_name\" content=\"Nordnesrepublikken\" \/>\n<meta property=\"article:published_time\" content=\"2025-07-02T06:49:46+00:00\" \/>\n<meta property=\"article:modified_time\" content=\"2025-07-02T06:49:48+00:00\" \/>\n<meta property=\"og:image\" content=\"https:\/\/nordnesrepublikken.no\/wp-content\/uploads\/2025\/07\/1751438987_Hvis-du-har-en-av-disse-PowerBank-Anker-kan-det.jpg\" \/>\n\t<meta property=\"og:image:width\" content=\"1500\" \/>\n\t<meta property=\"og:image:height\" content=\"927\" \/>\n\t<meta property=\"og:image:type\" content=\"image\/jpeg\" \/>\n<meta name=\"author\" content=\"Ole Andersen\" \/>\n<meta name=\"twitter:card\" content=\"summary_large_image\" \/>\n<meta name=\"twitter:label1\" content=\"Skrevet av\" \/>\n\t<meta name=\"twitter:data1\" content=\"Ole Andersen\" \/>\n\t<meta name=\"twitter:label2\" content=\"Ansl. lesetid\" \/>\n\t<meta name=\"twitter:data2\" content=\"4 minutter\" \/>\n<script type=\"application\/ld+json\" class=\"yoast-schema-graph\">{\"@context\":\"https:\/\/schema.org\",\"@graph\":[{\"@type\":\"Article\",\"@id\":\"https:\/\/nordnesrepublikken.no\/index.php\/2025\/07\/02\/hvis-du-har-en-av-disse-powerbank-anker-kan-det-vaere-nodvendig-a-returnere-den-det-er-derfor\/#article\",\"isPartOf\":{\"@id\":\"https:\/\/nordnesrepublikken.no\/index.php\/2025\/07\/02\/hvis-du-har-en-av-disse-powerbank-anker-kan-det-vaere-nodvendig-a-returnere-den-det-er-derfor\/\"},\"author\":{\"name\":\"Ole Andersen\",\"@id\":\"https:\/\/nordnesrepublikken.no\/#\/schema\/person\/2e7e81935bab77882fffb79296240ff1\"},\"headline\":\"Hvis du har en av disse PowerBank Anker, kan det v\u00e6re n\u00f8dvendig \u00e5 returnere den: det er derfor\",\"datePublished\":\"2025-07-02T06:49:46+00:00\",\"dateModified\":\"2025-07-02T06:49:48+00:00\",\"mainEntityOfPage\":{\"@id\":\"https:\/\/nordnesrepublikken.no\/index.php\/2025\/07\/02\/hvis-du-har-en-av-disse-powerbank-anker-kan-det-vaere-nodvendig-a-returnere-den-det-er-derfor\/\"},\"wordCount\":869,\"publisher\":{\"@id\":\"https:\/\/nordnesrepublikken.no\/#organization\"},\"image\":{\"@id\":\"https:\/\/nordnesrepublikken.no\/index.php\/2025\/07\/02\/hvis-du-har-en-av-disse-powerbank-anker-kan-det-vaere-nodvendig-a-returnere-den-det-er-derfor\/#primaryimage\"},\"thumbnailUrl\":\"https:\/\/nordnesrepublikken.no\/wp-content\/uploads\/2025\/07\/1751438987_Hvis-du-har-en-av-disse-PowerBank-Anker-kan-det.jpg\",\"keywords\":[\"Anker\",\"den\",\"derfor\",\"Det\",\"disse\",\"har\",\"hvis\",\"kan\",\"n\u00f8dvendig\",\"PowerBank\",\"returnere\",\"v\u00e6re\"],\"articleSection\":[\"Teknologi\"],\"inLanguage\":\"nb-NO\"},{\"@type\":\"WebPage\",\"@id\":\"https:\/\/nordnesrepublikken.no\/index.php\/2025\/07\/02\/hvis-du-har-en-av-disse-powerbank-anker-kan-det-vaere-nodvendig-a-returnere-den-det-er-derfor\/\",\"url\":\"https:\/\/nordnesrepublikken.no\/index.php\/2025\/07\/02\/hvis-du-har-en-av-disse-powerbank-anker-kan-det-vaere-nodvendig-a-returnere-den-det-er-derfor\/\",\"name\":\"Hvis du har en av disse PowerBank Anker, kan det v\u00e6re n\u00f8dvendig \u00e5 returnere den: det er derfor - Nordnesrepublikken\",\"isPartOf\":{\"@id\":\"https:\/\/nordnesrepublikken.no\/#website\"},\"primaryImageOfPage\":{\"@id\":\"https:\/\/nordnesrepublikken.no\/index.php\/2025\/07\/02\/hvis-du-har-en-av-disse-powerbank-anker-kan-det-vaere-nodvendig-a-returnere-den-det-er-derfor\/#primaryimage\"},\"image\":{\"@id\":\"https:\/\/nordnesrepublikken.no\/index.php\/2025\/07\/02\/hvis-du-har-en-av-disse-powerbank-anker-kan-det-vaere-nodvendig-a-returnere-den-det-er-derfor\/#primaryimage\"},\"thumbnailUrl\":\"https:\/\/nordnesrepublikken.no\/wp-content\/uploads\/2025\/07\/1751438987_Hvis-du-har-en-av-disse-PowerBank-Anker-kan-det.jpg\",\"datePublished\":\"2025-07-02T06:49:46+00:00\",\"dateModified\":\"2025-07-02T06:49:48+00:00\",\"breadcrumb\":{\"@id\":\"https:\/\/nordnesrepublikken.no\/index.php\/2025\/07\/02\/hvis-du-har-en-av-disse-powerbank-anker-kan-det-vaere-nodvendig-a-returnere-den-det-er-derfor\/#breadcrumb\"},\"inLanguage\":\"nb-NO\",\"potentialAction\":[{\"@type\":\"ReadAction\",\"target\":[\"https:\/\/nordnesrepublikken.no\/index.php\/2025\/07\/02\/hvis-du-har-en-av-disse-powerbank-anker-kan-det-vaere-nodvendig-a-returnere-den-det-er-derfor\/\"]}]},{\"@type\":\"ImageObject\",\"inLanguage\":\"nb-NO\",\"@id\":\"https:\/\/nordnesrepublikken.no\/index.php\/2025\/07\/02\/hvis-du-har-en-av-disse-powerbank-anker-kan-det-vaere-nodvendig-a-returnere-den-det-er-derfor\/#primaryimage\",\"url\":\"https:\/\/nordnesrepublikken.no\/wp-content\/uploads\/2025\/07\/1751438987_Hvis-du-har-en-av-disse-PowerBank-Anker-kan-det.jpg\",\"contentUrl\":\"https:\/\/nordnesrepublikken.no\/wp-content\/uploads\/2025\/07\/1751438987_Hvis-du-har-en-av-disse-PowerBank-Anker-kan-det.jpg\",\"width\":1500,\"height\":927,\"caption\":\"Immagine\"},{\"@type\":\"BreadcrumbList\",\"@id\":\"https:\/\/nordnesrepublikken.no\/index.php\/2025\/07\/02\/hvis-du-har-en-av-disse-powerbank-anker-kan-det-vaere-nodvendig-a-returnere-den-det-er-derfor\/#breadcrumb\",\"itemListElement\":[{\"@type\":\"ListItem\",\"position\":1,\"name\":\"Home\",\"item\":\"https:\/\/nordnesrepublikken.no\/\"},{\"@type\":\"ListItem\",\"position\":2,\"name\":\"Hvis du har en av disse PowerBank Anker, kan det v\u00e6re n\u00f8dvendig \u00e5 returnere den: det er derfor\"}]},{\"@type\":\"WebSite\",\"@id\":\"https:\/\/nordnesrepublikken.no\/#website\",\"url\":\"https:\/\/nordnesrepublikken.no\/\",\"name\":\"Nordnesrepublikken\",\"description\":\"Stemmer og Visjoner fra Republikkens Hjerte\",\"publisher\":{\"@id\":\"https:\/\/nordnesrepublikken.no\/#organization\"},\"potentialAction\":[{\"@type\":\"SearchAction\",\"target\":{\"@type\":\"EntryPoint\",\"urlTemplate\":\"https:\/\/nordnesrepublikken.no\/?s={search_term_string}\"},\"query-input\":{\"@type\":\"PropertyValueSpecification\",\"valueRequired\":true,\"valueName\":\"search_term_string\"}}],\"inLanguage\":\"nb-NO\"},{\"@type\":\"Organization\",\"@id\":\"https:\/\/nordnesrepublikken.no\/#organization\",\"name\":\"Nordnesrepublikken\",\"url\":\"https:\/\/nordnesrepublikken.no\/\",\"logo\":{\"@type\":\"ImageObject\",\"inLanguage\":\"nb-NO\",\"@id\":\"https:\/\/nordnesrepublikken.no\/#\/schema\/logo\/image\/\",\"url\":\"https:\/\/nordnesrepublikken.no\/wp-content\/uploads\/2025\/02\/cropped-nordnesrepublikken-2.png\",\"contentUrl\":\"https:\/\/nordnesrepublikken.no\/wp-content\/uploads\/2025\/02\/cropped-nordnesrepublikken-2.png\",\"width\":1248,\"height\":362,\"caption\":\"Nordnesrepublikken\"},\"image\":{\"@id\":\"https:\/\/nordnesrepublikken.no\/#\/schema\/logo\/image\/\"}},{\"@type\":\"Person\",\"@id\":\"https:\/\/nordnesrepublikken.no\/#\/schema\/person\/2e7e81935bab77882fffb79296240ff1\",\"name\":\"Ole Andersen\",\"image\":{\"@type\":\"ImageObject\",\"inLanguage\":\"nb-NO\",\"@id\":\"https:\/\/nordnesrepublikken.no\/#\/schema\/person\/image\/\",\"url\":\"https:\/\/nordnesrepublikken.no\/wp-content\/uploads\/2025\/02\/nordnesrepublikken-2-2-150x150.jpg\",\"contentUrl\":\"https:\/\/nordnesrepublikken.no\/wp-content\/uploads\/2025\/02\/nordnesrepublikken-2-2-150x150.jpg\",\"caption\":\"Ole Andersen\"},\"description\":\"Ettersom jeg vokste opp i Oslo, har jeg alltid v\u00e6rt fascinert av ordenes kraft og deres evne til \u00e5 skape endringer. Etter \u00e5 ha fullf\u00f8rt min utdannelse i kommunikasjon ved Universitetet i Bergen, fikk jeg muligheten til \u00e5 jobbe innen ulike medier, der jeg har s\u00f8kt \u00e5 belyse viktige samfunnssp\u00f8rsm\u00e5l. I dag, som redakt\u00f8r for Nordnesrepublikken, pr\u00f8ver jeg \u00e5 forene min kj\u00e6rlighet for journalistikk med min lidenskap for innovasjon og eventyr.\",\"sameAs\":[\"https:\/\/nordnesrepublikken.no\/\"]}]}<\/script>\n<!-- \/ Yoast SEO plugin. -->","yoast_head_json":{"title":"Hvis du har en av disse PowerBank Anker, kan det v\u00e6re n\u00f8dvendig \u00e5 returnere den: det er derfor - Nordnesrepublikken","robots":{"index":"index","follow":"follow","max-snippet":"max-snippet:-1","max-image-preview":"max-image-preview:large","max-video-preview":"max-video-preview:-1"},"canonical":"https:\/\/nordnesrepublikken.no\/index.php\/2025\/07\/02\/hvis-du-har-en-av-disse-powerbank-anker-kan-det-vaere-nodvendig-a-returnere-den-det-er-derfor\/","og_locale":"nb_NO","og_type":"article","og_title":"Hvis du har en av disse PowerBank Anker, kan det v\u00e6re n\u00f8dvendig \u00e5 returnere den: det er derfor - Nordnesrepublikken","og_description":"Hvis du bruker et merke PowerBank Ankerer det mulig at du b\u00f8r sjekke modellen du","og_url":"https:\/\/nordnesrepublikken.no\/index.php\/2025\/07\/02\/hvis-du-har-en-av-disse-powerbank-anker-kan-det-vaere-nodvendig-a-returnere-den-det-er-derfor\/","og_site_name":"Nordnesrepublikken","article_published_time":"2025-07-02T06:49:46+00:00","article_modified_time":"2025-07-02T06:49:48+00:00","og_image":[{"width":1500,"height":927,"url":"https:\/\/nordnesrepublikken.no\/wp-content\/uploads\/2025\/07\/1751438987_Hvis-du-har-en-av-disse-PowerBank-Anker-kan-det.jpg","type":"image\/jpeg"}],"author":"Ole Andersen","twitter_card":"summary_large_image","twitter_misc":{"Skrevet av":"Ole Andersen","Ansl. lesetid":"4 minutter"},"schema":{"@context":"https:\/\/schema.org","@graph":[{"@type":"Article","@id":"https:\/\/nordnesrepublikken.no\/index.php\/2025\/07\/02\/hvis-du-har-en-av-disse-powerbank-anker-kan-det-vaere-nodvendig-a-returnere-den-det-er-derfor\/#article","isPartOf":{"@id":"https:\/\/nordnesrepublikken.no\/index.php\/2025\/07\/02\/hvis-du-har-en-av-disse-powerbank-anker-kan-det-vaere-nodvendig-a-returnere-den-det-er-derfor\/"},"author":{"name":"Ole Andersen","@id":"https:\/\/nordnesrepublikken.no\/#\/schema\/person\/2e7e81935bab77882fffb79296240ff1"},"headline":"Hvis du har en av disse PowerBank Anker, kan det v\u00e6re n\u00f8dvendig \u00e5 returnere den: det er derfor","datePublished":"2025-07-02T06:49:46+00:00","dateModified":"2025-07-02T06:49:48+00:00","mainEntityOfPage":{"@id":"https:\/\/nordnesrepublikken.no\/index.php\/2025\/07\/02\/hvis-du-har-en-av-disse-powerbank-anker-kan-det-vaere-nodvendig-a-returnere-den-det-er-derfor\/"},"wordCount":869,"publisher":{"@id":"https:\/\/nordnesrepublikken.no\/#organization"},"image":{"@id":"https:\/\/nordnesrepublikken.no\/index.php\/2025\/07\/02\/hvis-du-har-en-av-disse-powerbank-anker-kan-det-vaere-nodvendig-a-returnere-den-det-er-derfor\/#primaryimage"},"thumbnailUrl":"https:\/\/nordnesrepublikken.no\/wp-content\/uploads\/2025\/07\/1751438987_Hvis-du-har-en-av-disse-PowerBank-Anker-kan-det.jpg","keywords":["Anker","den","derfor","Det","disse","har","hvis","kan","n\u00f8dvendig","PowerBank","returnere","v\u00e6re"],"articleSection":["Teknologi"],"inLanguage":"nb-NO"},{"@type":"WebPage","@id":"https:\/\/nordnesrepublikken.no\/index.php\/2025\/07\/02\/hvis-du-har-en-av-disse-powerbank-anker-kan-det-vaere-nodvendig-a-returnere-den-det-er-derfor\/","url":"https:\/\/nordnesrepublikken.no\/index.php\/2025\/07\/02\/hvis-du-har-en-av-disse-powerbank-anker-kan-det-vaere-nodvendig-a-returnere-den-det-er-derfor\/","name":"Hvis du har en av disse PowerBank Anker, kan det v\u00e6re n\u00f8dvendig \u00e5 returnere den: det er derfor - Nordnesrepublikken","isPartOf":{"@id":"https:\/\/nordnesrepublikken.no\/#website"},"primaryImageOfPage":{"@id":"https:\/\/nordnesrepublikken.no\/index.php\/2025\/07\/02\/hvis-du-har-en-av-disse-powerbank-anker-kan-det-vaere-nodvendig-a-returnere-den-det-er-derfor\/#primaryimage"},"image":{"@id":"https:\/\/nordnesrepublikken.no\/index.php\/2025\/07\/02\/hvis-du-har-en-av-disse-powerbank-anker-kan-det-vaere-nodvendig-a-returnere-den-det-er-derfor\/#primaryimage"},"thumbnailUrl":"https:\/\/nordnesrepublikken.no\/wp-content\/uploads\/2025\/07\/1751438987_Hvis-du-har-en-av-disse-PowerBank-Anker-kan-det.jpg","datePublished":"2025-07-02T06:49:46+00:00","dateModified":"2025-07-02T06:49:48+00:00","breadcrumb":{"@id":"https:\/\/nordnesrepublikken.no\/index.php\/2025\/07\/02\/hvis-du-har-en-av-disse-powerbank-anker-kan-det-vaere-nodvendig-a-returnere-den-det-er-derfor\/#breadcrumb"},"inLanguage":"nb-NO","potentialAction":[{"@type":"ReadAction","target":["https:\/\/nordnesrepublikken.no\/index.php\/2025\/07\/02\/hvis-du-har-en-av-disse-powerbank-anker-kan-det-vaere-nodvendig-a-returnere-den-det-er-derfor\/"]}]},{"@type":"ImageObject","inLanguage":"nb-NO","@id":"https:\/\/nordnesrepublikken.no\/index.php\/2025\/07\/02\/hvis-du-har-en-av-disse-powerbank-anker-kan-det-vaere-nodvendig-a-returnere-den-det-er-derfor\/#primaryimage","url":"https:\/\/nordnesrepublikken.no\/wp-content\/uploads\/2025\/07\/1751438987_Hvis-du-har-en-av-disse-PowerBank-Anker-kan-det.jpg","contentUrl":"https:\/\/nordnesrepublikken.no\/wp-content\/uploads\/2025\/07\/1751438987_Hvis-du-har-en-av-disse-PowerBank-Anker-kan-det.jpg","width":1500,"height":927,"caption":"Immagine"},{"@type":"BreadcrumbList","@id":"https:\/\/nordnesrepublikken.no\/index.php\/2025\/07\/02\/hvis-du-har-en-av-disse-powerbank-anker-kan-det-vaere-nodvendig-a-returnere-den-det-er-derfor\/#breadcrumb","itemListElement":[{"@type":"ListItem","position":1,"name":"Home","item":"https:\/\/nordnesrepublikken.no\/"},{"@type":"ListItem","position":2,"name":"Hvis du har en av disse PowerBank Anker, kan det v\u00e6re n\u00f8dvendig \u00e5 returnere den: det er derfor"}]},{"@type":"WebSite","@id":"https:\/\/nordnesrepublikken.no\/#website","url":"https:\/\/nordnesrepublikken.no\/","name":"Nordnesrepublikken","description":"Stemmer og Visjoner fra Republikkens Hjerte","publisher":{"@id":"https:\/\/nordnesrepublikken.no\/#organization"},"potentialAction":[{"@type":"SearchAction","target":{"@type":"EntryPoint","urlTemplate":"https:\/\/nordnesrepublikken.no\/?s={search_term_string}"},"query-input":{"@type":"PropertyValueSpecification","valueRequired":true,"valueName":"search_term_string"}}],"inLanguage":"nb-NO"},{"@type":"Organization","@id":"https:\/\/nordnesrepublikken.no\/#organization","name":"Nordnesrepublikken","url":"https:\/\/nordnesrepublikken.no\/","logo":{"@type":"ImageObject","inLanguage":"nb-NO","@id":"https:\/\/nordnesrepublikken.no\/#\/schema\/logo\/image\/","url":"https:\/\/nordnesrepublikken.no\/wp-content\/uploads\/2025\/02\/cropped-nordnesrepublikken-2.png","contentUrl":"https:\/\/nordnesrepublikken.no\/wp-content\/uploads\/2025\/02\/cropped-nordnesrepublikken-2.png","width":1248,"height":362,"caption":"Nordnesrepublikken"},"image":{"@id":"https:\/\/nordnesrepublikken.no\/#\/schema\/logo\/image\/"}},{"@type":"Person","@id":"https:\/\/nordnesrepublikken.no\/#\/schema\/person\/2e7e81935bab77882fffb79296240ff1","name":"Ole Andersen","image":{"@type":"ImageObject","inLanguage":"nb-NO","@id":"https:\/\/nordnesrepublikken.no\/#\/schema\/person\/image\/","url":"https:\/\/nordnesrepublikken.no\/wp-content\/uploads\/2025\/02\/nordnesrepublikken-2-2-150x150.jpg","contentUrl":"https:\/\/nordnesrepublikken.no\/wp-content\/uploads\/2025\/02\/nordnesrepublikken-2-2-150x150.jpg","caption":"Ole Andersen"},"description":"Ettersom jeg vokste opp i Oslo, har jeg alltid v\u00e6rt fascinert av ordenes kraft og deres evne til \u00e5 skape endringer. Etter \u00e5 ha fullf\u00f8rt min utdannelse i kommunikasjon ved Universitetet i Bergen, fikk jeg muligheten til \u00e5 jobbe innen ulike medier, der jeg har s\u00f8kt \u00e5 belyse viktige samfunnssp\u00f8rsm\u00e5l. I dag, som redakt\u00f8r for Nordnesrepublikken, pr\u00f8ver jeg \u00e5 forene min kj\u00e6rlighet for journalistikk med min lidenskap for innovasjon og eventyr.","sameAs":["https:\/\/nordnesrepublikken.no\/"]}]}},"_links":{"self":[{"href":"https:\/\/nordnesrepublikken.no\/index.php\/wp-json\/wp\/v2\/posts\/6499","targetHints":{"allow":["GET"]}}],"collection":[{"href":"https:\/\/nordnesrepublikken.no\/index.php\/wp-json\/wp\/v2\/posts"}],"about":[{"href":"https:\/\/nordnesrepublikken.no\/index.php\/wp-json\/wp\/v2\/types\/post"}],"author":[{"embeddable":true,"href":"https:\/\/nordnesrepublikken.no\/index.php\/wp-json\/wp\/v2\/users\/1"}],"replies":[{"embeddable":true,"href":"https:\/\/nordnesrepublikken.no\/index.php\/wp-json\/wp\/v2\/comments?post=6499"}],"version-history":[{"count":1,"href":"https:\/\/nordnesrepublikken.no\/index.php\/wp-json\/wp\/v2\/posts\/6499\/revisions"}],"predecessor-version":[{"id":6501,"href":"https:\/\/nordnesrepublikken.no\/index.php\/wp-json\/wp\/v2\/posts\/6499\/revisions\/6501"}],"wp:featuredmedia":[{"embeddable":true,"href":"https:\/\/nordnesrepublikken.no\/index.php\/wp-json\/wp\/v2\/media\/6500"}],"wp:attachment":[{"href":"https:\/\/nordnesrepublikken.no\/index.php\/wp-json\/wp\/v2\/media?parent=6499"}],"wp:term":[{"taxonomy":"category","embeddable":true,"href":"https:\/\/nordnesrepublikken.no\/index.php\/wp-json\/wp\/v2\/categories?post=6499"},{"taxonomy":"post_tag","embeddable":true,"href":"https:\/\/nordnesrepublikken.no\/index.php\/wp-json\/wp\/v2\/tags?post=6499"}],"curies":[{"name":"wp","href":"https:\/\/api.w.org\/{rel}","templated":true}]}}