{"id":6454,"date":"2025-07-02T08:00:00","date_gmt":"2025-07-02T06:00:00","guid":{"rendered":"https:\/\/nordnesrepublikken.no\/?p=6454"},"modified":"2025-07-01T08:54:56","modified_gmt":"2025-07-01T06:54:56","slug":"slik-pavirker-kjaeledyr-barns-fysiske-og-kognitive-utvikling","status":"publish","type":"post","link":"https:\/\/nordnesrepublikken.no\/index.php\/2025\/07\/02\/slik-pavirker-kjaeledyr-barns-fysiske-og-kognitive-utvikling\/","title":{"rendered":"Slik p\u00e5virker kj\u00e6ledyr barns fysiske og kognitive utvikling"},"content":{"rendered":"\n<p><strong><em>Jeg husker fortsatt spenningen da familien min hentet v\u00e5r f\u00f8rste valp, Bella, hjemme i stua. Den lille snuten som duppet mot h\u00e5nden min, og den umiddelbare f\u00f8lelsen av ansvar og <\/em><\/strong><strong><em>empati<\/em><\/strong><strong><em> som vokste i meg. Siden den gang har forskning klart vist at det \u00e5 vokse opp med kj\u00e6ledyr kan gi barn konkrete fordeler \u2013 ikke bare i glatt pelskos, men ogs\u00e5 i utviklingen av deres <\/em><\/strong><strong><em>sosiale ferdigheter<\/em><\/strong><strong><em>, <\/em><\/strong><strong><em>fysisk aktivitet<\/em><\/strong><strong><em> og <\/em><\/strong><strong><em>kognitive evner<\/em><\/strong><strong><em>.<\/em><\/strong><\/p>\n\n\n\n<!--more-->\n\n\n\n<h2 class=\"wp-block-heading\">En hund, eller ingenting?<\/h2>\n\n\n\n<p>Mange studier peker p\u00e5 at det er spesielt hundeeierskap som gir merkbare gevinster. En stor australsk unders\u00f8kelse av over 1 600 familier fant at f\u00f8rskolebarn som leker aktivt med hunden minst tre ganger i uka, har f\u00e6rre atferdsproblemer og h\u00f8yere score p\u00e5 prososial atferd, sammenliknet med barn uten hund. Denne sammenhengen holdt seg selv n\u00e5r forskerne kontrollerte for faktorer som <strong>sosio\u00f8konomisk status<\/strong> <a href=\"https:\/\/pubmed.ncbi.nlm.nih.gov\/32624570\/?utm_source=chatgpt.com\" target=\"_blank\" rel=\"noreferrer noopener\">pubmed.ncbi.nlm.nih.gov<\/a>.<\/p>\n\n\n\n<p>En annen studie av barn i alderen 2\u20135 \u00e5r viste at barn fra hundehold er mer aktive, bruker mindre tid foran skjerm og sover lenger \u2013 alt takket v\u00e6re daglige turer og leke\u00f8kter med <strong><a href=\"https:\/\/nordnesrepublikken.no\/index.php\/2025\/06\/30\/veterinaerer-oppfordrer-eiere-varme-turer-kan-drepe-hunden-din\/\">hunden <\/a><\/strong><a href=\"https:\/\/www.sciencedirect.com\/science\/article\/pii\/S2211335522000602?utm_source=chatgpt.com\" target=\"_blank\" rel=\"noreferrer noopener\">sciencedirect.com<\/a>. Fysisk aktivitet med en firbent venn kan alts\u00e5 v\u00e6re n\u00f8kkelen til sunnere rutiner og bedre <strong>s\u00f8vn<\/strong> i tidlig barndom.<\/p>\n\n\n\n<p>I en oppf\u00f8lgende analyse, publisert i 2021, slo Hayley Christian og kolleger fast at tidlig interaksjon med familiedogger ikke bare gir trent kropp, men ogs\u00e5 bidrar til bedre <strong>sosio-emosjonell utvikling<\/strong> hos barn. \u00abBarn som regelmessig g\u00e5r tur eller leker med hunden i de f\u00f8rste leve\u00e5rene, oppn\u00e5r bedre ferdigheter i samhandling med andre,\u00bb konkluderte forskerne <a href=\"https:\/\/pubmed.ncbi.nlm.nih.gov\/32624570\/?utm_source=chatgpt.com\" target=\"_blank\" rel=\"noreferrer noopener\">pubmed.ncbi.nlm.nih.gov<\/a>.<\/p>\n\n\n\n<h2 class=\"wp-block-heading\">Ikke alle barn trenger en hund<\/h2>\n\n\n\n<p>Selv om fordelene er mange, betyr det ikke at alle familier b\u00f8r anskaffe en hund. Megan Mueller ved Tufts University unders\u00f8kte ten\u00e5ringers <strong>ensomhet<\/strong> under COVID-19-pandemien \u2013 med og uten kj\u00e6ledyr \u2013 og fant at kj\u00e6ledyr ikke fungerte som en buffer mot \u00f8kt ensomhet. Resultatene viste ingen beskyttende effekt av kj\u00e6ledyr p\u00e5 ungdommers mentale helse under pandemiens strenge tiltak <a href=\"https:\/\/www.researchgate.net\/publication\/350278900_Companion_Animal_Relationships_and_Adolescent_Loneliness_during_COVID-19?utm_source=chatgpt.com\" target=\"_blank\" rel=\"noreferrer noopener\">researchgate.net<\/a>.<\/p>\n\n\n\n<p>Det som virkelig avgj\u00f8r effekten, er kvaliteten p\u00e5 forholdet mellom barnet og dyret. En studie blant to barnegrupper (6\u201310 og 11\u201314 \u00e5r) viste at de yngste utviklet sterkere <strong>tilknytning<\/strong> til kj\u00e6ledyr som hunder og <strong><a href=\"https:\/\/nordnesrepublikken.no\/index.php\/2025\/06\/15\/kattennkabinet-museet-dedikert-helt-til-katter\/\">katter <\/a><\/strong>\u2013 arter med atferd som ligner menneskelig samhandling \u2013 mens eldre barn viste like sterk tilknytning uavhengig av art, enten det var fisk, fugler eller gnagere <a href=\"https:\/\/research.childrenandnature.org\/research\/young-children-develop-strong-relationships-with-pets-behaviorally-similar-to-humans-older-childrens-pet-attachments-include-other-pet-species\/?utm_source=chatgpt.com\" target=\"_blank\" rel=\"noreferrer noopener\">research.childrenandnature.org<\/a>.<\/p>\n\n\n\n<p>Kj\u00e6ledyr kan ogs\u00e5 styrke familieb\u00e5ndene. I forskning p\u00e5 familier i fosterhjem rapporterte foreldre at hunder og katter ofte fungerte som et felles samlingspunkt, som bidro til et mer stabilt og <strong>omsorgsfullt milj\u00f8<\/strong> for barna <a href=\"https:\/\/www.frontiersin.org\/journals\/psychology\/articles\/10.3389\/fpsyg.2023.1120000\/full?utm_source=chatgpt.com\" target=\"_blank\" rel=\"noreferrer noopener\">frontiersin.org<\/a>.<\/p>\n\n\n\n<p>Barn som vokser opp med kj\u00e6ledyr, viser dessuten gjerne \u00f8kt respekt og ansvarlighet overfor dyr generelt. Systematiske gjennomganger har funnet sammenhenger mellom tidlig kj\u00e6ledyreierskap og bedre <strong>kunnskap<\/strong> om dyreatferd, h\u00f8yere empati og generell <strong>dyrevennlighet<\/strong> i m\u00f8te med ulike arter <a href=\"https:\/\/pmc.ncbi.nlm.nih.gov\/articles\/PMC5369070\/?utm_source=chatgpt.com\" target=\"_blank\" rel=\"noreferrer noopener\">pmc.ncbi.nlm.nih.gov<\/a>.<\/p>\n","protected":false},"excerpt":{"rendered":"<p>Jeg husker fortsatt spenningen da familien min hentet v\u00e5r f\u00f8rste valp, Bella, hjemme i stua.<\/p>\n","protected":false},"author":3,"featured_media":6455,"comment_status":"closed","ping_status":"open","sticky":false,"template":"","format":"standard","meta":{"footnotes":""},"categories":[1287],"tags":[],"class_list":["post-6454","post","type-post","status-publish","format-standard","has-post-thumbnail","hentry","category-nyheter","generate-columns","tablet-grid-50","mobile-grid-100","grid-parent","grid-33","resize-featured-image"],"yoast_head":"<!-- This site is optimized with the Yoast SEO plugin v24.4 - https:\/\/yoast.com\/wordpress\/plugins\/seo\/ -->\n<title>Slik p\u00e5virker kj\u00e6ledyr barns fysiske og kognitive utvikling - Nordnesrepublikken<\/title>\n<meta name=\"robots\" content=\"index, follow, max-snippet:-1, max-image-preview:large, max-video-preview:-1\" \/>\n<link rel=\"canonical\" href=\"https:\/\/nordnesrepublikken.no\/index.php\/2025\/07\/02\/slik-pavirker-kjaeledyr-barns-fysiske-og-kognitive-utvikling\/\" \/>\n<meta property=\"og:locale\" content=\"nb_NO\" \/>\n<meta property=\"og:type\" content=\"article\" \/>\n<meta property=\"og:title\" content=\"Slik p\u00e5virker kj\u00e6ledyr barns fysiske og kognitive utvikling - Nordnesrepublikken\" \/>\n<meta property=\"og:description\" content=\"Jeg husker fortsatt spenningen da familien min hentet v\u00e5r f\u00f8rste valp, Bella, hjemme i stua.\" \/>\n<meta property=\"og:url\" content=\"https:\/\/nordnesrepublikken.no\/index.php\/2025\/07\/02\/slik-pavirker-kjaeledyr-barns-fysiske-og-kognitive-utvikling\/\" \/>\n<meta property=\"og:site_name\" content=\"Nordnesrepublikken\" \/>\n<meta property=\"article:published_time\" content=\"2025-07-02T06:00:00+00:00\" \/>\n<meta property=\"og:image\" content=\"https:\/\/nordnesrepublikken.no\/wp-content\/uploads\/2025\/07\/77.jpg\" \/>\n\t<meta property=\"og:image:width\" content=\"1200\" \/>\n\t<meta property=\"og:image:height\" content=\"800\" \/>\n\t<meta property=\"og:image:type\" content=\"image\/jpeg\" \/>\n<meta name=\"author\" content=\"Veronika Andersen\" \/>\n<meta name=\"twitter:card\" content=\"summary_large_image\" \/>\n<meta name=\"twitter:label1\" content=\"Skrevet av\" \/>\n\t<meta name=\"twitter:data1\" content=\"Veronika Andersen\" \/>\n\t<meta name=\"twitter:label2\" content=\"Ansl. lesetid\" \/>\n\t<meta name=\"twitter:data2\" content=\"3 minutter\" \/>\n<script type=\"application\/ld+json\" class=\"yoast-schema-graph\">{\"@context\":\"https:\/\/schema.org\",\"@graph\":[{\"@type\":\"Article\",\"@id\":\"https:\/\/nordnesrepublikken.no\/index.php\/2025\/07\/02\/slik-pavirker-kjaeledyr-barns-fysiske-og-kognitive-utvikling\/#article\",\"isPartOf\":{\"@id\":\"https:\/\/nordnesrepublikken.no\/index.php\/2025\/07\/02\/slik-pavirker-kjaeledyr-barns-fysiske-og-kognitive-utvikling\/\"},\"author\":{\"name\":\"Veronika Andersen\",\"@id\":\"https:\/\/nordnesrepublikken.no\/#\/schema\/person\/abc03aa5515ba36093b3017e37d518c8\"},\"headline\":\"Slik p\u00e5virker kj\u00e6ledyr barns fysiske og kognitive utvikling\",\"datePublished\":\"2025-07-02T06:00:00+00:00\",\"mainEntityOfPage\":{\"@id\":\"https:\/\/nordnesrepublikken.no\/index.php\/2025\/07\/02\/slik-pavirker-kjaeledyr-barns-fysiske-og-kognitive-utvikling\/\"},\"wordCount\":502,\"publisher\":{\"@id\":\"https:\/\/nordnesrepublikken.no\/#organization\"},\"image\":{\"@id\":\"https:\/\/nordnesrepublikken.no\/index.php\/2025\/07\/02\/slik-pavirker-kjaeledyr-barns-fysiske-og-kognitive-utvikling\/#primaryimage\"},\"thumbnailUrl\":\"https:\/\/nordnesrepublikken.no\/wp-content\/uploads\/2025\/07\/77.jpg\",\"articleSection\":[\"Nyheter\"],\"inLanguage\":\"nb-NO\"},{\"@type\":\"WebPage\",\"@id\":\"https:\/\/nordnesrepublikken.no\/index.php\/2025\/07\/02\/slik-pavirker-kjaeledyr-barns-fysiske-og-kognitive-utvikling\/\",\"url\":\"https:\/\/nordnesrepublikken.no\/index.php\/2025\/07\/02\/slik-pavirker-kjaeledyr-barns-fysiske-og-kognitive-utvikling\/\",\"name\":\"Slik p\u00e5virker kj\u00e6ledyr barns fysiske og kognitive utvikling - Nordnesrepublikken\",\"isPartOf\":{\"@id\":\"https:\/\/nordnesrepublikken.no\/#website\"},\"primaryImageOfPage\":{\"@id\":\"https:\/\/nordnesrepublikken.no\/index.php\/2025\/07\/02\/slik-pavirker-kjaeledyr-barns-fysiske-og-kognitive-utvikling\/#primaryimage\"},\"image\":{\"@id\":\"https:\/\/nordnesrepublikken.no\/index.php\/2025\/07\/02\/slik-pavirker-kjaeledyr-barns-fysiske-og-kognitive-utvikling\/#primaryimage\"},\"thumbnailUrl\":\"https:\/\/nordnesrepublikken.no\/wp-content\/uploads\/2025\/07\/77.jpg\",\"datePublished\":\"2025-07-02T06:00:00+00:00\",\"breadcrumb\":{\"@id\":\"https:\/\/nordnesrepublikken.no\/index.php\/2025\/07\/02\/slik-pavirker-kjaeledyr-barns-fysiske-og-kognitive-utvikling\/#breadcrumb\"},\"inLanguage\":\"nb-NO\",\"potentialAction\":[{\"@type\":\"ReadAction\",\"target\":[\"https:\/\/nordnesrepublikken.no\/index.php\/2025\/07\/02\/slik-pavirker-kjaeledyr-barns-fysiske-og-kognitive-utvikling\/\"]}]},{\"@type\":\"ImageObject\",\"inLanguage\":\"nb-NO\",\"@id\":\"https:\/\/nordnesrepublikken.no\/index.php\/2025\/07\/02\/slik-pavirker-kjaeledyr-barns-fysiske-og-kognitive-utvikling\/#primaryimage\",\"url\":\"https:\/\/nordnesrepublikken.no\/wp-content\/uploads\/2025\/07\/77.jpg\",\"contentUrl\":\"https:\/\/nordnesrepublikken.no\/wp-content\/uploads\/2025\/07\/77.jpg\",\"width\":1200,\"height\":800,\"caption\":\"Slik p\u00e5virker kj\u00e6ledyr barns fysiske og kognitive utvikling\"},{\"@type\":\"BreadcrumbList\",\"@id\":\"https:\/\/nordnesrepublikken.no\/index.php\/2025\/07\/02\/slik-pavirker-kjaeledyr-barns-fysiske-og-kognitive-utvikling\/#breadcrumb\",\"itemListElement\":[{\"@type\":\"ListItem\",\"position\":1,\"name\":\"Home\",\"item\":\"https:\/\/nordnesrepublikken.no\/\"},{\"@type\":\"ListItem\",\"position\":2,\"name\":\"Slik p\u00e5virker kj\u00e6ledyr barns fysiske og kognitive utvikling\"}]},{\"@type\":\"WebSite\",\"@id\":\"https:\/\/nordnesrepublikken.no\/#website\",\"url\":\"https:\/\/nordnesrepublikken.no\/\",\"name\":\"Nordnesrepublikken\",\"description\":\"Stemmer og Visjoner fra Republikkens Hjerte\",\"publisher\":{\"@id\":\"https:\/\/nordnesrepublikken.no\/#organization\"},\"potentialAction\":[{\"@type\":\"SearchAction\",\"target\":{\"@type\":\"EntryPoint\",\"urlTemplate\":\"https:\/\/nordnesrepublikken.no\/?s={search_term_string}\"},\"query-input\":{\"@type\":\"PropertyValueSpecification\",\"valueRequired\":true,\"valueName\":\"search_term_string\"}}],\"inLanguage\":\"nb-NO\"},{\"@type\":\"Organization\",\"@id\":\"https:\/\/nordnesrepublikken.no\/#organization\",\"name\":\"Nordnesrepublikken\",\"url\":\"https:\/\/nordnesrepublikken.no\/\",\"logo\":{\"@type\":\"ImageObject\",\"inLanguage\":\"nb-NO\",\"@id\":\"https:\/\/nordnesrepublikken.no\/#\/schema\/logo\/image\/\",\"url\":\"https:\/\/nordnesrepublikken.no\/wp-content\/uploads\/2025\/02\/cropped-nordnesrepublikken-2.png\",\"contentUrl\":\"https:\/\/nordnesrepublikken.no\/wp-content\/uploads\/2025\/02\/cropped-nordnesrepublikken-2.png\",\"width\":1248,\"height\":362,\"caption\":\"Nordnesrepublikken\"},\"image\":{\"@id\":\"https:\/\/nordnesrepublikken.no\/#\/schema\/logo\/image\/\"}},{\"@type\":\"Person\",\"@id\":\"https:\/\/nordnesrepublikken.no\/#\/schema\/person\/abc03aa5515ba36093b3017e37d518c8\",\"name\":\"Veronika Andersen\",\"image\":{\"@type\":\"ImageObject\",\"inLanguage\":\"nb-NO\",\"@id\":\"https:\/\/nordnesrepublikken.no\/#\/schema\/person\/image\/\",\"url\":\"https:\/\/secure.gravatar.com\/avatar\/d1f3c7e776e49a5853ff59ce440b9546c800cd0512bce7cc678bde63dec47a39?s=96&d=mm&r=g\",\"contentUrl\":\"https:\/\/secure.gravatar.com\/avatar\/d1f3c7e776e49a5853ff59ce440b9546c800cd0512bce7cc678bde63dec47a39?s=96&d=mm&r=g\",\"caption\":\"Veronika Andersen\"},\"sameAs\":[\"https:\/\/nordnesrepublikken.no\/\"]}]}<\/script>\n<!-- \/ Yoast SEO plugin. -->","yoast_head_json":{"title":"Slik p\u00e5virker kj\u00e6ledyr barns fysiske og kognitive utvikling - Nordnesrepublikken","robots":{"index":"index","follow":"follow","max-snippet":"max-snippet:-1","max-image-preview":"max-image-preview:large","max-video-preview":"max-video-preview:-1"},"canonical":"https:\/\/nordnesrepublikken.no\/index.php\/2025\/07\/02\/slik-pavirker-kjaeledyr-barns-fysiske-og-kognitive-utvikling\/","og_locale":"nb_NO","og_type":"article","og_title":"Slik p\u00e5virker kj\u00e6ledyr barns fysiske og kognitive utvikling - Nordnesrepublikken","og_description":"Jeg husker fortsatt spenningen da familien min hentet v\u00e5r f\u00f8rste valp, Bella, hjemme i stua.","og_url":"https:\/\/nordnesrepublikken.no\/index.php\/2025\/07\/02\/slik-pavirker-kjaeledyr-barns-fysiske-og-kognitive-utvikling\/","og_site_name":"Nordnesrepublikken","article_published_time":"2025-07-02T06:00:00+00:00","og_image":[{"width":1200,"height":800,"url":"https:\/\/nordnesrepublikken.no\/wp-content\/uploads\/2025\/07\/77.jpg","type":"image\/jpeg"}],"author":"Veronika Andersen","twitter_card":"summary_large_image","twitter_misc":{"Skrevet av":"Veronika Andersen","Ansl. lesetid":"3 minutter"},"schema":{"@context":"https:\/\/schema.org","@graph":[{"@type":"Article","@id":"https:\/\/nordnesrepublikken.no\/index.php\/2025\/07\/02\/slik-pavirker-kjaeledyr-barns-fysiske-og-kognitive-utvikling\/#article","isPartOf":{"@id":"https:\/\/nordnesrepublikken.no\/index.php\/2025\/07\/02\/slik-pavirker-kjaeledyr-barns-fysiske-og-kognitive-utvikling\/"},"author":{"name":"Veronika Andersen","@id":"https:\/\/nordnesrepublikken.no\/#\/schema\/person\/abc03aa5515ba36093b3017e37d518c8"},"headline":"Slik p\u00e5virker kj\u00e6ledyr barns fysiske og kognitive utvikling","datePublished":"2025-07-02T06:00:00+00:00","mainEntityOfPage":{"@id":"https:\/\/nordnesrepublikken.no\/index.php\/2025\/07\/02\/slik-pavirker-kjaeledyr-barns-fysiske-og-kognitive-utvikling\/"},"wordCount":502,"publisher":{"@id":"https:\/\/nordnesrepublikken.no\/#organization"},"image":{"@id":"https:\/\/nordnesrepublikken.no\/index.php\/2025\/07\/02\/slik-pavirker-kjaeledyr-barns-fysiske-og-kognitive-utvikling\/#primaryimage"},"thumbnailUrl":"https:\/\/nordnesrepublikken.no\/wp-content\/uploads\/2025\/07\/77.jpg","articleSection":["Nyheter"],"inLanguage":"nb-NO"},{"@type":"WebPage","@id":"https:\/\/nordnesrepublikken.no\/index.php\/2025\/07\/02\/slik-pavirker-kjaeledyr-barns-fysiske-og-kognitive-utvikling\/","url":"https:\/\/nordnesrepublikken.no\/index.php\/2025\/07\/02\/slik-pavirker-kjaeledyr-barns-fysiske-og-kognitive-utvikling\/","name":"Slik p\u00e5virker kj\u00e6ledyr barns fysiske og kognitive utvikling - Nordnesrepublikken","isPartOf":{"@id":"https:\/\/nordnesrepublikken.no\/#website"},"primaryImageOfPage":{"@id":"https:\/\/nordnesrepublikken.no\/index.php\/2025\/07\/02\/slik-pavirker-kjaeledyr-barns-fysiske-og-kognitive-utvikling\/#primaryimage"},"image":{"@id":"https:\/\/nordnesrepublikken.no\/index.php\/2025\/07\/02\/slik-pavirker-kjaeledyr-barns-fysiske-og-kognitive-utvikling\/#primaryimage"},"thumbnailUrl":"https:\/\/nordnesrepublikken.no\/wp-content\/uploads\/2025\/07\/77.jpg","datePublished":"2025-07-02T06:00:00+00:00","breadcrumb":{"@id":"https:\/\/nordnesrepublikken.no\/index.php\/2025\/07\/02\/slik-pavirker-kjaeledyr-barns-fysiske-og-kognitive-utvikling\/#breadcrumb"},"inLanguage":"nb-NO","potentialAction":[{"@type":"ReadAction","target":["https:\/\/nordnesrepublikken.no\/index.php\/2025\/07\/02\/slik-pavirker-kjaeledyr-barns-fysiske-og-kognitive-utvikling\/"]}]},{"@type":"ImageObject","inLanguage":"nb-NO","@id":"https:\/\/nordnesrepublikken.no\/index.php\/2025\/07\/02\/slik-pavirker-kjaeledyr-barns-fysiske-og-kognitive-utvikling\/#primaryimage","url":"https:\/\/nordnesrepublikken.no\/wp-content\/uploads\/2025\/07\/77.jpg","contentUrl":"https:\/\/nordnesrepublikken.no\/wp-content\/uploads\/2025\/07\/77.jpg","width":1200,"height":800,"caption":"Slik p\u00e5virker kj\u00e6ledyr barns fysiske og kognitive utvikling"},{"@type":"BreadcrumbList","@id":"https:\/\/nordnesrepublikken.no\/index.php\/2025\/07\/02\/slik-pavirker-kjaeledyr-barns-fysiske-og-kognitive-utvikling\/#breadcrumb","itemListElement":[{"@type":"ListItem","position":1,"name":"Home","item":"https:\/\/nordnesrepublikken.no\/"},{"@type":"ListItem","position":2,"name":"Slik p\u00e5virker kj\u00e6ledyr barns fysiske og kognitive utvikling"}]},{"@type":"WebSite","@id":"https:\/\/nordnesrepublikken.no\/#website","url":"https:\/\/nordnesrepublikken.no\/","name":"Nordnesrepublikken","description":"Stemmer og Visjoner fra Republikkens Hjerte","publisher":{"@id":"https:\/\/nordnesrepublikken.no\/#organization"},"potentialAction":[{"@type":"SearchAction","target":{"@type":"EntryPoint","urlTemplate":"https:\/\/nordnesrepublikken.no\/?s={search_term_string}"},"query-input":{"@type":"PropertyValueSpecification","valueRequired":true,"valueName":"search_term_string"}}],"inLanguage":"nb-NO"},{"@type":"Organization","@id":"https:\/\/nordnesrepublikken.no\/#organization","name":"Nordnesrepublikken","url":"https:\/\/nordnesrepublikken.no\/","logo":{"@type":"ImageObject","inLanguage":"nb-NO","@id":"https:\/\/nordnesrepublikken.no\/#\/schema\/logo\/image\/","url":"https:\/\/nordnesrepublikken.no\/wp-content\/uploads\/2025\/02\/cropped-nordnesrepublikken-2.png","contentUrl":"https:\/\/nordnesrepublikken.no\/wp-content\/uploads\/2025\/02\/cropped-nordnesrepublikken-2.png","width":1248,"height":362,"caption":"Nordnesrepublikken"},"image":{"@id":"https:\/\/nordnesrepublikken.no\/#\/schema\/logo\/image\/"}},{"@type":"Person","@id":"https:\/\/nordnesrepublikken.no\/#\/schema\/person\/abc03aa5515ba36093b3017e37d518c8","name":"Veronika Andersen","image":{"@type":"ImageObject","inLanguage":"nb-NO","@id":"https:\/\/nordnesrepublikken.no\/#\/schema\/person\/image\/","url":"https:\/\/secure.gravatar.com\/avatar\/d1f3c7e776e49a5853ff59ce440b9546c800cd0512bce7cc678bde63dec47a39?s=96&d=mm&r=g","contentUrl":"https:\/\/secure.gravatar.com\/avatar\/d1f3c7e776e49a5853ff59ce440b9546c800cd0512bce7cc678bde63dec47a39?s=96&d=mm&r=g","caption":"Veronika Andersen"},"sameAs":["https:\/\/nordnesrepublikken.no\/"]}]}},"_links":{"self":[{"href":"https:\/\/nordnesrepublikken.no\/index.php\/wp-json\/wp\/v2\/posts\/6454","targetHints":{"allow":["GET"]}}],"collection":[{"href":"https:\/\/nordnesrepublikken.no\/index.php\/wp-json\/wp\/v2\/posts"}],"about":[{"href":"https:\/\/nordnesrepublikken.no\/index.php\/wp-json\/wp\/v2\/types\/post"}],"author":[{"embeddable":true,"href":"https:\/\/nordnesrepublikken.no\/index.php\/wp-json\/wp\/v2\/users\/3"}],"replies":[{"embeddable":true,"href":"https:\/\/nordnesrepublikken.no\/index.php\/wp-json\/wp\/v2\/comments?post=6454"}],"version-history":[{"count":1,"href":"https:\/\/nordnesrepublikken.no\/index.php\/wp-json\/wp\/v2\/posts\/6454\/revisions"}],"predecessor-version":[{"id":6456,"href":"https:\/\/nordnesrepublikken.no\/index.php\/wp-json\/wp\/v2\/posts\/6454\/revisions\/6456"}],"wp:featuredmedia":[{"embeddable":true,"href":"https:\/\/nordnesrepublikken.no\/index.php\/wp-json\/wp\/v2\/media\/6455"}],"wp:attachment":[{"href":"https:\/\/nordnesrepublikken.no\/index.php\/wp-json\/wp\/v2\/media?parent=6454"}],"wp:term":[{"taxonomy":"category","embeddable":true,"href":"https:\/\/nordnesrepublikken.no\/index.php\/wp-json\/wp\/v2\/categories?post=6454"},{"taxonomy":"post_tag","embeddable":true,"href":"https:\/\/nordnesrepublikken.no\/index.php\/wp-json\/wp\/v2\/tags?post=6454"}],"curies":[{"name":"wp","href":"https:\/\/api.w.org\/{rel}","templated":true}]}}