{"id":6445,"date":"2025-07-01T03:49:34","date_gmt":"2025-07-01T01:49:34","guid":{"rendered":"https:\/\/nordnesrepublikken.no\/index.php\/2025\/07\/01\/bayesian-synkende-sporsmalene-forble-ubesvart-etter-utvinningen-av-vraket-og-de-mulige-forklaringene\/"},"modified":"2025-07-01T03:49:36","modified_gmt":"2025-07-01T01:49:36","slug":"bayesian-synkende-sporsmalene-forble-ubesvart-etter-utvinningen-av-vraket-og-de-mulige-forklaringene","status":"publish","type":"post","link":"https:\/\/nordnesrepublikken.no\/index.php\/2025\/07\/01\/bayesian-synkende-sporsmalene-forble-ubesvart-etter-utvinningen-av-vraket-og-de-mulige-forklaringene\/","title":{"rendered":"Bayesian synkende, sp\u00f8rsm\u00e5lene forble ubesvart etter utvinningen av vraket og de mulige forklaringene"},"content":{"rendered":"<div>\n<div class=\"cp_wrapper cp_wrapper--fw mb-30 mb-20@tablet\">\n<figure class=\"mm\"><picture class=\"img\" style=\"padding-top:56.25%\"><source  media=\"(min-width: 1024px)\"><source  media=\"(min-width: 768px)\"><\/source><\/source><\/picture><\/figure>\n<\/p><\/div>\n<p>Vraket av <strong>Bayesian yacht<\/strong>sunket tragisk etter et forlis natt til 19. august 2024 300 meter fra kysten av <strong>Havn<\/strong> p\u00e5 Sicilia for\u00e5rsaker d\u00f8d av <strong>7 personer <\/strong>inkludert <strong>Mike Lynch<\/strong> og datteren hans <strong>Hannah<\/strong>ble han gjenfunnet 21. juni sammen med sitt mester tre 22. juni (den h\u00f8yeste i verden for en monoly -b\u00e5t), og n\u00e5 er han p\u00e5 Termini Imerese byggeplasser og venter p\u00e5 at aktorens etterforskning skal hjelpe til med \u00e5 belyse de mulige \u00e5rsakene til ulykken.<\/p>\n<p>De fleste optimistene h\u00e5pet at allerede utvinning av vraket kunne gi svar p\u00e5 noe av <strong>Sp\u00f8rsm\u00e5l fremdeles ul\u00f8st<\/strong> p\u00e5 sidene av seilskipet til <strong>Perini skip<\/strong>. I virkeligheten, som ofte skjer i disse tilfellene, var det ikke s\u00e5nn. Faktisk tvil om hvordan b\u00e5ten har v\u00e6rt i stand til \u00e5 synke gjennom <strong>4 minutter <\/strong>&#8211; Mens Sir Robert Baden Powell forble 100 meter unna har holdt seg helt uskadd &#8211; gjenst\u00e5r de siden 19. august.<\/p>\n<p>Hovedbehovet er knyttet til det faktum at for \u00e5 synke en b\u00e5t av den tonnasjen fullstendig trenger de <strong>Mellom 800 og 900 kubikkmeter vann<\/strong>. Hvordan oversv\u00f8mmet dette vannet yachten p\u00e5 bare 4 minutter? Det vil bety en str\u00f8m p\u00e5 over 13 tonn vann per sekund.<\/p>\n<p>En mulig forklaring kunne ha v\u00e6rt<strong>\u00c5pning av en feil i skroget<\/strong>. Vraket ble veltet p\u00e5 h\u00f8yre side, s\u00e5 i utgangspunktet var det ingen m\u00e5te \u00e5 sjekke tilstedev\u00e6relsen av en \u00e5pning p\u00e5 den siden. Da skroget ble gjenopprettet, men <strong>Han fl\u00f8t fortsatt<\/strong>: S\u00e5 snart de kom tilbake til overflaten, t\u00f8mte teknikerne interi\u00f8ret i yachten fra vannet som hadde invadert den og en flytende test ble utf\u00f8rt, noe som var et positivt resultat.<\/p>\n<p>I henhold til en hypotese som er lagt p\u00e5 bordet allerede p\u00e5 tidspunktet for synket, <strong>en<\/strong> <strong>bakluke av seilskipet kan ha blitt \u00e5pnet<\/strong>: Det hadde sikkert v\u00e6rt en utmerket m\u00e5te \u00e5 bringe inn store mengder vann p\u00e5 relativt kort tid. Imidlertid skal denne teorien ogs\u00e5 bekreftes: utvinningsoperasjoner har fremhevet det <strong>Bayesiske bakluker var godt stengt<\/strong>. Dette faktum utelukker ikke helt hypotesen: det hydrostatiske trykket til vannet av Porticello kan ha lukket dem under selve synkingen. I mangel av videre unders\u00f8kelser er imidlertid dette sporet for \u00f8yeblikket ogs\u00e5 en blindvei.<\/p>\n<p>S\u00e5 er det sp\u00f8rsm\u00e5let om <strong>sidestige<\/strong> av seilskipet, som ble brukt til \u00e5 oppdra passasjerer om bord. Hvis det er sant at stigen var \u00e5pen, er hullet som dette kommer ut definitivt for lite til \u00e5 oversv\u00f8mme en stor del av Bayesian p\u00e5 bare noen f\u00e5 minutter.<\/p>\n<p>En mulig forklaring kan ligge i det faktum at <strong>Yachten var allerede delvis oversv\u00f8mmet<\/strong> I det \u00f8yeblikket han begynte sitt forlis, men ogs\u00e5 dette er forel\u00f8pig bare en formodning. En formodning, om ikke annet, ikke uforenlig med det som ble uttalt i den forel\u00f8pige rapporten om <strong>Marine Accident Investigation Branch<\/strong> (MAIB) Publisert i mai i fjor. I f\u00f8lge den britiske myndigheten &#8211; involvert i de f\u00f8rste unders\u00f8kelsene da yachten slo Storbritannias flagg &#8211; ville en tilb\u00f8yelighet til b\u00e5ten v\u00e6rt nok <strong>42 \u00b0<\/strong> For \u00e5 f\u00e5 vann i gang gjennom ventilasjonsr\u00f8r.<\/p>\n<p>I henhold til det som er rapportert i samme rapport, ville grensevinkelen for \u00e5 reversere yachten v\u00e6rt mye h\u00f8yere (omtrent <strong>70 \u00b0<\/strong>) og tilgjengelig med vind av vind av ca. <strong>63 knop<\/strong> (117 km\/t), d\u00f8mt &laquo;mulig&raquo; p\u00e5 tidspunktet for \u00e5 synke av det engelske v\u00e6rbyr\u00e5et Methoffice og indirekte bekreftet av sjefen for den n\u00e6rliggende Sir Robert Baden Powell, som rapporterte \u00e5 ha sett Anemometer Mark 65 knop. Kort sagt, v\u00e6rforholdene natt til 19. august 2024 ser ut til \u00e5 ha v\u00e6rt tilstrekkelig ugunstig til \u00e5 for\u00e5rsake en inngang til vann i b\u00e5ten.<\/p>\n<p>Den store variabelen som skal avklares, vil imidlertid v\u00e6re hvis og hva var <strong>Eventuelle menneskelige feil<\/strong> som, hvis den unng\u00e5s, vil tillate \u00e5 unng\u00e5 katastrofe.<\/p>\n<\/p><\/div>\n","protected":false},"excerpt":{"rendered":"<p>Vraket av Bayesian yachtsunket tragisk etter et forlis natt til 19. august 2024 300 meter<\/p>\n","protected":false},"author":1,"featured_media":6446,"comment_status":"closed","ping_status":"open","sticky":false,"template":"","format":"standard","meta":{"footnotes":""},"categories":[104],"tags":[2356,92,4123,4127,253,4122,4121,4124,4125,4126],"class_list":["post-6445","post","type-post","status-publish","format-standard","has-post-thumbnail","hentry","category-samfunn","tag-bayesian","tag-etter","tag-forble","tag-forklaringene","tag-mulige","tag-sporsmalene","tag-synkende","tag-ubesvart","tag-utvinningen","tag-vraket","generate-columns","tablet-grid-50","mobile-grid-100","grid-parent","grid-33","resize-featured-image"],"yoast_head":"<!-- This site is optimized with the Yoast SEO plugin v24.4 - https:\/\/yoast.com\/wordpress\/plugins\/seo\/ -->\n<title>Bayesian synkende, sp\u00f8rsm\u00e5lene forble ubesvart etter utvinningen av vraket og de mulige forklaringene - Nordnesrepublikken<\/title>\n<meta name=\"robots\" content=\"index, follow, max-snippet:-1, max-image-preview:large, max-video-preview:-1\" \/>\n<link rel=\"canonical\" href=\"https:\/\/nordnesrepublikken.no\/index.php\/2025\/07\/01\/bayesian-synkende-sporsmalene-forble-ubesvart-etter-utvinningen-av-vraket-og-de-mulige-forklaringene\/\" \/>\n<meta property=\"og:locale\" content=\"nb_NO\" \/>\n<meta property=\"og:type\" content=\"article\" \/>\n<meta property=\"og:title\" content=\"Bayesian synkende, sp\u00f8rsm\u00e5lene forble ubesvart etter utvinningen av vraket og de mulige forklaringene - Nordnesrepublikken\" \/>\n<meta property=\"og:description\" content=\"Vraket av Bayesian yachtsunket tragisk etter et forlis natt til 19. august 2024 300 meter\" \/>\n<meta property=\"og:url\" content=\"https:\/\/nordnesrepublikken.no\/index.php\/2025\/07\/01\/bayesian-synkende-sporsmalene-forble-ubesvart-etter-utvinningen-av-vraket-og-de-mulige-forklaringene\/\" \/>\n<meta property=\"og:site_name\" content=\"Nordnesrepublikken\" \/>\n<meta property=\"article:published_time\" content=\"2025-07-01T01:49:34+00:00\" \/>\n<meta property=\"article:modified_time\" content=\"2025-07-01T01:49:36+00:00\" \/>\n<meta property=\"og:image\" content=\"https:\/\/nordnesrepublikken.no\/wp-content\/uploads\/2025\/07\/1751334574_Bayesian-synkende-sporsmalene-forble-ubesvart-etter-utvinningen-av-vraket-og.jpeg\" \/>\n\t<meta property=\"og:image:width\" content=\"1320\" \/>\n\t<meta property=\"og:image:height\" content=\"744\" \/>\n\t<meta property=\"og:image:type\" content=\"image\/jpeg\" \/>\n<meta name=\"author\" content=\"Ole Andersen\" \/>\n<meta name=\"twitter:card\" content=\"summary_large_image\" \/>\n<meta name=\"twitter:label1\" content=\"Skrevet av\" \/>\n\t<meta name=\"twitter:data1\" content=\"Ole Andersen\" \/>\n\t<meta name=\"twitter:label2\" content=\"Ansl. lesetid\" \/>\n\t<meta name=\"twitter:data2\" content=\"3 minutter\" \/>\n<script type=\"application\/ld+json\" class=\"yoast-schema-graph\">{\"@context\":\"https:\/\/schema.org\",\"@graph\":[{\"@type\":\"Article\",\"@id\":\"https:\/\/nordnesrepublikken.no\/index.php\/2025\/07\/01\/bayesian-synkende-sporsmalene-forble-ubesvart-etter-utvinningen-av-vraket-og-de-mulige-forklaringene\/#article\",\"isPartOf\":{\"@id\":\"https:\/\/nordnesrepublikken.no\/index.php\/2025\/07\/01\/bayesian-synkende-sporsmalene-forble-ubesvart-etter-utvinningen-av-vraket-og-de-mulige-forklaringene\/\"},\"author\":{\"name\":\"Ole Andersen\",\"@id\":\"https:\/\/nordnesrepublikken.no\/#\/schema\/person\/2e7e81935bab77882fffb79296240ff1\"},\"headline\":\"Bayesian synkende, sp\u00f8rsm\u00e5lene forble ubesvart etter utvinningen av vraket og de mulige forklaringene\",\"datePublished\":\"2025-07-01T01:49:34+00:00\",\"dateModified\":\"2025-07-01T01:49:36+00:00\",\"mainEntityOfPage\":{\"@id\":\"https:\/\/nordnesrepublikken.no\/index.php\/2025\/07\/01\/bayesian-synkende-sporsmalene-forble-ubesvart-etter-utvinningen-av-vraket-og-de-mulige-forklaringene\/\"},\"wordCount\":641,\"publisher\":{\"@id\":\"https:\/\/nordnesrepublikken.no\/#organization\"},\"image\":{\"@id\":\"https:\/\/nordnesrepublikken.no\/index.php\/2025\/07\/01\/bayesian-synkende-sporsmalene-forble-ubesvart-etter-utvinningen-av-vraket-og-de-mulige-forklaringene\/#primaryimage\"},\"thumbnailUrl\":\"https:\/\/nordnesrepublikken.no\/wp-content\/uploads\/2025\/07\/1751334574_Bayesian-synkende-sporsmalene-forble-ubesvart-etter-utvinningen-av-vraket-og.jpeg\",\"keywords\":[\"Bayesian\",\"Etter\",\"forble\",\"forklaringene\",\"mulige\",\"sp\u00f8rsm\u00e5lene\",\"synkende\",\"ubesvart\",\"utvinningen\",\"vraket\"],\"articleSection\":[\"Samfunn\"],\"inLanguage\":\"nb-NO\"},{\"@type\":\"WebPage\",\"@id\":\"https:\/\/nordnesrepublikken.no\/index.php\/2025\/07\/01\/bayesian-synkende-sporsmalene-forble-ubesvart-etter-utvinningen-av-vraket-og-de-mulige-forklaringene\/\",\"url\":\"https:\/\/nordnesrepublikken.no\/index.php\/2025\/07\/01\/bayesian-synkende-sporsmalene-forble-ubesvart-etter-utvinningen-av-vraket-og-de-mulige-forklaringene\/\",\"name\":\"Bayesian synkende, sp\u00f8rsm\u00e5lene forble ubesvart etter utvinningen av vraket og de mulige forklaringene - Nordnesrepublikken\",\"isPartOf\":{\"@id\":\"https:\/\/nordnesrepublikken.no\/#website\"},\"primaryImageOfPage\":{\"@id\":\"https:\/\/nordnesrepublikken.no\/index.php\/2025\/07\/01\/bayesian-synkende-sporsmalene-forble-ubesvart-etter-utvinningen-av-vraket-og-de-mulige-forklaringene\/#primaryimage\"},\"image\":{\"@id\":\"https:\/\/nordnesrepublikken.no\/index.php\/2025\/07\/01\/bayesian-synkende-sporsmalene-forble-ubesvart-etter-utvinningen-av-vraket-og-de-mulige-forklaringene\/#primaryimage\"},\"thumbnailUrl\":\"https:\/\/nordnesrepublikken.no\/wp-content\/uploads\/2025\/07\/1751334574_Bayesian-synkende-sporsmalene-forble-ubesvart-etter-utvinningen-av-vraket-og.jpeg\",\"datePublished\":\"2025-07-01T01:49:34+00:00\",\"dateModified\":\"2025-07-01T01:49:36+00:00\",\"breadcrumb\":{\"@id\":\"https:\/\/nordnesrepublikken.no\/index.php\/2025\/07\/01\/bayesian-synkende-sporsmalene-forble-ubesvart-etter-utvinningen-av-vraket-og-de-mulige-forklaringene\/#breadcrumb\"},\"inLanguage\":\"nb-NO\",\"potentialAction\":[{\"@type\":\"ReadAction\",\"target\":[\"https:\/\/nordnesrepublikken.no\/index.php\/2025\/07\/01\/bayesian-synkende-sporsmalene-forble-ubesvart-etter-utvinningen-av-vraket-og-de-mulige-forklaringene\/\"]}]},{\"@type\":\"ImageObject\",\"inLanguage\":\"nb-NO\",\"@id\":\"https:\/\/nordnesrepublikken.no\/index.php\/2025\/07\/01\/bayesian-synkende-sporsmalene-forble-ubesvart-etter-utvinningen-av-vraket-og-de-mulige-forklaringene\/#primaryimage\",\"url\":\"https:\/\/nordnesrepublikken.no\/wp-content\/uploads\/2025\/07\/1751334574_Bayesian-synkende-sporsmalene-forble-ubesvart-etter-utvinningen-av-vraket-og.jpeg\",\"contentUrl\":\"https:\/\/nordnesrepublikken.no\/wp-content\/uploads\/2025\/07\/1751334574_Bayesian-synkende-sporsmalene-forble-ubesvart-etter-utvinningen-av-vraket-og.jpeg\",\"width\":1320,\"height\":744,\"caption\":\"relitto bayesian\"},{\"@type\":\"BreadcrumbList\",\"@id\":\"https:\/\/nordnesrepublikken.no\/index.php\/2025\/07\/01\/bayesian-synkende-sporsmalene-forble-ubesvart-etter-utvinningen-av-vraket-og-de-mulige-forklaringene\/#breadcrumb\",\"itemListElement\":[{\"@type\":\"ListItem\",\"position\":1,\"name\":\"Home\",\"item\":\"https:\/\/nordnesrepublikken.no\/\"},{\"@type\":\"ListItem\",\"position\":2,\"name\":\"Bayesian synkende, sp\u00f8rsm\u00e5lene forble ubesvart etter utvinningen av vraket og de mulige forklaringene\"}]},{\"@type\":\"WebSite\",\"@id\":\"https:\/\/nordnesrepublikken.no\/#website\",\"url\":\"https:\/\/nordnesrepublikken.no\/\",\"name\":\"Nordnesrepublikken\",\"description\":\"Stemmer og Visjoner fra Republikkens Hjerte\",\"publisher\":{\"@id\":\"https:\/\/nordnesrepublikken.no\/#organization\"},\"potentialAction\":[{\"@type\":\"SearchAction\",\"target\":{\"@type\":\"EntryPoint\",\"urlTemplate\":\"https:\/\/nordnesrepublikken.no\/?s={search_term_string}\"},\"query-input\":{\"@type\":\"PropertyValueSpecification\",\"valueRequired\":true,\"valueName\":\"search_term_string\"}}],\"inLanguage\":\"nb-NO\"},{\"@type\":\"Organization\",\"@id\":\"https:\/\/nordnesrepublikken.no\/#organization\",\"name\":\"Nordnesrepublikken\",\"url\":\"https:\/\/nordnesrepublikken.no\/\",\"logo\":{\"@type\":\"ImageObject\",\"inLanguage\":\"nb-NO\",\"@id\":\"https:\/\/nordnesrepublikken.no\/#\/schema\/logo\/image\/\",\"url\":\"https:\/\/nordnesrepublikken.no\/wp-content\/uploads\/2025\/02\/cropped-nordnesrepublikken-2.png\",\"contentUrl\":\"https:\/\/nordnesrepublikken.no\/wp-content\/uploads\/2025\/02\/cropped-nordnesrepublikken-2.png\",\"width\":1248,\"height\":362,\"caption\":\"Nordnesrepublikken\"},\"image\":{\"@id\":\"https:\/\/nordnesrepublikken.no\/#\/schema\/logo\/image\/\"}},{\"@type\":\"Person\",\"@id\":\"https:\/\/nordnesrepublikken.no\/#\/schema\/person\/2e7e81935bab77882fffb79296240ff1\",\"name\":\"Ole Andersen\",\"image\":{\"@type\":\"ImageObject\",\"inLanguage\":\"nb-NO\",\"@id\":\"https:\/\/nordnesrepublikken.no\/#\/schema\/person\/image\/\",\"url\":\"https:\/\/nordnesrepublikken.no\/wp-content\/uploads\/2025\/02\/nordnesrepublikken-2-2-150x150.jpg\",\"contentUrl\":\"https:\/\/nordnesrepublikken.no\/wp-content\/uploads\/2025\/02\/nordnesrepublikken-2-2-150x150.jpg\",\"caption\":\"Ole Andersen\"},\"description\":\"Ettersom jeg vokste opp i Oslo, har jeg alltid v\u00e6rt fascinert av ordenes kraft og deres evne til \u00e5 skape endringer. Etter \u00e5 ha fullf\u00f8rt min utdannelse i kommunikasjon ved Universitetet i Bergen, fikk jeg muligheten til \u00e5 jobbe innen ulike medier, der jeg har s\u00f8kt \u00e5 belyse viktige samfunnssp\u00f8rsm\u00e5l. I dag, som redakt\u00f8r for Nordnesrepublikken, pr\u00f8ver jeg \u00e5 forene min kj\u00e6rlighet for journalistikk med min lidenskap for innovasjon og eventyr.\",\"sameAs\":[\"https:\/\/nordnesrepublikken.no\/\"]}]}<\/script>\n<!-- \/ Yoast SEO plugin. -->","yoast_head_json":{"title":"Bayesian synkende, sp\u00f8rsm\u00e5lene forble ubesvart etter utvinningen av vraket og de mulige forklaringene - Nordnesrepublikken","robots":{"index":"index","follow":"follow","max-snippet":"max-snippet:-1","max-image-preview":"max-image-preview:large","max-video-preview":"max-video-preview:-1"},"canonical":"https:\/\/nordnesrepublikken.no\/index.php\/2025\/07\/01\/bayesian-synkende-sporsmalene-forble-ubesvart-etter-utvinningen-av-vraket-og-de-mulige-forklaringene\/","og_locale":"nb_NO","og_type":"article","og_title":"Bayesian synkende, sp\u00f8rsm\u00e5lene forble ubesvart etter utvinningen av vraket og de mulige forklaringene - Nordnesrepublikken","og_description":"Vraket av Bayesian yachtsunket tragisk etter et forlis natt til 19. august 2024 300 meter","og_url":"https:\/\/nordnesrepublikken.no\/index.php\/2025\/07\/01\/bayesian-synkende-sporsmalene-forble-ubesvart-etter-utvinningen-av-vraket-og-de-mulige-forklaringene\/","og_site_name":"Nordnesrepublikken","article_published_time":"2025-07-01T01:49:34+00:00","article_modified_time":"2025-07-01T01:49:36+00:00","og_image":[{"width":1320,"height":744,"url":"https:\/\/nordnesrepublikken.no\/wp-content\/uploads\/2025\/07\/1751334574_Bayesian-synkende-sporsmalene-forble-ubesvart-etter-utvinningen-av-vraket-og.jpeg","type":"image\/jpeg"}],"author":"Ole Andersen","twitter_card":"summary_large_image","twitter_misc":{"Skrevet av":"Ole Andersen","Ansl. lesetid":"3 minutter"},"schema":{"@context":"https:\/\/schema.org","@graph":[{"@type":"Article","@id":"https:\/\/nordnesrepublikken.no\/index.php\/2025\/07\/01\/bayesian-synkende-sporsmalene-forble-ubesvart-etter-utvinningen-av-vraket-og-de-mulige-forklaringene\/#article","isPartOf":{"@id":"https:\/\/nordnesrepublikken.no\/index.php\/2025\/07\/01\/bayesian-synkende-sporsmalene-forble-ubesvart-etter-utvinningen-av-vraket-og-de-mulige-forklaringene\/"},"author":{"name":"Ole Andersen","@id":"https:\/\/nordnesrepublikken.no\/#\/schema\/person\/2e7e81935bab77882fffb79296240ff1"},"headline":"Bayesian synkende, sp\u00f8rsm\u00e5lene forble ubesvart etter utvinningen av vraket og de mulige forklaringene","datePublished":"2025-07-01T01:49:34+00:00","dateModified":"2025-07-01T01:49:36+00:00","mainEntityOfPage":{"@id":"https:\/\/nordnesrepublikken.no\/index.php\/2025\/07\/01\/bayesian-synkende-sporsmalene-forble-ubesvart-etter-utvinningen-av-vraket-og-de-mulige-forklaringene\/"},"wordCount":641,"publisher":{"@id":"https:\/\/nordnesrepublikken.no\/#organization"},"image":{"@id":"https:\/\/nordnesrepublikken.no\/index.php\/2025\/07\/01\/bayesian-synkende-sporsmalene-forble-ubesvart-etter-utvinningen-av-vraket-og-de-mulige-forklaringene\/#primaryimage"},"thumbnailUrl":"https:\/\/nordnesrepublikken.no\/wp-content\/uploads\/2025\/07\/1751334574_Bayesian-synkende-sporsmalene-forble-ubesvart-etter-utvinningen-av-vraket-og.jpeg","keywords":["Bayesian","Etter","forble","forklaringene","mulige","sp\u00f8rsm\u00e5lene","synkende","ubesvart","utvinningen","vraket"],"articleSection":["Samfunn"],"inLanguage":"nb-NO"},{"@type":"WebPage","@id":"https:\/\/nordnesrepublikken.no\/index.php\/2025\/07\/01\/bayesian-synkende-sporsmalene-forble-ubesvart-etter-utvinningen-av-vraket-og-de-mulige-forklaringene\/","url":"https:\/\/nordnesrepublikken.no\/index.php\/2025\/07\/01\/bayesian-synkende-sporsmalene-forble-ubesvart-etter-utvinningen-av-vraket-og-de-mulige-forklaringene\/","name":"Bayesian synkende, sp\u00f8rsm\u00e5lene forble ubesvart etter utvinningen av vraket og de mulige forklaringene - Nordnesrepublikken","isPartOf":{"@id":"https:\/\/nordnesrepublikken.no\/#website"},"primaryImageOfPage":{"@id":"https:\/\/nordnesrepublikken.no\/index.php\/2025\/07\/01\/bayesian-synkende-sporsmalene-forble-ubesvart-etter-utvinningen-av-vraket-og-de-mulige-forklaringene\/#primaryimage"},"image":{"@id":"https:\/\/nordnesrepublikken.no\/index.php\/2025\/07\/01\/bayesian-synkende-sporsmalene-forble-ubesvart-etter-utvinningen-av-vraket-og-de-mulige-forklaringene\/#primaryimage"},"thumbnailUrl":"https:\/\/nordnesrepublikken.no\/wp-content\/uploads\/2025\/07\/1751334574_Bayesian-synkende-sporsmalene-forble-ubesvart-etter-utvinningen-av-vraket-og.jpeg","datePublished":"2025-07-01T01:49:34+00:00","dateModified":"2025-07-01T01:49:36+00:00","breadcrumb":{"@id":"https:\/\/nordnesrepublikken.no\/index.php\/2025\/07\/01\/bayesian-synkende-sporsmalene-forble-ubesvart-etter-utvinningen-av-vraket-og-de-mulige-forklaringene\/#breadcrumb"},"inLanguage":"nb-NO","potentialAction":[{"@type":"ReadAction","target":["https:\/\/nordnesrepublikken.no\/index.php\/2025\/07\/01\/bayesian-synkende-sporsmalene-forble-ubesvart-etter-utvinningen-av-vraket-og-de-mulige-forklaringene\/"]}]},{"@type":"ImageObject","inLanguage":"nb-NO","@id":"https:\/\/nordnesrepublikken.no\/index.php\/2025\/07\/01\/bayesian-synkende-sporsmalene-forble-ubesvart-etter-utvinningen-av-vraket-og-de-mulige-forklaringene\/#primaryimage","url":"https:\/\/nordnesrepublikken.no\/wp-content\/uploads\/2025\/07\/1751334574_Bayesian-synkende-sporsmalene-forble-ubesvart-etter-utvinningen-av-vraket-og.jpeg","contentUrl":"https:\/\/nordnesrepublikken.no\/wp-content\/uploads\/2025\/07\/1751334574_Bayesian-synkende-sporsmalene-forble-ubesvart-etter-utvinningen-av-vraket-og.jpeg","width":1320,"height":744,"caption":"relitto bayesian"},{"@type":"BreadcrumbList","@id":"https:\/\/nordnesrepublikken.no\/index.php\/2025\/07\/01\/bayesian-synkende-sporsmalene-forble-ubesvart-etter-utvinningen-av-vraket-og-de-mulige-forklaringene\/#breadcrumb","itemListElement":[{"@type":"ListItem","position":1,"name":"Home","item":"https:\/\/nordnesrepublikken.no\/"},{"@type":"ListItem","position":2,"name":"Bayesian synkende, sp\u00f8rsm\u00e5lene forble ubesvart etter utvinningen av vraket og de mulige forklaringene"}]},{"@type":"WebSite","@id":"https:\/\/nordnesrepublikken.no\/#website","url":"https:\/\/nordnesrepublikken.no\/","name":"Nordnesrepublikken","description":"Stemmer og Visjoner fra Republikkens Hjerte","publisher":{"@id":"https:\/\/nordnesrepublikken.no\/#organization"},"potentialAction":[{"@type":"SearchAction","target":{"@type":"EntryPoint","urlTemplate":"https:\/\/nordnesrepublikken.no\/?s={search_term_string}"},"query-input":{"@type":"PropertyValueSpecification","valueRequired":true,"valueName":"search_term_string"}}],"inLanguage":"nb-NO"},{"@type":"Organization","@id":"https:\/\/nordnesrepublikken.no\/#organization","name":"Nordnesrepublikken","url":"https:\/\/nordnesrepublikken.no\/","logo":{"@type":"ImageObject","inLanguage":"nb-NO","@id":"https:\/\/nordnesrepublikken.no\/#\/schema\/logo\/image\/","url":"https:\/\/nordnesrepublikken.no\/wp-content\/uploads\/2025\/02\/cropped-nordnesrepublikken-2.png","contentUrl":"https:\/\/nordnesrepublikken.no\/wp-content\/uploads\/2025\/02\/cropped-nordnesrepublikken-2.png","width":1248,"height":362,"caption":"Nordnesrepublikken"},"image":{"@id":"https:\/\/nordnesrepublikken.no\/#\/schema\/logo\/image\/"}},{"@type":"Person","@id":"https:\/\/nordnesrepublikken.no\/#\/schema\/person\/2e7e81935bab77882fffb79296240ff1","name":"Ole Andersen","image":{"@type":"ImageObject","inLanguage":"nb-NO","@id":"https:\/\/nordnesrepublikken.no\/#\/schema\/person\/image\/","url":"https:\/\/nordnesrepublikken.no\/wp-content\/uploads\/2025\/02\/nordnesrepublikken-2-2-150x150.jpg","contentUrl":"https:\/\/nordnesrepublikken.no\/wp-content\/uploads\/2025\/02\/nordnesrepublikken-2-2-150x150.jpg","caption":"Ole Andersen"},"description":"Ettersom jeg vokste opp i Oslo, har jeg alltid v\u00e6rt fascinert av ordenes kraft og deres evne til \u00e5 skape endringer. Etter \u00e5 ha fullf\u00f8rt min utdannelse i kommunikasjon ved Universitetet i Bergen, fikk jeg muligheten til \u00e5 jobbe innen ulike medier, der jeg har s\u00f8kt \u00e5 belyse viktige samfunnssp\u00f8rsm\u00e5l. I dag, som redakt\u00f8r for Nordnesrepublikken, pr\u00f8ver jeg \u00e5 forene min kj\u00e6rlighet for journalistikk med min lidenskap for innovasjon og eventyr.","sameAs":["https:\/\/nordnesrepublikken.no\/"]}]}},"_links":{"self":[{"href":"https:\/\/nordnesrepublikken.no\/index.php\/wp-json\/wp\/v2\/posts\/6445","targetHints":{"allow":["GET"]}}],"collection":[{"href":"https:\/\/nordnesrepublikken.no\/index.php\/wp-json\/wp\/v2\/posts"}],"about":[{"href":"https:\/\/nordnesrepublikken.no\/index.php\/wp-json\/wp\/v2\/types\/post"}],"author":[{"embeddable":true,"href":"https:\/\/nordnesrepublikken.no\/index.php\/wp-json\/wp\/v2\/users\/1"}],"replies":[{"embeddable":true,"href":"https:\/\/nordnesrepublikken.no\/index.php\/wp-json\/wp\/v2\/comments?post=6445"}],"version-history":[{"count":1,"href":"https:\/\/nordnesrepublikken.no\/index.php\/wp-json\/wp\/v2\/posts\/6445\/revisions"}],"predecessor-version":[{"id":6447,"href":"https:\/\/nordnesrepublikken.no\/index.php\/wp-json\/wp\/v2\/posts\/6445\/revisions\/6447"}],"wp:featuredmedia":[{"embeddable":true,"href":"https:\/\/nordnesrepublikken.no\/index.php\/wp-json\/wp\/v2\/media\/6446"}],"wp:attachment":[{"href":"https:\/\/nordnesrepublikken.no\/index.php\/wp-json\/wp\/v2\/media?parent=6445"}],"wp:term":[{"taxonomy":"category","embeddable":true,"href":"https:\/\/nordnesrepublikken.no\/index.php\/wp-json\/wp\/v2\/categories?post=6445"},{"taxonomy":"post_tag","embeddable":true,"href":"https:\/\/nordnesrepublikken.no\/index.php\/wp-json\/wp\/v2\/tags?post=6445"}],"curies":[{"name":"wp","href":"https:\/\/api.w.org\/{rel}","templated":true}]}}