{"id":6439,"date":"2025-06-30T23:49:38","date_gmt":"2025-06-30T21:49:38","guid":{"rendered":"https:\/\/nordnesrepublikken.no\/index.php\/2025\/06\/30\/sterkt-jordskjelv-ved-fegrei-campi-di-storrdudo-4-6-advarte-ogsa-i-napoli-det-vi-vet\/"},"modified":"2025-06-30T23:49:39","modified_gmt":"2025-06-30T21:49:39","slug":"sterkt-jordskjelv-ved-fegrei-campi-di-storrdudo-4-6-advarte-ogsa-i-napoli-det-vi-vet","status":"publish","type":"post","link":"https:\/\/nordnesrepublikken.no\/index.php\/2025\/06\/30\/sterkt-jordskjelv-ved-fegrei-campi-di-storrdudo-4-6-advarte-ogsa-i-napoli-det-vi-vet\/","title":{"rendered":"Sterkt jordskjelv ved Fegrei Campi di St\u00f8rrdudo 4.6 advarte ogs\u00e5 i Napoli: Det vi vet"},"content":{"rendered":"<div>\n<div class=\"cp_wrapper cp_wrapper--fw mb-30 mb-20@tablet\">\n<figure class=\"mm\"><picture class=\"img\" style=\"padding-top:56.25%\"><source  media=\"(min-width: 1024px)\"><source  media=\"(min-width: 768px)\"><\/source><\/source><\/picture><\/figure>\n<\/p><\/div>\n<p>Et sterkt jordskjelv<strong> 4.6<\/strong> Han slo i dag, klokka 12:47, jeg <strong>Campi Fegrei fra Napoli <\/strong>med et episenter til sj\u00f8s, kort avstand fra kysten av <strong>Bacoli<\/strong>som bekreftet av INGV. Sjokket, gitt kraften, har ogs\u00e5 blitt f\u00f8lt tydelig for <strong>Pozzuoli<\/strong> og <strong>Napoli,<\/strong> Spesielt i nabolagene <strong>Fuorigrota, Bagnoli<\/strong> og en del av <strong>Vomero<\/strong>selv om det heldigvis for \u00f8yeblikket ikke er alvorlig skade p\u00e5 ting eller mennesker. P\u00e5 slutten av m\u00f8tet i redningskoordinasjonssenteret, sammenkalt av prefektet til Napoli, <strong>gir en \u00e5s<\/strong> i Bacoli, i<strong>Pennata Islet<\/strong>: Heldigvis involverte ikke kollapsen mennesker.<\/p>\n<p>Det er <strong>mer voldelig jordskjelv<\/strong> aldri spilt inn i Campania i instrumentelle tider, p\u00e5 lik linje med den av <strong>4.6<\/strong> i fjor 13. mars.<\/p>\n<p>Fra et geologisk synspunkt er det en hendelse som kan tilskrives bradisisme, det vil si at vulkansk fenomen av syklisk <strong>senking<\/strong> Og <strong>Oppdra<\/strong> jord. Mer spesifikt, i de stigende fasene, er tilstedev\u00e6relsen av jordskjelv med lavt hypocenter som til og med oppst\u00e5 i en reell bradisismisk krise, for eksempel den som har p\u00e5virket omr\u00e5det i flere m\u00e5neder, hyppig. Dette bekreftes ogs\u00e5 av den lave dybden i dagens jordskjelv som bare er 5 km sammenlignet med overflaten.<\/p>\n<p>Dette betyr at vi m\u00e5 forvente <strong>Et overhengende utbrudd<\/strong>? Nei, og det er ingen grunn til \u00e5 f\u00e5 panikk. Faktisk er bradisisme et strengt overv\u00e5ket fenomen, og for \u00f8yeblikket, til tross for volden fra det sistnevnte jordskjelvet, er det ingen tegn som kan antyde et overhengende utbrudd. I denne forbindelse anbefaler vi alltid \u00e5 holde deg oppdatert ved \u00e5 konsultere de institusjonelle referansesidene, dvs. de <strong>Ingv<\/strong> og av <strong>Civil Protection<\/strong>.<\/p>\n<p>For \u00e5 l\u00e6re mer, her er Vulc, dokumentaren v\u00e5r som er opprettet mellom Napoli, Campi Fegrei, Etna og Stromboli, der vi g\u00e5r for \u00e5 analysere ikke bare det geologiske aspektet av disse fire aktive vulkanene, men ogs\u00e5 &#8211; og fremfor alt &#8211; forholdet til menneskene som bor p\u00e5 disse stedene.<\/p>\n<p><a href=\"https:\/\/www.youtube.com\/watch?v=rmx2xghgqlm\">https:\/\/www.youtube.com\/watch?v=rmx2xghgqlm<\/a><\/p>\n<\/p><\/div>\n","protected":false},"excerpt":{"rendered":"<p>Et sterkt jordskjelv 4.6 Han slo i dag, klokka 12:47, jeg Campi Fegrei fra Napoli<\/p>\n","protected":false},"author":1,"featured_media":6440,"comment_status":"closed","ping_status":"open","sticky":false,"template":"","format":"standard","meta":{"footnotes":""},"categories":[24],"tags":[2475,432,66,257,137,2476,753,1253,4115,231,73],"class_list":["post-6439","post","type-post","status-publish","format-standard","has-post-thumbnail","hentry","category-vitenskap","tag-advarte","tag-campi","tag-det","tag-fegrei","tag-jordskjelv","tag-napoli","tag-ogsa","tag-sterkt","tag-storrdudo","tag-ved","tag-vet","generate-columns","tablet-grid-50","mobile-grid-100","grid-parent","grid-33","resize-featured-image"],"yoast_head":"<!-- This site is optimized with the Yoast SEO plugin v24.4 - https:\/\/yoast.com\/wordpress\/plugins\/seo\/ -->\n<title>Sterkt jordskjelv ved Fegrei Campi di St\u00f8rrdudo 4.6 advarte ogs\u00e5 i Napoli: Det vi vet - Nordnesrepublikken<\/title>\n<meta name=\"robots\" content=\"index, follow, max-snippet:-1, max-image-preview:large, max-video-preview:-1\" \/>\n<link rel=\"canonical\" href=\"https:\/\/nordnesrepublikken.no\/index.php\/2025\/06\/30\/sterkt-jordskjelv-ved-fegrei-campi-di-storrdudo-4-6-advarte-ogsa-i-napoli-det-vi-vet\/\" \/>\n<meta property=\"og:locale\" content=\"nb_NO\" \/>\n<meta property=\"og:type\" content=\"article\" \/>\n<meta property=\"og:title\" content=\"Sterkt jordskjelv ved Fegrei Campi di St\u00f8rrdudo 4.6 advarte ogs\u00e5 i Napoli: Det vi vet - Nordnesrepublikken\" \/>\n<meta property=\"og:description\" content=\"Et sterkt jordskjelv 4.6 Han slo i dag, klokka 12:47, jeg Campi Fegrei fra Napoli\" \/>\n<meta property=\"og:url\" content=\"https:\/\/nordnesrepublikken.no\/index.php\/2025\/06\/30\/sterkt-jordskjelv-ved-fegrei-campi-di-storrdudo-4-6-advarte-ogsa-i-napoli-det-vi-vet\/\" \/>\n<meta property=\"og:site_name\" content=\"Nordnesrepublikken\" \/>\n<meta property=\"article:published_time\" content=\"2025-06-30T21:49:38+00:00\" \/>\n<meta property=\"article:modified_time\" content=\"2025-06-30T21:49:39+00:00\" \/>\n<meta property=\"og:image\" content=\"https:\/\/nordnesrepublikken.no\/wp-content\/uploads\/2025\/06\/Sterkt-jordskjelv-ved-Fegrei-Campi-di-Storrdudo-46-advarte-ogsa.jpg\" \/>\n\t<meta property=\"og:image:width\" content=\"1280\" \/>\n\t<meta property=\"og:image:height\" content=\"720\" \/>\n\t<meta property=\"og:image:type\" content=\"image\/jpeg\" \/>\n<meta name=\"author\" content=\"Ole Andersen\" \/>\n<meta name=\"twitter:card\" content=\"summary_large_image\" \/>\n<meta name=\"twitter:label1\" content=\"Skrevet av\" \/>\n\t<meta name=\"twitter:data1\" content=\"Ole Andersen\" \/>\n\t<meta name=\"twitter:label2\" content=\"Ansl. lesetid\" \/>\n\t<meta name=\"twitter:data2\" content=\"2 minutter\" \/>\n<script type=\"application\/ld+json\" class=\"yoast-schema-graph\">{\"@context\":\"https:\/\/schema.org\",\"@graph\":[{\"@type\":\"Article\",\"@id\":\"https:\/\/nordnesrepublikken.no\/index.php\/2025\/06\/30\/sterkt-jordskjelv-ved-fegrei-campi-di-storrdudo-4-6-advarte-ogsa-i-napoli-det-vi-vet\/#article\",\"isPartOf\":{\"@id\":\"https:\/\/nordnesrepublikken.no\/index.php\/2025\/06\/30\/sterkt-jordskjelv-ved-fegrei-campi-di-storrdudo-4-6-advarte-ogsa-i-napoli-det-vi-vet\/\"},\"author\":{\"name\":\"Ole Andersen\",\"@id\":\"https:\/\/nordnesrepublikken.no\/#\/schema\/person\/2e7e81935bab77882fffb79296240ff1\"},\"headline\":\"Sterkt jordskjelv ved Fegrei Campi di St\u00f8rrdudo 4.6 advarte ogs\u00e5 i Napoli: Det vi vet\",\"datePublished\":\"2025-06-30T21:49:38+00:00\",\"dateModified\":\"2025-06-30T21:49:39+00:00\",\"mainEntityOfPage\":{\"@id\":\"https:\/\/nordnesrepublikken.no\/index.php\/2025\/06\/30\/sterkt-jordskjelv-ved-fegrei-campi-di-storrdudo-4-6-advarte-ogsa-i-napoli-det-vi-vet\/\"},\"wordCount\":333,\"publisher\":{\"@id\":\"https:\/\/nordnesrepublikken.no\/#organization\"},\"image\":{\"@id\":\"https:\/\/nordnesrepublikken.no\/index.php\/2025\/06\/30\/sterkt-jordskjelv-ved-fegrei-campi-di-storrdudo-4-6-advarte-ogsa-i-napoli-det-vi-vet\/#primaryimage\"},\"thumbnailUrl\":\"https:\/\/nordnesrepublikken.no\/wp-content\/uploads\/2025\/06\/Sterkt-jordskjelv-ved-Fegrei-Campi-di-Storrdudo-46-advarte-ogsa.jpg\",\"keywords\":[\"advarte\",\"Campi\",\"Det\",\"Fegrei\",\"Jordskjelv\",\"Napoli\",\"ogs\u00e5\",\"Sterkt\",\"St\u00f8rrdudo\",\"ved\",\"vet\"],\"articleSection\":[\"Vitenskap\"],\"inLanguage\":\"nb-NO\"},{\"@type\":\"WebPage\",\"@id\":\"https:\/\/nordnesrepublikken.no\/index.php\/2025\/06\/30\/sterkt-jordskjelv-ved-fegrei-campi-di-storrdudo-4-6-advarte-ogsa-i-napoli-det-vi-vet\/\",\"url\":\"https:\/\/nordnesrepublikken.no\/index.php\/2025\/06\/30\/sterkt-jordskjelv-ved-fegrei-campi-di-storrdudo-4-6-advarte-ogsa-i-napoli-det-vi-vet\/\",\"name\":\"Sterkt jordskjelv ved Fegrei Campi di St\u00f8rrdudo 4.6 advarte ogs\u00e5 i Napoli: Det vi vet - Nordnesrepublikken\",\"isPartOf\":{\"@id\":\"https:\/\/nordnesrepublikken.no\/#website\"},\"primaryImageOfPage\":{\"@id\":\"https:\/\/nordnesrepublikken.no\/index.php\/2025\/06\/30\/sterkt-jordskjelv-ved-fegrei-campi-di-storrdudo-4-6-advarte-ogsa-i-napoli-det-vi-vet\/#primaryimage\"},\"image\":{\"@id\":\"https:\/\/nordnesrepublikken.no\/index.php\/2025\/06\/30\/sterkt-jordskjelv-ved-fegrei-campi-di-storrdudo-4-6-advarte-ogsa-i-napoli-det-vi-vet\/#primaryimage\"},\"thumbnailUrl\":\"https:\/\/nordnesrepublikken.no\/wp-content\/uploads\/2025\/06\/Sterkt-jordskjelv-ved-Fegrei-Campi-di-Storrdudo-46-advarte-ogsa.jpg\",\"datePublished\":\"2025-06-30T21:49:38+00:00\",\"dateModified\":\"2025-06-30T21:49:39+00:00\",\"breadcrumb\":{\"@id\":\"https:\/\/nordnesrepublikken.no\/index.php\/2025\/06\/30\/sterkt-jordskjelv-ved-fegrei-campi-di-storrdudo-4-6-advarte-ogsa-i-napoli-det-vi-vet\/#breadcrumb\"},\"inLanguage\":\"nb-NO\",\"potentialAction\":[{\"@type\":\"ReadAction\",\"target\":[\"https:\/\/nordnesrepublikken.no\/index.php\/2025\/06\/30\/sterkt-jordskjelv-ved-fegrei-campi-di-storrdudo-4-6-advarte-ogsa-i-napoli-det-vi-vet\/\"]}]},{\"@type\":\"ImageObject\",\"inLanguage\":\"nb-NO\",\"@id\":\"https:\/\/nordnesrepublikken.no\/index.php\/2025\/06\/30\/sterkt-jordskjelv-ved-fegrei-campi-di-storrdudo-4-6-advarte-ogsa-i-napoli-det-vi-vet\/#primaryimage\",\"url\":\"https:\/\/nordnesrepublikken.no\/wp-content\/uploads\/2025\/06\/Sterkt-jordskjelv-ved-Fegrei-Campi-di-Storrdudo-46-advarte-ogsa.jpg\",\"contentUrl\":\"https:\/\/nordnesrepublikken.no\/wp-content\/uploads\/2025\/06\/Sterkt-jordskjelv-ved-Fegrei-Campi-di-Storrdudo-46-advarte-ogsa.jpg\",\"width\":1280,\"height\":720,\"caption\":\"Immagine\"},{\"@type\":\"BreadcrumbList\",\"@id\":\"https:\/\/nordnesrepublikken.no\/index.php\/2025\/06\/30\/sterkt-jordskjelv-ved-fegrei-campi-di-storrdudo-4-6-advarte-ogsa-i-napoli-det-vi-vet\/#breadcrumb\",\"itemListElement\":[{\"@type\":\"ListItem\",\"position\":1,\"name\":\"Home\",\"item\":\"https:\/\/nordnesrepublikken.no\/\"},{\"@type\":\"ListItem\",\"position\":2,\"name\":\"Sterkt jordskjelv ved Fegrei Campi di St\u00f8rrdudo 4.6 advarte ogs\u00e5 i Napoli: Det vi vet\"}]},{\"@type\":\"WebSite\",\"@id\":\"https:\/\/nordnesrepublikken.no\/#website\",\"url\":\"https:\/\/nordnesrepublikken.no\/\",\"name\":\"Nordnesrepublikken\",\"description\":\"Stemmer og Visjoner fra Republikkens Hjerte\",\"publisher\":{\"@id\":\"https:\/\/nordnesrepublikken.no\/#organization\"},\"potentialAction\":[{\"@type\":\"SearchAction\",\"target\":{\"@type\":\"EntryPoint\",\"urlTemplate\":\"https:\/\/nordnesrepublikken.no\/?s={search_term_string}\"},\"query-input\":{\"@type\":\"PropertyValueSpecification\",\"valueRequired\":true,\"valueName\":\"search_term_string\"}}],\"inLanguage\":\"nb-NO\"},{\"@type\":\"Organization\",\"@id\":\"https:\/\/nordnesrepublikken.no\/#organization\",\"name\":\"Nordnesrepublikken\",\"url\":\"https:\/\/nordnesrepublikken.no\/\",\"logo\":{\"@type\":\"ImageObject\",\"inLanguage\":\"nb-NO\",\"@id\":\"https:\/\/nordnesrepublikken.no\/#\/schema\/logo\/image\/\",\"url\":\"https:\/\/nordnesrepublikken.no\/wp-content\/uploads\/2025\/02\/cropped-nordnesrepublikken-2.png\",\"contentUrl\":\"https:\/\/nordnesrepublikken.no\/wp-content\/uploads\/2025\/02\/cropped-nordnesrepublikken-2.png\",\"width\":1248,\"height\":362,\"caption\":\"Nordnesrepublikken\"},\"image\":{\"@id\":\"https:\/\/nordnesrepublikken.no\/#\/schema\/logo\/image\/\"}},{\"@type\":\"Person\",\"@id\":\"https:\/\/nordnesrepublikken.no\/#\/schema\/person\/2e7e81935bab77882fffb79296240ff1\",\"name\":\"Ole Andersen\",\"image\":{\"@type\":\"ImageObject\",\"inLanguage\":\"nb-NO\",\"@id\":\"https:\/\/nordnesrepublikken.no\/#\/schema\/person\/image\/\",\"url\":\"https:\/\/nordnesrepublikken.no\/wp-content\/uploads\/2025\/02\/nordnesrepublikken-2-2-150x150.jpg\",\"contentUrl\":\"https:\/\/nordnesrepublikken.no\/wp-content\/uploads\/2025\/02\/nordnesrepublikken-2-2-150x150.jpg\",\"caption\":\"Ole Andersen\"},\"description\":\"Ettersom jeg vokste opp i Oslo, har jeg alltid v\u00e6rt fascinert av ordenes kraft og deres evne til \u00e5 skape endringer. Etter \u00e5 ha fullf\u00f8rt min utdannelse i kommunikasjon ved Universitetet i Bergen, fikk jeg muligheten til \u00e5 jobbe innen ulike medier, der jeg har s\u00f8kt \u00e5 belyse viktige samfunnssp\u00f8rsm\u00e5l. I dag, som redakt\u00f8r for Nordnesrepublikken, pr\u00f8ver jeg \u00e5 forene min kj\u00e6rlighet for journalistikk med min lidenskap for innovasjon og eventyr.\",\"sameAs\":[\"https:\/\/nordnesrepublikken.no\/\"]}]}<\/script>\n<!-- \/ Yoast SEO plugin. -->","yoast_head_json":{"title":"Sterkt jordskjelv ved Fegrei Campi di St\u00f8rrdudo 4.6 advarte ogs\u00e5 i Napoli: Det vi vet - Nordnesrepublikken","robots":{"index":"index","follow":"follow","max-snippet":"max-snippet:-1","max-image-preview":"max-image-preview:large","max-video-preview":"max-video-preview:-1"},"canonical":"https:\/\/nordnesrepublikken.no\/index.php\/2025\/06\/30\/sterkt-jordskjelv-ved-fegrei-campi-di-storrdudo-4-6-advarte-ogsa-i-napoli-det-vi-vet\/","og_locale":"nb_NO","og_type":"article","og_title":"Sterkt jordskjelv ved Fegrei Campi di St\u00f8rrdudo 4.6 advarte ogs\u00e5 i Napoli: Det vi vet - Nordnesrepublikken","og_description":"Et sterkt jordskjelv 4.6 Han slo i dag, klokka 12:47, jeg Campi Fegrei fra Napoli","og_url":"https:\/\/nordnesrepublikken.no\/index.php\/2025\/06\/30\/sterkt-jordskjelv-ved-fegrei-campi-di-storrdudo-4-6-advarte-ogsa-i-napoli-det-vi-vet\/","og_site_name":"Nordnesrepublikken","article_published_time":"2025-06-30T21:49:38+00:00","article_modified_time":"2025-06-30T21:49:39+00:00","og_image":[{"width":1280,"height":720,"url":"https:\/\/nordnesrepublikken.no\/wp-content\/uploads\/2025\/06\/Sterkt-jordskjelv-ved-Fegrei-Campi-di-Storrdudo-46-advarte-ogsa.jpg","type":"image\/jpeg"}],"author":"Ole Andersen","twitter_card":"summary_large_image","twitter_misc":{"Skrevet av":"Ole Andersen","Ansl. lesetid":"2 minutter"},"schema":{"@context":"https:\/\/schema.org","@graph":[{"@type":"Article","@id":"https:\/\/nordnesrepublikken.no\/index.php\/2025\/06\/30\/sterkt-jordskjelv-ved-fegrei-campi-di-storrdudo-4-6-advarte-ogsa-i-napoli-det-vi-vet\/#article","isPartOf":{"@id":"https:\/\/nordnesrepublikken.no\/index.php\/2025\/06\/30\/sterkt-jordskjelv-ved-fegrei-campi-di-storrdudo-4-6-advarte-ogsa-i-napoli-det-vi-vet\/"},"author":{"name":"Ole Andersen","@id":"https:\/\/nordnesrepublikken.no\/#\/schema\/person\/2e7e81935bab77882fffb79296240ff1"},"headline":"Sterkt jordskjelv ved Fegrei Campi di St\u00f8rrdudo 4.6 advarte ogs\u00e5 i Napoli: Det vi vet","datePublished":"2025-06-30T21:49:38+00:00","dateModified":"2025-06-30T21:49:39+00:00","mainEntityOfPage":{"@id":"https:\/\/nordnesrepublikken.no\/index.php\/2025\/06\/30\/sterkt-jordskjelv-ved-fegrei-campi-di-storrdudo-4-6-advarte-ogsa-i-napoli-det-vi-vet\/"},"wordCount":333,"publisher":{"@id":"https:\/\/nordnesrepublikken.no\/#organization"},"image":{"@id":"https:\/\/nordnesrepublikken.no\/index.php\/2025\/06\/30\/sterkt-jordskjelv-ved-fegrei-campi-di-storrdudo-4-6-advarte-ogsa-i-napoli-det-vi-vet\/#primaryimage"},"thumbnailUrl":"https:\/\/nordnesrepublikken.no\/wp-content\/uploads\/2025\/06\/Sterkt-jordskjelv-ved-Fegrei-Campi-di-Storrdudo-46-advarte-ogsa.jpg","keywords":["advarte","Campi","Det","Fegrei","Jordskjelv","Napoli","ogs\u00e5","Sterkt","St\u00f8rrdudo","ved","vet"],"articleSection":["Vitenskap"],"inLanguage":"nb-NO"},{"@type":"WebPage","@id":"https:\/\/nordnesrepublikken.no\/index.php\/2025\/06\/30\/sterkt-jordskjelv-ved-fegrei-campi-di-storrdudo-4-6-advarte-ogsa-i-napoli-det-vi-vet\/","url":"https:\/\/nordnesrepublikken.no\/index.php\/2025\/06\/30\/sterkt-jordskjelv-ved-fegrei-campi-di-storrdudo-4-6-advarte-ogsa-i-napoli-det-vi-vet\/","name":"Sterkt jordskjelv ved Fegrei Campi di St\u00f8rrdudo 4.6 advarte ogs\u00e5 i Napoli: Det vi vet - Nordnesrepublikken","isPartOf":{"@id":"https:\/\/nordnesrepublikken.no\/#website"},"primaryImageOfPage":{"@id":"https:\/\/nordnesrepublikken.no\/index.php\/2025\/06\/30\/sterkt-jordskjelv-ved-fegrei-campi-di-storrdudo-4-6-advarte-ogsa-i-napoli-det-vi-vet\/#primaryimage"},"image":{"@id":"https:\/\/nordnesrepublikken.no\/index.php\/2025\/06\/30\/sterkt-jordskjelv-ved-fegrei-campi-di-storrdudo-4-6-advarte-ogsa-i-napoli-det-vi-vet\/#primaryimage"},"thumbnailUrl":"https:\/\/nordnesrepublikken.no\/wp-content\/uploads\/2025\/06\/Sterkt-jordskjelv-ved-Fegrei-Campi-di-Storrdudo-46-advarte-ogsa.jpg","datePublished":"2025-06-30T21:49:38+00:00","dateModified":"2025-06-30T21:49:39+00:00","breadcrumb":{"@id":"https:\/\/nordnesrepublikken.no\/index.php\/2025\/06\/30\/sterkt-jordskjelv-ved-fegrei-campi-di-storrdudo-4-6-advarte-ogsa-i-napoli-det-vi-vet\/#breadcrumb"},"inLanguage":"nb-NO","potentialAction":[{"@type":"ReadAction","target":["https:\/\/nordnesrepublikken.no\/index.php\/2025\/06\/30\/sterkt-jordskjelv-ved-fegrei-campi-di-storrdudo-4-6-advarte-ogsa-i-napoli-det-vi-vet\/"]}]},{"@type":"ImageObject","inLanguage":"nb-NO","@id":"https:\/\/nordnesrepublikken.no\/index.php\/2025\/06\/30\/sterkt-jordskjelv-ved-fegrei-campi-di-storrdudo-4-6-advarte-ogsa-i-napoli-det-vi-vet\/#primaryimage","url":"https:\/\/nordnesrepublikken.no\/wp-content\/uploads\/2025\/06\/Sterkt-jordskjelv-ved-Fegrei-Campi-di-Storrdudo-46-advarte-ogsa.jpg","contentUrl":"https:\/\/nordnesrepublikken.no\/wp-content\/uploads\/2025\/06\/Sterkt-jordskjelv-ved-Fegrei-Campi-di-Storrdudo-46-advarte-ogsa.jpg","width":1280,"height":720,"caption":"Immagine"},{"@type":"BreadcrumbList","@id":"https:\/\/nordnesrepublikken.no\/index.php\/2025\/06\/30\/sterkt-jordskjelv-ved-fegrei-campi-di-storrdudo-4-6-advarte-ogsa-i-napoli-det-vi-vet\/#breadcrumb","itemListElement":[{"@type":"ListItem","position":1,"name":"Home","item":"https:\/\/nordnesrepublikken.no\/"},{"@type":"ListItem","position":2,"name":"Sterkt jordskjelv ved Fegrei Campi di St\u00f8rrdudo 4.6 advarte ogs\u00e5 i Napoli: Det vi vet"}]},{"@type":"WebSite","@id":"https:\/\/nordnesrepublikken.no\/#website","url":"https:\/\/nordnesrepublikken.no\/","name":"Nordnesrepublikken","description":"Stemmer og Visjoner fra Republikkens Hjerte","publisher":{"@id":"https:\/\/nordnesrepublikken.no\/#organization"},"potentialAction":[{"@type":"SearchAction","target":{"@type":"EntryPoint","urlTemplate":"https:\/\/nordnesrepublikken.no\/?s={search_term_string}"},"query-input":{"@type":"PropertyValueSpecification","valueRequired":true,"valueName":"search_term_string"}}],"inLanguage":"nb-NO"},{"@type":"Organization","@id":"https:\/\/nordnesrepublikken.no\/#organization","name":"Nordnesrepublikken","url":"https:\/\/nordnesrepublikken.no\/","logo":{"@type":"ImageObject","inLanguage":"nb-NO","@id":"https:\/\/nordnesrepublikken.no\/#\/schema\/logo\/image\/","url":"https:\/\/nordnesrepublikken.no\/wp-content\/uploads\/2025\/02\/cropped-nordnesrepublikken-2.png","contentUrl":"https:\/\/nordnesrepublikken.no\/wp-content\/uploads\/2025\/02\/cropped-nordnesrepublikken-2.png","width":1248,"height":362,"caption":"Nordnesrepublikken"},"image":{"@id":"https:\/\/nordnesrepublikken.no\/#\/schema\/logo\/image\/"}},{"@type":"Person","@id":"https:\/\/nordnesrepublikken.no\/#\/schema\/person\/2e7e81935bab77882fffb79296240ff1","name":"Ole Andersen","image":{"@type":"ImageObject","inLanguage":"nb-NO","@id":"https:\/\/nordnesrepublikken.no\/#\/schema\/person\/image\/","url":"https:\/\/nordnesrepublikken.no\/wp-content\/uploads\/2025\/02\/nordnesrepublikken-2-2-150x150.jpg","contentUrl":"https:\/\/nordnesrepublikken.no\/wp-content\/uploads\/2025\/02\/nordnesrepublikken-2-2-150x150.jpg","caption":"Ole Andersen"},"description":"Ettersom jeg vokste opp i Oslo, har jeg alltid v\u00e6rt fascinert av ordenes kraft og deres evne til \u00e5 skape endringer. Etter \u00e5 ha fullf\u00f8rt min utdannelse i kommunikasjon ved Universitetet i Bergen, fikk jeg muligheten til \u00e5 jobbe innen ulike medier, der jeg har s\u00f8kt \u00e5 belyse viktige samfunnssp\u00f8rsm\u00e5l. I dag, som redakt\u00f8r for Nordnesrepublikken, pr\u00f8ver jeg \u00e5 forene min kj\u00e6rlighet for journalistikk med min lidenskap for innovasjon og eventyr.","sameAs":["https:\/\/nordnesrepublikken.no\/"]}]}},"_links":{"self":[{"href":"https:\/\/nordnesrepublikken.no\/index.php\/wp-json\/wp\/v2\/posts\/6439","targetHints":{"allow":["GET"]}}],"collection":[{"href":"https:\/\/nordnesrepublikken.no\/index.php\/wp-json\/wp\/v2\/posts"}],"about":[{"href":"https:\/\/nordnesrepublikken.no\/index.php\/wp-json\/wp\/v2\/types\/post"}],"author":[{"embeddable":true,"href":"https:\/\/nordnesrepublikken.no\/index.php\/wp-json\/wp\/v2\/users\/1"}],"replies":[{"embeddable":true,"href":"https:\/\/nordnesrepublikken.no\/index.php\/wp-json\/wp\/v2\/comments?post=6439"}],"version-history":[{"count":1,"href":"https:\/\/nordnesrepublikken.no\/index.php\/wp-json\/wp\/v2\/posts\/6439\/revisions"}],"predecessor-version":[{"id":6441,"href":"https:\/\/nordnesrepublikken.no\/index.php\/wp-json\/wp\/v2\/posts\/6439\/revisions\/6441"}],"wp:featuredmedia":[{"embeddable":true,"href":"https:\/\/nordnesrepublikken.no\/index.php\/wp-json\/wp\/v2\/media\/6440"}],"wp:attachment":[{"href":"https:\/\/nordnesrepublikken.no\/index.php\/wp-json\/wp\/v2\/media?parent=6439"}],"wp:term":[{"taxonomy":"category","embeddable":true,"href":"https:\/\/nordnesrepublikken.no\/index.php\/wp-json\/wp\/v2\/categories?post=6439"},{"taxonomy":"post_tag","embeddable":true,"href":"https:\/\/nordnesrepublikken.no\/index.php\/wp-json\/wp\/v2\/tags?post=6439"}],"curies":[{"name":"wp","href":"https:\/\/api.w.org\/{rel}","templated":true}]}}