{"id":6427,"date":"2025-06-30T15:49:41","date_gmt":"2025-06-30T13:49:41","guid":{"rendered":"https:\/\/nordnesrepublikken.no\/index.php\/2025\/06\/30\/fordi-ukraina-trekker-seg-fra-ottawa-konvensjonen-om-forbud-mot-anti-menneskelige-gruver\/"},"modified":"2025-06-30T15:49:44","modified_gmt":"2025-06-30T13:49:44","slug":"fordi-ukraina-trekker-seg-fra-ottawa-konvensjonen-om-forbud-mot-anti-menneskelige-gruver","status":"publish","type":"post","link":"https:\/\/nordnesrepublikken.no\/index.php\/2025\/06\/30\/fordi-ukraina-trekker-seg-fra-ottawa-konvensjonen-om-forbud-mot-anti-menneskelige-gruver\/","title":{"rendered":"Fordi Ukraina trekker seg fra Ottawa -konvensjonen om forbud mot anti -menneskelige gruver"},"content":{"rendered":"<div>\n<div class=\"cp_wrapper cp_wrapper--fw mb-30 mb-20@tablet\">\n<figure class=\"mm\"><picture class=\"img\" style=\"padding-top:56.25%\"><source  media=\"(min-width: 1024px)\"><source  media=\"(min-width: 768px)\"><\/source><\/source><\/picture><\/figure>\n<\/p><\/div>\n<p>Med et presidentvedtak signert av den ukrainske presidenten <strong>Volodymyr Zelensky<\/strong>The <strong>Republikken Ukraina<\/strong> formelt avgjort i g\u00e5r 29. juni 2025 for \u00e5 forlate <strong>Ottawa Convention fra 1997<\/strong> (ratifisert av Ukraina i 2005) som har som sitt form\u00e5l kunngj\u00f8ringen til bruken av <strong>Anti -manns gruver<\/strong>. \u00c5rsaken til avgj\u00f8relsen fra Kiev -myndighetene er berettiget i lys av <strong>Forverring av den milit\u00e6re situasjonen<\/strong> For fronten som blir tvunget de milit\u00e6re lederne til \u00e5 ta drastiske valg som massiv bruk av gruver for \u00e5 dempe den russiske offensiven.<\/p>\n<h2><b>Ukraina og den tornete utgaven av gruver<\/b><\/h2>\n<p>P\u00e5 tidspunktet for sin uavhengighet fra Sovjetunionen arvet Ukraina fra sistnevnte enorme milit\u00e6re arsenal, inkludert store mengder anti -man og anti -tank -gruver. De <strong>24. februar 1999<\/strong> Kiev bestemte seg for \u00e5 signere Ottawa -stevnet, og deretter ratifisere <strong>27. desember 2005<\/strong>. Prosessen med \u00e5 eliminere de gamle aksjene gikk imidlertid foran Lumaca -passet p\u00e5 grunn av den \u00f8konomiske omskiftelsen i den ukrainske staten til den er fullstendig avbrutt i <strong>2014<\/strong> Etter utbruddet av <strong>Krig i Donbass<\/strong>.<\/p>\n<p>Siden 2014, og enda mer fra <strong>2022<\/strong>alle krigf\u00f8rende deler i <strong>Russisk-ukrainsk konflikt<\/strong> De gjorde det <strong>Bred bruk av gruver<\/strong> B\u00e5de p\u00e5 et defensivt og st\u00f8tende niv\u00e5, for\u00e5rsaker og lider et stort antall tap p\u00e5 grunn av dette forr\u00e6derske og veldig effektive krigsverkt\u00f8yet. Selv om de facto Ukraina ikke lenger respekterer Ottawa -konvensjonen, s\u00e5 langt hadde han enn\u00e5 ikke tatt det skjebnesvangre skrittet for \u00e5 avvise det ogs\u00e5 fra et lovlig synspunkt, men forl\u00f8peren av <strong>Polen, Litauen, Latvia, Estland og Finland<\/strong> Han var ogs\u00e5 en pensjonisttilv\u00e6relse, og ga rett til president Zelensky til \u00e5 &laquo;passere rubicon -linjen&raquo;.<\/p>\n<div class=\"cp_wrapper cp_wrapper--fw mb-50\">\n<figure class=\"mm\"><picture class=\"img\" style=\"padding-top:75%\"><source  media=\"(min-width: 1024px)\"><source  media=\"(min-width: 768px)\"><img decoding=\"async\" loading=\"lazy\" src=\"https:\/\/nordnesrepublikken.no\/wp-content\/uploads\/2025\/06\/1751291381_201_Fordi-Ukraina-trekker-seg-fra-Ottawa-konvensjonen-om-forbud-mot.jpg\" alt=\"Bilde\" width=\"800\" height=\"600\"><\/source><\/source><\/picture><\/figure>\n<\/p><\/div>\n<h2>Ottawa -konvensjonen fra 1997: Hva disse avtalene er<\/h2>\n<p>Signert i <strong>1997<\/strong> til <strong>Octawa<\/strong>hovedstad <strong>Canada<\/strong>er den homonyme avtalen blitt formulert for \u00e5 kunngj\u00f8re det internasjonale forbudet mot bruk, lagring, produksjon og salg av anti -menneskelige gruver og i stedet oppmuntre til deres \u00f8deleggelse. Til dags dato er jeg <strong>165<\/strong> landene som har ratifisert eller til og med bare signert dokumentet, spesielt blant <strong>Europeiske land, latinamerikanere, afrikanere og havomr\u00e5det<\/strong>.<\/p>\n<p>Gruver har imidlertid enn\u00e5 ikke blitt et tabu for en serie apikale land i verdensordenen, blant dem m\u00e5 nevnes: <strong>USA, Russland, Kina, India, Pakistan, de to Koreas, Iran og andre viktige skuespillere i Midt\u00f8sten<\/strong>. Det er mulig at gitt det n\u00e5v\u00e6rende klimaet med oppblomstring av milit\u00e6re konflikter globalt, vil andre land bestemme, feil eller grunn til \u00e5 komme tilbake for \u00e5 fokusere p\u00e5 gruver som en del av deres milit\u00e6re arsenaler.<\/p>\n<h2>Evolusjonen av den russisk-Ukraina-krigen og Kievs beslutning om \u00e5 komme seg ut av Ottawa-stevnet<\/h2>\n<p>Den ukrainske beslutningen om \u00e5 formalisere farvel til Ottawa -konvensjonen kommer i et spesielt delikat \u00f8yeblikk for landet, n\u00e5 i \u00f8kende grad under press p\u00e5 alle fronter. Etter de siste massive bombingene som praktisk talt har involvert hele landet, kunngjorde president Zelensky at bare den siste uken har de russiske v\u00e6pnede styrkene l\u00f8slatt <strong>Mer enn 1270 kamikaze droner, 1100 glidende bomber og 114 missiler av alle slag<\/strong> Mot ukrainsk og trenden er \u00e5 se uke for uke en d\u00e5rligere progresjon som tvinger ukrainere til \u00e5 drive drastiske valg i et stadig mer desperat fors\u00f8k p\u00e5 \u00e5 gjenopplive skjebnenes skjebne.<\/p>\n<\/p><\/div>\n","protected":false},"excerpt":{"rendered":"<p>Med et presidentvedtak signert av den ukrainske presidenten Volodymyr ZelenskyThe Republikken Ukraina formelt avgjort i<\/p>\n","protected":false},"author":1,"featured_media":6428,"comment_status":"closed","ping_status":"open","sticky":false,"template":"","format":"standard","meta":{"footnotes":""},"categories":[23],"tags":[2187,4103,83,125,4104,4102,1267,152,4101,96,4100,148],"class_list":["post-6427","post","type-post","status-publish","format-standard","has-post-thumbnail","hentry","category-politikk","tag-anti","tag-forbud","tag-fordi","tag-fra","tag-gruver","tag-konvensjonen","tag-menneskelige","tag-mot","tag-ottawa","tag-seg","tag-trekker","tag-ukraina","generate-columns","tablet-grid-50","mobile-grid-100","grid-parent","grid-33","resize-featured-image"],"yoast_head":"<!-- This site is optimized with the Yoast SEO plugin v24.4 - https:\/\/yoast.com\/wordpress\/plugins\/seo\/ -->\n<title>Fordi Ukraina trekker seg fra Ottawa -konvensjonen om forbud mot anti -menneskelige gruver - Nordnesrepublikken<\/title>\n<meta name=\"robots\" content=\"index, follow, max-snippet:-1, max-image-preview:large, max-video-preview:-1\" \/>\n<link rel=\"canonical\" href=\"https:\/\/nordnesrepublikken.no\/index.php\/2025\/06\/30\/fordi-ukraina-trekker-seg-fra-ottawa-konvensjonen-om-forbud-mot-anti-menneskelige-gruver\/\" \/>\n<meta property=\"og:locale\" content=\"nb_NO\" \/>\n<meta property=\"og:type\" content=\"article\" \/>\n<meta property=\"og:title\" content=\"Fordi Ukraina trekker seg fra Ottawa -konvensjonen om forbud mot anti -menneskelige gruver - Nordnesrepublikken\" \/>\n<meta property=\"og:description\" content=\"Med et presidentvedtak signert av den ukrainske presidenten Volodymyr ZelenskyThe Republikken Ukraina formelt avgjort i\" \/>\n<meta property=\"og:url\" content=\"https:\/\/nordnesrepublikken.no\/index.php\/2025\/06\/30\/fordi-ukraina-trekker-seg-fra-ottawa-konvensjonen-om-forbud-mot-anti-menneskelige-gruver\/\" \/>\n<meta property=\"og:site_name\" content=\"Nordnesrepublikken\" \/>\n<meta property=\"article:published_time\" content=\"2025-06-30T13:49:41+00:00\" \/>\n<meta property=\"article:modified_time\" content=\"2025-06-30T13:49:44+00:00\" \/>\n<meta property=\"og:image\" content=\"https:\/\/nordnesrepublikken.no\/wp-content\/uploads\/2025\/06\/1751291383_Fordi-Ukraina-trekker-seg-fra-Ottawa-konvensjonen-om-forbud-mot.jpg\" \/>\n\t<meta property=\"og:image:width\" content=\"1280\" \/>\n\t<meta property=\"og:image:height\" content=\"566\" \/>\n\t<meta property=\"og:image:type\" content=\"image\/jpeg\" \/>\n<meta name=\"author\" content=\"Ole Andersen\" \/>\n<meta name=\"twitter:card\" content=\"summary_large_image\" \/>\n<meta name=\"twitter:label1\" content=\"Skrevet av\" \/>\n\t<meta name=\"twitter:data1\" content=\"Ole Andersen\" \/>\n\t<meta name=\"twitter:label2\" content=\"Ansl. lesetid\" \/>\n\t<meta name=\"twitter:data2\" content=\"3 minutter\" \/>\n<script type=\"application\/ld+json\" class=\"yoast-schema-graph\">{\"@context\":\"https:\/\/schema.org\",\"@graph\":[{\"@type\":\"Article\",\"@id\":\"https:\/\/nordnesrepublikken.no\/index.php\/2025\/06\/30\/fordi-ukraina-trekker-seg-fra-ottawa-konvensjonen-om-forbud-mot-anti-menneskelige-gruver\/#article\",\"isPartOf\":{\"@id\":\"https:\/\/nordnesrepublikken.no\/index.php\/2025\/06\/30\/fordi-ukraina-trekker-seg-fra-ottawa-konvensjonen-om-forbud-mot-anti-menneskelige-gruver\/\"},\"author\":{\"name\":\"Ole Andersen\",\"@id\":\"https:\/\/nordnesrepublikken.no\/#\/schema\/person\/2e7e81935bab77882fffb79296240ff1\"},\"headline\":\"Fordi Ukraina trekker seg fra Ottawa -konvensjonen om forbud mot anti -menneskelige gruver\",\"datePublished\":\"2025-06-30T13:49:41+00:00\",\"dateModified\":\"2025-06-30T13:49:44+00:00\",\"mainEntityOfPage\":{\"@id\":\"https:\/\/nordnesrepublikken.no\/index.php\/2025\/06\/30\/fordi-ukraina-trekker-seg-fra-ottawa-konvensjonen-om-forbud-mot-anti-menneskelige-gruver\/\"},\"wordCount\":521,\"publisher\":{\"@id\":\"https:\/\/nordnesrepublikken.no\/#organization\"},\"image\":{\"@id\":\"https:\/\/nordnesrepublikken.no\/index.php\/2025\/06\/30\/fordi-ukraina-trekker-seg-fra-ottawa-konvensjonen-om-forbud-mot-anti-menneskelige-gruver\/#primaryimage\"},\"thumbnailUrl\":\"https:\/\/nordnesrepublikken.no\/wp-content\/uploads\/2025\/06\/1751291383_Fordi-Ukraina-trekker-seg-fra-Ottawa-konvensjonen-om-forbud-mot.jpg\",\"keywords\":[\"anti\",\"forbud\",\"Fordi\",\"fra\",\"gruver\",\"konvensjonen\",\"menneskelige\",\"mot\",\"Ottawa\",\"seg\",\"trekker\",\"Ukraina\"],\"articleSection\":[\"Politikk\"],\"inLanguage\":\"nb-NO\"},{\"@type\":\"WebPage\",\"@id\":\"https:\/\/nordnesrepublikken.no\/index.php\/2025\/06\/30\/fordi-ukraina-trekker-seg-fra-ottawa-konvensjonen-om-forbud-mot-anti-menneskelige-gruver\/\",\"url\":\"https:\/\/nordnesrepublikken.no\/index.php\/2025\/06\/30\/fordi-ukraina-trekker-seg-fra-ottawa-konvensjonen-om-forbud-mot-anti-menneskelige-gruver\/\",\"name\":\"Fordi Ukraina trekker seg fra Ottawa -konvensjonen om forbud mot anti -menneskelige gruver - Nordnesrepublikken\",\"isPartOf\":{\"@id\":\"https:\/\/nordnesrepublikken.no\/#website\"},\"primaryImageOfPage\":{\"@id\":\"https:\/\/nordnesrepublikken.no\/index.php\/2025\/06\/30\/fordi-ukraina-trekker-seg-fra-ottawa-konvensjonen-om-forbud-mot-anti-menneskelige-gruver\/#primaryimage\"},\"image\":{\"@id\":\"https:\/\/nordnesrepublikken.no\/index.php\/2025\/06\/30\/fordi-ukraina-trekker-seg-fra-ottawa-konvensjonen-om-forbud-mot-anti-menneskelige-gruver\/#primaryimage\"},\"thumbnailUrl\":\"https:\/\/nordnesrepublikken.no\/wp-content\/uploads\/2025\/06\/1751291383_Fordi-Ukraina-trekker-seg-fra-Ottawa-konvensjonen-om-forbud-mot.jpg\",\"datePublished\":\"2025-06-30T13:49:41+00:00\",\"dateModified\":\"2025-06-30T13:49:44+00:00\",\"breadcrumb\":{\"@id\":\"https:\/\/nordnesrepublikken.no\/index.php\/2025\/06\/30\/fordi-ukraina-trekker-seg-fra-ottawa-konvensjonen-om-forbud-mot-anti-menneskelige-gruver\/#breadcrumb\"},\"inLanguage\":\"nb-NO\",\"potentialAction\":[{\"@type\":\"ReadAction\",\"target\":[\"https:\/\/nordnesrepublikken.no\/index.php\/2025\/06\/30\/fordi-ukraina-trekker-seg-fra-ottawa-konvensjonen-om-forbud-mot-anti-menneskelige-gruver\/\"]}]},{\"@type\":\"ImageObject\",\"inLanguage\":\"nb-NO\",\"@id\":\"https:\/\/nordnesrepublikken.no\/index.php\/2025\/06\/30\/fordi-ukraina-trekker-seg-fra-ottawa-konvensjonen-om-forbud-mot-anti-menneskelige-gruver\/#primaryimage\",\"url\":\"https:\/\/nordnesrepublikken.no\/wp-content\/uploads\/2025\/06\/1751291383_Fordi-Ukraina-trekker-seg-fra-Ottawa-konvensjonen-om-forbud-mot.jpg\",\"contentUrl\":\"https:\/\/nordnesrepublikken.no\/wp-content\/uploads\/2025\/06\/1751291383_Fordi-Ukraina-trekker-seg-fra-Ottawa-konvensjonen-om-forbud-mot.jpg\",\"width\":1280,\"height\":566,\"caption\":\"Immagine\"},{\"@type\":\"BreadcrumbList\",\"@id\":\"https:\/\/nordnesrepublikken.no\/index.php\/2025\/06\/30\/fordi-ukraina-trekker-seg-fra-ottawa-konvensjonen-om-forbud-mot-anti-menneskelige-gruver\/#breadcrumb\",\"itemListElement\":[{\"@type\":\"ListItem\",\"position\":1,\"name\":\"Home\",\"item\":\"https:\/\/nordnesrepublikken.no\/\"},{\"@type\":\"ListItem\",\"position\":2,\"name\":\"Fordi Ukraina trekker seg fra Ottawa -konvensjonen om forbud mot anti -menneskelige gruver\"}]},{\"@type\":\"WebSite\",\"@id\":\"https:\/\/nordnesrepublikken.no\/#website\",\"url\":\"https:\/\/nordnesrepublikken.no\/\",\"name\":\"Nordnesrepublikken\",\"description\":\"Stemmer og Visjoner fra Republikkens Hjerte\",\"publisher\":{\"@id\":\"https:\/\/nordnesrepublikken.no\/#organization\"},\"potentialAction\":[{\"@type\":\"SearchAction\",\"target\":{\"@type\":\"EntryPoint\",\"urlTemplate\":\"https:\/\/nordnesrepublikken.no\/?s={search_term_string}\"},\"query-input\":{\"@type\":\"PropertyValueSpecification\",\"valueRequired\":true,\"valueName\":\"search_term_string\"}}],\"inLanguage\":\"nb-NO\"},{\"@type\":\"Organization\",\"@id\":\"https:\/\/nordnesrepublikken.no\/#organization\",\"name\":\"Nordnesrepublikken\",\"url\":\"https:\/\/nordnesrepublikken.no\/\",\"logo\":{\"@type\":\"ImageObject\",\"inLanguage\":\"nb-NO\",\"@id\":\"https:\/\/nordnesrepublikken.no\/#\/schema\/logo\/image\/\",\"url\":\"https:\/\/nordnesrepublikken.no\/wp-content\/uploads\/2025\/02\/cropped-nordnesrepublikken-2.png\",\"contentUrl\":\"https:\/\/nordnesrepublikken.no\/wp-content\/uploads\/2025\/02\/cropped-nordnesrepublikken-2.png\",\"width\":1248,\"height\":362,\"caption\":\"Nordnesrepublikken\"},\"image\":{\"@id\":\"https:\/\/nordnesrepublikken.no\/#\/schema\/logo\/image\/\"}},{\"@type\":\"Person\",\"@id\":\"https:\/\/nordnesrepublikken.no\/#\/schema\/person\/2e7e81935bab77882fffb79296240ff1\",\"name\":\"Ole Andersen\",\"image\":{\"@type\":\"ImageObject\",\"inLanguage\":\"nb-NO\",\"@id\":\"https:\/\/nordnesrepublikken.no\/#\/schema\/person\/image\/\",\"url\":\"https:\/\/nordnesrepublikken.no\/wp-content\/uploads\/2025\/02\/nordnesrepublikken-2-2-150x150.jpg\",\"contentUrl\":\"https:\/\/nordnesrepublikken.no\/wp-content\/uploads\/2025\/02\/nordnesrepublikken-2-2-150x150.jpg\",\"caption\":\"Ole Andersen\"},\"description\":\"Ettersom jeg vokste opp i Oslo, har jeg alltid v\u00e6rt fascinert av ordenes kraft og deres evne til \u00e5 skape endringer. Etter \u00e5 ha fullf\u00f8rt min utdannelse i kommunikasjon ved Universitetet i Bergen, fikk jeg muligheten til \u00e5 jobbe innen ulike medier, der jeg har s\u00f8kt \u00e5 belyse viktige samfunnssp\u00f8rsm\u00e5l. I dag, som redakt\u00f8r for Nordnesrepublikken, pr\u00f8ver jeg \u00e5 forene min kj\u00e6rlighet for journalistikk med min lidenskap for innovasjon og eventyr.\",\"sameAs\":[\"https:\/\/nordnesrepublikken.no\/\"]}]}<\/script>\n<!-- \/ Yoast SEO plugin. -->","yoast_head_json":{"title":"Fordi Ukraina trekker seg fra Ottawa -konvensjonen om forbud mot anti -menneskelige gruver - Nordnesrepublikken","robots":{"index":"index","follow":"follow","max-snippet":"max-snippet:-1","max-image-preview":"max-image-preview:large","max-video-preview":"max-video-preview:-1"},"canonical":"https:\/\/nordnesrepublikken.no\/index.php\/2025\/06\/30\/fordi-ukraina-trekker-seg-fra-ottawa-konvensjonen-om-forbud-mot-anti-menneskelige-gruver\/","og_locale":"nb_NO","og_type":"article","og_title":"Fordi Ukraina trekker seg fra Ottawa -konvensjonen om forbud mot anti -menneskelige gruver - Nordnesrepublikken","og_description":"Med et presidentvedtak signert av den ukrainske presidenten Volodymyr ZelenskyThe Republikken Ukraina formelt avgjort i","og_url":"https:\/\/nordnesrepublikken.no\/index.php\/2025\/06\/30\/fordi-ukraina-trekker-seg-fra-ottawa-konvensjonen-om-forbud-mot-anti-menneskelige-gruver\/","og_site_name":"Nordnesrepublikken","article_published_time":"2025-06-30T13:49:41+00:00","article_modified_time":"2025-06-30T13:49:44+00:00","og_image":[{"width":1280,"height":566,"url":"https:\/\/nordnesrepublikken.no\/wp-content\/uploads\/2025\/06\/1751291383_Fordi-Ukraina-trekker-seg-fra-Ottawa-konvensjonen-om-forbud-mot.jpg","type":"image\/jpeg"}],"author":"Ole Andersen","twitter_card":"summary_large_image","twitter_misc":{"Skrevet av":"Ole Andersen","Ansl. lesetid":"3 minutter"},"schema":{"@context":"https:\/\/schema.org","@graph":[{"@type":"Article","@id":"https:\/\/nordnesrepublikken.no\/index.php\/2025\/06\/30\/fordi-ukraina-trekker-seg-fra-ottawa-konvensjonen-om-forbud-mot-anti-menneskelige-gruver\/#article","isPartOf":{"@id":"https:\/\/nordnesrepublikken.no\/index.php\/2025\/06\/30\/fordi-ukraina-trekker-seg-fra-ottawa-konvensjonen-om-forbud-mot-anti-menneskelige-gruver\/"},"author":{"name":"Ole Andersen","@id":"https:\/\/nordnesrepublikken.no\/#\/schema\/person\/2e7e81935bab77882fffb79296240ff1"},"headline":"Fordi Ukraina trekker seg fra Ottawa -konvensjonen om forbud mot anti -menneskelige gruver","datePublished":"2025-06-30T13:49:41+00:00","dateModified":"2025-06-30T13:49:44+00:00","mainEntityOfPage":{"@id":"https:\/\/nordnesrepublikken.no\/index.php\/2025\/06\/30\/fordi-ukraina-trekker-seg-fra-ottawa-konvensjonen-om-forbud-mot-anti-menneskelige-gruver\/"},"wordCount":521,"publisher":{"@id":"https:\/\/nordnesrepublikken.no\/#organization"},"image":{"@id":"https:\/\/nordnesrepublikken.no\/index.php\/2025\/06\/30\/fordi-ukraina-trekker-seg-fra-ottawa-konvensjonen-om-forbud-mot-anti-menneskelige-gruver\/#primaryimage"},"thumbnailUrl":"https:\/\/nordnesrepublikken.no\/wp-content\/uploads\/2025\/06\/1751291383_Fordi-Ukraina-trekker-seg-fra-Ottawa-konvensjonen-om-forbud-mot.jpg","keywords":["anti","forbud","Fordi","fra","gruver","konvensjonen","menneskelige","mot","Ottawa","seg","trekker","Ukraina"],"articleSection":["Politikk"],"inLanguage":"nb-NO"},{"@type":"WebPage","@id":"https:\/\/nordnesrepublikken.no\/index.php\/2025\/06\/30\/fordi-ukraina-trekker-seg-fra-ottawa-konvensjonen-om-forbud-mot-anti-menneskelige-gruver\/","url":"https:\/\/nordnesrepublikken.no\/index.php\/2025\/06\/30\/fordi-ukraina-trekker-seg-fra-ottawa-konvensjonen-om-forbud-mot-anti-menneskelige-gruver\/","name":"Fordi Ukraina trekker seg fra Ottawa -konvensjonen om forbud mot anti -menneskelige gruver - Nordnesrepublikken","isPartOf":{"@id":"https:\/\/nordnesrepublikken.no\/#website"},"primaryImageOfPage":{"@id":"https:\/\/nordnesrepublikken.no\/index.php\/2025\/06\/30\/fordi-ukraina-trekker-seg-fra-ottawa-konvensjonen-om-forbud-mot-anti-menneskelige-gruver\/#primaryimage"},"image":{"@id":"https:\/\/nordnesrepublikken.no\/index.php\/2025\/06\/30\/fordi-ukraina-trekker-seg-fra-ottawa-konvensjonen-om-forbud-mot-anti-menneskelige-gruver\/#primaryimage"},"thumbnailUrl":"https:\/\/nordnesrepublikken.no\/wp-content\/uploads\/2025\/06\/1751291383_Fordi-Ukraina-trekker-seg-fra-Ottawa-konvensjonen-om-forbud-mot.jpg","datePublished":"2025-06-30T13:49:41+00:00","dateModified":"2025-06-30T13:49:44+00:00","breadcrumb":{"@id":"https:\/\/nordnesrepublikken.no\/index.php\/2025\/06\/30\/fordi-ukraina-trekker-seg-fra-ottawa-konvensjonen-om-forbud-mot-anti-menneskelige-gruver\/#breadcrumb"},"inLanguage":"nb-NO","potentialAction":[{"@type":"ReadAction","target":["https:\/\/nordnesrepublikken.no\/index.php\/2025\/06\/30\/fordi-ukraina-trekker-seg-fra-ottawa-konvensjonen-om-forbud-mot-anti-menneskelige-gruver\/"]}]},{"@type":"ImageObject","inLanguage":"nb-NO","@id":"https:\/\/nordnesrepublikken.no\/index.php\/2025\/06\/30\/fordi-ukraina-trekker-seg-fra-ottawa-konvensjonen-om-forbud-mot-anti-menneskelige-gruver\/#primaryimage","url":"https:\/\/nordnesrepublikken.no\/wp-content\/uploads\/2025\/06\/1751291383_Fordi-Ukraina-trekker-seg-fra-Ottawa-konvensjonen-om-forbud-mot.jpg","contentUrl":"https:\/\/nordnesrepublikken.no\/wp-content\/uploads\/2025\/06\/1751291383_Fordi-Ukraina-trekker-seg-fra-Ottawa-konvensjonen-om-forbud-mot.jpg","width":1280,"height":566,"caption":"Immagine"},{"@type":"BreadcrumbList","@id":"https:\/\/nordnesrepublikken.no\/index.php\/2025\/06\/30\/fordi-ukraina-trekker-seg-fra-ottawa-konvensjonen-om-forbud-mot-anti-menneskelige-gruver\/#breadcrumb","itemListElement":[{"@type":"ListItem","position":1,"name":"Home","item":"https:\/\/nordnesrepublikken.no\/"},{"@type":"ListItem","position":2,"name":"Fordi Ukraina trekker seg fra Ottawa -konvensjonen om forbud mot anti -menneskelige gruver"}]},{"@type":"WebSite","@id":"https:\/\/nordnesrepublikken.no\/#website","url":"https:\/\/nordnesrepublikken.no\/","name":"Nordnesrepublikken","description":"Stemmer og Visjoner fra Republikkens Hjerte","publisher":{"@id":"https:\/\/nordnesrepublikken.no\/#organization"},"potentialAction":[{"@type":"SearchAction","target":{"@type":"EntryPoint","urlTemplate":"https:\/\/nordnesrepublikken.no\/?s={search_term_string}"},"query-input":{"@type":"PropertyValueSpecification","valueRequired":true,"valueName":"search_term_string"}}],"inLanguage":"nb-NO"},{"@type":"Organization","@id":"https:\/\/nordnesrepublikken.no\/#organization","name":"Nordnesrepublikken","url":"https:\/\/nordnesrepublikken.no\/","logo":{"@type":"ImageObject","inLanguage":"nb-NO","@id":"https:\/\/nordnesrepublikken.no\/#\/schema\/logo\/image\/","url":"https:\/\/nordnesrepublikken.no\/wp-content\/uploads\/2025\/02\/cropped-nordnesrepublikken-2.png","contentUrl":"https:\/\/nordnesrepublikken.no\/wp-content\/uploads\/2025\/02\/cropped-nordnesrepublikken-2.png","width":1248,"height":362,"caption":"Nordnesrepublikken"},"image":{"@id":"https:\/\/nordnesrepublikken.no\/#\/schema\/logo\/image\/"}},{"@type":"Person","@id":"https:\/\/nordnesrepublikken.no\/#\/schema\/person\/2e7e81935bab77882fffb79296240ff1","name":"Ole Andersen","image":{"@type":"ImageObject","inLanguage":"nb-NO","@id":"https:\/\/nordnesrepublikken.no\/#\/schema\/person\/image\/","url":"https:\/\/nordnesrepublikken.no\/wp-content\/uploads\/2025\/02\/nordnesrepublikken-2-2-150x150.jpg","contentUrl":"https:\/\/nordnesrepublikken.no\/wp-content\/uploads\/2025\/02\/nordnesrepublikken-2-2-150x150.jpg","caption":"Ole Andersen"},"description":"Ettersom jeg vokste opp i Oslo, har jeg alltid v\u00e6rt fascinert av ordenes kraft og deres evne til \u00e5 skape endringer. Etter \u00e5 ha fullf\u00f8rt min utdannelse i kommunikasjon ved Universitetet i Bergen, fikk jeg muligheten til \u00e5 jobbe innen ulike medier, der jeg har s\u00f8kt \u00e5 belyse viktige samfunnssp\u00f8rsm\u00e5l. I dag, som redakt\u00f8r for Nordnesrepublikken, pr\u00f8ver jeg \u00e5 forene min kj\u00e6rlighet for journalistikk med min lidenskap for innovasjon og eventyr.","sameAs":["https:\/\/nordnesrepublikken.no\/"]}]}},"_links":{"self":[{"href":"https:\/\/nordnesrepublikken.no\/index.php\/wp-json\/wp\/v2\/posts\/6427","targetHints":{"allow":["GET"]}}],"collection":[{"href":"https:\/\/nordnesrepublikken.no\/index.php\/wp-json\/wp\/v2\/posts"}],"about":[{"href":"https:\/\/nordnesrepublikken.no\/index.php\/wp-json\/wp\/v2\/types\/post"}],"author":[{"embeddable":true,"href":"https:\/\/nordnesrepublikken.no\/index.php\/wp-json\/wp\/v2\/users\/1"}],"replies":[{"embeddable":true,"href":"https:\/\/nordnesrepublikken.no\/index.php\/wp-json\/wp\/v2\/comments?post=6427"}],"version-history":[{"count":1,"href":"https:\/\/nordnesrepublikken.no\/index.php\/wp-json\/wp\/v2\/posts\/6427\/revisions"}],"predecessor-version":[{"id":6429,"href":"https:\/\/nordnesrepublikken.no\/index.php\/wp-json\/wp\/v2\/posts\/6427\/revisions\/6429"}],"wp:featuredmedia":[{"embeddable":true,"href":"https:\/\/nordnesrepublikken.no\/index.php\/wp-json\/wp\/v2\/media\/6428"}],"wp:attachment":[{"href":"https:\/\/nordnesrepublikken.no\/index.php\/wp-json\/wp\/v2\/media?parent=6427"}],"wp:term":[{"taxonomy":"category","embeddable":true,"href":"https:\/\/nordnesrepublikken.no\/index.php\/wp-json\/wp\/v2\/categories?post=6427"},{"taxonomy":"post_tag","embeddable":true,"href":"https:\/\/nordnesrepublikken.no\/index.php\/wp-json\/wp\/v2\/tags?post=6427"}],"curies":[{"name":"wp","href":"https:\/\/api.w.org\/{rel}","templated":true}]}}