{"id":6424,"date":"2025-06-30T14:49:40","date_gmt":"2025-06-30T12:49:40","guid":{"rendered":"https:\/\/nordnesrepublikken.no\/index.php\/2025\/06\/30\/hva-er-effekten-av-varmen-pa-smarttelefoner-og-hvordan-du-kan-unnga-a-skade-mobiltelefonen\/"},"modified":"2025-06-30T14:50:05","modified_gmt":"2025-06-30T12:50:05","slug":"hva-er-effekten-av-varmen-pa-smarttelefoner-og-hvordan-du-kan-unnga-a-skade-mobiltelefonen","status":"publish","type":"post","link":"https:\/\/nordnesrepublikken.no\/index.php\/2025\/06\/30\/hva-er-effekten-av-varmen-pa-smarttelefoner-og-hvordan-du-kan-unnga-a-skade-mobiltelefonen\/","title":{"rendered":"Hva er effekten av varmen p\u00e5 smarttelefoner og hvordan du kan unng\u00e5 \u00e5 skade mobiltelefonen"},"content":{"rendered":"<div>\n<div class=\"cp_wrapper cp_wrapper--fw mb-30 mb-20@tablet\">\n<figure class=\"mm\"><picture class=\"img\" style=\"padding-top:56.25%\"><source  media=\"(min-width: 1024px)\"><source  media=\"(min-width: 768px)\"><\/source><\/source><\/picture><\/figure>\n<\/p><\/div>\n<p>De h\u00f8ye temperaturene akselererer reduserer ytelsen og forkorter levetiden til de interne komponentene p\u00e5 smarttelefonen betydelig. De vanligste skadene gjelder batteriet, prosessoren og skjermen, elementer som reagerer d\u00e5rlig p\u00e5 langvarig eksponering for varme, spesielt hvis de er ledsaget av intense arbeidsmengder, for eksempel spill eller hurtig topp -ups. Litiumionbatterier, mye utbredt i mobile enheter, kan miste effektiviteten, svelle eller bli ustabile hvis de er overeksponert p\u00e5 varmen. Skjermen kan ogs\u00e5 misfarge eller presentere anomalier. For \u00e5 unng\u00e5 disse skadene, m\u00e5 du l\u00e6re \u00e5 gjenkjenne symptomene p\u00e5 overoppheting og bruke noen enkle daglige forholdsregler for \u00e5 unng\u00e5 effekten av dem. I denne artikkelen forklarer vi deg mer detaljert <strong>Hvordan varmen skader mobiltelefoner og hvordan du kan unng\u00e5 bivirkningene av h\u00f8ye temperaturer<\/strong>.<\/p>\n<h2>Hvilke konsekvenser gir varmen<\/h2>\n<p>Konsekvensene av overoppheting er ikke begrenset til en \u00f8yeblikkelig f\u00f8lelse av varme som merkes ved \u00e5 ber\u00f8re telefonen, men kan p\u00e5f\u00f8re enheten p\u00e5 enheten <strong>langvarig skade<\/strong>. En tydelig f\u00f8rste effekt er <strong>Reduksjon av ytelse<\/strong>: Med varmen kan smarttelefonen g\u00e5 treg, forhindre bruk av fakkel, navigat\u00f8r og andre energiske funksjoner (som en form for selvprotrote), kan stoppe og til og med g\u00e5 ut uavhengig. P\u00e5 lang sikt kan skaden v\u00e6re mye mer alvorlig. De <strong>Batterier mister ferdighetene raskere<\/strong>kommer til \u00e5 vare mindre p\u00e5 dagtid. I ekstreme tilfeller kan de <strong>svulme<\/strong>og tvang dermed eieren av smarttelefonen til \u00e5 ta ham til hjelp.<\/p>\n<p><strong>Luigi Pagari<\/strong>Professor i omformere, maskiner og elektrisk driv ved polyteknikken i Milano, ang\u00e5ende aldring av litiumbatterier p\u00e5 grunn av varme, forklarer:<\/p>\n<blockquote>\n<p>I henhold til loven i Arrhenus, dobler aldringen omtrent hver 10. grader. S\u00e5 hvis en smarttelefon blir utsatt for temperaturer p\u00e5 50 grader i en uke, er det som om den hadde blitt brukt i to m\u00e5neder.<\/p>\n<\/blockquote>\n<p>Ogs\u00e5 <strong>prosessor<\/strong> Det kan bli skadet: Hvis beskyttelsessystemene som vi har nevnt ovenfor ikke skal gripe inn i tide, kan overskuddet av varme endre funksjonen til de interne kretsene. Det samme gjelder det <strong>skjerm<\/strong>spesielt s\u00e5rbar for direkte sollys: sistnevntes flytende krystaller kan forringe, og etterlate m\u00f8rke flekker eller permanente visuelle effekter.<\/p>\n<h2>Hvordan forhindre at smarttelefonen blir skadet om sommeren<\/h2>\n<p>Gitt de stadig mer torridene som vi har \u00e5 gj\u00f8re med de siste \u00e5rene (takket v\u00e6re global oppvarming), la oss se <strong>Hvordan beskytte smarttelefonen mot varmen<\/strong> Bruke tre enkle r\u00e5d.<\/p>\n<ul>\n<li><strong>Begrenset eksponeringen av mobiltelefonen til h\u00f8ye temperaturer:<\/strong> Dette betyr at du aldri skal la telefonen bli utsatt for solen eller inne i en lukket bil, der temperaturen raskt kan stige utover sikkerhetsgrensene som er anbefalt av produsentene.<\/li>\n<li><strong>Ikke tyr til ekstreme metoder for \u00e5 avkj\u00f8le telefonen:<\/strong> Hvis du overopphetes, flytter du den til et kult sted og sl\u00e5r den av. Unng\u00e5 absolutt \u00e5 legge det i kj\u00f8leskapet fordi det termiske st\u00f8tet kan for\u00e5rsake intern kondens og skade maskinvarekomponentene permanent.<\/li>\n<li><strong>Lett smarttelefonens arbeidsmengde:<\/strong> Unng\u00e5 \u00e5 bruke for tunge apper hvis du legger merke til at enheten er varm (kanskje fordi den er en spesielt varm dag) og ikke brukes, for \u00e5 lette belastningen p\u00e5 prosessoren.<\/li>\n<\/ul><\/div>\n","protected":false},"excerpt":{"rendered":"<p>De h\u00f8ye temperaturene akselererer reduserer ytelsen og forkorter levetiden til de interne komponentene p\u00e5 smarttelefonen<\/p>\n","protected":false},"author":1,"featured_media":6425,"comment_status":"closed","ping_status":"open","sticky":false,"template":"","format":"standard","meta":{"footnotes":""},"categories":[25],"tags":[376,144,112,339,4099,81,143,1176,1059,4098],"class_list":["post-6424","post","type-post","status-publish","format-standard","has-post-thumbnail","hentry","category-teknologi","tag-effekten","tag-hva","tag-hvordan","tag-kan","tag-mobiltelefonen","tag-pa","tag-skade","tag-smarttelefoner","tag-unnga","tag-varmen","generate-columns","tablet-grid-50","mobile-grid-100","grid-parent","grid-33","resize-featured-image"],"yoast_head":"<!-- This site is optimized with the Yoast SEO plugin v24.4 - https:\/\/yoast.com\/wordpress\/plugins\/seo\/ -->\n<title>Hva er effekten av varmen p\u00e5 smarttelefoner og hvordan du kan unng\u00e5 \u00e5 skade mobiltelefonen - Nordnesrepublikken<\/title>\n<meta name=\"robots\" content=\"index, follow, max-snippet:-1, max-image-preview:large, max-video-preview:-1\" \/>\n<link rel=\"canonical\" href=\"https:\/\/nordnesrepublikken.no\/index.php\/2025\/06\/30\/hva-er-effekten-av-varmen-pa-smarttelefoner-og-hvordan-du-kan-unnga-a-skade-mobiltelefonen\/\" \/>\n<meta property=\"og:locale\" content=\"nb_NO\" \/>\n<meta property=\"og:type\" content=\"article\" \/>\n<meta property=\"og:title\" content=\"Hva er effekten av varmen p\u00e5 smarttelefoner og hvordan du kan unng\u00e5 \u00e5 skade mobiltelefonen - Nordnesrepublikken\" \/>\n<meta property=\"og:description\" content=\"De h\u00f8ye temperaturene akselererer reduserer ytelsen og forkorter levetiden til de interne komponentene p\u00e5 smarttelefonen\" \/>\n<meta property=\"og:url\" content=\"https:\/\/nordnesrepublikken.no\/index.php\/2025\/06\/30\/hva-er-effekten-av-varmen-pa-smarttelefoner-og-hvordan-du-kan-unnga-a-skade-mobiltelefonen\/\" \/>\n<meta property=\"og:site_name\" content=\"Nordnesrepublikken\" \/>\n<meta property=\"article:published_time\" content=\"2025-06-30T12:49:40+00:00\" \/>\n<meta property=\"article:modified_time\" content=\"2025-06-30T12:50:05+00:00\" \/>\n<meta property=\"og:image\" content=\"https:\/\/nordnesrepublikken.no\/wp-content\/uploads\/2025\/06\/1751287781_Hva-er-effekten-av-varmen-pa-smarttelefoner-og-hvordan-du-scaled.jpg\" \/>\n\t<meta property=\"og:image:width\" content=\"2560\" \/>\n\t<meta property=\"og:image:height\" content=\"1706\" \/>\n\t<meta property=\"og:image:type\" content=\"image\/jpeg\" \/>\n<meta name=\"author\" content=\"Ole Andersen\" \/>\n<meta name=\"twitter:card\" content=\"summary_large_image\" \/>\n<meta name=\"twitter:label1\" content=\"Skrevet av\" \/>\n\t<meta name=\"twitter:data1\" content=\"Ole Andersen\" \/>\n\t<meta name=\"twitter:label2\" content=\"Ansl. lesetid\" \/>\n\t<meta name=\"twitter:data2\" content=\"2 minutter\" \/>\n<script type=\"application\/ld+json\" class=\"yoast-schema-graph\">{\"@context\":\"https:\/\/schema.org\",\"@graph\":[{\"@type\":\"Article\",\"@id\":\"https:\/\/nordnesrepublikken.no\/index.php\/2025\/06\/30\/hva-er-effekten-av-varmen-pa-smarttelefoner-og-hvordan-du-kan-unnga-a-skade-mobiltelefonen\/#article\",\"isPartOf\":{\"@id\":\"https:\/\/nordnesrepublikken.no\/index.php\/2025\/06\/30\/hva-er-effekten-av-varmen-pa-smarttelefoner-og-hvordan-du-kan-unnga-a-skade-mobiltelefonen\/\"},\"author\":{\"name\":\"Ole Andersen\",\"@id\":\"https:\/\/nordnesrepublikken.no\/#\/schema\/person\/2e7e81935bab77882fffb79296240ff1\"},\"headline\":\"Hva er effekten av varmen p\u00e5 smarttelefoner og hvordan du kan unng\u00e5 \u00e5 skade mobiltelefonen\",\"datePublished\":\"2025-06-30T12:49:40+00:00\",\"dateModified\":\"2025-06-30T12:50:05+00:00\",\"mainEntityOfPage\":{\"@id\":\"https:\/\/nordnesrepublikken.no\/index.php\/2025\/06\/30\/hva-er-effekten-av-varmen-pa-smarttelefoner-og-hvordan-du-kan-unnga-a-skade-mobiltelefonen\/\"},\"wordCount\":510,\"publisher\":{\"@id\":\"https:\/\/nordnesrepublikken.no\/#organization\"},\"image\":{\"@id\":\"https:\/\/nordnesrepublikken.no\/index.php\/2025\/06\/30\/hva-er-effekten-av-varmen-pa-smarttelefoner-og-hvordan-du-kan-unnga-a-skade-mobiltelefonen\/#primaryimage\"},\"thumbnailUrl\":\"https:\/\/nordnesrepublikken.no\/wp-content\/uploads\/2025\/06\/1751287781_Hva-er-effekten-av-varmen-pa-smarttelefoner-og-hvordan-du-scaled.jpg\",\"keywords\":[\"effekten\",\"Hva\",\"Hvordan\",\"kan\",\"mobiltelefonen\",\"p\u00e5\",\"skade\",\"smarttelefoner\",\"unng\u00e5\",\"varmen\"],\"articleSection\":[\"Teknologi\"],\"inLanguage\":\"nb-NO\"},{\"@type\":\"WebPage\",\"@id\":\"https:\/\/nordnesrepublikken.no\/index.php\/2025\/06\/30\/hva-er-effekten-av-varmen-pa-smarttelefoner-og-hvordan-du-kan-unnga-a-skade-mobiltelefonen\/\",\"url\":\"https:\/\/nordnesrepublikken.no\/index.php\/2025\/06\/30\/hva-er-effekten-av-varmen-pa-smarttelefoner-og-hvordan-du-kan-unnga-a-skade-mobiltelefonen\/\",\"name\":\"Hva er effekten av varmen p\u00e5 smarttelefoner og hvordan du kan unng\u00e5 \u00e5 skade mobiltelefonen - Nordnesrepublikken\",\"isPartOf\":{\"@id\":\"https:\/\/nordnesrepublikken.no\/#website\"},\"primaryImageOfPage\":{\"@id\":\"https:\/\/nordnesrepublikken.no\/index.php\/2025\/06\/30\/hva-er-effekten-av-varmen-pa-smarttelefoner-og-hvordan-du-kan-unnga-a-skade-mobiltelefonen\/#primaryimage\"},\"image\":{\"@id\":\"https:\/\/nordnesrepublikken.no\/index.php\/2025\/06\/30\/hva-er-effekten-av-varmen-pa-smarttelefoner-og-hvordan-du-kan-unnga-a-skade-mobiltelefonen\/#primaryimage\"},\"thumbnailUrl\":\"https:\/\/nordnesrepublikken.no\/wp-content\/uploads\/2025\/06\/1751287781_Hva-er-effekten-av-varmen-pa-smarttelefoner-og-hvordan-du-scaled.jpg\",\"datePublished\":\"2025-06-30T12:49:40+00:00\",\"dateModified\":\"2025-06-30T12:50:05+00:00\",\"breadcrumb\":{\"@id\":\"https:\/\/nordnesrepublikken.no\/index.php\/2025\/06\/30\/hva-er-effekten-av-varmen-pa-smarttelefoner-og-hvordan-du-kan-unnga-a-skade-mobiltelefonen\/#breadcrumb\"},\"inLanguage\":\"nb-NO\",\"potentialAction\":[{\"@type\":\"ReadAction\",\"target\":[\"https:\/\/nordnesrepublikken.no\/index.php\/2025\/06\/30\/hva-er-effekten-av-varmen-pa-smarttelefoner-og-hvordan-du-kan-unnga-a-skade-mobiltelefonen\/\"]}]},{\"@type\":\"ImageObject\",\"inLanguage\":\"nb-NO\",\"@id\":\"https:\/\/nordnesrepublikken.no\/index.php\/2025\/06\/30\/hva-er-effekten-av-varmen-pa-smarttelefoner-og-hvordan-du-kan-unnga-a-skade-mobiltelefonen\/#primaryimage\",\"url\":\"https:\/\/nordnesrepublikken.no\/wp-content\/uploads\/2025\/06\/1751287781_Hva-er-effekten-av-varmen-pa-smarttelefoner-og-hvordan-du-scaled.jpg\",\"contentUrl\":\"https:\/\/nordnesrepublikken.no\/wp-content\/uploads\/2025\/06\/1751287781_Hva-er-effekten-av-varmen-pa-smarttelefoner-og-hvordan-du-scaled.jpg\",\"width\":2560,\"height\":1706,\"caption\":\"cellulare caldo temperatura batteria\"},{\"@type\":\"BreadcrumbList\",\"@id\":\"https:\/\/nordnesrepublikken.no\/index.php\/2025\/06\/30\/hva-er-effekten-av-varmen-pa-smarttelefoner-og-hvordan-du-kan-unnga-a-skade-mobiltelefonen\/#breadcrumb\",\"itemListElement\":[{\"@type\":\"ListItem\",\"position\":1,\"name\":\"Home\",\"item\":\"https:\/\/nordnesrepublikken.no\/\"},{\"@type\":\"ListItem\",\"position\":2,\"name\":\"Hva er effekten av varmen p\u00e5 smarttelefoner og hvordan du kan unng\u00e5 \u00e5 skade mobiltelefonen\"}]},{\"@type\":\"WebSite\",\"@id\":\"https:\/\/nordnesrepublikken.no\/#website\",\"url\":\"https:\/\/nordnesrepublikken.no\/\",\"name\":\"Nordnesrepublikken\",\"description\":\"Stemmer og Visjoner fra Republikkens Hjerte\",\"publisher\":{\"@id\":\"https:\/\/nordnesrepublikken.no\/#organization\"},\"potentialAction\":[{\"@type\":\"SearchAction\",\"target\":{\"@type\":\"EntryPoint\",\"urlTemplate\":\"https:\/\/nordnesrepublikken.no\/?s={search_term_string}\"},\"query-input\":{\"@type\":\"PropertyValueSpecification\",\"valueRequired\":true,\"valueName\":\"search_term_string\"}}],\"inLanguage\":\"nb-NO\"},{\"@type\":\"Organization\",\"@id\":\"https:\/\/nordnesrepublikken.no\/#organization\",\"name\":\"Nordnesrepublikken\",\"url\":\"https:\/\/nordnesrepublikken.no\/\",\"logo\":{\"@type\":\"ImageObject\",\"inLanguage\":\"nb-NO\",\"@id\":\"https:\/\/nordnesrepublikken.no\/#\/schema\/logo\/image\/\",\"url\":\"https:\/\/nordnesrepublikken.no\/wp-content\/uploads\/2025\/02\/cropped-nordnesrepublikken-2.png\",\"contentUrl\":\"https:\/\/nordnesrepublikken.no\/wp-content\/uploads\/2025\/02\/cropped-nordnesrepublikken-2.png\",\"width\":1248,\"height\":362,\"caption\":\"Nordnesrepublikken\"},\"image\":{\"@id\":\"https:\/\/nordnesrepublikken.no\/#\/schema\/logo\/image\/\"}},{\"@type\":\"Person\",\"@id\":\"https:\/\/nordnesrepublikken.no\/#\/schema\/person\/2e7e81935bab77882fffb79296240ff1\",\"name\":\"Ole Andersen\",\"image\":{\"@type\":\"ImageObject\",\"inLanguage\":\"nb-NO\",\"@id\":\"https:\/\/nordnesrepublikken.no\/#\/schema\/person\/image\/\",\"url\":\"https:\/\/nordnesrepublikken.no\/wp-content\/uploads\/2025\/02\/nordnesrepublikken-2-2-150x150.jpg\",\"contentUrl\":\"https:\/\/nordnesrepublikken.no\/wp-content\/uploads\/2025\/02\/nordnesrepublikken-2-2-150x150.jpg\",\"caption\":\"Ole Andersen\"},\"description\":\"Ettersom jeg vokste opp i Oslo, har jeg alltid v\u00e6rt fascinert av ordenes kraft og deres evne til \u00e5 skape endringer. Etter \u00e5 ha fullf\u00f8rt min utdannelse i kommunikasjon ved Universitetet i Bergen, fikk jeg muligheten til \u00e5 jobbe innen ulike medier, der jeg har s\u00f8kt \u00e5 belyse viktige samfunnssp\u00f8rsm\u00e5l. I dag, som redakt\u00f8r for Nordnesrepublikken, pr\u00f8ver jeg \u00e5 forene min kj\u00e6rlighet for journalistikk med min lidenskap for innovasjon og eventyr.\",\"sameAs\":[\"https:\/\/nordnesrepublikken.no\/\"]}]}<\/script>\n<!-- \/ Yoast SEO plugin. -->","yoast_head_json":{"title":"Hva er effekten av varmen p\u00e5 smarttelefoner og hvordan du kan unng\u00e5 \u00e5 skade mobiltelefonen - Nordnesrepublikken","robots":{"index":"index","follow":"follow","max-snippet":"max-snippet:-1","max-image-preview":"max-image-preview:large","max-video-preview":"max-video-preview:-1"},"canonical":"https:\/\/nordnesrepublikken.no\/index.php\/2025\/06\/30\/hva-er-effekten-av-varmen-pa-smarttelefoner-og-hvordan-du-kan-unnga-a-skade-mobiltelefonen\/","og_locale":"nb_NO","og_type":"article","og_title":"Hva er effekten av varmen p\u00e5 smarttelefoner og hvordan du kan unng\u00e5 \u00e5 skade mobiltelefonen - Nordnesrepublikken","og_description":"De h\u00f8ye temperaturene akselererer reduserer ytelsen og forkorter levetiden til de interne komponentene p\u00e5 smarttelefonen","og_url":"https:\/\/nordnesrepublikken.no\/index.php\/2025\/06\/30\/hva-er-effekten-av-varmen-pa-smarttelefoner-og-hvordan-du-kan-unnga-a-skade-mobiltelefonen\/","og_site_name":"Nordnesrepublikken","article_published_time":"2025-06-30T12:49:40+00:00","article_modified_time":"2025-06-30T12:50:05+00:00","og_image":[{"width":2560,"height":1706,"url":"https:\/\/nordnesrepublikken.no\/wp-content\/uploads\/2025\/06\/1751287781_Hva-er-effekten-av-varmen-pa-smarttelefoner-og-hvordan-du-scaled.jpg","type":"image\/jpeg"}],"author":"Ole Andersen","twitter_card":"summary_large_image","twitter_misc":{"Skrevet av":"Ole Andersen","Ansl. lesetid":"2 minutter"},"schema":{"@context":"https:\/\/schema.org","@graph":[{"@type":"Article","@id":"https:\/\/nordnesrepublikken.no\/index.php\/2025\/06\/30\/hva-er-effekten-av-varmen-pa-smarttelefoner-og-hvordan-du-kan-unnga-a-skade-mobiltelefonen\/#article","isPartOf":{"@id":"https:\/\/nordnesrepublikken.no\/index.php\/2025\/06\/30\/hva-er-effekten-av-varmen-pa-smarttelefoner-og-hvordan-du-kan-unnga-a-skade-mobiltelefonen\/"},"author":{"name":"Ole Andersen","@id":"https:\/\/nordnesrepublikken.no\/#\/schema\/person\/2e7e81935bab77882fffb79296240ff1"},"headline":"Hva er effekten av varmen p\u00e5 smarttelefoner og hvordan du kan unng\u00e5 \u00e5 skade mobiltelefonen","datePublished":"2025-06-30T12:49:40+00:00","dateModified":"2025-06-30T12:50:05+00:00","mainEntityOfPage":{"@id":"https:\/\/nordnesrepublikken.no\/index.php\/2025\/06\/30\/hva-er-effekten-av-varmen-pa-smarttelefoner-og-hvordan-du-kan-unnga-a-skade-mobiltelefonen\/"},"wordCount":510,"publisher":{"@id":"https:\/\/nordnesrepublikken.no\/#organization"},"image":{"@id":"https:\/\/nordnesrepublikken.no\/index.php\/2025\/06\/30\/hva-er-effekten-av-varmen-pa-smarttelefoner-og-hvordan-du-kan-unnga-a-skade-mobiltelefonen\/#primaryimage"},"thumbnailUrl":"https:\/\/nordnesrepublikken.no\/wp-content\/uploads\/2025\/06\/1751287781_Hva-er-effekten-av-varmen-pa-smarttelefoner-og-hvordan-du-scaled.jpg","keywords":["effekten","Hva","Hvordan","kan","mobiltelefonen","p\u00e5","skade","smarttelefoner","unng\u00e5","varmen"],"articleSection":["Teknologi"],"inLanguage":"nb-NO"},{"@type":"WebPage","@id":"https:\/\/nordnesrepublikken.no\/index.php\/2025\/06\/30\/hva-er-effekten-av-varmen-pa-smarttelefoner-og-hvordan-du-kan-unnga-a-skade-mobiltelefonen\/","url":"https:\/\/nordnesrepublikken.no\/index.php\/2025\/06\/30\/hva-er-effekten-av-varmen-pa-smarttelefoner-og-hvordan-du-kan-unnga-a-skade-mobiltelefonen\/","name":"Hva er effekten av varmen p\u00e5 smarttelefoner og hvordan du kan unng\u00e5 \u00e5 skade mobiltelefonen - Nordnesrepublikken","isPartOf":{"@id":"https:\/\/nordnesrepublikken.no\/#website"},"primaryImageOfPage":{"@id":"https:\/\/nordnesrepublikken.no\/index.php\/2025\/06\/30\/hva-er-effekten-av-varmen-pa-smarttelefoner-og-hvordan-du-kan-unnga-a-skade-mobiltelefonen\/#primaryimage"},"image":{"@id":"https:\/\/nordnesrepublikken.no\/index.php\/2025\/06\/30\/hva-er-effekten-av-varmen-pa-smarttelefoner-og-hvordan-du-kan-unnga-a-skade-mobiltelefonen\/#primaryimage"},"thumbnailUrl":"https:\/\/nordnesrepublikken.no\/wp-content\/uploads\/2025\/06\/1751287781_Hva-er-effekten-av-varmen-pa-smarttelefoner-og-hvordan-du-scaled.jpg","datePublished":"2025-06-30T12:49:40+00:00","dateModified":"2025-06-30T12:50:05+00:00","breadcrumb":{"@id":"https:\/\/nordnesrepublikken.no\/index.php\/2025\/06\/30\/hva-er-effekten-av-varmen-pa-smarttelefoner-og-hvordan-du-kan-unnga-a-skade-mobiltelefonen\/#breadcrumb"},"inLanguage":"nb-NO","potentialAction":[{"@type":"ReadAction","target":["https:\/\/nordnesrepublikken.no\/index.php\/2025\/06\/30\/hva-er-effekten-av-varmen-pa-smarttelefoner-og-hvordan-du-kan-unnga-a-skade-mobiltelefonen\/"]}]},{"@type":"ImageObject","inLanguage":"nb-NO","@id":"https:\/\/nordnesrepublikken.no\/index.php\/2025\/06\/30\/hva-er-effekten-av-varmen-pa-smarttelefoner-og-hvordan-du-kan-unnga-a-skade-mobiltelefonen\/#primaryimage","url":"https:\/\/nordnesrepublikken.no\/wp-content\/uploads\/2025\/06\/1751287781_Hva-er-effekten-av-varmen-pa-smarttelefoner-og-hvordan-du-scaled.jpg","contentUrl":"https:\/\/nordnesrepublikken.no\/wp-content\/uploads\/2025\/06\/1751287781_Hva-er-effekten-av-varmen-pa-smarttelefoner-og-hvordan-du-scaled.jpg","width":2560,"height":1706,"caption":"cellulare caldo temperatura batteria"},{"@type":"BreadcrumbList","@id":"https:\/\/nordnesrepublikken.no\/index.php\/2025\/06\/30\/hva-er-effekten-av-varmen-pa-smarttelefoner-og-hvordan-du-kan-unnga-a-skade-mobiltelefonen\/#breadcrumb","itemListElement":[{"@type":"ListItem","position":1,"name":"Home","item":"https:\/\/nordnesrepublikken.no\/"},{"@type":"ListItem","position":2,"name":"Hva er effekten av varmen p\u00e5 smarttelefoner og hvordan du kan unng\u00e5 \u00e5 skade mobiltelefonen"}]},{"@type":"WebSite","@id":"https:\/\/nordnesrepublikken.no\/#website","url":"https:\/\/nordnesrepublikken.no\/","name":"Nordnesrepublikken","description":"Stemmer og Visjoner fra Republikkens Hjerte","publisher":{"@id":"https:\/\/nordnesrepublikken.no\/#organization"},"potentialAction":[{"@type":"SearchAction","target":{"@type":"EntryPoint","urlTemplate":"https:\/\/nordnesrepublikken.no\/?s={search_term_string}"},"query-input":{"@type":"PropertyValueSpecification","valueRequired":true,"valueName":"search_term_string"}}],"inLanguage":"nb-NO"},{"@type":"Organization","@id":"https:\/\/nordnesrepublikken.no\/#organization","name":"Nordnesrepublikken","url":"https:\/\/nordnesrepublikken.no\/","logo":{"@type":"ImageObject","inLanguage":"nb-NO","@id":"https:\/\/nordnesrepublikken.no\/#\/schema\/logo\/image\/","url":"https:\/\/nordnesrepublikken.no\/wp-content\/uploads\/2025\/02\/cropped-nordnesrepublikken-2.png","contentUrl":"https:\/\/nordnesrepublikken.no\/wp-content\/uploads\/2025\/02\/cropped-nordnesrepublikken-2.png","width":1248,"height":362,"caption":"Nordnesrepublikken"},"image":{"@id":"https:\/\/nordnesrepublikken.no\/#\/schema\/logo\/image\/"}},{"@type":"Person","@id":"https:\/\/nordnesrepublikken.no\/#\/schema\/person\/2e7e81935bab77882fffb79296240ff1","name":"Ole Andersen","image":{"@type":"ImageObject","inLanguage":"nb-NO","@id":"https:\/\/nordnesrepublikken.no\/#\/schema\/person\/image\/","url":"https:\/\/nordnesrepublikken.no\/wp-content\/uploads\/2025\/02\/nordnesrepublikken-2-2-150x150.jpg","contentUrl":"https:\/\/nordnesrepublikken.no\/wp-content\/uploads\/2025\/02\/nordnesrepublikken-2-2-150x150.jpg","caption":"Ole Andersen"},"description":"Ettersom jeg vokste opp i Oslo, har jeg alltid v\u00e6rt fascinert av ordenes kraft og deres evne til \u00e5 skape endringer. Etter \u00e5 ha fullf\u00f8rt min utdannelse i kommunikasjon ved Universitetet i Bergen, fikk jeg muligheten til \u00e5 jobbe innen ulike medier, der jeg har s\u00f8kt \u00e5 belyse viktige samfunnssp\u00f8rsm\u00e5l. I dag, som redakt\u00f8r for Nordnesrepublikken, pr\u00f8ver jeg \u00e5 forene min kj\u00e6rlighet for journalistikk med min lidenskap for innovasjon og eventyr.","sameAs":["https:\/\/nordnesrepublikken.no\/"]}]}},"_links":{"self":[{"href":"https:\/\/nordnesrepublikken.no\/index.php\/wp-json\/wp\/v2\/posts\/6424","targetHints":{"allow":["GET"]}}],"collection":[{"href":"https:\/\/nordnesrepublikken.no\/index.php\/wp-json\/wp\/v2\/posts"}],"about":[{"href":"https:\/\/nordnesrepublikken.no\/index.php\/wp-json\/wp\/v2\/types\/post"}],"author":[{"embeddable":true,"href":"https:\/\/nordnesrepublikken.no\/index.php\/wp-json\/wp\/v2\/users\/1"}],"replies":[{"embeddable":true,"href":"https:\/\/nordnesrepublikken.no\/index.php\/wp-json\/wp\/v2\/comments?post=6424"}],"version-history":[{"count":1,"href":"https:\/\/nordnesrepublikken.no\/index.php\/wp-json\/wp\/v2\/posts\/6424\/revisions"}],"predecessor-version":[{"id":6426,"href":"https:\/\/nordnesrepublikken.no\/index.php\/wp-json\/wp\/v2\/posts\/6424\/revisions\/6426"}],"wp:featuredmedia":[{"embeddable":true,"href":"https:\/\/nordnesrepublikken.no\/index.php\/wp-json\/wp\/v2\/media\/6425"}],"wp:attachment":[{"href":"https:\/\/nordnesrepublikken.no\/index.php\/wp-json\/wp\/v2\/media?parent=6424"}],"wp:term":[{"taxonomy":"category","embeddable":true,"href":"https:\/\/nordnesrepublikken.no\/index.php\/wp-json\/wp\/v2\/categories?post=6424"},{"taxonomy":"post_tag","embeddable":true,"href":"https:\/\/nordnesrepublikken.no\/index.php\/wp-json\/wp\/v2\/tags?post=6424"}],"curies":[{"name":"wp","href":"https:\/\/api.w.org\/{rel}","templated":true}]}}