{"id":6415,"date":"2025-06-30T10:49:44","date_gmt":"2025-06-30T08:49:44","guid":{"rendered":"https:\/\/nordnesrepublikken.no\/index.php\/2025\/06\/30\/angrepet-pa-et-kjernefysisk-sted-forarsaker-ikke-en-atomeksplosjon-men-skaper-risiko-for-forurensning\/"},"modified":"2025-06-30T10:49:46","modified_gmt":"2025-06-30T08:49:46","slug":"angrepet-pa-et-kjernefysisk-sted-forarsaker-ikke-en-atomeksplosjon-men-skaper-risiko-for-forurensning","status":"publish","type":"post","link":"https:\/\/nordnesrepublikken.no\/index.php\/2025\/06\/30\/angrepet-pa-et-kjernefysisk-sted-forarsaker-ikke-en-atomeksplosjon-men-skaper-risiko-for-forurensning\/","title":{"rendered":"Angrepet p\u00e5 et kjernefysisk sted for\u00e5rsaker ikke en atomeksplosjon, men skaper risiko for forurensning"},"content":{"rendered":"<div>\n<div class=\"cp_wrapper cp_wrapper--fw mb-30 mb-20@tablet\">\n<figure class=\"mm\"><picture class=\"img\" style=\"padding-top:56.25%\"><source  media=\"(min-width: 1024px)\"><source  media=\"(min-width: 768px)\"><\/source><\/source><\/picture><\/figure>\n<\/p><\/div>\n<p>DE&#8217;<strong>angripe atomsteder,<\/strong> Som urananrikningssystemer og avsetninger av fissilt materiale, <strong>involverer ikke<\/strong> risikoen for en <strong>kjernefysisk detonasjon,<\/strong> Siden den kritiske geometriske konfigurasjonen og triggersystemet som er n\u00f8dvendig for \u00e5 lage en eksplosiv kjede -fisjoneringsreaksjon mangler. Dette punktet genererte en viss forvirring, for eksempel i anledning nyere angrep p\u00e5 iranske atomsteder av Israel. Imidlertid <strong>Prim\u00e6r risiko<\/strong> ligger i mulig spredning av radioaktivt materiale, som kan bestemme <strong>Milj\u00f8forurensning<\/strong> og p\u00e5f\u00f8lgende negative effekter p\u00e5 folkehelsen. Av disse grunner anses skaden p\u00e5 atomkraftverk, b\u00e5de sivile og milit\u00e6re, ansett som ekstremt farlig og destabiliserende, selv i frav\u00e6r av en atomeksplosjon.<\/p>\n<h2>Forskjell mellom &laquo;kjernemateriale&raquo; og &laquo;atomapparat&raquo;<\/h2>\n<p>I sammenheng med kjernefysiske steder (urananrikningssystemer, avsetninger av fysisk eller kjernefysisk sentralt materiale), er det viktig \u00e5 understreke skillet mellom &laquo;<strong>kjernefysisk materiale<\/strong>&laquo;Og&raquo;<strong>Atomiske enheter<\/strong>\u201dSelv om begge inneholder radioaktive isotoper, de <strong>forskjellig<\/strong> I utgangspunktet for sammensetning, konfigurasjon og \u00f8deleggende potensial. DE&#8217;<strong>eksplosjon<\/strong> Av en atomanordning er resultatet av en ekstremt rask og ukontrollert kjernefysisk fisjoneringsreaksjon. Hvorfor dette skjer, <strong>Det er uunnv\u00e6rlig<\/strong> at det fissile materialet (<strong>Uran-235<\/strong> eller <strong>Plutonium-239<\/strong>) Present h\u00f8y renhet og tilstrekkelig mengde, er anordnet i en geometri som n\u00e5r den kritiske massen, eller minimumsmengden som er n\u00f8dvendig, slik at kjedereaksjonen er selvsettende, og som er utstyrt med et system <strong>sofistikert trigger<\/strong>i stand til \u00e5 komprimere den raskt og jevnt for \u00e5 starte detonasjonen.<\/p>\n<p>I stedet i kjernefysiske, sivile eller milit\u00e6re steder er det ikke fissilmaterialet <strong>heller ikke samlet<\/strong> I en kritisk konfigurasjon, <strong>heller ikke koblet<\/strong> til en triggermekanisme; F\u00f8lgelig en mulig <strong>Bombing<\/strong> av disse strukturene n<strong>p\u00e5 det ville for\u00e5rsake<\/strong> En atomeksplosjon. Spesielt, i berikelsessystemer, er uran vanligvis pr\u00f8vd p\u00e5 berikelsesniv\u00e5er<strong> senke<\/strong> til de som kreves for atomv\u00e5pen (generelt <strong>under 90%<\/strong> av U-235), mens en atomapparat krever sterkt beriket uran (<strong>mer enn 90%<\/strong>).<\/p>\n<h2>Risiko for radioaktiv forurensning<\/h2>\n<p>Den viktigste risikoen knyttet til atominfrastrukturangrepet ligger i den mulige frigj\u00f8ringen e <strong>Isotopi -spredning<\/strong> <strong>radioaktiv<\/strong> I milj\u00f8et, som dokumentert i ulykkene til Tsjernobyl og Fukushima. Forurensning f\u00e5r spesiell tyngdekraft i tilfelle kompromiss med sivile kjernefysiske anlegg eller radioaktive avfallsavsetninger. Imidlertid konfigurerer denne hendelsen et fenomen med radiologisk forurensning e <strong>Ikke<\/strong> en kjernefysisk dehtoning -reaksjon. Aerosiliserte partikler og gasser som inneholder radionuklider kan spre seg gjennom atmosf\u00e6ren, jord- og vannmatriser, og bestemme relevante effekter p\u00e5 menneskers helse og omkringliggende \u00f8kosystemer.<\/p>\n<h2>Er det mer risikabelt \u00e5 treffe et milit\u00e6rt eller sivilt atomsted?<\/h2>\n<p>Angrepet p\u00e5 atomsteder <strong>sivil<\/strong> inneb\u00e6rer en risiko<strong> overlegen<\/strong> Sammenlignet med disse <strong>milit\u00e6r<\/strong> Av flere grunner som ligger i deres design, funksjon og geografisk beliggenhet. Sivile planter klarer store mengder spissilt materiale og radioaktivt avfall, ofte med<strong> Beskyttende niv\u00e5er<\/strong> lavere enn milit\u00e6rstedene, der materialet er bevart i henhold til flere sikkerhetsstandarder <strong>streng<\/strong> og i generelt mindre mengder, men mer konsentrert. I tillegg er mange atomkraftverk lokalisert i n\u00e6rheten av tettbygde omr\u00e5der eller langs kystomr\u00e5der, for <strong>logistiske behov<\/strong> og av <strong>kj\u00f8ling<\/strong>og dermed \u00f8ke den potensielle innvirkningen p\u00e5 sivile befolkninger i tilfelle en ulykke eller angrep. Tvert imot, milit\u00e6re kjernefysiske steder er vanligvis lokalisert i <strong>eksterne omr\u00e5der<\/strong> Og <strong>befestet<\/strong>utstyrt med sv\u00e6rt sofistikerte og vanskelige eller saboterbare forsvarssystemer.<\/p>\n<h2>Konsekvenser av angrep p\u00e5 iranske kjernefysiske steder<\/h2>\n<p>De nylige bombingene utf\u00f8rt av USA og israelske styrker p\u00e5 iranske atomsteder<strong> De har ikke<\/strong> genererte eller kjernefysiske detonasjoner eller betydelige radioaktive dispersjoner, som <strong>De var frav\u00e6rende<\/strong> Forholdene som er n\u00f8dvendige for utl\u00f8seren av en eksplosiv kjernefysisk reaksjon. I henhold til de siste vurderingene av<strong>Internasjonalt byr\u00e5 for atomenergi<\/strong> (AIEA) og iranske myndigheter, ingen utgivelser av radioaktivt materiale utenfor de ber\u00f8rte strukturer er blitt oppdaget (<strong>Fordow, Natanz og Isfahan<\/strong>), var heller ingen risiko for den bosatte befolkningen i omr\u00e5dene rundt. AIEA bekreftet ogs\u00e5 at til tross for strukturskadene utvidet til plantene og mulig tap av kjemisk rangert materiale i infrastrukturen, er de ikke <strong>registrerte \u00f8ker<\/strong> av str\u00e5lingsniv\u00e5er i det ytre milj\u00f8.<\/p>\n<\/p><\/div>\n","protected":false},"excerpt":{"rendered":"<p>DE&#8217;angripe atomsteder, Som urananrikningssystemer og avsetninger av fissilt materiale, involverer ikke risikoen for en kjernefysisk<\/p>\n","protected":false},"author":1,"featured_media":6416,"comment_status":"closed","ping_status":"open","sticky":false,"template":"","format":"standard","meta":{"footnotes":""},"categories":[26],"tags":[950,4092,1656,3404,187,953,355,81,435,1251,494],"class_list":["post-6415","post","type-post","status-publish","format-standard","has-post-thumbnail","hentry","category-miljo","tag-angrepet","tag-atomeksplosjon","tag-forarsaker","tag-forurensning","tag-ikke","tag-kjernefysisk","tag-men","tag-pa","tag-risiko","tag-skaper","tag-sted","generate-columns","tablet-grid-50","mobile-grid-100","grid-parent","grid-33","resize-featured-image"],"yoast_head":"<!-- This site is optimized with the Yoast SEO plugin v24.4 - https:\/\/yoast.com\/wordpress\/plugins\/seo\/ -->\n<title>Angrepet p\u00e5 et kjernefysisk sted for\u00e5rsaker ikke en atomeksplosjon, men skaper risiko for forurensning - Nordnesrepublikken<\/title>\n<meta name=\"robots\" content=\"index, follow, max-snippet:-1, max-image-preview:large, max-video-preview:-1\" \/>\n<link rel=\"canonical\" href=\"https:\/\/nordnesrepublikken.no\/index.php\/2025\/06\/30\/angrepet-pa-et-kjernefysisk-sted-forarsaker-ikke-en-atomeksplosjon-men-skaper-risiko-for-forurensning\/\" \/>\n<meta property=\"og:locale\" content=\"nb_NO\" \/>\n<meta property=\"og:type\" content=\"article\" \/>\n<meta property=\"og:title\" content=\"Angrepet p\u00e5 et kjernefysisk sted for\u00e5rsaker ikke en atomeksplosjon, men skaper risiko for forurensning - Nordnesrepublikken\" \/>\n<meta property=\"og:description\" content=\"DE&#8217;angripe atomsteder, Som urananrikningssystemer og avsetninger av fissilt materiale, involverer ikke risikoen for en kjernefysisk\" \/>\n<meta property=\"og:url\" content=\"https:\/\/nordnesrepublikken.no\/index.php\/2025\/06\/30\/angrepet-pa-et-kjernefysisk-sted-forarsaker-ikke-en-atomeksplosjon-men-skaper-risiko-for-forurensning\/\" \/>\n<meta property=\"og:site_name\" content=\"Nordnesrepublikken\" \/>\n<meta property=\"article:published_time\" content=\"2025-06-30T08:49:44+00:00\" \/>\n<meta property=\"article:modified_time\" content=\"2025-06-30T08:49:46+00:00\" \/>\n<meta property=\"og:image\" content=\"https:\/\/nordnesrepublikken.no\/wp-content\/uploads\/2025\/06\/1751273385_Angrepet-pa-et-kjernefysisk-sted-forarsaker-ikke-en-atomeksplosjon-men.jpg\" \/>\n\t<meta property=\"og:image:width\" content=\"1598\" \/>\n\t<meta property=\"og:image:height\" content=\"836\" \/>\n\t<meta property=\"og:image:type\" content=\"image\/jpeg\" \/>\n<meta name=\"author\" content=\"Ole Andersen\" \/>\n<meta name=\"twitter:card\" content=\"summary_large_image\" \/>\n<meta name=\"twitter:label1\" content=\"Skrevet av\" \/>\n\t<meta name=\"twitter:data1\" content=\"Ole Andersen\" \/>\n\t<meta name=\"twitter:label2\" content=\"Ansl. lesetid\" \/>\n\t<meta name=\"twitter:data2\" content=\"3 minutter\" \/>\n<script type=\"application\/ld+json\" class=\"yoast-schema-graph\">{\"@context\":\"https:\/\/schema.org\",\"@graph\":[{\"@type\":\"Article\",\"@id\":\"https:\/\/nordnesrepublikken.no\/index.php\/2025\/06\/30\/angrepet-pa-et-kjernefysisk-sted-forarsaker-ikke-en-atomeksplosjon-men-skaper-risiko-for-forurensning\/#article\",\"isPartOf\":{\"@id\":\"https:\/\/nordnesrepublikken.no\/index.php\/2025\/06\/30\/angrepet-pa-et-kjernefysisk-sted-forarsaker-ikke-en-atomeksplosjon-men-skaper-risiko-for-forurensning\/\"},\"author\":{\"name\":\"Ole Andersen\",\"@id\":\"https:\/\/nordnesrepublikken.no\/#\/schema\/person\/2e7e81935bab77882fffb79296240ff1\"},\"headline\":\"Angrepet p\u00e5 et kjernefysisk sted for\u00e5rsaker ikke en atomeksplosjon, men skaper risiko for forurensning\",\"datePublished\":\"2025-06-30T08:49:44+00:00\",\"dateModified\":\"2025-06-30T08:49:46+00:00\",\"mainEntityOfPage\":{\"@id\":\"https:\/\/nordnesrepublikken.no\/index.php\/2025\/06\/30\/angrepet-pa-et-kjernefysisk-sted-forarsaker-ikke-en-atomeksplosjon-men-skaper-risiko-for-forurensning\/\"},\"wordCount\":660,\"publisher\":{\"@id\":\"https:\/\/nordnesrepublikken.no\/#organization\"},\"image\":{\"@id\":\"https:\/\/nordnesrepublikken.no\/index.php\/2025\/06\/30\/angrepet-pa-et-kjernefysisk-sted-forarsaker-ikke-en-atomeksplosjon-men-skaper-risiko-for-forurensning\/#primaryimage\"},\"thumbnailUrl\":\"https:\/\/nordnesrepublikken.no\/wp-content\/uploads\/2025\/06\/1751273385_Angrepet-pa-et-kjernefysisk-sted-forarsaker-ikke-en-atomeksplosjon-men.jpg\",\"keywords\":[\"Angrepet\",\"atomeksplosjon\",\"for\u00e5rsaker\",\"forurensning\",\"ikke\",\"kjernefysisk\",\"men\",\"p\u00e5\",\"risiko\",\"skaper\",\"sted\"],\"articleSection\":[\"Milj\u00f8\"],\"inLanguage\":\"nb-NO\"},{\"@type\":\"WebPage\",\"@id\":\"https:\/\/nordnesrepublikken.no\/index.php\/2025\/06\/30\/angrepet-pa-et-kjernefysisk-sted-forarsaker-ikke-en-atomeksplosjon-men-skaper-risiko-for-forurensning\/\",\"url\":\"https:\/\/nordnesrepublikken.no\/index.php\/2025\/06\/30\/angrepet-pa-et-kjernefysisk-sted-forarsaker-ikke-en-atomeksplosjon-men-skaper-risiko-for-forurensning\/\",\"name\":\"Angrepet p\u00e5 et kjernefysisk sted for\u00e5rsaker ikke en atomeksplosjon, men skaper risiko for forurensning - Nordnesrepublikken\",\"isPartOf\":{\"@id\":\"https:\/\/nordnesrepublikken.no\/#website\"},\"primaryImageOfPage\":{\"@id\":\"https:\/\/nordnesrepublikken.no\/index.php\/2025\/06\/30\/angrepet-pa-et-kjernefysisk-sted-forarsaker-ikke-en-atomeksplosjon-men-skaper-risiko-for-forurensning\/#primaryimage\"},\"image\":{\"@id\":\"https:\/\/nordnesrepublikken.no\/index.php\/2025\/06\/30\/angrepet-pa-et-kjernefysisk-sted-forarsaker-ikke-en-atomeksplosjon-men-skaper-risiko-for-forurensning\/#primaryimage\"},\"thumbnailUrl\":\"https:\/\/nordnesrepublikken.no\/wp-content\/uploads\/2025\/06\/1751273385_Angrepet-pa-et-kjernefysisk-sted-forarsaker-ikke-en-atomeksplosjon-men.jpg\",\"datePublished\":\"2025-06-30T08:49:44+00:00\",\"dateModified\":\"2025-06-30T08:49:46+00:00\",\"breadcrumb\":{\"@id\":\"https:\/\/nordnesrepublikken.no\/index.php\/2025\/06\/30\/angrepet-pa-et-kjernefysisk-sted-forarsaker-ikke-en-atomeksplosjon-men-skaper-risiko-for-forurensning\/#breadcrumb\"},\"inLanguage\":\"nb-NO\",\"potentialAction\":[{\"@type\":\"ReadAction\",\"target\":[\"https:\/\/nordnesrepublikken.no\/index.php\/2025\/06\/30\/angrepet-pa-et-kjernefysisk-sted-forarsaker-ikke-en-atomeksplosjon-men-skaper-risiko-for-forurensning\/\"]}]},{\"@type\":\"ImageObject\",\"inLanguage\":\"nb-NO\",\"@id\":\"https:\/\/nordnesrepublikken.no\/index.php\/2025\/06\/30\/angrepet-pa-et-kjernefysisk-sted-forarsaker-ikke-en-atomeksplosjon-men-skaper-risiko-for-forurensning\/#primaryimage\",\"url\":\"https:\/\/nordnesrepublikken.no\/wp-content\/uploads\/2025\/06\/1751273385_Angrepet-pa-et-kjernefysisk-sted-forarsaker-ikke-en-atomeksplosjon-men.jpg\",\"contentUrl\":\"https:\/\/nordnesrepublikken.no\/wp-content\/uploads\/2025\/06\/1751273385_Angrepet-pa-et-kjernefysisk-sted-forarsaker-ikke-en-atomeksplosjon-men.jpg\",\"width\":1598,\"height\":836,\"caption\":\"attacco siti nucleari\"},{\"@type\":\"BreadcrumbList\",\"@id\":\"https:\/\/nordnesrepublikken.no\/index.php\/2025\/06\/30\/angrepet-pa-et-kjernefysisk-sted-forarsaker-ikke-en-atomeksplosjon-men-skaper-risiko-for-forurensning\/#breadcrumb\",\"itemListElement\":[{\"@type\":\"ListItem\",\"position\":1,\"name\":\"Home\",\"item\":\"https:\/\/nordnesrepublikken.no\/\"},{\"@type\":\"ListItem\",\"position\":2,\"name\":\"Angrepet p\u00e5 et kjernefysisk sted for\u00e5rsaker ikke en atomeksplosjon, men skaper risiko for forurensning\"}]},{\"@type\":\"WebSite\",\"@id\":\"https:\/\/nordnesrepublikken.no\/#website\",\"url\":\"https:\/\/nordnesrepublikken.no\/\",\"name\":\"Nordnesrepublikken\",\"description\":\"Stemmer og Visjoner fra Republikkens Hjerte\",\"publisher\":{\"@id\":\"https:\/\/nordnesrepublikken.no\/#organization\"},\"potentialAction\":[{\"@type\":\"SearchAction\",\"target\":{\"@type\":\"EntryPoint\",\"urlTemplate\":\"https:\/\/nordnesrepublikken.no\/?s={search_term_string}\"},\"query-input\":{\"@type\":\"PropertyValueSpecification\",\"valueRequired\":true,\"valueName\":\"search_term_string\"}}],\"inLanguage\":\"nb-NO\"},{\"@type\":\"Organization\",\"@id\":\"https:\/\/nordnesrepublikken.no\/#organization\",\"name\":\"Nordnesrepublikken\",\"url\":\"https:\/\/nordnesrepublikken.no\/\",\"logo\":{\"@type\":\"ImageObject\",\"inLanguage\":\"nb-NO\",\"@id\":\"https:\/\/nordnesrepublikken.no\/#\/schema\/logo\/image\/\",\"url\":\"https:\/\/nordnesrepublikken.no\/wp-content\/uploads\/2025\/02\/cropped-nordnesrepublikken-2.png\",\"contentUrl\":\"https:\/\/nordnesrepublikken.no\/wp-content\/uploads\/2025\/02\/cropped-nordnesrepublikken-2.png\",\"width\":1248,\"height\":362,\"caption\":\"Nordnesrepublikken\"},\"image\":{\"@id\":\"https:\/\/nordnesrepublikken.no\/#\/schema\/logo\/image\/\"}},{\"@type\":\"Person\",\"@id\":\"https:\/\/nordnesrepublikken.no\/#\/schema\/person\/2e7e81935bab77882fffb79296240ff1\",\"name\":\"Ole Andersen\",\"image\":{\"@type\":\"ImageObject\",\"inLanguage\":\"nb-NO\",\"@id\":\"https:\/\/nordnesrepublikken.no\/#\/schema\/person\/image\/\",\"url\":\"https:\/\/nordnesrepublikken.no\/wp-content\/uploads\/2025\/02\/nordnesrepublikken-2-2-150x150.jpg\",\"contentUrl\":\"https:\/\/nordnesrepublikken.no\/wp-content\/uploads\/2025\/02\/nordnesrepublikken-2-2-150x150.jpg\",\"caption\":\"Ole Andersen\"},\"description\":\"Ettersom jeg vokste opp i Oslo, har jeg alltid v\u00e6rt fascinert av ordenes kraft og deres evne til \u00e5 skape endringer. Etter \u00e5 ha fullf\u00f8rt min utdannelse i kommunikasjon ved Universitetet i Bergen, fikk jeg muligheten til \u00e5 jobbe innen ulike medier, der jeg har s\u00f8kt \u00e5 belyse viktige samfunnssp\u00f8rsm\u00e5l. I dag, som redakt\u00f8r for Nordnesrepublikken, pr\u00f8ver jeg \u00e5 forene min kj\u00e6rlighet for journalistikk med min lidenskap for innovasjon og eventyr.\",\"sameAs\":[\"https:\/\/nordnesrepublikken.no\/\"]}]}<\/script>\n<!-- \/ Yoast SEO plugin. -->","yoast_head_json":{"title":"Angrepet p\u00e5 et kjernefysisk sted for\u00e5rsaker ikke en atomeksplosjon, men skaper risiko for forurensning - Nordnesrepublikken","robots":{"index":"index","follow":"follow","max-snippet":"max-snippet:-1","max-image-preview":"max-image-preview:large","max-video-preview":"max-video-preview:-1"},"canonical":"https:\/\/nordnesrepublikken.no\/index.php\/2025\/06\/30\/angrepet-pa-et-kjernefysisk-sted-forarsaker-ikke-en-atomeksplosjon-men-skaper-risiko-for-forurensning\/","og_locale":"nb_NO","og_type":"article","og_title":"Angrepet p\u00e5 et kjernefysisk sted for\u00e5rsaker ikke en atomeksplosjon, men skaper risiko for forurensning - Nordnesrepublikken","og_description":"DE&#8217;angripe atomsteder, Som urananrikningssystemer og avsetninger av fissilt materiale, involverer ikke risikoen for en kjernefysisk","og_url":"https:\/\/nordnesrepublikken.no\/index.php\/2025\/06\/30\/angrepet-pa-et-kjernefysisk-sted-forarsaker-ikke-en-atomeksplosjon-men-skaper-risiko-for-forurensning\/","og_site_name":"Nordnesrepublikken","article_published_time":"2025-06-30T08:49:44+00:00","article_modified_time":"2025-06-30T08:49:46+00:00","og_image":[{"width":1598,"height":836,"url":"https:\/\/nordnesrepublikken.no\/wp-content\/uploads\/2025\/06\/1751273385_Angrepet-pa-et-kjernefysisk-sted-forarsaker-ikke-en-atomeksplosjon-men.jpg","type":"image\/jpeg"}],"author":"Ole Andersen","twitter_card":"summary_large_image","twitter_misc":{"Skrevet av":"Ole Andersen","Ansl. lesetid":"3 minutter"},"schema":{"@context":"https:\/\/schema.org","@graph":[{"@type":"Article","@id":"https:\/\/nordnesrepublikken.no\/index.php\/2025\/06\/30\/angrepet-pa-et-kjernefysisk-sted-forarsaker-ikke-en-atomeksplosjon-men-skaper-risiko-for-forurensning\/#article","isPartOf":{"@id":"https:\/\/nordnesrepublikken.no\/index.php\/2025\/06\/30\/angrepet-pa-et-kjernefysisk-sted-forarsaker-ikke-en-atomeksplosjon-men-skaper-risiko-for-forurensning\/"},"author":{"name":"Ole Andersen","@id":"https:\/\/nordnesrepublikken.no\/#\/schema\/person\/2e7e81935bab77882fffb79296240ff1"},"headline":"Angrepet p\u00e5 et kjernefysisk sted for\u00e5rsaker ikke en atomeksplosjon, men skaper risiko for forurensning","datePublished":"2025-06-30T08:49:44+00:00","dateModified":"2025-06-30T08:49:46+00:00","mainEntityOfPage":{"@id":"https:\/\/nordnesrepublikken.no\/index.php\/2025\/06\/30\/angrepet-pa-et-kjernefysisk-sted-forarsaker-ikke-en-atomeksplosjon-men-skaper-risiko-for-forurensning\/"},"wordCount":660,"publisher":{"@id":"https:\/\/nordnesrepublikken.no\/#organization"},"image":{"@id":"https:\/\/nordnesrepublikken.no\/index.php\/2025\/06\/30\/angrepet-pa-et-kjernefysisk-sted-forarsaker-ikke-en-atomeksplosjon-men-skaper-risiko-for-forurensning\/#primaryimage"},"thumbnailUrl":"https:\/\/nordnesrepublikken.no\/wp-content\/uploads\/2025\/06\/1751273385_Angrepet-pa-et-kjernefysisk-sted-forarsaker-ikke-en-atomeksplosjon-men.jpg","keywords":["Angrepet","atomeksplosjon","for\u00e5rsaker","forurensning","ikke","kjernefysisk","men","p\u00e5","risiko","skaper","sted"],"articleSection":["Milj\u00f8"],"inLanguage":"nb-NO"},{"@type":"WebPage","@id":"https:\/\/nordnesrepublikken.no\/index.php\/2025\/06\/30\/angrepet-pa-et-kjernefysisk-sted-forarsaker-ikke-en-atomeksplosjon-men-skaper-risiko-for-forurensning\/","url":"https:\/\/nordnesrepublikken.no\/index.php\/2025\/06\/30\/angrepet-pa-et-kjernefysisk-sted-forarsaker-ikke-en-atomeksplosjon-men-skaper-risiko-for-forurensning\/","name":"Angrepet p\u00e5 et kjernefysisk sted for\u00e5rsaker ikke en atomeksplosjon, men skaper risiko for forurensning - Nordnesrepublikken","isPartOf":{"@id":"https:\/\/nordnesrepublikken.no\/#website"},"primaryImageOfPage":{"@id":"https:\/\/nordnesrepublikken.no\/index.php\/2025\/06\/30\/angrepet-pa-et-kjernefysisk-sted-forarsaker-ikke-en-atomeksplosjon-men-skaper-risiko-for-forurensning\/#primaryimage"},"image":{"@id":"https:\/\/nordnesrepublikken.no\/index.php\/2025\/06\/30\/angrepet-pa-et-kjernefysisk-sted-forarsaker-ikke-en-atomeksplosjon-men-skaper-risiko-for-forurensning\/#primaryimage"},"thumbnailUrl":"https:\/\/nordnesrepublikken.no\/wp-content\/uploads\/2025\/06\/1751273385_Angrepet-pa-et-kjernefysisk-sted-forarsaker-ikke-en-atomeksplosjon-men.jpg","datePublished":"2025-06-30T08:49:44+00:00","dateModified":"2025-06-30T08:49:46+00:00","breadcrumb":{"@id":"https:\/\/nordnesrepublikken.no\/index.php\/2025\/06\/30\/angrepet-pa-et-kjernefysisk-sted-forarsaker-ikke-en-atomeksplosjon-men-skaper-risiko-for-forurensning\/#breadcrumb"},"inLanguage":"nb-NO","potentialAction":[{"@type":"ReadAction","target":["https:\/\/nordnesrepublikken.no\/index.php\/2025\/06\/30\/angrepet-pa-et-kjernefysisk-sted-forarsaker-ikke-en-atomeksplosjon-men-skaper-risiko-for-forurensning\/"]}]},{"@type":"ImageObject","inLanguage":"nb-NO","@id":"https:\/\/nordnesrepublikken.no\/index.php\/2025\/06\/30\/angrepet-pa-et-kjernefysisk-sted-forarsaker-ikke-en-atomeksplosjon-men-skaper-risiko-for-forurensning\/#primaryimage","url":"https:\/\/nordnesrepublikken.no\/wp-content\/uploads\/2025\/06\/1751273385_Angrepet-pa-et-kjernefysisk-sted-forarsaker-ikke-en-atomeksplosjon-men.jpg","contentUrl":"https:\/\/nordnesrepublikken.no\/wp-content\/uploads\/2025\/06\/1751273385_Angrepet-pa-et-kjernefysisk-sted-forarsaker-ikke-en-atomeksplosjon-men.jpg","width":1598,"height":836,"caption":"attacco siti nucleari"},{"@type":"BreadcrumbList","@id":"https:\/\/nordnesrepublikken.no\/index.php\/2025\/06\/30\/angrepet-pa-et-kjernefysisk-sted-forarsaker-ikke-en-atomeksplosjon-men-skaper-risiko-for-forurensning\/#breadcrumb","itemListElement":[{"@type":"ListItem","position":1,"name":"Home","item":"https:\/\/nordnesrepublikken.no\/"},{"@type":"ListItem","position":2,"name":"Angrepet p\u00e5 et kjernefysisk sted for\u00e5rsaker ikke en atomeksplosjon, men skaper risiko for forurensning"}]},{"@type":"WebSite","@id":"https:\/\/nordnesrepublikken.no\/#website","url":"https:\/\/nordnesrepublikken.no\/","name":"Nordnesrepublikken","description":"Stemmer og Visjoner fra Republikkens Hjerte","publisher":{"@id":"https:\/\/nordnesrepublikken.no\/#organization"},"potentialAction":[{"@type":"SearchAction","target":{"@type":"EntryPoint","urlTemplate":"https:\/\/nordnesrepublikken.no\/?s={search_term_string}"},"query-input":{"@type":"PropertyValueSpecification","valueRequired":true,"valueName":"search_term_string"}}],"inLanguage":"nb-NO"},{"@type":"Organization","@id":"https:\/\/nordnesrepublikken.no\/#organization","name":"Nordnesrepublikken","url":"https:\/\/nordnesrepublikken.no\/","logo":{"@type":"ImageObject","inLanguage":"nb-NO","@id":"https:\/\/nordnesrepublikken.no\/#\/schema\/logo\/image\/","url":"https:\/\/nordnesrepublikken.no\/wp-content\/uploads\/2025\/02\/cropped-nordnesrepublikken-2.png","contentUrl":"https:\/\/nordnesrepublikken.no\/wp-content\/uploads\/2025\/02\/cropped-nordnesrepublikken-2.png","width":1248,"height":362,"caption":"Nordnesrepublikken"},"image":{"@id":"https:\/\/nordnesrepublikken.no\/#\/schema\/logo\/image\/"}},{"@type":"Person","@id":"https:\/\/nordnesrepublikken.no\/#\/schema\/person\/2e7e81935bab77882fffb79296240ff1","name":"Ole Andersen","image":{"@type":"ImageObject","inLanguage":"nb-NO","@id":"https:\/\/nordnesrepublikken.no\/#\/schema\/person\/image\/","url":"https:\/\/nordnesrepublikken.no\/wp-content\/uploads\/2025\/02\/nordnesrepublikken-2-2-150x150.jpg","contentUrl":"https:\/\/nordnesrepublikken.no\/wp-content\/uploads\/2025\/02\/nordnesrepublikken-2-2-150x150.jpg","caption":"Ole Andersen"},"description":"Ettersom jeg vokste opp i Oslo, har jeg alltid v\u00e6rt fascinert av ordenes kraft og deres evne til \u00e5 skape endringer. Etter \u00e5 ha fullf\u00f8rt min utdannelse i kommunikasjon ved Universitetet i Bergen, fikk jeg muligheten til \u00e5 jobbe innen ulike medier, der jeg har s\u00f8kt \u00e5 belyse viktige samfunnssp\u00f8rsm\u00e5l. I dag, som redakt\u00f8r for Nordnesrepublikken, pr\u00f8ver jeg \u00e5 forene min kj\u00e6rlighet for journalistikk med min lidenskap for innovasjon og eventyr.","sameAs":["https:\/\/nordnesrepublikken.no\/"]}]}},"_links":{"self":[{"href":"https:\/\/nordnesrepublikken.no\/index.php\/wp-json\/wp\/v2\/posts\/6415","targetHints":{"allow":["GET"]}}],"collection":[{"href":"https:\/\/nordnesrepublikken.no\/index.php\/wp-json\/wp\/v2\/posts"}],"about":[{"href":"https:\/\/nordnesrepublikken.no\/index.php\/wp-json\/wp\/v2\/types\/post"}],"author":[{"embeddable":true,"href":"https:\/\/nordnesrepublikken.no\/index.php\/wp-json\/wp\/v2\/users\/1"}],"replies":[{"embeddable":true,"href":"https:\/\/nordnesrepublikken.no\/index.php\/wp-json\/wp\/v2\/comments?post=6415"}],"version-history":[{"count":1,"href":"https:\/\/nordnesrepublikken.no\/index.php\/wp-json\/wp\/v2\/posts\/6415\/revisions"}],"predecessor-version":[{"id":6417,"href":"https:\/\/nordnesrepublikken.no\/index.php\/wp-json\/wp\/v2\/posts\/6415\/revisions\/6417"}],"wp:featuredmedia":[{"embeddable":true,"href":"https:\/\/nordnesrepublikken.no\/index.php\/wp-json\/wp\/v2\/media\/6416"}],"wp:attachment":[{"href":"https:\/\/nordnesrepublikken.no\/index.php\/wp-json\/wp\/v2\/media?parent=6415"}],"wp:term":[{"taxonomy":"category","embeddable":true,"href":"https:\/\/nordnesrepublikken.no\/index.php\/wp-json\/wp\/v2\/categories?post=6415"},{"taxonomy":"post_tag","embeddable":true,"href":"https:\/\/nordnesrepublikken.no\/index.php\/wp-json\/wp\/v2\/tags?post=6415"}],"curies":[{"name":"wp","href":"https:\/\/api.w.org\/{rel}","templated":true}]}}